{"id":36316,"date":"2026-07-17T09:24:05","date_gmt":"2026-07-17T09:24:05","guid":{"rendered":"https:\/\/dpress.ma\/fr\/?p=36316"},"modified":"2026-07-17T09:24:07","modified_gmt":"2026-07-17T09:24:07","slug":"fenelec-meeting-day-une-3eme-edition-sous-le-signe-de-la-competitivite-et-de-linnovation","status":"publish","type":"post","link":"https:\/\/dpress.ma\/fr\/2026\/07\/17\/fenelec-meeting-day-une-3eme-edition-sous-le-signe-de-la-competitivite-et-de-linnovation\/","title":{"rendered":"FENELEC Meeting Day : une 3\u00e8me \u00e9dition sous le signe de la comp\u00e9titivit\u00e9 et de l\u2019innovation"},"content":{"rendered":"\n<p class=\"wp-block-paragraph\">Dpress<\/p>\n\n\n\n<p class=\"wp-block-paragraph\">Les enjeux li\u00e9s au renforcement de la comp\u00e9titivit\u00e9, de l&rsquo;innovation et du rayonnement international de l&rsquo;industrie \u00e9lectrotechnique marocaine ont \u00e9t\u00e9 au c\u0153ur de la 3\u00e8me \u00e9dition du FENELEC Meeting Day, tenue jeudi \u00e0 Casablanca, \u00e0 l&rsquo;initiative de la F\u00e9d\u00e9ration nationale de l&rsquo;\u00e9lectricit\u00e9, de l&rsquo;\u00e9lectronique et des \u00e9nergies renouvelables (FENELEC).<\/p>\n\n\n\n<p class=\"wp-block-paragraph\">Plac\u00e9e sous le th\u00e8me \u00ab\u00a0D\u00e9velopper une industrie comp\u00e9titive, innovante et rayonnante \u00e0 l&rsquo;international\u00a0\u00bb, cette \u00e9dition a r\u00e9uni industriels, responsables publics, investisseurs et partenaires de l&rsquo;\u00e9cosyst\u00e8me afin de d\u00e9battre des leviers de d\u00e9veloppement du secteur, dans un contexte marqu\u00e9 par l&rsquo;acc\u00e9l\u00e9ration de la transition \u00e9nerg\u00e9tique, l&rsquo;\u00e9volution des normes et la mont\u00e9e en puissance du \u00ab\u00a0Made in Morocco\u00a0\u00bb.<\/p>\n\n\n\n<p class=\"wp-block-paragraph\">Intervenant \u00e0 la s\u00e9ance inaugurale de ce rendez-vous, le pr\u00e9sident de la FENELEC, Ali El Harti, a soulign\u00e9 que la comp\u00e9titivit\u00e9 et l&rsquo;innovation constituent les deux principaux leviers permettant aux entreprises de se d\u00e9velopper, de renforcer leur position sur le march\u00e9 national et de conqu\u00e9rir&nbsp;de nouveaux d\u00e9bouch\u00e9s \u00e0 l&rsquo;export, en particulier en Afrique, premier march\u00e9 des entreprises membres de la F\u00e9d\u00e9ration.<\/p>\n\n\n\n<p class=\"wp-block-paragraph\">Il a relev\u00e9 que le choix strat\u00e9gique du Maroc en faveur de l&rsquo;ouverture \u00e9conomique rend indispensable le renforcement de la comp\u00e9titivit\u00e9 des entreprises nationales, estimant que l&rsquo;innovation repr\u00e9sente d\u00e9sormais une condition essentielle pour accompagner les profondes \u00e9volutions technologiques que conna\u00eet le secteur de l&rsquo;\u00e9lectricit\u00e9, de l&rsquo;\u00e9lectronique et des \u00e9nergies renouvelables.<\/p>\n\n\n\n<p class=\"wp-block-paragraph\">M. El Harti a \u00e9galement insist\u00e9 sur l&rsquo;importance de la normalisation, qu&rsquo;il a qualifi\u00e9e de facteur d\u00e9terminant pour accompagner le d\u00e9veloppement du secteur, appelant les entreprises marocaines \u00e0 placer l&rsquo;innovation au c\u0153ur de leurs strat\u00e9gies afin de renforcer leur comp\u00e9titivit\u00e9 et leur capacit\u00e9 \u00e0 rayonner \u00e0 l&rsquo;international.<\/p>\n\n\n\n<p class=\"wp-block-paragraph\">De son c\u00f4t\u00e9, le directeur g\u00e9n\u00e9ral de Maroc PME, Anouar Alaoui Ismaili, a indiqu\u00e9 que la normalisation, la certification, l&rsquo;innovation industrielle, le financement et la transition \u00e9nerg\u00e9tique constituent les principaux piliers de comp\u00e9titivit\u00e9 des entreprises marocaines. Il a rappel\u00e9, dans ce sens, qu&rsquo;une entreprise qui n&rsquo;innove pas ou qui ne parvient pas \u00e0 int\u00e9grer les \u00e9volutions technologiques est appel\u00e9e \u00e0 perdre rapidement en comp\u00e9titivit\u00e9.<\/p>\n\n\n\n<p class=\"wp-block-paragraph\">M. Alaoui Ismaili a, en outre, mis en avant les dispositifs d&rsquo;accompagnement d\u00e9ploy\u00e9s par l\u2019\u00c9tat en faveur des petites et moyennes entreprises (PME), notamment pour soutenir leur transformation digitale et leurs efforts d&rsquo;innovation, estimant que ces mesures devraient s&rsquo;accompagner d&rsquo;un engagement fort des entreprises elles-m\u00eames.<\/p>\n\n\n\n<p class=\"wp-block-paragraph\">Par ailleurs, il a relev\u00e9 que l&rsquo;exportation ne se limite plus aujourd&rsquo;hui \u00e0 l&rsquo;exp\u00e9dition de marchandises, mais repose de plus en plus sur des processus digitalis\u00e9s et sur la ma\u00eetrise des nouvelles technologies, devenues indispensables pour acc\u00e9der aux march\u00e9s internationaux.<\/p>\n\n\n\n<p class=\"wp-block-paragraph\">Pour sa part, le directeur de l&rsquo;Institut marocain de normalisation (IMANOR), Abderrahim Taibi, a fait savoir que le secteur \u00e9lectrotechnique conna\u00eet de profondes mutations \u00e0 l&rsquo;\u00e9chelle mondiale, sous l&rsquo;effet de l&rsquo;acc\u00e9l\u00e9ration de la transition \u00e9nerg\u00e9tique, du d\u00e9veloppement des \u00e9nergies renouvelables, de l&rsquo;essor de la mobilit\u00e9 \u00e9lectrique, de la digitalisation des infrastructures, des r\u00e9seaux intelligents ainsi que des exigences croissantes en mati\u00e8re&nbsp;d&rsquo;efficacit\u00e9 \u00e9nerg\u00e9tique et de d\u00e9carbonation. Selon lui, ces \u00e9volutions placent d\u00e9sormais les normes et la certification au c\u0153ur des facteurs de comp\u00e9titivit\u00e9.<\/p>\n\n\n\n<p class=\"wp-block-paragraph\">L&rsquo;arsenal normatif marocain continue de s&rsquo;enrichir afin d&rsquo;accompagner les \u00e9volutions technologiques et de r\u00e9pondre aux exigences des march\u00e9s&nbsp;internationaux, a assur\u00e9 M. Taibi, pr\u00e9cisant que le secteur \u00e9lectrotechnique figure aujourd&rsquo;hui parmi les domaines les plus dynamiques de la&nbsp;normalisation nationale, avec des milliers de normes largement harmonis\u00e9es avec les r\u00e9f\u00e9rentiels europ\u00e9ens et internationaux, tandis que les sch\u00e9mas de certification de conformit\u00e9 couvrent un nombre croissant de produits \u00e9lectrotechniques fabriqu\u00e9s localement.<\/p>\n\n\n\n<p class=\"wp-block-paragraph\">En outre, il a soulign\u00e9 que l&rsquo;IMANOR poursuivra ses efforts en faveur de l&rsquo;adoption, de la r\u00e9vision et de l&rsquo;actualisation des normes afin de r\u00e9pondre aux&nbsp;besoins du secteur et de les aligner sur les \u00e9volutions internationales.<\/p>\n\n\n\n<p class=\"wp-block-paragraph\">Le programme s&rsquo;est articul\u00e9 autour de deux conf\u00e9rences majeures. La premi\u00e8re, organis\u00e9e dans le cadre du Forum National Electrotechnique, a port\u00e9&nbsp;sur \u00ab\u00a0L&rsquo;\u00e9cosyst\u00e8me \u00e9lectrotechnique marocain : normes, certification et innovations au service du Made in Morocco et de la transition \u00e9nerg\u00e9tique\u00a0\u00bb, alors que la seconde a \u00e9t\u00e9 consacr\u00e9e au th\u00e8me \u00ab\u00a0Financer l&rsquo;expansion des entreprises de l&rsquo;\u00e9lectricit\u00e9, de l&rsquo;\u00e9lectronique et des \u00e9nergies renouvelables\u00a0\u00bb.<\/p>\n\n\n\n<p class=\"wp-block-paragraph\">\u00c0 travers le FENELEC Meeting Day, tenu en partenariat avec le minist\u00e8re de l&rsquo;Industrie et du Commerce, Maroc PME et l&rsquo;Agence marocaine de d\u00e9veloppement des investissements et des exportations (AMDIE), la FENELEC confirme sa volont\u00e9 de f\u00e9d\u00e9rer l&rsquo;ensemble des acteurs de la fili\u00e8re autour d&rsquo;une&nbsp;vision commune visant \u00e0 renforcer la comp\u00e9titivit\u00e9 de l&rsquo;industrie \u00e9lectrotechnique marocaine, \u00e0 promouvoir l&rsquo;innovation, \u00e0 accompagner les entreprises dans leur d\u00e9veloppement et \u00e0 soutenir leur rayonnement \u00e0 l&rsquo;international.<\/p>\n","protected":false},"excerpt":{"rendered":"<p>Dpress Les enjeux li\u00e9s au renforcement de la comp\u00e9titivit\u00e9, de l&rsquo;innovation et du rayonnement international de l&rsquo;industrie \u00e9lectrotechnique marocaine ont \u00e9t\u00e9 au c\u0153ur de la 3\u00e8me \u00e9dition du FENELEC Meeting Day, tenue jeudi \u00e0 Casablanca, \u00e0 l&rsquo;initiative de la F\u00e9d\u00e9ration nationale de l&rsquo;\u00e9lectricit\u00e9, de l&rsquo;\u00e9lectronique et des \u00e9nergies renouvelables (FENELEC). Plac\u00e9e sous le th\u00e8me \u00ab\u00a0D\u00e9velopper &hellip;<\/p>\n","protected":false},"author":2,"featured_media":36317,"comment_status":"open","ping_status":"open","sticky":false,"template":"","format":"standard","meta":{"footnotes":""},"categories":[25],"tags":[],"class_list":["post-36316","post","type-post","status-publish","format-standard","has-post-thumbnail","hentry","category-economie"],"yoast_head":"<!-- This site is optimized with the Yoast SEO plugin v28.0 - https:\/\/yoast.com\/product\/yoast-seo-wordpress\/ -->\n<title>FENELEC Meeting Day : une 3\u00e8me \u00e9dition sous le signe de la comp\u00e9titivit\u00e9 et de l\u2019innovation - Dpress.ma\/fr<\/title>\n<meta name=\"robots\" content=\"index, follow, max-snippet:-1, max-image-preview:large, max-video-preview:-1\" \/>\n<link rel=\"canonical\" href=\"https:\/\/dpress.ma\/fr\/2026\/07\/17\/fenelec-meeting-day-une-3eme-edition-sous-le-signe-de-la-competitivite-et-de-linnovation\/\" \/>\n<meta property=\"og:locale\" content=\"fr_FR\" \/>\n<meta property=\"og:type\" content=\"article\" \/>\n<meta property=\"og:title\" content=\"FENELEC Meeting Day : une 3\u00e8me \u00e9dition sous le signe de la comp\u00e9titivit\u00e9 et de l\u2019innovation - Dpress.ma\/fr\" \/>\n<meta property=\"og:description\" content=\"Dpress Les enjeux li\u00e9s au renforcement de la comp\u00e9titivit\u00e9, de l&rsquo;innovation et du rayonnement international de l&rsquo;industrie \u00e9lectrotechnique marocaine ont \u00e9t\u00e9 au c\u0153ur de la 3\u00e8me \u00e9dition du FENELEC Meeting Day, tenue jeudi \u00e0 Casablanca, \u00e0 l&rsquo;initiative de la F\u00e9d\u00e9ration nationale de l&rsquo;\u00e9lectricit\u00e9, de l&rsquo;\u00e9lectronique et des \u00e9nergies renouvelables (FENELEC). Plac\u00e9e sous le th\u00e8me \u00ab\u00a0D\u00e9velopper &hellip;\" \/>\n<meta property=\"og:url\" content=\"https:\/\/dpress.ma\/fr\/2026\/07\/17\/fenelec-meeting-day-une-3eme-edition-sous-le-signe-de-la-competitivite-et-de-linnovation\/\" \/>\n<meta property=\"og:site_name\" content=\"Dpress.ma\/fr\" \/>\n<meta property=\"article:published_time\" content=\"2026-07-17T09:24:05+00:00\" \/>\n<meta property=\"article:modified_time\" content=\"2026-07-17T09:24:07+00:00\" \/>\n<meta property=\"og:image\" content=\"https:\/\/dpress.ma\/fr\/wp-content\/uploads\/sites\/2\/2026\/07\/39-6.jpg\" \/>\n\t<meta property=\"og:image:width\" content=\"2539\" \/>\n\t<meta property=\"og:image:height\" content=\"1594\" \/>\n\t<meta property=\"og:image:type\" content=\"image\/jpeg\" \/>\n<meta name=\"author\" content=\"Dpress.ma\" \/>\n<meta name=\"twitter:card\" content=\"summary_large_image\" \/>\n<meta name=\"twitter:label1\" content=\"\u00c9crit par\" \/>\n\t<meta name=\"twitter:data1\" content=\"Dpress.ma\" \/>\n\t<meta name=\"twitter:label2\" content=\"Dur\u00e9e de lecture estim\u00e9e\" \/>\n\t<meta name=\"twitter:data2\" content=\"4 minutes\" \/>\n<script type=\"application\/ld+json\" class=\"yoast-schema-graph\">{\"@context\":\"https:\\\/\\\/schema.org\",\"@graph\":[{\"@type\":\"Article\",\"@id\":\"https:\\\/\\\/dpress.ma\\\/fr\\\/2026\\\/07\\\/17\\\/fenelec-meeting-day-une-3eme-edition-sous-le-signe-de-la-competitivite-et-de-linnovation\\\/#article\",\"isPartOf\":{\"@id\":\"https:\\\/\\\/dpress.ma\\\/fr\\\/2026\\\/07\\\/17\\\/fenelec-meeting-day-une-3eme-edition-sous-le-signe-de-la-competitivite-et-de-linnovation\\\/\"},\"author\":{\"name\":\"Dpress.ma\",\"@id\":\"https:\\\/\\\/dpress.ma\\\/fr\\\/#\\\/schema\\\/person\\\/4898febf3ccd59e6578d838656a306a0\"},\"headline\":\"FENELEC Meeting Day : une 3\u00e8me \u00e9dition sous le signe de la comp\u00e9titivit\u00e9 et de l\u2019innovation\",\"datePublished\":\"2026-07-17T09:24:05+00:00\",\"dateModified\":\"2026-07-17T09:24:07+00:00\",\"mainEntityOfPage\":{\"@id\":\"https:\\\/\\\/dpress.ma\\\/fr\\\/2026\\\/07\\\/17\\\/fenelec-meeting-day-une-3eme-edition-sous-le-signe-de-la-competitivite-et-de-linnovation\\\/\"},\"wordCount\":845,\"commentCount\":0,\"image\":{\"@id\":\"https:\\\/\\\/dpress.ma\\\/fr\\\/2026\\\/07\\\/17\\\/fenelec-meeting-day-une-3eme-edition-sous-le-signe-de-la-competitivite-et-de-linnovation\\\/#primaryimage\"},\"thumbnailUrl\":\"https:\\\/\\\/dpress.ma\\\/fr\\\/wp-content\\\/uploads\\\/sites\\\/2\\\/2026\\\/07\\\/39-6.jpg\",\"articleSection\":[\"\u00c9conomie\"],\"inLanguage\":\"fr-FR\",\"potentialAction\":[{\"@type\":\"CommentAction\",\"name\":\"Comment\",\"target\":[\"https:\\\/\\\/dpress.ma\\\/fr\\\/2026\\\/07\\\/17\\\/fenelec-meeting-day-une-3eme-edition-sous-le-signe-de-la-competitivite-et-de-linnovation\\\/#respond\"]}]},{\"@type\":\"WebPage\",\"@id\":\"https:\\\/\\\/dpress.ma\\\/fr\\\/2026\\\/07\\\/17\\\/fenelec-meeting-day-une-3eme-edition-sous-le-signe-de-la-competitivite-et-de-linnovation\\\/\",\"url\":\"https:\\\/\\\/dpress.ma\\\/fr\\\/2026\\\/07\\\/17\\\/fenelec-meeting-day-une-3eme-edition-sous-le-signe-de-la-competitivite-et-de-linnovation\\\/\",\"name\":\"FENELEC Meeting Day : une 3\u00e8me \u00e9dition sous le signe de la comp\u00e9titivit\u00e9 et de l\u2019innovation - Dpress.ma\\\/fr\",\"isPartOf\":{\"@id\":\"https:\\\/\\\/dpress.ma\\\/fr\\\/#website\"},\"primaryImageOfPage\":{\"@id\":\"https:\\\/\\\/dpress.ma\\\/fr\\\/2026\\\/07\\\/17\\\/fenelec-meeting-day-une-3eme-edition-sous-le-signe-de-la-competitivite-et-de-linnovation\\\/#primaryimage\"},\"image\":{\"@id\":\"https:\\\/\\\/dpress.ma\\\/fr\\\/2026\\\/07\\\/17\\\/fenelec-meeting-day-une-3eme-edition-sous-le-signe-de-la-competitivite-et-de-linnovation\\\/#primaryimage\"},\"thumbnailUrl\":\"https:\\\/\\\/dpress.ma\\\/fr\\\/wp-content\\\/uploads\\\/sites\\\/2\\\/2026\\\/07\\\/39-6.jpg\",\"datePublished\":\"2026-07-17T09:24:05+00:00\",\"dateModified\":\"2026-07-17T09:24:07+00:00\",\"author\":{\"@id\":\"https:\\\/\\\/dpress.ma\\\/fr\\\/#\\\/schema\\\/person\\\/4898febf3ccd59e6578d838656a306a0\"},\"breadcrumb\":{\"@id\":\"https:\\\/\\\/dpress.ma\\\/fr\\\/2026\\\/07\\\/17\\\/fenelec-meeting-day-une-3eme-edition-sous-le-signe-de-la-competitivite-et-de-linnovation\\\/#breadcrumb\"},\"inLanguage\":\"fr-FR\",\"potentialAction\":[{\"@type\":\"ReadAction\",\"target\":[\"https:\\\/\\\/dpress.ma\\\/fr\\\/2026\\\/07\\\/17\\\/fenelec-meeting-day-une-3eme-edition-sous-le-signe-de-la-competitivite-et-de-linnovation\\\/\"]}]},{\"@type\":\"ImageObject\",\"inLanguage\":\"fr-FR\",\"@id\":\"https:\\\/\\\/dpress.ma\\\/fr\\\/2026\\\/07\\\/17\\\/fenelec-meeting-day-une-3eme-edition-sous-le-signe-de-la-competitivite-et-de-linnovation\\\/#primaryimage\",\"url\":\"https:\\\/\\\/dpress.ma\\\/fr\\\/wp-content\\\/uploads\\\/sites\\\/2\\\/2026\\\/07\\\/39-6.jpg\",\"contentUrl\":\"https:\\\/\\\/dpress.ma\\\/fr\\\/wp-content\\\/uploads\\\/sites\\\/2\\\/2026\\\/07\\\/39-6.jpg\",\"width\":2539,\"height\":1594},{\"@type\":\"BreadcrumbList\",\"@id\":\"https:\\\/\\\/dpress.ma\\\/fr\\\/2026\\\/07\\\/17\\\/fenelec-meeting-day-une-3eme-edition-sous-le-signe-de-la-competitivite-et-de-linnovation\\\/#breadcrumb\",\"itemListElement\":[{\"@type\":\"ListItem\",\"position\":1,\"name\":\"Home\",\"item\":\"https:\\\/\\\/dpress.ma\\\/fr\\\/\"},{\"@type\":\"ListItem\",\"position\":2,\"name\":\"FENELEC Meeting Day : une 3\u00e8me \u00e9dition sous le signe de la comp\u00e9titivit\u00e9 et de l\u2019innovation\"}]},{\"@type\":\"WebSite\",\"@id\":\"https:\\\/\\\/dpress.ma\\\/fr\\\/#website\",\"url\":\"https:\\\/\\\/dpress.ma\\\/fr\\\/\",\"name\":\"Dpress.ma\\\/fr\",\"description\":\"\",\"potentialAction\":[{\"@type\":\"SearchAction\",\"target\":{\"@type\":\"EntryPoint\",\"urlTemplate\":\"https:\\\/\\\/dpress.ma\\\/fr\\\/?s={search_term_string}\"},\"query-input\":{\"@type\":\"PropertyValueSpecification\",\"valueRequired\":true,\"valueName\":\"search_term_string\"}}],\"inLanguage\":\"fr-FR\"},{\"@type\":\"Person\",\"@id\":\"https:\\\/\\\/dpress.ma\\\/fr\\\/#\\\/schema\\\/person\\\/4898febf3ccd59e6578d838656a306a0\",\"name\":\"Dpress.ma\",\"image\":{\"@type\":\"ImageObject\",\"inLanguage\":\"fr-FR\",\"@id\":\"https:\\\/\\\/secure.gravatar.com\\\/avatar\\\/72ecc30e9db047a2e0e7176561eb9d564ed77c8108376495b19bd8336405198a?s=96&d=mm&r=g\",\"url\":\"https:\\\/\\\/secure.gravatar.com\\\/avatar\\\/72ecc30e9db047a2e0e7176561eb9d564ed77c8108376495b19bd8336405198a?s=96&d=mm&r=g\",\"contentUrl\":\"https:\\\/\\\/secure.gravatar.com\\\/avatar\\\/72ecc30e9db047a2e0e7176561eb9d564ed77c8108376495b19bd8336405198a?s=96&d=mm&r=g\",\"caption\":\"Dpress.ma\"},\"sameAs\":[\"https:\\\/\\\/www.dpress.ma\"],\"url\":\"https:\\\/\\\/dpress.ma\\\/fr\\\/author\\\/dpress-ma\\\/\"}]}<\/script>\n<!-- \/ Yoast SEO plugin. -->","yoast_head_json":{"title":"FENELEC Meeting Day : une 3\u00e8me \u00e9dition sous le signe de la comp\u00e9titivit\u00e9 et de l\u2019innovation - Dpress.ma\/fr","robots":{"index":"index","follow":"follow","max-snippet":"max-snippet:-1","max-image-preview":"max-image-preview:large","max-video-preview":"max-video-preview:-1"},"canonical":"https:\/\/dpress.ma\/fr\/2026\/07\/17\/fenelec-meeting-day-une-3eme-edition-sous-le-signe-de-la-competitivite-et-de-linnovation\/","og_locale":"fr_FR","og_type":"article","og_title":"FENELEC Meeting Day : une 3\u00e8me \u00e9dition sous le signe de la comp\u00e9titivit\u00e9 et de l\u2019innovation - Dpress.ma\/fr","og_description":"Dpress Les enjeux li\u00e9s au renforcement de la comp\u00e9titivit\u00e9, de l&rsquo;innovation et du rayonnement international de l&rsquo;industrie \u00e9lectrotechnique marocaine ont \u00e9t\u00e9 au c\u0153ur de la 3\u00e8me \u00e9dition du FENELEC Meeting Day, tenue jeudi \u00e0 Casablanca, \u00e0 l&rsquo;initiative de la F\u00e9d\u00e9ration nationale de l&rsquo;\u00e9lectricit\u00e9, de l&rsquo;\u00e9lectronique et des \u00e9nergies renouvelables (FENELEC). Plac\u00e9e sous le th\u00e8me \u00ab\u00a0D\u00e9velopper &hellip;","og_url":"https:\/\/dpress.ma\/fr\/2026\/07\/17\/fenelec-meeting-day-une-3eme-edition-sous-le-signe-de-la-competitivite-et-de-linnovation\/","og_site_name":"Dpress.ma\/fr","article_published_time":"2026-07-17T09:24:05+00:00","article_modified_time":"2026-07-17T09:24:07+00:00","og_image":[{"width":2539,"height":1594,"url":"https:\/\/dpress.ma\/fr\/wp-content\/uploads\/sites\/2\/2026\/07\/39-6.jpg","type":"image\/jpeg"}],"author":"Dpress.ma","twitter_card":"summary_large_image","twitter_misc":{"\u00c9crit par":"Dpress.ma","Dur\u00e9e de lecture estim\u00e9e":"4 minutes"},"schema":{"@context":"https:\/\/schema.org","@graph":[{"@type":"Article","@id":"https:\/\/dpress.ma\/fr\/2026\/07\/17\/fenelec-meeting-day-une-3eme-edition-sous-le-signe-de-la-competitivite-et-de-linnovation\/#article","isPartOf":{"@id":"https:\/\/dpress.ma\/fr\/2026\/07\/17\/fenelec-meeting-day-une-3eme-edition-sous-le-signe-de-la-competitivite-et-de-linnovation\/"},"author":{"name":"Dpress.ma","@id":"https:\/\/dpress.ma\/fr\/#\/schema\/person\/4898febf3ccd59e6578d838656a306a0"},"headline":"FENELEC Meeting Day : une 3\u00e8me \u00e9dition sous le signe de la comp\u00e9titivit\u00e9 et de l\u2019innovation","datePublished":"2026-07-17T09:24:05+00:00","dateModified":"2026-07-17T09:24:07+00:00","mainEntityOfPage":{"@id":"https:\/\/dpress.ma\/fr\/2026\/07\/17\/fenelec-meeting-day-une-3eme-edition-sous-le-signe-de-la-competitivite-et-de-linnovation\/"},"wordCount":845,"commentCount":0,"image":{"@id":"https:\/\/dpress.ma\/fr\/2026\/07\/17\/fenelec-meeting-day-une-3eme-edition-sous-le-signe-de-la-competitivite-et-de-linnovation\/#primaryimage"},"thumbnailUrl":"https:\/\/dpress.ma\/fr\/wp-content\/uploads\/sites\/2\/2026\/07\/39-6.jpg","articleSection":["\u00c9conomie"],"inLanguage":"fr-FR","potentialAction":[{"@type":"CommentAction","name":"Comment","target":["https:\/\/dpress.ma\/fr\/2026\/07\/17\/fenelec-meeting-day-une-3eme-edition-sous-le-signe-de-la-competitivite-et-de-linnovation\/#respond"]}]},{"@type":"WebPage","@id":"https:\/\/dpress.ma\/fr\/2026\/07\/17\/fenelec-meeting-day-une-3eme-edition-sous-le-signe-de-la-competitivite-et-de-linnovation\/","url":"https:\/\/dpress.ma\/fr\/2026\/07\/17\/fenelec-meeting-day-une-3eme-edition-sous-le-signe-de-la-competitivite-et-de-linnovation\/","name":"FENELEC Meeting Day : une 3\u00e8me \u00e9dition sous le signe de la comp\u00e9titivit\u00e9 et de l\u2019innovation - Dpress.ma\/fr","isPartOf":{"@id":"https:\/\/dpress.ma\/fr\/#website"},"primaryImageOfPage":{"@id":"https:\/\/dpress.ma\/fr\/2026\/07\/17\/fenelec-meeting-day-une-3eme-edition-sous-le-signe-de-la-competitivite-et-de-linnovation\/#primaryimage"},"image":{"@id":"https:\/\/dpress.ma\/fr\/2026\/07\/17\/fenelec-meeting-day-une-3eme-edition-sous-le-signe-de-la-competitivite-et-de-linnovation\/#primaryimage"},"thumbnailUrl":"https:\/\/dpress.ma\/fr\/wp-content\/uploads\/sites\/2\/2026\/07\/39-6.jpg","datePublished":"2026-07-17T09:24:05+00:00","dateModified":"2026-07-17T09:24:07+00:00","author":{"@id":"https:\/\/dpress.ma\/fr\/#\/schema\/person\/4898febf3ccd59e6578d838656a306a0"},"breadcrumb":{"@id":"https:\/\/dpress.ma\/fr\/2026\/07\/17\/fenelec-meeting-day-une-3eme-edition-sous-le-signe-de-la-competitivite-et-de-linnovation\/#breadcrumb"},"inLanguage":"fr-FR","potentialAction":[{"@type":"ReadAction","target":["https:\/\/dpress.ma\/fr\/2026\/07\/17\/fenelec-meeting-day-une-3eme-edition-sous-le-signe-de-la-competitivite-et-de-linnovation\/"]}]},{"@type":"ImageObject","inLanguage":"fr-FR","@id":"https:\/\/dpress.ma\/fr\/2026\/07\/17\/fenelec-meeting-day-une-3eme-edition-sous-le-signe-de-la-competitivite-et-de-linnovation\/#primaryimage","url":"https:\/\/dpress.ma\/fr\/wp-content\/uploads\/sites\/2\/2026\/07\/39-6.jpg","contentUrl":"https:\/\/dpress.ma\/fr\/wp-content\/uploads\/sites\/2\/2026\/07\/39-6.jpg","width":2539,"height":1594},{"@type":"BreadcrumbList","@id":"https:\/\/dpress.ma\/fr\/2026\/07\/17\/fenelec-meeting-day-une-3eme-edition-sous-le-signe-de-la-competitivite-et-de-linnovation\/#breadcrumb","itemListElement":[{"@type":"ListItem","position":1,"name":"Home","item":"https:\/\/dpress.ma\/fr\/"},{"@type":"ListItem","position":2,"name":"FENELEC Meeting Day : une 3\u00e8me \u00e9dition sous le signe de la comp\u00e9titivit\u00e9 et de l\u2019innovation"}]},{"@type":"WebSite","@id":"https:\/\/dpress.ma\/fr\/#website","url":"https:\/\/dpress.ma\/fr\/","name":"Dpress.ma\/fr","description":"","potentialAction":[{"@type":"SearchAction","target":{"@type":"EntryPoint","urlTemplate":"https:\/\/dpress.ma\/fr\/?s={search_term_string}"},"query-input":{"@type":"PropertyValueSpecification","valueRequired":true,"valueName":"search_term_string"}}],"inLanguage":"fr-FR"},{"@type":"Person","@id":"https:\/\/dpress.ma\/fr\/#\/schema\/person\/4898febf3ccd59e6578d838656a306a0","name":"Dpress.ma","image":{"@type":"ImageObject","inLanguage":"fr-FR","@id":"https:\/\/secure.gravatar.com\/avatar\/72ecc30e9db047a2e0e7176561eb9d564ed77c8108376495b19bd8336405198a?s=96&d=mm&r=g","url":"https:\/\/secure.gravatar.com\/avatar\/72ecc30e9db047a2e0e7176561eb9d564ed77c8108376495b19bd8336405198a?s=96&d=mm&r=g","contentUrl":"https:\/\/secure.gravatar.com\/avatar\/72ecc30e9db047a2e0e7176561eb9d564ed77c8108376495b19bd8336405198a?s=96&d=mm&r=g","caption":"Dpress.ma"},"sameAs":["https:\/\/www.dpress.ma"],"url":"https:\/\/dpress.ma\/fr\/author\/dpress-ma\/"}]}},"amp_enabled":true,"_links":{"self":[{"href":"https:\/\/dpress.ma\/fr\/wp-json\/wp\/v2\/posts\/36316","targetHints":{"allow":["GET"]}}],"collection":[{"href":"https:\/\/dpress.ma\/fr\/wp-json\/wp\/v2\/posts"}],"about":[{"href":"https:\/\/dpress.ma\/fr\/wp-json\/wp\/v2\/types\/post"}],"author":[{"embeddable":true,"href":"https:\/\/dpress.ma\/fr\/wp-json\/wp\/v2\/users\/2"}],"replies":[{"embeddable":true,"href":"https:\/\/dpress.ma\/fr\/wp-json\/wp\/v2\/comments?post=36316"}],"version-history":[{"count":1,"href":"https:\/\/dpress.ma\/fr\/wp-json\/wp\/v2\/posts\/36316\/revisions"}],"predecessor-version":[{"id":36318,"href":"https:\/\/dpress.ma\/fr\/wp-json\/wp\/v2\/posts\/36316\/revisions\/36318"}],"wp:featuredmedia":[{"embeddable":true,"href":"https:\/\/dpress.ma\/fr\/wp-json\/wp\/v2\/media\/36317"}],"wp:attachment":[{"href":"https:\/\/dpress.ma\/fr\/wp-json\/wp\/v2\/media?parent=36316"}],"wp:term":[{"taxonomy":"category","embeddable":true,"href":"https:\/\/dpress.ma\/fr\/wp-json\/wp\/v2\/categories?post=36316"},{"taxonomy":"post_tag","embeddable":true,"href":"https:\/\/dpress.ma\/fr\/wp-json\/wp\/v2\/tags?post=36316"}],"curies":[{"name":"wp","href":"https:\/\/api.w.org\/{rel}","templated":true}]}}