{"id":36310,"date":"2026-07-17T09:20:40","date_gmt":"2026-07-17T09:20:40","guid":{"rendered":"https:\/\/dpress.ma\/fr\/?p=36310"},"modified":"2026-07-17T09:20:41","modified_gmt":"2026-07-17T09:20:41","slug":"tanger-appel-a-lemergence-dune-nouvelle-generation-de-cooperatives-fondees-sur-linnovation-et-la-qualite","status":"publish","type":"post","link":"https:\/\/dpress.ma\/fr\/2026\/07\/17\/tanger-appel-a-lemergence-dune-nouvelle-generation-de-cooperatives-fondees-sur-linnovation-et-la-qualite\/","title":{"rendered":"Tanger : Appel \u00e0 l\u2019\u00e9mergence d\u2019une nouvelle g\u00e9n\u00e9ration de coop\u00e9ratives fond\u00e9es sur l\u2019innovation et la qualit\u00e9"},"content":{"rendered":"\n<p class=\"wp-block-paragraph\">Dpress<\/p>\n\n\n\n<p class=\"wp-block-paragraph\">Les participants \u00e0 une journ\u00e9e d&rsquo;\u00e9tude organis\u00e9e, jeudi \u00e0 Tanger, ont appel\u00e9 \u00e0 acc\u00e9l\u00e9rer la transition des coop\u00e9ratives vers des mod\u00e8les entrepreneuriaux modernes, afin de renforcer leur comp\u00e9titivit\u00e9, d&rsquo;\u00e9largir leur acc\u00e8s aux march\u00e9s et de consolider leur contribution au d\u00e9veloppement \u00e9conomique et social.<\/p>\n\n\n\n<p class=\"wp-block-paragraph\">Plac\u00e9e sous le th\u00e8me \u00ab\u00a0Vers une nouvelle g\u00e9n\u00e9ration de coop\u00e9ratives : une pratique solidaire aux normes sanitaires mondiales\u00a0\u00bb, cette rencontre, initi\u00e9e par le Conseil de la r\u00e9gion Tanger-T\u00e9touan-Al Hoceima en partenariat avec la wilaya de la r\u00e9gion, le secr\u00e9tariat d\u2019\u00c9tat charg\u00e9 de l\u2019Artisanat et de l\u2019\u00c9conomie sociale et solidaire, ainsi que l\u2019Office du D\u00e9veloppement de la Coop\u00e9ration (ODCO), a constitu\u00e9 une plate-forme d&rsquo;\u00e9change sur les moyens de moderniser le mod\u00e8le coop\u00e9ratif et d&rsquo;accompagner son \u00e9volution vers des entreprises sociales performantes et cr\u00e9atrices de valeur.<\/p>\n\n\n\n<p class=\"wp-block-paragraph\">Les intervenants ont soulign\u00e9 la n\u00e9cessit\u00e9 d\u2019ancrer une culture de la s\u00e9curit\u00e9 sanitaire, de renforcer la contribution des coop\u00e9ratives \u00e0 la souverainet\u00e9 alimentaire et de faciliter leur int\u00e9gration dans l\u2019\u00e9conomie formelle et les circuits modernes de commercialisation.<\/p>\n\n\n\n<p class=\"wp-block-paragraph\">Organis\u00e9e \u00e0 l\u2019occasion de la c\u00e9l\u00e9bration de la Journ\u00e9e internationale des coop\u00e9ratives, cette rencontre a permis d\u2019examiner les enjeux li\u00e9s aux bonnes pratiques sanitaires, au contr\u00f4le de qualit\u00e9, ainsi qu\u2019aux contraintes et d\u00e9fis auxquels font face les coop\u00e9ratives dans leur processus de mise \u00e0 niveau sanitaire et organisationnelle.<\/p>\n\n\n\n<p class=\"wp-block-paragraph\">Dans ce cadre, les participants ont insist\u00e9 sur l\u2019importance de la sensibilisation \u00e0 la s\u00e9curit\u00e9 sanitaire en tant que levier essentiel pour am\u00e9liorer la comp\u00e9titivit\u00e9 et assurer la durabilit\u00e9 des coop\u00e9ratives, tout en promouvant un mod\u00e8le conciliant dimension sociale et approche entrepreneuriale moderne.<\/p>\n\n\n\n<p class=\"wp-block-paragraph\">Intervenant \u00e0 cette occasion, le vice-pr\u00e9sident du conseil de la r\u00e9gion, Taoufik El Bourch, a affirm\u00e9 que l\u2019\u00e9conomie sociale et solidaire est devenue une v\u00e9ritable locomotive de d\u00e9veloppement \u00e9conomique et un m\u00e9canisme efficace d\u2019inclusion sociale, de cr\u00e9ation d\u2019emplois d\u00e9cents et de promotion de l\u2019initiative locale, notamment au profit des femmes et des jeunes en milieu rural.<\/p>\n\n\n\n<p class=\"wp-block-paragraph\">Il a, en outre, mis en avant l\u2019int\u00e9r\u00eat particulier accord\u00e9 par SM le Roi Mohammed VI \u00e0 ce secteur, en tant que levier de d\u00e9veloppement global, notant que le Nouveau Mod\u00e8le de D\u00e9veloppement (NMD) renforce cette orientation \u00e0 travers la valorisation du capital territorial et la promotion d\u2019une \u00e9conomie plus inclusive, \u00e9quitable et durable.<\/p>\n\n\n\n<p class=\"wp-block-paragraph\">Dans cette optique, M. El Bourch a appel\u00e9 \u00e0 la mise en place d\u2019une nouvelle g\u00e9n\u00e9ration de coop\u00e9ratives fond\u00e9es sur la qualit\u00e9, l\u2019innovation, le respect des normes sanitaires, l\u2019investissement dans le capital humain, l\u2019accompagnement de la transformation digitale et l\u2019int\u00e9gration dans les cha\u00eenes de valeur et les march\u00e9s organis\u00e9s.<\/p>\n\n\n\n<p class=\"wp-block-paragraph\">De son c\u00f4t\u00e9, la repr\u00e9sentante du secr\u00e9tariat d\u2019\u00c9tat charg\u00e9 de l\u2019Artisanat et de l\u2019\u00c9conomie sociale et solidaire, Hanan Dekkouni, a indiqu\u00e9 que le d\u00e9partement poursuit la mise en \u0153uvre de plusieurs chantiers strat\u00e9giques, notamment l\u2019\u00e9laboration d\u2019un projet de loi-cadre relatif \u00e0 l\u2019\u00e9conomie sociale et solidaire et d\u2019une nouvelle strat\u00e9gie nationale visant \u00e0 porter la contribution du secteur \u00e0 8% du PIB \u00e0 l\u2019horizon 2030, avec la cr\u00e9ation d\u2019environ 50.000 emplois par an.<\/p>\n\n\n\n<p class=\"wp-block-paragraph\">Elle a \u00e9galement \u00e9voqu\u00e9 le lancement d\u2019une \u00e9tude pour la mise en place de p\u00f4les territoriaux mod\u00e8les, ainsi que le programme \u00ab\u00a0Tahfiz Niswa\u00a0\u00bb, d\u00e9di\u00e9 \u00e0 l\u2019autonomisation \u00e9conomique des femmes, en partenariat avec l\u2019Agence espagnole de coop\u00e9ration internationale pour le d\u00e9veloppement (AECID) et des partenaires r\u00e9gionaux.<\/p>\n\n\n\n<p class=\"wp-block-paragraph\">Ce programme ambitionne d\u2019accompagner plus de 400 projets f\u00e9minins dans quatre r\u00e9gions pilotes, dont Tanger-T\u00e9touan-Al Hoceima, et de cr\u00e9er pr\u00e8s de 5.000 emplois \u00e0 l\u2019horizon 2028, \u00e0 travers un appui int\u00e9gr\u00e9 englobant formation, incubation, financement, accompagnement technique, renforcement des capacit\u00e9s, digitalisation et acc\u00e8s aux march\u00e9s.<\/p>\n\n\n\n<p class=\"wp-block-paragraph\">Pour sa part, la repr\u00e9sentante de l\u2019ODCO, Sabra Machrouhi, a soulign\u00e9 l\u2019ambition de b\u00e2tir une nouvelle g\u00e9n\u00e9ration de coop\u00e9ratives fid\u00e8les \u00e0 leurs valeurs solidaires et d\u00e9mocratiques, tout en misant sur une gouvernance efficiente, la qualit\u00e9, la s\u00e9curit\u00e9 sanitaire, la transparence, le suivi et la pr\u00e9sence digitale.<\/p>\n\n\n\n<p class=\"wp-block-paragraph\">Elle a pr\u00e9cis\u00e9 que l\u2019agr\u00e9ment sanitaire d\u00e9livr\u00e9 par l\u2019Office national de s\u00e9curit\u00e9 sanitaire des produits alimentaires (ONSSA) constitue une opportunit\u00e9 et un investissement strat\u00e9gique, en tant que passeport vers les march\u00e9s structur\u00e9s et gage de confiance pour le consommateur.<\/p>\n\n\n\n<p class=\"wp-block-paragraph\">Mme Machrouhi a \u00e9galement fait savoir que la feuille de route 2026-2028 de l\u2019Office accorde une place centrale \u00e0 l\u2019ouverture des march\u00e9s nationaux et internationaux aux coop\u00e9ratives, notant que celles-ci sont capables de conjuguer respect des valeurs coop\u00e9ratives et adaptation aux exigences de la digitalisation et de la comp\u00e9titivit\u00e9.<\/p>\n\n\n\n<p class=\"wp-block-paragraph\">Cette journ\u00e9e d\u2019\u00e9tude, marqu\u00e9e par la participation de responsables institutionnels, d\u2019experts en qualit\u00e9 et s\u00e9curit\u00e9 sanitaire, ainsi que d\u2019acteurs associatifs et \u00e9conomiques, a \u00e9t\u00e9 ponctu\u00e9e par des pr\u00e9sentations techniques assur\u00e9es par le Conseil r\u00e9gional, l\u2019Office du d\u00e9veloppement de la coop\u00e9ration, l\u2019ONSSA et la Direction r\u00e9gionale de l\u2019agriculture.<\/p>\n\n\n\n<p class=\"wp-block-paragraph\">Des ateliers pratiques ont \u00e9galement \u00e9t\u00e9 organis\u00e9s en parall\u00e8le, portant sur les proc\u00e9dures administratives, les guides de bonnes pratiques sanitaires et le partage d\u2019exp\u00e9riences r\u00e9ussies de coop\u00e9ratives de la r\u00e9gion.<\/p>\n","protected":false},"excerpt":{"rendered":"<p>Dpress Les participants \u00e0 une journ\u00e9e d&rsquo;\u00e9tude organis\u00e9e, jeudi \u00e0 Tanger, ont appel\u00e9 \u00e0 acc\u00e9l\u00e9rer la transition des coop\u00e9ratives vers des mod\u00e8les entrepreneuriaux modernes, afin de renforcer leur comp\u00e9titivit\u00e9, d&rsquo;\u00e9largir leur acc\u00e8s aux march\u00e9s et de consolider leur contribution au d\u00e9veloppement \u00e9conomique et social. Plac\u00e9e sous le th\u00e8me \u00ab\u00a0Vers une nouvelle g\u00e9n\u00e9ration de coop\u00e9ratives : &hellip;<\/p>\n","protected":false},"author":2,"featured_media":36311,"comment_status":"open","ping_status":"open","sticky":false,"template":"","format":"standard","meta":{"footnotes":""},"categories":[40],"tags":[],"class_list":["post-36310","post","type-post","status-publish","format-standard","has-post-thumbnail","hentry","category-societe-et-regions"],"yoast_head":"<!-- This site is optimized with the Yoast SEO plugin v28.0 - https:\/\/yoast.com\/product\/yoast-seo-wordpress\/ -->\n<title>Tanger : Appel \u00e0 l\u2019\u00e9mergence d\u2019une nouvelle g\u00e9n\u00e9ration de coop\u00e9ratives fond\u00e9es sur l\u2019innovation et la qualit\u00e9 - Dpress.ma\/fr<\/title>\n<meta name=\"robots\" content=\"index, follow, max-snippet:-1, max-image-preview:large, max-video-preview:-1\" \/>\n<link rel=\"canonical\" href=\"https:\/\/dpress.ma\/fr\/2026\/07\/17\/tanger-appel-a-lemergence-dune-nouvelle-generation-de-cooperatives-fondees-sur-linnovation-et-la-qualite\/\" \/>\n<meta property=\"og:locale\" content=\"fr_FR\" \/>\n<meta property=\"og:type\" content=\"article\" \/>\n<meta property=\"og:title\" content=\"Tanger : Appel \u00e0 l\u2019\u00e9mergence d\u2019une nouvelle g\u00e9n\u00e9ration de coop\u00e9ratives fond\u00e9es sur l\u2019innovation et la qualit\u00e9 - Dpress.ma\/fr\" \/>\n<meta property=\"og:description\" content=\"Dpress Les participants \u00e0 une journ\u00e9e d&rsquo;\u00e9tude organis\u00e9e, jeudi \u00e0 Tanger, ont appel\u00e9 \u00e0 acc\u00e9l\u00e9rer la transition des coop\u00e9ratives vers des mod\u00e8les entrepreneuriaux modernes, afin de renforcer leur comp\u00e9titivit\u00e9, d&rsquo;\u00e9largir leur acc\u00e8s aux march\u00e9s et de consolider leur contribution au d\u00e9veloppement \u00e9conomique et social. Plac\u00e9e sous le th\u00e8me \u00ab\u00a0Vers une nouvelle g\u00e9n\u00e9ration de coop\u00e9ratives : &hellip;\" \/>\n<meta property=\"og:url\" content=\"https:\/\/dpress.ma\/fr\/2026\/07\/17\/tanger-appel-a-lemergence-dune-nouvelle-generation-de-cooperatives-fondees-sur-linnovation-et-la-qualite\/\" \/>\n<meta property=\"og:site_name\" content=\"Dpress.ma\/fr\" \/>\n<meta property=\"article:published_time\" content=\"2026-07-17T09:20:40+00:00\" \/>\n<meta property=\"article:modified_time\" content=\"2026-07-17T09:20:41+00:00\" \/>\n<meta property=\"og:image\" content=\"https:\/\/dpress.ma\/fr\/wp-content\/uploads\/sites\/2\/2026\/07\/37-7.jpg\" \/>\n\t<meta property=\"og:image:width\" content=\"2539\" \/>\n\t<meta property=\"og:image:height\" content=\"1594\" \/>\n\t<meta property=\"og:image:type\" content=\"image\/jpeg\" \/>\n<meta name=\"author\" content=\"Dpress.ma\" \/>\n<meta name=\"twitter:card\" content=\"summary_large_image\" \/>\n<meta name=\"twitter:label1\" content=\"\u00c9crit par\" \/>\n\t<meta name=\"twitter:data1\" content=\"Dpress.ma\" \/>\n\t<meta name=\"twitter:label2\" content=\"Dur\u00e9e de lecture estim\u00e9e\" \/>\n\t<meta name=\"twitter:data2\" content=\"5 minutes\" \/>\n<script type=\"application\/ld+json\" class=\"yoast-schema-graph\">{\"@context\":\"https:\\\/\\\/schema.org\",\"@graph\":[{\"@type\":\"Article\",\"@id\":\"https:\\\/\\\/dpress.ma\\\/fr\\\/2026\\\/07\\\/17\\\/tanger-appel-a-lemergence-dune-nouvelle-generation-de-cooperatives-fondees-sur-linnovation-et-la-qualite\\\/#article\",\"isPartOf\":{\"@id\":\"https:\\\/\\\/dpress.ma\\\/fr\\\/2026\\\/07\\\/17\\\/tanger-appel-a-lemergence-dune-nouvelle-generation-de-cooperatives-fondees-sur-linnovation-et-la-qualite\\\/\"},\"author\":{\"name\":\"Dpress.ma\",\"@id\":\"https:\\\/\\\/dpress.ma\\\/fr\\\/#\\\/schema\\\/person\\\/4898febf3ccd59e6578d838656a306a0\"},\"headline\":\"Tanger : Appel \u00e0 l\u2019\u00e9mergence d\u2019une nouvelle g\u00e9n\u00e9ration de coop\u00e9ratives fond\u00e9es sur l\u2019innovation et la qualit\u00e9\",\"datePublished\":\"2026-07-17T09:20:40+00:00\",\"dateModified\":\"2026-07-17T09:20:41+00:00\",\"mainEntityOfPage\":{\"@id\":\"https:\\\/\\\/dpress.ma\\\/fr\\\/2026\\\/07\\\/17\\\/tanger-appel-a-lemergence-dune-nouvelle-generation-de-cooperatives-fondees-sur-linnovation-et-la-qualite\\\/\"},\"wordCount\":955,\"commentCount\":0,\"image\":{\"@id\":\"https:\\\/\\\/dpress.ma\\\/fr\\\/2026\\\/07\\\/17\\\/tanger-appel-a-lemergence-dune-nouvelle-generation-de-cooperatives-fondees-sur-linnovation-et-la-qualite\\\/#primaryimage\"},\"thumbnailUrl\":\"https:\\\/\\\/dpress.ma\\\/fr\\\/wp-content\\\/uploads\\\/sites\\\/2\\\/2026\\\/07\\\/37-7.jpg\",\"articleSection\":[\"societe et regions\"],\"inLanguage\":\"fr-FR\",\"potentialAction\":[{\"@type\":\"CommentAction\",\"name\":\"Comment\",\"target\":[\"https:\\\/\\\/dpress.ma\\\/fr\\\/2026\\\/07\\\/17\\\/tanger-appel-a-lemergence-dune-nouvelle-generation-de-cooperatives-fondees-sur-linnovation-et-la-qualite\\\/#respond\"]}]},{\"@type\":\"WebPage\",\"@id\":\"https:\\\/\\\/dpress.ma\\\/fr\\\/2026\\\/07\\\/17\\\/tanger-appel-a-lemergence-dune-nouvelle-generation-de-cooperatives-fondees-sur-linnovation-et-la-qualite\\\/\",\"url\":\"https:\\\/\\\/dpress.ma\\\/fr\\\/2026\\\/07\\\/17\\\/tanger-appel-a-lemergence-dune-nouvelle-generation-de-cooperatives-fondees-sur-linnovation-et-la-qualite\\\/\",\"name\":\"Tanger : Appel \u00e0 l\u2019\u00e9mergence d\u2019une nouvelle g\u00e9n\u00e9ration de coop\u00e9ratives fond\u00e9es sur l\u2019innovation et la qualit\u00e9 - Dpress.ma\\\/fr\",\"isPartOf\":{\"@id\":\"https:\\\/\\\/dpress.ma\\\/fr\\\/#website\"},\"primaryImageOfPage\":{\"@id\":\"https:\\\/\\\/dpress.ma\\\/fr\\\/2026\\\/07\\\/17\\\/tanger-appel-a-lemergence-dune-nouvelle-generation-de-cooperatives-fondees-sur-linnovation-et-la-qualite\\\/#primaryimage\"},\"image\":{\"@id\":\"https:\\\/\\\/dpress.ma\\\/fr\\\/2026\\\/07\\\/17\\\/tanger-appel-a-lemergence-dune-nouvelle-generation-de-cooperatives-fondees-sur-linnovation-et-la-qualite\\\/#primaryimage\"},\"thumbnailUrl\":\"https:\\\/\\\/dpress.ma\\\/fr\\\/wp-content\\\/uploads\\\/sites\\\/2\\\/2026\\\/07\\\/37-7.jpg\",\"datePublished\":\"2026-07-17T09:20:40+00:00\",\"dateModified\":\"2026-07-17T09:20:41+00:00\",\"author\":{\"@id\":\"https:\\\/\\\/dpress.ma\\\/fr\\\/#\\\/schema\\\/person\\\/4898febf3ccd59e6578d838656a306a0\"},\"breadcrumb\":{\"@id\":\"https:\\\/\\\/dpress.ma\\\/fr\\\/2026\\\/07\\\/17\\\/tanger-appel-a-lemergence-dune-nouvelle-generation-de-cooperatives-fondees-sur-linnovation-et-la-qualite\\\/#breadcrumb\"},\"inLanguage\":\"fr-FR\",\"potentialAction\":[{\"@type\":\"ReadAction\",\"target\":[\"https:\\\/\\\/dpress.ma\\\/fr\\\/2026\\\/07\\\/17\\\/tanger-appel-a-lemergence-dune-nouvelle-generation-de-cooperatives-fondees-sur-linnovation-et-la-qualite\\\/\"]}]},{\"@type\":\"ImageObject\",\"inLanguage\":\"fr-FR\",\"@id\":\"https:\\\/\\\/dpress.ma\\\/fr\\\/2026\\\/07\\\/17\\\/tanger-appel-a-lemergence-dune-nouvelle-generation-de-cooperatives-fondees-sur-linnovation-et-la-qualite\\\/#primaryimage\",\"url\":\"https:\\\/\\\/dpress.ma\\\/fr\\\/wp-content\\\/uploads\\\/sites\\\/2\\\/2026\\\/07\\\/37-7.jpg\",\"contentUrl\":\"https:\\\/\\\/dpress.ma\\\/fr\\\/wp-content\\\/uploads\\\/sites\\\/2\\\/2026\\\/07\\\/37-7.jpg\",\"width\":2539,\"height\":1594},{\"@type\":\"BreadcrumbList\",\"@id\":\"https:\\\/\\\/dpress.ma\\\/fr\\\/2026\\\/07\\\/17\\\/tanger-appel-a-lemergence-dune-nouvelle-generation-de-cooperatives-fondees-sur-linnovation-et-la-qualite\\\/#breadcrumb\",\"itemListElement\":[{\"@type\":\"ListItem\",\"position\":1,\"name\":\"Home\",\"item\":\"https:\\\/\\\/dpress.ma\\\/fr\\\/\"},{\"@type\":\"ListItem\",\"position\":2,\"name\":\"Tanger : Appel \u00e0 l\u2019\u00e9mergence d\u2019une nouvelle g\u00e9n\u00e9ration de coop\u00e9ratives fond\u00e9es sur l\u2019innovation et la qualit\u00e9\"}]},{\"@type\":\"WebSite\",\"@id\":\"https:\\\/\\\/dpress.ma\\\/fr\\\/#website\",\"url\":\"https:\\\/\\\/dpress.ma\\\/fr\\\/\",\"name\":\"Dpress.ma\\\/fr\",\"description\":\"\",\"potentialAction\":[{\"@type\":\"SearchAction\",\"target\":{\"@type\":\"EntryPoint\",\"urlTemplate\":\"https:\\\/\\\/dpress.ma\\\/fr\\\/?s={search_term_string}\"},\"query-input\":{\"@type\":\"PropertyValueSpecification\",\"valueRequired\":true,\"valueName\":\"search_term_string\"}}],\"inLanguage\":\"fr-FR\"},{\"@type\":\"Person\",\"@id\":\"https:\\\/\\\/dpress.ma\\\/fr\\\/#\\\/schema\\\/person\\\/4898febf3ccd59e6578d838656a306a0\",\"name\":\"Dpress.ma\",\"image\":{\"@type\":\"ImageObject\",\"inLanguage\":\"fr-FR\",\"@id\":\"https:\\\/\\\/secure.gravatar.com\\\/avatar\\\/72ecc30e9db047a2e0e7176561eb9d564ed77c8108376495b19bd8336405198a?s=96&d=mm&r=g\",\"url\":\"https:\\\/\\\/secure.gravatar.com\\\/avatar\\\/72ecc30e9db047a2e0e7176561eb9d564ed77c8108376495b19bd8336405198a?s=96&d=mm&r=g\",\"contentUrl\":\"https:\\\/\\\/secure.gravatar.com\\\/avatar\\\/72ecc30e9db047a2e0e7176561eb9d564ed77c8108376495b19bd8336405198a?s=96&d=mm&r=g\",\"caption\":\"Dpress.ma\"},\"sameAs\":[\"https:\\\/\\\/www.dpress.ma\"],\"url\":\"https:\\\/\\\/dpress.ma\\\/fr\\\/author\\\/dpress-ma\\\/\"}]}<\/script>\n<!-- \/ Yoast SEO plugin. -->","yoast_head_json":{"title":"Tanger : Appel \u00e0 l\u2019\u00e9mergence d\u2019une nouvelle g\u00e9n\u00e9ration de coop\u00e9ratives fond\u00e9es sur l\u2019innovation et la qualit\u00e9 - Dpress.ma\/fr","robots":{"index":"index","follow":"follow","max-snippet":"max-snippet:-1","max-image-preview":"max-image-preview:large","max-video-preview":"max-video-preview:-1"},"canonical":"https:\/\/dpress.ma\/fr\/2026\/07\/17\/tanger-appel-a-lemergence-dune-nouvelle-generation-de-cooperatives-fondees-sur-linnovation-et-la-qualite\/","og_locale":"fr_FR","og_type":"article","og_title":"Tanger : Appel \u00e0 l\u2019\u00e9mergence d\u2019une nouvelle g\u00e9n\u00e9ration de coop\u00e9ratives fond\u00e9es sur l\u2019innovation et la qualit\u00e9 - Dpress.ma\/fr","og_description":"Dpress Les participants \u00e0 une journ\u00e9e d&rsquo;\u00e9tude organis\u00e9e, jeudi \u00e0 Tanger, ont appel\u00e9 \u00e0 acc\u00e9l\u00e9rer la transition des coop\u00e9ratives vers des mod\u00e8les entrepreneuriaux modernes, afin de renforcer leur comp\u00e9titivit\u00e9, d&rsquo;\u00e9largir leur acc\u00e8s aux march\u00e9s et de consolider leur contribution au d\u00e9veloppement \u00e9conomique et social. Plac\u00e9e sous le th\u00e8me \u00ab\u00a0Vers une nouvelle g\u00e9n\u00e9ration de coop\u00e9ratives : &hellip;","og_url":"https:\/\/dpress.ma\/fr\/2026\/07\/17\/tanger-appel-a-lemergence-dune-nouvelle-generation-de-cooperatives-fondees-sur-linnovation-et-la-qualite\/","og_site_name":"Dpress.ma\/fr","article_published_time":"2026-07-17T09:20:40+00:00","article_modified_time":"2026-07-17T09:20:41+00:00","og_image":[{"width":2539,"height":1594,"url":"https:\/\/dpress.ma\/fr\/wp-content\/uploads\/sites\/2\/2026\/07\/37-7.jpg","type":"image\/jpeg"}],"author":"Dpress.ma","twitter_card":"summary_large_image","twitter_misc":{"\u00c9crit par":"Dpress.ma","Dur\u00e9e de lecture estim\u00e9e":"5 minutes"},"schema":{"@context":"https:\/\/schema.org","@graph":[{"@type":"Article","@id":"https:\/\/dpress.ma\/fr\/2026\/07\/17\/tanger-appel-a-lemergence-dune-nouvelle-generation-de-cooperatives-fondees-sur-linnovation-et-la-qualite\/#article","isPartOf":{"@id":"https:\/\/dpress.ma\/fr\/2026\/07\/17\/tanger-appel-a-lemergence-dune-nouvelle-generation-de-cooperatives-fondees-sur-linnovation-et-la-qualite\/"},"author":{"name":"Dpress.ma","@id":"https:\/\/dpress.ma\/fr\/#\/schema\/person\/4898febf3ccd59e6578d838656a306a0"},"headline":"Tanger : Appel \u00e0 l\u2019\u00e9mergence d\u2019une nouvelle g\u00e9n\u00e9ration de coop\u00e9ratives fond\u00e9es sur l\u2019innovation et la qualit\u00e9","datePublished":"2026-07-17T09:20:40+00:00","dateModified":"2026-07-17T09:20:41+00:00","mainEntityOfPage":{"@id":"https:\/\/dpress.ma\/fr\/2026\/07\/17\/tanger-appel-a-lemergence-dune-nouvelle-generation-de-cooperatives-fondees-sur-linnovation-et-la-qualite\/"},"wordCount":955,"commentCount":0,"image":{"@id":"https:\/\/dpress.ma\/fr\/2026\/07\/17\/tanger-appel-a-lemergence-dune-nouvelle-generation-de-cooperatives-fondees-sur-linnovation-et-la-qualite\/#primaryimage"},"thumbnailUrl":"https:\/\/dpress.ma\/fr\/wp-content\/uploads\/sites\/2\/2026\/07\/37-7.jpg","articleSection":["societe et regions"],"inLanguage":"fr-FR","potentialAction":[{"@type":"CommentAction","name":"Comment","target":["https:\/\/dpress.ma\/fr\/2026\/07\/17\/tanger-appel-a-lemergence-dune-nouvelle-generation-de-cooperatives-fondees-sur-linnovation-et-la-qualite\/#respond"]}]},{"@type":"WebPage","@id":"https:\/\/dpress.ma\/fr\/2026\/07\/17\/tanger-appel-a-lemergence-dune-nouvelle-generation-de-cooperatives-fondees-sur-linnovation-et-la-qualite\/","url":"https:\/\/dpress.ma\/fr\/2026\/07\/17\/tanger-appel-a-lemergence-dune-nouvelle-generation-de-cooperatives-fondees-sur-linnovation-et-la-qualite\/","name":"Tanger : Appel \u00e0 l\u2019\u00e9mergence d\u2019une nouvelle g\u00e9n\u00e9ration de coop\u00e9ratives fond\u00e9es sur l\u2019innovation et la qualit\u00e9 - Dpress.ma\/fr","isPartOf":{"@id":"https:\/\/dpress.ma\/fr\/#website"},"primaryImageOfPage":{"@id":"https:\/\/dpress.ma\/fr\/2026\/07\/17\/tanger-appel-a-lemergence-dune-nouvelle-generation-de-cooperatives-fondees-sur-linnovation-et-la-qualite\/#primaryimage"},"image":{"@id":"https:\/\/dpress.ma\/fr\/2026\/07\/17\/tanger-appel-a-lemergence-dune-nouvelle-generation-de-cooperatives-fondees-sur-linnovation-et-la-qualite\/#primaryimage"},"thumbnailUrl":"https:\/\/dpress.ma\/fr\/wp-content\/uploads\/sites\/2\/2026\/07\/37-7.jpg","datePublished":"2026-07-17T09:20:40+00:00","dateModified":"2026-07-17T09:20:41+00:00","author":{"@id":"https:\/\/dpress.ma\/fr\/#\/schema\/person\/4898febf3ccd59e6578d838656a306a0"},"breadcrumb":{"@id":"https:\/\/dpress.ma\/fr\/2026\/07\/17\/tanger-appel-a-lemergence-dune-nouvelle-generation-de-cooperatives-fondees-sur-linnovation-et-la-qualite\/#breadcrumb"},"inLanguage":"fr-FR","potentialAction":[{"@type":"ReadAction","target":["https:\/\/dpress.ma\/fr\/2026\/07\/17\/tanger-appel-a-lemergence-dune-nouvelle-generation-de-cooperatives-fondees-sur-linnovation-et-la-qualite\/"]}]},{"@type":"ImageObject","inLanguage":"fr-FR","@id":"https:\/\/dpress.ma\/fr\/2026\/07\/17\/tanger-appel-a-lemergence-dune-nouvelle-generation-de-cooperatives-fondees-sur-linnovation-et-la-qualite\/#primaryimage","url":"https:\/\/dpress.ma\/fr\/wp-content\/uploads\/sites\/2\/2026\/07\/37-7.jpg","contentUrl":"https:\/\/dpress.ma\/fr\/wp-content\/uploads\/sites\/2\/2026\/07\/37-7.jpg","width":2539,"height":1594},{"@type":"BreadcrumbList","@id":"https:\/\/dpress.ma\/fr\/2026\/07\/17\/tanger-appel-a-lemergence-dune-nouvelle-generation-de-cooperatives-fondees-sur-linnovation-et-la-qualite\/#breadcrumb","itemListElement":[{"@type":"ListItem","position":1,"name":"Home","item":"https:\/\/dpress.ma\/fr\/"},{"@type":"ListItem","position":2,"name":"Tanger : Appel \u00e0 l\u2019\u00e9mergence d\u2019une nouvelle g\u00e9n\u00e9ration de coop\u00e9ratives fond\u00e9es sur l\u2019innovation et la qualit\u00e9"}]},{"@type":"WebSite","@id":"https:\/\/dpress.ma\/fr\/#website","url":"https:\/\/dpress.ma\/fr\/","name":"Dpress.ma\/fr","description":"","potentialAction":[{"@type":"SearchAction","target":{"@type":"EntryPoint","urlTemplate":"https:\/\/dpress.ma\/fr\/?s={search_term_string}"},"query-input":{"@type":"PropertyValueSpecification","valueRequired":true,"valueName":"search_term_string"}}],"inLanguage":"fr-FR"},{"@type":"Person","@id":"https:\/\/dpress.ma\/fr\/#\/schema\/person\/4898febf3ccd59e6578d838656a306a0","name":"Dpress.ma","image":{"@type":"ImageObject","inLanguage":"fr-FR","@id":"https:\/\/secure.gravatar.com\/avatar\/72ecc30e9db047a2e0e7176561eb9d564ed77c8108376495b19bd8336405198a?s=96&d=mm&r=g","url":"https:\/\/secure.gravatar.com\/avatar\/72ecc30e9db047a2e0e7176561eb9d564ed77c8108376495b19bd8336405198a?s=96&d=mm&r=g","contentUrl":"https:\/\/secure.gravatar.com\/avatar\/72ecc30e9db047a2e0e7176561eb9d564ed77c8108376495b19bd8336405198a?s=96&d=mm&r=g","caption":"Dpress.ma"},"sameAs":["https:\/\/www.dpress.ma"],"url":"https:\/\/dpress.ma\/fr\/author\/dpress-ma\/"}]}},"amp_enabled":true,"_links":{"self":[{"href":"https:\/\/dpress.ma\/fr\/wp-json\/wp\/v2\/posts\/36310","targetHints":{"allow":["GET"]}}],"collection":[{"href":"https:\/\/dpress.ma\/fr\/wp-json\/wp\/v2\/posts"}],"about":[{"href":"https:\/\/dpress.ma\/fr\/wp-json\/wp\/v2\/types\/post"}],"author":[{"embeddable":true,"href":"https:\/\/dpress.ma\/fr\/wp-json\/wp\/v2\/users\/2"}],"replies":[{"embeddable":true,"href":"https:\/\/dpress.ma\/fr\/wp-json\/wp\/v2\/comments?post=36310"}],"version-history":[{"count":1,"href":"https:\/\/dpress.ma\/fr\/wp-json\/wp\/v2\/posts\/36310\/revisions"}],"predecessor-version":[{"id":36312,"href":"https:\/\/dpress.ma\/fr\/wp-json\/wp\/v2\/posts\/36310\/revisions\/36312"}],"wp:featuredmedia":[{"embeddable":true,"href":"https:\/\/dpress.ma\/fr\/wp-json\/wp\/v2\/media\/36311"}],"wp:attachment":[{"href":"https:\/\/dpress.ma\/fr\/wp-json\/wp\/v2\/media?parent=36310"}],"wp:term":[{"taxonomy":"category","embeddable":true,"href":"https:\/\/dpress.ma\/fr\/wp-json\/wp\/v2\/categories?post=36310"},{"taxonomy":"post_tag","embeddable":true,"href":"https:\/\/dpress.ma\/fr\/wp-json\/wp\/v2\/tags?post=36310"}],"curies":[{"name":"wp","href":"https:\/\/api.w.org\/{rel}","templated":true}]}}