{"id":36307,"date":"2026-07-17T09:19:22","date_gmt":"2026-07-17T09:19:22","guid":{"rendered":"https:\/\/dpress.ma\/fr\/?p=36307"},"modified":"2026-07-17T09:19:24","modified_gmt":"2026-07-17T09:19:24","slug":"tetouan-la-plage-damsa-decroche-son-premier-pavillon-bleu-oued-laou-reconduite-pour-la-14e-annee-consecutive","status":"publish","type":"post","link":"https:\/\/dpress.ma\/fr\/2026\/07\/17\/tetouan-la-plage-damsa-decroche-son-premier-pavillon-bleu-oued-laou-reconduite-pour-la-14e-annee-consecutive\/","title":{"rendered":"T\u00e9touan : La plage d\u2019Amsa d\u00e9croche son premier Pavillon bleu, Oued Laou reconduite pour la 14e ann\u00e9e cons\u00e9cutive"},"content":{"rendered":"\n<p class=\"wp-block-paragraph\">Dpress<\/p>\n\n\n\n<p class=\"wp-block-paragraph\">La province de T\u00e9touan renforce son palmar\u00e8s environnemental sur le littoral m\u00e9diterran\u00e9en avec deux plages d\u00e9sormais labellis\u00e9es Pavillon bleu, Amsa rejoignant pour la premi\u00e8re fois le cercle des sites distingu\u00e9s, aux c\u00f4t\u00e9s d&rsquo;Oued Laou, qui conserve cette reconnaissance internationale pour la 14e ann\u00e9e cons\u00e9cutive.<\/p>\n\n\n\n<p class=\"wp-block-paragraph\">Attribu\u00e9 par la Fondation Mohammed VI pour la protection de l&rsquo;environnement (FM6E) et la Fondation pour l&rsquo;\u00e9ducation \u00e0 l&rsquo;environnement (FEE), ce label r\u00e9compense les efforts d\u00e9ploy\u00e9s par les collectivit\u00e9s territoriales, avec l&rsquo;appui de leurs partenaires, pour satisfaire aux crit\u00e8res relatifs \u00e0 la qualit\u00e9 des eaux de baignade, \u00e0 l&rsquo;information et \u00e0 la sensibilisation des usagers, \u00e0 l&rsquo;\u00e9ducation environnementale, ainsi qu&rsquo;\u00e0 la s\u00e9curit\u00e9, \u00e0 l&rsquo;am\u00e9nagement et \u00e0 la gestion des plages.<\/p>\n\n\n\n<p class=\"wp-block-paragraph\">Ces crit\u00e8res sont d\u00e9finis par la Fondation Mohammed VI pour la protection de l\u2019environnement, que pr\u00e9side SAR la Princesse Lalla Hasnaa.<\/p>\n\n\n\n<p class=\"wp-block-paragraph\">La c\u00e9r\u00e9monie de lev\u00e9e du Pavillon bleu s&rsquo;est d\u00e9roul\u00e9e en pr\u00e9sence notamment du gouverneur de la province de T\u00e9touan, Abderzak El Manssouri, de responsables locaux, d&rsquo;\u00e9lus et d&rsquo;acteurs de la soci\u00e9t\u00e9 civile engag\u00e9s dans la protection de l&rsquo;environnement.<\/p>\n\n\n\n<p class=\"wp-block-paragraph\">A cette occasion, le directeur ex\u00e9cutif charg\u00e9 des partenariats et du suivi de l&rsquo;impact \u00e0 la FM6E, Hamza Kabbaj, a indiqu\u00e9 que le renouvellement du label pour la plage d&rsquo;Oued Laou, pour la 14e ann\u00e9e cons\u00e9cutive, refl\u00e8te les efforts continus consentis par l&rsquo;ensemble des partenaires pour hisser la qualit\u00e9 des espaces baln\u00e9aires aux standards internationaux.<\/p>\n\n\n\n<p class=\"wp-block-paragraph\">Dans une d\u00e9claration \u00e0 la MAP, il a soulign\u00e9 que cette distinction constitue une reconnaissance internationale des performances de la plage en mati\u00e8re d&rsquo;\u00e9quipements, de pr\u00e9servation de l&rsquo;environnement c\u00f4tier, de s\u00e9curit\u00e9 et de qualit\u00e9 des services offerts aux estivants.<\/p>\n\n\n\n<p class=\"wp-block-paragraph\">M. Kabbaj a estim\u00e9 que ce label repr\u00e9sente \u00e9galement un levier pour poursuivre les efforts d&rsquo;am\u00e9lioration des plages de la province de T\u00e9touan et consolider les bonnes pratiques environnementales dans une perspective de d\u00e9veloppement durable.<\/p>\n\n\n\n<p class=\"wp-block-paragraph\">Evoquant la plage d&rsquo;Amsa, il s&rsquo;est f\u00e9licit\u00e9 de son accession, pour la premi\u00e8re fois, au cercle des plages labellis\u00e9es Pavillon bleu, gr\u00e2ce aux atouts environnementaux du site et au travail concert\u00e9 des diff\u00e9rents partenaires ayant permis de satisfaire aux exigences du label.<\/p>\n\n\n\n<p class=\"wp-block-paragraph\">Cette distinction constitue, selon lui, une source de fiert\u00e9 pour la r\u00e9gion Tanger-T\u00e9touan-Al Hoceima et illustre les r\u00e9sultats de la coop\u00e9ration entre la FM6E, ses partenaires institutionnels et locaux ainsi que les acteurs \u00e9conomiques en faveur de la pr\u00e9servation du littoral et de l&rsquo;am\u00e9lioration de la qualit\u00e9 des plages.<\/p>\n\n\n\n<p class=\"wp-block-paragraph\">Cette cons\u00e9cration s&rsquo;inscrit dans le cadre du programme national \u00ab\u00a0Plages propres\u00a0\u00bb, qui couvre cette ann\u00e9e 118 plages et plus de 60 villages d&rsquo;animation et de sensibilisation environnementale, b\u00e9n\u00e9ficiant directement \u00e0 plus de 800.000 estivants. Au total, 38 sites \u00e0 travers le Royaume ont obtenu le label Pavillon bleu.<\/p>\n\n\n\n<p class=\"wp-block-paragraph\">La Fondation Mohammed VI pour la protection de l&rsquo;environnement poursuit, sous la pr\u00e9sidence de Son Altesse Royale la Princesse Lalla Hasnaa, son action d&rsquo;accompagnement des partenaires et de promotion de la culture de la protection de l&rsquo;environnement, du d\u00e9veloppement durable et de l&rsquo;\u00e9ducation environnementale, conform\u00e9ment aux Hautes Orientations Royales en mati\u00e8re de pr\u00e9servation des ressources naturelles et de valorisation du capital environnemental national au profit des g\u00e9n\u00e9rations pr\u00e9sentes et futures.<\/p>\n","protected":false},"excerpt":{"rendered":"<p>Dpress La province de T\u00e9touan renforce son palmar\u00e8s environnemental sur le littoral m\u00e9diterran\u00e9en avec deux plages d\u00e9sormais labellis\u00e9es Pavillon bleu, Amsa rejoignant pour la premi\u00e8re fois le cercle des sites distingu\u00e9s, aux c\u00f4t\u00e9s d&rsquo;Oued Laou, qui conserve cette reconnaissance internationale pour la 14e ann\u00e9e cons\u00e9cutive. Attribu\u00e9 par la Fondation Mohammed VI pour la protection de &hellip;<\/p>\n","protected":false},"author":2,"featured_media":36308,"comment_status":"open","ping_status":"open","sticky":false,"template":"","format":"standard","meta":{"footnotes":""},"categories":[40],"tags":[],"class_list":["post-36307","post","type-post","status-publish","format-standard","has-post-thumbnail","hentry","category-societe-et-regions"],"yoast_head":"<!-- This site is optimized with the Yoast SEO plugin v28.0 - https:\/\/yoast.com\/product\/yoast-seo-wordpress\/ -->\n<title>T\u00e9touan : La plage d\u2019Amsa d\u00e9croche son premier Pavillon bleu, Oued Laou reconduite pour la 14e ann\u00e9e cons\u00e9cutive - Dpress.ma\/fr<\/title>\n<meta name=\"robots\" content=\"index, follow, max-snippet:-1, max-image-preview:large, max-video-preview:-1\" \/>\n<link rel=\"canonical\" href=\"https:\/\/dpress.ma\/fr\/2026\/07\/17\/tetouan-la-plage-damsa-decroche-son-premier-pavillon-bleu-oued-laou-reconduite-pour-la-14e-annee-consecutive\/\" \/>\n<meta property=\"og:locale\" content=\"fr_FR\" \/>\n<meta property=\"og:type\" content=\"article\" \/>\n<meta property=\"og:title\" content=\"T\u00e9touan : La plage d\u2019Amsa d\u00e9croche son premier Pavillon bleu, Oued Laou reconduite pour la 14e ann\u00e9e cons\u00e9cutive - Dpress.ma\/fr\" \/>\n<meta property=\"og:description\" content=\"Dpress La province de T\u00e9touan renforce son palmar\u00e8s environnemental sur le littoral m\u00e9diterran\u00e9en avec deux plages d\u00e9sormais labellis\u00e9es Pavillon bleu, Amsa rejoignant pour la premi\u00e8re fois le cercle des sites distingu\u00e9s, aux c\u00f4t\u00e9s d&rsquo;Oued Laou, qui conserve cette reconnaissance internationale pour la 14e ann\u00e9e cons\u00e9cutive. Attribu\u00e9 par la Fondation Mohammed VI pour la protection de &hellip;\" \/>\n<meta property=\"og:url\" content=\"https:\/\/dpress.ma\/fr\/2026\/07\/17\/tetouan-la-plage-damsa-decroche-son-premier-pavillon-bleu-oued-laou-reconduite-pour-la-14e-annee-consecutive\/\" \/>\n<meta property=\"og:site_name\" content=\"Dpress.ma\/fr\" \/>\n<meta property=\"article:published_time\" content=\"2026-07-17T09:19:22+00:00\" \/>\n<meta property=\"article:modified_time\" content=\"2026-07-17T09:19:24+00:00\" \/>\n<meta property=\"og:image\" content=\"https:\/\/dpress.ma\/fr\/wp-content\/uploads\/sites\/2\/2026\/07\/36-8.jpg\" \/>\n\t<meta property=\"og:image:width\" content=\"2539\" \/>\n\t<meta property=\"og:image:height\" content=\"1594\" \/>\n\t<meta property=\"og:image:type\" content=\"image\/jpeg\" \/>\n<meta name=\"author\" content=\"Dpress.ma\" \/>\n<meta name=\"twitter:card\" content=\"summary_large_image\" \/>\n<meta name=\"twitter:label1\" content=\"\u00c9crit par\" \/>\n\t<meta name=\"twitter:data1\" content=\"Dpress.ma\" \/>\n\t<meta name=\"twitter:label2\" content=\"Dur\u00e9e de lecture estim\u00e9e\" \/>\n\t<meta name=\"twitter:data2\" content=\"3 minutes\" \/>\n<script type=\"application\/ld+json\" class=\"yoast-schema-graph\">{\"@context\":\"https:\\\/\\\/schema.org\",\"@graph\":[{\"@type\":\"Article\",\"@id\":\"https:\\\/\\\/dpress.ma\\\/fr\\\/2026\\\/07\\\/17\\\/tetouan-la-plage-damsa-decroche-son-premier-pavillon-bleu-oued-laou-reconduite-pour-la-14e-annee-consecutive\\\/#article\",\"isPartOf\":{\"@id\":\"https:\\\/\\\/dpress.ma\\\/fr\\\/2026\\\/07\\\/17\\\/tetouan-la-plage-damsa-decroche-son-premier-pavillon-bleu-oued-laou-reconduite-pour-la-14e-annee-consecutive\\\/\"},\"author\":{\"name\":\"Dpress.ma\",\"@id\":\"https:\\\/\\\/dpress.ma\\\/fr\\\/#\\\/schema\\\/person\\\/4898febf3ccd59e6578d838656a306a0\"},\"headline\":\"T\u00e9touan : La plage d\u2019Amsa d\u00e9croche son premier Pavillon bleu, Oued Laou reconduite pour la 14e ann\u00e9e cons\u00e9cutive\",\"datePublished\":\"2026-07-17T09:19:22+00:00\",\"dateModified\":\"2026-07-17T09:19:24+00:00\",\"mainEntityOfPage\":{\"@id\":\"https:\\\/\\\/dpress.ma\\\/fr\\\/2026\\\/07\\\/17\\\/tetouan-la-plage-damsa-decroche-son-premier-pavillon-bleu-oued-laou-reconduite-pour-la-14e-annee-consecutive\\\/\"},\"wordCount\":596,\"commentCount\":0,\"image\":{\"@id\":\"https:\\\/\\\/dpress.ma\\\/fr\\\/2026\\\/07\\\/17\\\/tetouan-la-plage-damsa-decroche-son-premier-pavillon-bleu-oued-laou-reconduite-pour-la-14e-annee-consecutive\\\/#primaryimage\"},\"thumbnailUrl\":\"https:\\\/\\\/dpress.ma\\\/fr\\\/wp-content\\\/uploads\\\/sites\\\/2\\\/2026\\\/07\\\/36-8.jpg\",\"articleSection\":[\"societe et regions\"],\"inLanguage\":\"fr-FR\",\"potentialAction\":[{\"@type\":\"CommentAction\",\"name\":\"Comment\",\"target\":[\"https:\\\/\\\/dpress.ma\\\/fr\\\/2026\\\/07\\\/17\\\/tetouan-la-plage-damsa-decroche-son-premier-pavillon-bleu-oued-laou-reconduite-pour-la-14e-annee-consecutive\\\/#respond\"]}]},{\"@type\":\"WebPage\",\"@id\":\"https:\\\/\\\/dpress.ma\\\/fr\\\/2026\\\/07\\\/17\\\/tetouan-la-plage-damsa-decroche-son-premier-pavillon-bleu-oued-laou-reconduite-pour-la-14e-annee-consecutive\\\/\",\"url\":\"https:\\\/\\\/dpress.ma\\\/fr\\\/2026\\\/07\\\/17\\\/tetouan-la-plage-damsa-decroche-son-premier-pavillon-bleu-oued-laou-reconduite-pour-la-14e-annee-consecutive\\\/\",\"name\":\"T\u00e9touan : La plage d\u2019Amsa d\u00e9croche son premier Pavillon bleu, Oued Laou reconduite pour la 14e ann\u00e9e cons\u00e9cutive - Dpress.ma\\\/fr\",\"isPartOf\":{\"@id\":\"https:\\\/\\\/dpress.ma\\\/fr\\\/#website\"},\"primaryImageOfPage\":{\"@id\":\"https:\\\/\\\/dpress.ma\\\/fr\\\/2026\\\/07\\\/17\\\/tetouan-la-plage-damsa-decroche-son-premier-pavillon-bleu-oued-laou-reconduite-pour-la-14e-annee-consecutive\\\/#primaryimage\"},\"image\":{\"@id\":\"https:\\\/\\\/dpress.ma\\\/fr\\\/2026\\\/07\\\/17\\\/tetouan-la-plage-damsa-decroche-son-premier-pavillon-bleu-oued-laou-reconduite-pour-la-14e-annee-consecutive\\\/#primaryimage\"},\"thumbnailUrl\":\"https:\\\/\\\/dpress.ma\\\/fr\\\/wp-content\\\/uploads\\\/sites\\\/2\\\/2026\\\/07\\\/36-8.jpg\",\"datePublished\":\"2026-07-17T09:19:22+00:00\",\"dateModified\":\"2026-07-17T09:19:24+00:00\",\"author\":{\"@id\":\"https:\\\/\\\/dpress.ma\\\/fr\\\/#\\\/schema\\\/person\\\/4898febf3ccd59e6578d838656a306a0\"},\"breadcrumb\":{\"@id\":\"https:\\\/\\\/dpress.ma\\\/fr\\\/2026\\\/07\\\/17\\\/tetouan-la-plage-damsa-decroche-son-premier-pavillon-bleu-oued-laou-reconduite-pour-la-14e-annee-consecutive\\\/#breadcrumb\"},\"inLanguage\":\"fr-FR\",\"potentialAction\":[{\"@type\":\"ReadAction\",\"target\":[\"https:\\\/\\\/dpress.ma\\\/fr\\\/2026\\\/07\\\/17\\\/tetouan-la-plage-damsa-decroche-son-premier-pavillon-bleu-oued-laou-reconduite-pour-la-14e-annee-consecutive\\\/\"]}]},{\"@type\":\"ImageObject\",\"inLanguage\":\"fr-FR\",\"@id\":\"https:\\\/\\\/dpress.ma\\\/fr\\\/2026\\\/07\\\/17\\\/tetouan-la-plage-damsa-decroche-son-premier-pavillon-bleu-oued-laou-reconduite-pour-la-14e-annee-consecutive\\\/#primaryimage\",\"url\":\"https:\\\/\\\/dpress.ma\\\/fr\\\/wp-content\\\/uploads\\\/sites\\\/2\\\/2026\\\/07\\\/36-8.jpg\",\"contentUrl\":\"https:\\\/\\\/dpress.ma\\\/fr\\\/wp-content\\\/uploads\\\/sites\\\/2\\\/2026\\\/07\\\/36-8.jpg\",\"width\":2539,\"height\":1594},{\"@type\":\"BreadcrumbList\",\"@id\":\"https:\\\/\\\/dpress.ma\\\/fr\\\/2026\\\/07\\\/17\\\/tetouan-la-plage-damsa-decroche-son-premier-pavillon-bleu-oued-laou-reconduite-pour-la-14e-annee-consecutive\\\/#breadcrumb\",\"itemListElement\":[{\"@type\":\"ListItem\",\"position\":1,\"name\":\"Home\",\"item\":\"https:\\\/\\\/dpress.ma\\\/fr\\\/\"},{\"@type\":\"ListItem\",\"position\":2,\"name\":\"T\u00e9touan : La plage d\u2019Amsa d\u00e9croche son premier Pavillon bleu, Oued Laou reconduite pour la 14e ann\u00e9e cons\u00e9cutive\"}]},{\"@type\":\"WebSite\",\"@id\":\"https:\\\/\\\/dpress.ma\\\/fr\\\/#website\",\"url\":\"https:\\\/\\\/dpress.ma\\\/fr\\\/\",\"name\":\"Dpress.ma\\\/fr\",\"description\":\"\",\"potentialAction\":[{\"@type\":\"SearchAction\",\"target\":{\"@type\":\"EntryPoint\",\"urlTemplate\":\"https:\\\/\\\/dpress.ma\\\/fr\\\/?s={search_term_string}\"},\"query-input\":{\"@type\":\"PropertyValueSpecification\",\"valueRequired\":true,\"valueName\":\"search_term_string\"}}],\"inLanguage\":\"fr-FR\"},{\"@type\":\"Person\",\"@id\":\"https:\\\/\\\/dpress.ma\\\/fr\\\/#\\\/schema\\\/person\\\/4898febf3ccd59e6578d838656a306a0\",\"name\":\"Dpress.ma\",\"image\":{\"@type\":\"ImageObject\",\"inLanguage\":\"fr-FR\",\"@id\":\"https:\\\/\\\/secure.gravatar.com\\\/avatar\\\/72ecc30e9db047a2e0e7176561eb9d564ed77c8108376495b19bd8336405198a?s=96&d=mm&r=g\",\"url\":\"https:\\\/\\\/secure.gravatar.com\\\/avatar\\\/72ecc30e9db047a2e0e7176561eb9d564ed77c8108376495b19bd8336405198a?s=96&d=mm&r=g\",\"contentUrl\":\"https:\\\/\\\/secure.gravatar.com\\\/avatar\\\/72ecc30e9db047a2e0e7176561eb9d564ed77c8108376495b19bd8336405198a?s=96&d=mm&r=g\",\"caption\":\"Dpress.ma\"},\"sameAs\":[\"https:\\\/\\\/www.dpress.ma\"],\"url\":\"https:\\\/\\\/dpress.ma\\\/fr\\\/author\\\/dpress-ma\\\/\"}]}<\/script>\n<!-- \/ Yoast SEO plugin. -->","yoast_head_json":{"title":"T\u00e9touan : La plage d\u2019Amsa d\u00e9croche son premier Pavillon bleu, Oued Laou reconduite pour la 14e ann\u00e9e cons\u00e9cutive - Dpress.ma\/fr","robots":{"index":"index","follow":"follow","max-snippet":"max-snippet:-1","max-image-preview":"max-image-preview:large","max-video-preview":"max-video-preview:-1"},"canonical":"https:\/\/dpress.ma\/fr\/2026\/07\/17\/tetouan-la-plage-damsa-decroche-son-premier-pavillon-bleu-oued-laou-reconduite-pour-la-14e-annee-consecutive\/","og_locale":"fr_FR","og_type":"article","og_title":"T\u00e9touan : La plage d\u2019Amsa d\u00e9croche son premier Pavillon bleu, Oued Laou reconduite pour la 14e ann\u00e9e cons\u00e9cutive - Dpress.ma\/fr","og_description":"Dpress La province de T\u00e9touan renforce son palmar\u00e8s environnemental sur le littoral m\u00e9diterran\u00e9en avec deux plages d\u00e9sormais labellis\u00e9es Pavillon bleu, Amsa rejoignant pour la premi\u00e8re fois le cercle des sites distingu\u00e9s, aux c\u00f4t\u00e9s d&rsquo;Oued Laou, qui conserve cette reconnaissance internationale pour la 14e ann\u00e9e cons\u00e9cutive. Attribu\u00e9 par la Fondation Mohammed VI pour la protection de &hellip;","og_url":"https:\/\/dpress.ma\/fr\/2026\/07\/17\/tetouan-la-plage-damsa-decroche-son-premier-pavillon-bleu-oued-laou-reconduite-pour-la-14e-annee-consecutive\/","og_site_name":"Dpress.ma\/fr","article_published_time":"2026-07-17T09:19:22+00:00","article_modified_time":"2026-07-17T09:19:24+00:00","og_image":[{"width":2539,"height":1594,"url":"https:\/\/dpress.ma\/fr\/wp-content\/uploads\/sites\/2\/2026\/07\/36-8.jpg","type":"image\/jpeg"}],"author":"Dpress.ma","twitter_card":"summary_large_image","twitter_misc":{"\u00c9crit par":"Dpress.ma","Dur\u00e9e de lecture estim\u00e9e":"3 minutes"},"schema":{"@context":"https:\/\/schema.org","@graph":[{"@type":"Article","@id":"https:\/\/dpress.ma\/fr\/2026\/07\/17\/tetouan-la-plage-damsa-decroche-son-premier-pavillon-bleu-oued-laou-reconduite-pour-la-14e-annee-consecutive\/#article","isPartOf":{"@id":"https:\/\/dpress.ma\/fr\/2026\/07\/17\/tetouan-la-plage-damsa-decroche-son-premier-pavillon-bleu-oued-laou-reconduite-pour-la-14e-annee-consecutive\/"},"author":{"name":"Dpress.ma","@id":"https:\/\/dpress.ma\/fr\/#\/schema\/person\/4898febf3ccd59e6578d838656a306a0"},"headline":"T\u00e9touan : La plage d\u2019Amsa d\u00e9croche son premier Pavillon bleu, Oued Laou reconduite pour la 14e ann\u00e9e cons\u00e9cutive","datePublished":"2026-07-17T09:19:22+00:00","dateModified":"2026-07-17T09:19:24+00:00","mainEntityOfPage":{"@id":"https:\/\/dpress.ma\/fr\/2026\/07\/17\/tetouan-la-plage-damsa-decroche-son-premier-pavillon-bleu-oued-laou-reconduite-pour-la-14e-annee-consecutive\/"},"wordCount":596,"commentCount":0,"image":{"@id":"https:\/\/dpress.ma\/fr\/2026\/07\/17\/tetouan-la-plage-damsa-decroche-son-premier-pavillon-bleu-oued-laou-reconduite-pour-la-14e-annee-consecutive\/#primaryimage"},"thumbnailUrl":"https:\/\/dpress.ma\/fr\/wp-content\/uploads\/sites\/2\/2026\/07\/36-8.jpg","articleSection":["societe et regions"],"inLanguage":"fr-FR","potentialAction":[{"@type":"CommentAction","name":"Comment","target":["https:\/\/dpress.ma\/fr\/2026\/07\/17\/tetouan-la-plage-damsa-decroche-son-premier-pavillon-bleu-oued-laou-reconduite-pour-la-14e-annee-consecutive\/#respond"]}]},{"@type":"WebPage","@id":"https:\/\/dpress.ma\/fr\/2026\/07\/17\/tetouan-la-plage-damsa-decroche-son-premier-pavillon-bleu-oued-laou-reconduite-pour-la-14e-annee-consecutive\/","url":"https:\/\/dpress.ma\/fr\/2026\/07\/17\/tetouan-la-plage-damsa-decroche-son-premier-pavillon-bleu-oued-laou-reconduite-pour-la-14e-annee-consecutive\/","name":"T\u00e9touan : La plage d\u2019Amsa d\u00e9croche son premier Pavillon bleu, Oued Laou reconduite pour la 14e ann\u00e9e cons\u00e9cutive - Dpress.ma\/fr","isPartOf":{"@id":"https:\/\/dpress.ma\/fr\/#website"},"primaryImageOfPage":{"@id":"https:\/\/dpress.ma\/fr\/2026\/07\/17\/tetouan-la-plage-damsa-decroche-son-premier-pavillon-bleu-oued-laou-reconduite-pour-la-14e-annee-consecutive\/#primaryimage"},"image":{"@id":"https:\/\/dpress.ma\/fr\/2026\/07\/17\/tetouan-la-plage-damsa-decroche-son-premier-pavillon-bleu-oued-laou-reconduite-pour-la-14e-annee-consecutive\/#primaryimage"},"thumbnailUrl":"https:\/\/dpress.ma\/fr\/wp-content\/uploads\/sites\/2\/2026\/07\/36-8.jpg","datePublished":"2026-07-17T09:19:22+00:00","dateModified":"2026-07-17T09:19:24+00:00","author":{"@id":"https:\/\/dpress.ma\/fr\/#\/schema\/person\/4898febf3ccd59e6578d838656a306a0"},"breadcrumb":{"@id":"https:\/\/dpress.ma\/fr\/2026\/07\/17\/tetouan-la-plage-damsa-decroche-son-premier-pavillon-bleu-oued-laou-reconduite-pour-la-14e-annee-consecutive\/#breadcrumb"},"inLanguage":"fr-FR","potentialAction":[{"@type":"ReadAction","target":["https:\/\/dpress.ma\/fr\/2026\/07\/17\/tetouan-la-plage-damsa-decroche-son-premier-pavillon-bleu-oued-laou-reconduite-pour-la-14e-annee-consecutive\/"]}]},{"@type":"ImageObject","inLanguage":"fr-FR","@id":"https:\/\/dpress.ma\/fr\/2026\/07\/17\/tetouan-la-plage-damsa-decroche-son-premier-pavillon-bleu-oued-laou-reconduite-pour-la-14e-annee-consecutive\/#primaryimage","url":"https:\/\/dpress.ma\/fr\/wp-content\/uploads\/sites\/2\/2026\/07\/36-8.jpg","contentUrl":"https:\/\/dpress.ma\/fr\/wp-content\/uploads\/sites\/2\/2026\/07\/36-8.jpg","width":2539,"height":1594},{"@type":"BreadcrumbList","@id":"https:\/\/dpress.ma\/fr\/2026\/07\/17\/tetouan-la-plage-damsa-decroche-son-premier-pavillon-bleu-oued-laou-reconduite-pour-la-14e-annee-consecutive\/#breadcrumb","itemListElement":[{"@type":"ListItem","position":1,"name":"Home","item":"https:\/\/dpress.ma\/fr\/"},{"@type":"ListItem","position":2,"name":"T\u00e9touan : La plage d\u2019Amsa d\u00e9croche son premier Pavillon bleu, Oued Laou reconduite pour la 14e ann\u00e9e cons\u00e9cutive"}]},{"@type":"WebSite","@id":"https:\/\/dpress.ma\/fr\/#website","url":"https:\/\/dpress.ma\/fr\/","name":"Dpress.ma\/fr","description":"","potentialAction":[{"@type":"SearchAction","target":{"@type":"EntryPoint","urlTemplate":"https:\/\/dpress.ma\/fr\/?s={search_term_string}"},"query-input":{"@type":"PropertyValueSpecification","valueRequired":true,"valueName":"search_term_string"}}],"inLanguage":"fr-FR"},{"@type":"Person","@id":"https:\/\/dpress.ma\/fr\/#\/schema\/person\/4898febf3ccd59e6578d838656a306a0","name":"Dpress.ma","image":{"@type":"ImageObject","inLanguage":"fr-FR","@id":"https:\/\/secure.gravatar.com\/avatar\/72ecc30e9db047a2e0e7176561eb9d564ed77c8108376495b19bd8336405198a?s=96&d=mm&r=g","url":"https:\/\/secure.gravatar.com\/avatar\/72ecc30e9db047a2e0e7176561eb9d564ed77c8108376495b19bd8336405198a?s=96&d=mm&r=g","contentUrl":"https:\/\/secure.gravatar.com\/avatar\/72ecc30e9db047a2e0e7176561eb9d564ed77c8108376495b19bd8336405198a?s=96&d=mm&r=g","caption":"Dpress.ma"},"sameAs":["https:\/\/www.dpress.ma"],"url":"https:\/\/dpress.ma\/fr\/author\/dpress-ma\/"}]}},"amp_enabled":true,"_links":{"self":[{"href":"https:\/\/dpress.ma\/fr\/wp-json\/wp\/v2\/posts\/36307","targetHints":{"allow":["GET"]}}],"collection":[{"href":"https:\/\/dpress.ma\/fr\/wp-json\/wp\/v2\/posts"}],"about":[{"href":"https:\/\/dpress.ma\/fr\/wp-json\/wp\/v2\/types\/post"}],"author":[{"embeddable":true,"href":"https:\/\/dpress.ma\/fr\/wp-json\/wp\/v2\/users\/2"}],"replies":[{"embeddable":true,"href":"https:\/\/dpress.ma\/fr\/wp-json\/wp\/v2\/comments?post=36307"}],"version-history":[{"count":1,"href":"https:\/\/dpress.ma\/fr\/wp-json\/wp\/v2\/posts\/36307\/revisions"}],"predecessor-version":[{"id":36309,"href":"https:\/\/dpress.ma\/fr\/wp-json\/wp\/v2\/posts\/36307\/revisions\/36309"}],"wp:featuredmedia":[{"embeddable":true,"href":"https:\/\/dpress.ma\/fr\/wp-json\/wp\/v2\/media\/36308"}],"wp:attachment":[{"href":"https:\/\/dpress.ma\/fr\/wp-json\/wp\/v2\/media?parent=36307"}],"wp:term":[{"taxonomy":"category","embeddable":true,"href":"https:\/\/dpress.ma\/fr\/wp-json\/wp\/v2\/categories?post=36307"},{"taxonomy":"post_tag","embeddable":true,"href":"https:\/\/dpress.ma\/fr\/wp-json\/wp\/v2\/tags?post=36307"}],"curies":[{"name":"wp","href":"https:\/\/api.w.org\/{rel}","templated":true}]}}