{"id":36304,"date":"2026-07-17T09:16:21","date_gmt":"2026-07-17T09:16:21","guid":{"rendered":"https:\/\/dpress.ma\/fr\/?p=36304"},"modified":"2026-07-17T09:16:24","modified_gmt":"2026-07-17T09:16:24","slug":"marrakech-un-forum-debat-de-la-modernisation-du-transport-touristique-a-lhorizon-2030","status":"publish","type":"post","link":"https:\/\/dpress.ma\/fr\/2026\/07\/17\/marrakech-un-forum-debat-de-la-modernisation-du-transport-touristique-a-lhorizon-2030\/","title":{"rendered":"Marrakech: Un forum d\u00e9bat de la modernisation du transport touristique \u00e0 l\u2019horizon 2030"},"content":{"rendered":"\n<p class=\"wp-block-paragraph\">Dpress<\/p>\n\n\n\n<p class=\"wp-block-paragraph\">Les moyens de moderniser le syst\u00e8me du transport touristique \u00e0 l&rsquo;horizon de l&rsquo;organisation par le Royaume de la Coupe du monde de football 2030 ont \u00e9t\u00e9 au centre des d\u00e9bats du 4e Forum du transport touristique, organis\u00e9, jeudi \u00e0 Marrakech.<\/p>\n\n\n\n<p class=\"wp-block-paragraph\">Plac\u00e9e sous le th\u00e8me \u00ab\u00a0Quelles solutions l\u00e9gislatives, financi\u00e8res et num\u00e9riques pour relever le d\u00e9fi de 2030 ?\u00a0\u00bb, cette rencontre, initi\u00e9e par la F\u00e9d\u00e9ration nationale du transport touristique (FNTT), intervient dans un contexte marqu\u00e9 par les profondes mutations que conna\u00eet le secteur, rendant n\u00e9cessaire l&rsquo;adaptation du cadre juridique, l&rsquo;am\u00e9lioration des m\u00e9canismes de financement et l&rsquo;acc\u00e9l\u00e9ration de la transformation num\u00e9rique afin de renforcer la qualit\u00e9 des services et la comp\u00e9titivit\u00e9 du transport touristique.<\/p>\n\n\n\n<p class=\"wp-block-paragraph\">S&rsquo;exprimant \u00e0 cette occasion, le pr\u00e9sident de la FNTT, Mohamed Bamansour, a soulign\u00e9 que la r\u00e9ussite du tourisme national \u00e0 l&rsquo;horizon 2030 ne sera pas uniquement \u00e9valu\u00e9e \u00e0 l&rsquo;aune du nombre de visiteurs, mais \u00e9galement de la qualit\u00e9 de l&rsquo;exp\u00e9rience offerte aux touristes, estimant que le transport touristique constituera l&rsquo;un des principaux indicateurs de cette qualit\u00e9.<\/p>\n\n\n\n<p class=\"wp-block-paragraph\">La premi\u00e8re priorit\u00e9 pour le d\u00e9veloppement du secteur r\u00e9side dans la r\u00e9forme du cadre l\u00e9gislatif, \u00e0 travers l&rsquo;adoption d&rsquo;une loi moderne sp\u00e9cifique au transport touristique, adapt\u00e9e aux \u00e9volutions \u00e9conomiques et num\u00e9riques tout en pr\u00e9cisant les comp\u00e9tences des diff\u00e9rents intervenants, luttant contre le transport informel et garantissant l&rsquo;\u00e9galit\u00e9 des chances entre les op\u00e9rateurs, a-t-il relev\u00e9.<\/p>\n\n\n\n<p class=\"wp-block-paragraph\">D&rsquo;autre part, M. Bamansour a insist\u00e9 sur la n\u00e9cessit\u00e9 d&rsquo;acc\u00e9l\u00e9rer la num\u00e9risation du secteur, notamment \u00e0 travers le d\u00e9veloppement de solutions de r\u00e9servation intelligente, du marketing digital et de l&rsquo;interconnexion des diff\u00e9rents services li\u00e9s au parcours touristique.<\/p>\n\n\n\n<p class=\"wp-block-paragraph\">Il a, en outre, mis l&rsquo;accent sur l&rsquo;importance d&rsquo;assurer une couverture territoriale \u00e9quilibr\u00e9e gr\u00e2ce \u00e0 un syst\u00e8me de transport performant dans l&rsquo;ensemble des r\u00e9gions du Royaume, ainsi que sur l&rsquo;investissement dans le capital humain via la formation continue, le renforcement des comp\u00e9tences linguistiques et la promotion de la culture de l&rsquo;accueil.<\/p>\n\n\n\n<p class=\"wp-block-paragraph\">Dans ce cadre, le pr\u00e9sident de la FNTT a annonc\u00e9 le d\u00e9veloppement d&rsquo;une application nationale d\u00e9di\u00e9e au transport touristique, conforme \u00e0 la r\u00e9glementation en vigueur, ainsi que la cr\u00e9ation d&rsquo;un guichet unique destin\u00e9 aux investisseurs afin de simplifier les proc\u00e9dures administratives.<\/p>\n\n\n\n<p class=\"wp-block-paragraph\">Des programmes de formation seront lanc\u00e9s en partenariat avec la Conf\u00e9d\u00e9ration nationale du tourisme et l&rsquo;Universit\u00e9 Cadi Ayyad de Marrakech, avant d&rsquo;\u00eatre progressivement g\u00e9n\u00e9ralis\u00e9s aux diff\u00e9rentes r\u00e9gions du Royaume, a-t-il poursuivi.<\/p>\n\n\n\n<p class=\"wp-block-paragraph\">De son c\u00f4t\u00e9, le vice-pr\u00e9sident de la Conf\u00e9d\u00e9ration nationale du tourisme, Lahcen Zelmat, a affirm\u00e9 que la coop\u00e9ration avec les professionnels du transport touristique s&rsquo;inscrit dans une approche alliant les dimensions touristique et formative, dans l&rsquo;objectif d&rsquo;am\u00e9liorer la qualit\u00e9 des prestations et de renforcer la comp\u00e9titivit\u00e9 de la destination Marrakech et sa r\u00e9gion.<\/p>\n\n\n\n<p class=\"wp-block-paragraph\">Il a pr\u00e9cis\u00e9 que cette coop\u00e9ration portera notamment sur la mise en \u0153uvre de programmes de formation, en partenariat avec le Groupement professionnel d&rsquo;assistance et de conseil en h\u00f4tellerie et tourisme, le minist\u00e8re du Tourisme, l&rsquo;Office de la formation professionnelle et de la promotion du travail (OFPPT) ainsi que des \u00e9tablissements priv\u00e9s de formation.<\/p>\n\n\n\n<p class=\"wp-block-paragraph\">M. Zelmat a, \u00e0 cet \u00e9gard, annonc\u00e9 la tenue pr\u00e9vue d&rsquo;une r\u00e9union en septembre prochain afin d&rsquo;\u00e9laborer un programme de formation au profit des professionnels du secteur, en vue d&rsquo;accompagner les exigences de modernisation des services touristiques et de consolider les comp\u00e9tences des acteurs du tourisme en g\u00e9n\u00e9ral et du transport touristique en particulier.<\/p>\n\n\n\n<p class=\"wp-block-paragraph\">Les participants \u00e0 ce forum, auquel ont pris part des repr\u00e9sentants de d\u00e9partements gouvernementaux, des \u00e9lus, des universitaires et des professionnels, ont d\u00e9battu, lors de plusieurs sessions scientifiques, des aspects organisationnels, institutionnels, financiers et l\u00e9gislatifs li\u00e9s au d\u00e9veloppement du transport touristique, ainsi que des r\u00e9formes juridiques susceptibles d&rsquo;accompagner l&rsquo;\u00e9volution du secteur et de r\u00e9pondre aux d\u00e9fis futurs.<\/p>\n\n\n\n<p class=\"wp-block-paragraph\">Ils ont aussi examin\u00e9 les perspectives de renforcement de la coop\u00e9ration entre les diff\u00e9rents intervenants et les moyens d&rsquo;acc\u00e9l\u00e9rer la modernisation du secteur, en ad\u00e9quation avec les exigences de la prochaine \u00e9tape.<\/p>\n\n\n\n<p class=\"wp-block-paragraph\">D\u00e9sormais un rendez-vous annuel, le Forum national du transport touristique au Maroc r\u00e9unit les principaux acteurs et institutions concern\u00e9s afin d&rsquo;\u00e9changer autour des \u00e9volutions du secteur, d&rsquo;anticiper les d\u00e9fis auxquels il est confront\u00e9 et de consolider la concertation et la coop\u00e9ration entre les composantes de l&rsquo;\u00e9cosyst\u00e8me touristique.<\/p>\n\n\n\n<p class=\"wp-block-paragraph\"><a href=\"https:\/\/www.facebook.com\/sharer\/sharer.php?u=https:\/\/www.mapexpress.ma\/actualite\/societe-et-regions\/marrakech-forum-debat-modernisation-du-transport-touristique-lhorizon-2030\/\" target=\"_blank\" rel=\"noreferrer noopener\"><\/a><a href=\"https:\/\/x.com\/intent\/tweet?url=https:\/\/www.mapexpress.ma\/actualite\/societe-et-regions\/marrakech-forum-debat-modernisation-du-transport-touristique-lhorizon-2030\/&amp;text=Marrakech%3A+Un+forum+d%C3%A9bat+de+la+modernisation+du+transport+touristique+%C3%A0+l%26%238217%3Bhorizon+2030\" target=\"_blank\" rel=\"noreferrer noopener\"> <\/a><a href=\"https:\/\/www.linkedin.com\/feed\/?shareUrl=https:\/\/www.mapexpress.ma\/actualite\/societe-et-regions\/marrakech-forum-debat-modernisation-du-transport-touristique-lhorizon-2030\/\" target=\"_blank\" rel=\"noreferrer noopener\"><\/a><a href=\"https:\/\/api.whatsapp.com\/send?text=Marrakech%3A+Un+forum+d%C3%A9bat+de+la+modernisation+du+transport+touristique+%C3%A0+l%26%238217%3Bhorizon+2030+https%3A%2F%2Fwww.mapexpress.ma%2Factualite%2Fsociete-et-regions%2Fmarrakech-forum-debat-modernisation-du-transport-touristique-lhorizon-2030%2F\" target=\"_blank\" rel=\"noreferrer noopener\"><\/a><\/p>\n","protected":false},"excerpt":{"rendered":"<p>Dpress Les moyens de moderniser le syst\u00e8me du transport touristique \u00e0 l&rsquo;horizon de l&rsquo;organisation par le Royaume de la Coupe du monde de football 2030 ont \u00e9t\u00e9 au centre des d\u00e9bats du 4e Forum du transport touristique, organis\u00e9, jeudi \u00e0 Marrakech. Plac\u00e9e sous le th\u00e8me \u00ab\u00a0Quelles solutions l\u00e9gislatives, financi\u00e8res et num\u00e9riques pour relever le d\u00e9fi &hellip;<\/p>\n","protected":false},"author":2,"featured_media":36305,"comment_status":"open","ping_status":"open","sticky":false,"template":"","format":"standard","meta":{"footnotes":""},"categories":[40],"tags":[],"class_list":["post-36304","post","type-post","status-publish","format-standard","has-post-thumbnail","hentry","category-societe-et-regions"],"yoast_head":"<!-- This site is optimized with the Yoast SEO plugin v28.0 - https:\/\/yoast.com\/product\/yoast-seo-wordpress\/ -->\n<title>Marrakech: Un forum d\u00e9bat de la modernisation du transport touristique \u00e0 l\u2019horizon 2030 - Dpress.ma\/fr<\/title>\n<meta name=\"robots\" content=\"index, follow, max-snippet:-1, max-image-preview:large, max-video-preview:-1\" \/>\n<link rel=\"canonical\" href=\"https:\/\/dpress.ma\/fr\/2026\/07\/17\/marrakech-un-forum-debat-de-la-modernisation-du-transport-touristique-a-lhorizon-2030\/\" \/>\n<meta property=\"og:locale\" content=\"fr_FR\" \/>\n<meta property=\"og:type\" content=\"article\" \/>\n<meta property=\"og:title\" content=\"Marrakech: Un forum d\u00e9bat de la modernisation du transport touristique \u00e0 l\u2019horizon 2030 - Dpress.ma\/fr\" \/>\n<meta property=\"og:description\" content=\"Dpress Les moyens de moderniser le syst\u00e8me du transport touristique \u00e0 l&rsquo;horizon de l&rsquo;organisation par le Royaume de la Coupe du monde de football 2030 ont \u00e9t\u00e9 au centre des d\u00e9bats du 4e Forum du transport touristique, organis\u00e9, jeudi \u00e0 Marrakech. Plac\u00e9e sous le th\u00e8me \u00ab\u00a0Quelles solutions l\u00e9gislatives, financi\u00e8res et num\u00e9riques pour relever le d\u00e9fi &hellip;\" \/>\n<meta property=\"og:url\" content=\"https:\/\/dpress.ma\/fr\/2026\/07\/17\/marrakech-un-forum-debat-de-la-modernisation-du-transport-touristique-a-lhorizon-2030\/\" \/>\n<meta property=\"og:site_name\" content=\"Dpress.ma\/fr\" \/>\n<meta property=\"article:published_time\" content=\"2026-07-17T09:16:21+00:00\" \/>\n<meta property=\"article:modified_time\" content=\"2026-07-17T09:16:24+00:00\" \/>\n<meta property=\"og:image\" content=\"https:\/\/dpress.ma\/fr\/wp-content\/uploads\/sites\/2\/2026\/07\/35-8.jpg\" \/>\n\t<meta property=\"og:image:width\" content=\"2539\" \/>\n\t<meta property=\"og:image:height\" content=\"1594\" \/>\n\t<meta property=\"og:image:type\" content=\"image\/jpeg\" \/>\n<meta name=\"author\" content=\"Dpress.ma\" \/>\n<meta name=\"twitter:card\" content=\"summary_large_image\" \/>\n<meta name=\"twitter:label1\" content=\"\u00c9crit par\" \/>\n\t<meta name=\"twitter:data1\" content=\"Dpress.ma\" \/>\n\t<meta name=\"twitter:label2\" content=\"Dur\u00e9e de lecture estim\u00e9e\" \/>\n\t<meta name=\"twitter:data2\" content=\"4 minutes\" \/>\n<script type=\"application\/ld+json\" class=\"yoast-schema-graph\">{\"@context\":\"https:\\\/\\\/schema.org\",\"@graph\":[{\"@type\":\"Article\",\"@id\":\"https:\\\/\\\/dpress.ma\\\/fr\\\/2026\\\/07\\\/17\\\/marrakech-un-forum-debat-de-la-modernisation-du-transport-touristique-a-lhorizon-2030\\\/#article\",\"isPartOf\":{\"@id\":\"https:\\\/\\\/dpress.ma\\\/fr\\\/2026\\\/07\\\/17\\\/marrakech-un-forum-debat-de-la-modernisation-du-transport-touristique-a-lhorizon-2030\\\/\"},\"author\":{\"name\":\"Dpress.ma\",\"@id\":\"https:\\\/\\\/dpress.ma\\\/fr\\\/#\\\/schema\\\/person\\\/4898febf3ccd59e6578d838656a306a0\"},\"headline\":\"Marrakech: Un forum d\u00e9bat de la modernisation du transport touristique \u00e0 l\u2019horizon 2030\",\"datePublished\":\"2026-07-17T09:16:21+00:00\",\"dateModified\":\"2026-07-17T09:16:24+00:00\",\"mainEntityOfPage\":{\"@id\":\"https:\\\/\\\/dpress.ma\\\/fr\\\/2026\\\/07\\\/17\\\/marrakech-un-forum-debat-de-la-modernisation-du-transport-touristique-a-lhorizon-2030\\\/\"},\"wordCount\":784,\"commentCount\":0,\"image\":{\"@id\":\"https:\\\/\\\/dpress.ma\\\/fr\\\/2026\\\/07\\\/17\\\/marrakech-un-forum-debat-de-la-modernisation-du-transport-touristique-a-lhorizon-2030\\\/#primaryimage\"},\"thumbnailUrl\":\"https:\\\/\\\/dpress.ma\\\/fr\\\/wp-content\\\/uploads\\\/sites\\\/2\\\/2026\\\/07\\\/35-8.jpg\",\"articleSection\":[\"societe et regions\"],\"inLanguage\":\"fr-FR\",\"potentialAction\":[{\"@type\":\"CommentAction\",\"name\":\"Comment\",\"target\":[\"https:\\\/\\\/dpress.ma\\\/fr\\\/2026\\\/07\\\/17\\\/marrakech-un-forum-debat-de-la-modernisation-du-transport-touristique-a-lhorizon-2030\\\/#respond\"]}]},{\"@type\":\"WebPage\",\"@id\":\"https:\\\/\\\/dpress.ma\\\/fr\\\/2026\\\/07\\\/17\\\/marrakech-un-forum-debat-de-la-modernisation-du-transport-touristique-a-lhorizon-2030\\\/\",\"url\":\"https:\\\/\\\/dpress.ma\\\/fr\\\/2026\\\/07\\\/17\\\/marrakech-un-forum-debat-de-la-modernisation-du-transport-touristique-a-lhorizon-2030\\\/\",\"name\":\"Marrakech: Un forum d\u00e9bat de la modernisation du transport touristique \u00e0 l\u2019horizon 2030 - Dpress.ma\\\/fr\",\"isPartOf\":{\"@id\":\"https:\\\/\\\/dpress.ma\\\/fr\\\/#website\"},\"primaryImageOfPage\":{\"@id\":\"https:\\\/\\\/dpress.ma\\\/fr\\\/2026\\\/07\\\/17\\\/marrakech-un-forum-debat-de-la-modernisation-du-transport-touristique-a-lhorizon-2030\\\/#primaryimage\"},\"image\":{\"@id\":\"https:\\\/\\\/dpress.ma\\\/fr\\\/2026\\\/07\\\/17\\\/marrakech-un-forum-debat-de-la-modernisation-du-transport-touristique-a-lhorizon-2030\\\/#primaryimage\"},\"thumbnailUrl\":\"https:\\\/\\\/dpress.ma\\\/fr\\\/wp-content\\\/uploads\\\/sites\\\/2\\\/2026\\\/07\\\/35-8.jpg\",\"datePublished\":\"2026-07-17T09:16:21+00:00\",\"dateModified\":\"2026-07-17T09:16:24+00:00\",\"author\":{\"@id\":\"https:\\\/\\\/dpress.ma\\\/fr\\\/#\\\/schema\\\/person\\\/4898febf3ccd59e6578d838656a306a0\"},\"breadcrumb\":{\"@id\":\"https:\\\/\\\/dpress.ma\\\/fr\\\/2026\\\/07\\\/17\\\/marrakech-un-forum-debat-de-la-modernisation-du-transport-touristique-a-lhorizon-2030\\\/#breadcrumb\"},\"inLanguage\":\"fr-FR\",\"potentialAction\":[{\"@type\":\"ReadAction\",\"target\":[\"https:\\\/\\\/dpress.ma\\\/fr\\\/2026\\\/07\\\/17\\\/marrakech-un-forum-debat-de-la-modernisation-du-transport-touristique-a-lhorizon-2030\\\/\"]}]},{\"@type\":\"ImageObject\",\"inLanguage\":\"fr-FR\",\"@id\":\"https:\\\/\\\/dpress.ma\\\/fr\\\/2026\\\/07\\\/17\\\/marrakech-un-forum-debat-de-la-modernisation-du-transport-touristique-a-lhorizon-2030\\\/#primaryimage\",\"url\":\"https:\\\/\\\/dpress.ma\\\/fr\\\/wp-content\\\/uploads\\\/sites\\\/2\\\/2026\\\/07\\\/35-8.jpg\",\"contentUrl\":\"https:\\\/\\\/dpress.ma\\\/fr\\\/wp-content\\\/uploads\\\/sites\\\/2\\\/2026\\\/07\\\/35-8.jpg\",\"width\":2539,\"height\":1594},{\"@type\":\"BreadcrumbList\",\"@id\":\"https:\\\/\\\/dpress.ma\\\/fr\\\/2026\\\/07\\\/17\\\/marrakech-un-forum-debat-de-la-modernisation-du-transport-touristique-a-lhorizon-2030\\\/#breadcrumb\",\"itemListElement\":[{\"@type\":\"ListItem\",\"position\":1,\"name\":\"Home\",\"item\":\"https:\\\/\\\/dpress.ma\\\/fr\\\/\"},{\"@type\":\"ListItem\",\"position\":2,\"name\":\"Marrakech: Un forum d\u00e9bat de la modernisation du transport touristique \u00e0 l\u2019horizon 2030\"}]},{\"@type\":\"WebSite\",\"@id\":\"https:\\\/\\\/dpress.ma\\\/fr\\\/#website\",\"url\":\"https:\\\/\\\/dpress.ma\\\/fr\\\/\",\"name\":\"Dpress.ma\\\/fr\",\"description\":\"\",\"potentialAction\":[{\"@type\":\"SearchAction\",\"target\":{\"@type\":\"EntryPoint\",\"urlTemplate\":\"https:\\\/\\\/dpress.ma\\\/fr\\\/?s={search_term_string}\"},\"query-input\":{\"@type\":\"PropertyValueSpecification\",\"valueRequired\":true,\"valueName\":\"search_term_string\"}}],\"inLanguage\":\"fr-FR\"},{\"@type\":\"Person\",\"@id\":\"https:\\\/\\\/dpress.ma\\\/fr\\\/#\\\/schema\\\/person\\\/4898febf3ccd59e6578d838656a306a0\",\"name\":\"Dpress.ma\",\"image\":{\"@type\":\"ImageObject\",\"inLanguage\":\"fr-FR\",\"@id\":\"https:\\\/\\\/secure.gravatar.com\\\/avatar\\\/72ecc30e9db047a2e0e7176561eb9d564ed77c8108376495b19bd8336405198a?s=96&d=mm&r=g\",\"url\":\"https:\\\/\\\/secure.gravatar.com\\\/avatar\\\/72ecc30e9db047a2e0e7176561eb9d564ed77c8108376495b19bd8336405198a?s=96&d=mm&r=g\",\"contentUrl\":\"https:\\\/\\\/secure.gravatar.com\\\/avatar\\\/72ecc30e9db047a2e0e7176561eb9d564ed77c8108376495b19bd8336405198a?s=96&d=mm&r=g\",\"caption\":\"Dpress.ma\"},\"sameAs\":[\"https:\\\/\\\/www.dpress.ma\"],\"url\":\"https:\\\/\\\/dpress.ma\\\/fr\\\/author\\\/dpress-ma\\\/\"}]}<\/script>\n<!-- \/ Yoast SEO plugin. -->","yoast_head_json":{"title":"Marrakech: Un forum d\u00e9bat de la modernisation du transport touristique \u00e0 l\u2019horizon 2030 - Dpress.ma\/fr","robots":{"index":"index","follow":"follow","max-snippet":"max-snippet:-1","max-image-preview":"max-image-preview:large","max-video-preview":"max-video-preview:-1"},"canonical":"https:\/\/dpress.ma\/fr\/2026\/07\/17\/marrakech-un-forum-debat-de-la-modernisation-du-transport-touristique-a-lhorizon-2030\/","og_locale":"fr_FR","og_type":"article","og_title":"Marrakech: Un forum d\u00e9bat de la modernisation du transport touristique \u00e0 l\u2019horizon 2030 - Dpress.ma\/fr","og_description":"Dpress Les moyens de moderniser le syst\u00e8me du transport touristique \u00e0 l&rsquo;horizon de l&rsquo;organisation par le Royaume de la Coupe du monde de football 2030 ont \u00e9t\u00e9 au centre des d\u00e9bats du 4e Forum du transport touristique, organis\u00e9, jeudi \u00e0 Marrakech. Plac\u00e9e sous le th\u00e8me \u00ab\u00a0Quelles solutions l\u00e9gislatives, financi\u00e8res et num\u00e9riques pour relever le d\u00e9fi &hellip;","og_url":"https:\/\/dpress.ma\/fr\/2026\/07\/17\/marrakech-un-forum-debat-de-la-modernisation-du-transport-touristique-a-lhorizon-2030\/","og_site_name":"Dpress.ma\/fr","article_published_time":"2026-07-17T09:16:21+00:00","article_modified_time":"2026-07-17T09:16:24+00:00","og_image":[{"width":2539,"height":1594,"url":"https:\/\/dpress.ma\/fr\/wp-content\/uploads\/sites\/2\/2026\/07\/35-8.jpg","type":"image\/jpeg"}],"author":"Dpress.ma","twitter_card":"summary_large_image","twitter_misc":{"\u00c9crit par":"Dpress.ma","Dur\u00e9e de lecture estim\u00e9e":"4 minutes"},"schema":{"@context":"https:\/\/schema.org","@graph":[{"@type":"Article","@id":"https:\/\/dpress.ma\/fr\/2026\/07\/17\/marrakech-un-forum-debat-de-la-modernisation-du-transport-touristique-a-lhorizon-2030\/#article","isPartOf":{"@id":"https:\/\/dpress.ma\/fr\/2026\/07\/17\/marrakech-un-forum-debat-de-la-modernisation-du-transport-touristique-a-lhorizon-2030\/"},"author":{"name":"Dpress.ma","@id":"https:\/\/dpress.ma\/fr\/#\/schema\/person\/4898febf3ccd59e6578d838656a306a0"},"headline":"Marrakech: Un forum d\u00e9bat de la modernisation du transport touristique \u00e0 l\u2019horizon 2030","datePublished":"2026-07-17T09:16:21+00:00","dateModified":"2026-07-17T09:16:24+00:00","mainEntityOfPage":{"@id":"https:\/\/dpress.ma\/fr\/2026\/07\/17\/marrakech-un-forum-debat-de-la-modernisation-du-transport-touristique-a-lhorizon-2030\/"},"wordCount":784,"commentCount":0,"image":{"@id":"https:\/\/dpress.ma\/fr\/2026\/07\/17\/marrakech-un-forum-debat-de-la-modernisation-du-transport-touristique-a-lhorizon-2030\/#primaryimage"},"thumbnailUrl":"https:\/\/dpress.ma\/fr\/wp-content\/uploads\/sites\/2\/2026\/07\/35-8.jpg","articleSection":["societe et regions"],"inLanguage":"fr-FR","potentialAction":[{"@type":"CommentAction","name":"Comment","target":["https:\/\/dpress.ma\/fr\/2026\/07\/17\/marrakech-un-forum-debat-de-la-modernisation-du-transport-touristique-a-lhorizon-2030\/#respond"]}]},{"@type":"WebPage","@id":"https:\/\/dpress.ma\/fr\/2026\/07\/17\/marrakech-un-forum-debat-de-la-modernisation-du-transport-touristique-a-lhorizon-2030\/","url":"https:\/\/dpress.ma\/fr\/2026\/07\/17\/marrakech-un-forum-debat-de-la-modernisation-du-transport-touristique-a-lhorizon-2030\/","name":"Marrakech: Un forum d\u00e9bat de la modernisation du transport touristique \u00e0 l\u2019horizon 2030 - Dpress.ma\/fr","isPartOf":{"@id":"https:\/\/dpress.ma\/fr\/#website"},"primaryImageOfPage":{"@id":"https:\/\/dpress.ma\/fr\/2026\/07\/17\/marrakech-un-forum-debat-de-la-modernisation-du-transport-touristique-a-lhorizon-2030\/#primaryimage"},"image":{"@id":"https:\/\/dpress.ma\/fr\/2026\/07\/17\/marrakech-un-forum-debat-de-la-modernisation-du-transport-touristique-a-lhorizon-2030\/#primaryimage"},"thumbnailUrl":"https:\/\/dpress.ma\/fr\/wp-content\/uploads\/sites\/2\/2026\/07\/35-8.jpg","datePublished":"2026-07-17T09:16:21+00:00","dateModified":"2026-07-17T09:16:24+00:00","author":{"@id":"https:\/\/dpress.ma\/fr\/#\/schema\/person\/4898febf3ccd59e6578d838656a306a0"},"breadcrumb":{"@id":"https:\/\/dpress.ma\/fr\/2026\/07\/17\/marrakech-un-forum-debat-de-la-modernisation-du-transport-touristique-a-lhorizon-2030\/#breadcrumb"},"inLanguage":"fr-FR","potentialAction":[{"@type":"ReadAction","target":["https:\/\/dpress.ma\/fr\/2026\/07\/17\/marrakech-un-forum-debat-de-la-modernisation-du-transport-touristique-a-lhorizon-2030\/"]}]},{"@type":"ImageObject","inLanguage":"fr-FR","@id":"https:\/\/dpress.ma\/fr\/2026\/07\/17\/marrakech-un-forum-debat-de-la-modernisation-du-transport-touristique-a-lhorizon-2030\/#primaryimage","url":"https:\/\/dpress.ma\/fr\/wp-content\/uploads\/sites\/2\/2026\/07\/35-8.jpg","contentUrl":"https:\/\/dpress.ma\/fr\/wp-content\/uploads\/sites\/2\/2026\/07\/35-8.jpg","width":2539,"height":1594},{"@type":"BreadcrumbList","@id":"https:\/\/dpress.ma\/fr\/2026\/07\/17\/marrakech-un-forum-debat-de-la-modernisation-du-transport-touristique-a-lhorizon-2030\/#breadcrumb","itemListElement":[{"@type":"ListItem","position":1,"name":"Home","item":"https:\/\/dpress.ma\/fr\/"},{"@type":"ListItem","position":2,"name":"Marrakech: Un forum d\u00e9bat de la modernisation du transport touristique \u00e0 l\u2019horizon 2030"}]},{"@type":"WebSite","@id":"https:\/\/dpress.ma\/fr\/#website","url":"https:\/\/dpress.ma\/fr\/","name":"Dpress.ma\/fr","description":"","potentialAction":[{"@type":"SearchAction","target":{"@type":"EntryPoint","urlTemplate":"https:\/\/dpress.ma\/fr\/?s={search_term_string}"},"query-input":{"@type":"PropertyValueSpecification","valueRequired":true,"valueName":"search_term_string"}}],"inLanguage":"fr-FR"},{"@type":"Person","@id":"https:\/\/dpress.ma\/fr\/#\/schema\/person\/4898febf3ccd59e6578d838656a306a0","name":"Dpress.ma","image":{"@type":"ImageObject","inLanguage":"fr-FR","@id":"https:\/\/secure.gravatar.com\/avatar\/72ecc30e9db047a2e0e7176561eb9d564ed77c8108376495b19bd8336405198a?s=96&d=mm&r=g","url":"https:\/\/secure.gravatar.com\/avatar\/72ecc30e9db047a2e0e7176561eb9d564ed77c8108376495b19bd8336405198a?s=96&d=mm&r=g","contentUrl":"https:\/\/secure.gravatar.com\/avatar\/72ecc30e9db047a2e0e7176561eb9d564ed77c8108376495b19bd8336405198a?s=96&d=mm&r=g","caption":"Dpress.ma"},"sameAs":["https:\/\/www.dpress.ma"],"url":"https:\/\/dpress.ma\/fr\/author\/dpress-ma\/"}]}},"amp_enabled":true,"_links":{"self":[{"href":"https:\/\/dpress.ma\/fr\/wp-json\/wp\/v2\/posts\/36304","targetHints":{"allow":["GET"]}}],"collection":[{"href":"https:\/\/dpress.ma\/fr\/wp-json\/wp\/v2\/posts"}],"about":[{"href":"https:\/\/dpress.ma\/fr\/wp-json\/wp\/v2\/types\/post"}],"author":[{"embeddable":true,"href":"https:\/\/dpress.ma\/fr\/wp-json\/wp\/v2\/users\/2"}],"replies":[{"embeddable":true,"href":"https:\/\/dpress.ma\/fr\/wp-json\/wp\/v2\/comments?post=36304"}],"version-history":[{"count":1,"href":"https:\/\/dpress.ma\/fr\/wp-json\/wp\/v2\/posts\/36304\/revisions"}],"predecessor-version":[{"id":36306,"href":"https:\/\/dpress.ma\/fr\/wp-json\/wp\/v2\/posts\/36304\/revisions\/36306"}],"wp:featuredmedia":[{"embeddable":true,"href":"https:\/\/dpress.ma\/fr\/wp-json\/wp\/v2\/media\/36305"}],"wp:attachment":[{"href":"https:\/\/dpress.ma\/fr\/wp-json\/wp\/v2\/media?parent=36304"}],"wp:term":[{"taxonomy":"category","embeddable":true,"href":"https:\/\/dpress.ma\/fr\/wp-json\/wp\/v2\/categories?post=36304"},{"taxonomy":"post_tag","embeddable":true,"href":"https:\/\/dpress.ma\/fr\/wp-json\/wp\/v2\/tags?post=36304"}],"curies":[{"name":"wp","href":"https:\/\/api.w.org\/{rel}","templated":true}]}}