{"id":36298,"date":"2026-07-17T09:12:53","date_gmt":"2026-07-17T09:12:53","guid":{"rendered":"https:\/\/dpress.ma\/fr\/?p=36298"},"modified":"2026-07-17T09:12:54","modified_gmt":"2026-07-17T09:12:54","slug":"la-plage-dessaouira-labellisee-pavillon-bleu-pour-la-22e-annee-consecutive","status":"publish","type":"post","link":"https:\/\/dpress.ma\/fr\/2026\/07\/17\/la-plage-dessaouira-labellisee-pavillon-bleu-pour-la-22e-annee-consecutive\/","title":{"rendered":"La plage d\u2019Essaouira labellis\u00e9e \u201cPavillon Bleu\u201d pour la 22e ann\u00e9e cons\u00e9cutive"},"content":{"rendered":"\n<p class=\"wp-block-paragraph\">Dpress<\/p>\n\n\n\n<p class=\"wp-block-paragraph\">Le label international \u00ab\u00a0Pavillon Bleu\u00a0\u00bb a \u00e9t\u00e9 hiss\u00e9, jeudi, sur la plage d&rsquo;Essaouira pour la 22e ann\u00e9e cons\u00e9cutive.<\/p>\n\n\n\n<p class=\"wp-block-paragraph\">Attribu\u00e9 annuellement par la Fondation pour l&rsquo;\u00c9ducation \u00e0 l&rsquo;Environnement (FEE), le label \u00ab\u00a0Pavillon Bleu\u00a0\u00bb est port\u00e9 au Maroc depuis 2002 par la Fondation Mohammed VI pour la Protection de l&rsquo;Environnement, pr\u00e9sid\u00e9e par Son Altesse Royale la Princesse Lalla Hasnaa.<\/p>\n\n\n\n<p class=\"wp-block-paragraph\">Une c\u00e9r\u00e9monie officielle c\u00e9l\u00e9brant la labellisation de la plage de la Cit\u00e9 des Aliz\u00e9s \u00ab\u00a0Pavillon Bleu\u00a0\u00bb pour l&rsquo;ann\u00e9e 2026, dans le cadre du programme national \u00ab\u00a0Plages Propres\u00a0\u00bb, a \u00e9t\u00e9 organis\u00e9e, en pr\u00e9sence notamment du gouverneur de la province, Mohammed Rachid, de repr\u00e9sentants des autorit\u00e9s locales et s\u00e9curitaires, de chefs des services ext\u00e9rieurs, ainsi que d&rsquo;acteurs de la soci\u00e9t\u00e9 civile et d&rsquo;autres personnalit\u00e9s.<\/p>\n\n\n\n<p class=\"wp-block-paragraph\">Dans une allocution de circonstance, le chef du service de gestion des risques naturels et de l&rsquo;environnement \u00e0 la Province d&rsquo;Essaouira, Jilali Boualba, a soulign\u00e9 que le maintien du label \u00ab\u00a0Pavillon Bleu\u00a0\u00bb pour la 22e ann\u00e9e cons\u00e9cutive consacre la r\u00e9ussite d&rsquo;un mod\u00e8le int\u00e9gr\u00e9 de gouvernance environnementale et de gestion durable du littoral, relevant que cette distinction confirme le positionnement d&rsquo;Essaouira parmi les destinations c\u00f4ti\u00e8res ayant su concilier pr\u00e9servation de l&rsquo;environnement, qualit\u00e9 des services et d\u00e9veloppement touristique durable.<\/p>\n\n\n\n<p class=\"wp-block-paragraph\">Cette reconnaissance est le fruit d&rsquo;une mobilisation permanente des autorit\u00e9s, des institutions concern\u00e9es, des partenaires du programme \u00ab\u00a0Plages Propres\u00a0\u00bb et de la soci\u00e9t\u00e9 civile, dans le cadre d&rsquo;une approche participative fond\u00e9e sur la coordination et l&rsquo;am\u00e9lioration continue, a-t-il fait savoir.<\/p>\n\n\n\n<p class=\"wp-block-paragraph\">\u00c9voquant les principaux crit\u00e8res ayant permis le renouvellement de cette distinction, M. Boualba a mis en avant la surveillance r\u00e9guli\u00e8re de la qualit\u00e9 des eaux de baignade, le renforcement des op\u00e9rations quotidiennes de nettoyage et l&rsquo;am\u00e9lioration de l&rsquo;organisation des espaces et des services.<\/p>\n\n\n\n<p class=\"wp-block-paragraph\">Il a notamment indiqu\u00e9 que les effectifs d\u00e9di\u00e9s \u00e0 la propret\u00e9 ont \u00e9t\u00e9 renforc\u00e9s cette ann\u00e9e, ajoutant que, pour la premi\u00e8re fois, les activit\u00e9s \u00e9conomiques sur la plage sont encadr\u00e9es par un cahier des charges r\u00e9glementant l&rsquo;occupation du domaine public maritime, afin d&rsquo;assurer une gestion harmonieuse et rationnelle de cet espace.<\/p>\n\n\n\n<p class=\"wp-block-paragraph\">Par ailleurs, M. Boualba a attir\u00e9 l&rsquo;attention sur l&rsquo;importance accord\u00e9e \u00e0 la s\u00e9curit\u00e9 des estivants, \u00e0 l&rsquo;accessibilit\u00e9 des personnes en situation de handicap, ainsi qu&rsquo;aux actions de sensibilisation \u00e0 la protection de l&rsquo;environnement, rappelant que le maintien du \u00ab\u00a0Pavillon Bleu\u00a0\u00bb repose sur un dispositif permanent d&rsquo;\u00e9valuation des performances environnementales, organisationnelles et des services, permettant d&rsquo;identifier les axes d&rsquo;am\u00e9lioration et de garantir, d&rsquo;ann\u00e9e en ann\u00e9e, le respect des standards internationaux de ce label d&rsquo;excellence.<\/p>\n\n\n\n<p class=\"wp-block-paragraph\">De son c\u00f4t\u00e9, le directeur des ports de la r\u00e9gion Marrakech-Safi, Mohammed Hassou, a fait observer que la lev\u00e9e du Pavillon Bleu sur la plage d&rsquo;Essaouira pour la 22e ann\u00e9e cons\u00e9cutive constitue une source de fiert\u00e9 et incarne les efforts d\u00e9ploy\u00e9s dans le cadre du programme national \u00ab\u00a0Plages Propres\u00a0\u00bb.<\/p>\n\n\n\n<p class=\"wp-block-paragraph\">\u00ab\u00a0Cette distinction internationale r\u00e9compense les actions entreprises pour pr\u00e9server la qualit\u00e9 des eaux de baignade, consolider les dispositifs de s\u00e9curit\u00e9 et de s\u00fbret\u00e9 au profit des estivants, am\u00e9liorer la propret\u00e9 de la plage et prot\u00e9ger son environnement, tout en menant des campagnes de sensibilisation, notamment aupr\u00e8s des enfants et des jeunes, en vue de promouvoir les bonnes pratiques environnementales\u00a0\u00bb, a-t-il expliqu\u00e9 dans une d\u00e9claration \u00e0 la presse.<\/p>\n\n\n\n<p class=\"wp-block-paragraph\">M. Hassou a r\u00e9affirm\u00e9, \u00e0 cette occasion, l&rsquo;engagement de l&rsquo;Agence Nationale des Ports (ANP) \u00e0 poursuivre sa mobilisation au sein de cette d\u00e9marche participative, l&rsquo;objectif \u00e9tant de pr\u00e9server cet acquis environnemental et de contribuer au maintien des standards internationaux exig\u00e9s par le label \u00ab\u00a0Pavillon Bleu\u00a0\u00bb.<\/p>\n\n\n\n<p class=\"wp-block-paragraph\">A l&rsquo;issue de cette c\u00e9r\u00e9monie, marqu\u00e9e par une s\u00e9rie d&rsquo;animations culturelles et musicales, M. Rachid et la d\u00e9l\u00e9gation l&rsquo;accompagnant ont effectu\u00e9 une visite \u00e0 plusieurs d\u00e9pendances et postes de services institutionnels, notamment ceux de la Protection civile et des Forces auxiliaires, afin de s&rsquo;enqu\u00e9rir des dispositifs d\u00e9ploy\u00e9s pour assurer la s\u00e9curit\u00e9 des estivants, la pr\u00e9vention des risques et la qualit\u00e9 des services offerts sur la plage.<\/p>\n\n\n\n<p class=\"wp-block-paragraph\">La d\u00e9l\u00e9gation a \u00e9galement visit\u00e9 plusieurs espaces de sensibilisation et d&rsquo;animation, o\u00f9 des associations locales ont pr\u00e9sent\u00e9 leurs actions en faveur de la protection de l&rsquo;environnement et de la promotion des bonnes pratiques \u00e9cologiques.<\/p>\n\n\n\n<p class=\"wp-block-paragraph\">Au niveau national, le label international \u00ab\u00a0Pavillon Bleu\u00a0\u00bb flottera durant la saison estivale 2026 sur 33 plages, quatre ports de plaisance et marinas ainsi qu&rsquo;un lac naturel de montagne.<\/p>\n\n\n\n<p class=\"wp-block-paragraph\">Avec 38 sites labellis\u00e9s, dont cinq nouvelles plages, le Royaume confirme sa position de leader r\u00e9gional du \u00ab\u00a0Pavillon Bleu\u00a0\u00bb et poursuit la consolidation d&rsquo;un mod\u00e8le de gestion durable du littoral fond\u00e9 sur l&rsquo;engagement des territoires et la mobilisation de l&rsquo;ensemble des partenaires.<\/p>\n","protected":false},"excerpt":{"rendered":"<p>Dpress Le label international \u00ab\u00a0Pavillon Bleu\u00a0\u00bb a \u00e9t\u00e9 hiss\u00e9, jeudi, sur la plage d&rsquo;Essaouira pour la 22e ann\u00e9e cons\u00e9cutive. Attribu\u00e9 annuellement par la Fondation pour l&rsquo;\u00c9ducation \u00e0 l&rsquo;Environnement (FEE), le label \u00ab\u00a0Pavillon Bleu\u00a0\u00bb est port\u00e9 au Maroc depuis 2002 par la Fondation Mohammed VI pour la Protection de l&rsquo;Environnement, pr\u00e9sid\u00e9e par Son Altesse Royale la &hellip;<\/p>\n","protected":false},"author":2,"featured_media":36299,"comment_status":"open","ping_status":"open","sticky":false,"template":"","format":"standard","meta":{"footnotes":""},"categories":[40],"tags":[],"class_list":["post-36298","post","type-post","status-publish","format-standard","has-post-thumbnail","hentry","category-societe-et-regions"],"yoast_head":"<!-- This site is optimized with the Yoast SEO plugin v28.0 - https:\/\/yoast.com\/product\/yoast-seo-wordpress\/ -->\n<title>La plage d\u2019Essaouira labellis\u00e9e \u201cPavillon Bleu\u201d pour la 22e ann\u00e9e cons\u00e9cutive - Dpress.ma\/fr<\/title>\n<meta name=\"robots\" content=\"index, follow, max-snippet:-1, max-image-preview:large, max-video-preview:-1\" \/>\n<link rel=\"canonical\" href=\"https:\/\/dpress.ma\/fr\/2026\/07\/17\/la-plage-dessaouira-labellisee-pavillon-bleu-pour-la-22e-annee-consecutive\/\" \/>\n<meta property=\"og:locale\" content=\"fr_FR\" \/>\n<meta property=\"og:type\" content=\"article\" \/>\n<meta property=\"og:title\" content=\"La plage d\u2019Essaouira labellis\u00e9e \u201cPavillon Bleu\u201d pour la 22e ann\u00e9e cons\u00e9cutive - Dpress.ma\/fr\" \/>\n<meta property=\"og:description\" content=\"Dpress Le label international \u00ab\u00a0Pavillon Bleu\u00a0\u00bb a \u00e9t\u00e9 hiss\u00e9, jeudi, sur la plage d&rsquo;Essaouira pour la 22e ann\u00e9e cons\u00e9cutive. Attribu\u00e9 annuellement par la Fondation pour l&rsquo;\u00c9ducation \u00e0 l&rsquo;Environnement (FEE), le label \u00ab\u00a0Pavillon Bleu\u00a0\u00bb est port\u00e9 au Maroc depuis 2002 par la Fondation Mohammed VI pour la Protection de l&rsquo;Environnement, pr\u00e9sid\u00e9e par Son Altesse Royale la &hellip;\" \/>\n<meta property=\"og:url\" content=\"https:\/\/dpress.ma\/fr\/2026\/07\/17\/la-plage-dessaouira-labellisee-pavillon-bleu-pour-la-22e-annee-consecutive\/\" \/>\n<meta property=\"og:site_name\" content=\"Dpress.ma\/fr\" \/>\n<meta property=\"article:published_time\" content=\"2026-07-17T09:12:53+00:00\" \/>\n<meta property=\"article:modified_time\" content=\"2026-07-17T09:12:54+00:00\" \/>\n<meta property=\"og:image\" content=\"https:\/\/dpress.ma\/fr\/wp-content\/uploads\/sites\/2\/2026\/07\/33-9.jpg\" \/>\n\t<meta property=\"og:image:width\" content=\"2539\" \/>\n\t<meta property=\"og:image:height\" content=\"1594\" \/>\n\t<meta property=\"og:image:type\" content=\"image\/jpeg\" \/>\n<meta name=\"author\" content=\"Dpress.ma\" \/>\n<meta name=\"twitter:card\" content=\"summary_large_image\" \/>\n<meta name=\"twitter:label1\" content=\"\u00c9crit par\" \/>\n\t<meta name=\"twitter:data1\" content=\"Dpress.ma\" \/>\n\t<meta name=\"twitter:label2\" content=\"Dur\u00e9e de lecture estim\u00e9e\" \/>\n\t<meta name=\"twitter:data2\" content=\"4 minutes\" \/>\n<script type=\"application\/ld+json\" class=\"yoast-schema-graph\">{\"@context\":\"https:\\\/\\\/schema.org\",\"@graph\":[{\"@type\":\"Article\",\"@id\":\"https:\\\/\\\/dpress.ma\\\/fr\\\/2026\\\/07\\\/17\\\/la-plage-dessaouira-labellisee-pavillon-bleu-pour-la-22e-annee-consecutive\\\/#article\",\"isPartOf\":{\"@id\":\"https:\\\/\\\/dpress.ma\\\/fr\\\/2026\\\/07\\\/17\\\/la-plage-dessaouira-labellisee-pavillon-bleu-pour-la-22e-annee-consecutive\\\/\"},\"author\":{\"name\":\"Dpress.ma\",\"@id\":\"https:\\\/\\\/dpress.ma\\\/fr\\\/#\\\/schema\\\/person\\\/4898febf3ccd59e6578d838656a306a0\"},\"headline\":\"La plage d\u2019Essaouira labellis\u00e9e \u201cPavillon Bleu\u201d pour la 22e ann\u00e9e cons\u00e9cutive\",\"datePublished\":\"2026-07-17T09:12:53+00:00\",\"dateModified\":\"2026-07-17T09:12:54+00:00\",\"mainEntityOfPage\":{\"@id\":\"https:\\\/\\\/dpress.ma\\\/fr\\\/2026\\\/07\\\/17\\\/la-plage-dessaouira-labellisee-pavillon-bleu-pour-la-22e-annee-consecutive\\\/\"},\"wordCount\":825,\"commentCount\":0,\"image\":{\"@id\":\"https:\\\/\\\/dpress.ma\\\/fr\\\/2026\\\/07\\\/17\\\/la-plage-dessaouira-labellisee-pavillon-bleu-pour-la-22e-annee-consecutive\\\/#primaryimage\"},\"thumbnailUrl\":\"https:\\\/\\\/dpress.ma\\\/fr\\\/wp-content\\\/uploads\\\/sites\\\/2\\\/2026\\\/07\\\/33-9.jpg\",\"articleSection\":[\"societe et regions\"],\"inLanguage\":\"fr-FR\",\"potentialAction\":[{\"@type\":\"CommentAction\",\"name\":\"Comment\",\"target\":[\"https:\\\/\\\/dpress.ma\\\/fr\\\/2026\\\/07\\\/17\\\/la-plage-dessaouira-labellisee-pavillon-bleu-pour-la-22e-annee-consecutive\\\/#respond\"]}]},{\"@type\":\"WebPage\",\"@id\":\"https:\\\/\\\/dpress.ma\\\/fr\\\/2026\\\/07\\\/17\\\/la-plage-dessaouira-labellisee-pavillon-bleu-pour-la-22e-annee-consecutive\\\/\",\"url\":\"https:\\\/\\\/dpress.ma\\\/fr\\\/2026\\\/07\\\/17\\\/la-plage-dessaouira-labellisee-pavillon-bleu-pour-la-22e-annee-consecutive\\\/\",\"name\":\"La plage d\u2019Essaouira labellis\u00e9e \u201cPavillon Bleu\u201d pour la 22e ann\u00e9e cons\u00e9cutive - Dpress.ma\\\/fr\",\"isPartOf\":{\"@id\":\"https:\\\/\\\/dpress.ma\\\/fr\\\/#website\"},\"primaryImageOfPage\":{\"@id\":\"https:\\\/\\\/dpress.ma\\\/fr\\\/2026\\\/07\\\/17\\\/la-plage-dessaouira-labellisee-pavillon-bleu-pour-la-22e-annee-consecutive\\\/#primaryimage\"},\"image\":{\"@id\":\"https:\\\/\\\/dpress.ma\\\/fr\\\/2026\\\/07\\\/17\\\/la-plage-dessaouira-labellisee-pavillon-bleu-pour-la-22e-annee-consecutive\\\/#primaryimage\"},\"thumbnailUrl\":\"https:\\\/\\\/dpress.ma\\\/fr\\\/wp-content\\\/uploads\\\/sites\\\/2\\\/2026\\\/07\\\/33-9.jpg\",\"datePublished\":\"2026-07-17T09:12:53+00:00\",\"dateModified\":\"2026-07-17T09:12:54+00:00\",\"author\":{\"@id\":\"https:\\\/\\\/dpress.ma\\\/fr\\\/#\\\/schema\\\/person\\\/4898febf3ccd59e6578d838656a306a0\"},\"breadcrumb\":{\"@id\":\"https:\\\/\\\/dpress.ma\\\/fr\\\/2026\\\/07\\\/17\\\/la-plage-dessaouira-labellisee-pavillon-bleu-pour-la-22e-annee-consecutive\\\/#breadcrumb\"},\"inLanguage\":\"fr-FR\",\"potentialAction\":[{\"@type\":\"ReadAction\",\"target\":[\"https:\\\/\\\/dpress.ma\\\/fr\\\/2026\\\/07\\\/17\\\/la-plage-dessaouira-labellisee-pavillon-bleu-pour-la-22e-annee-consecutive\\\/\"]}]},{\"@type\":\"ImageObject\",\"inLanguage\":\"fr-FR\",\"@id\":\"https:\\\/\\\/dpress.ma\\\/fr\\\/2026\\\/07\\\/17\\\/la-plage-dessaouira-labellisee-pavillon-bleu-pour-la-22e-annee-consecutive\\\/#primaryimage\",\"url\":\"https:\\\/\\\/dpress.ma\\\/fr\\\/wp-content\\\/uploads\\\/sites\\\/2\\\/2026\\\/07\\\/33-9.jpg\",\"contentUrl\":\"https:\\\/\\\/dpress.ma\\\/fr\\\/wp-content\\\/uploads\\\/sites\\\/2\\\/2026\\\/07\\\/33-9.jpg\",\"width\":2539,\"height\":1594},{\"@type\":\"BreadcrumbList\",\"@id\":\"https:\\\/\\\/dpress.ma\\\/fr\\\/2026\\\/07\\\/17\\\/la-plage-dessaouira-labellisee-pavillon-bleu-pour-la-22e-annee-consecutive\\\/#breadcrumb\",\"itemListElement\":[{\"@type\":\"ListItem\",\"position\":1,\"name\":\"Home\",\"item\":\"https:\\\/\\\/dpress.ma\\\/fr\\\/\"},{\"@type\":\"ListItem\",\"position\":2,\"name\":\"La plage d\u2019Essaouira labellis\u00e9e \u201cPavillon Bleu\u201d pour la 22e ann\u00e9e cons\u00e9cutive\"}]},{\"@type\":\"WebSite\",\"@id\":\"https:\\\/\\\/dpress.ma\\\/fr\\\/#website\",\"url\":\"https:\\\/\\\/dpress.ma\\\/fr\\\/\",\"name\":\"Dpress.ma\\\/fr\",\"description\":\"\",\"potentialAction\":[{\"@type\":\"SearchAction\",\"target\":{\"@type\":\"EntryPoint\",\"urlTemplate\":\"https:\\\/\\\/dpress.ma\\\/fr\\\/?s={search_term_string}\"},\"query-input\":{\"@type\":\"PropertyValueSpecification\",\"valueRequired\":true,\"valueName\":\"search_term_string\"}}],\"inLanguage\":\"fr-FR\"},{\"@type\":\"Person\",\"@id\":\"https:\\\/\\\/dpress.ma\\\/fr\\\/#\\\/schema\\\/person\\\/4898febf3ccd59e6578d838656a306a0\",\"name\":\"Dpress.ma\",\"image\":{\"@type\":\"ImageObject\",\"inLanguage\":\"fr-FR\",\"@id\":\"https:\\\/\\\/secure.gravatar.com\\\/avatar\\\/72ecc30e9db047a2e0e7176561eb9d564ed77c8108376495b19bd8336405198a?s=96&d=mm&r=g\",\"url\":\"https:\\\/\\\/secure.gravatar.com\\\/avatar\\\/72ecc30e9db047a2e0e7176561eb9d564ed77c8108376495b19bd8336405198a?s=96&d=mm&r=g\",\"contentUrl\":\"https:\\\/\\\/secure.gravatar.com\\\/avatar\\\/72ecc30e9db047a2e0e7176561eb9d564ed77c8108376495b19bd8336405198a?s=96&d=mm&r=g\",\"caption\":\"Dpress.ma\"},\"sameAs\":[\"https:\\\/\\\/www.dpress.ma\"],\"url\":\"https:\\\/\\\/dpress.ma\\\/fr\\\/author\\\/dpress-ma\\\/\"}]}<\/script>\n<!-- \/ Yoast SEO plugin. -->","yoast_head_json":{"title":"La plage d\u2019Essaouira labellis\u00e9e \u201cPavillon Bleu\u201d pour la 22e ann\u00e9e cons\u00e9cutive - Dpress.ma\/fr","robots":{"index":"index","follow":"follow","max-snippet":"max-snippet:-1","max-image-preview":"max-image-preview:large","max-video-preview":"max-video-preview:-1"},"canonical":"https:\/\/dpress.ma\/fr\/2026\/07\/17\/la-plage-dessaouira-labellisee-pavillon-bleu-pour-la-22e-annee-consecutive\/","og_locale":"fr_FR","og_type":"article","og_title":"La plage d\u2019Essaouira labellis\u00e9e \u201cPavillon Bleu\u201d pour la 22e ann\u00e9e cons\u00e9cutive - Dpress.ma\/fr","og_description":"Dpress Le label international \u00ab\u00a0Pavillon Bleu\u00a0\u00bb a \u00e9t\u00e9 hiss\u00e9, jeudi, sur la plage d&rsquo;Essaouira pour la 22e ann\u00e9e cons\u00e9cutive. Attribu\u00e9 annuellement par la Fondation pour l&rsquo;\u00c9ducation \u00e0 l&rsquo;Environnement (FEE), le label \u00ab\u00a0Pavillon Bleu\u00a0\u00bb est port\u00e9 au Maroc depuis 2002 par la Fondation Mohammed VI pour la Protection de l&rsquo;Environnement, pr\u00e9sid\u00e9e par Son Altesse Royale la &hellip;","og_url":"https:\/\/dpress.ma\/fr\/2026\/07\/17\/la-plage-dessaouira-labellisee-pavillon-bleu-pour-la-22e-annee-consecutive\/","og_site_name":"Dpress.ma\/fr","article_published_time":"2026-07-17T09:12:53+00:00","article_modified_time":"2026-07-17T09:12:54+00:00","og_image":[{"width":2539,"height":1594,"url":"https:\/\/dpress.ma\/fr\/wp-content\/uploads\/sites\/2\/2026\/07\/33-9.jpg","type":"image\/jpeg"}],"author":"Dpress.ma","twitter_card":"summary_large_image","twitter_misc":{"\u00c9crit par":"Dpress.ma","Dur\u00e9e de lecture estim\u00e9e":"4 minutes"},"schema":{"@context":"https:\/\/schema.org","@graph":[{"@type":"Article","@id":"https:\/\/dpress.ma\/fr\/2026\/07\/17\/la-plage-dessaouira-labellisee-pavillon-bleu-pour-la-22e-annee-consecutive\/#article","isPartOf":{"@id":"https:\/\/dpress.ma\/fr\/2026\/07\/17\/la-plage-dessaouira-labellisee-pavillon-bleu-pour-la-22e-annee-consecutive\/"},"author":{"name":"Dpress.ma","@id":"https:\/\/dpress.ma\/fr\/#\/schema\/person\/4898febf3ccd59e6578d838656a306a0"},"headline":"La plage d\u2019Essaouira labellis\u00e9e \u201cPavillon Bleu\u201d pour la 22e ann\u00e9e cons\u00e9cutive","datePublished":"2026-07-17T09:12:53+00:00","dateModified":"2026-07-17T09:12:54+00:00","mainEntityOfPage":{"@id":"https:\/\/dpress.ma\/fr\/2026\/07\/17\/la-plage-dessaouira-labellisee-pavillon-bleu-pour-la-22e-annee-consecutive\/"},"wordCount":825,"commentCount":0,"image":{"@id":"https:\/\/dpress.ma\/fr\/2026\/07\/17\/la-plage-dessaouira-labellisee-pavillon-bleu-pour-la-22e-annee-consecutive\/#primaryimage"},"thumbnailUrl":"https:\/\/dpress.ma\/fr\/wp-content\/uploads\/sites\/2\/2026\/07\/33-9.jpg","articleSection":["societe et regions"],"inLanguage":"fr-FR","potentialAction":[{"@type":"CommentAction","name":"Comment","target":["https:\/\/dpress.ma\/fr\/2026\/07\/17\/la-plage-dessaouira-labellisee-pavillon-bleu-pour-la-22e-annee-consecutive\/#respond"]}]},{"@type":"WebPage","@id":"https:\/\/dpress.ma\/fr\/2026\/07\/17\/la-plage-dessaouira-labellisee-pavillon-bleu-pour-la-22e-annee-consecutive\/","url":"https:\/\/dpress.ma\/fr\/2026\/07\/17\/la-plage-dessaouira-labellisee-pavillon-bleu-pour-la-22e-annee-consecutive\/","name":"La plage d\u2019Essaouira labellis\u00e9e \u201cPavillon Bleu\u201d pour la 22e ann\u00e9e cons\u00e9cutive - Dpress.ma\/fr","isPartOf":{"@id":"https:\/\/dpress.ma\/fr\/#website"},"primaryImageOfPage":{"@id":"https:\/\/dpress.ma\/fr\/2026\/07\/17\/la-plage-dessaouira-labellisee-pavillon-bleu-pour-la-22e-annee-consecutive\/#primaryimage"},"image":{"@id":"https:\/\/dpress.ma\/fr\/2026\/07\/17\/la-plage-dessaouira-labellisee-pavillon-bleu-pour-la-22e-annee-consecutive\/#primaryimage"},"thumbnailUrl":"https:\/\/dpress.ma\/fr\/wp-content\/uploads\/sites\/2\/2026\/07\/33-9.jpg","datePublished":"2026-07-17T09:12:53+00:00","dateModified":"2026-07-17T09:12:54+00:00","author":{"@id":"https:\/\/dpress.ma\/fr\/#\/schema\/person\/4898febf3ccd59e6578d838656a306a0"},"breadcrumb":{"@id":"https:\/\/dpress.ma\/fr\/2026\/07\/17\/la-plage-dessaouira-labellisee-pavillon-bleu-pour-la-22e-annee-consecutive\/#breadcrumb"},"inLanguage":"fr-FR","potentialAction":[{"@type":"ReadAction","target":["https:\/\/dpress.ma\/fr\/2026\/07\/17\/la-plage-dessaouira-labellisee-pavillon-bleu-pour-la-22e-annee-consecutive\/"]}]},{"@type":"ImageObject","inLanguage":"fr-FR","@id":"https:\/\/dpress.ma\/fr\/2026\/07\/17\/la-plage-dessaouira-labellisee-pavillon-bleu-pour-la-22e-annee-consecutive\/#primaryimage","url":"https:\/\/dpress.ma\/fr\/wp-content\/uploads\/sites\/2\/2026\/07\/33-9.jpg","contentUrl":"https:\/\/dpress.ma\/fr\/wp-content\/uploads\/sites\/2\/2026\/07\/33-9.jpg","width":2539,"height":1594},{"@type":"BreadcrumbList","@id":"https:\/\/dpress.ma\/fr\/2026\/07\/17\/la-plage-dessaouira-labellisee-pavillon-bleu-pour-la-22e-annee-consecutive\/#breadcrumb","itemListElement":[{"@type":"ListItem","position":1,"name":"Home","item":"https:\/\/dpress.ma\/fr\/"},{"@type":"ListItem","position":2,"name":"La plage d\u2019Essaouira labellis\u00e9e \u201cPavillon Bleu\u201d pour la 22e ann\u00e9e cons\u00e9cutive"}]},{"@type":"WebSite","@id":"https:\/\/dpress.ma\/fr\/#website","url":"https:\/\/dpress.ma\/fr\/","name":"Dpress.ma\/fr","description":"","potentialAction":[{"@type":"SearchAction","target":{"@type":"EntryPoint","urlTemplate":"https:\/\/dpress.ma\/fr\/?s={search_term_string}"},"query-input":{"@type":"PropertyValueSpecification","valueRequired":true,"valueName":"search_term_string"}}],"inLanguage":"fr-FR"},{"@type":"Person","@id":"https:\/\/dpress.ma\/fr\/#\/schema\/person\/4898febf3ccd59e6578d838656a306a0","name":"Dpress.ma","image":{"@type":"ImageObject","inLanguage":"fr-FR","@id":"https:\/\/secure.gravatar.com\/avatar\/72ecc30e9db047a2e0e7176561eb9d564ed77c8108376495b19bd8336405198a?s=96&d=mm&r=g","url":"https:\/\/secure.gravatar.com\/avatar\/72ecc30e9db047a2e0e7176561eb9d564ed77c8108376495b19bd8336405198a?s=96&d=mm&r=g","contentUrl":"https:\/\/secure.gravatar.com\/avatar\/72ecc30e9db047a2e0e7176561eb9d564ed77c8108376495b19bd8336405198a?s=96&d=mm&r=g","caption":"Dpress.ma"},"sameAs":["https:\/\/www.dpress.ma"],"url":"https:\/\/dpress.ma\/fr\/author\/dpress-ma\/"}]}},"amp_enabled":true,"_links":{"self":[{"href":"https:\/\/dpress.ma\/fr\/wp-json\/wp\/v2\/posts\/36298","targetHints":{"allow":["GET"]}}],"collection":[{"href":"https:\/\/dpress.ma\/fr\/wp-json\/wp\/v2\/posts"}],"about":[{"href":"https:\/\/dpress.ma\/fr\/wp-json\/wp\/v2\/types\/post"}],"author":[{"embeddable":true,"href":"https:\/\/dpress.ma\/fr\/wp-json\/wp\/v2\/users\/2"}],"replies":[{"embeddable":true,"href":"https:\/\/dpress.ma\/fr\/wp-json\/wp\/v2\/comments?post=36298"}],"version-history":[{"count":1,"href":"https:\/\/dpress.ma\/fr\/wp-json\/wp\/v2\/posts\/36298\/revisions"}],"predecessor-version":[{"id":36300,"href":"https:\/\/dpress.ma\/fr\/wp-json\/wp\/v2\/posts\/36298\/revisions\/36300"}],"wp:featuredmedia":[{"embeddable":true,"href":"https:\/\/dpress.ma\/fr\/wp-json\/wp\/v2\/media\/36299"}],"wp:attachment":[{"href":"https:\/\/dpress.ma\/fr\/wp-json\/wp\/v2\/media?parent=36298"}],"wp:term":[{"taxonomy":"category","embeddable":true,"href":"https:\/\/dpress.ma\/fr\/wp-json\/wp\/v2\/categories?post=36298"},{"taxonomy":"post_tag","embeddable":true,"href":"https:\/\/dpress.ma\/fr\/wp-json\/wp\/v2\/tags?post=36298"}],"curies":[{"name":"wp","href":"https:\/\/api.w.org\/{rel}","templated":true}]}}