{"id":36292,"date":"2026-07-16T16:05:00","date_gmt":"2026-07-16T16:05:00","guid":{"rendered":"https:\/\/dpress.ma\/fr\/?p=36292"},"modified":"2026-07-17T09:07:25","modified_gmt":"2026-07-17T09:07:25","slug":"15e-rhn-maroc-france-signature-de-plusieurs-accords-de-cooperation-et-de-partenariat","status":"publish","type":"post","link":"https:\/\/dpress.ma\/fr\/2026\/07\/16\/15e-rhn-maroc-france-signature-de-plusieurs-accords-de-cooperation-et-de-partenariat\/","title":{"rendered":"15e RHN Maroc-France : Signature de plusieurs accords de coop\u00e9ration et de partenariat"},"content":{"rendered":"\n<p class=\"wp-block-paragraph\">Dpress<\/p>\n\n\n\n<p class=\"wp-block-paragraph\">Plusieurs accords de coop\u00e9ration et de partenariat ont \u00e9t\u00e9 sign\u00e9s, jeudi \u00e0 Rabat, entre le Maroc et la France dans le cadre de la 15e R\u00e9union de Haut Niveau (RHN), co-pr\u00e9sid\u00e9e par le Chef du Gouvernement, Aziz Akhannouch, et le Premier ministre fran\u00e7ais, S\u00e9bastien Lecornu.<\/p>\n\n\n\n<p class=\"wp-block-paragraph\">Ainsi, une lettre d\u2019intention relative \u00e0 la coop\u00e9ration en mati\u00e8re de politique \u00e9trang\u00e8re f\u00e9ministe, a \u00e9t\u00e9 sign\u00e9e par le ministre des Affaires \u00e9trang\u00e8res, de la Coop\u00e9ration africaine et des Marocains r\u00e9sidant \u00e0 l\u2019\u00e9tranger, Nasser Bourita, et le ministre de l&rsquo;Europe et des Affaires \u00e9trang\u00e8res, Jean-No\u00ebl Barrot, en vue de renforcer la diplomatie f\u00e9ministe tant au niveau des minist\u00e8res qu\u2019\u00e0 l\u2019\u00e9chelle internationale.<\/p>\n\n\n\n<p class=\"wp-block-paragraph\">De m\u00eame, un protocole d\u2019entente portant confirmation de la mise en \u0153uvre du financement du programme de la Ligne \u00e0 grande vitesse entre K\u00e9nitra et Marrakech a \u00e9t\u00e9 sign\u00e9 par la ministre de l\u2019\u00c9conomie et des Finances, Nadia Fettah, et le ministre fran\u00e7ais de l&rsquo;\u00c9conomie, des Finances et de la Souverainet\u00e9 industrielle, \u00e9nerg\u00e9tique et num\u00e9rique, Roland Lescure.<\/p>\n\n\n\n<p class=\"wp-block-paragraph\">Il s\u2019agit \u00e9galement d\u2019une d\u00e9claration commune compl\u00e9tant le Protocole d\u2019Entente portant confirmation de la mise en \u0153uvre du partenariat dans le domaine de l\u2019eau qui a \u00e9t\u00e9 paraph\u00e9e par Mme Fettah, M. Barrot et la directrice de l\u2019Agence fran\u00e7aise de d\u00e9veloppement (AFD) au Maroc,&nbsp;Catherine Bonnaud. Cet accord compl\u00e8te et pr\u00e9cise les engagements pris par les Parties dans le Protocole d\u2019entente du 28 octobre 2024 relatifs au soutien \u00e0 la politique nationale de l\u2019eau.<\/p>\n\n\n\n<p class=\"wp-block-paragraph\">En outre, une d\u00e9claration d\u2019intention relative \u00e0 l\u2019enseignement de la langue arabe et de l\u2019histoire-g\u00e9ographie dans les \u00e9tablissements d\u2019enseignement fran\u00e7ais au Maroc, a \u00e9t\u00e9 sign\u00e9e par le ministre de l\u2019\u00c9ducation nationale, du Pr\u00e9scolaire et des Sports, Mohamed Berrada, et la ministre d\u00e9l\u00e9gu\u00e9e charg\u00e9e de la Francophonie et des Partenariats internationaux de France, El\u00e9onore Caroit, en vue de promouvoir l&rsquo;acquisition d&rsquo;une comp\u00e9tence bilingue.<\/p>\n\n\n\n<p class=\"wp-block-paragraph\">Par la m\u00eame occasion, le ministre du Transport et de la Logistique, Abdessamad Kayouh, et son homologue fran\u00e7ais, Philippe Tabarot, ont proc\u00e9d\u00e9 \u00e0 la signature d&rsquo;un plan d\u2019action triennal (2026-2028) pour la mise en \u0153uvre de la coop\u00e9ration technique dans le domaine de l\u2019aviation civile.<\/p>\n\n\n\n<p class=\"wp-block-paragraph\">M. Kayouh a \u00e9galement sign\u00e9 avec le directeur de l&rsquo;\u00c9cole nationale sup\u00e9rieure maritime (ENSM, France), Fran\u00e7ois Lambert, une Convention de partenariat entre cette Ecole et l\u2019Institut sup\u00e9rieur d\u2019\u00e9tudes maritimes (ISEM, Maroc), destin\u00e9e \u00e0 consolider les \u00e9changes scientifiques et p\u00e9dagogiques entre les deux \u00e9tablissements.<\/p>\n\n\n\n<p class=\"wp-block-paragraph\">Pour leur part, le ministre de l\u2019Industrie et du Commerce, Ryad Mezzour, et la repr\u00e9sentante de la directrice g\u00e9n\u00e9rale du Groupe La Poste, Christelle Geneste Defaye, ont conclu un accord de coop\u00e9ration visant \u00e0 adapter le service postal aux nouveaux enjeux et \u00e0 renforcer la collaboration entre les deux op\u00e9rateurs.<\/p>\n\n\n\n<p class=\"wp-block-paragraph\">Dans le domaine culturel, une d\u00e9claration d\u2019intention relative \u00e0 la coop\u00e9ration dans le domaine des \u00e9changes artistiques, ainsi qu&rsquo;une d\u00e9claration d&rsquo;intention portant sur la coop\u00e9ration dans le domaine du cin\u00e9ma et de l\u2019image anim\u00e9e sur le continent africain, ont \u00e9t\u00e9 sign\u00e9es par le ministre de la Jeunesse, de la Culture et de la Communication, Mohamed Mehdi Bensaid, et son homologue fran\u00e7aise, Catherine Pegard.<\/p>\n\n\n\n<p class=\"wp-block-paragraph\">M. Bensaid a aussi proc\u00e9d\u00e9 \u00e0 la signature d&rsquo;une convention de partenariat strat\u00e9gique avec la pr\u00e9sidente de l\u2019Institut du monde arabe, Anne-Claire Legendre, pour \u00e9tablir un cadre g\u00e9n\u00e9ral de coop\u00e9ration entre les deux parties en vue de d\u00e9velopper un partenariat autour d&rsquo;actions culturelles, intellectuelles et citoyennes.<\/p>\n\n\n\n<p class=\"wp-block-paragraph\">Une convention-cadre de coop\u00e9ration portant sur divers domaines d&rsquo;activit\u00e9, tels que l&rsquo;ing\u00e9nierie des sols et l\u2019expertise des infrastructures portuaires, hydrauliques et maritimes, a \u00e9t\u00e9 \u00e9galement sign\u00e9e par le directeur g\u00e9n\u00e9ral du Laboratoire public d\u2019essais et d\u2019\u00e9tudes (LPEE), Hammou Bensaadout, et le directeur g\u00e9n\u00e9ral du Centre d&rsquo;\u00e9tudes et d&rsquo;expertises sur les risques, l&rsquo;environnement, la mobilit\u00e9 et l&rsquo;am\u00e9nagement (CEREMA), Etienne Crepon.<\/p>\n\n\n\n<p class=\"wp-block-paragraph\">Enfin, le directeur de l&rsquo;Institut agronomique et v\u00e9t\u00e9rinaire (IAV) Hassan II, Abdelaziz El Hraiki, et le directeur g\u00e9n\u00e9ral d\u00e9l\u00e9gu\u00e9 \u00e0 la recherche et \u00e0 la strat\u00e9gie au sein du Centre de coop\u00e9ration internationale en recherche agronomique pour le d\u00e9veloppent (CIRAD), Jean-Paul Laclau, ont sign\u00e9 un accord-cadre de coop\u00e9ration scientifique couvrant les secteurs de l&rsquo;agriculture, de la m\u00e9decine v\u00e9t\u00e9rinaire et des sciences halieutiques et aquacoles.<\/p>\n","protected":false},"excerpt":{"rendered":"<p>Dpress Plusieurs accords de coop\u00e9ration et de partenariat ont \u00e9t\u00e9 sign\u00e9s, jeudi \u00e0 Rabat, entre le Maroc et la France dans le cadre de la 15e R\u00e9union de Haut Niveau (RHN), co-pr\u00e9sid\u00e9e par le Chef du Gouvernement, Aziz Akhannouch, et le Premier ministre fran\u00e7ais, S\u00e9bastien Lecornu. Ainsi, une lettre d\u2019intention relative \u00e0 la coop\u00e9ration en &hellip;<\/p>\n","protected":false},"author":2,"featured_media":36293,"comment_status":"open","ping_status":"open","sticky":false,"template":"","format":"standard","meta":{"footnotes":""},"categories":[26],"tags":[],"class_list":["post-36292","post","type-post","status-publish","format-standard","has-post-thumbnail","hentry","category-politiques"],"yoast_head":"<!-- This site is optimized with the Yoast SEO plugin v28.0 - https:\/\/yoast.com\/product\/yoast-seo-wordpress\/ -->\n<title>15e RHN Maroc-France : Signature de plusieurs accords de coop\u00e9ration et de partenariat - Dpress.ma\/fr<\/title>\n<meta name=\"robots\" content=\"index, follow, max-snippet:-1, max-image-preview:large, max-video-preview:-1\" \/>\n<link rel=\"canonical\" href=\"https:\/\/dpress.ma\/fr\/2026\/07\/16\/15e-rhn-maroc-france-signature-de-plusieurs-accords-de-cooperation-et-de-partenariat\/\" \/>\n<meta property=\"og:locale\" content=\"fr_FR\" \/>\n<meta property=\"og:type\" content=\"article\" \/>\n<meta property=\"og:title\" content=\"15e RHN Maroc-France : Signature de plusieurs accords de coop\u00e9ration et de partenariat - Dpress.ma\/fr\" \/>\n<meta property=\"og:description\" content=\"Dpress Plusieurs accords de coop\u00e9ration et de partenariat ont \u00e9t\u00e9 sign\u00e9s, jeudi \u00e0 Rabat, entre le Maroc et la France dans le cadre de la 15e R\u00e9union de Haut Niveau (RHN), co-pr\u00e9sid\u00e9e par le Chef du Gouvernement, Aziz Akhannouch, et le Premier ministre fran\u00e7ais, S\u00e9bastien Lecornu. Ainsi, une lettre d\u2019intention relative \u00e0 la coop\u00e9ration en &hellip;\" \/>\n<meta property=\"og:url\" content=\"https:\/\/dpress.ma\/fr\/2026\/07\/16\/15e-rhn-maroc-france-signature-de-plusieurs-accords-de-cooperation-et-de-partenariat\/\" \/>\n<meta property=\"og:site_name\" content=\"Dpress.ma\/fr\" \/>\n<meta property=\"article:published_time\" content=\"2026-07-16T16:05:00+00:00\" \/>\n<meta property=\"article:modified_time\" content=\"2026-07-17T09:07:25+00:00\" \/>\n<meta property=\"og:image\" content=\"https:\/\/dpress.ma\/fr\/wp-content\/uploads\/sites\/2\/2026\/07\/31-9.jpg\" \/>\n\t<meta property=\"og:image:width\" content=\"2539\" \/>\n\t<meta property=\"og:image:height\" content=\"1594\" \/>\n\t<meta property=\"og:image:type\" content=\"image\/jpeg\" \/>\n<meta name=\"author\" content=\"Dpress.ma\" \/>\n<meta name=\"twitter:card\" content=\"summary_large_image\" \/>\n<meta name=\"twitter:label1\" content=\"\u00c9crit par\" \/>\n\t<meta name=\"twitter:data1\" content=\"Dpress.ma\" \/>\n\t<meta name=\"twitter:label2\" content=\"Dur\u00e9e de lecture estim\u00e9e\" \/>\n\t<meta name=\"twitter:data2\" content=\"4 minutes\" \/>\n<script type=\"application\/ld+json\" class=\"yoast-schema-graph\">{\"@context\":\"https:\\\/\\\/schema.org\",\"@graph\":[{\"@type\":\"Article\",\"@id\":\"https:\\\/\\\/dpress.ma\\\/fr\\\/2026\\\/07\\\/16\\\/15e-rhn-maroc-france-signature-de-plusieurs-accords-de-cooperation-et-de-partenariat\\\/#article\",\"isPartOf\":{\"@id\":\"https:\\\/\\\/dpress.ma\\\/fr\\\/2026\\\/07\\\/16\\\/15e-rhn-maroc-france-signature-de-plusieurs-accords-de-cooperation-et-de-partenariat\\\/\"},\"author\":{\"name\":\"Dpress.ma\",\"@id\":\"https:\\\/\\\/dpress.ma\\\/fr\\\/#\\\/schema\\\/person\\\/4898febf3ccd59e6578d838656a306a0\"},\"headline\":\"15e RHN Maroc-France : Signature de plusieurs accords de coop\u00e9ration et de partenariat\",\"datePublished\":\"2026-07-16T16:05:00+00:00\",\"dateModified\":\"2026-07-17T09:07:25+00:00\",\"mainEntityOfPage\":{\"@id\":\"https:\\\/\\\/dpress.ma\\\/fr\\\/2026\\\/07\\\/16\\\/15e-rhn-maroc-france-signature-de-plusieurs-accords-de-cooperation-et-de-partenariat\\\/\"},\"wordCount\":791,\"commentCount\":0,\"image\":{\"@id\":\"https:\\\/\\\/dpress.ma\\\/fr\\\/2026\\\/07\\\/16\\\/15e-rhn-maroc-france-signature-de-plusieurs-accords-de-cooperation-et-de-partenariat\\\/#primaryimage\"},\"thumbnailUrl\":\"https:\\\/\\\/dpress.ma\\\/fr\\\/wp-content\\\/uploads\\\/sites\\\/2\\\/2026\\\/07\\\/31-9.jpg\",\"articleSection\":[\"Politiques\"],\"inLanguage\":\"fr-FR\",\"potentialAction\":[{\"@type\":\"CommentAction\",\"name\":\"Comment\",\"target\":[\"https:\\\/\\\/dpress.ma\\\/fr\\\/2026\\\/07\\\/16\\\/15e-rhn-maroc-france-signature-de-plusieurs-accords-de-cooperation-et-de-partenariat\\\/#respond\"]}]},{\"@type\":\"WebPage\",\"@id\":\"https:\\\/\\\/dpress.ma\\\/fr\\\/2026\\\/07\\\/16\\\/15e-rhn-maroc-france-signature-de-plusieurs-accords-de-cooperation-et-de-partenariat\\\/\",\"url\":\"https:\\\/\\\/dpress.ma\\\/fr\\\/2026\\\/07\\\/16\\\/15e-rhn-maroc-france-signature-de-plusieurs-accords-de-cooperation-et-de-partenariat\\\/\",\"name\":\"15e RHN Maroc-France : Signature de plusieurs accords de coop\u00e9ration et de partenariat - Dpress.ma\\\/fr\",\"isPartOf\":{\"@id\":\"https:\\\/\\\/dpress.ma\\\/fr\\\/#website\"},\"primaryImageOfPage\":{\"@id\":\"https:\\\/\\\/dpress.ma\\\/fr\\\/2026\\\/07\\\/16\\\/15e-rhn-maroc-france-signature-de-plusieurs-accords-de-cooperation-et-de-partenariat\\\/#primaryimage\"},\"image\":{\"@id\":\"https:\\\/\\\/dpress.ma\\\/fr\\\/2026\\\/07\\\/16\\\/15e-rhn-maroc-france-signature-de-plusieurs-accords-de-cooperation-et-de-partenariat\\\/#primaryimage\"},\"thumbnailUrl\":\"https:\\\/\\\/dpress.ma\\\/fr\\\/wp-content\\\/uploads\\\/sites\\\/2\\\/2026\\\/07\\\/31-9.jpg\",\"datePublished\":\"2026-07-16T16:05:00+00:00\",\"dateModified\":\"2026-07-17T09:07:25+00:00\",\"author\":{\"@id\":\"https:\\\/\\\/dpress.ma\\\/fr\\\/#\\\/schema\\\/person\\\/4898febf3ccd59e6578d838656a306a0\"},\"breadcrumb\":{\"@id\":\"https:\\\/\\\/dpress.ma\\\/fr\\\/2026\\\/07\\\/16\\\/15e-rhn-maroc-france-signature-de-plusieurs-accords-de-cooperation-et-de-partenariat\\\/#breadcrumb\"},\"inLanguage\":\"fr-FR\",\"potentialAction\":[{\"@type\":\"ReadAction\",\"target\":[\"https:\\\/\\\/dpress.ma\\\/fr\\\/2026\\\/07\\\/16\\\/15e-rhn-maroc-france-signature-de-plusieurs-accords-de-cooperation-et-de-partenariat\\\/\"]}]},{\"@type\":\"ImageObject\",\"inLanguage\":\"fr-FR\",\"@id\":\"https:\\\/\\\/dpress.ma\\\/fr\\\/2026\\\/07\\\/16\\\/15e-rhn-maroc-france-signature-de-plusieurs-accords-de-cooperation-et-de-partenariat\\\/#primaryimage\",\"url\":\"https:\\\/\\\/dpress.ma\\\/fr\\\/wp-content\\\/uploads\\\/sites\\\/2\\\/2026\\\/07\\\/31-9.jpg\",\"contentUrl\":\"https:\\\/\\\/dpress.ma\\\/fr\\\/wp-content\\\/uploads\\\/sites\\\/2\\\/2026\\\/07\\\/31-9.jpg\",\"width\":2539,\"height\":1594},{\"@type\":\"BreadcrumbList\",\"@id\":\"https:\\\/\\\/dpress.ma\\\/fr\\\/2026\\\/07\\\/16\\\/15e-rhn-maroc-france-signature-de-plusieurs-accords-de-cooperation-et-de-partenariat\\\/#breadcrumb\",\"itemListElement\":[{\"@type\":\"ListItem\",\"position\":1,\"name\":\"Home\",\"item\":\"https:\\\/\\\/dpress.ma\\\/fr\\\/\"},{\"@type\":\"ListItem\",\"position\":2,\"name\":\"15e RHN Maroc-France : Signature de plusieurs accords de coop\u00e9ration et de partenariat\"}]},{\"@type\":\"WebSite\",\"@id\":\"https:\\\/\\\/dpress.ma\\\/fr\\\/#website\",\"url\":\"https:\\\/\\\/dpress.ma\\\/fr\\\/\",\"name\":\"Dpress.ma\\\/fr\",\"description\":\"\",\"potentialAction\":[{\"@type\":\"SearchAction\",\"target\":{\"@type\":\"EntryPoint\",\"urlTemplate\":\"https:\\\/\\\/dpress.ma\\\/fr\\\/?s={search_term_string}\"},\"query-input\":{\"@type\":\"PropertyValueSpecification\",\"valueRequired\":true,\"valueName\":\"search_term_string\"}}],\"inLanguage\":\"fr-FR\"},{\"@type\":\"Person\",\"@id\":\"https:\\\/\\\/dpress.ma\\\/fr\\\/#\\\/schema\\\/person\\\/4898febf3ccd59e6578d838656a306a0\",\"name\":\"Dpress.ma\",\"image\":{\"@type\":\"ImageObject\",\"inLanguage\":\"fr-FR\",\"@id\":\"https:\\\/\\\/secure.gravatar.com\\\/avatar\\\/72ecc30e9db047a2e0e7176561eb9d564ed77c8108376495b19bd8336405198a?s=96&d=mm&r=g\",\"url\":\"https:\\\/\\\/secure.gravatar.com\\\/avatar\\\/72ecc30e9db047a2e0e7176561eb9d564ed77c8108376495b19bd8336405198a?s=96&d=mm&r=g\",\"contentUrl\":\"https:\\\/\\\/secure.gravatar.com\\\/avatar\\\/72ecc30e9db047a2e0e7176561eb9d564ed77c8108376495b19bd8336405198a?s=96&d=mm&r=g\",\"caption\":\"Dpress.ma\"},\"sameAs\":[\"https:\\\/\\\/www.dpress.ma\"],\"url\":\"https:\\\/\\\/dpress.ma\\\/fr\\\/author\\\/dpress-ma\\\/\"}]}<\/script>\n<!-- \/ Yoast SEO plugin. -->","yoast_head_json":{"title":"15e RHN Maroc-France : Signature de plusieurs accords de coop\u00e9ration et de partenariat - Dpress.ma\/fr","robots":{"index":"index","follow":"follow","max-snippet":"max-snippet:-1","max-image-preview":"max-image-preview:large","max-video-preview":"max-video-preview:-1"},"canonical":"https:\/\/dpress.ma\/fr\/2026\/07\/16\/15e-rhn-maroc-france-signature-de-plusieurs-accords-de-cooperation-et-de-partenariat\/","og_locale":"fr_FR","og_type":"article","og_title":"15e RHN Maroc-France : Signature de plusieurs accords de coop\u00e9ration et de partenariat - Dpress.ma\/fr","og_description":"Dpress Plusieurs accords de coop\u00e9ration et de partenariat ont \u00e9t\u00e9 sign\u00e9s, jeudi \u00e0 Rabat, entre le Maroc et la France dans le cadre de la 15e R\u00e9union de Haut Niveau (RHN), co-pr\u00e9sid\u00e9e par le Chef du Gouvernement, Aziz Akhannouch, et le Premier ministre fran\u00e7ais, S\u00e9bastien Lecornu. Ainsi, une lettre d\u2019intention relative \u00e0 la coop\u00e9ration en &hellip;","og_url":"https:\/\/dpress.ma\/fr\/2026\/07\/16\/15e-rhn-maroc-france-signature-de-plusieurs-accords-de-cooperation-et-de-partenariat\/","og_site_name":"Dpress.ma\/fr","article_published_time":"2026-07-16T16:05:00+00:00","article_modified_time":"2026-07-17T09:07:25+00:00","og_image":[{"width":2539,"height":1594,"url":"https:\/\/dpress.ma\/fr\/wp-content\/uploads\/sites\/2\/2026\/07\/31-9.jpg","type":"image\/jpeg"}],"author":"Dpress.ma","twitter_card":"summary_large_image","twitter_misc":{"\u00c9crit par":"Dpress.ma","Dur\u00e9e de lecture estim\u00e9e":"4 minutes"},"schema":{"@context":"https:\/\/schema.org","@graph":[{"@type":"Article","@id":"https:\/\/dpress.ma\/fr\/2026\/07\/16\/15e-rhn-maroc-france-signature-de-plusieurs-accords-de-cooperation-et-de-partenariat\/#article","isPartOf":{"@id":"https:\/\/dpress.ma\/fr\/2026\/07\/16\/15e-rhn-maroc-france-signature-de-plusieurs-accords-de-cooperation-et-de-partenariat\/"},"author":{"name":"Dpress.ma","@id":"https:\/\/dpress.ma\/fr\/#\/schema\/person\/4898febf3ccd59e6578d838656a306a0"},"headline":"15e RHN Maroc-France : Signature de plusieurs accords de coop\u00e9ration et de partenariat","datePublished":"2026-07-16T16:05:00+00:00","dateModified":"2026-07-17T09:07:25+00:00","mainEntityOfPage":{"@id":"https:\/\/dpress.ma\/fr\/2026\/07\/16\/15e-rhn-maroc-france-signature-de-plusieurs-accords-de-cooperation-et-de-partenariat\/"},"wordCount":791,"commentCount":0,"image":{"@id":"https:\/\/dpress.ma\/fr\/2026\/07\/16\/15e-rhn-maroc-france-signature-de-plusieurs-accords-de-cooperation-et-de-partenariat\/#primaryimage"},"thumbnailUrl":"https:\/\/dpress.ma\/fr\/wp-content\/uploads\/sites\/2\/2026\/07\/31-9.jpg","articleSection":["Politiques"],"inLanguage":"fr-FR","potentialAction":[{"@type":"CommentAction","name":"Comment","target":["https:\/\/dpress.ma\/fr\/2026\/07\/16\/15e-rhn-maroc-france-signature-de-plusieurs-accords-de-cooperation-et-de-partenariat\/#respond"]}]},{"@type":"WebPage","@id":"https:\/\/dpress.ma\/fr\/2026\/07\/16\/15e-rhn-maroc-france-signature-de-plusieurs-accords-de-cooperation-et-de-partenariat\/","url":"https:\/\/dpress.ma\/fr\/2026\/07\/16\/15e-rhn-maroc-france-signature-de-plusieurs-accords-de-cooperation-et-de-partenariat\/","name":"15e RHN Maroc-France : Signature de plusieurs accords de coop\u00e9ration et de partenariat - Dpress.ma\/fr","isPartOf":{"@id":"https:\/\/dpress.ma\/fr\/#website"},"primaryImageOfPage":{"@id":"https:\/\/dpress.ma\/fr\/2026\/07\/16\/15e-rhn-maroc-france-signature-de-plusieurs-accords-de-cooperation-et-de-partenariat\/#primaryimage"},"image":{"@id":"https:\/\/dpress.ma\/fr\/2026\/07\/16\/15e-rhn-maroc-france-signature-de-plusieurs-accords-de-cooperation-et-de-partenariat\/#primaryimage"},"thumbnailUrl":"https:\/\/dpress.ma\/fr\/wp-content\/uploads\/sites\/2\/2026\/07\/31-9.jpg","datePublished":"2026-07-16T16:05:00+00:00","dateModified":"2026-07-17T09:07:25+00:00","author":{"@id":"https:\/\/dpress.ma\/fr\/#\/schema\/person\/4898febf3ccd59e6578d838656a306a0"},"breadcrumb":{"@id":"https:\/\/dpress.ma\/fr\/2026\/07\/16\/15e-rhn-maroc-france-signature-de-plusieurs-accords-de-cooperation-et-de-partenariat\/#breadcrumb"},"inLanguage":"fr-FR","potentialAction":[{"@type":"ReadAction","target":["https:\/\/dpress.ma\/fr\/2026\/07\/16\/15e-rhn-maroc-france-signature-de-plusieurs-accords-de-cooperation-et-de-partenariat\/"]}]},{"@type":"ImageObject","inLanguage":"fr-FR","@id":"https:\/\/dpress.ma\/fr\/2026\/07\/16\/15e-rhn-maroc-france-signature-de-plusieurs-accords-de-cooperation-et-de-partenariat\/#primaryimage","url":"https:\/\/dpress.ma\/fr\/wp-content\/uploads\/sites\/2\/2026\/07\/31-9.jpg","contentUrl":"https:\/\/dpress.ma\/fr\/wp-content\/uploads\/sites\/2\/2026\/07\/31-9.jpg","width":2539,"height":1594},{"@type":"BreadcrumbList","@id":"https:\/\/dpress.ma\/fr\/2026\/07\/16\/15e-rhn-maroc-france-signature-de-plusieurs-accords-de-cooperation-et-de-partenariat\/#breadcrumb","itemListElement":[{"@type":"ListItem","position":1,"name":"Home","item":"https:\/\/dpress.ma\/fr\/"},{"@type":"ListItem","position":2,"name":"15e RHN Maroc-France : Signature de plusieurs accords de coop\u00e9ration et de partenariat"}]},{"@type":"WebSite","@id":"https:\/\/dpress.ma\/fr\/#website","url":"https:\/\/dpress.ma\/fr\/","name":"Dpress.ma\/fr","description":"","potentialAction":[{"@type":"SearchAction","target":{"@type":"EntryPoint","urlTemplate":"https:\/\/dpress.ma\/fr\/?s={search_term_string}"},"query-input":{"@type":"PropertyValueSpecification","valueRequired":true,"valueName":"search_term_string"}}],"inLanguage":"fr-FR"},{"@type":"Person","@id":"https:\/\/dpress.ma\/fr\/#\/schema\/person\/4898febf3ccd59e6578d838656a306a0","name":"Dpress.ma","image":{"@type":"ImageObject","inLanguage":"fr-FR","@id":"https:\/\/secure.gravatar.com\/avatar\/72ecc30e9db047a2e0e7176561eb9d564ed77c8108376495b19bd8336405198a?s=96&d=mm&r=g","url":"https:\/\/secure.gravatar.com\/avatar\/72ecc30e9db047a2e0e7176561eb9d564ed77c8108376495b19bd8336405198a?s=96&d=mm&r=g","contentUrl":"https:\/\/secure.gravatar.com\/avatar\/72ecc30e9db047a2e0e7176561eb9d564ed77c8108376495b19bd8336405198a?s=96&d=mm&r=g","caption":"Dpress.ma"},"sameAs":["https:\/\/www.dpress.ma"],"url":"https:\/\/dpress.ma\/fr\/author\/dpress-ma\/"}]}},"amp_enabled":true,"_links":{"self":[{"href":"https:\/\/dpress.ma\/fr\/wp-json\/wp\/v2\/posts\/36292","targetHints":{"allow":["GET"]}}],"collection":[{"href":"https:\/\/dpress.ma\/fr\/wp-json\/wp\/v2\/posts"}],"about":[{"href":"https:\/\/dpress.ma\/fr\/wp-json\/wp\/v2\/types\/post"}],"author":[{"embeddable":true,"href":"https:\/\/dpress.ma\/fr\/wp-json\/wp\/v2\/users\/2"}],"replies":[{"embeddable":true,"href":"https:\/\/dpress.ma\/fr\/wp-json\/wp\/v2\/comments?post=36292"}],"version-history":[{"count":1,"href":"https:\/\/dpress.ma\/fr\/wp-json\/wp\/v2\/posts\/36292\/revisions"}],"predecessor-version":[{"id":36294,"href":"https:\/\/dpress.ma\/fr\/wp-json\/wp\/v2\/posts\/36292\/revisions\/36294"}],"wp:featuredmedia":[{"embeddable":true,"href":"https:\/\/dpress.ma\/fr\/wp-json\/wp\/v2\/media\/36293"}],"wp:attachment":[{"href":"https:\/\/dpress.ma\/fr\/wp-json\/wp\/v2\/media?parent=36292"}],"wp:term":[{"taxonomy":"category","embeddable":true,"href":"https:\/\/dpress.ma\/fr\/wp-json\/wp\/v2\/categories?post=36292"},{"taxonomy":"post_tag","embeddable":true,"href":"https:\/\/dpress.ma\/fr\/wp-json\/wp\/v2\/tags?post=36292"}],"curies":[{"name":"wp","href":"https:\/\/api.w.org\/{rel}","templated":true}]}}