{"id":36289,"date":"2026-07-16T16:03:00","date_gmt":"2026-07-16T16:03:00","guid":{"rendered":"https:\/\/dpress.ma\/fr\/?p=36289"},"modified":"2026-07-17T09:04:40","modified_gmt":"2026-07-17T09:04:40","slug":"le-partenariat-dexception-renforce-voulu-par-sm-le-roi-et-le-president-francais-entre-dans-sa-phase-de-pleine-mise-en-oeuvre","status":"publish","type":"post","link":"https:\/\/dpress.ma\/fr\/2026\/07\/16\/le-partenariat-dexception-renforce-voulu-par-sm-le-roi-et-le-president-francais-entre-dans-sa-phase-de-pleine-mise-en-oeuvre\/","title":{"rendered":"Le Partenariat d\u2019exception renforc\u00e9 voulu par SM le Roi et le Pr\u00e9sident fran\u00e7ais entre dans sa phase de pleine mise en \u0153uvre"},"content":{"rendered":"\n<p class=\"wp-block-paragraph\">Dpress<\/p>\n\n\n\n<p class=\"wp-block-paragraph\">Le Partenariat&nbsp;d\u2019exception renforc\u00e9, voulu par Sa Majest\u00e9 le Roi&nbsp;Mohammed VI et S.E.M. le&nbsp;Pr\u00e9sident Emmanuel Macron, est d\u00e9sormais entr\u00e9 dans sa&nbsp;phase de pleine mise en \u0153uvre, a affirm\u00e9, jeudi \u00e0 Rabat, le Chef du gouvernement, Aziz Akhannouch.<\/p>\n\n\n\n<p class=\"wp-block-paragraph\">\u00ab\u00a0Ce partenariat ne repose plus uniquement sur la profondeur des liens historiques qui unissent le Royaume du Maroc et la R\u00e9publique fran\u00e7aise, mais s\u2019inscrit dans une vision strat\u00e9gique partag\u00e9e, fond\u00e9e sur une convergence politique assum\u00e9e, une confiance retrouv\u00e9e et une ambition commune de construire ensemble des r\u00e9ponses aux grands d\u00e9fis de notre temps\u00a0\u00bb, a soulign\u00e9 M. Akhannouch lors d&rsquo;un point de presse conjoint avec le Premier ministre fran\u00e7ais, S\u00e9bastien Lecornu, \u00e0 l\u2019issue de la 15e R\u00e9union de Haut Niveau Maroc-France.<\/p>\n\n\n\n<p class=\"wp-block-paragraph\">Relevant que les avanc\u00e9es enregistr\u00e9es depuis la visite d&rsquo;Etat en octobre 2024 au Maroc du Pr\u00e9sident Macron d\u00e9montrent d\u00e9j\u00e0 la pertinence de cette vision, il a not\u00e9 qu\u2019en moins de deux ann\u00e9es, plus de 40 visites et rencontres de haut niveau ont rythm\u00e9 la relation entre les deux pays, mobilisant gouvernements, institutions, collectivit\u00e9s territoriales, op\u00e9rateurs \u00e9conomiques, universit\u00e9s et soci\u00e9t\u00e9s civiles autour&nbsp;d\u2019un m\u00eame objectif : donner une traduction concr\u00e8te au&nbsp;Partenariat d\u2019exception renforc\u00e9.<\/p>\n\n\n\n<p class=\"wp-block-paragraph\">\u00ab\u00a0Aujourd\u2019hui encore, la pr\u00e9sence de 22 ministres marocains et&nbsp;fran\u00e7ais illustre le caract\u00e8re exceptionnel de cette R\u00e9union et&nbsp;l\u2019engagement partag\u00e9 de nos deux gouvernements\u00a0\u00bb, a soutenu le Chef du gouvernement.<\/p>\n\n\n\n<p class=\"wp-block-paragraph\">Il a, de m\u00eame, fait observer que \u00ab\u00a0cette dynamique politique trouve un prolongement naturel dans les performances de notre coop\u00e9ration \u00e9conomique : les accords conclus aujourd\u2019hui viennent compl\u00e9ter les 22 accords strat\u00e9giques, repr\u00e9sentant pr\u00e8s de 10 milliards d\u2019euros, sign\u00e9s devant Sa Majest\u00e9 le Roi Mohammed VI et le Pr\u00e9sident Emmanuel Macron, en octobre 2024\u00a0\u00bb.<\/p>\n\n\n\n<p class=\"wp-block-paragraph\">Ces accords t\u00e9moignent d\u2019une volont\u00e9 commune d\u2019inscrire le partenariat entre les deux pays dans une logique de transformation \u00e9conomique durable, a-t-il insist\u00e9, rappelant que les 11 nouveaux accords et instruments de coop\u00e9ration&nbsp;adopt\u00e9s \u00e0 l\u2019occasion de cette 15e R\u00e9union de Haut&nbsp;Niveau traduisent cette m\u00eame volont\u00e9.<\/p>\n\n\n\n<p class=\"wp-block-paragraph\">\u00ab\u00a0Ils couvrent des domaines aussi essentiels que la sant\u00e9, les&nbsp;transports, l\u2019aviation civile, la coop\u00e9ration d\u00e9centralis\u00e9e,&nbsp;l\u2019enseignement, la langue arabe et plusieurs secteurs strat\u00e9giques appel\u00e9s \u00e0 renforcer davantage la compl\u00e9mentarit\u00e9 entre nos deux \u00e9conomies\u00a0\u00bb, a expliqu\u00e9 M. Akhannouch.<\/p>\n\n\n\n<p class=\"wp-block-paragraph\">Par ailleurs, il a estim\u00e9 que le dialogue politique qui unit le Royaume du Maroc et la R\u00e9publique fran\u00e7aise n\u2019a jamais \u00e9t\u00e9 aussi dense ni aussi structur\u00e9. \u00ab\u00a0Il repose aujourd\u2019hui sur une confiance renouvel\u00e9e et sur une convergence de vues croissante concernant les principaux enjeux r\u00e9gionaux et internationaux\u00a0\u00bb, a-t-il dit.<\/p>\n\n\n\n<p class=\"wp-block-paragraph\">\u00ab\u00a0Conform\u00e9ment aux Hautes Orientations de Sa Majest\u00e9 le Roi&nbsp;Mohammed VI, le Royaume poursuivra avec d\u00e9termination&nbsp;la mise en \u0153uvre du Partenariat d\u2019exception renforc\u00e9. Les&nbsp;m\u00e9canismes de suivi que nous avons d\u00e9cid\u00e9 de consolider&nbsp;(commissions mixtes, groupes de travail et comit\u00e9s sectoriels) auront pour mission d\u2019assurer une ex\u00e9cution rigoureuse des&nbsp;engagements pris, d\u2019acc\u00e9l\u00e9rer les projets en cours et d\u2019identifier de nouvelles initiatives r\u00e9pondant aux ambitions communes de nos deux pays\u00a0\u00bb, a conclu M. Akhannouch.<\/p>\n","protected":false},"excerpt":{"rendered":"<p>Dpress Le Partenariat&nbsp;d\u2019exception renforc\u00e9, voulu par Sa Majest\u00e9 le Roi&nbsp;Mohammed VI et S.E.M. le&nbsp;Pr\u00e9sident Emmanuel Macron, est d\u00e9sormais entr\u00e9 dans sa&nbsp;phase de pleine mise en \u0153uvre, a affirm\u00e9, jeudi \u00e0 Rabat, le Chef du gouvernement, Aziz Akhannouch. \u00ab\u00a0Ce partenariat ne repose plus uniquement sur la profondeur des liens historiques qui unissent le Royaume du Maroc &hellip;<\/p>\n","protected":false},"author":2,"featured_media":36290,"comment_status":"open","ping_status":"open","sticky":false,"template":"","format":"standard","meta":{"footnotes":""},"categories":[26],"tags":[],"class_list":["post-36289","post","type-post","status-publish","format-standard","has-post-thumbnail","hentry","category-politiques"],"yoast_head":"<!-- This site is optimized with the Yoast SEO plugin v28.0 - https:\/\/yoast.com\/product\/yoast-seo-wordpress\/ -->\n<title>Le Partenariat d\u2019exception renforc\u00e9 voulu par SM le Roi et le Pr\u00e9sident fran\u00e7ais entre dans sa phase de pleine mise en \u0153uvre - Dpress.ma\/fr<\/title>\n<meta name=\"robots\" content=\"index, follow, max-snippet:-1, max-image-preview:large, max-video-preview:-1\" \/>\n<link rel=\"canonical\" href=\"https:\/\/dpress.ma\/fr\/2026\/07\/16\/le-partenariat-dexception-renforce-voulu-par-sm-le-roi-et-le-president-francais-entre-dans-sa-phase-de-pleine-mise-en-oeuvre\/\" \/>\n<meta property=\"og:locale\" content=\"fr_FR\" \/>\n<meta property=\"og:type\" content=\"article\" \/>\n<meta property=\"og:title\" content=\"Le Partenariat d\u2019exception renforc\u00e9 voulu par SM le Roi et le Pr\u00e9sident fran\u00e7ais entre dans sa phase de pleine mise en \u0153uvre - Dpress.ma\/fr\" \/>\n<meta property=\"og:description\" content=\"Dpress Le Partenariat&nbsp;d\u2019exception renforc\u00e9, voulu par Sa Majest\u00e9 le Roi&nbsp;Mohammed VI et S.E.M. le&nbsp;Pr\u00e9sident Emmanuel Macron, est d\u00e9sormais entr\u00e9 dans sa&nbsp;phase de pleine mise en \u0153uvre, a affirm\u00e9, jeudi \u00e0 Rabat, le Chef du gouvernement, Aziz Akhannouch. \u00ab\u00a0Ce partenariat ne repose plus uniquement sur la profondeur des liens historiques qui unissent le Royaume du Maroc &hellip;\" \/>\n<meta property=\"og:url\" content=\"https:\/\/dpress.ma\/fr\/2026\/07\/16\/le-partenariat-dexception-renforce-voulu-par-sm-le-roi-et-le-president-francais-entre-dans-sa-phase-de-pleine-mise-en-oeuvre\/\" \/>\n<meta property=\"og:site_name\" content=\"Dpress.ma\/fr\" \/>\n<meta property=\"article:published_time\" content=\"2026-07-16T16:03:00+00:00\" \/>\n<meta property=\"article:modified_time\" content=\"2026-07-17T09:04:40+00:00\" \/>\n<meta property=\"og:image\" content=\"https:\/\/dpress.ma\/fr\/wp-content\/uploads\/sites\/2\/2026\/07\/30-9.jpg\" \/>\n\t<meta property=\"og:image:width\" content=\"2539\" \/>\n\t<meta property=\"og:image:height\" content=\"1594\" \/>\n\t<meta property=\"og:image:type\" content=\"image\/jpeg\" \/>\n<meta name=\"author\" content=\"Dpress.ma\" \/>\n<meta name=\"twitter:card\" content=\"summary_large_image\" \/>\n<meta name=\"twitter:label1\" content=\"\u00c9crit par\" \/>\n\t<meta name=\"twitter:data1\" content=\"Dpress.ma\" \/>\n\t<meta name=\"twitter:label2\" content=\"Dur\u00e9e de lecture estim\u00e9e\" \/>\n\t<meta name=\"twitter:data2\" content=\"3 minutes\" \/>\n<script type=\"application\/ld+json\" class=\"yoast-schema-graph\">{\"@context\":\"https:\\\/\\\/schema.org\",\"@graph\":[{\"@type\":\"Article\",\"@id\":\"https:\\\/\\\/dpress.ma\\\/fr\\\/2026\\\/07\\\/16\\\/le-partenariat-dexception-renforce-voulu-par-sm-le-roi-et-le-president-francais-entre-dans-sa-phase-de-pleine-mise-en-oeuvre\\\/#article\",\"isPartOf\":{\"@id\":\"https:\\\/\\\/dpress.ma\\\/fr\\\/2026\\\/07\\\/16\\\/le-partenariat-dexception-renforce-voulu-par-sm-le-roi-et-le-president-francais-entre-dans-sa-phase-de-pleine-mise-en-oeuvre\\\/\"},\"author\":{\"name\":\"Dpress.ma\",\"@id\":\"https:\\\/\\\/dpress.ma\\\/fr\\\/#\\\/schema\\\/person\\\/4898febf3ccd59e6578d838656a306a0\"},\"headline\":\"Le Partenariat d\u2019exception renforc\u00e9 voulu par SM le Roi et le Pr\u00e9sident fran\u00e7ais entre dans sa phase de pleine mise en \u0153uvre\",\"datePublished\":\"2026-07-16T16:03:00+00:00\",\"dateModified\":\"2026-07-17T09:04:40+00:00\",\"mainEntityOfPage\":{\"@id\":\"https:\\\/\\\/dpress.ma\\\/fr\\\/2026\\\/07\\\/16\\\/le-partenariat-dexception-renforce-voulu-par-sm-le-roi-et-le-president-francais-entre-dans-sa-phase-de-pleine-mise-en-oeuvre\\\/\"},\"wordCount\":601,\"commentCount\":0,\"image\":{\"@id\":\"https:\\\/\\\/dpress.ma\\\/fr\\\/2026\\\/07\\\/16\\\/le-partenariat-dexception-renforce-voulu-par-sm-le-roi-et-le-president-francais-entre-dans-sa-phase-de-pleine-mise-en-oeuvre\\\/#primaryimage\"},\"thumbnailUrl\":\"https:\\\/\\\/dpress.ma\\\/fr\\\/wp-content\\\/uploads\\\/sites\\\/2\\\/2026\\\/07\\\/30-9.jpg\",\"articleSection\":[\"Politiques\"],\"inLanguage\":\"fr-FR\",\"potentialAction\":[{\"@type\":\"CommentAction\",\"name\":\"Comment\",\"target\":[\"https:\\\/\\\/dpress.ma\\\/fr\\\/2026\\\/07\\\/16\\\/le-partenariat-dexception-renforce-voulu-par-sm-le-roi-et-le-president-francais-entre-dans-sa-phase-de-pleine-mise-en-oeuvre\\\/#respond\"]}]},{\"@type\":\"WebPage\",\"@id\":\"https:\\\/\\\/dpress.ma\\\/fr\\\/2026\\\/07\\\/16\\\/le-partenariat-dexception-renforce-voulu-par-sm-le-roi-et-le-president-francais-entre-dans-sa-phase-de-pleine-mise-en-oeuvre\\\/\",\"url\":\"https:\\\/\\\/dpress.ma\\\/fr\\\/2026\\\/07\\\/16\\\/le-partenariat-dexception-renforce-voulu-par-sm-le-roi-et-le-president-francais-entre-dans-sa-phase-de-pleine-mise-en-oeuvre\\\/\",\"name\":\"Le Partenariat d\u2019exception renforc\u00e9 voulu par SM le Roi et le Pr\u00e9sident fran\u00e7ais entre dans sa phase de pleine mise en \u0153uvre - Dpress.ma\\\/fr\",\"isPartOf\":{\"@id\":\"https:\\\/\\\/dpress.ma\\\/fr\\\/#website\"},\"primaryImageOfPage\":{\"@id\":\"https:\\\/\\\/dpress.ma\\\/fr\\\/2026\\\/07\\\/16\\\/le-partenariat-dexception-renforce-voulu-par-sm-le-roi-et-le-president-francais-entre-dans-sa-phase-de-pleine-mise-en-oeuvre\\\/#primaryimage\"},\"image\":{\"@id\":\"https:\\\/\\\/dpress.ma\\\/fr\\\/2026\\\/07\\\/16\\\/le-partenariat-dexception-renforce-voulu-par-sm-le-roi-et-le-president-francais-entre-dans-sa-phase-de-pleine-mise-en-oeuvre\\\/#primaryimage\"},\"thumbnailUrl\":\"https:\\\/\\\/dpress.ma\\\/fr\\\/wp-content\\\/uploads\\\/sites\\\/2\\\/2026\\\/07\\\/30-9.jpg\",\"datePublished\":\"2026-07-16T16:03:00+00:00\",\"dateModified\":\"2026-07-17T09:04:40+00:00\",\"author\":{\"@id\":\"https:\\\/\\\/dpress.ma\\\/fr\\\/#\\\/schema\\\/person\\\/4898febf3ccd59e6578d838656a306a0\"},\"breadcrumb\":{\"@id\":\"https:\\\/\\\/dpress.ma\\\/fr\\\/2026\\\/07\\\/16\\\/le-partenariat-dexception-renforce-voulu-par-sm-le-roi-et-le-president-francais-entre-dans-sa-phase-de-pleine-mise-en-oeuvre\\\/#breadcrumb\"},\"inLanguage\":\"fr-FR\",\"potentialAction\":[{\"@type\":\"ReadAction\",\"target\":[\"https:\\\/\\\/dpress.ma\\\/fr\\\/2026\\\/07\\\/16\\\/le-partenariat-dexception-renforce-voulu-par-sm-le-roi-et-le-president-francais-entre-dans-sa-phase-de-pleine-mise-en-oeuvre\\\/\"]}]},{\"@type\":\"ImageObject\",\"inLanguage\":\"fr-FR\",\"@id\":\"https:\\\/\\\/dpress.ma\\\/fr\\\/2026\\\/07\\\/16\\\/le-partenariat-dexception-renforce-voulu-par-sm-le-roi-et-le-president-francais-entre-dans-sa-phase-de-pleine-mise-en-oeuvre\\\/#primaryimage\",\"url\":\"https:\\\/\\\/dpress.ma\\\/fr\\\/wp-content\\\/uploads\\\/sites\\\/2\\\/2026\\\/07\\\/30-9.jpg\",\"contentUrl\":\"https:\\\/\\\/dpress.ma\\\/fr\\\/wp-content\\\/uploads\\\/sites\\\/2\\\/2026\\\/07\\\/30-9.jpg\",\"width\":2539,\"height\":1594},{\"@type\":\"BreadcrumbList\",\"@id\":\"https:\\\/\\\/dpress.ma\\\/fr\\\/2026\\\/07\\\/16\\\/le-partenariat-dexception-renforce-voulu-par-sm-le-roi-et-le-president-francais-entre-dans-sa-phase-de-pleine-mise-en-oeuvre\\\/#breadcrumb\",\"itemListElement\":[{\"@type\":\"ListItem\",\"position\":1,\"name\":\"Home\",\"item\":\"https:\\\/\\\/dpress.ma\\\/fr\\\/\"},{\"@type\":\"ListItem\",\"position\":2,\"name\":\"Le Partenariat d\u2019exception renforc\u00e9 voulu par SM le Roi et le Pr\u00e9sident fran\u00e7ais entre dans sa phase de pleine mise en \u0153uvre\"}]},{\"@type\":\"WebSite\",\"@id\":\"https:\\\/\\\/dpress.ma\\\/fr\\\/#website\",\"url\":\"https:\\\/\\\/dpress.ma\\\/fr\\\/\",\"name\":\"Dpress.ma\\\/fr\",\"description\":\"\",\"potentialAction\":[{\"@type\":\"SearchAction\",\"target\":{\"@type\":\"EntryPoint\",\"urlTemplate\":\"https:\\\/\\\/dpress.ma\\\/fr\\\/?s={search_term_string}\"},\"query-input\":{\"@type\":\"PropertyValueSpecification\",\"valueRequired\":true,\"valueName\":\"search_term_string\"}}],\"inLanguage\":\"fr-FR\"},{\"@type\":\"Person\",\"@id\":\"https:\\\/\\\/dpress.ma\\\/fr\\\/#\\\/schema\\\/person\\\/4898febf3ccd59e6578d838656a306a0\",\"name\":\"Dpress.ma\",\"image\":{\"@type\":\"ImageObject\",\"inLanguage\":\"fr-FR\",\"@id\":\"https:\\\/\\\/secure.gravatar.com\\\/avatar\\\/72ecc30e9db047a2e0e7176561eb9d564ed77c8108376495b19bd8336405198a?s=96&d=mm&r=g\",\"url\":\"https:\\\/\\\/secure.gravatar.com\\\/avatar\\\/72ecc30e9db047a2e0e7176561eb9d564ed77c8108376495b19bd8336405198a?s=96&d=mm&r=g\",\"contentUrl\":\"https:\\\/\\\/secure.gravatar.com\\\/avatar\\\/72ecc30e9db047a2e0e7176561eb9d564ed77c8108376495b19bd8336405198a?s=96&d=mm&r=g\",\"caption\":\"Dpress.ma\"},\"sameAs\":[\"https:\\\/\\\/www.dpress.ma\"],\"url\":\"https:\\\/\\\/dpress.ma\\\/fr\\\/author\\\/dpress-ma\\\/\"}]}<\/script>\n<!-- \/ Yoast SEO plugin. -->","yoast_head_json":{"title":"Le Partenariat d\u2019exception renforc\u00e9 voulu par SM le Roi et le Pr\u00e9sident fran\u00e7ais entre dans sa phase de pleine mise en \u0153uvre - Dpress.ma\/fr","robots":{"index":"index","follow":"follow","max-snippet":"max-snippet:-1","max-image-preview":"max-image-preview:large","max-video-preview":"max-video-preview:-1"},"canonical":"https:\/\/dpress.ma\/fr\/2026\/07\/16\/le-partenariat-dexception-renforce-voulu-par-sm-le-roi-et-le-president-francais-entre-dans-sa-phase-de-pleine-mise-en-oeuvre\/","og_locale":"fr_FR","og_type":"article","og_title":"Le Partenariat d\u2019exception renforc\u00e9 voulu par SM le Roi et le Pr\u00e9sident fran\u00e7ais entre dans sa phase de pleine mise en \u0153uvre - Dpress.ma\/fr","og_description":"Dpress Le Partenariat&nbsp;d\u2019exception renforc\u00e9, voulu par Sa Majest\u00e9 le Roi&nbsp;Mohammed VI et S.E.M. le&nbsp;Pr\u00e9sident Emmanuel Macron, est d\u00e9sormais entr\u00e9 dans sa&nbsp;phase de pleine mise en \u0153uvre, a affirm\u00e9, jeudi \u00e0 Rabat, le Chef du gouvernement, Aziz Akhannouch. \u00ab\u00a0Ce partenariat ne repose plus uniquement sur la profondeur des liens historiques qui unissent le Royaume du Maroc &hellip;","og_url":"https:\/\/dpress.ma\/fr\/2026\/07\/16\/le-partenariat-dexception-renforce-voulu-par-sm-le-roi-et-le-president-francais-entre-dans-sa-phase-de-pleine-mise-en-oeuvre\/","og_site_name":"Dpress.ma\/fr","article_published_time":"2026-07-16T16:03:00+00:00","article_modified_time":"2026-07-17T09:04:40+00:00","og_image":[{"width":2539,"height":1594,"url":"https:\/\/dpress.ma\/fr\/wp-content\/uploads\/sites\/2\/2026\/07\/30-9.jpg","type":"image\/jpeg"}],"author":"Dpress.ma","twitter_card":"summary_large_image","twitter_misc":{"\u00c9crit par":"Dpress.ma","Dur\u00e9e de lecture estim\u00e9e":"3 minutes"},"schema":{"@context":"https:\/\/schema.org","@graph":[{"@type":"Article","@id":"https:\/\/dpress.ma\/fr\/2026\/07\/16\/le-partenariat-dexception-renforce-voulu-par-sm-le-roi-et-le-president-francais-entre-dans-sa-phase-de-pleine-mise-en-oeuvre\/#article","isPartOf":{"@id":"https:\/\/dpress.ma\/fr\/2026\/07\/16\/le-partenariat-dexception-renforce-voulu-par-sm-le-roi-et-le-president-francais-entre-dans-sa-phase-de-pleine-mise-en-oeuvre\/"},"author":{"name":"Dpress.ma","@id":"https:\/\/dpress.ma\/fr\/#\/schema\/person\/4898febf3ccd59e6578d838656a306a0"},"headline":"Le Partenariat d\u2019exception renforc\u00e9 voulu par SM le Roi et le Pr\u00e9sident fran\u00e7ais entre dans sa phase de pleine mise en \u0153uvre","datePublished":"2026-07-16T16:03:00+00:00","dateModified":"2026-07-17T09:04:40+00:00","mainEntityOfPage":{"@id":"https:\/\/dpress.ma\/fr\/2026\/07\/16\/le-partenariat-dexception-renforce-voulu-par-sm-le-roi-et-le-president-francais-entre-dans-sa-phase-de-pleine-mise-en-oeuvre\/"},"wordCount":601,"commentCount":0,"image":{"@id":"https:\/\/dpress.ma\/fr\/2026\/07\/16\/le-partenariat-dexception-renforce-voulu-par-sm-le-roi-et-le-president-francais-entre-dans-sa-phase-de-pleine-mise-en-oeuvre\/#primaryimage"},"thumbnailUrl":"https:\/\/dpress.ma\/fr\/wp-content\/uploads\/sites\/2\/2026\/07\/30-9.jpg","articleSection":["Politiques"],"inLanguage":"fr-FR","potentialAction":[{"@type":"CommentAction","name":"Comment","target":["https:\/\/dpress.ma\/fr\/2026\/07\/16\/le-partenariat-dexception-renforce-voulu-par-sm-le-roi-et-le-president-francais-entre-dans-sa-phase-de-pleine-mise-en-oeuvre\/#respond"]}]},{"@type":"WebPage","@id":"https:\/\/dpress.ma\/fr\/2026\/07\/16\/le-partenariat-dexception-renforce-voulu-par-sm-le-roi-et-le-president-francais-entre-dans-sa-phase-de-pleine-mise-en-oeuvre\/","url":"https:\/\/dpress.ma\/fr\/2026\/07\/16\/le-partenariat-dexception-renforce-voulu-par-sm-le-roi-et-le-president-francais-entre-dans-sa-phase-de-pleine-mise-en-oeuvre\/","name":"Le Partenariat d\u2019exception renforc\u00e9 voulu par SM le Roi et le Pr\u00e9sident fran\u00e7ais entre dans sa phase de pleine mise en \u0153uvre - Dpress.ma\/fr","isPartOf":{"@id":"https:\/\/dpress.ma\/fr\/#website"},"primaryImageOfPage":{"@id":"https:\/\/dpress.ma\/fr\/2026\/07\/16\/le-partenariat-dexception-renforce-voulu-par-sm-le-roi-et-le-president-francais-entre-dans-sa-phase-de-pleine-mise-en-oeuvre\/#primaryimage"},"image":{"@id":"https:\/\/dpress.ma\/fr\/2026\/07\/16\/le-partenariat-dexception-renforce-voulu-par-sm-le-roi-et-le-president-francais-entre-dans-sa-phase-de-pleine-mise-en-oeuvre\/#primaryimage"},"thumbnailUrl":"https:\/\/dpress.ma\/fr\/wp-content\/uploads\/sites\/2\/2026\/07\/30-9.jpg","datePublished":"2026-07-16T16:03:00+00:00","dateModified":"2026-07-17T09:04:40+00:00","author":{"@id":"https:\/\/dpress.ma\/fr\/#\/schema\/person\/4898febf3ccd59e6578d838656a306a0"},"breadcrumb":{"@id":"https:\/\/dpress.ma\/fr\/2026\/07\/16\/le-partenariat-dexception-renforce-voulu-par-sm-le-roi-et-le-president-francais-entre-dans-sa-phase-de-pleine-mise-en-oeuvre\/#breadcrumb"},"inLanguage":"fr-FR","potentialAction":[{"@type":"ReadAction","target":["https:\/\/dpress.ma\/fr\/2026\/07\/16\/le-partenariat-dexception-renforce-voulu-par-sm-le-roi-et-le-president-francais-entre-dans-sa-phase-de-pleine-mise-en-oeuvre\/"]}]},{"@type":"ImageObject","inLanguage":"fr-FR","@id":"https:\/\/dpress.ma\/fr\/2026\/07\/16\/le-partenariat-dexception-renforce-voulu-par-sm-le-roi-et-le-president-francais-entre-dans-sa-phase-de-pleine-mise-en-oeuvre\/#primaryimage","url":"https:\/\/dpress.ma\/fr\/wp-content\/uploads\/sites\/2\/2026\/07\/30-9.jpg","contentUrl":"https:\/\/dpress.ma\/fr\/wp-content\/uploads\/sites\/2\/2026\/07\/30-9.jpg","width":2539,"height":1594},{"@type":"BreadcrumbList","@id":"https:\/\/dpress.ma\/fr\/2026\/07\/16\/le-partenariat-dexception-renforce-voulu-par-sm-le-roi-et-le-president-francais-entre-dans-sa-phase-de-pleine-mise-en-oeuvre\/#breadcrumb","itemListElement":[{"@type":"ListItem","position":1,"name":"Home","item":"https:\/\/dpress.ma\/fr\/"},{"@type":"ListItem","position":2,"name":"Le Partenariat d\u2019exception renforc\u00e9 voulu par SM le Roi et le Pr\u00e9sident fran\u00e7ais entre dans sa phase de pleine mise en \u0153uvre"}]},{"@type":"WebSite","@id":"https:\/\/dpress.ma\/fr\/#website","url":"https:\/\/dpress.ma\/fr\/","name":"Dpress.ma\/fr","description":"","potentialAction":[{"@type":"SearchAction","target":{"@type":"EntryPoint","urlTemplate":"https:\/\/dpress.ma\/fr\/?s={search_term_string}"},"query-input":{"@type":"PropertyValueSpecification","valueRequired":true,"valueName":"search_term_string"}}],"inLanguage":"fr-FR"},{"@type":"Person","@id":"https:\/\/dpress.ma\/fr\/#\/schema\/person\/4898febf3ccd59e6578d838656a306a0","name":"Dpress.ma","image":{"@type":"ImageObject","inLanguage":"fr-FR","@id":"https:\/\/secure.gravatar.com\/avatar\/72ecc30e9db047a2e0e7176561eb9d564ed77c8108376495b19bd8336405198a?s=96&d=mm&r=g","url":"https:\/\/secure.gravatar.com\/avatar\/72ecc30e9db047a2e0e7176561eb9d564ed77c8108376495b19bd8336405198a?s=96&d=mm&r=g","contentUrl":"https:\/\/secure.gravatar.com\/avatar\/72ecc30e9db047a2e0e7176561eb9d564ed77c8108376495b19bd8336405198a?s=96&d=mm&r=g","caption":"Dpress.ma"},"sameAs":["https:\/\/www.dpress.ma"],"url":"https:\/\/dpress.ma\/fr\/author\/dpress-ma\/"}]}},"amp_enabled":true,"_links":{"self":[{"href":"https:\/\/dpress.ma\/fr\/wp-json\/wp\/v2\/posts\/36289","targetHints":{"allow":["GET"]}}],"collection":[{"href":"https:\/\/dpress.ma\/fr\/wp-json\/wp\/v2\/posts"}],"about":[{"href":"https:\/\/dpress.ma\/fr\/wp-json\/wp\/v2\/types\/post"}],"author":[{"embeddable":true,"href":"https:\/\/dpress.ma\/fr\/wp-json\/wp\/v2\/users\/2"}],"replies":[{"embeddable":true,"href":"https:\/\/dpress.ma\/fr\/wp-json\/wp\/v2\/comments?post=36289"}],"version-history":[{"count":1,"href":"https:\/\/dpress.ma\/fr\/wp-json\/wp\/v2\/posts\/36289\/revisions"}],"predecessor-version":[{"id":36291,"href":"https:\/\/dpress.ma\/fr\/wp-json\/wp\/v2\/posts\/36289\/revisions\/36291"}],"wp:featuredmedia":[{"embeddable":true,"href":"https:\/\/dpress.ma\/fr\/wp-json\/wp\/v2\/media\/36290"}],"wp:attachment":[{"href":"https:\/\/dpress.ma\/fr\/wp-json\/wp\/v2\/media?parent=36289"}],"wp:term":[{"taxonomy":"category","embeddable":true,"href":"https:\/\/dpress.ma\/fr\/wp-json\/wp\/v2\/categories?post=36289"},{"taxonomy":"post_tag","embeddable":true,"href":"https:\/\/dpress.ma\/fr\/wp-json\/wp\/v2\/tags?post=36289"}],"curies":[{"name":"wp","href":"https:\/\/api.w.org\/{rel}","templated":true}]}}