{"id":3626,"date":"2023-02-14T14:01:59","date_gmt":"2023-02-14T14:01:59","guid":{"rendered":"https:\/\/dpress.ma\/fr\/?p=3626"},"modified":"2023-02-14T14:02:00","modified_gmt":"2023-02-14T14:02:00","slug":"le-nouveau-dg-de-lagence-de-presse-senegalaise-rend-visite-a-la-map","status":"publish","type":"post","link":"https:\/\/dpress.ma\/fr\/2023\/02\/14\/le-nouveau-dg-de-lagence-de-presse-senegalaise-rend-visite-a-la-map\/","title":{"rendered":"Le nouveau DG de l\u2019Agence de presse s\u00e9n\u00e9galaise rend visite \u00e0 la MAP"},"content":{"rendered":"\n<p>Dpress<\/p>\n\n\n\n<p>Le nouveau Directeur g\u00e9n\u00e9ral de l\u2019Agence de presse s\u00e9n\u00e9galaise (APS), Thierno Amadou Sy, a effectu\u00e9, lundi, une visite au si\u00e8ge de l\u2019Agence Maghreb Arabe Presse (MAP), avec pour ambition de renforcer le partenariat entre les deux agences dans le domaine m\u00e9diatique face aux mutations acc\u00e9l\u00e9r\u00e9es que conna\u00eet ce secteur \u00e0 l\u2019\u00e9chelle internationale.<\/p>\n\n\n\n<p>Au cours de cette visite, la premi\u00e8re \u00e0 l\u2019\u00e9tranger de M. Amadou Sy depuis sa nomination en tant que nouveau Directeur g\u00e9n\u00e9ral de l\u2019APS, des explications lui ont \u00e9t\u00e9 pr\u00e9sent\u00e9es sur les d\u00e9veloppements majeurs qu\u2019a connus l\u2019Agence marocaine de presse durant les dix derni\u00e8res ann\u00e9es pour s\u2019\u00e9riger en p\u00f4le public d\u2019information multi-supports \u00e0 l\u2019\u00e8re des nouvelles technologies et des r\u00e9seaux sociaux.<\/p>\n\n\n\n<p>M. Amadou Sy, qui conduit une importante d\u00e9l\u00e9gation de l\u2019APS, a pris aussi connaissance des diff\u00e9rents produits de la MAP (photographie, infographie, vid\u00e9o, \u00e9dition en plusieurs langues, etc) et de son nouveau p\u00f4le audiovisuel, outre le recours \u00e0 l\u2019intelligence artificielle pour accro\u00eetre sa productivit\u00e9 et consolider son positionnement en tant que premi\u00e8re agence de presse africaine.<\/p>\n\n\n\n<p>Cette visite a aussi permis de mettre en exergue le partenariat privil\u00e9gi\u00e9 liant les deux institutions m\u00e9diatiques comme en t\u00e9moigne l\u2019ouverture \u00e0 Dakar en 1980 du premier bureau de la MAP en Afrique, et de souligner la disposition de l\u2019Agence marocaine \u00e0 soutenir l\u2019APS dans les chantiers qu\u2019elle a ouverts pour \u00eatre en phase avec le d\u00e9veloppement rapide que conna\u00eet le secteur des m\u00e9dias.<\/p>\n\n\n\n<p>Le nouveau Directeur g\u00e9n\u00e9ral de l\u2019APS, qui a visit\u00e9 les diff\u00e9rents locaux, services et directions de l\u2019Agence, a saisi cette occasion pour exprimer sa ferme volont\u00e9 de tirer profit de la riche exp\u00e9rience de la MAP, connue et reconnue pour son leadership sur les plans r\u00e9gional et continental.<\/p>\n\n\n\n<p>Dans une d\u00e9claration \u00e0 \u201cM24\u201d, la cha\u00eene d\u2019information en continu de la MAP, il s\u2019est f\u00e9licit\u00e9 de l\u2019amiti\u00e9 de longue date tiss\u00e9e entre les deux agences, soulignant que sa visite vise le raffermissement de la coop\u00e9ration bilat\u00e9rale dans le domaine m\u00e9diatique.<\/p>\n\n\n\n<p>Rappelant les efforts men\u00e9s pour la redynamisation de l\u2019Agence de presse s\u00e9n\u00e9galaise et le renforcement de ses p\u00f4les audiovisuel et infographie, M. Amadou Sy a fait part de son souhait de tirer profit de l\u2019exp\u00e9rience de la MAP pour \u00e9riger l\u2019APS en une agence de presse \u201cde grande envergure\u201d.<\/p>\n","protected":false},"excerpt":{"rendered":"<p>Dpress Le nouveau Directeur g\u00e9n\u00e9ral de l\u2019Agence de presse s\u00e9n\u00e9galaise (APS), Thierno Amadou Sy, a effectu\u00e9, lundi, une visite au si\u00e8ge de l\u2019Agence Maghreb Arabe Presse (MAP), avec pour ambition de renforcer le partenariat entre les deux agences dans le domaine m\u00e9diatique face aux mutations acc\u00e9l\u00e9r\u00e9es que conna\u00eet ce secteur \u00e0 l\u2019\u00e9chelle internationale. Au cours &hellip;<\/p>\n","protected":false},"author":2,"featured_media":3627,"comment_status":"open","ping_status":"open","sticky":false,"template":"","format":"standard","meta":{"footnotes":""},"categories":[31],"tags":[],"class_list":["post-3626","post","type-post","status-publish","format-standard","has-post-thumbnail","hentry","category-art-et-culture"],"yoast_head":"<!-- This site is optimized with the Yoast SEO plugin v27.5 - https:\/\/yoast.com\/product\/yoast-seo-wordpress\/ -->\n<title>Le nouveau DG de l\u2019Agence de presse s\u00e9n\u00e9galaise rend visite \u00e0 la MAP - Dpress.ma\/fr<\/title>\n<meta name=\"description\" content=\"Le nouveau Directeur g\u00e9n\u00e9ral de l\u2019Agence de presse s\u00e9n\u00e9galaise (APS), Thierno Amadou Sy, a effectu\u00e9, lundi, une visite au si\u00e8ge de l\u2019Agence Maghreb Arabe Presse (MAP), avec pour ambition de renforcer le partenariat entre les deux agences dans le domaine m\u00e9diatique face aux mutations acc\u00e9l\u00e9r\u00e9es que conna\u00eet ce secteur \u00e0 l\u2019\u00e9chelle internationale.\" \/>\n<meta name=\"robots\" content=\"index, follow, max-snippet:-1, max-image-preview:large, max-video-preview:-1\" \/>\n<link rel=\"canonical\" href=\"https:\/\/dpress.ma\/fr\/2023\/02\/14\/le-nouveau-dg-de-lagence-de-presse-senegalaise-rend-visite-a-la-map\/\" \/>\n<meta property=\"og:locale\" content=\"fr_FR\" \/>\n<meta property=\"og:type\" content=\"article\" \/>\n<meta property=\"og:title\" content=\"Le nouveau DG de l\u2019Agence de presse s\u00e9n\u00e9galaise rend visite \u00e0 la MAP - Dpress.ma\/fr\" \/>\n<meta property=\"og:description\" content=\"Le nouveau Directeur g\u00e9n\u00e9ral de l\u2019Agence de presse s\u00e9n\u00e9galaise (APS), Thierno Amadou Sy, a effectu\u00e9, lundi, une visite au si\u00e8ge de l\u2019Agence Maghreb Arabe Presse (MAP), avec pour ambition de renforcer le partenariat entre les deux agences dans le domaine m\u00e9diatique face aux mutations acc\u00e9l\u00e9r\u00e9es que conna\u00eet ce secteur \u00e0 l\u2019\u00e9chelle internationale.\" \/>\n<meta property=\"og:url\" content=\"https:\/\/dpress.ma\/fr\/2023\/02\/14\/le-nouveau-dg-de-lagence-de-presse-senegalaise-rend-visite-a-la-map\/\" \/>\n<meta property=\"og:site_name\" content=\"Dpress.ma\/fr\" \/>\n<meta property=\"article:published_time\" content=\"2023-02-14T14:01:59+00:00\" \/>\n<meta property=\"article:modified_time\" content=\"2023-02-14T14:02:00+00:00\" \/>\n<meta property=\"og:image\" content=\"https:\/\/dpress.ma\/fr\/wp-content\/uploads\/sites\/2\/2023\/02\/dimensions2-37.jpg\" \/>\n\t<meta property=\"og:image:width\" content=\"2539\" \/>\n\t<meta property=\"og:image:height\" content=\"1594\" \/>\n\t<meta property=\"og:image:type\" content=\"image\/jpeg\" \/>\n<meta name=\"author\" content=\"Dpress.ma\" \/>\n<meta name=\"twitter:card\" content=\"summary_large_image\" \/>\n<meta name=\"twitter:label1\" content=\"\u00c9crit par\" \/>\n\t<meta name=\"twitter:data1\" content=\"Dpress.ma\" \/>\n\t<meta name=\"twitter:label2\" content=\"Dur\u00e9e de lecture estim\u00e9e\" \/>\n\t<meta name=\"twitter:data2\" content=\"2 minutes\" \/>\n<script type=\"application\/ld+json\" class=\"yoast-schema-graph\">{\"@context\":\"https:\\\/\\\/schema.org\",\"@graph\":[{\"@type\":\"Article\",\"@id\":\"https:\\\/\\\/dpress.ma\\\/fr\\\/2023\\\/02\\\/14\\\/le-nouveau-dg-de-lagence-de-presse-senegalaise-rend-visite-a-la-map\\\/#article\",\"isPartOf\":{\"@id\":\"https:\\\/\\\/dpress.ma\\\/fr\\\/2023\\\/02\\\/14\\\/le-nouveau-dg-de-lagence-de-presse-senegalaise-rend-visite-a-la-map\\\/\"},\"author\":{\"name\":\"Dpress.ma\",\"@id\":\"https:\\\/\\\/dpress.ma\\\/fr\\\/#\\\/schema\\\/person\\\/4898febf3ccd59e6578d838656a306a0\"},\"headline\":\"Le nouveau DG de l\u2019Agence de presse s\u00e9n\u00e9galaise rend visite \u00e0 la MAP\",\"datePublished\":\"2023-02-14T14:01:59+00:00\",\"dateModified\":\"2023-02-14T14:02:00+00:00\",\"mainEntityOfPage\":{\"@id\":\"https:\\\/\\\/dpress.ma\\\/fr\\\/2023\\\/02\\\/14\\\/le-nouveau-dg-de-lagence-de-presse-senegalaise-rend-visite-a-la-map\\\/\"},\"wordCount\":453,\"commentCount\":0,\"image\":{\"@id\":\"https:\\\/\\\/dpress.ma\\\/fr\\\/2023\\\/02\\\/14\\\/le-nouveau-dg-de-lagence-de-presse-senegalaise-rend-visite-a-la-map\\\/#primaryimage\"},\"thumbnailUrl\":\"https:\\\/\\\/dpress.ma\\\/fr\\\/wp-content\\\/uploads\\\/sites\\\/2\\\/2023\\\/02\\\/dimensions2-37.jpg\",\"articleSection\":[\"Art et Culture\"],\"inLanguage\":\"fr-FR\",\"potentialAction\":[{\"@type\":\"CommentAction\",\"name\":\"Comment\",\"target\":[\"https:\\\/\\\/dpress.ma\\\/fr\\\/2023\\\/02\\\/14\\\/le-nouveau-dg-de-lagence-de-presse-senegalaise-rend-visite-a-la-map\\\/#respond\"]}]},{\"@type\":\"WebPage\",\"@id\":\"https:\\\/\\\/dpress.ma\\\/fr\\\/2023\\\/02\\\/14\\\/le-nouveau-dg-de-lagence-de-presse-senegalaise-rend-visite-a-la-map\\\/\",\"url\":\"https:\\\/\\\/dpress.ma\\\/fr\\\/2023\\\/02\\\/14\\\/le-nouveau-dg-de-lagence-de-presse-senegalaise-rend-visite-a-la-map\\\/\",\"name\":\"Le nouveau DG de l\u2019Agence de presse s\u00e9n\u00e9galaise rend visite \u00e0 la MAP - Dpress.ma\\\/fr\",\"isPartOf\":{\"@id\":\"https:\\\/\\\/dpress.ma\\\/fr\\\/#website\"},\"primaryImageOfPage\":{\"@id\":\"https:\\\/\\\/dpress.ma\\\/fr\\\/2023\\\/02\\\/14\\\/le-nouveau-dg-de-lagence-de-presse-senegalaise-rend-visite-a-la-map\\\/#primaryimage\"},\"image\":{\"@id\":\"https:\\\/\\\/dpress.ma\\\/fr\\\/2023\\\/02\\\/14\\\/le-nouveau-dg-de-lagence-de-presse-senegalaise-rend-visite-a-la-map\\\/#primaryimage\"},\"thumbnailUrl\":\"https:\\\/\\\/dpress.ma\\\/fr\\\/wp-content\\\/uploads\\\/sites\\\/2\\\/2023\\\/02\\\/dimensions2-37.jpg\",\"datePublished\":\"2023-02-14T14:01:59+00:00\",\"dateModified\":\"2023-02-14T14:02:00+00:00\",\"author\":{\"@id\":\"https:\\\/\\\/dpress.ma\\\/fr\\\/#\\\/schema\\\/person\\\/4898febf3ccd59e6578d838656a306a0\"},\"description\":\"Le nouveau Directeur g\u00e9n\u00e9ral de l\u2019Agence de presse s\u00e9n\u00e9galaise (APS), Thierno Amadou Sy, a effectu\u00e9, lundi, une visite au si\u00e8ge de l\u2019Agence Maghreb Arabe Presse (MAP), avec pour ambition de renforcer le partenariat entre les deux agences dans le domaine m\u00e9diatique face aux mutations acc\u00e9l\u00e9r\u00e9es que conna\u00eet ce secteur \u00e0 l\u2019\u00e9chelle internationale.\",\"breadcrumb\":{\"@id\":\"https:\\\/\\\/dpress.ma\\\/fr\\\/2023\\\/02\\\/14\\\/le-nouveau-dg-de-lagence-de-presse-senegalaise-rend-visite-a-la-map\\\/#breadcrumb\"},\"inLanguage\":\"fr-FR\",\"potentialAction\":[{\"@type\":\"ReadAction\",\"target\":[\"https:\\\/\\\/dpress.ma\\\/fr\\\/2023\\\/02\\\/14\\\/le-nouveau-dg-de-lagence-de-presse-senegalaise-rend-visite-a-la-map\\\/\"]}]},{\"@type\":\"ImageObject\",\"inLanguage\":\"fr-FR\",\"@id\":\"https:\\\/\\\/dpress.ma\\\/fr\\\/2023\\\/02\\\/14\\\/le-nouveau-dg-de-lagence-de-presse-senegalaise-rend-visite-a-la-map\\\/#primaryimage\",\"url\":\"https:\\\/\\\/dpress.ma\\\/fr\\\/wp-content\\\/uploads\\\/sites\\\/2\\\/2023\\\/02\\\/dimensions2-37.jpg\",\"contentUrl\":\"https:\\\/\\\/dpress.ma\\\/fr\\\/wp-content\\\/uploads\\\/sites\\\/2\\\/2023\\\/02\\\/dimensions2-37.jpg\",\"width\":2539,\"height\":1594},{\"@type\":\"BreadcrumbList\",\"@id\":\"https:\\\/\\\/dpress.ma\\\/fr\\\/2023\\\/02\\\/14\\\/le-nouveau-dg-de-lagence-de-presse-senegalaise-rend-visite-a-la-map\\\/#breadcrumb\",\"itemListElement\":[{\"@type\":\"ListItem\",\"position\":1,\"name\":\"Home\",\"item\":\"https:\\\/\\\/dpress.ma\\\/fr\\\/\"},{\"@type\":\"ListItem\",\"position\":2,\"name\":\"Le nouveau DG de l\u2019Agence de presse s\u00e9n\u00e9galaise rend visite \u00e0 la MAP\"}]},{\"@type\":\"WebSite\",\"@id\":\"https:\\\/\\\/dpress.ma\\\/fr\\\/#website\",\"url\":\"https:\\\/\\\/dpress.ma\\\/fr\\\/\",\"name\":\"Dpress.ma\\\/fr\",\"description\":\"\",\"potentialAction\":[{\"@type\":\"SearchAction\",\"target\":{\"@type\":\"EntryPoint\",\"urlTemplate\":\"https:\\\/\\\/dpress.ma\\\/fr\\\/?s={search_term_string}\"},\"query-input\":{\"@type\":\"PropertyValueSpecification\",\"valueRequired\":true,\"valueName\":\"search_term_string\"}}],\"inLanguage\":\"fr-FR\"},{\"@type\":\"Person\",\"@id\":\"https:\\\/\\\/dpress.ma\\\/fr\\\/#\\\/schema\\\/person\\\/4898febf3ccd59e6578d838656a306a0\",\"name\":\"Dpress.ma\",\"image\":{\"@type\":\"ImageObject\",\"inLanguage\":\"fr-FR\",\"@id\":\"https:\\\/\\\/secure.gravatar.com\\\/avatar\\\/72ecc30e9db047a2e0e7176561eb9d564ed77c8108376495b19bd8336405198a?s=96&d=mm&r=g\",\"url\":\"https:\\\/\\\/secure.gravatar.com\\\/avatar\\\/72ecc30e9db047a2e0e7176561eb9d564ed77c8108376495b19bd8336405198a?s=96&d=mm&r=g\",\"contentUrl\":\"https:\\\/\\\/secure.gravatar.com\\\/avatar\\\/72ecc30e9db047a2e0e7176561eb9d564ed77c8108376495b19bd8336405198a?s=96&d=mm&r=g\",\"caption\":\"Dpress.ma\"},\"sameAs\":[\"https:\\\/\\\/www.dpress.ma\"],\"url\":\"https:\\\/\\\/dpress.ma\\\/fr\\\/author\\\/dpress-ma\\\/\"}]}<\/script>\n<!-- \/ Yoast SEO plugin. -->","yoast_head_json":{"title":"Le nouveau DG de l\u2019Agence de presse s\u00e9n\u00e9galaise rend visite \u00e0 la MAP - Dpress.ma\/fr","description":"Le nouveau Directeur g\u00e9n\u00e9ral de l\u2019Agence de presse s\u00e9n\u00e9galaise (APS), Thierno Amadou Sy, a effectu\u00e9, lundi, une visite au si\u00e8ge de l\u2019Agence Maghreb Arabe Presse (MAP), avec pour ambition de renforcer le partenariat entre les deux agences dans le domaine m\u00e9diatique face aux mutations acc\u00e9l\u00e9r\u00e9es que conna\u00eet ce secteur \u00e0 l\u2019\u00e9chelle internationale.","robots":{"index":"index","follow":"follow","max-snippet":"max-snippet:-1","max-image-preview":"max-image-preview:large","max-video-preview":"max-video-preview:-1"},"canonical":"https:\/\/dpress.ma\/fr\/2023\/02\/14\/le-nouveau-dg-de-lagence-de-presse-senegalaise-rend-visite-a-la-map\/","og_locale":"fr_FR","og_type":"article","og_title":"Le nouveau DG de l\u2019Agence de presse s\u00e9n\u00e9galaise rend visite \u00e0 la MAP - Dpress.ma\/fr","og_description":"Le nouveau Directeur g\u00e9n\u00e9ral de l\u2019Agence de presse s\u00e9n\u00e9galaise (APS), Thierno Amadou Sy, a effectu\u00e9, lundi, une visite au si\u00e8ge de l\u2019Agence Maghreb Arabe Presse (MAP), avec pour ambition de renforcer le partenariat entre les deux agences dans le domaine m\u00e9diatique face aux mutations acc\u00e9l\u00e9r\u00e9es que conna\u00eet ce secteur \u00e0 l\u2019\u00e9chelle internationale.","og_url":"https:\/\/dpress.ma\/fr\/2023\/02\/14\/le-nouveau-dg-de-lagence-de-presse-senegalaise-rend-visite-a-la-map\/","og_site_name":"Dpress.ma\/fr","article_published_time":"2023-02-14T14:01:59+00:00","article_modified_time":"2023-02-14T14:02:00+00:00","og_image":[{"width":2539,"height":1594,"url":"https:\/\/dpress.ma\/fr\/wp-content\/uploads\/sites\/2\/2023\/02\/dimensions2-37.jpg","type":"image\/jpeg"}],"author":"Dpress.ma","twitter_card":"summary_large_image","twitter_misc":{"\u00c9crit par":"Dpress.ma","Dur\u00e9e de lecture estim\u00e9e":"2 minutes"},"schema":{"@context":"https:\/\/schema.org","@graph":[{"@type":"Article","@id":"https:\/\/dpress.ma\/fr\/2023\/02\/14\/le-nouveau-dg-de-lagence-de-presse-senegalaise-rend-visite-a-la-map\/#article","isPartOf":{"@id":"https:\/\/dpress.ma\/fr\/2023\/02\/14\/le-nouveau-dg-de-lagence-de-presse-senegalaise-rend-visite-a-la-map\/"},"author":{"name":"Dpress.ma","@id":"https:\/\/dpress.ma\/fr\/#\/schema\/person\/4898febf3ccd59e6578d838656a306a0"},"headline":"Le nouveau DG de l\u2019Agence de presse s\u00e9n\u00e9galaise rend visite \u00e0 la MAP","datePublished":"2023-02-14T14:01:59+00:00","dateModified":"2023-02-14T14:02:00+00:00","mainEntityOfPage":{"@id":"https:\/\/dpress.ma\/fr\/2023\/02\/14\/le-nouveau-dg-de-lagence-de-presse-senegalaise-rend-visite-a-la-map\/"},"wordCount":453,"commentCount":0,"image":{"@id":"https:\/\/dpress.ma\/fr\/2023\/02\/14\/le-nouveau-dg-de-lagence-de-presse-senegalaise-rend-visite-a-la-map\/#primaryimage"},"thumbnailUrl":"https:\/\/dpress.ma\/fr\/wp-content\/uploads\/sites\/2\/2023\/02\/dimensions2-37.jpg","articleSection":["Art et Culture"],"inLanguage":"fr-FR","potentialAction":[{"@type":"CommentAction","name":"Comment","target":["https:\/\/dpress.ma\/fr\/2023\/02\/14\/le-nouveau-dg-de-lagence-de-presse-senegalaise-rend-visite-a-la-map\/#respond"]}]},{"@type":"WebPage","@id":"https:\/\/dpress.ma\/fr\/2023\/02\/14\/le-nouveau-dg-de-lagence-de-presse-senegalaise-rend-visite-a-la-map\/","url":"https:\/\/dpress.ma\/fr\/2023\/02\/14\/le-nouveau-dg-de-lagence-de-presse-senegalaise-rend-visite-a-la-map\/","name":"Le nouveau DG de l\u2019Agence de presse s\u00e9n\u00e9galaise rend visite \u00e0 la MAP - Dpress.ma\/fr","isPartOf":{"@id":"https:\/\/dpress.ma\/fr\/#website"},"primaryImageOfPage":{"@id":"https:\/\/dpress.ma\/fr\/2023\/02\/14\/le-nouveau-dg-de-lagence-de-presse-senegalaise-rend-visite-a-la-map\/#primaryimage"},"image":{"@id":"https:\/\/dpress.ma\/fr\/2023\/02\/14\/le-nouveau-dg-de-lagence-de-presse-senegalaise-rend-visite-a-la-map\/#primaryimage"},"thumbnailUrl":"https:\/\/dpress.ma\/fr\/wp-content\/uploads\/sites\/2\/2023\/02\/dimensions2-37.jpg","datePublished":"2023-02-14T14:01:59+00:00","dateModified":"2023-02-14T14:02:00+00:00","author":{"@id":"https:\/\/dpress.ma\/fr\/#\/schema\/person\/4898febf3ccd59e6578d838656a306a0"},"description":"Le nouveau Directeur g\u00e9n\u00e9ral de l\u2019Agence de presse s\u00e9n\u00e9galaise (APS), Thierno Amadou Sy, a effectu\u00e9, lundi, une visite au si\u00e8ge de l\u2019Agence Maghreb Arabe Presse (MAP), avec pour ambition de renforcer le partenariat entre les deux agences dans le domaine m\u00e9diatique face aux mutations acc\u00e9l\u00e9r\u00e9es que conna\u00eet ce secteur \u00e0 l\u2019\u00e9chelle internationale.","breadcrumb":{"@id":"https:\/\/dpress.ma\/fr\/2023\/02\/14\/le-nouveau-dg-de-lagence-de-presse-senegalaise-rend-visite-a-la-map\/#breadcrumb"},"inLanguage":"fr-FR","potentialAction":[{"@type":"ReadAction","target":["https:\/\/dpress.ma\/fr\/2023\/02\/14\/le-nouveau-dg-de-lagence-de-presse-senegalaise-rend-visite-a-la-map\/"]}]},{"@type":"ImageObject","inLanguage":"fr-FR","@id":"https:\/\/dpress.ma\/fr\/2023\/02\/14\/le-nouveau-dg-de-lagence-de-presse-senegalaise-rend-visite-a-la-map\/#primaryimage","url":"https:\/\/dpress.ma\/fr\/wp-content\/uploads\/sites\/2\/2023\/02\/dimensions2-37.jpg","contentUrl":"https:\/\/dpress.ma\/fr\/wp-content\/uploads\/sites\/2\/2023\/02\/dimensions2-37.jpg","width":2539,"height":1594},{"@type":"BreadcrumbList","@id":"https:\/\/dpress.ma\/fr\/2023\/02\/14\/le-nouveau-dg-de-lagence-de-presse-senegalaise-rend-visite-a-la-map\/#breadcrumb","itemListElement":[{"@type":"ListItem","position":1,"name":"Home","item":"https:\/\/dpress.ma\/fr\/"},{"@type":"ListItem","position":2,"name":"Le nouveau DG de l\u2019Agence de presse s\u00e9n\u00e9galaise rend visite \u00e0 la MAP"}]},{"@type":"WebSite","@id":"https:\/\/dpress.ma\/fr\/#website","url":"https:\/\/dpress.ma\/fr\/","name":"Dpress.ma\/fr","description":"","potentialAction":[{"@type":"SearchAction","target":{"@type":"EntryPoint","urlTemplate":"https:\/\/dpress.ma\/fr\/?s={search_term_string}"},"query-input":{"@type":"PropertyValueSpecification","valueRequired":true,"valueName":"search_term_string"}}],"inLanguage":"fr-FR"},{"@type":"Person","@id":"https:\/\/dpress.ma\/fr\/#\/schema\/person\/4898febf3ccd59e6578d838656a306a0","name":"Dpress.ma","image":{"@type":"ImageObject","inLanguage":"fr-FR","@id":"https:\/\/secure.gravatar.com\/avatar\/72ecc30e9db047a2e0e7176561eb9d564ed77c8108376495b19bd8336405198a?s=96&d=mm&r=g","url":"https:\/\/secure.gravatar.com\/avatar\/72ecc30e9db047a2e0e7176561eb9d564ed77c8108376495b19bd8336405198a?s=96&d=mm&r=g","contentUrl":"https:\/\/secure.gravatar.com\/avatar\/72ecc30e9db047a2e0e7176561eb9d564ed77c8108376495b19bd8336405198a?s=96&d=mm&r=g","caption":"Dpress.ma"},"sameAs":["https:\/\/www.dpress.ma"],"url":"https:\/\/dpress.ma\/fr\/author\/dpress-ma\/"}]}},"amp_enabled":true,"_links":{"self":[{"href":"https:\/\/dpress.ma\/fr\/wp-json\/wp\/v2\/posts\/3626","targetHints":{"allow":["GET"]}}],"collection":[{"href":"https:\/\/dpress.ma\/fr\/wp-json\/wp\/v2\/posts"}],"about":[{"href":"https:\/\/dpress.ma\/fr\/wp-json\/wp\/v2\/types\/post"}],"author":[{"embeddable":true,"href":"https:\/\/dpress.ma\/fr\/wp-json\/wp\/v2\/users\/2"}],"replies":[{"embeddable":true,"href":"https:\/\/dpress.ma\/fr\/wp-json\/wp\/v2\/comments?post=3626"}],"version-history":[{"count":1,"href":"https:\/\/dpress.ma\/fr\/wp-json\/wp\/v2\/posts\/3626\/revisions"}],"predecessor-version":[{"id":3628,"href":"https:\/\/dpress.ma\/fr\/wp-json\/wp\/v2\/posts\/3626\/revisions\/3628"}],"wp:featuredmedia":[{"embeddable":true,"href":"https:\/\/dpress.ma\/fr\/wp-json\/wp\/v2\/media\/3627"}],"wp:attachment":[{"href":"https:\/\/dpress.ma\/fr\/wp-json\/wp\/v2\/media?parent=3626"}],"wp:term":[{"taxonomy":"category","embeddable":true,"href":"https:\/\/dpress.ma\/fr\/wp-json\/wp\/v2\/categories?post=3626"},{"taxonomy":"post_tag","embeddable":true,"href":"https:\/\/dpress.ma\/fr\/wp-json\/wp\/v2\/tags?post=3626"}],"curies":[{"name":"wp","href":"https:\/\/api.w.org\/{rel}","templated":true}]}}