{"id":3593,"date":"2023-02-10T15:42:06","date_gmt":"2023-02-10T15:42:06","guid":{"rendered":"https:\/\/dpress.ma\/fr\/?p=3593"},"modified":"2023-02-10T15:42:08","modified_gmt":"2023-02-10T15:42:08","slug":"mondial-des-clubs-carlo-ancelotti-impressionne-par-lacademie-mohammed-vi-de-football","status":"publish","type":"post","link":"https:\/\/dpress.ma\/fr\/2023\/02\/10\/mondial-des-clubs-carlo-ancelotti-impressionne-par-lacademie-mohammed-vi-de-football\/","title":{"rendered":"Mondial des Clubs : Carlo Ancelotti \u201cimpressionn\u00e9\u201d par l\u2019Acad\u00e9mie Mohammed VI de football"},"content":{"rendered":"\n<p>Dpress<\/p>\n\n\n\n<p>&nbsp;L\u2019entra\u00eeneur italien du Real Madrid, Carlo Ancelotti, s\u2019est dit, vendredi, \u2018\u2019impressionn\u00e9\u2019\u2019 par l\u2019Acad\u00e9mie Mohammed VI de football, camp d\u2019entra\u00eenement des Blancs lors de la Coupe du Monde des Clubs, qui se tient dans les villes de Rabat et Tanger (1er au 11 f\u00e9vrier).<\/p>\n\n\n\n<p>\u2018\u2019Le centre d\u2019entra\u00eenement de l\u2019Acad\u00e9mie Mohammed VI de football est impressionnant\u2019\u2019, a affirm\u00e9 le coach italien dans des d\u00e9clarations aux m\u00e9dias, la veille de la finale de la Coupe du monde des clubs, qui mettra, samedi, aux prises le Real Madrid et les Saoudiens d\u2019Al Hilal, au complexe sportif Prince Moulay Abdellah de Rabat.<\/p>\n\n\n\n<p>\u2018\u2019Rabat est une ville tr\u00e8s agr\u00e9able, tr\u00e8s belle et tr\u00e8s propre. Les gens sont tr\u00e8s respectueux\u2019\u2019, a-t-il encens\u00e9, assurant que l\u2019\u00e9quipe est \u2018\u2019ravie de jouer au Maroc\u2019\u2019.<\/p>\n\n\n\n<p>\u2018\u2019Nous sommes tr\u00e8s heureux. (\u2026) Toutes les conditions sont r\u00e9unies, nous devons juste gagner samedi et remporter le titre\u2019\u2019, a-t-il insist\u00e9.<\/p>\n\n\n\n<p>A l\u2019occasion de la Coupe du Monde des Clubs champions, la cha\u00eene officielle du Real Madrid a consacr\u00e9 une s\u00e9rie de reportages sur la capitale du Royaume, son potentiel touristique et ses infrastructures sportives de premier niveau.<\/p>\n\n\n\n<p>La t\u00e9l\u00e9vision de l\u2019\u00e9quipe madril\u00e8ne a mis en avant les infrastructures abritant le Mondialito, avec une mention sp\u00e9ciale pour l\u2019Acad\u00e9mie Mohammed VI de football et le Complexe sportif Prince Moulay Abdellah de Rabat.<\/p>\n\n\n\n<p>Les Madril\u00e8nes, qi ont assur\u00e9 leur qualification suite \u00e0 leur victoire contre Al Ahly (4-1), retrouveront en finale, samedi (20h00) \u00e0 Rabat, la formation saoudienne d\u2019Al Hilal, qui a \u00e9limin\u00e9 les Br\u00e9siliens de Flamengo dans l\u2019autre demi-finale.<\/p>\n\n\n\n<p>Le match pour la troisi\u00e8me place entre Al Ahly FC et Flamengo, se jouera, lui, au Grand stade de Tanger, samedi \u00e0 16h30.<\/p>\n","protected":false},"excerpt":{"rendered":"<p>Dpress &nbsp;L\u2019entra\u00eeneur italien du Real Madrid, Carlo Ancelotti, s\u2019est dit, vendredi, \u2018\u2019impressionn\u00e9\u2019\u2019 par l\u2019Acad\u00e9mie Mohammed VI de football, camp d\u2019entra\u00eenement des Blancs lors de la Coupe du Monde des Clubs, qui se tient dans les villes de Rabat et Tanger (1er au 11 f\u00e9vrier). \u2018\u2019Le centre d\u2019entra\u00eenement de l\u2019Acad\u00e9mie Mohammed VI de football est impressionnant\u2019\u2019, &hellip;<\/p>\n","protected":false},"author":2,"featured_media":3594,"comment_status":"open","ping_status":"open","sticky":false,"template":"","format":"standard","meta":{"footnotes":""},"categories":[27],"tags":[],"class_list":["post-3593","post","type-post","status-publish","format-standard","has-post-thumbnail","hentry","category-sport"],"yoast_head":"<!-- This site is optimized with the Yoast SEO plugin v27.4 - https:\/\/yoast.com\/product\/yoast-seo-wordpress\/ -->\n<title>Mondial des Clubs : Carlo Ancelotti \u201cimpressionn\u00e9\u201d par l\u2019Acad\u00e9mie Mohammed VI de football - Dpress.ma\/fr<\/title>\n<meta name=\"description\" content=\"L\u2019entra\u00eeneur italien du Real Madrid, Carlo Ancelotti, s\u2019est dit, vendredi, \u2018\u2019impressionn\u00e9\u2019\u2019 par l\u2019Acad\u00e9mie Mohammed VI de football, camp d\u2019entra\u00eenement des Blancs lors de la Coupe du Monde des Clubs, qui se tient dans les villes de Rabat et Tanger (1er au 11 f\u00e9vrier).\" \/>\n<meta name=\"robots\" content=\"index, follow, max-snippet:-1, max-image-preview:large, max-video-preview:-1\" \/>\n<link rel=\"canonical\" href=\"https:\/\/dpress.ma\/fr\/2023\/02\/10\/mondial-des-clubs-carlo-ancelotti-impressionne-par-lacademie-mohammed-vi-de-football\/\" \/>\n<meta property=\"og:locale\" content=\"fr_FR\" \/>\n<meta property=\"og:type\" content=\"article\" \/>\n<meta property=\"og:title\" content=\"Mondial des Clubs : Carlo Ancelotti \u201cimpressionn\u00e9\u201d par l\u2019Acad\u00e9mie Mohammed VI de football - Dpress.ma\/fr\" \/>\n<meta property=\"og:description\" content=\"L\u2019entra\u00eeneur italien du Real Madrid, Carlo Ancelotti, s\u2019est dit, vendredi, \u2018\u2019impressionn\u00e9\u2019\u2019 par l\u2019Acad\u00e9mie Mohammed VI de football, camp d\u2019entra\u00eenement des Blancs lors de la Coupe du Monde des Clubs, qui se tient dans les villes de Rabat et Tanger (1er au 11 f\u00e9vrier).\" \/>\n<meta property=\"og:url\" content=\"https:\/\/dpress.ma\/fr\/2023\/02\/10\/mondial-des-clubs-carlo-ancelotti-impressionne-par-lacademie-mohammed-vi-de-football\/\" \/>\n<meta property=\"og:site_name\" content=\"Dpress.ma\/fr\" \/>\n<meta property=\"article:published_time\" content=\"2023-02-10T15:42:06+00:00\" \/>\n<meta property=\"article:modified_time\" content=\"2023-02-10T15:42:08+00:00\" \/>\n<meta property=\"og:image\" content=\"https:\/\/dpress.ma\/fr\/wp-content\/uploads\/sites\/2\/2023\/02\/dimensions2-29.jpg\" \/>\n\t<meta property=\"og:image:width\" content=\"2539\" \/>\n\t<meta property=\"og:image:height\" content=\"1594\" \/>\n\t<meta property=\"og:image:type\" content=\"image\/jpeg\" \/>\n<meta name=\"author\" content=\"Dpress.ma\" \/>\n<meta name=\"twitter:card\" content=\"summary_large_image\" \/>\n<meta name=\"twitter:label1\" content=\"\u00c9crit par\" \/>\n\t<meta name=\"twitter:data1\" content=\"Dpress.ma\" \/>\n\t<meta name=\"twitter:label2\" content=\"Dur\u00e9e de lecture estim\u00e9e\" \/>\n\t<meta name=\"twitter:data2\" content=\"2 minutes\" \/>\n<script type=\"application\/ld+json\" class=\"yoast-schema-graph\">{\"@context\":\"https:\\\/\\\/schema.org\",\"@graph\":[{\"@type\":\"Article\",\"@id\":\"https:\\\/\\\/dpress.ma\\\/fr\\\/2023\\\/02\\\/10\\\/mondial-des-clubs-carlo-ancelotti-impressionne-par-lacademie-mohammed-vi-de-football\\\/#article\",\"isPartOf\":{\"@id\":\"https:\\\/\\\/dpress.ma\\\/fr\\\/2023\\\/02\\\/10\\\/mondial-des-clubs-carlo-ancelotti-impressionne-par-lacademie-mohammed-vi-de-football\\\/\"},\"author\":{\"name\":\"Dpress.ma\",\"@id\":\"https:\\\/\\\/dpress.ma\\\/fr\\\/#\\\/schema\\\/person\\\/4898febf3ccd59e6578d838656a306a0\"},\"headline\":\"Mondial des Clubs : Carlo Ancelotti \u201cimpressionn\u00e9\u201d par l\u2019Acad\u00e9mie Mohammed VI de football\",\"datePublished\":\"2023-02-10T15:42:06+00:00\",\"dateModified\":\"2023-02-10T15:42:08+00:00\",\"mainEntityOfPage\":{\"@id\":\"https:\\\/\\\/dpress.ma\\\/fr\\\/2023\\\/02\\\/10\\\/mondial-des-clubs-carlo-ancelotti-impressionne-par-lacademie-mohammed-vi-de-football\\\/\"},\"wordCount\":324,\"commentCount\":0,\"image\":{\"@id\":\"https:\\\/\\\/dpress.ma\\\/fr\\\/2023\\\/02\\\/10\\\/mondial-des-clubs-carlo-ancelotti-impressionne-par-lacademie-mohammed-vi-de-football\\\/#primaryimage\"},\"thumbnailUrl\":\"https:\\\/\\\/dpress.ma\\\/fr\\\/wp-content\\\/uploads\\\/sites\\\/2\\\/2023\\\/02\\\/dimensions2-29.jpg\",\"articleSection\":[\"Sport\"],\"inLanguage\":\"fr-FR\",\"potentialAction\":[{\"@type\":\"CommentAction\",\"name\":\"Comment\",\"target\":[\"https:\\\/\\\/dpress.ma\\\/fr\\\/2023\\\/02\\\/10\\\/mondial-des-clubs-carlo-ancelotti-impressionne-par-lacademie-mohammed-vi-de-football\\\/#respond\"]}]},{\"@type\":\"WebPage\",\"@id\":\"https:\\\/\\\/dpress.ma\\\/fr\\\/2023\\\/02\\\/10\\\/mondial-des-clubs-carlo-ancelotti-impressionne-par-lacademie-mohammed-vi-de-football\\\/\",\"url\":\"https:\\\/\\\/dpress.ma\\\/fr\\\/2023\\\/02\\\/10\\\/mondial-des-clubs-carlo-ancelotti-impressionne-par-lacademie-mohammed-vi-de-football\\\/\",\"name\":\"Mondial des Clubs : Carlo Ancelotti \u201cimpressionn\u00e9\u201d par l\u2019Acad\u00e9mie Mohammed VI de football - Dpress.ma\\\/fr\",\"isPartOf\":{\"@id\":\"https:\\\/\\\/dpress.ma\\\/fr\\\/#website\"},\"primaryImageOfPage\":{\"@id\":\"https:\\\/\\\/dpress.ma\\\/fr\\\/2023\\\/02\\\/10\\\/mondial-des-clubs-carlo-ancelotti-impressionne-par-lacademie-mohammed-vi-de-football\\\/#primaryimage\"},\"image\":{\"@id\":\"https:\\\/\\\/dpress.ma\\\/fr\\\/2023\\\/02\\\/10\\\/mondial-des-clubs-carlo-ancelotti-impressionne-par-lacademie-mohammed-vi-de-football\\\/#primaryimage\"},\"thumbnailUrl\":\"https:\\\/\\\/dpress.ma\\\/fr\\\/wp-content\\\/uploads\\\/sites\\\/2\\\/2023\\\/02\\\/dimensions2-29.jpg\",\"datePublished\":\"2023-02-10T15:42:06+00:00\",\"dateModified\":\"2023-02-10T15:42:08+00:00\",\"author\":{\"@id\":\"https:\\\/\\\/dpress.ma\\\/fr\\\/#\\\/schema\\\/person\\\/4898febf3ccd59e6578d838656a306a0\"},\"description\":\"L\u2019entra\u00eeneur italien du Real Madrid, Carlo Ancelotti, s\u2019est dit, vendredi, \u2018\u2019impressionn\u00e9\u2019\u2019 par l\u2019Acad\u00e9mie Mohammed VI de football, camp d\u2019entra\u00eenement des Blancs lors de la Coupe du Monde des Clubs, qui se tient dans les villes de Rabat et Tanger (1er au 11 f\u00e9vrier).\",\"breadcrumb\":{\"@id\":\"https:\\\/\\\/dpress.ma\\\/fr\\\/2023\\\/02\\\/10\\\/mondial-des-clubs-carlo-ancelotti-impressionne-par-lacademie-mohammed-vi-de-football\\\/#breadcrumb\"},\"inLanguage\":\"fr-FR\",\"potentialAction\":[{\"@type\":\"ReadAction\",\"target\":[\"https:\\\/\\\/dpress.ma\\\/fr\\\/2023\\\/02\\\/10\\\/mondial-des-clubs-carlo-ancelotti-impressionne-par-lacademie-mohammed-vi-de-football\\\/\"]}]},{\"@type\":\"ImageObject\",\"inLanguage\":\"fr-FR\",\"@id\":\"https:\\\/\\\/dpress.ma\\\/fr\\\/2023\\\/02\\\/10\\\/mondial-des-clubs-carlo-ancelotti-impressionne-par-lacademie-mohammed-vi-de-football\\\/#primaryimage\",\"url\":\"https:\\\/\\\/dpress.ma\\\/fr\\\/wp-content\\\/uploads\\\/sites\\\/2\\\/2023\\\/02\\\/dimensions2-29.jpg\",\"contentUrl\":\"https:\\\/\\\/dpress.ma\\\/fr\\\/wp-content\\\/uploads\\\/sites\\\/2\\\/2023\\\/02\\\/dimensions2-29.jpg\",\"width\":2539,\"height\":1594},{\"@type\":\"BreadcrumbList\",\"@id\":\"https:\\\/\\\/dpress.ma\\\/fr\\\/2023\\\/02\\\/10\\\/mondial-des-clubs-carlo-ancelotti-impressionne-par-lacademie-mohammed-vi-de-football\\\/#breadcrumb\",\"itemListElement\":[{\"@type\":\"ListItem\",\"position\":1,\"name\":\"Home\",\"item\":\"https:\\\/\\\/dpress.ma\\\/fr\\\/\"},{\"@type\":\"ListItem\",\"position\":2,\"name\":\"Mondial des Clubs : Carlo Ancelotti \u201cimpressionn\u00e9\u201d par l\u2019Acad\u00e9mie Mohammed VI de football\"}]},{\"@type\":\"WebSite\",\"@id\":\"https:\\\/\\\/dpress.ma\\\/fr\\\/#website\",\"url\":\"https:\\\/\\\/dpress.ma\\\/fr\\\/\",\"name\":\"Dpress.ma\\\/fr\",\"description\":\"\",\"potentialAction\":[{\"@type\":\"SearchAction\",\"target\":{\"@type\":\"EntryPoint\",\"urlTemplate\":\"https:\\\/\\\/dpress.ma\\\/fr\\\/?s={search_term_string}\"},\"query-input\":{\"@type\":\"PropertyValueSpecification\",\"valueRequired\":true,\"valueName\":\"search_term_string\"}}],\"inLanguage\":\"fr-FR\"},{\"@type\":\"Person\",\"@id\":\"https:\\\/\\\/dpress.ma\\\/fr\\\/#\\\/schema\\\/person\\\/4898febf3ccd59e6578d838656a306a0\",\"name\":\"Dpress.ma\",\"image\":{\"@type\":\"ImageObject\",\"inLanguage\":\"fr-FR\",\"@id\":\"https:\\\/\\\/secure.gravatar.com\\\/avatar\\\/72ecc30e9db047a2e0e7176561eb9d564ed77c8108376495b19bd8336405198a?s=96&d=mm&r=g\",\"url\":\"https:\\\/\\\/secure.gravatar.com\\\/avatar\\\/72ecc30e9db047a2e0e7176561eb9d564ed77c8108376495b19bd8336405198a?s=96&d=mm&r=g\",\"contentUrl\":\"https:\\\/\\\/secure.gravatar.com\\\/avatar\\\/72ecc30e9db047a2e0e7176561eb9d564ed77c8108376495b19bd8336405198a?s=96&d=mm&r=g\",\"caption\":\"Dpress.ma\"},\"sameAs\":[\"https:\\\/\\\/www.dpress.ma\"],\"url\":\"https:\\\/\\\/dpress.ma\\\/fr\\\/author\\\/dpress-ma\\\/\"}]}<\/script>\n<!-- \/ Yoast SEO plugin. -->","yoast_head_json":{"title":"Mondial des Clubs : Carlo Ancelotti \u201cimpressionn\u00e9\u201d par l\u2019Acad\u00e9mie Mohammed VI de football - Dpress.ma\/fr","description":"L\u2019entra\u00eeneur italien du Real Madrid, Carlo Ancelotti, s\u2019est dit, vendredi, \u2018\u2019impressionn\u00e9\u2019\u2019 par l\u2019Acad\u00e9mie Mohammed VI de football, camp d\u2019entra\u00eenement des Blancs lors de la Coupe du Monde des Clubs, qui se tient dans les villes de Rabat et Tanger (1er au 11 f\u00e9vrier).","robots":{"index":"index","follow":"follow","max-snippet":"max-snippet:-1","max-image-preview":"max-image-preview:large","max-video-preview":"max-video-preview:-1"},"canonical":"https:\/\/dpress.ma\/fr\/2023\/02\/10\/mondial-des-clubs-carlo-ancelotti-impressionne-par-lacademie-mohammed-vi-de-football\/","og_locale":"fr_FR","og_type":"article","og_title":"Mondial des Clubs : Carlo Ancelotti \u201cimpressionn\u00e9\u201d par l\u2019Acad\u00e9mie Mohammed VI de football - Dpress.ma\/fr","og_description":"L\u2019entra\u00eeneur italien du Real Madrid, Carlo Ancelotti, s\u2019est dit, vendredi, \u2018\u2019impressionn\u00e9\u2019\u2019 par l\u2019Acad\u00e9mie Mohammed VI de football, camp d\u2019entra\u00eenement des Blancs lors de la Coupe du Monde des Clubs, qui se tient dans les villes de Rabat et Tanger (1er au 11 f\u00e9vrier).","og_url":"https:\/\/dpress.ma\/fr\/2023\/02\/10\/mondial-des-clubs-carlo-ancelotti-impressionne-par-lacademie-mohammed-vi-de-football\/","og_site_name":"Dpress.ma\/fr","article_published_time":"2023-02-10T15:42:06+00:00","article_modified_time":"2023-02-10T15:42:08+00:00","og_image":[{"width":2539,"height":1594,"url":"https:\/\/dpress.ma\/fr\/wp-content\/uploads\/sites\/2\/2023\/02\/dimensions2-29.jpg","type":"image\/jpeg"}],"author":"Dpress.ma","twitter_card":"summary_large_image","twitter_misc":{"\u00c9crit par":"Dpress.ma","Dur\u00e9e de lecture estim\u00e9e":"2 minutes"},"schema":{"@context":"https:\/\/schema.org","@graph":[{"@type":"Article","@id":"https:\/\/dpress.ma\/fr\/2023\/02\/10\/mondial-des-clubs-carlo-ancelotti-impressionne-par-lacademie-mohammed-vi-de-football\/#article","isPartOf":{"@id":"https:\/\/dpress.ma\/fr\/2023\/02\/10\/mondial-des-clubs-carlo-ancelotti-impressionne-par-lacademie-mohammed-vi-de-football\/"},"author":{"name":"Dpress.ma","@id":"https:\/\/dpress.ma\/fr\/#\/schema\/person\/4898febf3ccd59e6578d838656a306a0"},"headline":"Mondial des Clubs : Carlo Ancelotti \u201cimpressionn\u00e9\u201d par l\u2019Acad\u00e9mie Mohammed VI de football","datePublished":"2023-02-10T15:42:06+00:00","dateModified":"2023-02-10T15:42:08+00:00","mainEntityOfPage":{"@id":"https:\/\/dpress.ma\/fr\/2023\/02\/10\/mondial-des-clubs-carlo-ancelotti-impressionne-par-lacademie-mohammed-vi-de-football\/"},"wordCount":324,"commentCount":0,"image":{"@id":"https:\/\/dpress.ma\/fr\/2023\/02\/10\/mondial-des-clubs-carlo-ancelotti-impressionne-par-lacademie-mohammed-vi-de-football\/#primaryimage"},"thumbnailUrl":"https:\/\/dpress.ma\/fr\/wp-content\/uploads\/sites\/2\/2023\/02\/dimensions2-29.jpg","articleSection":["Sport"],"inLanguage":"fr-FR","potentialAction":[{"@type":"CommentAction","name":"Comment","target":["https:\/\/dpress.ma\/fr\/2023\/02\/10\/mondial-des-clubs-carlo-ancelotti-impressionne-par-lacademie-mohammed-vi-de-football\/#respond"]}]},{"@type":"WebPage","@id":"https:\/\/dpress.ma\/fr\/2023\/02\/10\/mondial-des-clubs-carlo-ancelotti-impressionne-par-lacademie-mohammed-vi-de-football\/","url":"https:\/\/dpress.ma\/fr\/2023\/02\/10\/mondial-des-clubs-carlo-ancelotti-impressionne-par-lacademie-mohammed-vi-de-football\/","name":"Mondial des Clubs : Carlo Ancelotti \u201cimpressionn\u00e9\u201d par l\u2019Acad\u00e9mie Mohammed VI de football - Dpress.ma\/fr","isPartOf":{"@id":"https:\/\/dpress.ma\/fr\/#website"},"primaryImageOfPage":{"@id":"https:\/\/dpress.ma\/fr\/2023\/02\/10\/mondial-des-clubs-carlo-ancelotti-impressionne-par-lacademie-mohammed-vi-de-football\/#primaryimage"},"image":{"@id":"https:\/\/dpress.ma\/fr\/2023\/02\/10\/mondial-des-clubs-carlo-ancelotti-impressionne-par-lacademie-mohammed-vi-de-football\/#primaryimage"},"thumbnailUrl":"https:\/\/dpress.ma\/fr\/wp-content\/uploads\/sites\/2\/2023\/02\/dimensions2-29.jpg","datePublished":"2023-02-10T15:42:06+00:00","dateModified":"2023-02-10T15:42:08+00:00","author":{"@id":"https:\/\/dpress.ma\/fr\/#\/schema\/person\/4898febf3ccd59e6578d838656a306a0"},"description":"L\u2019entra\u00eeneur italien du Real Madrid, Carlo Ancelotti, s\u2019est dit, vendredi, \u2018\u2019impressionn\u00e9\u2019\u2019 par l\u2019Acad\u00e9mie Mohammed VI de football, camp d\u2019entra\u00eenement des Blancs lors de la Coupe du Monde des Clubs, qui se tient dans les villes de Rabat et Tanger (1er au 11 f\u00e9vrier).","breadcrumb":{"@id":"https:\/\/dpress.ma\/fr\/2023\/02\/10\/mondial-des-clubs-carlo-ancelotti-impressionne-par-lacademie-mohammed-vi-de-football\/#breadcrumb"},"inLanguage":"fr-FR","potentialAction":[{"@type":"ReadAction","target":["https:\/\/dpress.ma\/fr\/2023\/02\/10\/mondial-des-clubs-carlo-ancelotti-impressionne-par-lacademie-mohammed-vi-de-football\/"]}]},{"@type":"ImageObject","inLanguage":"fr-FR","@id":"https:\/\/dpress.ma\/fr\/2023\/02\/10\/mondial-des-clubs-carlo-ancelotti-impressionne-par-lacademie-mohammed-vi-de-football\/#primaryimage","url":"https:\/\/dpress.ma\/fr\/wp-content\/uploads\/sites\/2\/2023\/02\/dimensions2-29.jpg","contentUrl":"https:\/\/dpress.ma\/fr\/wp-content\/uploads\/sites\/2\/2023\/02\/dimensions2-29.jpg","width":2539,"height":1594},{"@type":"BreadcrumbList","@id":"https:\/\/dpress.ma\/fr\/2023\/02\/10\/mondial-des-clubs-carlo-ancelotti-impressionne-par-lacademie-mohammed-vi-de-football\/#breadcrumb","itemListElement":[{"@type":"ListItem","position":1,"name":"Home","item":"https:\/\/dpress.ma\/fr\/"},{"@type":"ListItem","position":2,"name":"Mondial des Clubs : Carlo Ancelotti \u201cimpressionn\u00e9\u201d par l\u2019Acad\u00e9mie Mohammed VI de football"}]},{"@type":"WebSite","@id":"https:\/\/dpress.ma\/fr\/#website","url":"https:\/\/dpress.ma\/fr\/","name":"Dpress.ma\/fr","description":"","potentialAction":[{"@type":"SearchAction","target":{"@type":"EntryPoint","urlTemplate":"https:\/\/dpress.ma\/fr\/?s={search_term_string}"},"query-input":{"@type":"PropertyValueSpecification","valueRequired":true,"valueName":"search_term_string"}}],"inLanguage":"fr-FR"},{"@type":"Person","@id":"https:\/\/dpress.ma\/fr\/#\/schema\/person\/4898febf3ccd59e6578d838656a306a0","name":"Dpress.ma","image":{"@type":"ImageObject","inLanguage":"fr-FR","@id":"https:\/\/secure.gravatar.com\/avatar\/72ecc30e9db047a2e0e7176561eb9d564ed77c8108376495b19bd8336405198a?s=96&d=mm&r=g","url":"https:\/\/secure.gravatar.com\/avatar\/72ecc30e9db047a2e0e7176561eb9d564ed77c8108376495b19bd8336405198a?s=96&d=mm&r=g","contentUrl":"https:\/\/secure.gravatar.com\/avatar\/72ecc30e9db047a2e0e7176561eb9d564ed77c8108376495b19bd8336405198a?s=96&d=mm&r=g","caption":"Dpress.ma"},"sameAs":["https:\/\/www.dpress.ma"],"url":"https:\/\/dpress.ma\/fr\/author\/dpress-ma\/"}]}},"amp_enabled":true,"_links":{"self":[{"href":"https:\/\/dpress.ma\/fr\/wp-json\/wp\/v2\/posts\/3593","targetHints":{"allow":["GET"]}}],"collection":[{"href":"https:\/\/dpress.ma\/fr\/wp-json\/wp\/v2\/posts"}],"about":[{"href":"https:\/\/dpress.ma\/fr\/wp-json\/wp\/v2\/types\/post"}],"author":[{"embeddable":true,"href":"https:\/\/dpress.ma\/fr\/wp-json\/wp\/v2\/users\/2"}],"replies":[{"embeddable":true,"href":"https:\/\/dpress.ma\/fr\/wp-json\/wp\/v2\/comments?post=3593"}],"version-history":[{"count":1,"href":"https:\/\/dpress.ma\/fr\/wp-json\/wp\/v2\/posts\/3593\/revisions"}],"predecessor-version":[{"id":3595,"href":"https:\/\/dpress.ma\/fr\/wp-json\/wp\/v2\/posts\/3593\/revisions\/3595"}],"wp:featuredmedia":[{"embeddable":true,"href":"https:\/\/dpress.ma\/fr\/wp-json\/wp\/v2\/media\/3594"}],"wp:attachment":[{"href":"https:\/\/dpress.ma\/fr\/wp-json\/wp\/v2\/media?parent=3593"}],"wp:term":[{"taxonomy":"category","embeddable":true,"href":"https:\/\/dpress.ma\/fr\/wp-json\/wp\/v2\/categories?post=3593"},{"taxonomy":"post_tag","embeddable":true,"href":"https:\/\/dpress.ma\/fr\/wp-json\/wp\/v2\/tags?post=3593"}],"curies":[{"name":"wp","href":"https:\/\/api.w.org\/{rel}","templated":true}]}}