{"id":35833,"date":"2026-07-10T10:53:31","date_gmt":"2026-07-10T10:53:31","guid":{"rendered":"https:\/\/dpress.ma\/fr\/?p=35833"},"modified":"2026-07-10T10:53:33","modified_gmt":"2026-07-10T10:53:33","slug":"province-de-taourirt-la-cooperative-oum-diaa-un-modele-reussi-de-lengagement-de-lindh-dans-le-soutien-du-tissu-cooperatif","status":"publish","type":"post","link":"https:\/\/dpress.ma\/fr\/2026\/07\/10\/province-de-taourirt-la-cooperative-oum-diaa-un-modele-reussi-de-lengagement-de-lindh-dans-le-soutien-du-tissu-cooperatif\/","title":{"rendered":"Province de Taourirt: La coop\u00e9rative \u201cOum Diaa\u201d, un mod\u00e8le r\u00e9ussi de l\u2019engagement de l\u2019INDH dans le soutien du tissu coop\u00e9ratif"},"content":{"rendered":"\n<p class=\"wp-block-paragraph\">Dpress<\/p>\n\n\n\n<p class=\"wp-block-paragraph\">L&rsquo;Initiative nationale pour le d\u00e9veloppement humain (INDH) dans la province de Taourirt a renouvel\u00e9, \u00e0 l&rsquo;occasion de la Journ\u00e9e internationale des coop\u00e9ratives, son engagement ferme \u00e0 soutenir le secteur de l&rsquo;\u00e9conomie sociale et solidaire, en accompagnant les coop\u00e9ratives locales et en renfor\u00e7ant les capacit\u00e9s des porteurs de projets, notamment dans le secteur des services et de la p\u00e2tisserie.<\/p>\n\n\n\n<p class=\"wp-block-paragraph\">Ces coop\u00e9ratives jouent un r\u00f4le actif dans la dynamisation du tissu \u00e9conomique local et le renforcement de la r\u00e9silience des territoires, en contribuant \u00e0 la cr\u00e9ation de richesse et en promouvant les valeurs de solidarit\u00e9 et de participation citoyenne.<\/p>\n\n\n\n<p class=\"wp-block-paragraph\">Gr\u00e2ce \u00e0 ce soutien continu, de nombreuses coop\u00e9ratives de la province ont pu am\u00e9liorer les conditions de production, renforcer leur gouvernance, acc\u00e9der \u00e0 de nouveaux march\u00e9s et d\u00e9velopper leurs capacit\u00e9s en mati\u00e8re de marketing.<\/p>\n\n\n\n<p class=\"wp-block-paragraph\">En effet, les interventions de l&rsquo;Initiative englobent les domaines de la formation, de l&rsquo;encadrement technique, de l&rsquo;acquisition d&rsquo;\u00e9quipements, ainsi que la promotion des produits locaux lors des salons et des \u00e9v\u00e9nements \u00e9conomiques.<\/p>\n\n\n\n<p class=\"wp-block-paragraph\">A cet \u00e9gard, la coop\u00e9rative \u00ab\u00a0Oum Diaa\u00a0\u00bb de production et de fabrication de g\u00e2teaux \u00e0 El A\u00efoun Sidi Mellouk constitue un exemple \u00e9loquent de ce soutien et de cet accompagnement.<\/p>\n\n\n\n<p class=\"wp-block-paragraph\">La pr\u00e9sidente de la coop\u00e9rative, Asmae Ouchen, a affirm\u00e9 que le soutien apport\u00e9 par l&rsquo;INDH a constitu\u00e9 un tournant d\u00e9cisif dans le parcours de son projet, soulignant le r\u00f4le important de ce chantier royal dans l&rsquo;autonomisation des jeunes et des femmes, et dans la promotion de l&rsquo;auto-emploi et de l&rsquo;int\u00e9gration \u00e9conomique dans la r\u00e9gion.<\/p>\n\n\n\n<p class=\"wp-block-paragraph\">Elle a expliqu\u00e9, dans une d\u00e9claration \u00e0 la MAP, que le projet a d\u00e9but\u00e9 fin 2024 en tant qu&rsquo;initiative individuelle, avant d&rsquo;obtenir l&rsquo;approbation du comit\u00e9 provincial de d\u00e9veloppement humain via la plateforme des jeunes \u00e0 El A\u00efoun Sidi Mellouk, ce qui lui a permis de b\u00e9n\u00e9ficier d&rsquo;\u00e9quipements et de mat\u00e9riel professionnels modernes ayant contribu\u00e9 \u00e0 l&rsquo;am\u00e9lioration et au d\u00e9veloppement de la production, et \u00e0 l\u2019acc\u00e8s de la coop\u00e9rative au march\u00e9 national.<\/p>\n\n\n\n<p class=\"wp-block-paragraph\">Elle a ajout\u00e9 que ce soutien logistique a pleinement contribu\u00e9 \u00e0 structurer la coop\u00e9rative, qui compte actuellement quatre membres et trois employ\u00e9es, exprimant son ambition d&rsquo;\u00e9largir l&rsquo;unit\u00e9 de production \u00e0 l&rsquo;avenir pour int\u00e9grer davantage de filles et de femmes en situation de vuln\u00e9rabilit\u00e9, facilitant ainsi leur autonomie financi\u00e8re.<\/p>\n\n\n\n<p class=\"wp-block-paragraph\">De son c\u00f4t\u00e9, le repr\u00e9sentant de la Division de l\u2019action sociale (DAS) \u00e0 la province de Taourirt, Badreddine Nahraoui, a fait remarquer que l&rsquo;Initiative continue de soutenir de mani\u00e8re active le secteur de l&rsquo;\u00e9conomie sociale et solidaire dans la province, dans le but d&rsquo;am\u00e9liorer le revenu des jeunes et de faciliter leur insertion \u00e9conomique, soulignant que la coop\u00e9rative \u00ab\u00a0Oum Diaa\u00a0\u00bb est un mod\u00e8le des projets b\u00e9n\u00e9ficiaires dans le cadre du troisi\u00e8me programme de la troisi\u00e8me phase de l&rsquo;INDH, ax\u00e9 sur \u00ab\u00a0l&rsquo;am\u00e9lioration du revenu et inclusion \u00e9conomique des jeunes\u00a0\u00bb.<\/p>\n\n\n\n<p class=\"wp-block-paragraph\">M. Nahraoui a expliqu\u00e9 que ce projet a b\u00e9n\u00e9fici\u00e9 d&rsquo;un budget total de 199.980 dirhams, dont l&rsquo;Initiative a contribu\u00e9 \u00e0 hauteur de 179.982 dirhams, tandis que le montant restant a \u00e9t\u00e9 assur\u00e9 comme contribution de la porteuse du projet, notant que ce soutien a \u00e9t\u00e9 destin\u00e9 \u00e0 l&rsquo;acquisition de machines et d&rsquo;\u00e9quipements modernes pour \u00e9quiper une p\u00e2tisserie.<\/p>\n\n\n\n<p class=\"wp-block-paragraph\">Il a, par ailleurs, mis l\u2019accent sur le bilan provincial de l&rsquo;axe de l&rsquo;\u00e9conomie sociale et solidaire dans le cadre de la troisi\u00e8me phase de l&rsquo;Initiative au niveau de la province de Taourirt, pr\u00e9cisant que 34 projets de d\u00e9veloppement ont \u00e9t\u00e9 approuv\u00e9s.<\/p>\n\n\n\n<p class=\"wp-block-paragraph\">Il a ajout\u00e9 que le co\u00fbt total de ces projets s&rsquo;\u00e9levait \u00e0 7.930.000 dirhams, avec une contribution de l&rsquo;Initiative de pr\u00e8s de 5.280.000 dirhams, ce qui refl\u00e8te l&rsquo;impact positif tangible de ces programmes dans la cr\u00e9ation d&#8217;emplois et la r\u00e9alisation du d\u00e9veloppement durable.<\/p>\n\n\n\n<p class=\"wp-block-paragraph\">Il convient de noter que depuis son lancement en 2005 par Sa Majest\u00e9 le Roi Mohammed VI, l&rsquo;INDH n&rsquo;a cess\u00e9 d&rsquo;apporter un soutien continu aux coop\u00e9ratives, les pla\u00e7ant au c\u0153ur de sa strat\u00e9gie visant \u00e0 promouvoir l&rsquo;\u00e9conomie sociale et solidaire, \u00e0 travers le financement, l&rsquo;acquisition d&rsquo;\u00e9quipements, le renforcement des capacit\u00e9s et l&rsquo;accompagnement technique et commercial.<\/p>\n","protected":false},"excerpt":{"rendered":"<p>Dpress L&rsquo;Initiative nationale pour le d\u00e9veloppement humain (INDH) dans la province de Taourirt a renouvel\u00e9, \u00e0 l&rsquo;occasion de la Journ\u00e9e internationale des coop\u00e9ratives, son engagement ferme \u00e0 soutenir le secteur de l&rsquo;\u00e9conomie sociale et solidaire, en accompagnant les coop\u00e9ratives locales et en renfor\u00e7ant les capacit\u00e9s des porteurs de projets, notamment dans le secteur des services &hellip;<\/p>\n","protected":false},"author":2,"featured_media":35539,"comment_status":"open","ping_status":"open","sticky":false,"template":"","format":"standard","meta":{"footnotes":""},"categories":[40],"tags":[],"class_list":["post-35833","post","type-post","status-publish","format-standard","has-post-thumbnail","hentry","category-societe-et-regions"],"yoast_head":"<!-- This site is optimized with the Yoast SEO plugin v28.0 - https:\/\/yoast.com\/product\/yoast-seo-wordpress\/ -->\n<title>Province de Taourirt: La coop\u00e9rative \u201cOum Diaa\u201d, un mod\u00e8le r\u00e9ussi de l\u2019engagement de l\u2019INDH dans le soutien du tissu coop\u00e9ratif - Dpress.ma\/fr<\/title>\n<meta name=\"robots\" content=\"index, follow, max-snippet:-1, max-image-preview:large, max-video-preview:-1\" \/>\n<link rel=\"canonical\" href=\"https:\/\/dpress.ma\/fr\/2026\/07\/10\/province-de-taourirt-la-cooperative-oum-diaa-un-modele-reussi-de-lengagement-de-lindh-dans-le-soutien-du-tissu-cooperatif\/\" \/>\n<meta property=\"og:locale\" content=\"fr_FR\" \/>\n<meta property=\"og:type\" content=\"article\" \/>\n<meta property=\"og:title\" content=\"Province de Taourirt: La coop\u00e9rative \u201cOum Diaa\u201d, un mod\u00e8le r\u00e9ussi de l\u2019engagement de l\u2019INDH dans le soutien du tissu coop\u00e9ratif - Dpress.ma\/fr\" \/>\n<meta property=\"og:description\" content=\"Dpress L&rsquo;Initiative nationale pour le d\u00e9veloppement humain (INDH) dans la province de Taourirt a renouvel\u00e9, \u00e0 l&rsquo;occasion de la Journ\u00e9e internationale des coop\u00e9ratives, son engagement ferme \u00e0 soutenir le secteur de l&rsquo;\u00e9conomie sociale et solidaire, en accompagnant les coop\u00e9ratives locales et en renfor\u00e7ant les capacit\u00e9s des porteurs de projets, notamment dans le secteur des services &hellip;\" \/>\n<meta property=\"og:url\" content=\"https:\/\/dpress.ma\/fr\/2026\/07\/10\/province-de-taourirt-la-cooperative-oum-diaa-un-modele-reussi-de-lengagement-de-lindh-dans-le-soutien-du-tissu-cooperatif\/\" \/>\n<meta property=\"og:site_name\" content=\"Dpress.ma\/fr\" \/>\n<meta property=\"article:published_time\" content=\"2026-07-10T10:53:31+00:00\" \/>\n<meta property=\"article:modified_time\" content=\"2026-07-10T10:53:33+00:00\" \/>\n<meta property=\"og:image\" content=\"https:\/\/dpress.ma\/fr\/wp-content\/uploads\/sites\/2\/2026\/07\/60-2.jpg\" \/>\n\t<meta property=\"og:image:width\" content=\"2539\" \/>\n\t<meta property=\"og:image:height\" content=\"1594\" \/>\n\t<meta property=\"og:image:type\" content=\"image\/jpeg\" \/>\n<meta name=\"author\" content=\"Dpress.ma\" \/>\n<meta name=\"twitter:card\" content=\"summary_large_image\" \/>\n<meta name=\"twitter:label1\" content=\"\u00c9crit par\" \/>\n\t<meta name=\"twitter:data1\" content=\"Dpress.ma\" \/>\n\t<meta name=\"twitter:label2\" content=\"Dur\u00e9e de lecture estim\u00e9e\" \/>\n\t<meta name=\"twitter:data2\" content=\"4 minutes\" \/>\n<script type=\"application\/ld+json\" class=\"yoast-schema-graph\">{\"@context\":\"https:\\\/\\\/schema.org\",\"@graph\":[{\"@type\":\"Article\",\"@id\":\"https:\\\/\\\/dpress.ma\\\/fr\\\/2026\\\/07\\\/10\\\/province-de-taourirt-la-cooperative-oum-diaa-un-modele-reussi-de-lengagement-de-lindh-dans-le-soutien-du-tissu-cooperatif\\\/#article\",\"isPartOf\":{\"@id\":\"https:\\\/\\\/dpress.ma\\\/fr\\\/2026\\\/07\\\/10\\\/province-de-taourirt-la-cooperative-oum-diaa-un-modele-reussi-de-lengagement-de-lindh-dans-le-soutien-du-tissu-cooperatif\\\/\"},\"author\":{\"name\":\"Dpress.ma\",\"@id\":\"https:\\\/\\\/dpress.ma\\\/fr\\\/#\\\/schema\\\/person\\\/4898febf3ccd59e6578d838656a306a0\"},\"headline\":\"Province de Taourirt: La coop\u00e9rative \u201cOum Diaa\u201d, un mod\u00e8le r\u00e9ussi de l\u2019engagement de l\u2019INDH dans le soutien du tissu coop\u00e9ratif\",\"datePublished\":\"2026-07-10T10:53:31+00:00\",\"dateModified\":\"2026-07-10T10:53:33+00:00\",\"mainEntityOfPage\":{\"@id\":\"https:\\\/\\\/dpress.ma\\\/fr\\\/2026\\\/07\\\/10\\\/province-de-taourirt-la-cooperative-oum-diaa-un-modele-reussi-de-lengagement-de-lindh-dans-le-soutien-du-tissu-cooperatif\\\/\"},\"wordCount\":740,\"commentCount\":0,\"image\":{\"@id\":\"https:\\\/\\\/dpress.ma\\\/fr\\\/2026\\\/07\\\/10\\\/province-de-taourirt-la-cooperative-oum-diaa-un-modele-reussi-de-lengagement-de-lindh-dans-le-soutien-du-tissu-cooperatif\\\/#primaryimage\"},\"thumbnailUrl\":\"https:\\\/\\\/dpress.ma\\\/fr\\\/wp-content\\\/uploads\\\/sites\\\/2\\\/2026\\\/07\\\/60-2.jpg\",\"articleSection\":[\"societe et regions\"],\"inLanguage\":\"fr-FR\",\"potentialAction\":[{\"@type\":\"CommentAction\",\"name\":\"Comment\",\"target\":[\"https:\\\/\\\/dpress.ma\\\/fr\\\/2026\\\/07\\\/10\\\/province-de-taourirt-la-cooperative-oum-diaa-un-modele-reussi-de-lengagement-de-lindh-dans-le-soutien-du-tissu-cooperatif\\\/#respond\"]}]},{\"@type\":\"WebPage\",\"@id\":\"https:\\\/\\\/dpress.ma\\\/fr\\\/2026\\\/07\\\/10\\\/province-de-taourirt-la-cooperative-oum-diaa-un-modele-reussi-de-lengagement-de-lindh-dans-le-soutien-du-tissu-cooperatif\\\/\",\"url\":\"https:\\\/\\\/dpress.ma\\\/fr\\\/2026\\\/07\\\/10\\\/province-de-taourirt-la-cooperative-oum-diaa-un-modele-reussi-de-lengagement-de-lindh-dans-le-soutien-du-tissu-cooperatif\\\/\",\"name\":\"Province de Taourirt: La coop\u00e9rative \u201cOum Diaa\u201d, un mod\u00e8le r\u00e9ussi de l\u2019engagement de l\u2019INDH dans le soutien du tissu coop\u00e9ratif - Dpress.ma\\\/fr\",\"isPartOf\":{\"@id\":\"https:\\\/\\\/dpress.ma\\\/fr\\\/#website\"},\"primaryImageOfPage\":{\"@id\":\"https:\\\/\\\/dpress.ma\\\/fr\\\/2026\\\/07\\\/10\\\/province-de-taourirt-la-cooperative-oum-diaa-un-modele-reussi-de-lengagement-de-lindh-dans-le-soutien-du-tissu-cooperatif\\\/#primaryimage\"},\"image\":{\"@id\":\"https:\\\/\\\/dpress.ma\\\/fr\\\/2026\\\/07\\\/10\\\/province-de-taourirt-la-cooperative-oum-diaa-un-modele-reussi-de-lengagement-de-lindh-dans-le-soutien-du-tissu-cooperatif\\\/#primaryimage\"},\"thumbnailUrl\":\"https:\\\/\\\/dpress.ma\\\/fr\\\/wp-content\\\/uploads\\\/sites\\\/2\\\/2026\\\/07\\\/60-2.jpg\",\"datePublished\":\"2026-07-10T10:53:31+00:00\",\"dateModified\":\"2026-07-10T10:53:33+00:00\",\"author\":{\"@id\":\"https:\\\/\\\/dpress.ma\\\/fr\\\/#\\\/schema\\\/person\\\/4898febf3ccd59e6578d838656a306a0\"},\"breadcrumb\":{\"@id\":\"https:\\\/\\\/dpress.ma\\\/fr\\\/2026\\\/07\\\/10\\\/province-de-taourirt-la-cooperative-oum-diaa-un-modele-reussi-de-lengagement-de-lindh-dans-le-soutien-du-tissu-cooperatif\\\/#breadcrumb\"},\"inLanguage\":\"fr-FR\",\"potentialAction\":[{\"@type\":\"ReadAction\",\"target\":[\"https:\\\/\\\/dpress.ma\\\/fr\\\/2026\\\/07\\\/10\\\/province-de-taourirt-la-cooperative-oum-diaa-un-modele-reussi-de-lengagement-de-lindh-dans-le-soutien-du-tissu-cooperatif\\\/\"]}]},{\"@type\":\"ImageObject\",\"inLanguage\":\"fr-FR\",\"@id\":\"https:\\\/\\\/dpress.ma\\\/fr\\\/2026\\\/07\\\/10\\\/province-de-taourirt-la-cooperative-oum-diaa-un-modele-reussi-de-lengagement-de-lindh-dans-le-soutien-du-tissu-cooperatif\\\/#primaryimage\",\"url\":\"https:\\\/\\\/dpress.ma\\\/fr\\\/wp-content\\\/uploads\\\/sites\\\/2\\\/2026\\\/07\\\/60-2.jpg\",\"contentUrl\":\"https:\\\/\\\/dpress.ma\\\/fr\\\/wp-content\\\/uploads\\\/sites\\\/2\\\/2026\\\/07\\\/60-2.jpg\",\"width\":2539,\"height\":1594},{\"@type\":\"BreadcrumbList\",\"@id\":\"https:\\\/\\\/dpress.ma\\\/fr\\\/2026\\\/07\\\/10\\\/province-de-taourirt-la-cooperative-oum-diaa-un-modele-reussi-de-lengagement-de-lindh-dans-le-soutien-du-tissu-cooperatif\\\/#breadcrumb\",\"itemListElement\":[{\"@type\":\"ListItem\",\"position\":1,\"name\":\"Home\",\"item\":\"https:\\\/\\\/dpress.ma\\\/fr\\\/\"},{\"@type\":\"ListItem\",\"position\":2,\"name\":\"Province de Taourirt: La coop\u00e9rative \u201cOum Diaa\u201d, un mod\u00e8le r\u00e9ussi de l\u2019engagement de l\u2019INDH dans le soutien du tissu coop\u00e9ratif\"}]},{\"@type\":\"WebSite\",\"@id\":\"https:\\\/\\\/dpress.ma\\\/fr\\\/#website\",\"url\":\"https:\\\/\\\/dpress.ma\\\/fr\\\/\",\"name\":\"Dpress.ma\\\/fr\",\"description\":\"\",\"potentialAction\":[{\"@type\":\"SearchAction\",\"target\":{\"@type\":\"EntryPoint\",\"urlTemplate\":\"https:\\\/\\\/dpress.ma\\\/fr\\\/?s={search_term_string}\"},\"query-input\":{\"@type\":\"PropertyValueSpecification\",\"valueRequired\":true,\"valueName\":\"search_term_string\"}}],\"inLanguage\":\"fr-FR\"},{\"@type\":\"Person\",\"@id\":\"https:\\\/\\\/dpress.ma\\\/fr\\\/#\\\/schema\\\/person\\\/4898febf3ccd59e6578d838656a306a0\",\"name\":\"Dpress.ma\",\"image\":{\"@type\":\"ImageObject\",\"inLanguage\":\"fr-FR\",\"@id\":\"https:\\\/\\\/secure.gravatar.com\\\/avatar\\\/72ecc30e9db047a2e0e7176561eb9d564ed77c8108376495b19bd8336405198a?s=96&d=mm&r=g\",\"url\":\"https:\\\/\\\/secure.gravatar.com\\\/avatar\\\/72ecc30e9db047a2e0e7176561eb9d564ed77c8108376495b19bd8336405198a?s=96&d=mm&r=g\",\"contentUrl\":\"https:\\\/\\\/secure.gravatar.com\\\/avatar\\\/72ecc30e9db047a2e0e7176561eb9d564ed77c8108376495b19bd8336405198a?s=96&d=mm&r=g\",\"caption\":\"Dpress.ma\"},\"sameAs\":[\"https:\\\/\\\/www.dpress.ma\"],\"url\":\"https:\\\/\\\/dpress.ma\\\/fr\\\/author\\\/dpress-ma\\\/\"}]}<\/script>\n<!-- \/ Yoast SEO plugin. -->","yoast_head_json":{"title":"Province de Taourirt: La coop\u00e9rative \u201cOum Diaa\u201d, un mod\u00e8le r\u00e9ussi de l\u2019engagement de l\u2019INDH dans le soutien du tissu coop\u00e9ratif - Dpress.ma\/fr","robots":{"index":"index","follow":"follow","max-snippet":"max-snippet:-1","max-image-preview":"max-image-preview:large","max-video-preview":"max-video-preview:-1"},"canonical":"https:\/\/dpress.ma\/fr\/2026\/07\/10\/province-de-taourirt-la-cooperative-oum-diaa-un-modele-reussi-de-lengagement-de-lindh-dans-le-soutien-du-tissu-cooperatif\/","og_locale":"fr_FR","og_type":"article","og_title":"Province de Taourirt: La coop\u00e9rative \u201cOum Diaa\u201d, un mod\u00e8le r\u00e9ussi de l\u2019engagement de l\u2019INDH dans le soutien du tissu coop\u00e9ratif - Dpress.ma\/fr","og_description":"Dpress L&rsquo;Initiative nationale pour le d\u00e9veloppement humain (INDH) dans la province de Taourirt a renouvel\u00e9, \u00e0 l&rsquo;occasion de la Journ\u00e9e internationale des coop\u00e9ratives, son engagement ferme \u00e0 soutenir le secteur de l&rsquo;\u00e9conomie sociale et solidaire, en accompagnant les coop\u00e9ratives locales et en renfor\u00e7ant les capacit\u00e9s des porteurs de projets, notamment dans le secteur des services &hellip;","og_url":"https:\/\/dpress.ma\/fr\/2026\/07\/10\/province-de-taourirt-la-cooperative-oum-diaa-un-modele-reussi-de-lengagement-de-lindh-dans-le-soutien-du-tissu-cooperatif\/","og_site_name":"Dpress.ma\/fr","article_published_time":"2026-07-10T10:53:31+00:00","article_modified_time":"2026-07-10T10:53:33+00:00","og_image":[{"width":2539,"height":1594,"url":"https:\/\/dpress.ma\/fr\/wp-content\/uploads\/sites\/2\/2026\/07\/60-2.jpg","type":"image\/jpeg"}],"author":"Dpress.ma","twitter_card":"summary_large_image","twitter_misc":{"\u00c9crit par":"Dpress.ma","Dur\u00e9e de lecture estim\u00e9e":"4 minutes"},"schema":{"@context":"https:\/\/schema.org","@graph":[{"@type":"Article","@id":"https:\/\/dpress.ma\/fr\/2026\/07\/10\/province-de-taourirt-la-cooperative-oum-diaa-un-modele-reussi-de-lengagement-de-lindh-dans-le-soutien-du-tissu-cooperatif\/#article","isPartOf":{"@id":"https:\/\/dpress.ma\/fr\/2026\/07\/10\/province-de-taourirt-la-cooperative-oum-diaa-un-modele-reussi-de-lengagement-de-lindh-dans-le-soutien-du-tissu-cooperatif\/"},"author":{"name":"Dpress.ma","@id":"https:\/\/dpress.ma\/fr\/#\/schema\/person\/4898febf3ccd59e6578d838656a306a0"},"headline":"Province de Taourirt: La coop\u00e9rative \u201cOum Diaa\u201d, un mod\u00e8le r\u00e9ussi de l\u2019engagement de l\u2019INDH dans le soutien du tissu coop\u00e9ratif","datePublished":"2026-07-10T10:53:31+00:00","dateModified":"2026-07-10T10:53:33+00:00","mainEntityOfPage":{"@id":"https:\/\/dpress.ma\/fr\/2026\/07\/10\/province-de-taourirt-la-cooperative-oum-diaa-un-modele-reussi-de-lengagement-de-lindh-dans-le-soutien-du-tissu-cooperatif\/"},"wordCount":740,"commentCount":0,"image":{"@id":"https:\/\/dpress.ma\/fr\/2026\/07\/10\/province-de-taourirt-la-cooperative-oum-diaa-un-modele-reussi-de-lengagement-de-lindh-dans-le-soutien-du-tissu-cooperatif\/#primaryimage"},"thumbnailUrl":"https:\/\/dpress.ma\/fr\/wp-content\/uploads\/sites\/2\/2026\/07\/60-2.jpg","articleSection":["societe et regions"],"inLanguage":"fr-FR","potentialAction":[{"@type":"CommentAction","name":"Comment","target":["https:\/\/dpress.ma\/fr\/2026\/07\/10\/province-de-taourirt-la-cooperative-oum-diaa-un-modele-reussi-de-lengagement-de-lindh-dans-le-soutien-du-tissu-cooperatif\/#respond"]}]},{"@type":"WebPage","@id":"https:\/\/dpress.ma\/fr\/2026\/07\/10\/province-de-taourirt-la-cooperative-oum-diaa-un-modele-reussi-de-lengagement-de-lindh-dans-le-soutien-du-tissu-cooperatif\/","url":"https:\/\/dpress.ma\/fr\/2026\/07\/10\/province-de-taourirt-la-cooperative-oum-diaa-un-modele-reussi-de-lengagement-de-lindh-dans-le-soutien-du-tissu-cooperatif\/","name":"Province de Taourirt: La coop\u00e9rative \u201cOum Diaa\u201d, un mod\u00e8le r\u00e9ussi de l\u2019engagement de l\u2019INDH dans le soutien du tissu coop\u00e9ratif - Dpress.ma\/fr","isPartOf":{"@id":"https:\/\/dpress.ma\/fr\/#website"},"primaryImageOfPage":{"@id":"https:\/\/dpress.ma\/fr\/2026\/07\/10\/province-de-taourirt-la-cooperative-oum-diaa-un-modele-reussi-de-lengagement-de-lindh-dans-le-soutien-du-tissu-cooperatif\/#primaryimage"},"image":{"@id":"https:\/\/dpress.ma\/fr\/2026\/07\/10\/province-de-taourirt-la-cooperative-oum-diaa-un-modele-reussi-de-lengagement-de-lindh-dans-le-soutien-du-tissu-cooperatif\/#primaryimage"},"thumbnailUrl":"https:\/\/dpress.ma\/fr\/wp-content\/uploads\/sites\/2\/2026\/07\/60-2.jpg","datePublished":"2026-07-10T10:53:31+00:00","dateModified":"2026-07-10T10:53:33+00:00","author":{"@id":"https:\/\/dpress.ma\/fr\/#\/schema\/person\/4898febf3ccd59e6578d838656a306a0"},"breadcrumb":{"@id":"https:\/\/dpress.ma\/fr\/2026\/07\/10\/province-de-taourirt-la-cooperative-oum-diaa-un-modele-reussi-de-lengagement-de-lindh-dans-le-soutien-du-tissu-cooperatif\/#breadcrumb"},"inLanguage":"fr-FR","potentialAction":[{"@type":"ReadAction","target":["https:\/\/dpress.ma\/fr\/2026\/07\/10\/province-de-taourirt-la-cooperative-oum-diaa-un-modele-reussi-de-lengagement-de-lindh-dans-le-soutien-du-tissu-cooperatif\/"]}]},{"@type":"ImageObject","inLanguage":"fr-FR","@id":"https:\/\/dpress.ma\/fr\/2026\/07\/10\/province-de-taourirt-la-cooperative-oum-diaa-un-modele-reussi-de-lengagement-de-lindh-dans-le-soutien-du-tissu-cooperatif\/#primaryimage","url":"https:\/\/dpress.ma\/fr\/wp-content\/uploads\/sites\/2\/2026\/07\/60-2.jpg","contentUrl":"https:\/\/dpress.ma\/fr\/wp-content\/uploads\/sites\/2\/2026\/07\/60-2.jpg","width":2539,"height":1594},{"@type":"BreadcrumbList","@id":"https:\/\/dpress.ma\/fr\/2026\/07\/10\/province-de-taourirt-la-cooperative-oum-diaa-un-modele-reussi-de-lengagement-de-lindh-dans-le-soutien-du-tissu-cooperatif\/#breadcrumb","itemListElement":[{"@type":"ListItem","position":1,"name":"Home","item":"https:\/\/dpress.ma\/fr\/"},{"@type":"ListItem","position":2,"name":"Province de Taourirt: La coop\u00e9rative \u201cOum Diaa\u201d, un mod\u00e8le r\u00e9ussi de l\u2019engagement de l\u2019INDH dans le soutien du tissu coop\u00e9ratif"}]},{"@type":"WebSite","@id":"https:\/\/dpress.ma\/fr\/#website","url":"https:\/\/dpress.ma\/fr\/","name":"Dpress.ma\/fr","description":"","potentialAction":[{"@type":"SearchAction","target":{"@type":"EntryPoint","urlTemplate":"https:\/\/dpress.ma\/fr\/?s={search_term_string}"},"query-input":{"@type":"PropertyValueSpecification","valueRequired":true,"valueName":"search_term_string"}}],"inLanguage":"fr-FR"},{"@type":"Person","@id":"https:\/\/dpress.ma\/fr\/#\/schema\/person\/4898febf3ccd59e6578d838656a306a0","name":"Dpress.ma","image":{"@type":"ImageObject","inLanguage":"fr-FR","@id":"https:\/\/secure.gravatar.com\/avatar\/72ecc30e9db047a2e0e7176561eb9d564ed77c8108376495b19bd8336405198a?s=96&d=mm&r=g","url":"https:\/\/secure.gravatar.com\/avatar\/72ecc30e9db047a2e0e7176561eb9d564ed77c8108376495b19bd8336405198a?s=96&d=mm&r=g","contentUrl":"https:\/\/secure.gravatar.com\/avatar\/72ecc30e9db047a2e0e7176561eb9d564ed77c8108376495b19bd8336405198a?s=96&d=mm&r=g","caption":"Dpress.ma"},"sameAs":["https:\/\/www.dpress.ma"],"url":"https:\/\/dpress.ma\/fr\/author\/dpress-ma\/"}]}},"amp_enabled":true,"_links":{"self":[{"href":"https:\/\/dpress.ma\/fr\/wp-json\/wp\/v2\/posts\/35833","targetHints":{"allow":["GET"]}}],"collection":[{"href":"https:\/\/dpress.ma\/fr\/wp-json\/wp\/v2\/posts"}],"about":[{"href":"https:\/\/dpress.ma\/fr\/wp-json\/wp\/v2\/types\/post"}],"author":[{"embeddable":true,"href":"https:\/\/dpress.ma\/fr\/wp-json\/wp\/v2\/users\/2"}],"replies":[{"embeddable":true,"href":"https:\/\/dpress.ma\/fr\/wp-json\/wp\/v2\/comments?post=35833"}],"version-history":[{"count":1,"href":"https:\/\/dpress.ma\/fr\/wp-json\/wp\/v2\/posts\/35833\/revisions"}],"predecessor-version":[{"id":35834,"href":"https:\/\/dpress.ma\/fr\/wp-json\/wp\/v2\/posts\/35833\/revisions\/35834"}],"wp:featuredmedia":[{"embeddable":true,"href":"https:\/\/dpress.ma\/fr\/wp-json\/wp\/v2\/media\/35539"}],"wp:attachment":[{"href":"https:\/\/dpress.ma\/fr\/wp-json\/wp\/v2\/media?parent=35833"}],"wp:term":[{"taxonomy":"category","embeddable":true,"href":"https:\/\/dpress.ma\/fr\/wp-json\/wp\/v2\/categories?post=35833"},{"taxonomy":"post_tag","embeddable":true,"href":"https:\/\/dpress.ma\/fr\/wp-json\/wp\/v2\/tags?post=35833"}],"curies":[{"name":"wp","href":"https:\/\/api.w.org\/{rel}","templated":true}]}}