{"id":35830,"date":"2026-07-10T10:52:44","date_gmt":"2026-07-10T10:52:44","guid":{"rendered":"https:\/\/dpress.ma\/fr\/?p=35830"},"modified":"2026-07-10T10:52:48","modified_gmt":"2026-07-10T10:52:48","slug":"chichaoua-une-rencontre-met-en-lumiere-le-role-des-cooperatives-dans-le-developpement-local","status":"publish","type":"post","link":"https:\/\/dpress.ma\/fr\/2026\/07\/10\/chichaoua-une-rencontre-met-en-lumiere-le-role-des-cooperatives-dans-le-developpement-local\/","title":{"rendered":"Chichaoua: Une rencontre met en lumi\u00e8re le r\u00f4le des coop\u00e9ratives dans le d\u00e9veloppement local"},"content":{"rendered":"\n<p class=\"wp-block-paragraph\">Dpress<\/p>\n\n\n\n<p class=\"wp-block-paragraph\">La Province de Chichaoua a organis\u00e9, jeudi, une rencontre de communication et de sensibilisation au profit des coop\u00e9ratives actives \u00e0 l\u2019\u00e9chelle provinciale, en vue de promouvoir l&rsquo;\u00e9conomie sociale et solidaire et de renforcer l&rsquo;accompagnement institutionnel de ces structures.<\/p>\n\n\n\n<p class=\"wp-block-paragraph\">Organis\u00e9e \u00e0 l&rsquo;occasion de la Journ\u00e9e internationale des coop\u00e9ratives sous le th\u00e8me \u00ab\u00a0Les coop\u00e9ratives pour un monde de paix : Des institutions au service du d\u00e9veloppement des coop\u00e9ratives\u00a0\u00bb, cette rencontre a r\u00e9uni des repr\u00e9sentants des services d\u00e9concentr\u00e9s, des institutions partenaires ainsi que des coop\u00e9ratives op\u00e9rant dans diff\u00e9rents secteurs d&rsquo;activit\u00e9.<\/p>\n\n\n\n<p class=\"wp-block-paragraph\">Cette initiative s&rsquo;inscrit dans le cadre des efforts visant \u00e0 consolider le r\u00f4le des coop\u00e9ratives en tant que levier de d\u00e9veloppement \u00e9conomique et social, \u00e0 favoriser leur acc\u00e8s aux diff\u00e9rents m\u00e9canismes d&rsquo;appui et d&rsquo;encadrement, ainsi qu&rsquo;\u00e0 renforcer leur contribution \u00e0 la cr\u00e9ation d&#8217;emplois, \u00e0 l&rsquo;am\u00e9lioration des revenus et \u00e0 l&rsquo;inclusion \u00e9conomique des femmes et des jeunes.<\/p>\n\n\n\n<p class=\"wp-block-paragraph\">Intervenant \u00e0 cette occasion, la cheffe du service Programme \u00ab Am\u00e9lioration du Revenu et Inclusion \u00c9conomique des Jeunes \u00bb \u00e0 la Division de l&rsquo;action sociale (DAS) de la province, Amina Garati, a soulign\u00e9 que cette rencontre se veut un espace d&rsquo;\u00e9change et de sensibilisation destin\u00e9 \u00e0 rapprocher les coop\u00e9ratives des diff\u00e9rents partenaires institutionnels et \u00e0 leur faire conna\u00eetre les dispositifs d&rsquo;accompagnement disponibles.<\/p>\n\n\n\n<p class=\"wp-block-paragraph\">Elle a, dans ce sens, indiqu\u00e9 que cette initiative traduit l&rsquo;int\u00e9r\u00eat accord\u00e9 par l&rsquo;Initiative nationale pour le d\u00e9veloppement humain (INDH) au renforcement des capacit\u00e9s des coop\u00e9ratives, \u00e0 travers des actions d&rsquo;accompagnement, de formation et de mise en r\u00e9seau, afin d&rsquo;am\u00e9liorer leur performance et leur comp\u00e9titivit\u00e9 et de favoriser leur int\u00e9gration dans le tissu \u00e9conomique local.<\/p>\n\n\n\n<p class=\"wp-block-paragraph\">De son c\u00f4t\u00e9, le repr\u00e9sentant de l&rsquo;Office du d\u00e9veloppement de la coop\u00e9ration (ODCO), Omar Benhejji, a relev\u00e9 que cette rencontre a permis de pr\u00e9senter les diff\u00e9rents m\u00e9canismes d&rsquo;appui propos\u00e9s par l&rsquo;Office aux coop\u00e9ratives, particuli\u00e8rement en mati\u00e8re de cr\u00e9ation, de gestion et de gouvernance, ainsi que les opportunit\u00e9s de formation, de digitalisation et d&rsquo;accompagnement technique.<\/p>\n\n\n\n<p class=\"wp-block-paragraph\">Il a, \u00e0 cet effet, fait savoir que l&rsquo;ODCO \u0153uvre \u00e0 accompagner les coop\u00e9ratives \u00e0 toutes les \u00e9tapes de leur parcours, depuis leur cr\u00e9ation jusqu&rsquo;au d\u00e9veloppement de leurs activit\u00e9s, \u00e0 travers des actions de formation, de conseil et d&rsquo;assistance technique.<\/p>\n\n\n\n<p class=\"wp-block-paragraph\">Et de soutenir que l&rsquo;Office, accorde une importance particuli\u00e8re \u00e0 la promotion de la bonne gouvernance, \u00e0 la digitalisation des services et \u00e0 l&rsquo;am\u00e9lioration de l&rsquo;acc\u00e8s des coop\u00e9ratives aux opportunit\u00e9s de financement et de commercialisation, l\u2019objectif \u00e9tant de consolider leur comp\u00e9titivit\u00e9 et d&rsquo;assurer leur p\u00e9rennit\u00e9.<\/p>\n\n\n\n<p class=\"wp-block-paragraph\">Cette rencontre a \u00e9galement connu la participation de repr\u00e9sentants de la Direction provinciale de l&rsquo;agriculture, de l&rsquo;Office national de s\u00e9curit\u00e9 sanitaire des produits alimentaires (ONSSA) et de la Direction provinciale de l&rsquo;artisanat, qui ont pr\u00e9sent\u00e9 les diff\u00e9rents services, programmes et dispositifs d&rsquo;accompagnement mis \u00e0 la disposition des coop\u00e9ratives.<\/p>\n\n\n\n<p class=\"wp-block-paragraph\">Dans ce sillage, les interventions ont mis l&rsquo;accent sur les exigences li\u00e9es \u00e0 la s\u00e9curit\u00e9 sanitaire des produits, aux proc\u00e9dures d&rsquo;obtention des autorisations et agr\u00e9ments n\u00e9cessaires \u00e0 leur commercialisation, ainsi que sur l&rsquo;importance de la num\u00e9risation et de la formation continue dans le d\u00e9veloppement des activit\u00e9s coop\u00e9ratives.<\/p>\n\n\n\n<p class=\"wp-block-paragraph\">La rencontre a, en outre, constitu\u00e9 un espace d&rsquo;\u00e9change direct entre les repr\u00e9sentants des institutions partenaires et les membres des coop\u00e9ratives, offrant l&rsquo;occasion de r\u00e9pondre aux diff\u00e9rentes pr\u00e9occupations soulev\u00e9es et de partager les exp\u00e9riences, dans l&rsquo;objectif de renforcer les capacit\u00e9s des coop\u00e9ratives et de favoriser leur int\u00e9gration effective dans la dynamique de d\u00e9veloppement local.<\/p>\n","protected":false},"excerpt":{"rendered":"<p>Dpress La Province de Chichaoua a organis\u00e9, jeudi, une rencontre de communication et de sensibilisation au profit des coop\u00e9ratives actives \u00e0 l\u2019\u00e9chelle provinciale, en vue de promouvoir l&rsquo;\u00e9conomie sociale et solidaire et de renforcer l&rsquo;accompagnement institutionnel de ces structures. Organis\u00e9e \u00e0 l&rsquo;occasion de la Journ\u00e9e internationale des coop\u00e9ratives sous le th\u00e8me \u00ab\u00a0Les coop\u00e9ratives pour un &hellip;<\/p>\n","protected":false},"author":2,"featured_media":35831,"comment_status":"open","ping_status":"open","sticky":false,"template":"","format":"standard","meta":{"footnotes":""},"categories":[40],"tags":[],"class_list":["post-35830","post","type-post","status-publish","format-standard","has-post-thumbnail","hentry","category-societe-et-regions"],"yoast_head":"<!-- This site is optimized with the Yoast SEO plugin v28.0 - https:\/\/yoast.com\/product\/yoast-seo-wordpress\/ -->\n<title>Chichaoua: Une rencontre met en lumi\u00e8re le r\u00f4le des coop\u00e9ratives dans le d\u00e9veloppement local - Dpress.ma\/fr<\/title>\n<meta name=\"robots\" content=\"index, follow, max-snippet:-1, max-image-preview:large, max-video-preview:-1\" \/>\n<link rel=\"canonical\" href=\"https:\/\/dpress.ma\/fr\/2026\/07\/10\/chichaoua-une-rencontre-met-en-lumiere-le-role-des-cooperatives-dans-le-developpement-local\/\" \/>\n<meta property=\"og:locale\" content=\"fr_FR\" \/>\n<meta property=\"og:type\" content=\"article\" \/>\n<meta property=\"og:title\" content=\"Chichaoua: Une rencontre met en lumi\u00e8re le r\u00f4le des coop\u00e9ratives dans le d\u00e9veloppement local - Dpress.ma\/fr\" \/>\n<meta property=\"og:description\" content=\"Dpress La Province de Chichaoua a organis\u00e9, jeudi, une rencontre de communication et de sensibilisation au profit des coop\u00e9ratives actives \u00e0 l\u2019\u00e9chelle provinciale, en vue de promouvoir l&rsquo;\u00e9conomie sociale et solidaire et de renforcer l&rsquo;accompagnement institutionnel de ces structures. Organis\u00e9e \u00e0 l&rsquo;occasion de la Journ\u00e9e internationale des coop\u00e9ratives sous le th\u00e8me \u00ab\u00a0Les coop\u00e9ratives pour un &hellip;\" \/>\n<meta property=\"og:url\" content=\"https:\/\/dpress.ma\/fr\/2026\/07\/10\/chichaoua-une-rencontre-met-en-lumiere-le-role-des-cooperatives-dans-le-developpement-local\/\" \/>\n<meta property=\"og:site_name\" content=\"Dpress.ma\/fr\" \/>\n<meta property=\"article:published_time\" content=\"2026-07-10T10:52:44+00:00\" \/>\n<meta property=\"article:modified_time\" content=\"2026-07-10T10:52:48+00:00\" \/>\n<meta property=\"og:image\" content=\"https:\/\/dpress.ma\/fr\/wp-content\/uploads\/sites\/2\/2026\/07\/36-4.jpg\" \/>\n\t<meta property=\"og:image:width\" content=\"2539\" \/>\n\t<meta property=\"og:image:height\" content=\"1594\" \/>\n\t<meta property=\"og:image:type\" content=\"image\/jpeg\" \/>\n<meta name=\"author\" content=\"Dpress.ma\" \/>\n<meta name=\"twitter:card\" content=\"summary_large_image\" \/>\n<meta name=\"twitter:label1\" content=\"\u00c9crit par\" \/>\n\t<meta name=\"twitter:data1\" content=\"Dpress.ma\" \/>\n\t<meta name=\"twitter:label2\" content=\"Dur\u00e9e de lecture estim\u00e9e\" \/>\n\t<meta name=\"twitter:data2\" content=\"3 minutes\" \/>\n<script type=\"application\/ld+json\" class=\"yoast-schema-graph\">{\"@context\":\"https:\\\/\\\/schema.org\",\"@graph\":[{\"@type\":\"Article\",\"@id\":\"https:\\\/\\\/dpress.ma\\\/fr\\\/2026\\\/07\\\/10\\\/chichaoua-une-rencontre-met-en-lumiere-le-role-des-cooperatives-dans-le-developpement-local\\\/#article\",\"isPartOf\":{\"@id\":\"https:\\\/\\\/dpress.ma\\\/fr\\\/2026\\\/07\\\/10\\\/chichaoua-une-rencontre-met-en-lumiere-le-role-des-cooperatives-dans-le-developpement-local\\\/\"},\"author\":{\"name\":\"Dpress.ma\",\"@id\":\"https:\\\/\\\/dpress.ma\\\/fr\\\/#\\\/schema\\\/person\\\/4898febf3ccd59e6578d838656a306a0\"},\"headline\":\"Chichaoua: Une rencontre met en lumi\u00e8re le r\u00f4le des coop\u00e9ratives dans le d\u00e9veloppement local\",\"datePublished\":\"2026-07-10T10:52:44+00:00\",\"dateModified\":\"2026-07-10T10:52:48+00:00\",\"mainEntityOfPage\":{\"@id\":\"https:\\\/\\\/dpress.ma\\\/fr\\\/2026\\\/07\\\/10\\\/chichaoua-une-rencontre-met-en-lumiere-le-role-des-cooperatives-dans-le-developpement-local\\\/\"},\"wordCount\":632,\"commentCount\":0,\"image\":{\"@id\":\"https:\\\/\\\/dpress.ma\\\/fr\\\/2026\\\/07\\\/10\\\/chichaoua-une-rencontre-met-en-lumiere-le-role-des-cooperatives-dans-le-developpement-local\\\/#primaryimage\"},\"thumbnailUrl\":\"https:\\\/\\\/dpress.ma\\\/fr\\\/wp-content\\\/uploads\\\/sites\\\/2\\\/2026\\\/07\\\/36-4.jpg\",\"articleSection\":[\"societe et regions\"],\"inLanguage\":\"fr-FR\",\"potentialAction\":[{\"@type\":\"CommentAction\",\"name\":\"Comment\",\"target\":[\"https:\\\/\\\/dpress.ma\\\/fr\\\/2026\\\/07\\\/10\\\/chichaoua-une-rencontre-met-en-lumiere-le-role-des-cooperatives-dans-le-developpement-local\\\/#respond\"]}]},{\"@type\":\"WebPage\",\"@id\":\"https:\\\/\\\/dpress.ma\\\/fr\\\/2026\\\/07\\\/10\\\/chichaoua-une-rencontre-met-en-lumiere-le-role-des-cooperatives-dans-le-developpement-local\\\/\",\"url\":\"https:\\\/\\\/dpress.ma\\\/fr\\\/2026\\\/07\\\/10\\\/chichaoua-une-rencontre-met-en-lumiere-le-role-des-cooperatives-dans-le-developpement-local\\\/\",\"name\":\"Chichaoua: Une rencontre met en lumi\u00e8re le r\u00f4le des coop\u00e9ratives dans le d\u00e9veloppement local - Dpress.ma\\\/fr\",\"isPartOf\":{\"@id\":\"https:\\\/\\\/dpress.ma\\\/fr\\\/#website\"},\"primaryImageOfPage\":{\"@id\":\"https:\\\/\\\/dpress.ma\\\/fr\\\/2026\\\/07\\\/10\\\/chichaoua-une-rencontre-met-en-lumiere-le-role-des-cooperatives-dans-le-developpement-local\\\/#primaryimage\"},\"image\":{\"@id\":\"https:\\\/\\\/dpress.ma\\\/fr\\\/2026\\\/07\\\/10\\\/chichaoua-une-rencontre-met-en-lumiere-le-role-des-cooperatives-dans-le-developpement-local\\\/#primaryimage\"},\"thumbnailUrl\":\"https:\\\/\\\/dpress.ma\\\/fr\\\/wp-content\\\/uploads\\\/sites\\\/2\\\/2026\\\/07\\\/36-4.jpg\",\"datePublished\":\"2026-07-10T10:52:44+00:00\",\"dateModified\":\"2026-07-10T10:52:48+00:00\",\"author\":{\"@id\":\"https:\\\/\\\/dpress.ma\\\/fr\\\/#\\\/schema\\\/person\\\/4898febf3ccd59e6578d838656a306a0\"},\"breadcrumb\":{\"@id\":\"https:\\\/\\\/dpress.ma\\\/fr\\\/2026\\\/07\\\/10\\\/chichaoua-une-rencontre-met-en-lumiere-le-role-des-cooperatives-dans-le-developpement-local\\\/#breadcrumb\"},\"inLanguage\":\"fr-FR\",\"potentialAction\":[{\"@type\":\"ReadAction\",\"target\":[\"https:\\\/\\\/dpress.ma\\\/fr\\\/2026\\\/07\\\/10\\\/chichaoua-une-rencontre-met-en-lumiere-le-role-des-cooperatives-dans-le-developpement-local\\\/\"]}]},{\"@type\":\"ImageObject\",\"inLanguage\":\"fr-FR\",\"@id\":\"https:\\\/\\\/dpress.ma\\\/fr\\\/2026\\\/07\\\/10\\\/chichaoua-une-rencontre-met-en-lumiere-le-role-des-cooperatives-dans-le-developpement-local\\\/#primaryimage\",\"url\":\"https:\\\/\\\/dpress.ma\\\/fr\\\/wp-content\\\/uploads\\\/sites\\\/2\\\/2026\\\/07\\\/36-4.jpg\",\"contentUrl\":\"https:\\\/\\\/dpress.ma\\\/fr\\\/wp-content\\\/uploads\\\/sites\\\/2\\\/2026\\\/07\\\/36-4.jpg\",\"width\":2539,\"height\":1594},{\"@type\":\"BreadcrumbList\",\"@id\":\"https:\\\/\\\/dpress.ma\\\/fr\\\/2026\\\/07\\\/10\\\/chichaoua-une-rencontre-met-en-lumiere-le-role-des-cooperatives-dans-le-developpement-local\\\/#breadcrumb\",\"itemListElement\":[{\"@type\":\"ListItem\",\"position\":1,\"name\":\"Home\",\"item\":\"https:\\\/\\\/dpress.ma\\\/fr\\\/\"},{\"@type\":\"ListItem\",\"position\":2,\"name\":\"Chichaoua: Une rencontre met en lumi\u00e8re le r\u00f4le des coop\u00e9ratives dans le d\u00e9veloppement local\"}]},{\"@type\":\"WebSite\",\"@id\":\"https:\\\/\\\/dpress.ma\\\/fr\\\/#website\",\"url\":\"https:\\\/\\\/dpress.ma\\\/fr\\\/\",\"name\":\"Dpress.ma\\\/fr\",\"description\":\"\",\"potentialAction\":[{\"@type\":\"SearchAction\",\"target\":{\"@type\":\"EntryPoint\",\"urlTemplate\":\"https:\\\/\\\/dpress.ma\\\/fr\\\/?s={search_term_string}\"},\"query-input\":{\"@type\":\"PropertyValueSpecification\",\"valueRequired\":true,\"valueName\":\"search_term_string\"}}],\"inLanguage\":\"fr-FR\"},{\"@type\":\"Person\",\"@id\":\"https:\\\/\\\/dpress.ma\\\/fr\\\/#\\\/schema\\\/person\\\/4898febf3ccd59e6578d838656a306a0\",\"name\":\"Dpress.ma\",\"image\":{\"@type\":\"ImageObject\",\"inLanguage\":\"fr-FR\",\"@id\":\"https:\\\/\\\/secure.gravatar.com\\\/avatar\\\/72ecc30e9db047a2e0e7176561eb9d564ed77c8108376495b19bd8336405198a?s=96&d=mm&r=g\",\"url\":\"https:\\\/\\\/secure.gravatar.com\\\/avatar\\\/72ecc30e9db047a2e0e7176561eb9d564ed77c8108376495b19bd8336405198a?s=96&d=mm&r=g\",\"contentUrl\":\"https:\\\/\\\/secure.gravatar.com\\\/avatar\\\/72ecc30e9db047a2e0e7176561eb9d564ed77c8108376495b19bd8336405198a?s=96&d=mm&r=g\",\"caption\":\"Dpress.ma\"},\"sameAs\":[\"https:\\\/\\\/www.dpress.ma\"],\"url\":\"https:\\\/\\\/dpress.ma\\\/fr\\\/author\\\/dpress-ma\\\/\"}]}<\/script>\n<!-- \/ Yoast SEO plugin. -->","yoast_head_json":{"title":"Chichaoua: Une rencontre met en lumi\u00e8re le r\u00f4le des coop\u00e9ratives dans le d\u00e9veloppement local - Dpress.ma\/fr","robots":{"index":"index","follow":"follow","max-snippet":"max-snippet:-1","max-image-preview":"max-image-preview:large","max-video-preview":"max-video-preview:-1"},"canonical":"https:\/\/dpress.ma\/fr\/2026\/07\/10\/chichaoua-une-rencontre-met-en-lumiere-le-role-des-cooperatives-dans-le-developpement-local\/","og_locale":"fr_FR","og_type":"article","og_title":"Chichaoua: Une rencontre met en lumi\u00e8re le r\u00f4le des coop\u00e9ratives dans le d\u00e9veloppement local - Dpress.ma\/fr","og_description":"Dpress La Province de Chichaoua a organis\u00e9, jeudi, une rencontre de communication et de sensibilisation au profit des coop\u00e9ratives actives \u00e0 l\u2019\u00e9chelle provinciale, en vue de promouvoir l&rsquo;\u00e9conomie sociale et solidaire et de renforcer l&rsquo;accompagnement institutionnel de ces structures. Organis\u00e9e \u00e0 l&rsquo;occasion de la Journ\u00e9e internationale des coop\u00e9ratives sous le th\u00e8me \u00ab\u00a0Les coop\u00e9ratives pour un &hellip;","og_url":"https:\/\/dpress.ma\/fr\/2026\/07\/10\/chichaoua-une-rencontre-met-en-lumiere-le-role-des-cooperatives-dans-le-developpement-local\/","og_site_name":"Dpress.ma\/fr","article_published_time":"2026-07-10T10:52:44+00:00","article_modified_time":"2026-07-10T10:52:48+00:00","og_image":[{"width":2539,"height":1594,"url":"https:\/\/dpress.ma\/fr\/wp-content\/uploads\/sites\/2\/2026\/07\/36-4.jpg","type":"image\/jpeg"}],"author":"Dpress.ma","twitter_card":"summary_large_image","twitter_misc":{"\u00c9crit par":"Dpress.ma","Dur\u00e9e de lecture estim\u00e9e":"3 minutes"},"schema":{"@context":"https:\/\/schema.org","@graph":[{"@type":"Article","@id":"https:\/\/dpress.ma\/fr\/2026\/07\/10\/chichaoua-une-rencontre-met-en-lumiere-le-role-des-cooperatives-dans-le-developpement-local\/#article","isPartOf":{"@id":"https:\/\/dpress.ma\/fr\/2026\/07\/10\/chichaoua-une-rencontre-met-en-lumiere-le-role-des-cooperatives-dans-le-developpement-local\/"},"author":{"name":"Dpress.ma","@id":"https:\/\/dpress.ma\/fr\/#\/schema\/person\/4898febf3ccd59e6578d838656a306a0"},"headline":"Chichaoua: Une rencontre met en lumi\u00e8re le r\u00f4le des coop\u00e9ratives dans le d\u00e9veloppement local","datePublished":"2026-07-10T10:52:44+00:00","dateModified":"2026-07-10T10:52:48+00:00","mainEntityOfPage":{"@id":"https:\/\/dpress.ma\/fr\/2026\/07\/10\/chichaoua-une-rencontre-met-en-lumiere-le-role-des-cooperatives-dans-le-developpement-local\/"},"wordCount":632,"commentCount":0,"image":{"@id":"https:\/\/dpress.ma\/fr\/2026\/07\/10\/chichaoua-une-rencontre-met-en-lumiere-le-role-des-cooperatives-dans-le-developpement-local\/#primaryimage"},"thumbnailUrl":"https:\/\/dpress.ma\/fr\/wp-content\/uploads\/sites\/2\/2026\/07\/36-4.jpg","articleSection":["societe et regions"],"inLanguage":"fr-FR","potentialAction":[{"@type":"CommentAction","name":"Comment","target":["https:\/\/dpress.ma\/fr\/2026\/07\/10\/chichaoua-une-rencontre-met-en-lumiere-le-role-des-cooperatives-dans-le-developpement-local\/#respond"]}]},{"@type":"WebPage","@id":"https:\/\/dpress.ma\/fr\/2026\/07\/10\/chichaoua-une-rencontre-met-en-lumiere-le-role-des-cooperatives-dans-le-developpement-local\/","url":"https:\/\/dpress.ma\/fr\/2026\/07\/10\/chichaoua-une-rencontre-met-en-lumiere-le-role-des-cooperatives-dans-le-developpement-local\/","name":"Chichaoua: Une rencontre met en lumi\u00e8re le r\u00f4le des coop\u00e9ratives dans le d\u00e9veloppement local - Dpress.ma\/fr","isPartOf":{"@id":"https:\/\/dpress.ma\/fr\/#website"},"primaryImageOfPage":{"@id":"https:\/\/dpress.ma\/fr\/2026\/07\/10\/chichaoua-une-rencontre-met-en-lumiere-le-role-des-cooperatives-dans-le-developpement-local\/#primaryimage"},"image":{"@id":"https:\/\/dpress.ma\/fr\/2026\/07\/10\/chichaoua-une-rencontre-met-en-lumiere-le-role-des-cooperatives-dans-le-developpement-local\/#primaryimage"},"thumbnailUrl":"https:\/\/dpress.ma\/fr\/wp-content\/uploads\/sites\/2\/2026\/07\/36-4.jpg","datePublished":"2026-07-10T10:52:44+00:00","dateModified":"2026-07-10T10:52:48+00:00","author":{"@id":"https:\/\/dpress.ma\/fr\/#\/schema\/person\/4898febf3ccd59e6578d838656a306a0"},"breadcrumb":{"@id":"https:\/\/dpress.ma\/fr\/2026\/07\/10\/chichaoua-une-rencontre-met-en-lumiere-le-role-des-cooperatives-dans-le-developpement-local\/#breadcrumb"},"inLanguage":"fr-FR","potentialAction":[{"@type":"ReadAction","target":["https:\/\/dpress.ma\/fr\/2026\/07\/10\/chichaoua-une-rencontre-met-en-lumiere-le-role-des-cooperatives-dans-le-developpement-local\/"]}]},{"@type":"ImageObject","inLanguage":"fr-FR","@id":"https:\/\/dpress.ma\/fr\/2026\/07\/10\/chichaoua-une-rencontre-met-en-lumiere-le-role-des-cooperatives-dans-le-developpement-local\/#primaryimage","url":"https:\/\/dpress.ma\/fr\/wp-content\/uploads\/sites\/2\/2026\/07\/36-4.jpg","contentUrl":"https:\/\/dpress.ma\/fr\/wp-content\/uploads\/sites\/2\/2026\/07\/36-4.jpg","width":2539,"height":1594},{"@type":"BreadcrumbList","@id":"https:\/\/dpress.ma\/fr\/2026\/07\/10\/chichaoua-une-rencontre-met-en-lumiere-le-role-des-cooperatives-dans-le-developpement-local\/#breadcrumb","itemListElement":[{"@type":"ListItem","position":1,"name":"Home","item":"https:\/\/dpress.ma\/fr\/"},{"@type":"ListItem","position":2,"name":"Chichaoua: Une rencontre met en lumi\u00e8re le r\u00f4le des coop\u00e9ratives dans le d\u00e9veloppement local"}]},{"@type":"WebSite","@id":"https:\/\/dpress.ma\/fr\/#website","url":"https:\/\/dpress.ma\/fr\/","name":"Dpress.ma\/fr","description":"","potentialAction":[{"@type":"SearchAction","target":{"@type":"EntryPoint","urlTemplate":"https:\/\/dpress.ma\/fr\/?s={search_term_string}"},"query-input":{"@type":"PropertyValueSpecification","valueRequired":true,"valueName":"search_term_string"}}],"inLanguage":"fr-FR"},{"@type":"Person","@id":"https:\/\/dpress.ma\/fr\/#\/schema\/person\/4898febf3ccd59e6578d838656a306a0","name":"Dpress.ma","image":{"@type":"ImageObject","inLanguage":"fr-FR","@id":"https:\/\/secure.gravatar.com\/avatar\/72ecc30e9db047a2e0e7176561eb9d564ed77c8108376495b19bd8336405198a?s=96&d=mm&r=g","url":"https:\/\/secure.gravatar.com\/avatar\/72ecc30e9db047a2e0e7176561eb9d564ed77c8108376495b19bd8336405198a?s=96&d=mm&r=g","contentUrl":"https:\/\/secure.gravatar.com\/avatar\/72ecc30e9db047a2e0e7176561eb9d564ed77c8108376495b19bd8336405198a?s=96&d=mm&r=g","caption":"Dpress.ma"},"sameAs":["https:\/\/www.dpress.ma"],"url":"https:\/\/dpress.ma\/fr\/author\/dpress-ma\/"}]}},"amp_enabled":true,"_links":{"self":[{"href":"https:\/\/dpress.ma\/fr\/wp-json\/wp\/v2\/posts\/35830","targetHints":{"allow":["GET"]}}],"collection":[{"href":"https:\/\/dpress.ma\/fr\/wp-json\/wp\/v2\/posts"}],"about":[{"href":"https:\/\/dpress.ma\/fr\/wp-json\/wp\/v2\/types\/post"}],"author":[{"embeddable":true,"href":"https:\/\/dpress.ma\/fr\/wp-json\/wp\/v2\/users\/2"}],"replies":[{"embeddable":true,"href":"https:\/\/dpress.ma\/fr\/wp-json\/wp\/v2\/comments?post=35830"}],"version-history":[{"count":1,"href":"https:\/\/dpress.ma\/fr\/wp-json\/wp\/v2\/posts\/35830\/revisions"}],"predecessor-version":[{"id":35832,"href":"https:\/\/dpress.ma\/fr\/wp-json\/wp\/v2\/posts\/35830\/revisions\/35832"}],"wp:featuredmedia":[{"embeddable":true,"href":"https:\/\/dpress.ma\/fr\/wp-json\/wp\/v2\/media\/35831"}],"wp:attachment":[{"href":"https:\/\/dpress.ma\/fr\/wp-json\/wp\/v2\/media?parent=35830"}],"wp:term":[{"taxonomy":"category","embeddable":true,"href":"https:\/\/dpress.ma\/fr\/wp-json\/wp\/v2\/categories?post=35830"},{"taxonomy":"post_tag","embeddable":true,"href":"https:\/\/dpress.ma\/fr\/wp-json\/wp\/v2\/tags?post=35830"}],"curies":[{"name":"wp","href":"https:\/\/api.w.org\/{rel}","templated":true}]}}