{"id":3581,"date":"2023-02-10T14:41:41","date_gmt":"2023-02-10T14:41:41","guid":{"rendered":"https:\/\/dpress.ma\/fr\/?p=3581"},"modified":"2023-02-10T14:41:42","modified_gmt":"2023-02-10T14:41:42","slug":"le-maroc-et-lespagne-institutionnalisent-leur-cooperation-en-matiere-de-production-numerique-de-textes-legislatifs-et-reglementaires","status":"publish","type":"post","link":"https:\/\/dpress.ma\/fr\/2023\/02\/10\/le-maroc-et-lespagne-institutionnalisent-leur-cooperation-en-matiere-de-production-numerique-de-textes-legislatifs-et-reglementaires\/","title":{"rendered":"Le Maroc et l\u2019Espagne institutionnalisent leur coop\u00e9ration en mati\u00e8re de production num\u00e9rique de textes l\u00e9gislatifs et r\u00e9glementaires"},"content":{"rendered":"\n<p>Dpress<\/p>\n\n\n\n<p>Dans le cadre de la D\u00e9claration conjointe adopt\u00e9e au terme de la 12\u00e8me session de la R\u00e9union de Haut Niveau Maroc-Espagne, qui s\u2019est tenue \u00e0 Rabat le 2 f\u00e9vrier, donnant un nouvel \u00e9lan au partenariat multidimensionnel et strat\u00e9gique entre les deux pays voisins, le Secr\u00e9tariat G\u00e9n\u00e9ral du Gouvernement du Royaume du Maroc (SGG) \u00e0 travers son Imprimerie Officielle, et le minist\u00e8re espagnol de la Pr\u00e9sidence du gouvernement, des Relations avec le Parlement et de la M\u00e9moire D\u00e9mocratique, \u00e0 travers l\u2019Agence nationale du Bulletin officiel de l\u2019\u00c9tat, instituent une coop\u00e9ration en mati\u00e8re d\u2019\u00e9change d\u2019informations, d\u2019expertises et d\u2019exp\u00e9riences pratiques r\u00e9ussies, relatives \u00e0 la production num\u00e9rique des textes l\u00e9gislatifs et r\u00e9glementaires et de leur diffusion \u00e9lectronique.<\/p>\n\n\n\n<p>Selon un communiqu\u00e9 du SGG, \u201ccette coop\u00e9ration vise l\u2019am\u00e9lioration continue de l\u2019acc\u00e8s au droit au b\u00e9n\u00e9fice notamment des administrations, des op\u00e9rateurs \u00e9conomiques, des juristes et des citoyens en g\u00e9n\u00e9ral dans les deux pays amis\u201d.<\/p>\n\n\n\n<p>Le contenu sp\u00e9cifique et les modalit\u00e9s pratiques de r\u00e9alisation de cette coop\u00e9ration feront l\u2019objet d\u2019un m\u00e9morandum d\u2019entente entre l\u2019Agence nationale du Bulletin officiel de l\u2019\u00c9tat d\u2019Espagne et l\u2019Imprimerie Officielle du Maroc, pr\u00e9cise la m\u00eame source, notant que \u201ccette coop\u00e9ration vient donner un nouveau souffle \u00e0 la modernisation de l\u2019Imprimerie officielle, un chantier qui occupe une place prioritaire dans le plan d\u2019action du SGG pour la p\u00e9riode 2023-2025\u201d.<\/p>\n\n\n\n<p>\u201cAussi, de par sa politique d\u2019ouverture sur son environnement juridique international et conscient de l\u2019importance des r\u00e8gles juridiques dans la promotion des \u00e9changes et des liens de coop\u00e9ration, le SGG\u201d, ajoute le communiqu\u00e9, \u201c\u0153uvre \u00e0 la consolidation continue des relations bilat\u00e9rales et multilat\u00e9rales dans le domaine r\u00e9glementaire\u201d.<\/p>\n\n\n\n<p>C\u2019est dans cet esprit, rel\u00e8ve le communiqu\u00e9, \u201cque s\u2019inscrit la convergence r\u00e9glementaire avec l\u2019Union Europ\u00e9enne (UE), rappelant \u00e0 cet \u00e9gard \u201cl\u2019importance \u00e9conomique de l\u2019harmonisation des normes juridiques entre le Maroc et l\u2019UE, du fait que les deux tiers des \u00e9changes du Royaume se font avec les Etats membres de l\u2019UE et que depuis 2012, l\u2019Espagne est devenue le premier partenaire commercial du Royaume et le premier investisseur au Maroc\u201d.<\/p>\n","protected":false},"excerpt":{"rendered":"<p>Dpress Dans le cadre de la D\u00e9claration conjointe adopt\u00e9e au terme de la 12\u00e8me session de la R\u00e9union de Haut Niveau Maroc-Espagne, qui s\u2019est tenue \u00e0 Rabat le 2 f\u00e9vrier, donnant un nouvel \u00e9lan au partenariat multidimensionnel et strat\u00e9gique entre les deux pays voisins, le Secr\u00e9tariat G\u00e9n\u00e9ral du Gouvernement du Royaume du Maroc (SGG) \u00e0 &hellip;<\/p>\n","protected":false},"author":2,"featured_media":3473,"comment_status":"open","ping_status":"open","sticky":false,"template":"","format":"standard","meta":{"footnotes":""},"categories":[33,26],"tags":[],"class_list":["post-3581","post","type-post","status-publish","format-standard","has-post-thumbnail","hentry","category-diplomatie-parallele","category-politiques"],"yoast_head":"<!-- This site is optimized with the Yoast SEO plugin v27.5 - https:\/\/yoast.com\/product\/yoast-seo-wordpress\/ -->\n<title>Le Maroc et l\u2019Espagne institutionnalisent leur coop\u00e9ration en mati\u00e8re de production num\u00e9rique de textes l\u00e9gislatifs et r\u00e9glementaires - Dpress.ma\/fr<\/title>\n<meta name=\"description\" content=\"Dans le cadre de la D\u00e9claration conjointe adopt\u00e9e au terme de la 12\u00e8me session de la R\u00e9union de Haut Niveau Maroc-Espagne, qui s\u2019est tenue \u00e0 Rabat le 2 f\u00e9vrier, donnant un nouvel \u00e9lan au partenariat multidimensionnel et strat\u00e9gique entre les deux pays voisins, le Secr\u00e9tariat G\u00e9n\u00e9ral du Gouvernement du Royaume du Maroc (SGG) \u00e0 travers son Imprimerie Officielle, et le minist\u00e8re espagnol de la Pr\u00e9sidence du gouvernement, des Relations avec le Parlement et de la M\u00e9moire D\u00e9mocratique, \u00e0 travers l\u2019Agence nationale du Bulletin officiel de l\u2019\u00c9tat, instituent une coop\u00e9ration en mati\u00e8re d\u2019\u00e9change d\u2019informations, d\u2019expertises et d\u2019exp\u00e9riences pratiques r\u00e9ussies, relatives \u00e0 la production num\u00e9rique des textes l\u00e9gislatifs et r\u00e9glementaires et de leur diffusion \u00e9lectronique.\" \/>\n<meta name=\"robots\" content=\"index, follow, max-snippet:-1, max-image-preview:large, max-video-preview:-1\" \/>\n<link rel=\"canonical\" href=\"https:\/\/dpress.ma\/fr\/2023\/02\/10\/le-maroc-et-lespagne-institutionnalisent-leur-cooperation-en-matiere-de-production-numerique-de-textes-legislatifs-et-reglementaires\/\" \/>\n<meta property=\"og:locale\" content=\"fr_FR\" \/>\n<meta property=\"og:type\" content=\"article\" \/>\n<meta property=\"og:title\" content=\"Le Maroc et l\u2019Espagne institutionnalisent leur coop\u00e9ration en mati\u00e8re de production num\u00e9rique de textes l\u00e9gislatifs et r\u00e9glementaires - Dpress.ma\/fr\" \/>\n<meta property=\"og:description\" content=\"Dans le cadre de la D\u00e9claration conjointe adopt\u00e9e au terme de la 12\u00e8me session de la R\u00e9union de Haut Niveau Maroc-Espagne, qui s\u2019est tenue \u00e0 Rabat le 2 f\u00e9vrier, donnant un nouvel \u00e9lan au partenariat multidimensionnel et strat\u00e9gique entre les deux pays voisins, le Secr\u00e9tariat G\u00e9n\u00e9ral du Gouvernement du Royaume du Maroc (SGG) \u00e0 travers son Imprimerie Officielle, et le minist\u00e8re espagnol de la Pr\u00e9sidence du gouvernement, des Relations avec le Parlement et de la M\u00e9moire D\u00e9mocratique, \u00e0 travers l\u2019Agence nationale du Bulletin officiel de l\u2019\u00c9tat, instituent une coop\u00e9ration en mati\u00e8re d\u2019\u00e9change d\u2019informations, d\u2019expertises et d\u2019exp\u00e9riences pratiques r\u00e9ussies, relatives \u00e0 la production num\u00e9rique des textes l\u00e9gislatifs et r\u00e9glementaires et de leur diffusion \u00e9lectronique.\" \/>\n<meta property=\"og:url\" content=\"https:\/\/dpress.ma\/fr\/2023\/02\/10\/le-maroc-et-lespagne-institutionnalisent-leur-cooperation-en-matiere-de-production-numerique-de-textes-legislatifs-et-reglementaires\/\" \/>\n<meta property=\"og:site_name\" content=\"Dpress.ma\/fr\" \/>\n<meta property=\"article:published_time\" content=\"2023-02-10T14:41:41+00:00\" \/>\n<meta property=\"article:modified_time\" content=\"2023-02-10T14:41:42+00:00\" \/>\n<meta property=\"og:image\" content=\"https:\/\/dpress.ma\/fr\/wp-content\/uploads\/sites\/2\/2023\/02\/dimensions2-9.jpg\" \/>\n\t<meta property=\"og:image:width\" content=\"2539\" \/>\n\t<meta property=\"og:image:height\" content=\"1594\" \/>\n\t<meta property=\"og:image:type\" content=\"image\/jpeg\" \/>\n<meta name=\"author\" content=\"Dpress.ma\" \/>\n<meta name=\"twitter:card\" content=\"summary_large_image\" \/>\n<meta name=\"twitter:label1\" content=\"\u00c9crit par\" \/>\n\t<meta name=\"twitter:data1\" content=\"Dpress.ma\" \/>\n\t<meta name=\"twitter:label2\" content=\"Dur\u00e9e de lecture estim\u00e9e\" \/>\n\t<meta name=\"twitter:data2\" content=\"2 minutes\" \/>\n<script type=\"application\/ld+json\" class=\"yoast-schema-graph\">{\"@context\":\"https:\\\/\\\/schema.org\",\"@graph\":[{\"@type\":\"Article\",\"@id\":\"https:\\\/\\\/dpress.ma\\\/fr\\\/2023\\\/02\\\/10\\\/le-maroc-et-lespagne-institutionnalisent-leur-cooperation-en-matiere-de-production-numerique-de-textes-legislatifs-et-reglementaires\\\/#article\",\"isPartOf\":{\"@id\":\"https:\\\/\\\/dpress.ma\\\/fr\\\/2023\\\/02\\\/10\\\/le-maroc-et-lespagne-institutionnalisent-leur-cooperation-en-matiere-de-production-numerique-de-textes-legislatifs-et-reglementaires\\\/\"},\"author\":{\"name\":\"Dpress.ma\",\"@id\":\"https:\\\/\\\/dpress.ma\\\/fr\\\/#\\\/schema\\\/person\\\/4898febf3ccd59e6578d838656a306a0\"},\"headline\":\"Le Maroc et l\u2019Espagne institutionnalisent leur coop\u00e9ration en mati\u00e8re de production num\u00e9rique de textes l\u00e9gislatifs et r\u00e9glementaires\",\"datePublished\":\"2023-02-10T14:41:41+00:00\",\"dateModified\":\"2023-02-10T14:41:42+00:00\",\"mainEntityOfPage\":{\"@id\":\"https:\\\/\\\/dpress.ma\\\/fr\\\/2023\\\/02\\\/10\\\/le-maroc-et-lespagne-institutionnalisent-leur-cooperation-en-matiere-de-production-numerique-de-textes-legislatifs-et-reglementaires\\\/\"},\"wordCount\":417,\"commentCount\":0,\"image\":{\"@id\":\"https:\\\/\\\/dpress.ma\\\/fr\\\/2023\\\/02\\\/10\\\/le-maroc-et-lespagne-institutionnalisent-leur-cooperation-en-matiere-de-production-numerique-de-textes-legislatifs-et-reglementaires\\\/#primaryimage\"},\"thumbnailUrl\":\"https:\\\/\\\/dpress.ma\\\/fr\\\/wp-content\\\/uploads\\\/sites\\\/2\\\/2023\\\/02\\\/dimensions2-9.jpg\",\"articleSection\":[\"Diplomatie Parall\u00e8le\",\"Politiques\"],\"inLanguage\":\"fr-FR\",\"potentialAction\":[{\"@type\":\"CommentAction\",\"name\":\"Comment\",\"target\":[\"https:\\\/\\\/dpress.ma\\\/fr\\\/2023\\\/02\\\/10\\\/le-maroc-et-lespagne-institutionnalisent-leur-cooperation-en-matiere-de-production-numerique-de-textes-legislatifs-et-reglementaires\\\/#respond\"]}]},{\"@type\":\"WebPage\",\"@id\":\"https:\\\/\\\/dpress.ma\\\/fr\\\/2023\\\/02\\\/10\\\/le-maroc-et-lespagne-institutionnalisent-leur-cooperation-en-matiere-de-production-numerique-de-textes-legislatifs-et-reglementaires\\\/\",\"url\":\"https:\\\/\\\/dpress.ma\\\/fr\\\/2023\\\/02\\\/10\\\/le-maroc-et-lespagne-institutionnalisent-leur-cooperation-en-matiere-de-production-numerique-de-textes-legislatifs-et-reglementaires\\\/\",\"name\":\"Le Maroc et l\u2019Espagne institutionnalisent leur coop\u00e9ration en mati\u00e8re de production num\u00e9rique de textes l\u00e9gislatifs et r\u00e9glementaires - Dpress.ma\\\/fr\",\"isPartOf\":{\"@id\":\"https:\\\/\\\/dpress.ma\\\/fr\\\/#website\"},\"primaryImageOfPage\":{\"@id\":\"https:\\\/\\\/dpress.ma\\\/fr\\\/2023\\\/02\\\/10\\\/le-maroc-et-lespagne-institutionnalisent-leur-cooperation-en-matiere-de-production-numerique-de-textes-legislatifs-et-reglementaires\\\/#primaryimage\"},\"image\":{\"@id\":\"https:\\\/\\\/dpress.ma\\\/fr\\\/2023\\\/02\\\/10\\\/le-maroc-et-lespagne-institutionnalisent-leur-cooperation-en-matiere-de-production-numerique-de-textes-legislatifs-et-reglementaires\\\/#primaryimage\"},\"thumbnailUrl\":\"https:\\\/\\\/dpress.ma\\\/fr\\\/wp-content\\\/uploads\\\/sites\\\/2\\\/2023\\\/02\\\/dimensions2-9.jpg\",\"datePublished\":\"2023-02-10T14:41:41+00:00\",\"dateModified\":\"2023-02-10T14:41:42+00:00\",\"author\":{\"@id\":\"https:\\\/\\\/dpress.ma\\\/fr\\\/#\\\/schema\\\/person\\\/4898febf3ccd59e6578d838656a306a0\"},\"description\":\"Dans le cadre de la D\u00e9claration conjointe adopt\u00e9e au terme de la 12\u00e8me session de la R\u00e9union de Haut Niveau Maroc-Espagne, qui s\u2019est tenue \u00e0 Rabat le 2 f\u00e9vrier, donnant un nouvel \u00e9lan au partenariat multidimensionnel et strat\u00e9gique entre les deux pays voisins, le Secr\u00e9tariat G\u00e9n\u00e9ral du Gouvernement du Royaume du Maroc (SGG) \u00e0 travers son Imprimerie Officielle, et le minist\u00e8re espagnol de la Pr\u00e9sidence du gouvernement, des Relations avec le Parlement et de la M\u00e9moire D\u00e9mocratique, \u00e0 travers l\u2019Agence nationale du Bulletin officiel de l\u2019\u00c9tat, instituent une coop\u00e9ration en mati\u00e8re d\u2019\u00e9change d\u2019informations, d\u2019expertises et d\u2019exp\u00e9riences pratiques r\u00e9ussies, relatives \u00e0 la production num\u00e9rique des textes l\u00e9gislatifs et r\u00e9glementaires et de leur diffusion \u00e9lectronique.\",\"breadcrumb\":{\"@id\":\"https:\\\/\\\/dpress.ma\\\/fr\\\/2023\\\/02\\\/10\\\/le-maroc-et-lespagne-institutionnalisent-leur-cooperation-en-matiere-de-production-numerique-de-textes-legislatifs-et-reglementaires\\\/#breadcrumb\"},\"inLanguage\":\"fr-FR\",\"potentialAction\":[{\"@type\":\"ReadAction\",\"target\":[\"https:\\\/\\\/dpress.ma\\\/fr\\\/2023\\\/02\\\/10\\\/le-maroc-et-lespagne-institutionnalisent-leur-cooperation-en-matiere-de-production-numerique-de-textes-legislatifs-et-reglementaires\\\/\"]}]},{\"@type\":\"ImageObject\",\"inLanguage\":\"fr-FR\",\"@id\":\"https:\\\/\\\/dpress.ma\\\/fr\\\/2023\\\/02\\\/10\\\/le-maroc-et-lespagne-institutionnalisent-leur-cooperation-en-matiere-de-production-numerique-de-textes-legislatifs-et-reglementaires\\\/#primaryimage\",\"url\":\"https:\\\/\\\/dpress.ma\\\/fr\\\/wp-content\\\/uploads\\\/sites\\\/2\\\/2023\\\/02\\\/dimensions2-9.jpg\",\"contentUrl\":\"https:\\\/\\\/dpress.ma\\\/fr\\\/wp-content\\\/uploads\\\/sites\\\/2\\\/2023\\\/02\\\/dimensions2-9.jpg\",\"width\":2539,\"height\":1594},{\"@type\":\"BreadcrumbList\",\"@id\":\"https:\\\/\\\/dpress.ma\\\/fr\\\/2023\\\/02\\\/10\\\/le-maroc-et-lespagne-institutionnalisent-leur-cooperation-en-matiere-de-production-numerique-de-textes-legislatifs-et-reglementaires\\\/#breadcrumb\",\"itemListElement\":[{\"@type\":\"ListItem\",\"position\":1,\"name\":\"Home\",\"item\":\"https:\\\/\\\/dpress.ma\\\/fr\\\/\"},{\"@type\":\"ListItem\",\"position\":2,\"name\":\"Le Maroc et l\u2019Espagne institutionnalisent leur coop\u00e9ration en mati\u00e8re de production num\u00e9rique de textes l\u00e9gislatifs et r\u00e9glementaires\"}]},{\"@type\":\"WebSite\",\"@id\":\"https:\\\/\\\/dpress.ma\\\/fr\\\/#website\",\"url\":\"https:\\\/\\\/dpress.ma\\\/fr\\\/\",\"name\":\"Dpress.ma\\\/fr\",\"description\":\"\",\"potentialAction\":[{\"@type\":\"SearchAction\",\"target\":{\"@type\":\"EntryPoint\",\"urlTemplate\":\"https:\\\/\\\/dpress.ma\\\/fr\\\/?s={search_term_string}\"},\"query-input\":{\"@type\":\"PropertyValueSpecification\",\"valueRequired\":true,\"valueName\":\"search_term_string\"}}],\"inLanguage\":\"fr-FR\"},{\"@type\":\"Person\",\"@id\":\"https:\\\/\\\/dpress.ma\\\/fr\\\/#\\\/schema\\\/person\\\/4898febf3ccd59e6578d838656a306a0\",\"name\":\"Dpress.ma\",\"image\":{\"@type\":\"ImageObject\",\"inLanguage\":\"fr-FR\",\"@id\":\"https:\\\/\\\/secure.gravatar.com\\\/avatar\\\/72ecc30e9db047a2e0e7176561eb9d564ed77c8108376495b19bd8336405198a?s=96&d=mm&r=g\",\"url\":\"https:\\\/\\\/secure.gravatar.com\\\/avatar\\\/72ecc30e9db047a2e0e7176561eb9d564ed77c8108376495b19bd8336405198a?s=96&d=mm&r=g\",\"contentUrl\":\"https:\\\/\\\/secure.gravatar.com\\\/avatar\\\/72ecc30e9db047a2e0e7176561eb9d564ed77c8108376495b19bd8336405198a?s=96&d=mm&r=g\",\"caption\":\"Dpress.ma\"},\"sameAs\":[\"https:\\\/\\\/www.dpress.ma\"],\"url\":\"https:\\\/\\\/dpress.ma\\\/fr\\\/author\\\/dpress-ma\\\/\"}]}<\/script>\n<!-- \/ Yoast SEO plugin. -->","yoast_head_json":{"title":"Le Maroc et l\u2019Espagne institutionnalisent leur coop\u00e9ration en mati\u00e8re de production num\u00e9rique de textes l\u00e9gislatifs et r\u00e9glementaires - Dpress.ma\/fr","description":"Dans le cadre de la D\u00e9claration conjointe adopt\u00e9e au terme de la 12\u00e8me session de la R\u00e9union de Haut Niveau Maroc-Espagne, qui s\u2019est tenue \u00e0 Rabat le 2 f\u00e9vrier, donnant un nouvel \u00e9lan au partenariat multidimensionnel et strat\u00e9gique entre les deux pays voisins, le Secr\u00e9tariat G\u00e9n\u00e9ral du Gouvernement du Royaume du Maroc (SGG) \u00e0 travers son Imprimerie Officielle, et le minist\u00e8re espagnol de la Pr\u00e9sidence du gouvernement, des Relations avec le Parlement et de la M\u00e9moire D\u00e9mocratique, \u00e0 travers l\u2019Agence nationale du Bulletin officiel de l\u2019\u00c9tat, instituent une coop\u00e9ration en mati\u00e8re d\u2019\u00e9change d\u2019informations, d\u2019expertises et d\u2019exp\u00e9riences pratiques r\u00e9ussies, relatives \u00e0 la production num\u00e9rique des textes l\u00e9gislatifs et r\u00e9glementaires et de leur diffusion \u00e9lectronique.","robots":{"index":"index","follow":"follow","max-snippet":"max-snippet:-1","max-image-preview":"max-image-preview:large","max-video-preview":"max-video-preview:-1"},"canonical":"https:\/\/dpress.ma\/fr\/2023\/02\/10\/le-maroc-et-lespagne-institutionnalisent-leur-cooperation-en-matiere-de-production-numerique-de-textes-legislatifs-et-reglementaires\/","og_locale":"fr_FR","og_type":"article","og_title":"Le Maroc et l\u2019Espagne institutionnalisent leur coop\u00e9ration en mati\u00e8re de production num\u00e9rique de textes l\u00e9gislatifs et r\u00e9glementaires - Dpress.ma\/fr","og_description":"Dans le cadre de la D\u00e9claration conjointe adopt\u00e9e au terme de la 12\u00e8me session de la R\u00e9union de Haut Niveau Maroc-Espagne, qui s\u2019est tenue \u00e0 Rabat le 2 f\u00e9vrier, donnant un nouvel \u00e9lan au partenariat multidimensionnel et strat\u00e9gique entre les deux pays voisins, le Secr\u00e9tariat G\u00e9n\u00e9ral du Gouvernement du Royaume du Maroc (SGG) \u00e0 travers son Imprimerie Officielle, et le minist\u00e8re espagnol de la Pr\u00e9sidence du gouvernement, des Relations avec le Parlement et de la M\u00e9moire D\u00e9mocratique, \u00e0 travers l\u2019Agence nationale du Bulletin officiel de l\u2019\u00c9tat, instituent une coop\u00e9ration en mati\u00e8re d\u2019\u00e9change d\u2019informations, d\u2019expertises et d\u2019exp\u00e9riences pratiques r\u00e9ussies, relatives \u00e0 la production num\u00e9rique des textes l\u00e9gislatifs et r\u00e9glementaires et de leur diffusion \u00e9lectronique.","og_url":"https:\/\/dpress.ma\/fr\/2023\/02\/10\/le-maroc-et-lespagne-institutionnalisent-leur-cooperation-en-matiere-de-production-numerique-de-textes-legislatifs-et-reglementaires\/","og_site_name":"Dpress.ma\/fr","article_published_time":"2023-02-10T14:41:41+00:00","article_modified_time":"2023-02-10T14:41:42+00:00","og_image":[{"width":2539,"height":1594,"url":"https:\/\/dpress.ma\/fr\/wp-content\/uploads\/sites\/2\/2023\/02\/dimensions2-9.jpg","type":"image\/jpeg"}],"author":"Dpress.ma","twitter_card":"summary_large_image","twitter_misc":{"\u00c9crit par":"Dpress.ma","Dur\u00e9e de lecture estim\u00e9e":"2 minutes"},"schema":{"@context":"https:\/\/schema.org","@graph":[{"@type":"Article","@id":"https:\/\/dpress.ma\/fr\/2023\/02\/10\/le-maroc-et-lespagne-institutionnalisent-leur-cooperation-en-matiere-de-production-numerique-de-textes-legislatifs-et-reglementaires\/#article","isPartOf":{"@id":"https:\/\/dpress.ma\/fr\/2023\/02\/10\/le-maroc-et-lespagne-institutionnalisent-leur-cooperation-en-matiere-de-production-numerique-de-textes-legislatifs-et-reglementaires\/"},"author":{"name":"Dpress.ma","@id":"https:\/\/dpress.ma\/fr\/#\/schema\/person\/4898febf3ccd59e6578d838656a306a0"},"headline":"Le Maroc et l\u2019Espagne institutionnalisent leur coop\u00e9ration en mati\u00e8re de production num\u00e9rique de textes l\u00e9gislatifs et r\u00e9glementaires","datePublished":"2023-02-10T14:41:41+00:00","dateModified":"2023-02-10T14:41:42+00:00","mainEntityOfPage":{"@id":"https:\/\/dpress.ma\/fr\/2023\/02\/10\/le-maroc-et-lespagne-institutionnalisent-leur-cooperation-en-matiere-de-production-numerique-de-textes-legislatifs-et-reglementaires\/"},"wordCount":417,"commentCount":0,"image":{"@id":"https:\/\/dpress.ma\/fr\/2023\/02\/10\/le-maroc-et-lespagne-institutionnalisent-leur-cooperation-en-matiere-de-production-numerique-de-textes-legislatifs-et-reglementaires\/#primaryimage"},"thumbnailUrl":"https:\/\/dpress.ma\/fr\/wp-content\/uploads\/sites\/2\/2023\/02\/dimensions2-9.jpg","articleSection":["Diplomatie Parall\u00e8le","Politiques"],"inLanguage":"fr-FR","potentialAction":[{"@type":"CommentAction","name":"Comment","target":["https:\/\/dpress.ma\/fr\/2023\/02\/10\/le-maroc-et-lespagne-institutionnalisent-leur-cooperation-en-matiere-de-production-numerique-de-textes-legislatifs-et-reglementaires\/#respond"]}]},{"@type":"WebPage","@id":"https:\/\/dpress.ma\/fr\/2023\/02\/10\/le-maroc-et-lespagne-institutionnalisent-leur-cooperation-en-matiere-de-production-numerique-de-textes-legislatifs-et-reglementaires\/","url":"https:\/\/dpress.ma\/fr\/2023\/02\/10\/le-maroc-et-lespagne-institutionnalisent-leur-cooperation-en-matiere-de-production-numerique-de-textes-legislatifs-et-reglementaires\/","name":"Le Maroc et l\u2019Espagne institutionnalisent leur coop\u00e9ration en mati\u00e8re de production num\u00e9rique de textes l\u00e9gislatifs et r\u00e9glementaires - Dpress.ma\/fr","isPartOf":{"@id":"https:\/\/dpress.ma\/fr\/#website"},"primaryImageOfPage":{"@id":"https:\/\/dpress.ma\/fr\/2023\/02\/10\/le-maroc-et-lespagne-institutionnalisent-leur-cooperation-en-matiere-de-production-numerique-de-textes-legislatifs-et-reglementaires\/#primaryimage"},"image":{"@id":"https:\/\/dpress.ma\/fr\/2023\/02\/10\/le-maroc-et-lespagne-institutionnalisent-leur-cooperation-en-matiere-de-production-numerique-de-textes-legislatifs-et-reglementaires\/#primaryimage"},"thumbnailUrl":"https:\/\/dpress.ma\/fr\/wp-content\/uploads\/sites\/2\/2023\/02\/dimensions2-9.jpg","datePublished":"2023-02-10T14:41:41+00:00","dateModified":"2023-02-10T14:41:42+00:00","author":{"@id":"https:\/\/dpress.ma\/fr\/#\/schema\/person\/4898febf3ccd59e6578d838656a306a0"},"description":"Dans le cadre de la D\u00e9claration conjointe adopt\u00e9e au terme de la 12\u00e8me session de la R\u00e9union de Haut Niveau Maroc-Espagne, qui s\u2019est tenue \u00e0 Rabat le 2 f\u00e9vrier, donnant un nouvel \u00e9lan au partenariat multidimensionnel et strat\u00e9gique entre les deux pays voisins, le Secr\u00e9tariat G\u00e9n\u00e9ral du Gouvernement du Royaume du Maroc (SGG) \u00e0 travers son Imprimerie Officielle, et le minist\u00e8re espagnol de la Pr\u00e9sidence du gouvernement, des Relations avec le Parlement et de la M\u00e9moire D\u00e9mocratique, \u00e0 travers l\u2019Agence nationale du Bulletin officiel de l\u2019\u00c9tat, instituent une coop\u00e9ration en mati\u00e8re d\u2019\u00e9change d\u2019informations, d\u2019expertises et d\u2019exp\u00e9riences pratiques r\u00e9ussies, relatives \u00e0 la production num\u00e9rique des textes l\u00e9gislatifs et r\u00e9glementaires et de leur diffusion \u00e9lectronique.","breadcrumb":{"@id":"https:\/\/dpress.ma\/fr\/2023\/02\/10\/le-maroc-et-lespagne-institutionnalisent-leur-cooperation-en-matiere-de-production-numerique-de-textes-legislatifs-et-reglementaires\/#breadcrumb"},"inLanguage":"fr-FR","potentialAction":[{"@type":"ReadAction","target":["https:\/\/dpress.ma\/fr\/2023\/02\/10\/le-maroc-et-lespagne-institutionnalisent-leur-cooperation-en-matiere-de-production-numerique-de-textes-legislatifs-et-reglementaires\/"]}]},{"@type":"ImageObject","inLanguage":"fr-FR","@id":"https:\/\/dpress.ma\/fr\/2023\/02\/10\/le-maroc-et-lespagne-institutionnalisent-leur-cooperation-en-matiere-de-production-numerique-de-textes-legislatifs-et-reglementaires\/#primaryimage","url":"https:\/\/dpress.ma\/fr\/wp-content\/uploads\/sites\/2\/2023\/02\/dimensions2-9.jpg","contentUrl":"https:\/\/dpress.ma\/fr\/wp-content\/uploads\/sites\/2\/2023\/02\/dimensions2-9.jpg","width":2539,"height":1594},{"@type":"BreadcrumbList","@id":"https:\/\/dpress.ma\/fr\/2023\/02\/10\/le-maroc-et-lespagne-institutionnalisent-leur-cooperation-en-matiere-de-production-numerique-de-textes-legislatifs-et-reglementaires\/#breadcrumb","itemListElement":[{"@type":"ListItem","position":1,"name":"Home","item":"https:\/\/dpress.ma\/fr\/"},{"@type":"ListItem","position":2,"name":"Le Maroc et l\u2019Espagne institutionnalisent leur coop\u00e9ration en mati\u00e8re de production num\u00e9rique de textes l\u00e9gislatifs et r\u00e9glementaires"}]},{"@type":"WebSite","@id":"https:\/\/dpress.ma\/fr\/#website","url":"https:\/\/dpress.ma\/fr\/","name":"Dpress.ma\/fr","description":"","potentialAction":[{"@type":"SearchAction","target":{"@type":"EntryPoint","urlTemplate":"https:\/\/dpress.ma\/fr\/?s={search_term_string}"},"query-input":{"@type":"PropertyValueSpecification","valueRequired":true,"valueName":"search_term_string"}}],"inLanguage":"fr-FR"},{"@type":"Person","@id":"https:\/\/dpress.ma\/fr\/#\/schema\/person\/4898febf3ccd59e6578d838656a306a0","name":"Dpress.ma","image":{"@type":"ImageObject","inLanguage":"fr-FR","@id":"https:\/\/secure.gravatar.com\/avatar\/72ecc30e9db047a2e0e7176561eb9d564ed77c8108376495b19bd8336405198a?s=96&d=mm&r=g","url":"https:\/\/secure.gravatar.com\/avatar\/72ecc30e9db047a2e0e7176561eb9d564ed77c8108376495b19bd8336405198a?s=96&d=mm&r=g","contentUrl":"https:\/\/secure.gravatar.com\/avatar\/72ecc30e9db047a2e0e7176561eb9d564ed77c8108376495b19bd8336405198a?s=96&d=mm&r=g","caption":"Dpress.ma"},"sameAs":["https:\/\/www.dpress.ma"],"url":"https:\/\/dpress.ma\/fr\/author\/dpress-ma\/"}]}},"amp_enabled":true,"_links":{"self":[{"href":"https:\/\/dpress.ma\/fr\/wp-json\/wp\/v2\/posts\/3581","targetHints":{"allow":["GET"]}}],"collection":[{"href":"https:\/\/dpress.ma\/fr\/wp-json\/wp\/v2\/posts"}],"about":[{"href":"https:\/\/dpress.ma\/fr\/wp-json\/wp\/v2\/types\/post"}],"author":[{"embeddable":true,"href":"https:\/\/dpress.ma\/fr\/wp-json\/wp\/v2\/users\/2"}],"replies":[{"embeddable":true,"href":"https:\/\/dpress.ma\/fr\/wp-json\/wp\/v2\/comments?post=3581"}],"version-history":[{"count":1,"href":"https:\/\/dpress.ma\/fr\/wp-json\/wp\/v2\/posts\/3581\/revisions"}],"predecessor-version":[{"id":3582,"href":"https:\/\/dpress.ma\/fr\/wp-json\/wp\/v2\/posts\/3581\/revisions\/3582"}],"wp:featuredmedia":[{"embeddable":true,"href":"https:\/\/dpress.ma\/fr\/wp-json\/wp\/v2\/media\/3473"}],"wp:attachment":[{"href":"https:\/\/dpress.ma\/fr\/wp-json\/wp\/v2\/media?parent=3581"}],"wp:term":[{"taxonomy":"category","embeddable":true,"href":"https:\/\/dpress.ma\/fr\/wp-json\/wp\/v2\/categories?post=3581"},{"taxonomy":"post_tag","embeddable":true,"href":"https:\/\/dpress.ma\/fr\/wp-json\/wp\/v2\/tags?post=3581"}],"curies":[{"name":"wp","href":"https:\/\/api.w.org\/{rel}","templated":true}]}}