{"id":3579,"date":"2023-02-10T11:28:20","date_gmt":"2023-02-10T11:28:20","guid":{"rendered":"https:\/\/dpress.ma\/fr\/?p=3579"},"modified":"2023-02-10T11:28:21","modified_gmt":"2023-02-10T11:28:21","slug":"le-gouvernement-prendra-toutes-les-mesures-pour-assurer-lapprovisionnement-normal-en-produits-alimentaires","status":"publish","type":"post","link":"https:\/\/dpress.ma\/fr\/2023\/02\/10\/le-gouvernement-prendra-toutes-les-mesures-pour-assurer-lapprovisionnement-normal-en-produits-alimentaires\/","title":{"rendered":"Le gouvernement prendra toutes les mesures pour assurer l\u2019approvisionnement normal en produits alimentaires"},"content":{"rendered":"\n<p>Dpress<\/p>\n\n\n\n<p>Le gouvernement prendra toutes les mesures pour assurer l\u2019approvisionnement normal en produits alimentaires et proc\u00e8dera au contr\u00f4le de tous les points de vente, a affirm\u00e9, jeudi \u00e0 Rabat, le ministre d\u00e9l\u00e9gu\u00e9 charg\u00e9 des Relations avec le Parlement, porte-parole du gouvernement, Mustapha Ba\u00eftas.<\/p>\n\n\n\n<p>En r\u00e9ponse aux questions des journalistes lors d\u2019un point de presse \u00e0 l\u2019issue du Conseil de gouvernement, M. Ba\u00eftas a soulign\u00e9 que toutes les infractions relatives \u00e0 la sp\u00e9culation sur les produits alimentaires seront sanctionn\u00e9es, relevant que toute infraction constat\u00e9e fera l\u2019objet d\u2019une poursuite judiciaire.<\/p>\n\n\n\n<p>S\u2019agissant de la viande rouge, le ministre a indiqu\u00e9 que le gouvernement a pris deux mesures importantes, la premi\u00e8re relative \u00e0 la perception des droits \u00e0 l\u2019importation applicables \u00e0 cet aliment, tandis que la seconde porte sur la suspension de la taxe sur la valeur ajout\u00e9e, dont les r\u00e9sultats seront palpables prochainement.<\/p>\n\n\n\n<p>Par ailleurs, M. Ba\u00eftas a fait savoir que la culture de la tomate au cours de cette ann\u00e9e est plus importante que l\u2019ann\u00e9e pass\u00e9e, expliquant que l\u2019augmentation du prix de ce produit ces derniers jours est due \u00e0 la vague de froid que conna\u00eet le Royaume.<\/p>\n\n\n\n<p>A cet \u00e9gard, il a not\u00e9 que le gouvernement prendra les mesures n\u00e9cessaires afin de r\u00e9duire les prix, et maintenir ainsi le pouvoir d\u2019achat des citoyens.<\/p>\n\n\n\n<p>Evoquant les mesures prises pour garantir l\u2019approvisionnement suffisant du march\u00e9 en lait, le ministre a fait observer que le gouvernement place la protection du pouvoir d\u2019achat des citoyens au c\u0153ur de ses priorit\u00e9s, notamment en cette p\u00e9riode, soulignant que le chef du gouvernement a donn\u00e9 ses directives \u00e0 tous les secteurs concern\u00e9s afin d\u2019intervenir et de communiquer avec les citoyens pour faire conna\u00eetre les mesures prises.<\/p>\n","protected":false},"excerpt":{"rendered":"<p>Dpress Le gouvernement prendra toutes les mesures pour assurer l\u2019approvisionnement normal en produits alimentaires et proc\u00e8dera au contr\u00f4le de tous les points de vente, a affirm\u00e9, jeudi \u00e0 Rabat, le ministre d\u00e9l\u00e9gu\u00e9 charg\u00e9 des Relations avec le Parlement, porte-parole du gouvernement, Mustapha Ba\u00eftas. En r\u00e9ponse aux questions des journalistes lors d\u2019un point de presse \u00e0 &hellip;<\/p>\n","protected":false},"author":2,"featured_media":2647,"comment_status":"open","ping_status":"open","sticky":false,"template":"","format":"standard","meta":{"footnotes":""},"categories":[26],"tags":[],"class_list":["post-3579","post","type-post","status-publish","format-standard","has-post-thumbnail","hentry","category-politiques"],"yoast_head":"<!-- This site is optimized with the Yoast SEO plugin v27.5 - https:\/\/yoast.com\/product\/yoast-seo-wordpress\/ -->\n<title>Le gouvernement prendra toutes les mesures pour assurer l\u2019approvisionnement normal en produits alimentaires - Dpress.ma\/fr<\/title>\n<meta name=\"description\" content=\"Le gouvernement prendra toutes les mesures pour assurer l\u2019approvisionnement normal en produits alimentaires et proc\u00e8dera au contr\u00f4le de tous les points de vente, a affirm\u00e9, jeudi \u00e0 Rabat, le ministre d\u00e9l\u00e9gu\u00e9 charg\u00e9 des Relations avec le Parlement, porte-parole du gouvernement, Mustapha Ba\u00eftas.\" \/>\n<meta name=\"robots\" content=\"index, follow, max-snippet:-1, max-image-preview:large, max-video-preview:-1\" \/>\n<link rel=\"canonical\" href=\"https:\/\/dpress.ma\/fr\/2023\/02\/10\/le-gouvernement-prendra-toutes-les-mesures-pour-assurer-lapprovisionnement-normal-en-produits-alimentaires\/\" \/>\n<meta property=\"og:locale\" content=\"fr_FR\" \/>\n<meta property=\"og:type\" content=\"article\" \/>\n<meta property=\"og:title\" content=\"Le gouvernement prendra toutes les mesures pour assurer l\u2019approvisionnement normal en produits alimentaires - Dpress.ma\/fr\" \/>\n<meta property=\"og:description\" content=\"Le gouvernement prendra toutes les mesures pour assurer l\u2019approvisionnement normal en produits alimentaires et proc\u00e8dera au contr\u00f4le de tous les points de vente, a affirm\u00e9, jeudi \u00e0 Rabat, le ministre d\u00e9l\u00e9gu\u00e9 charg\u00e9 des Relations avec le Parlement, porte-parole du gouvernement, Mustapha Ba\u00eftas.\" \/>\n<meta property=\"og:url\" content=\"https:\/\/dpress.ma\/fr\/2023\/02\/10\/le-gouvernement-prendra-toutes-les-mesures-pour-assurer-lapprovisionnement-normal-en-produits-alimentaires\/\" \/>\n<meta property=\"og:site_name\" content=\"Dpress.ma\/fr\" \/>\n<meta property=\"article:published_time\" content=\"2023-02-10T11:28:20+00:00\" \/>\n<meta property=\"article:modified_time\" content=\"2023-02-10T11:28:21+00:00\" \/>\n<meta property=\"og:image\" content=\"https:\/\/dpress.ma\/fr\/wp-content\/uploads\/sites\/2\/2022\/11\/dimensions2-56.jpg\" \/>\n\t<meta property=\"og:image:width\" content=\"2539\" \/>\n\t<meta property=\"og:image:height\" content=\"1594\" \/>\n\t<meta property=\"og:image:type\" content=\"image\/jpeg\" \/>\n<meta name=\"author\" content=\"Dpress.ma\" \/>\n<meta name=\"twitter:card\" content=\"summary_large_image\" \/>\n<meta name=\"twitter:label1\" content=\"\u00c9crit par\" \/>\n\t<meta name=\"twitter:data1\" content=\"Dpress.ma\" \/>\n\t<meta name=\"twitter:label2\" content=\"Dur\u00e9e de lecture estim\u00e9e\" \/>\n\t<meta name=\"twitter:data2\" content=\"2 minutes\" \/>\n<script type=\"application\/ld+json\" class=\"yoast-schema-graph\">{\"@context\":\"https:\\\/\\\/schema.org\",\"@graph\":[{\"@type\":\"Article\",\"@id\":\"https:\\\/\\\/dpress.ma\\\/fr\\\/2023\\\/02\\\/10\\\/le-gouvernement-prendra-toutes-les-mesures-pour-assurer-lapprovisionnement-normal-en-produits-alimentaires\\\/#article\",\"isPartOf\":{\"@id\":\"https:\\\/\\\/dpress.ma\\\/fr\\\/2023\\\/02\\\/10\\\/le-gouvernement-prendra-toutes-les-mesures-pour-assurer-lapprovisionnement-normal-en-produits-alimentaires\\\/\"},\"author\":{\"name\":\"Dpress.ma\",\"@id\":\"https:\\\/\\\/dpress.ma\\\/fr\\\/#\\\/schema\\\/person\\\/4898febf3ccd59e6578d838656a306a0\"},\"headline\":\"Le gouvernement prendra toutes les mesures pour assurer l\u2019approvisionnement normal en produits alimentaires\",\"datePublished\":\"2023-02-10T11:28:20+00:00\",\"dateModified\":\"2023-02-10T11:28:21+00:00\",\"mainEntityOfPage\":{\"@id\":\"https:\\\/\\\/dpress.ma\\\/fr\\\/2023\\\/02\\\/10\\\/le-gouvernement-prendra-toutes-les-mesures-pour-assurer-lapprovisionnement-normal-en-produits-alimentaires\\\/\"},\"wordCount\":322,\"commentCount\":0,\"image\":{\"@id\":\"https:\\\/\\\/dpress.ma\\\/fr\\\/2023\\\/02\\\/10\\\/le-gouvernement-prendra-toutes-les-mesures-pour-assurer-lapprovisionnement-normal-en-produits-alimentaires\\\/#primaryimage\"},\"thumbnailUrl\":\"https:\\\/\\\/dpress.ma\\\/fr\\\/wp-content\\\/uploads\\\/sites\\\/2\\\/2022\\\/11\\\/dimensions2-56.jpg\",\"articleSection\":[\"Politiques\"],\"inLanguage\":\"fr-FR\",\"potentialAction\":[{\"@type\":\"CommentAction\",\"name\":\"Comment\",\"target\":[\"https:\\\/\\\/dpress.ma\\\/fr\\\/2023\\\/02\\\/10\\\/le-gouvernement-prendra-toutes-les-mesures-pour-assurer-lapprovisionnement-normal-en-produits-alimentaires\\\/#respond\"]}]},{\"@type\":\"WebPage\",\"@id\":\"https:\\\/\\\/dpress.ma\\\/fr\\\/2023\\\/02\\\/10\\\/le-gouvernement-prendra-toutes-les-mesures-pour-assurer-lapprovisionnement-normal-en-produits-alimentaires\\\/\",\"url\":\"https:\\\/\\\/dpress.ma\\\/fr\\\/2023\\\/02\\\/10\\\/le-gouvernement-prendra-toutes-les-mesures-pour-assurer-lapprovisionnement-normal-en-produits-alimentaires\\\/\",\"name\":\"Le gouvernement prendra toutes les mesures pour assurer l\u2019approvisionnement normal en produits alimentaires - Dpress.ma\\\/fr\",\"isPartOf\":{\"@id\":\"https:\\\/\\\/dpress.ma\\\/fr\\\/#website\"},\"primaryImageOfPage\":{\"@id\":\"https:\\\/\\\/dpress.ma\\\/fr\\\/2023\\\/02\\\/10\\\/le-gouvernement-prendra-toutes-les-mesures-pour-assurer-lapprovisionnement-normal-en-produits-alimentaires\\\/#primaryimage\"},\"image\":{\"@id\":\"https:\\\/\\\/dpress.ma\\\/fr\\\/2023\\\/02\\\/10\\\/le-gouvernement-prendra-toutes-les-mesures-pour-assurer-lapprovisionnement-normal-en-produits-alimentaires\\\/#primaryimage\"},\"thumbnailUrl\":\"https:\\\/\\\/dpress.ma\\\/fr\\\/wp-content\\\/uploads\\\/sites\\\/2\\\/2022\\\/11\\\/dimensions2-56.jpg\",\"datePublished\":\"2023-02-10T11:28:20+00:00\",\"dateModified\":\"2023-02-10T11:28:21+00:00\",\"author\":{\"@id\":\"https:\\\/\\\/dpress.ma\\\/fr\\\/#\\\/schema\\\/person\\\/4898febf3ccd59e6578d838656a306a0\"},\"description\":\"Le gouvernement prendra toutes les mesures pour assurer l\u2019approvisionnement normal en produits alimentaires et proc\u00e8dera au contr\u00f4le de tous les points de vente, a affirm\u00e9, jeudi \u00e0 Rabat, le ministre d\u00e9l\u00e9gu\u00e9 charg\u00e9 des Relations avec le Parlement, porte-parole du gouvernement, Mustapha Ba\u00eftas.\",\"breadcrumb\":{\"@id\":\"https:\\\/\\\/dpress.ma\\\/fr\\\/2023\\\/02\\\/10\\\/le-gouvernement-prendra-toutes-les-mesures-pour-assurer-lapprovisionnement-normal-en-produits-alimentaires\\\/#breadcrumb\"},\"inLanguage\":\"fr-FR\",\"potentialAction\":[{\"@type\":\"ReadAction\",\"target\":[\"https:\\\/\\\/dpress.ma\\\/fr\\\/2023\\\/02\\\/10\\\/le-gouvernement-prendra-toutes-les-mesures-pour-assurer-lapprovisionnement-normal-en-produits-alimentaires\\\/\"]}]},{\"@type\":\"ImageObject\",\"inLanguage\":\"fr-FR\",\"@id\":\"https:\\\/\\\/dpress.ma\\\/fr\\\/2023\\\/02\\\/10\\\/le-gouvernement-prendra-toutes-les-mesures-pour-assurer-lapprovisionnement-normal-en-produits-alimentaires\\\/#primaryimage\",\"url\":\"https:\\\/\\\/dpress.ma\\\/fr\\\/wp-content\\\/uploads\\\/sites\\\/2\\\/2022\\\/11\\\/dimensions2-56.jpg\",\"contentUrl\":\"https:\\\/\\\/dpress.ma\\\/fr\\\/wp-content\\\/uploads\\\/sites\\\/2\\\/2022\\\/11\\\/dimensions2-56.jpg\",\"width\":2539,\"height\":1594},{\"@type\":\"BreadcrumbList\",\"@id\":\"https:\\\/\\\/dpress.ma\\\/fr\\\/2023\\\/02\\\/10\\\/le-gouvernement-prendra-toutes-les-mesures-pour-assurer-lapprovisionnement-normal-en-produits-alimentaires\\\/#breadcrumb\",\"itemListElement\":[{\"@type\":\"ListItem\",\"position\":1,\"name\":\"Home\",\"item\":\"https:\\\/\\\/dpress.ma\\\/fr\\\/\"},{\"@type\":\"ListItem\",\"position\":2,\"name\":\"Le gouvernement prendra toutes les mesures pour assurer l\u2019approvisionnement normal en produits alimentaires\"}]},{\"@type\":\"WebSite\",\"@id\":\"https:\\\/\\\/dpress.ma\\\/fr\\\/#website\",\"url\":\"https:\\\/\\\/dpress.ma\\\/fr\\\/\",\"name\":\"Dpress.ma\\\/fr\",\"description\":\"\",\"potentialAction\":[{\"@type\":\"SearchAction\",\"target\":{\"@type\":\"EntryPoint\",\"urlTemplate\":\"https:\\\/\\\/dpress.ma\\\/fr\\\/?s={search_term_string}\"},\"query-input\":{\"@type\":\"PropertyValueSpecification\",\"valueRequired\":true,\"valueName\":\"search_term_string\"}}],\"inLanguage\":\"fr-FR\"},{\"@type\":\"Person\",\"@id\":\"https:\\\/\\\/dpress.ma\\\/fr\\\/#\\\/schema\\\/person\\\/4898febf3ccd59e6578d838656a306a0\",\"name\":\"Dpress.ma\",\"image\":{\"@type\":\"ImageObject\",\"inLanguage\":\"fr-FR\",\"@id\":\"https:\\\/\\\/secure.gravatar.com\\\/avatar\\\/72ecc30e9db047a2e0e7176561eb9d564ed77c8108376495b19bd8336405198a?s=96&d=mm&r=g\",\"url\":\"https:\\\/\\\/secure.gravatar.com\\\/avatar\\\/72ecc30e9db047a2e0e7176561eb9d564ed77c8108376495b19bd8336405198a?s=96&d=mm&r=g\",\"contentUrl\":\"https:\\\/\\\/secure.gravatar.com\\\/avatar\\\/72ecc30e9db047a2e0e7176561eb9d564ed77c8108376495b19bd8336405198a?s=96&d=mm&r=g\",\"caption\":\"Dpress.ma\"},\"sameAs\":[\"https:\\\/\\\/www.dpress.ma\"],\"url\":\"https:\\\/\\\/dpress.ma\\\/fr\\\/author\\\/dpress-ma\\\/\"}]}<\/script>\n<!-- \/ Yoast SEO plugin. -->","yoast_head_json":{"title":"Le gouvernement prendra toutes les mesures pour assurer l\u2019approvisionnement normal en produits alimentaires - Dpress.ma\/fr","description":"Le gouvernement prendra toutes les mesures pour assurer l\u2019approvisionnement normal en produits alimentaires et proc\u00e8dera au contr\u00f4le de tous les points de vente, a affirm\u00e9, jeudi \u00e0 Rabat, le ministre d\u00e9l\u00e9gu\u00e9 charg\u00e9 des Relations avec le Parlement, porte-parole du gouvernement, Mustapha Ba\u00eftas.","robots":{"index":"index","follow":"follow","max-snippet":"max-snippet:-1","max-image-preview":"max-image-preview:large","max-video-preview":"max-video-preview:-1"},"canonical":"https:\/\/dpress.ma\/fr\/2023\/02\/10\/le-gouvernement-prendra-toutes-les-mesures-pour-assurer-lapprovisionnement-normal-en-produits-alimentaires\/","og_locale":"fr_FR","og_type":"article","og_title":"Le gouvernement prendra toutes les mesures pour assurer l\u2019approvisionnement normal en produits alimentaires - Dpress.ma\/fr","og_description":"Le gouvernement prendra toutes les mesures pour assurer l\u2019approvisionnement normal en produits alimentaires et proc\u00e8dera au contr\u00f4le de tous les points de vente, a affirm\u00e9, jeudi \u00e0 Rabat, le ministre d\u00e9l\u00e9gu\u00e9 charg\u00e9 des Relations avec le Parlement, porte-parole du gouvernement, Mustapha Ba\u00eftas.","og_url":"https:\/\/dpress.ma\/fr\/2023\/02\/10\/le-gouvernement-prendra-toutes-les-mesures-pour-assurer-lapprovisionnement-normal-en-produits-alimentaires\/","og_site_name":"Dpress.ma\/fr","article_published_time":"2023-02-10T11:28:20+00:00","article_modified_time":"2023-02-10T11:28:21+00:00","og_image":[{"width":2539,"height":1594,"url":"https:\/\/dpress.ma\/fr\/wp-content\/uploads\/sites\/2\/2022\/11\/dimensions2-56.jpg","type":"image\/jpeg"}],"author":"Dpress.ma","twitter_card":"summary_large_image","twitter_misc":{"\u00c9crit par":"Dpress.ma","Dur\u00e9e de lecture estim\u00e9e":"2 minutes"},"schema":{"@context":"https:\/\/schema.org","@graph":[{"@type":"Article","@id":"https:\/\/dpress.ma\/fr\/2023\/02\/10\/le-gouvernement-prendra-toutes-les-mesures-pour-assurer-lapprovisionnement-normal-en-produits-alimentaires\/#article","isPartOf":{"@id":"https:\/\/dpress.ma\/fr\/2023\/02\/10\/le-gouvernement-prendra-toutes-les-mesures-pour-assurer-lapprovisionnement-normal-en-produits-alimentaires\/"},"author":{"name":"Dpress.ma","@id":"https:\/\/dpress.ma\/fr\/#\/schema\/person\/4898febf3ccd59e6578d838656a306a0"},"headline":"Le gouvernement prendra toutes les mesures pour assurer l\u2019approvisionnement normal en produits alimentaires","datePublished":"2023-02-10T11:28:20+00:00","dateModified":"2023-02-10T11:28:21+00:00","mainEntityOfPage":{"@id":"https:\/\/dpress.ma\/fr\/2023\/02\/10\/le-gouvernement-prendra-toutes-les-mesures-pour-assurer-lapprovisionnement-normal-en-produits-alimentaires\/"},"wordCount":322,"commentCount":0,"image":{"@id":"https:\/\/dpress.ma\/fr\/2023\/02\/10\/le-gouvernement-prendra-toutes-les-mesures-pour-assurer-lapprovisionnement-normal-en-produits-alimentaires\/#primaryimage"},"thumbnailUrl":"https:\/\/dpress.ma\/fr\/wp-content\/uploads\/sites\/2\/2022\/11\/dimensions2-56.jpg","articleSection":["Politiques"],"inLanguage":"fr-FR","potentialAction":[{"@type":"CommentAction","name":"Comment","target":["https:\/\/dpress.ma\/fr\/2023\/02\/10\/le-gouvernement-prendra-toutes-les-mesures-pour-assurer-lapprovisionnement-normal-en-produits-alimentaires\/#respond"]}]},{"@type":"WebPage","@id":"https:\/\/dpress.ma\/fr\/2023\/02\/10\/le-gouvernement-prendra-toutes-les-mesures-pour-assurer-lapprovisionnement-normal-en-produits-alimentaires\/","url":"https:\/\/dpress.ma\/fr\/2023\/02\/10\/le-gouvernement-prendra-toutes-les-mesures-pour-assurer-lapprovisionnement-normal-en-produits-alimentaires\/","name":"Le gouvernement prendra toutes les mesures pour assurer l\u2019approvisionnement normal en produits alimentaires - Dpress.ma\/fr","isPartOf":{"@id":"https:\/\/dpress.ma\/fr\/#website"},"primaryImageOfPage":{"@id":"https:\/\/dpress.ma\/fr\/2023\/02\/10\/le-gouvernement-prendra-toutes-les-mesures-pour-assurer-lapprovisionnement-normal-en-produits-alimentaires\/#primaryimage"},"image":{"@id":"https:\/\/dpress.ma\/fr\/2023\/02\/10\/le-gouvernement-prendra-toutes-les-mesures-pour-assurer-lapprovisionnement-normal-en-produits-alimentaires\/#primaryimage"},"thumbnailUrl":"https:\/\/dpress.ma\/fr\/wp-content\/uploads\/sites\/2\/2022\/11\/dimensions2-56.jpg","datePublished":"2023-02-10T11:28:20+00:00","dateModified":"2023-02-10T11:28:21+00:00","author":{"@id":"https:\/\/dpress.ma\/fr\/#\/schema\/person\/4898febf3ccd59e6578d838656a306a0"},"description":"Le gouvernement prendra toutes les mesures pour assurer l\u2019approvisionnement normal en produits alimentaires et proc\u00e8dera au contr\u00f4le de tous les points de vente, a affirm\u00e9, jeudi \u00e0 Rabat, le ministre d\u00e9l\u00e9gu\u00e9 charg\u00e9 des Relations avec le Parlement, porte-parole du gouvernement, Mustapha Ba\u00eftas.","breadcrumb":{"@id":"https:\/\/dpress.ma\/fr\/2023\/02\/10\/le-gouvernement-prendra-toutes-les-mesures-pour-assurer-lapprovisionnement-normal-en-produits-alimentaires\/#breadcrumb"},"inLanguage":"fr-FR","potentialAction":[{"@type":"ReadAction","target":["https:\/\/dpress.ma\/fr\/2023\/02\/10\/le-gouvernement-prendra-toutes-les-mesures-pour-assurer-lapprovisionnement-normal-en-produits-alimentaires\/"]}]},{"@type":"ImageObject","inLanguage":"fr-FR","@id":"https:\/\/dpress.ma\/fr\/2023\/02\/10\/le-gouvernement-prendra-toutes-les-mesures-pour-assurer-lapprovisionnement-normal-en-produits-alimentaires\/#primaryimage","url":"https:\/\/dpress.ma\/fr\/wp-content\/uploads\/sites\/2\/2022\/11\/dimensions2-56.jpg","contentUrl":"https:\/\/dpress.ma\/fr\/wp-content\/uploads\/sites\/2\/2022\/11\/dimensions2-56.jpg","width":2539,"height":1594},{"@type":"BreadcrumbList","@id":"https:\/\/dpress.ma\/fr\/2023\/02\/10\/le-gouvernement-prendra-toutes-les-mesures-pour-assurer-lapprovisionnement-normal-en-produits-alimentaires\/#breadcrumb","itemListElement":[{"@type":"ListItem","position":1,"name":"Home","item":"https:\/\/dpress.ma\/fr\/"},{"@type":"ListItem","position":2,"name":"Le gouvernement prendra toutes les mesures pour assurer l\u2019approvisionnement normal en produits alimentaires"}]},{"@type":"WebSite","@id":"https:\/\/dpress.ma\/fr\/#website","url":"https:\/\/dpress.ma\/fr\/","name":"Dpress.ma\/fr","description":"","potentialAction":[{"@type":"SearchAction","target":{"@type":"EntryPoint","urlTemplate":"https:\/\/dpress.ma\/fr\/?s={search_term_string}"},"query-input":{"@type":"PropertyValueSpecification","valueRequired":true,"valueName":"search_term_string"}}],"inLanguage":"fr-FR"},{"@type":"Person","@id":"https:\/\/dpress.ma\/fr\/#\/schema\/person\/4898febf3ccd59e6578d838656a306a0","name":"Dpress.ma","image":{"@type":"ImageObject","inLanguage":"fr-FR","@id":"https:\/\/secure.gravatar.com\/avatar\/72ecc30e9db047a2e0e7176561eb9d564ed77c8108376495b19bd8336405198a?s=96&d=mm&r=g","url":"https:\/\/secure.gravatar.com\/avatar\/72ecc30e9db047a2e0e7176561eb9d564ed77c8108376495b19bd8336405198a?s=96&d=mm&r=g","contentUrl":"https:\/\/secure.gravatar.com\/avatar\/72ecc30e9db047a2e0e7176561eb9d564ed77c8108376495b19bd8336405198a?s=96&d=mm&r=g","caption":"Dpress.ma"},"sameAs":["https:\/\/www.dpress.ma"],"url":"https:\/\/dpress.ma\/fr\/author\/dpress-ma\/"}]}},"amp_enabled":true,"_links":{"self":[{"href":"https:\/\/dpress.ma\/fr\/wp-json\/wp\/v2\/posts\/3579","targetHints":{"allow":["GET"]}}],"collection":[{"href":"https:\/\/dpress.ma\/fr\/wp-json\/wp\/v2\/posts"}],"about":[{"href":"https:\/\/dpress.ma\/fr\/wp-json\/wp\/v2\/types\/post"}],"author":[{"embeddable":true,"href":"https:\/\/dpress.ma\/fr\/wp-json\/wp\/v2\/users\/2"}],"replies":[{"embeddable":true,"href":"https:\/\/dpress.ma\/fr\/wp-json\/wp\/v2\/comments?post=3579"}],"version-history":[{"count":1,"href":"https:\/\/dpress.ma\/fr\/wp-json\/wp\/v2\/posts\/3579\/revisions"}],"predecessor-version":[{"id":3580,"href":"https:\/\/dpress.ma\/fr\/wp-json\/wp\/v2\/posts\/3579\/revisions\/3580"}],"wp:featuredmedia":[{"embeddable":true,"href":"https:\/\/dpress.ma\/fr\/wp-json\/wp\/v2\/media\/2647"}],"wp:attachment":[{"href":"https:\/\/dpress.ma\/fr\/wp-json\/wp\/v2\/media?parent=3579"}],"wp:term":[{"taxonomy":"category","embeddable":true,"href":"https:\/\/dpress.ma\/fr\/wp-json\/wp\/v2\/categories?post=3579"},{"taxonomy":"post_tag","embeddable":true,"href":"https:\/\/dpress.ma\/fr\/wp-json\/wp\/v2\/tags?post=3579"}],"curies":[{"name":"wp","href":"https:\/\/api.w.org\/{rel}","templated":true}]}}