{"id":3575,"date":"2023-02-10T11:23:38","date_gmt":"2023-02-10T11:23:38","guid":{"rendered":"https:\/\/dpress.ma\/fr\/?p=3575"},"modified":"2023-02-10T11:23:40","modified_gmt":"2023-02-10T11:23:40","slug":"seisme-au-sud-de-la-turquie-quatre-ressortissants-marocains-parmi-les-morts-baitas","status":"publish","type":"post","link":"https:\/\/dpress.ma\/fr\/2023\/02\/10\/seisme-au-sud-de-la-turquie-quatre-ressortissants-marocains-parmi-les-morts-baitas\/","title":{"rendered":"S\u00e9isme au sud de la Turquie: quatre ressortissants marocains parmi les morts (Baitas)"},"content":{"rendered":"\n<p>Dpress<\/p>\n\n\n\n<p>&nbsp;Le nombre des ressortissants marocains qui ont trouv\u00e9 la mort dans le s\u00e9isme ayant frapp\u00e9 le sud de la Turquie s\u2019\u00e9l\u00e8ve \u00e0 quatre victimes, a affirm\u00e9, le ministre d\u00e9l\u00e9gu\u00e9 charg\u00e9 des Relations avec le parlement, porte-parole du gouvernement, Mustapha Baitas.<\/p>\n\n\n\n<p>En r\u00e9ponse \u00e0 des questions des journalistes lors d\u2019un point de presse \u00e0 l\u2019issue du Conseil de gouvernement, M. Baitas a, par ailleurs, fait savoir que la cellule de crise, mise en place par l\u2019ambassade du Royaume \u00e0 Ankara pour recevoir les appels t\u00e9l\u00e9phoniques des membres de la communaut\u00e9 marocaine en Turquie, a re\u00e7u 1743 appels.<\/p>\n\n\n\n<p>Les lignes t\u00e9l\u00e9phoniques dans les zones o\u00f9 s\u2019est produit le s\u00e9isme ont \u00e9t\u00e9 endommag\u00e9es, ce qui a cr\u00e9\u00e9 des difficult\u00e9s pour la cellule de crise pour entrer en contact avec les membres de la communaut\u00e9 marocaine en Turquie.<\/p>\n\n\n\n<p>L\u2019ambassade du Royaume \u00e0 Ankara avait mis \u00e0 la disposition des membres de la communaut\u00e9 marocaine en Turquie des num\u00e9ros de t\u00e9l\u00e9phone et des adresses mails, suite au violent s\u00e9isme qui s\u2019est produit lundi dans le sud de ce pays.<\/p>\n","protected":false},"excerpt":{"rendered":"<p>Dpress &nbsp;Le nombre des ressortissants marocains qui ont trouv\u00e9 la mort dans le s\u00e9isme ayant frapp\u00e9 le sud de la Turquie s\u2019\u00e9l\u00e8ve \u00e0 quatre victimes, a affirm\u00e9, le ministre d\u00e9l\u00e9gu\u00e9 charg\u00e9 des Relations avec le parlement, porte-parole du gouvernement, Mustapha Baitas. En r\u00e9ponse \u00e0 des questions des journalistes lors d\u2019un point de presse \u00e0 l\u2019issue &hellip;<\/p>\n","protected":false},"author":2,"featured_media":1423,"comment_status":"open","ping_status":"open","sticky":false,"template":"","format":"standard","meta":{"footnotes":""},"categories":[32,26],"tags":[],"class_list":["post-3575","post","type-post","status-publish","format-standard","has-post-thumbnail","hentry","category-espace-marocain-du-monde","category-politiques"],"yoast_head":"<!-- This site is optimized with the Yoast SEO plugin v27.5 - https:\/\/yoast.com\/product\/yoast-seo-wordpress\/ -->\n<title>S\u00e9isme au sud de la Turquie: quatre ressortissants marocains parmi les morts (Baitas) - Dpress.ma\/fr<\/title>\n<meta name=\"description\" content=\"Le nombre des ressortissants marocains qui ont trouv\u00e9 la mort dans le s\u00e9isme ayant frapp\u00e9 le sud de la Turquie s\u2019\u00e9l\u00e8ve \u00e0 quatre victimes, a affirm\u00e9, le ministre d\u00e9l\u00e9gu\u00e9 charg\u00e9 des Relations avec le parlement, porte-parole du gouvernement, Mustapha Baitas.\" \/>\n<meta name=\"robots\" content=\"index, follow, max-snippet:-1, max-image-preview:large, max-video-preview:-1\" \/>\n<link rel=\"canonical\" href=\"https:\/\/dpress.ma\/fr\/2023\/02\/10\/seisme-au-sud-de-la-turquie-quatre-ressortissants-marocains-parmi-les-morts-baitas\/\" \/>\n<meta property=\"og:locale\" content=\"fr_FR\" \/>\n<meta property=\"og:type\" content=\"article\" \/>\n<meta property=\"og:title\" content=\"S\u00e9isme au sud de la Turquie: quatre ressortissants marocains parmi les morts (Baitas) - Dpress.ma\/fr\" \/>\n<meta property=\"og:description\" content=\"Le nombre des ressortissants marocains qui ont trouv\u00e9 la mort dans le s\u00e9isme ayant frapp\u00e9 le sud de la Turquie s\u2019\u00e9l\u00e8ve \u00e0 quatre victimes, a affirm\u00e9, le ministre d\u00e9l\u00e9gu\u00e9 charg\u00e9 des Relations avec le parlement, porte-parole du gouvernement, Mustapha Baitas.\" \/>\n<meta property=\"og:url\" content=\"https:\/\/dpress.ma\/fr\/2023\/02\/10\/seisme-au-sud-de-la-turquie-quatre-ressortissants-marocains-parmi-les-morts-baitas\/\" \/>\n<meta property=\"og:site_name\" content=\"Dpress.ma\/fr\" \/>\n<meta property=\"article:published_time\" content=\"2023-02-10T11:23:38+00:00\" \/>\n<meta property=\"article:modified_time\" content=\"2023-02-10T11:23:40+00:00\" \/>\n<meta property=\"og:image\" content=\"https:\/\/dpress.ma\/fr\/wp-content\/uploads\/sites\/2\/2022\/04\/dimensions2-5.jpg\" \/>\n\t<meta property=\"og:image:width\" content=\"2539\" \/>\n\t<meta property=\"og:image:height\" content=\"1594\" \/>\n\t<meta property=\"og:image:type\" content=\"image\/jpeg\" \/>\n<meta name=\"author\" content=\"Dpress.ma\" \/>\n<meta name=\"twitter:card\" content=\"summary_large_image\" \/>\n<meta name=\"twitter:label1\" content=\"\u00c9crit par\" \/>\n\t<meta name=\"twitter:data1\" content=\"Dpress.ma\" \/>\n\t<meta name=\"twitter:label2\" content=\"Dur\u00e9e de lecture estim\u00e9e\" \/>\n\t<meta name=\"twitter:data2\" content=\"1 minute\" \/>\n<script type=\"application\/ld+json\" class=\"yoast-schema-graph\">{\"@context\":\"https:\\\/\\\/schema.org\",\"@graph\":[{\"@type\":\"Article\",\"@id\":\"https:\\\/\\\/dpress.ma\\\/fr\\\/2023\\\/02\\\/10\\\/seisme-au-sud-de-la-turquie-quatre-ressortissants-marocains-parmi-les-morts-baitas\\\/#article\",\"isPartOf\":{\"@id\":\"https:\\\/\\\/dpress.ma\\\/fr\\\/2023\\\/02\\\/10\\\/seisme-au-sud-de-la-turquie-quatre-ressortissants-marocains-parmi-les-morts-baitas\\\/\"},\"author\":{\"name\":\"Dpress.ma\",\"@id\":\"https:\\\/\\\/dpress.ma\\\/fr\\\/#\\\/schema\\\/person\\\/4898febf3ccd59e6578d838656a306a0\"},\"headline\":\"S\u00e9isme au sud de la Turquie: quatre ressortissants marocains parmi les morts (Baitas)\",\"datePublished\":\"2023-02-10T11:23:38+00:00\",\"dateModified\":\"2023-02-10T11:23:40+00:00\",\"mainEntityOfPage\":{\"@id\":\"https:\\\/\\\/dpress.ma\\\/fr\\\/2023\\\/02\\\/10\\\/seisme-au-sud-de-la-turquie-quatre-ressortissants-marocains-parmi-les-morts-baitas\\\/\"},\"wordCount\":207,\"commentCount\":0,\"image\":{\"@id\":\"https:\\\/\\\/dpress.ma\\\/fr\\\/2023\\\/02\\\/10\\\/seisme-au-sud-de-la-turquie-quatre-ressortissants-marocains-parmi-les-morts-baitas\\\/#primaryimage\"},\"thumbnailUrl\":\"https:\\\/\\\/dpress.ma\\\/fr\\\/wp-content\\\/uploads\\\/sites\\\/2\\\/2022\\\/04\\\/dimensions2-5.jpg\",\"articleSection\":[\"Espace Marocain du Monde\",\"Politiques\"],\"inLanguage\":\"fr-FR\",\"potentialAction\":[{\"@type\":\"CommentAction\",\"name\":\"Comment\",\"target\":[\"https:\\\/\\\/dpress.ma\\\/fr\\\/2023\\\/02\\\/10\\\/seisme-au-sud-de-la-turquie-quatre-ressortissants-marocains-parmi-les-morts-baitas\\\/#respond\"]}]},{\"@type\":\"WebPage\",\"@id\":\"https:\\\/\\\/dpress.ma\\\/fr\\\/2023\\\/02\\\/10\\\/seisme-au-sud-de-la-turquie-quatre-ressortissants-marocains-parmi-les-morts-baitas\\\/\",\"url\":\"https:\\\/\\\/dpress.ma\\\/fr\\\/2023\\\/02\\\/10\\\/seisme-au-sud-de-la-turquie-quatre-ressortissants-marocains-parmi-les-morts-baitas\\\/\",\"name\":\"S\u00e9isme au sud de la Turquie: quatre ressortissants marocains parmi les morts (Baitas) - Dpress.ma\\\/fr\",\"isPartOf\":{\"@id\":\"https:\\\/\\\/dpress.ma\\\/fr\\\/#website\"},\"primaryImageOfPage\":{\"@id\":\"https:\\\/\\\/dpress.ma\\\/fr\\\/2023\\\/02\\\/10\\\/seisme-au-sud-de-la-turquie-quatre-ressortissants-marocains-parmi-les-morts-baitas\\\/#primaryimage\"},\"image\":{\"@id\":\"https:\\\/\\\/dpress.ma\\\/fr\\\/2023\\\/02\\\/10\\\/seisme-au-sud-de-la-turquie-quatre-ressortissants-marocains-parmi-les-morts-baitas\\\/#primaryimage\"},\"thumbnailUrl\":\"https:\\\/\\\/dpress.ma\\\/fr\\\/wp-content\\\/uploads\\\/sites\\\/2\\\/2022\\\/04\\\/dimensions2-5.jpg\",\"datePublished\":\"2023-02-10T11:23:38+00:00\",\"dateModified\":\"2023-02-10T11:23:40+00:00\",\"author\":{\"@id\":\"https:\\\/\\\/dpress.ma\\\/fr\\\/#\\\/schema\\\/person\\\/4898febf3ccd59e6578d838656a306a0\"},\"description\":\"Le nombre des ressortissants marocains qui ont trouv\u00e9 la mort dans le s\u00e9isme ayant frapp\u00e9 le sud de la Turquie s\u2019\u00e9l\u00e8ve \u00e0 quatre victimes, a affirm\u00e9, le ministre d\u00e9l\u00e9gu\u00e9 charg\u00e9 des Relations avec le parlement, porte-parole du gouvernement, Mustapha Baitas.\",\"breadcrumb\":{\"@id\":\"https:\\\/\\\/dpress.ma\\\/fr\\\/2023\\\/02\\\/10\\\/seisme-au-sud-de-la-turquie-quatre-ressortissants-marocains-parmi-les-morts-baitas\\\/#breadcrumb\"},\"inLanguage\":\"fr-FR\",\"potentialAction\":[{\"@type\":\"ReadAction\",\"target\":[\"https:\\\/\\\/dpress.ma\\\/fr\\\/2023\\\/02\\\/10\\\/seisme-au-sud-de-la-turquie-quatre-ressortissants-marocains-parmi-les-morts-baitas\\\/\"]}]},{\"@type\":\"ImageObject\",\"inLanguage\":\"fr-FR\",\"@id\":\"https:\\\/\\\/dpress.ma\\\/fr\\\/2023\\\/02\\\/10\\\/seisme-au-sud-de-la-turquie-quatre-ressortissants-marocains-parmi-les-morts-baitas\\\/#primaryimage\",\"url\":\"https:\\\/\\\/dpress.ma\\\/fr\\\/wp-content\\\/uploads\\\/sites\\\/2\\\/2022\\\/04\\\/dimensions2-5.jpg\",\"contentUrl\":\"https:\\\/\\\/dpress.ma\\\/fr\\\/wp-content\\\/uploads\\\/sites\\\/2\\\/2022\\\/04\\\/dimensions2-5.jpg\",\"width\":2539,\"height\":1594},{\"@type\":\"BreadcrumbList\",\"@id\":\"https:\\\/\\\/dpress.ma\\\/fr\\\/2023\\\/02\\\/10\\\/seisme-au-sud-de-la-turquie-quatre-ressortissants-marocains-parmi-les-morts-baitas\\\/#breadcrumb\",\"itemListElement\":[{\"@type\":\"ListItem\",\"position\":1,\"name\":\"Home\",\"item\":\"https:\\\/\\\/dpress.ma\\\/fr\\\/\"},{\"@type\":\"ListItem\",\"position\":2,\"name\":\"S\u00e9isme au sud de la Turquie: quatre ressortissants marocains parmi les morts (Baitas)\"}]},{\"@type\":\"WebSite\",\"@id\":\"https:\\\/\\\/dpress.ma\\\/fr\\\/#website\",\"url\":\"https:\\\/\\\/dpress.ma\\\/fr\\\/\",\"name\":\"Dpress.ma\\\/fr\",\"description\":\"\",\"potentialAction\":[{\"@type\":\"SearchAction\",\"target\":{\"@type\":\"EntryPoint\",\"urlTemplate\":\"https:\\\/\\\/dpress.ma\\\/fr\\\/?s={search_term_string}\"},\"query-input\":{\"@type\":\"PropertyValueSpecification\",\"valueRequired\":true,\"valueName\":\"search_term_string\"}}],\"inLanguage\":\"fr-FR\"},{\"@type\":\"Person\",\"@id\":\"https:\\\/\\\/dpress.ma\\\/fr\\\/#\\\/schema\\\/person\\\/4898febf3ccd59e6578d838656a306a0\",\"name\":\"Dpress.ma\",\"image\":{\"@type\":\"ImageObject\",\"inLanguage\":\"fr-FR\",\"@id\":\"https:\\\/\\\/secure.gravatar.com\\\/avatar\\\/72ecc30e9db047a2e0e7176561eb9d564ed77c8108376495b19bd8336405198a?s=96&d=mm&r=g\",\"url\":\"https:\\\/\\\/secure.gravatar.com\\\/avatar\\\/72ecc30e9db047a2e0e7176561eb9d564ed77c8108376495b19bd8336405198a?s=96&d=mm&r=g\",\"contentUrl\":\"https:\\\/\\\/secure.gravatar.com\\\/avatar\\\/72ecc30e9db047a2e0e7176561eb9d564ed77c8108376495b19bd8336405198a?s=96&d=mm&r=g\",\"caption\":\"Dpress.ma\"},\"sameAs\":[\"https:\\\/\\\/www.dpress.ma\"],\"url\":\"https:\\\/\\\/dpress.ma\\\/fr\\\/author\\\/dpress-ma\\\/\"}]}<\/script>\n<!-- \/ Yoast SEO plugin. -->","yoast_head_json":{"title":"S\u00e9isme au sud de la Turquie: quatre ressortissants marocains parmi les morts (Baitas) - Dpress.ma\/fr","description":"Le nombre des ressortissants marocains qui ont trouv\u00e9 la mort dans le s\u00e9isme ayant frapp\u00e9 le sud de la Turquie s\u2019\u00e9l\u00e8ve \u00e0 quatre victimes, a affirm\u00e9, le ministre d\u00e9l\u00e9gu\u00e9 charg\u00e9 des Relations avec le parlement, porte-parole du gouvernement, Mustapha Baitas.","robots":{"index":"index","follow":"follow","max-snippet":"max-snippet:-1","max-image-preview":"max-image-preview:large","max-video-preview":"max-video-preview:-1"},"canonical":"https:\/\/dpress.ma\/fr\/2023\/02\/10\/seisme-au-sud-de-la-turquie-quatre-ressortissants-marocains-parmi-les-morts-baitas\/","og_locale":"fr_FR","og_type":"article","og_title":"S\u00e9isme au sud de la Turquie: quatre ressortissants marocains parmi les morts (Baitas) - Dpress.ma\/fr","og_description":"Le nombre des ressortissants marocains qui ont trouv\u00e9 la mort dans le s\u00e9isme ayant frapp\u00e9 le sud de la Turquie s\u2019\u00e9l\u00e8ve \u00e0 quatre victimes, a affirm\u00e9, le ministre d\u00e9l\u00e9gu\u00e9 charg\u00e9 des Relations avec le parlement, porte-parole du gouvernement, Mustapha Baitas.","og_url":"https:\/\/dpress.ma\/fr\/2023\/02\/10\/seisme-au-sud-de-la-turquie-quatre-ressortissants-marocains-parmi-les-morts-baitas\/","og_site_name":"Dpress.ma\/fr","article_published_time":"2023-02-10T11:23:38+00:00","article_modified_time":"2023-02-10T11:23:40+00:00","og_image":[{"width":2539,"height":1594,"url":"https:\/\/dpress.ma\/fr\/wp-content\/uploads\/sites\/2\/2022\/04\/dimensions2-5.jpg","type":"image\/jpeg"}],"author":"Dpress.ma","twitter_card":"summary_large_image","twitter_misc":{"\u00c9crit par":"Dpress.ma","Dur\u00e9e de lecture estim\u00e9e":"1 minute"},"schema":{"@context":"https:\/\/schema.org","@graph":[{"@type":"Article","@id":"https:\/\/dpress.ma\/fr\/2023\/02\/10\/seisme-au-sud-de-la-turquie-quatre-ressortissants-marocains-parmi-les-morts-baitas\/#article","isPartOf":{"@id":"https:\/\/dpress.ma\/fr\/2023\/02\/10\/seisme-au-sud-de-la-turquie-quatre-ressortissants-marocains-parmi-les-morts-baitas\/"},"author":{"name":"Dpress.ma","@id":"https:\/\/dpress.ma\/fr\/#\/schema\/person\/4898febf3ccd59e6578d838656a306a0"},"headline":"S\u00e9isme au sud de la Turquie: quatre ressortissants marocains parmi les morts (Baitas)","datePublished":"2023-02-10T11:23:38+00:00","dateModified":"2023-02-10T11:23:40+00:00","mainEntityOfPage":{"@id":"https:\/\/dpress.ma\/fr\/2023\/02\/10\/seisme-au-sud-de-la-turquie-quatre-ressortissants-marocains-parmi-les-morts-baitas\/"},"wordCount":207,"commentCount":0,"image":{"@id":"https:\/\/dpress.ma\/fr\/2023\/02\/10\/seisme-au-sud-de-la-turquie-quatre-ressortissants-marocains-parmi-les-morts-baitas\/#primaryimage"},"thumbnailUrl":"https:\/\/dpress.ma\/fr\/wp-content\/uploads\/sites\/2\/2022\/04\/dimensions2-5.jpg","articleSection":["Espace Marocain du Monde","Politiques"],"inLanguage":"fr-FR","potentialAction":[{"@type":"CommentAction","name":"Comment","target":["https:\/\/dpress.ma\/fr\/2023\/02\/10\/seisme-au-sud-de-la-turquie-quatre-ressortissants-marocains-parmi-les-morts-baitas\/#respond"]}]},{"@type":"WebPage","@id":"https:\/\/dpress.ma\/fr\/2023\/02\/10\/seisme-au-sud-de-la-turquie-quatre-ressortissants-marocains-parmi-les-morts-baitas\/","url":"https:\/\/dpress.ma\/fr\/2023\/02\/10\/seisme-au-sud-de-la-turquie-quatre-ressortissants-marocains-parmi-les-morts-baitas\/","name":"S\u00e9isme au sud de la Turquie: quatre ressortissants marocains parmi les morts (Baitas) - Dpress.ma\/fr","isPartOf":{"@id":"https:\/\/dpress.ma\/fr\/#website"},"primaryImageOfPage":{"@id":"https:\/\/dpress.ma\/fr\/2023\/02\/10\/seisme-au-sud-de-la-turquie-quatre-ressortissants-marocains-parmi-les-morts-baitas\/#primaryimage"},"image":{"@id":"https:\/\/dpress.ma\/fr\/2023\/02\/10\/seisme-au-sud-de-la-turquie-quatre-ressortissants-marocains-parmi-les-morts-baitas\/#primaryimage"},"thumbnailUrl":"https:\/\/dpress.ma\/fr\/wp-content\/uploads\/sites\/2\/2022\/04\/dimensions2-5.jpg","datePublished":"2023-02-10T11:23:38+00:00","dateModified":"2023-02-10T11:23:40+00:00","author":{"@id":"https:\/\/dpress.ma\/fr\/#\/schema\/person\/4898febf3ccd59e6578d838656a306a0"},"description":"Le nombre des ressortissants marocains qui ont trouv\u00e9 la mort dans le s\u00e9isme ayant frapp\u00e9 le sud de la Turquie s\u2019\u00e9l\u00e8ve \u00e0 quatre victimes, a affirm\u00e9, le ministre d\u00e9l\u00e9gu\u00e9 charg\u00e9 des Relations avec le parlement, porte-parole du gouvernement, Mustapha Baitas.","breadcrumb":{"@id":"https:\/\/dpress.ma\/fr\/2023\/02\/10\/seisme-au-sud-de-la-turquie-quatre-ressortissants-marocains-parmi-les-morts-baitas\/#breadcrumb"},"inLanguage":"fr-FR","potentialAction":[{"@type":"ReadAction","target":["https:\/\/dpress.ma\/fr\/2023\/02\/10\/seisme-au-sud-de-la-turquie-quatre-ressortissants-marocains-parmi-les-morts-baitas\/"]}]},{"@type":"ImageObject","inLanguage":"fr-FR","@id":"https:\/\/dpress.ma\/fr\/2023\/02\/10\/seisme-au-sud-de-la-turquie-quatre-ressortissants-marocains-parmi-les-morts-baitas\/#primaryimage","url":"https:\/\/dpress.ma\/fr\/wp-content\/uploads\/sites\/2\/2022\/04\/dimensions2-5.jpg","contentUrl":"https:\/\/dpress.ma\/fr\/wp-content\/uploads\/sites\/2\/2022\/04\/dimensions2-5.jpg","width":2539,"height":1594},{"@type":"BreadcrumbList","@id":"https:\/\/dpress.ma\/fr\/2023\/02\/10\/seisme-au-sud-de-la-turquie-quatre-ressortissants-marocains-parmi-les-morts-baitas\/#breadcrumb","itemListElement":[{"@type":"ListItem","position":1,"name":"Home","item":"https:\/\/dpress.ma\/fr\/"},{"@type":"ListItem","position":2,"name":"S\u00e9isme au sud de la Turquie: quatre ressortissants marocains parmi les morts (Baitas)"}]},{"@type":"WebSite","@id":"https:\/\/dpress.ma\/fr\/#website","url":"https:\/\/dpress.ma\/fr\/","name":"Dpress.ma\/fr","description":"","potentialAction":[{"@type":"SearchAction","target":{"@type":"EntryPoint","urlTemplate":"https:\/\/dpress.ma\/fr\/?s={search_term_string}"},"query-input":{"@type":"PropertyValueSpecification","valueRequired":true,"valueName":"search_term_string"}}],"inLanguage":"fr-FR"},{"@type":"Person","@id":"https:\/\/dpress.ma\/fr\/#\/schema\/person\/4898febf3ccd59e6578d838656a306a0","name":"Dpress.ma","image":{"@type":"ImageObject","inLanguage":"fr-FR","@id":"https:\/\/secure.gravatar.com\/avatar\/72ecc30e9db047a2e0e7176561eb9d564ed77c8108376495b19bd8336405198a?s=96&d=mm&r=g","url":"https:\/\/secure.gravatar.com\/avatar\/72ecc30e9db047a2e0e7176561eb9d564ed77c8108376495b19bd8336405198a?s=96&d=mm&r=g","contentUrl":"https:\/\/secure.gravatar.com\/avatar\/72ecc30e9db047a2e0e7176561eb9d564ed77c8108376495b19bd8336405198a?s=96&d=mm&r=g","caption":"Dpress.ma"},"sameAs":["https:\/\/www.dpress.ma"],"url":"https:\/\/dpress.ma\/fr\/author\/dpress-ma\/"}]}},"amp_enabled":true,"_links":{"self":[{"href":"https:\/\/dpress.ma\/fr\/wp-json\/wp\/v2\/posts\/3575","targetHints":{"allow":["GET"]}}],"collection":[{"href":"https:\/\/dpress.ma\/fr\/wp-json\/wp\/v2\/posts"}],"about":[{"href":"https:\/\/dpress.ma\/fr\/wp-json\/wp\/v2\/types\/post"}],"author":[{"embeddable":true,"href":"https:\/\/dpress.ma\/fr\/wp-json\/wp\/v2\/users\/2"}],"replies":[{"embeddable":true,"href":"https:\/\/dpress.ma\/fr\/wp-json\/wp\/v2\/comments?post=3575"}],"version-history":[{"count":1,"href":"https:\/\/dpress.ma\/fr\/wp-json\/wp\/v2\/posts\/3575\/revisions"}],"predecessor-version":[{"id":3576,"href":"https:\/\/dpress.ma\/fr\/wp-json\/wp\/v2\/posts\/3575\/revisions\/3576"}],"wp:featuredmedia":[{"embeddable":true,"href":"https:\/\/dpress.ma\/fr\/wp-json\/wp\/v2\/media\/1423"}],"wp:attachment":[{"href":"https:\/\/dpress.ma\/fr\/wp-json\/wp\/v2\/media?parent=3575"}],"wp:term":[{"taxonomy":"category","embeddable":true,"href":"https:\/\/dpress.ma\/fr\/wp-json\/wp\/v2\/categories?post=3575"},{"taxonomy":"post_tag","embeddable":true,"href":"https:\/\/dpress.ma\/fr\/wp-json\/wp\/v2\/tags?post=3575"}],"curies":[{"name":"wp","href":"https:\/\/api.w.org\/{rel}","templated":true}]}}