{"id":3543,"date":"2023-02-08T09:33:32","date_gmt":"2023-02-08T09:33:32","guid":{"rendered":"https:\/\/dpress.ma\/fr\/?p=3543"},"modified":"2023-02-08T09:33:35","modified_gmt":"2023-02-08T09:33:35","slug":"conference-debat-mercredi-au-parlement-sur-les-attaques-flagrantes-et-repetees-contre-le-maroc-au-pe","status":"publish","type":"post","link":"https:\/\/dpress.ma\/fr\/2023\/02\/08\/conference-debat-mercredi-au-parlement-sur-les-attaques-flagrantes-et-repetees-contre-le-maroc-au-pe\/","title":{"rendered":"Conf\u00e9rence-d\u00e9bat mercredi au Parlement sur les attaques flagrantes et r\u00e9p\u00e9t\u00e9es contre le Maroc au PE"},"content":{"rendered":"\n<p>Dpress<\/p>\n\n\n\n<p>&nbsp;Le Parlement organise mercredi une conf\u00e9rence d\u00e9bat et d\u2019information consacr\u00e9e aux attaques hostiles, flagrantes et r\u00e9p\u00e9t\u00e9es contre le Royaume qu\u2019abrite en ce moment le Parlement europ\u00e9en (PE).<\/p>\n\n\n\n<p>Cette rencontre, qui d\u00e9butera \u00e0 15h30, avec la participation de parlementaires, de repr\u00e9sentants de la soci\u00e9t\u00e9 civile, d\u2019experts et de juristes, examinera les soubassements de ces attaques syst\u00e9matiques et d\u00e9sormais assum\u00e9es par leurs instigateurs, indique un communiqu\u00e9 du Parlement.<\/p>\n\n\n\n<p>Cette conf\u00e9rence d\u00e9bat et d\u2019information abordera l\u2019instrumentalisation de la question des droits de l\u2019homme, les vis\u00e9es contre l\u2019int\u00e9grit\u00e9 territoriale du Royaume ou encore l\u2019exploitation sournoise de l\u2019affaire Pegasus tels qu\u2019a l\u2019agenda au PE, ajoute la m\u00eame source.<\/p>\n","protected":false},"excerpt":{"rendered":"<p>Dpress &nbsp;Le Parlement organise mercredi une conf\u00e9rence d\u00e9bat et d\u2019information consacr\u00e9e aux attaques hostiles, flagrantes et r\u00e9p\u00e9t\u00e9es contre le Royaume qu\u2019abrite en ce moment le Parlement europ\u00e9en (PE). Cette rencontre, qui d\u00e9butera \u00e0 15h30, avec la participation de parlementaires, de repr\u00e9sentants de la soci\u00e9t\u00e9 civile, d\u2019experts et de juristes, examinera les soubassements de ces attaques &hellip;<\/p>\n","protected":false},"author":2,"featured_media":2478,"comment_status":"open","ping_status":"open","sticky":false,"template":"","format":"standard","meta":{"footnotes":""},"categories":[26],"tags":[],"class_list":["post-3543","post","type-post","status-publish","format-standard","has-post-thumbnail","hentry","category-politiques"],"yoast_head":"<!-- This site is optimized with the Yoast SEO plugin v27.5 - https:\/\/yoast.com\/product\/yoast-seo-wordpress\/ -->\n<title>Conf\u00e9rence-d\u00e9bat mercredi au Parlement sur les attaques flagrantes et r\u00e9p\u00e9t\u00e9es contre le Maroc au PE - Dpress.ma\/fr<\/title>\n<meta name=\"description\" content=\"Le Parlement organise mercredi une conf\u00e9rence d\u00e9bat et d\u2019information consacr\u00e9e aux attaques hostiles, flagrantes et r\u00e9p\u00e9t\u00e9es contre le Royaume qu\u2019abrite en ce moment le Parlement europ\u00e9en (PE).\" \/>\n<meta name=\"robots\" content=\"index, follow, max-snippet:-1, max-image-preview:large, max-video-preview:-1\" \/>\n<link rel=\"canonical\" href=\"https:\/\/dpress.ma\/fr\/2023\/02\/08\/conference-debat-mercredi-au-parlement-sur-les-attaques-flagrantes-et-repetees-contre-le-maroc-au-pe\/\" \/>\n<meta property=\"og:locale\" content=\"fr_FR\" \/>\n<meta property=\"og:type\" content=\"article\" \/>\n<meta property=\"og:title\" content=\"Conf\u00e9rence-d\u00e9bat mercredi au Parlement sur les attaques flagrantes et r\u00e9p\u00e9t\u00e9es contre le Maroc au PE - Dpress.ma\/fr\" \/>\n<meta property=\"og:description\" content=\"Le Parlement organise mercredi une conf\u00e9rence d\u00e9bat et d\u2019information consacr\u00e9e aux attaques hostiles, flagrantes et r\u00e9p\u00e9t\u00e9es contre le Royaume qu\u2019abrite en ce moment le Parlement europ\u00e9en (PE).\" \/>\n<meta property=\"og:url\" content=\"https:\/\/dpress.ma\/fr\/2023\/02\/08\/conference-debat-mercredi-au-parlement-sur-les-attaques-flagrantes-et-repetees-contre-le-maroc-au-pe\/\" \/>\n<meta property=\"og:site_name\" content=\"Dpress.ma\/fr\" \/>\n<meta property=\"article:published_time\" content=\"2023-02-08T09:33:32+00:00\" \/>\n<meta property=\"article:modified_time\" content=\"2023-02-08T09:33:35+00:00\" \/>\n<meta property=\"og:image\" content=\"https:\/\/dpress.ma\/fr\/wp-content\/uploads\/sites\/2\/2022\/11\/dimensions2-19.jpg\" \/>\n\t<meta property=\"og:image:width\" content=\"2539\" \/>\n\t<meta property=\"og:image:height\" content=\"1594\" \/>\n\t<meta property=\"og:image:type\" content=\"image\/jpeg\" \/>\n<meta name=\"author\" content=\"Dpress.ma\" \/>\n<meta name=\"twitter:card\" content=\"summary_large_image\" \/>\n<meta name=\"twitter:label1\" content=\"\u00c9crit par\" \/>\n\t<meta name=\"twitter:data1\" content=\"Dpress.ma\" \/>\n\t<meta name=\"twitter:label2\" content=\"Dur\u00e9e de lecture estim\u00e9e\" \/>\n\t<meta name=\"twitter:data2\" content=\"1 minute\" \/>\n<script type=\"application\/ld+json\" class=\"yoast-schema-graph\">{\"@context\":\"https:\\\/\\\/schema.org\",\"@graph\":[{\"@type\":\"Article\",\"@id\":\"https:\\\/\\\/dpress.ma\\\/fr\\\/2023\\\/02\\\/08\\\/conference-debat-mercredi-au-parlement-sur-les-attaques-flagrantes-et-repetees-contre-le-maroc-au-pe\\\/#article\",\"isPartOf\":{\"@id\":\"https:\\\/\\\/dpress.ma\\\/fr\\\/2023\\\/02\\\/08\\\/conference-debat-mercredi-au-parlement-sur-les-attaques-flagrantes-et-repetees-contre-le-maroc-au-pe\\\/\"},\"author\":{\"name\":\"Dpress.ma\",\"@id\":\"https:\\\/\\\/dpress.ma\\\/fr\\\/#\\\/schema\\\/person\\\/4898febf3ccd59e6578d838656a306a0\"},\"headline\":\"Conf\u00e9rence-d\u00e9bat mercredi au Parlement sur les attaques flagrantes et r\u00e9p\u00e9t\u00e9es contre le Maroc au PE\",\"datePublished\":\"2023-02-08T09:33:32+00:00\",\"dateModified\":\"2023-02-08T09:33:35+00:00\",\"mainEntityOfPage\":{\"@id\":\"https:\\\/\\\/dpress.ma\\\/fr\\\/2023\\\/02\\\/08\\\/conference-debat-mercredi-au-parlement-sur-les-attaques-flagrantes-et-repetees-contre-le-maroc-au-pe\\\/\"},\"wordCount\":153,\"commentCount\":0,\"image\":{\"@id\":\"https:\\\/\\\/dpress.ma\\\/fr\\\/2023\\\/02\\\/08\\\/conference-debat-mercredi-au-parlement-sur-les-attaques-flagrantes-et-repetees-contre-le-maroc-au-pe\\\/#primaryimage\"},\"thumbnailUrl\":\"https:\\\/\\\/dpress.ma\\\/fr\\\/wp-content\\\/uploads\\\/sites\\\/2\\\/2022\\\/11\\\/dimensions2-19.jpg\",\"articleSection\":[\"Politiques\"],\"inLanguage\":\"fr-FR\",\"potentialAction\":[{\"@type\":\"CommentAction\",\"name\":\"Comment\",\"target\":[\"https:\\\/\\\/dpress.ma\\\/fr\\\/2023\\\/02\\\/08\\\/conference-debat-mercredi-au-parlement-sur-les-attaques-flagrantes-et-repetees-contre-le-maroc-au-pe\\\/#respond\"]}]},{\"@type\":\"WebPage\",\"@id\":\"https:\\\/\\\/dpress.ma\\\/fr\\\/2023\\\/02\\\/08\\\/conference-debat-mercredi-au-parlement-sur-les-attaques-flagrantes-et-repetees-contre-le-maroc-au-pe\\\/\",\"url\":\"https:\\\/\\\/dpress.ma\\\/fr\\\/2023\\\/02\\\/08\\\/conference-debat-mercredi-au-parlement-sur-les-attaques-flagrantes-et-repetees-contre-le-maroc-au-pe\\\/\",\"name\":\"Conf\u00e9rence-d\u00e9bat mercredi au Parlement sur les attaques flagrantes et r\u00e9p\u00e9t\u00e9es contre le Maroc au PE - Dpress.ma\\\/fr\",\"isPartOf\":{\"@id\":\"https:\\\/\\\/dpress.ma\\\/fr\\\/#website\"},\"primaryImageOfPage\":{\"@id\":\"https:\\\/\\\/dpress.ma\\\/fr\\\/2023\\\/02\\\/08\\\/conference-debat-mercredi-au-parlement-sur-les-attaques-flagrantes-et-repetees-contre-le-maroc-au-pe\\\/#primaryimage\"},\"image\":{\"@id\":\"https:\\\/\\\/dpress.ma\\\/fr\\\/2023\\\/02\\\/08\\\/conference-debat-mercredi-au-parlement-sur-les-attaques-flagrantes-et-repetees-contre-le-maroc-au-pe\\\/#primaryimage\"},\"thumbnailUrl\":\"https:\\\/\\\/dpress.ma\\\/fr\\\/wp-content\\\/uploads\\\/sites\\\/2\\\/2022\\\/11\\\/dimensions2-19.jpg\",\"datePublished\":\"2023-02-08T09:33:32+00:00\",\"dateModified\":\"2023-02-08T09:33:35+00:00\",\"author\":{\"@id\":\"https:\\\/\\\/dpress.ma\\\/fr\\\/#\\\/schema\\\/person\\\/4898febf3ccd59e6578d838656a306a0\"},\"description\":\"Le Parlement organise mercredi une conf\u00e9rence d\u00e9bat et d\u2019information consacr\u00e9e aux attaques hostiles, flagrantes et r\u00e9p\u00e9t\u00e9es contre le Royaume qu\u2019abrite en ce moment le Parlement europ\u00e9en (PE).\",\"breadcrumb\":{\"@id\":\"https:\\\/\\\/dpress.ma\\\/fr\\\/2023\\\/02\\\/08\\\/conference-debat-mercredi-au-parlement-sur-les-attaques-flagrantes-et-repetees-contre-le-maroc-au-pe\\\/#breadcrumb\"},\"inLanguage\":\"fr-FR\",\"potentialAction\":[{\"@type\":\"ReadAction\",\"target\":[\"https:\\\/\\\/dpress.ma\\\/fr\\\/2023\\\/02\\\/08\\\/conference-debat-mercredi-au-parlement-sur-les-attaques-flagrantes-et-repetees-contre-le-maroc-au-pe\\\/\"]}]},{\"@type\":\"ImageObject\",\"inLanguage\":\"fr-FR\",\"@id\":\"https:\\\/\\\/dpress.ma\\\/fr\\\/2023\\\/02\\\/08\\\/conference-debat-mercredi-au-parlement-sur-les-attaques-flagrantes-et-repetees-contre-le-maroc-au-pe\\\/#primaryimage\",\"url\":\"https:\\\/\\\/dpress.ma\\\/fr\\\/wp-content\\\/uploads\\\/sites\\\/2\\\/2022\\\/11\\\/dimensions2-19.jpg\",\"contentUrl\":\"https:\\\/\\\/dpress.ma\\\/fr\\\/wp-content\\\/uploads\\\/sites\\\/2\\\/2022\\\/11\\\/dimensions2-19.jpg\",\"width\":2539,\"height\":1594},{\"@type\":\"BreadcrumbList\",\"@id\":\"https:\\\/\\\/dpress.ma\\\/fr\\\/2023\\\/02\\\/08\\\/conference-debat-mercredi-au-parlement-sur-les-attaques-flagrantes-et-repetees-contre-le-maroc-au-pe\\\/#breadcrumb\",\"itemListElement\":[{\"@type\":\"ListItem\",\"position\":1,\"name\":\"Home\",\"item\":\"https:\\\/\\\/dpress.ma\\\/fr\\\/\"},{\"@type\":\"ListItem\",\"position\":2,\"name\":\"Conf\u00e9rence-d\u00e9bat mercredi au Parlement sur les attaques flagrantes et r\u00e9p\u00e9t\u00e9es contre le Maroc au PE\"}]},{\"@type\":\"WebSite\",\"@id\":\"https:\\\/\\\/dpress.ma\\\/fr\\\/#website\",\"url\":\"https:\\\/\\\/dpress.ma\\\/fr\\\/\",\"name\":\"Dpress.ma\\\/fr\",\"description\":\"\",\"potentialAction\":[{\"@type\":\"SearchAction\",\"target\":{\"@type\":\"EntryPoint\",\"urlTemplate\":\"https:\\\/\\\/dpress.ma\\\/fr\\\/?s={search_term_string}\"},\"query-input\":{\"@type\":\"PropertyValueSpecification\",\"valueRequired\":true,\"valueName\":\"search_term_string\"}}],\"inLanguage\":\"fr-FR\"},{\"@type\":\"Person\",\"@id\":\"https:\\\/\\\/dpress.ma\\\/fr\\\/#\\\/schema\\\/person\\\/4898febf3ccd59e6578d838656a306a0\",\"name\":\"Dpress.ma\",\"image\":{\"@type\":\"ImageObject\",\"inLanguage\":\"fr-FR\",\"@id\":\"https:\\\/\\\/secure.gravatar.com\\\/avatar\\\/72ecc30e9db047a2e0e7176561eb9d564ed77c8108376495b19bd8336405198a?s=96&d=mm&r=g\",\"url\":\"https:\\\/\\\/secure.gravatar.com\\\/avatar\\\/72ecc30e9db047a2e0e7176561eb9d564ed77c8108376495b19bd8336405198a?s=96&d=mm&r=g\",\"contentUrl\":\"https:\\\/\\\/secure.gravatar.com\\\/avatar\\\/72ecc30e9db047a2e0e7176561eb9d564ed77c8108376495b19bd8336405198a?s=96&d=mm&r=g\",\"caption\":\"Dpress.ma\"},\"sameAs\":[\"https:\\\/\\\/www.dpress.ma\"],\"url\":\"https:\\\/\\\/dpress.ma\\\/fr\\\/author\\\/dpress-ma\\\/\"}]}<\/script>\n<!-- \/ Yoast SEO plugin. -->","yoast_head_json":{"title":"Conf\u00e9rence-d\u00e9bat mercredi au Parlement sur les attaques flagrantes et r\u00e9p\u00e9t\u00e9es contre le Maroc au PE - Dpress.ma\/fr","description":"Le Parlement organise mercredi une conf\u00e9rence d\u00e9bat et d\u2019information consacr\u00e9e aux attaques hostiles, flagrantes et r\u00e9p\u00e9t\u00e9es contre le Royaume qu\u2019abrite en ce moment le Parlement europ\u00e9en (PE).","robots":{"index":"index","follow":"follow","max-snippet":"max-snippet:-1","max-image-preview":"max-image-preview:large","max-video-preview":"max-video-preview:-1"},"canonical":"https:\/\/dpress.ma\/fr\/2023\/02\/08\/conference-debat-mercredi-au-parlement-sur-les-attaques-flagrantes-et-repetees-contre-le-maroc-au-pe\/","og_locale":"fr_FR","og_type":"article","og_title":"Conf\u00e9rence-d\u00e9bat mercredi au Parlement sur les attaques flagrantes et r\u00e9p\u00e9t\u00e9es contre le Maroc au PE - Dpress.ma\/fr","og_description":"Le Parlement organise mercredi une conf\u00e9rence d\u00e9bat et d\u2019information consacr\u00e9e aux attaques hostiles, flagrantes et r\u00e9p\u00e9t\u00e9es contre le Royaume qu\u2019abrite en ce moment le Parlement europ\u00e9en (PE).","og_url":"https:\/\/dpress.ma\/fr\/2023\/02\/08\/conference-debat-mercredi-au-parlement-sur-les-attaques-flagrantes-et-repetees-contre-le-maroc-au-pe\/","og_site_name":"Dpress.ma\/fr","article_published_time":"2023-02-08T09:33:32+00:00","article_modified_time":"2023-02-08T09:33:35+00:00","og_image":[{"width":2539,"height":1594,"url":"https:\/\/dpress.ma\/fr\/wp-content\/uploads\/sites\/2\/2022\/11\/dimensions2-19.jpg","type":"image\/jpeg"}],"author":"Dpress.ma","twitter_card":"summary_large_image","twitter_misc":{"\u00c9crit par":"Dpress.ma","Dur\u00e9e de lecture estim\u00e9e":"1 minute"},"schema":{"@context":"https:\/\/schema.org","@graph":[{"@type":"Article","@id":"https:\/\/dpress.ma\/fr\/2023\/02\/08\/conference-debat-mercredi-au-parlement-sur-les-attaques-flagrantes-et-repetees-contre-le-maroc-au-pe\/#article","isPartOf":{"@id":"https:\/\/dpress.ma\/fr\/2023\/02\/08\/conference-debat-mercredi-au-parlement-sur-les-attaques-flagrantes-et-repetees-contre-le-maroc-au-pe\/"},"author":{"name":"Dpress.ma","@id":"https:\/\/dpress.ma\/fr\/#\/schema\/person\/4898febf3ccd59e6578d838656a306a0"},"headline":"Conf\u00e9rence-d\u00e9bat mercredi au Parlement sur les attaques flagrantes et r\u00e9p\u00e9t\u00e9es contre le Maroc au PE","datePublished":"2023-02-08T09:33:32+00:00","dateModified":"2023-02-08T09:33:35+00:00","mainEntityOfPage":{"@id":"https:\/\/dpress.ma\/fr\/2023\/02\/08\/conference-debat-mercredi-au-parlement-sur-les-attaques-flagrantes-et-repetees-contre-le-maroc-au-pe\/"},"wordCount":153,"commentCount":0,"image":{"@id":"https:\/\/dpress.ma\/fr\/2023\/02\/08\/conference-debat-mercredi-au-parlement-sur-les-attaques-flagrantes-et-repetees-contre-le-maroc-au-pe\/#primaryimage"},"thumbnailUrl":"https:\/\/dpress.ma\/fr\/wp-content\/uploads\/sites\/2\/2022\/11\/dimensions2-19.jpg","articleSection":["Politiques"],"inLanguage":"fr-FR","potentialAction":[{"@type":"CommentAction","name":"Comment","target":["https:\/\/dpress.ma\/fr\/2023\/02\/08\/conference-debat-mercredi-au-parlement-sur-les-attaques-flagrantes-et-repetees-contre-le-maroc-au-pe\/#respond"]}]},{"@type":"WebPage","@id":"https:\/\/dpress.ma\/fr\/2023\/02\/08\/conference-debat-mercredi-au-parlement-sur-les-attaques-flagrantes-et-repetees-contre-le-maroc-au-pe\/","url":"https:\/\/dpress.ma\/fr\/2023\/02\/08\/conference-debat-mercredi-au-parlement-sur-les-attaques-flagrantes-et-repetees-contre-le-maroc-au-pe\/","name":"Conf\u00e9rence-d\u00e9bat mercredi au Parlement sur les attaques flagrantes et r\u00e9p\u00e9t\u00e9es contre le Maroc au PE - Dpress.ma\/fr","isPartOf":{"@id":"https:\/\/dpress.ma\/fr\/#website"},"primaryImageOfPage":{"@id":"https:\/\/dpress.ma\/fr\/2023\/02\/08\/conference-debat-mercredi-au-parlement-sur-les-attaques-flagrantes-et-repetees-contre-le-maroc-au-pe\/#primaryimage"},"image":{"@id":"https:\/\/dpress.ma\/fr\/2023\/02\/08\/conference-debat-mercredi-au-parlement-sur-les-attaques-flagrantes-et-repetees-contre-le-maroc-au-pe\/#primaryimage"},"thumbnailUrl":"https:\/\/dpress.ma\/fr\/wp-content\/uploads\/sites\/2\/2022\/11\/dimensions2-19.jpg","datePublished":"2023-02-08T09:33:32+00:00","dateModified":"2023-02-08T09:33:35+00:00","author":{"@id":"https:\/\/dpress.ma\/fr\/#\/schema\/person\/4898febf3ccd59e6578d838656a306a0"},"description":"Le Parlement organise mercredi une conf\u00e9rence d\u00e9bat et d\u2019information consacr\u00e9e aux attaques hostiles, flagrantes et r\u00e9p\u00e9t\u00e9es contre le Royaume qu\u2019abrite en ce moment le Parlement europ\u00e9en (PE).","breadcrumb":{"@id":"https:\/\/dpress.ma\/fr\/2023\/02\/08\/conference-debat-mercredi-au-parlement-sur-les-attaques-flagrantes-et-repetees-contre-le-maroc-au-pe\/#breadcrumb"},"inLanguage":"fr-FR","potentialAction":[{"@type":"ReadAction","target":["https:\/\/dpress.ma\/fr\/2023\/02\/08\/conference-debat-mercredi-au-parlement-sur-les-attaques-flagrantes-et-repetees-contre-le-maroc-au-pe\/"]}]},{"@type":"ImageObject","inLanguage":"fr-FR","@id":"https:\/\/dpress.ma\/fr\/2023\/02\/08\/conference-debat-mercredi-au-parlement-sur-les-attaques-flagrantes-et-repetees-contre-le-maroc-au-pe\/#primaryimage","url":"https:\/\/dpress.ma\/fr\/wp-content\/uploads\/sites\/2\/2022\/11\/dimensions2-19.jpg","contentUrl":"https:\/\/dpress.ma\/fr\/wp-content\/uploads\/sites\/2\/2022\/11\/dimensions2-19.jpg","width":2539,"height":1594},{"@type":"BreadcrumbList","@id":"https:\/\/dpress.ma\/fr\/2023\/02\/08\/conference-debat-mercredi-au-parlement-sur-les-attaques-flagrantes-et-repetees-contre-le-maroc-au-pe\/#breadcrumb","itemListElement":[{"@type":"ListItem","position":1,"name":"Home","item":"https:\/\/dpress.ma\/fr\/"},{"@type":"ListItem","position":2,"name":"Conf\u00e9rence-d\u00e9bat mercredi au Parlement sur les attaques flagrantes et r\u00e9p\u00e9t\u00e9es contre le Maroc au PE"}]},{"@type":"WebSite","@id":"https:\/\/dpress.ma\/fr\/#website","url":"https:\/\/dpress.ma\/fr\/","name":"Dpress.ma\/fr","description":"","potentialAction":[{"@type":"SearchAction","target":{"@type":"EntryPoint","urlTemplate":"https:\/\/dpress.ma\/fr\/?s={search_term_string}"},"query-input":{"@type":"PropertyValueSpecification","valueRequired":true,"valueName":"search_term_string"}}],"inLanguage":"fr-FR"},{"@type":"Person","@id":"https:\/\/dpress.ma\/fr\/#\/schema\/person\/4898febf3ccd59e6578d838656a306a0","name":"Dpress.ma","image":{"@type":"ImageObject","inLanguage":"fr-FR","@id":"https:\/\/secure.gravatar.com\/avatar\/72ecc30e9db047a2e0e7176561eb9d564ed77c8108376495b19bd8336405198a?s=96&d=mm&r=g","url":"https:\/\/secure.gravatar.com\/avatar\/72ecc30e9db047a2e0e7176561eb9d564ed77c8108376495b19bd8336405198a?s=96&d=mm&r=g","contentUrl":"https:\/\/secure.gravatar.com\/avatar\/72ecc30e9db047a2e0e7176561eb9d564ed77c8108376495b19bd8336405198a?s=96&d=mm&r=g","caption":"Dpress.ma"},"sameAs":["https:\/\/www.dpress.ma"],"url":"https:\/\/dpress.ma\/fr\/author\/dpress-ma\/"}]}},"amp_enabled":true,"_links":{"self":[{"href":"https:\/\/dpress.ma\/fr\/wp-json\/wp\/v2\/posts\/3543","targetHints":{"allow":["GET"]}}],"collection":[{"href":"https:\/\/dpress.ma\/fr\/wp-json\/wp\/v2\/posts"}],"about":[{"href":"https:\/\/dpress.ma\/fr\/wp-json\/wp\/v2\/types\/post"}],"author":[{"embeddable":true,"href":"https:\/\/dpress.ma\/fr\/wp-json\/wp\/v2\/users\/2"}],"replies":[{"embeddable":true,"href":"https:\/\/dpress.ma\/fr\/wp-json\/wp\/v2\/comments?post=3543"}],"version-history":[{"count":1,"href":"https:\/\/dpress.ma\/fr\/wp-json\/wp\/v2\/posts\/3543\/revisions"}],"predecessor-version":[{"id":3544,"href":"https:\/\/dpress.ma\/fr\/wp-json\/wp\/v2\/posts\/3543\/revisions\/3544"}],"wp:featuredmedia":[{"embeddable":true,"href":"https:\/\/dpress.ma\/fr\/wp-json\/wp\/v2\/media\/2478"}],"wp:attachment":[{"href":"https:\/\/dpress.ma\/fr\/wp-json\/wp\/v2\/media?parent=3543"}],"wp:term":[{"taxonomy":"category","embeddable":true,"href":"https:\/\/dpress.ma\/fr\/wp-json\/wp\/v2\/categories?post=3543"},{"taxonomy":"post_tag","embeddable":true,"href":"https:\/\/dpress.ma\/fr\/wp-json\/wp\/v2\/tags?post=3543"}],"curies":[{"name":"wp","href":"https:\/\/api.w.org\/{rel}","templated":true}]}}