{"id":3541,"date":"2023-02-08T09:25:47","date_gmt":"2023-02-08T09:25:47","guid":{"rendered":"https:\/\/dpress.ma\/fr\/?p=3541"},"modified":"2023-02-08T09:25:49","modified_gmt":"2023-02-08T09:25:49","slug":"reevaluation-des-relations-avec-le-pe-creation-dune-commission-ad-hoc-composee-de-representants-des-deux-chambres-du-parlement","status":"publish","type":"post","link":"https:\/\/dpress.ma\/fr\/2023\/02\/08\/reevaluation-des-relations-avec-le-pe-creation-dune-commission-ad-hoc-composee-de-representants-des-deux-chambres-du-parlement\/","title":{"rendered":"R\u00e9\u00e9valuation des relations avec le PE : cr\u00e9ation d\u2019une commission ad-hoc compos\u00e9e de repr\u00e9sentants des deux Chambres du Parlement"},"content":{"rendered":"\n<p>Dpress<\/p>\n\n\n\n<p>&nbsp;Une commission th\u00e9matique ad-hoc consacr\u00e9e \u00e0 la r\u00e9\u00e9valuation des relations avec le Parlement europ\u00e9en (PE) et compos\u00e9e de repr\u00e9sentants des deux Chambres du Parlement a \u00e9t\u00e9 cr\u00e9\u00e9e mardi \u00e0 Rabat, indique un communiqu\u00e9 de la Chambre des repr\u00e9sentants.<\/p>\n\n\n\n<p>La cr\u00e9ation de cette commission a \u00e9t\u00e9 annonc\u00e9e \u00e0 l\u2019issue d\u2019une r\u00e9union du bureau de la Chambre des repr\u00e9sentants consacr\u00e9e \u00e0 la r\u00e9\u00e9valuation des relations avec le Parlement europ\u00e9en, pr\u00e9cise le communiqu\u00e9.<\/p>\n\n\n\n<p>\u201cApr\u00e8s un d\u00e9bat approfondi, il a \u00e9t\u00e9 d\u00e9cid\u00e9 la cr\u00e9ation d\u2019une commission th\u00e9matique ad-hoc consacr\u00e9e \u00e0 ladite r\u00e9\u00e9valuation, compos\u00e9e de repr\u00e9sentants des deux Chambres\u201d, fait savoir la m\u00eame source.<\/p>\n\n\n\n<p>Dans le m\u00eame contexte, il a \u00e9t\u00e9 \u00e9galement d\u00e9cid\u00e9 la tenue, ce mercredi, d\u2019une importante rencontre d\u2019\u00e9tude et d\u2019information sur les attaques et all\u00e9gations mensong\u00e8res formul\u00e9es par certaines parties au sein du PE \u00e0 l\u2019encontre du Royaume, ajoute-t-on.<\/p>\n\n\n\n<p>Cette r\u00e9union a connu la participation des pr\u00e9sidents des groupes et des membres de la commission parlementaire mixte.<\/p>\n","protected":false},"excerpt":{"rendered":"<p>Dpress &nbsp;Une commission th\u00e9matique ad-hoc consacr\u00e9e \u00e0 la r\u00e9\u00e9valuation des relations avec le Parlement europ\u00e9en (PE) et compos\u00e9e de repr\u00e9sentants des deux Chambres du Parlement a \u00e9t\u00e9 cr\u00e9\u00e9e mardi \u00e0 Rabat, indique un communiqu\u00e9 de la Chambre des repr\u00e9sentants. La cr\u00e9ation de cette commission a \u00e9t\u00e9 annonc\u00e9e \u00e0 l\u2019issue d\u2019une r\u00e9union du bureau de la &hellip;<\/p>\n","protected":false},"author":2,"featured_media":3528,"comment_status":"open","ping_status":"open","sticky":false,"template":"","format":"standard","meta":{"footnotes":""},"categories":[26],"tags":[],"class_list":["post-3541","post","type-post","status-publish","format-standard","has-post-thumbnail","hentry","category-politiques"],"yoast_head":"<!-- This site is optimized with the Yoast SEO plugin v27.5 - https:\/\/yoast.com\/product\/yoast-seo-wordpress\/ -->\n<title>R\u00e9\u00e9valuation des relations avec le PE : cr\u00e9ation d\u2019une commission ad-hoc compos\u00e9e de repr\u00e9sentants des deux Chambres du Parlement - Dpress.ma\/fr<\/title>\n<meta name=\"description\" content=\"Une commission th\u00e9matique ad-hoc consacr\u00e9e \u00e0 la r\u00e9\u00e9valuation des relations avec le Parlement europ\u00e9en (PE) et compos\u00e9e de repr\u00e9sentants des deux Chambres du Parlement a \u00e9t\u00e9 cr\u00e9\u00e9e mardi \u00e0 Rabat, indique un communiqu\u00e9 de la Chambre des repr\u00e9sentants.\" \/>\n<meta name=\"robots\" content=\"index, follow, max-snippet:-1, max-image-preview:large, max-video-preview:-1\" \/>\n<link rel=\"canonical\" href=\"https:\/\/dpress.ma\/fr\/2023\/02\/08\/reevaluation-des-relations-avec-le-pe-creation-dune-commission-ad-hoc-composee-de-representants-des-deux-chambres-du-parlement\/\" \/>\n<meta property=\"og:locale\" content=\"fr_FR\" \/>\n<meta property=\"og:type\" content=\"article\" \/>\n<meta property=\"og:title\" content=\"R\u00e9\u00e9valuation des relations avec le PE : cr\u00e9ation d\u2019une commission ad-hoc compos\u00e9e de repr\u00e9sentants des deux Chambres du Parlement - Dpress.ma\/fr\" \/>\n<meta property=\"og:description\" content=\"Une commission th\u00e9matique ad-hoc consacr\u00e9e \u00e0 la r\u00e9\u00e9valuation des relations avec le Parlement europ\u00e9en (PE) et compos\u00e9e de repr\u00e9sentants des deux Chambres du Parlement a \u00e9t\u00e9 cr\u00e9\u00e9e mardi \u00e0 Rabat, indique un communiqu\u00e9 de la Chambre des repr\u00e9sentants.\" \/>\n<meta property=\"og:url\" content=\"https:\/\/dpress.ma\/fr\/2023\/02\/08\/reevaluation-des-relations-avec-le-pe-creation-dune-commission-ad-hoc-composee-de-representants-des-deux-chambres-du-parlement\/\" \/>\n<meta property=\"og:site_name\" content=\"Dpress.ma\/fr\" \/>\n<meta property=\"article:published_time\" content=\"2023-02-08T09:25:47+00:00\" \/>\n<meta property=\"article:modified_time\" content=\"2023-02-08T09:25:49+00:00\" \/>\n<meta property=\"og:image\" content=\"https:\/\/dpress.ma\/fr\/wp-content\/uploads\/sites\/2\/2023\/02\/dimensions2-18.jpg\" \/>\n\t<meta property=\"og:image:width\" content=\"2539\" \/>\n\t<meta property=\"og:image:height\" content=\"1594\" \/>\n\t<meta property=\"og:image:type\" content=\"image\/jpeg\" \/>\n<meta name=\"author\" content=\"Dpress.ma\" \/>\n<meta name=\"twitter:card\" content=\"summary_large_image\" \/>\n<meta name=\"twitter:label1\" content=\"\u00c9crit par\" \/>\n\t<meta name=\"twitter:data1\" content=\"Dpress.ma\" \/>\n\t<meta name=\"twitter:label2\" content=\"Dur\u00e9e de lecture estim\u00e9e\" \/>\n\t<meta name=\"twitter:data2\" content=\"1 minute\" \/>\n<script type=\"application\/ld+json\" class=\"yoast-schema-graph\">{\"@context\":\"https:\\\/\\\/schema.org\",\"@graph\":[{\"@type\":\"Article\",\"@id\":\"https:\\\/\\\/dpress.ma\\\/fr\\\/2023\\\/02\\\/08\\\/reevaluation-des-relations-avec-le-pe-creation-dune-commission-ad-hoc-composee-de-representants-des-deux-chambres-du-parlement\\\/#article\",\"isPartOf\":{\"@id\":\"https:\\\/\\\/dpress.ma\\\/fr\\\/2023\\\/02\\\/08\\\/reevaluation-des-relations-avec-le-pe-creation-dune-commission-ad-hoc-composee-de-representants-des-deux-chambres-du-parlement\\\/\"},\"author\":{\"name\":\"Dpress.ma\",\"@id\":\"https:\\\/\\\/dpress.ma\\\/fr\\\/#\\\/schema\\\/person\\\/4898febf3ccd59e6578d838656a306a0\"},\"headline\":\"R\u00e9\u00e9valuation des relations avec le PE : cr\u00e9ation d\u2019une commission ad-hoc compos\u00e9e de repr\u00e9sentants des deux Chambres du Parlement\",\"datePublished\":\"2023-02-08T09:25:47+00:00\",\"dateModified\":\"2023-02-08T09:25:49+00:00\",\"mainEntityOfPage\":{\"@id\":\"https:\\\/\\\/dpress.ma\\\/fr\\\/2023\\\/02\\\/08\\\/reevaluation-des-relations-avec-le-pe-creation-dune-commission-ad-hoc-composee-de-representants-des-deux-chambres-du-parlement\\\/\"},\"wordCount\":214,\"commentCount\":0,\"image\":{\"@id\":\"https:\\\/\\\/dpress.ma\\\/fr\\\/2023\\\/02\\\/08\\\/reevaluation-des-relations-avec-le-pe-creation-dune-commission-ad-hoc-composee-de-representants-des-deux-chambres-du-parlement\\\/#primaryimage\"},\"thumbnailUrl\":\"https:\\\/\\\/dpress.ma\\\/fr\\\/wp-content\\\/uploads\\\/sites\\\/2\\\/2023\\\/02\\\/dimensions2-18.jpg\",\"articleSection\":[\"Politiques\"],\"inLanguage\":\"fr-FR\",\"potentialAction\":[{\"@type\":\"CommentAction\",\"name\":\"Comment\",\"target\":[\"https:\\\/\\\/dpress.ma\\\/fr\\\/2023\\\/02\\\/08\\\/reevaluation-des-relations-avec-le-pe-creation-dune-commission-ad-hoc-composee-de-representants-des-deux-chambres-du-parlement\\\/#respond\"]}]},{\"@type\":\"WebPage\",\"@id\":\"https:\\\/\\\/dpress.ma\\\/fr\\\/2023\\\/02\\\/08\\\/reevaluation-des-relations-avec-le-pe-creation-dune-commission-ad-hoc-composee-de-representants-des-deux-chambres-du-parlement\\\/\",\"url\":\"https:\\\/\\\/dpress.ma\\\/fr\\\/2023\\\/02\\\/08\\\/reevaluation-des-relations-avec-le-pe-creation-dune-commission-ad-hoc-composee-de-representants-des-deux-chambres-du-parlement\\\/\",\"name\":\"R\u00e9\u00e9valuation des relations avec le PE : cr\u00e9ation d\u2019une commission ad-hoc compos\u00e9e de repr\u00e9sentants des deux Chambres du Parlement - Dpress.ma\\\/fr\",\"isPartOf\":{\"@id\":\"https:\\\/\\\/dpress.ma\\\/fr\\\/#website\"},\"primaryImageOfPage\":{\"@id\":\"https:\\\/\\\/dpress.ma\\\/fr\\\/2023\\\/02\\\/08\\\/reevaluation-des-relations-avec-le-pe-creation-dune-commission-ad-hoc-composee-de-representants-des-deux-chambres-du-parlement\\\/#primaryimage\"},\"image\":{\"@id\":\"https:\\\/\\\/dpress.ma\\\/fr\\\/2023\\\/02\\\/08\\\/reevaluation-des-relations-avec-le-pe-creation-dune-commission-ad-hoc-composee-de-representants-des-deux-chambres-du-parlement\\\/#primaryimage\"},\"thumbnailUrl\":\"https:\\\/\\\/dpress.ma\\\/fr\\\/wp-content\\\/uploads\\\/sites\\\/2\\\/2023\\\/02\\\/dimensions2-18.jpg\",\"datePublished\":\"2023-02-08T09:25:47+00:00\",\"dateModified\":\"2023-02-08T09:25:49+00:00\",\"author\":{\"@id\":\"https:\\\/\\\/dpress.ma\\\/fr\\\/#\\\/schema\\\/person\\\/4898febf3ccd59e6578d838656a306a0\"},\"description\":\"Une commission th\u00e9matique ad-hoc consacr\u00e9e \u00e0 la r\u00e9\u00e9valuation des relations avec le Parlement europ\u00e9en (PE) et compos\u00e9e de repr\u00e9sentants des deux Chambres du Parlement a \u00e9t\u00e9 cr\u00e9\u00e9e mardi \u00e0 Rabat, indique un communiqu\u00e9 de la Chambre des repr\u00e9sentants.\",\"breadcrumb\":{\"@id\":\"https:\\\/\\\/dpress.ma\\\/fr\\\/2023\\\/02\\\/08\\\/reevaluation-des-relations-avec-le-pe-creation-dune-commission-ad-hoc-composee-de-representants-des-deux-chambres-du-parlement\\\/#breadcrumb\"},\"inLanguage\":\"fr-FR\",\"potentialAction\":[{\"@type\":\"ReadAction\",\"target\":[\"https:\\\/\\\/dpress.ma\\\/fr\\\/2023\\\/02\\\/08\\\/reevaluation-des-relations-avec-le-pe-creation-dune-commission-ad-hoc-composee-de-representants-des-deux-chambres-du-parlement\\\/\"]}]},{\"@type\":\"ImageObject\",\"inLanguage\":\"fr-FR\",\"@id\":\"https:\\\/\\\/dpress.ma\\\/fr\\\/2023\\\/02\\\/08\\\/reevaluation-des-relations-avec-le-pe-creation-dune-commission-ad-hoc-composee-de-representants-des-deux-chambres-du-parlement\\\/#primaryimage\",\"url\":\"https:\\\/\\\/dpress.ma\\\/fr\\\/wp-content\\\/uploads\\\/sites\\\/2\\\/2023\\\/02\\\/dimensions2-18.jpg\",\"contentUrl\":\"https:\\\/\\\/dpress.ma\\\/fr\\\/wp-content\\\/uploads\\\/sites\\\/2\\\/2023\\\/02\\\/dimensions2-18.jpg\",\"width\":2539,\"height\":1594},{\"@type\":\"BreadcrumbList\",\"@id\":\"https:\\\/\\\/dpress.ma\\\/fr\\\/2023\\\/02\\\/08\\\/reevaluation-des-relations-avec-le-pe-creation-dune-commission-ad-hoc-composee-de-representants-des-deux-chambres-du-parlement\\\/#breadcrumb\",\"itemListElement\":[{\"@type\":\"ListItem\",\"position\":1,\"name\":\"Home\",\"item\":\"https:\\\/\\\/dpress.ma\\\/fr\\\/\"},{\"@type\":\"ListItem\",\"position\":2,\"name\":\"R\u00e9\u00e9valuation des relations avec le PE : cr\u00e9ation d\u2019une commission ad-hoc compos\u00e9e de repr\u00e9sentants des deux Chambres du Parlement\"}]},{\"@type\":\"WebSite\",\"@id\":\"https:\\\/\\\/dpress.ma\\\/fr\\\/#website\",\"url\":\"https:\\\/\\\/dpress.ma\\\/fr\\\/\",\"name\":\"Dpress.ma\\\/fr\",\"description\":\"\",\"potentialAction\":[{\"@type\":\"SearchAction\",\"target\":{\"@type\":\"EntryPoint\",\"urlTemplate\":\"https:\\\/\\\/dpress.ma\\\/fr\\\/?s={search_term_string}\"},\"query-input\":{\"@type\":\"PropertyValueSpecification\",\"valueRequired\":true,\"valueName\":\"search_term_string\"}}],\"inLanguage\":\"fr-FR\"},{\"@type\":\"Person\",\"@id\":\"https:\\\/\\\/dpress.ma\\\/fr\\\/#\\\/schema\\\/person\\\/4898febf3ccd59e6578d838656a306a0\",\"name\":\"Dpress.ma\",\"image\":{\"@type\":\"ImageObject\",\"inLanguage\":\"fr-FR\",\"@id\":\"https:\\\/\\\/secure.gravatar.com\\\/avatar\\\/72ecc30e9db047a2e0e7176561eb9d564ed77c8108376495b19bd8336405198a?s=96&d=mm&r=g\",\"url\":\"https:\\\/\\\/secure.gravatar.com\\\/avatar\\\/72ecc30e9db047a2e0e7176561eb9d564ed77c8108376495b19bd8336405198a?s=96&d=mm&r=g\",\"contentUrl\":\"https:\\\/\\\/secure.gravatar.com\\\/avatar\\\/72ecc30e9db047a2e0e7176561eb9d564ed77c8108376495b19bd8336405198a?s=96&d=mm&r=g\",\"caption\":\"Dpress.ma\"},\"sameAs\":[\"https:\\\/\\\/www.dpress.ma\"],\"url\":\"https:\\\/\\\/dpress.ma\\\/fr\\\/author\\\/dpress-ma\\\/\"}]}<\/script>\n<!-- \/ Yoast SEO plugin. -->","yoast_head_json":{"title":"R\u00e9\u00e9valuation des relations avec le PE : cr\u00e9ation d\u2019une commission ad-hoc compos\u00e9e de repr\u00e9sentants des deux Chambres du Parlement - Dpress.ma\/fr","description":"Une commission th\u00e9matique ad-hoc consacr\u00e9e \u00e0 la r\u00e9\u00e9valuation des relations avec le Parlement europ\u00e9en (PE) et compos\u00e9e de repr\u00e9sentants des deux Chambres du Parlement a \u00e9t\u00e9 cr\u00e9\u00e9e mardi \u00e0 Rabat, indique un communiqu\u00e9 de la Chambre des repr\u00e9sentants.","robots":{"index":"index","follow":"follow","max-snippet":"max-snippet:-1","max-image-preview":"max-image-preview:large","max-video-preview":"max-video-preview:-1"},"canonical":"https:\/\/dpress.ma\/fr\/2023\/02\/08\/reevaluation-des-relations-avec-le-pe-creation-dune-commission-ad-hoc-composee-de-representants-des-deux-chambres-du-parlement\/","og_locale":"fr_FR","og_type":"article","og_title":"R\u00e9\u00e9valuation des relations avec le PE : cr\u00e9ation d\u2019une commission ad-hoc compos\u00e9e de repr\u00e9sentants des deux Chambres du Parlement - Dpress.ma\/fr","og_description":"Une commission th\u00e9matique ad-hoc consacr\u00e9e \u00e0 la r\u00e9\u00e9valuation des relations avec le Parlement europ\u00e9en (PE) et compos\u00e9e de repr\u00e9sentants des deux Chambres du Parlement a \u00e9t\u00e9 cr\u00e9\u00e9e mardi \u00e0 Rabat, indique un communiqu\u00e9 de la Chambre des repr\u00e9sentants.","og_url":"https:\/\/dpress.ma\/fr\/2023\/02\/08\/reevaluation-des-relations-avec-le-pe-creation-dune-commission-ad-hoc-composee-de-representants-des-deux-chambres-du-parlement\/","og_site_name":"Dpress.ma\/fr","article_published_time":"2023-02-08T09:25:47+00:00","article_modified_time":"2023-02-08T09:25:49+00:00","og_image":[{"width":2539,"height":1594,"url":"https:\/\/dpress.ma\/fr\/wp-content\/uploads\/sites\/2\/2023\/02\/dimensions2-18.jpg","type":"image\/jpeg"}],"author":"Dpress.ma","twitter_card":"summary_large_image","twitter_misc":{"\u00c9crit par":"Dpress.ma","Dur\u00e9e de lecture estim\u00e9e":"1 minute"},"schema":{"@context":"https:\/\/schema.org","@graph":[{"@type":"Article","@id":"https:\/\/dpress.ma\/fr\/2023\/02\/08\/reevaluation-des-relations-avec-le-pe-creation-dune-commission-ad-hoc-composee-de-representants-des-deux-chambres-du-parlement\/#article","isPartOf":{"@id":"https:\/\/dpress.ma\/fr\/2023\/02\/08\/reevaluation-des-relations-avec-le-pe-creation-dune-commission-ad-hoc-composee-de-representants-des-deux-chambres-du-parlement\/"},"author":{"name":"Dpress.ma","@id":"https:\/\/dpress.ma\/fr\/#\/schema\/person\/4898febf3ccd59e6578d838656a306a0"},"headline":"R\u00e9\u00e9valuation des relations avec le PE : cr\u00e9ation d\u2019une commission ad-hoc compos\u00e9e de repr\u00e9sentants des deux Chambres du Parlement","datePublished":"2023-02-08T09:25:47+00:00","dateModified":"2023-02-08T09:25:49+00:00","mainEntityOfPage":{"@id":"https:\/\/dpress.ma\/fr\/2023\/02\/08\/reevaluation-des-relations-avec-le-pe-creation-dune-commission-ad-hoc-composee-de-representants-des-deux-chambres-du-parlement\/"},"wordCount":214,"commentCount":0,"image":{"@id":"https:\/\/dpress.ma\/fr\/2023\/02\/08\/reevaluation-des-relations-avec-le-pe-creation-dune-commission-ad-hoc-composee-de-representants-des-deux-chambres-du-parlement\/#primaryimage"},"thumbnailUrl":"https:\/\/dpress.ma\/fr\/wp-content\/uploads\/sites\/2\/2023\/02\/dimensions2-18.jpg","articleSection":["Politiques"],"inLanguage":"fr-FR","potentialAction":[{"@type":"CommentAction","name":"Comment","target":["https:\/\/dpress.ma\/fr\/2023\/02\/08\/reevaluation-des-relations-avec-le-pe-creation-dune-commission-ad-hoc-composee-de-representants-des-deux-chambres-du-parlement\/#respond"]}]},{"@type":"WebPage","@id":"https:\/\/dpress.ma\/fr\/2023\/02\/08\/reevaluation-des-relations-avec-le-pe-creation-dune-commission-ad-hoc-composee-de-representants-des-deux-chambres-du-parlement\/","url":"https:\/\/dpress.ma\/fr\/2023\/02\/08\/reevaluation-des-relations-avec-le-pe-creation-dune-commission-ad-hoc-composee-de-representants-des-deux-chambres-du-parlement\/","name":"R\u00e9\u00e9valuation des relations avec le PE : cr\u00e9ation d\u2019une commission ad-hoc compos\u00e9e de repr\u00e9sentants des deux Chambres du Parlement - Dpress.ma\/fr","isPartOf":{"@id":"https:\/\/dpress.ma\/fr\/#website"},"primaryImageOfPage":{"@id":"https:\/\/dpress.ma\/fr\/2023\/02\/08\/reevaluation-des-relations-avec-le-pe-creation-dune-commission-ad-hoc-composee-de-representants-des-deux-chambres-du-parlement\/#primaryimage"},"image":{"@id":"https:\/\/dpress.ma\/fr\/2023\/02\/08\/reevaluation-des-relations-avec-le-pe-creation-dune-commission-ad-hoc-composee-de-representants-des-deux-chambres-du-parlement\/#primaryimage"},"thumbnailUrl":"https:\/\/dpress.ma\/fr\/wp-content\/uploads\/sites\/2\/2023\/02\/dimensions2-18.jpg","datePublished":"2023-02-08T09:25:47+00:00","dateModified":"2023-02-08T09:25:49+00:00","author":{"@id":"https:\/\/dpress.ma\/fr\/#\/schema\/person\/4898febf3ccd59e6578d838656a306a0"},"description":"Une commission th\u00e9matique ad-hoc consacr\u00e9e \u00e0 la r\u00e9\u00e9valuation des relations avec le Parlement europ\u00e9en (PE) et compos\u00e9e de repr\u00e9sentants des deux Chambres du Parlement a \u00e9t\u00e9 cr\u00e9\u00e9e mardi \u00e0 Rabat, indique un communiqu\u00e9 de la Chambre des repr\u00e9sentants.","breadcrumb":{"@id":"https:\/\/dpress.ma\/fr\/2023\/02\/08\/reevaluation-des-relations-avec-le-pe-creation-dune-commission-ad-hoc-composee-de-representants-des-deux-chambres-du-parlement\/#breadcrumb"},"inLanguage":"fr-FR","potentialAction":[{"@type":"ReadAction","target":["https:\/\/dpress.ma\/fr\/2023\/02\/08\/reevaluation-des-relations-avec-le-pe-creation-dune-commission-ad-hoc-composee-de-representants-des-deux-chambres-du-parlement\/"]}]},{"@type":"ImageObject","inLanguage":"fr-FR","@id":"https:\/\/dpress.ma\/fr\/2023\/02\/08\/reevaluation-des-relations-avec-le-pe-creation-dune-commission-ad-hoc-composee-de-representants-des-deux-chambres-du-parlement\/#primaryimage","url":"https:\/\/dpress.ma\/fr\/wp-content\/uploads\/sites\/2\/2023\/02\/dimensions2-18.jpg","contentUrl":"https:\/\/dpress.ma\/fr\/wp-content\/uploads\/sites\/2\/2023\/02\/dimensions2-18.jpg","width":2539,"height":1594},{"@type":"BreadcrumbList","@id":"https:\/\/dpress.ma\/fr\/2023\/02\/08\/reevaluation-des-relations-avec-le-pe-creation-dune-commission-ad-hoc-composee-de-representants-des-deux-chambres-du-parlement\/#breadcrumb","itemListElement":[{"@type":"ListItem","position":1,"name":"Home","item":"https:\/\/dpress.ma\/fr\/"},{"@type":"ListItem","position":2,"name":"R\u00e9\u00e9valuation des relations avec le PE : cr\u00e9ation d\u2019une commission ad-hoc compos\u00e9e de repr\u00e9sentants des deux Chambres du Parlement"}]},{"@type":"WebSite","@id":"https:\/\/dpress.ma\/fr\/#website","url":"https:\/\/dpress.ma\/fr\/","name":"Dpress.ma\/fr","description":"","potentialAction":[{"@type":"SearchAction","target":{"@type":"EntryPoint","urlTemplate":"https:\/\/dpress.ma\/fr\/?s={search_term_string}"},"query-input":{"@type":"PropertyValueSpecification","valueRequired":true,"valueName":"search_term_string"}}],"inLanguage":"fr-FR"},{"@type":"Person","@id":"https:\/\/dpress.ma\/fr\/#\/schema\/person\/4898febf3ccd59e6578d838656a306a0","name":"Dpress.ma","image":{"@type":"ImageObject","inLanguage":"fr-FR","@id":"https:\/\/secure.gravatar.com\/avatar\/72ecc30e9db047a2e0e7176561eb9d564ed77c8108376495b19bd8336405198a?s=96&d=mm&r=g","url":"https:\/\/secure.gravatar.com\/avatar\/72ecc30e9db047a2e0e7176561eb9d564ed77c8108376495b19bd8336405198a?s=96&d=mm&r=g","contentUrl":"https:\/\/secure.gravatar.com\/avatar\/72ecc30e9db047a2e0e7176561eb9d564ed77c8108376495b19bd8336405198a?s=96&d=mm&r=g","caption":"Dpress.ma"},"sameAs":["https:\/\/www.dpress.ma"],"url":"https:\/\/dpress.ma\/fr\/author\/dpress-ma\/"}]}},"amp_enabled":true,"_links":{"self":[{"href":"https:\/\/dpress.ma\/fr\/wp-json\/wp\/v2\/posts\/3541","targetHints":{"allow":["GET"]}}],"collection":[{"href":"https:\/\/dpress.ma\/fr\/wp-json\/wp\/v2\/posts"}],"about":[{"href":"https:\/\/dpress.ma\/fr\/wp-json\/wp\/v2\/types\/post"}],"author":[{"embeddable":true,"href":"https:\/\/dpress.ma\/fr\/wp-json\/wp\/v2\/users\/2"}],"replies":[{"embeddable":true,"href":"https:\/\/dpress.ma\/fr\/wp-json\/wp\/v2\/comments?post=3541"}],"version-history":[{"count":1,"href":"https:\/\/dpress.ma\/fr\/wp-json\/wp\/v2\/posts\/3541\/revisions"}],"predecessor-version":[{"id":3542,"href":"https:\/\/dpress.ma\/fr\/wp-json\/wp\/v2\/posts\/3541\/revisions\/3542"}],"wp:featuredmedia":[{"embeddable":true,"href":"https:\/\/dpress.ma\/fr\/wp-json\/wp\/v2\/media\/3528"}],"wp:attachment":[{"href":"https:\/\/dpress.ma\/fr\/wp-json\/wp\/v2\/media?parent=3541"}],"wp:term":[{"taxonomy":"category","embeddable":true,"href":"https:\/\/dpress.ma\/fr\/wp-json\/wp\/v2\/categories?post=3541"},{"taxonomy":"post_tag","embeddable":true,"href":"https:\/\/dpress.ma\/fr\/wp-json\/wp\/v2\/tags?post=3541"}],"curies":[{"name":"wp","href":"https:\/\/api.w.org\/{rel}","templated":true}]}}