{"id":35313,"date":"2026-07-03T09:45:01","date_gmt":"2026-07-03T09:45:01","guid":{"rendered":"https:\/\/dpress.ma\/fr\/?p=35313"},"modified":"2026-07-03T09:45:06","modified_gmt":"2026-07-03T09:45:06","slug":"rabat-vernissage-du-2e-salon-solidaire-des-artistes","status":"publish","type":"post","link":"https:\/\/dpress.ma\/fr\/2026\/07\/03\/rabat-vernissage-du-2e-salon-solidaire-des-artistes\/","title":{"rendered":"Rabat : Vernissage du 2e Salon solidaire des artistes"},"content":{"rendered":"\n<p class=\"wp-block-paragraph\">Dpress<\/p>\n\n\n\n<p class=\"wp-block-paragraph\">Le vernissage de la deuxi\u00e8me \u00e9dition du Salon solidaire des artistes a eu lieu, jeudi \u00e0 l\u2019Espace Expression \u2013 CDG Rabat, \u00e0 l&rsquo;initiative du Centre Mohammed VI de soutien \u00e0 la microfinance solidaire en partenariat avec la Fondation CDG, en pr\u00e9sence de partenaires institutionnels, d\u2019acteurs de l\u2019\u00e9cosyst\u00e8me de l\u2019\u00e9conomie sociale et solidaire, ainsi que des artistes exposants.<\/p>\n\n\n\n<p class=\"wp-block-paragraph\">Cet \u00e9v\u00e9nement, qui se poursuit jusqu&rsquo;au 15 juillet, r\u00e9unit 24 artistes aux univers vari\u00e9s, proposant un parcours artistique allant de la peinture \u00e0 la sculpture, en passant par l\u2019artisanat d\u2019art et des cr\u00e9ations inspir\u00e9es du patrimoine culturel marocain.<\/p>\n\n\n\n<p class=\"wp-block-paragraph\">Il met en lumi\u00e8re le r\u00f4le structurant de la microfinance dans le soutien aux microentrepreneurs, notamment les artistes et artisans, en facilitant l\u2019acc\u00e8s au financement, en renfor\u00e7ant les capacit\u00e9s entrepreneuriales et en accompagnant la p\u00e9rennisation de leurs activit\u00e9s g\u00e9n\u00e9ratrices de revenus.<\/p>\n\n\n\n<p class=\"wp-block-paragraph\">Le Salon offre au public une exp\u00e9rience immersive autour de la cr\u00e9ativit\u00e9 et du savoir-faire artistique, tout en constituant une v\u00e9ritable plateforme de visibilit\u00e9, d\u2019\u00e9change et de commercialisation, favorisant la rencontre entre artistes, institutions, professionnels et grand public.<\/p>\n\n\n\n<p class=\"wp-block-paragraph\">S&rsquo;exprimant \u00e0 cette occasion, la directrice g\u00e9n\u00e9rale du Centre Mohammed VI de soutien \u00e0 la microfinance solidaire, Amina Sakioudi, a affirm\u00e9 que ce salon d\u00e9passe le cadre d&rsquo;une simple exposition artistique pour constituer un v\u00e9ritable espace de valorisation de parcours humains inspirants, marqu\u00e9s par la pers\u00e9v\u00e9rance, la cr\u00e9ativit\u00e9 et le d\u00e9passement de soi.<\/p>\n\n\n\n<p class=\"wp-block-paragraph\">\u00c0 travers leurs \u0153uvres, les artistes participants font de l&rsquo;art un langage d&rsquo;expression et un vecteur de promotion des valeurs de dignit\u00e9, d&rsquo;espoir et d&rsquo;inclusion, a-t-elle soulign\u00e9.<\/p>\n\n\n\n<p class=\"wp-block-paragraph\">Cette initiative traduit \u00e9galement la conviction que l&rsquo;inclusion ne se limite pas \u00e0 l&rsquo;acc\u00e8s au financement ou aux opportunit\u00e9s \u00e9conomiques, mais passe aussi par la reconnaissance des talents, l&rsquo;encouragement de la cr\u00e9ativit\u00e9 et l&rsquo;ouverture d&rsquo;espaces permettant \u00e0 chacun d&rsquo;exprimer sa vision et son potentiel.<\/p>\n\n\n\n<p class=\"wp-block-paragraph\">\u00c0 travers cette initiative, le secteur de la microfinance r\u00e9affirme qu&rsquo;il ne constitue pas uniquement un outil d&rsquo;acc\u00e8s au financement, mais \u00e9galement un levier de d\u00e9veloppement humain et social et un catalyseur de talents, a-t-elle ajout\u00e9.<\/p>\n\n\n\n<p class=\"wp-block-paragraph\">Dans une d\u00e9claration \u00e0 la MAP, l&rsquo;artiste peintre en situation de handicap, Salwa Amlal, a lou\u00e9 cette initiative qui permet de donner la visibilit\u00e9 \u00e0 ces \u0153uvres mais aussi tirer profit de l&rsquo;exp\u00e9rience des artistes exposants.<\/p>\n\n\n\n<p class=\"wp-block-paragraph\">Pour cette artiste, le salon repr\u00e9sente une occasion pour r\u00e9affirmer que l&rsquo;art est un langage universel de l&rsquo;\u00e2me.<\/p>\n\n\n\n<p class=\"wp-block-paragraph\">De son c\u00f4t\u00e9, l&rsquo;artiste marocaine autodidacte, Sanae Najih, a not\u00e9 que cette exposition constitue une occasion de cr\u00e9er un lien artistique entre les cr\u00e9ateurs et le public, tout en favorisant les \u00e9changes entre les artistes et le partage de leurs exp\u00e9riences.<\/p>\n\n\n\n<p class=\"wp-block-paragraph\">\u00a0\u00bb Ce salon offre \u00e9galement l&rsquo;opportunit\u00e9 de valoriser nos \u0153uvres, de les faire revivre et de les pr\u00e9senter dans le cadre qui leur est naturellement destin\u00e9\u00a0\u00bb, a-t-elle ajout\u00e9.<\/p>\n\n\n\n<p class=\"wp-block-paragraph\">Au-del\u00e0 de sa dimension culturelle, le Salon Solidaire des Artistes constitue un dispositif structurant d\u2019accompagnement et de promotion de l\u2019entrepreneuriat culturel, contribuant au renforcement des capacit\u00e9s \u00e9conomiques des artistes et \u00e0 la p\u00e9rennisation de leurs activit\u00e9s.<\/p>\n\n\n\n<p class=\"wp-block-paragraph\">\u00c0 travers cette initiative, le Centre Mohammed VI de soutien \u00e0 la microfinance solidaire et la Fondation CDG r\u00e9affirment leur engagement en faveur de l\u2019autonomisation \u00e9conomique, de la cr\u00e9ativit\u00e9 et de la culture comme leviers de d\u00e9veloppement humain durable.<\/p>\n","protected":false},"excerpt":{"rendered":"<p>Dpress Le vernissage de la deuxi\u00e8me \u00e9dition du Salon solidaire des artistes a eu lieu, jeudi \u00e0 l\u2019Espace Expression \u2013 CDG Rabat, \u00e0 l&rsquo;initiative du Centre Mohammed VI de soutien \u00e0 la microfinance solidaire en partenariat avec la Fondation CDG, en pr\u00e9sence de partenaires institutionnels, d\u2019acteurs de l\u2019\u00e9cosyst\u00e8me de l\u2019\u00e9conomie sociale et solidaire, ainsi que &hellip;<\/p>\n","protected":false},"author":2,"featured_media":35314,"comment_status":"open","ping_status":"open","sticky":false,"template":"","format":"standard","meta":{"footnotes":""},"categories":[31],"tags":[],"class_list":["post-35313","post","type-post","status-publish","format-standard","has-post-thumbnail","hentry","category-art-et-culture"],"yoast_head":"<!-- This site is optimized with the Yoast SEO plugin v28.0 - https:\/\/yoast.com\/product\/yoast-seo-wordpress\/ -->\n<title>Rabat : Vernissage du 2e Salon solidaire des artistes - Dpress.ma\/fr<\/title>\n<meta name=\"robots\" content=\"index, follow, max-snippet:-1, max-image-preview:large, max-video-preview:-1\" \/>\n<link rel=\"canonical\" href=\"https:\/\/dpress.ma\/fr\/2026\/07\/03\/rabat-vernissage-du-2e-salon-solidaire-des-artistes\/\" \/>\n<meta property=\"og:locale\" content=\"fr_FR\" \/>\n<meta property=\"og:type\" content=\"article\" \/>\n<meta property=\"og:title\" content=\"Rabat : Vernissage du 2e Salon solidaire des artistes - Dpress.ma\/fr\" \/>\n<meta property=\"og:description\" content=\"Dpress Le vernissage de la deuxi\u00e8me \u00e9dition du Salon solidaire des artistes a eu lieu, jeudi \u00e0 l\u2019Espace Expression \u2013 CDG Rabat, \u00e0 l&rsquo;initiative du Centre Mohammed VI de soutien \u00e0 la microfinance solidaire en partenariat avec la Fondation CDG, en pr\u00e9sence de partenaires institutionnels, d\u2019acteurs de l\u2019\u00e9cosyst\u00e8me de l\u2019\u00e9conomie sociale et solidaire, ainsi que &hellip;\" \/>\n<meta property=\"og:url\" content=\"https:\/\/dpress.ma\/fr\/2026\/07\/03\/rabat-vernissage-du-2e-salon-solidaire-des-artistes\/\" \/>\n<meta property=\"og:site_name\" content=\"Dpress.ma\/fr\" \/>\n<meta property=\"article:published_time\" content=\"2026-07-03T09:45:01+00:00\" \/>\n<meta property=\"article:modified_time\" content=\"2026-07-03T09:45:06+00:00\" \/>\n<meta property=\"og:image\" content=\"https:\/\/dpress.ma\/fr\/wp-content\/uploads\/sites\/2\/2026\/07\/35.jpg\" \/>\n\t<meta property=\"og:image:width\" content=\"2539\" \/>\n\t<meta property=\"og:image:height\" content=\"1594\" \/>\n\t<meta property=\"og:image:type\" content=\"image\/jpeg\" \/>\n<meta name=\"author\" content=\"Dpress.ma\" \/>\n<meta name=\"twitter:card\" content=\"summary_large_image\" \/>\n<meta name=\"twitter:label1\" content=\"\u00c9crit par\" \/>\n\t<meta name=\"twitter:data1\" content=\"Dpress.ma\" \/>\n\t<meta name=\"twitter:label2\" content=\"Dur\u00e9e de lecture estim\u00e9e\" \/>\n\t<meta name=\"twitter:data2\" content=\"3 minutes\" \/>\n<script type=\"application\/ld+json\" class=\"yoast-schema-graph\">{\"@context\":\"https:\\\/\\\/schema.org\",\"@graph\":[{\"@type\":\"Article\",\"@id\":\"https:\\\/\\\/dpress.ma\\\/fr\\\/2026\\\/07\\\/03\\\/rabat-vernissage-du-2e-salon-solidaire-des-artistes\\\/#article\",\"isPartOf\":{\"@id\":\"https:\\\/\\\/dpress.ma\\\/fr\\\/2026\\\/07\\\/03\\\/rabat-vernissage-du-2e-salon-solidaire-des-artistes\\\/\"},\"author\":{\"name\":\"Dpress.ma\",\"@id\":\"https:\\\/\\\/dpress.ma\\\/fr\\\/#\\\/schema\\\/person\\\/4898febf3ccd59e6578d838656a306a0\"},\"headline\":\"Rabat : Vernissage du 2e Salon solidaire des artistes\",\"datePublished\":\"2026-07-03T09:45:01+00:00\",\"dateModified\":\"2026-07-03T09:45:06+00:00\",\"mainEntityOfPage\":{\"@id\":\"https:\\\/\\\/dpress.ma\\\/fr\\\/2026\\\/07\\\/03\\\/rabat-vernissage-du-2e-salon-solidaire-des-artistes\\\/\"},\"wordCount\":584,\"commentCount\":0,\"image\":{\"@id\":\"https:\\\/\\\/dpress.ma\\\/fr\\\/2026\\\/07\\\/03\\\/rabat-vernissage-du-2e-salon-solidaire-des-artistes\\\/#primaryimage\"},\"thumbnailUrl\":\"https:\\\/\\\/dpress.ma\\\/fr\\\/wp-content\\\/uploads\\\/sites\\\/2\\\/2026\\\/07\\\/35.jpg\",\"articleSection\":[\"Art et Culture\"],\"inLanguage\":\"fr-FR\",\"potentialAction\":[{\"@type\":\"CommentAction\",\"name\":\"Comment\",\"target\":[\"https:\\\/\\\/dpress.ma\\\/fr\\\/2026\\\/07\\\/03\\\/rabat-vernissage-du-2e-salon-solidaire-des-artistes\\\/#respond\"]}]},{\"@type\":\"WebPage\",\"@id\":\"https:\\\/\\\/dpress.ma\\\/fr\\\/2026\\\/07\\\/03\\\/rabat-vernissage-du-2e-salon-solidaire-des-artistes\\\/\",\"url\":\"https:\\\/\\\/dpress.ma\\\/fr\\\/2026\\\/07\\\/03\\\/rabat-vernissage-du-2e-salon-solidaire-des-artistes\\\/\",\"name\":\"Rabat : Vernissage du 2e Salon solidaire des artistes - Dpress.ma\\\/fr\",\"isPartOf\":{\"@id\":\"https:\\\/\\\/dpress.ma\\\/fr\\\/#website\"},\"primaryImageOfPage\":{\"@id\":\"https:\\\/\\\/dpress.ma\\\/fr\\\/2026\\\/07\\\/03\\\/rabat-vernissage-du-2e-salon-solidaire-des-artistes\\\/#primaryimage\"},\"image\":{\"@id\":\"https:\\\/\\\/dpress.ma\\\/fr\\\/2026\\\/07\\\/03\\\/rabat-vernissage-du-2e-salon-solidaire-des-artistes\\\/#primaryimage\"},\"thumbnailUrl\":\"https:\\\/\\\/dpress.ma\\\/fr\\\/wp-content\\\/uploads\\\/sites\\\/2\\\/2026\\\/07\\\/35.jpg\",\"datePublished\":\"2026-07-03T09:45:01+00:00\",\"dateModified\":\"2026-07-03T09:45:06+00:00\",\"author\":{\"@id\":\"https:\\\/\\\/dpress.ma\\\/fr\\\/#\\\/schema\\\/person\\\/4898febf3ccd59e6578d838656a306a0\"},\"breadcrumb\":{\"@id\":\"https:\\\/\\\/dpress.ma\\\/fr\\\/2026\\\/07\\\/03\\\/rabat-vernissage-du-2e-salon-solidaire-des-artistes\\\/#breadcrumb\"},\"inLanguage\":\"fr-FR\",\"potentialAction\":[{\"@type\":\"ReadAction\",\"target\":[\"https:\\\/\\\/dpress.ma\\\/fr\\\/2026\\\/07\\\/03\\\/rabat-vernissage-du-2e-salon-solidaire-des-artistes\\\/\"]}]},{\"@type\":\"ImageObject\",\"inLanguage\":\"fr-FR\",\"@id\":\"https:\\\/\\\/dpress.ma\\\/fr\\\/2026\\\/07\\\/03\\\/rabat-vernissage-du-2e-salon-solidaire-des-artistes\\\/#primaryimage\",\"url\":\"https:\\\/\\\/dpress.ma\\\/fr\\\/wp-content\\\/uploads\\\/sites\\\/2\\\/2026\\\/07\\\/35.jpg\",\"contentUrl\":\"https:\\\/\\\/dpress.ma\\\/fr\\\/wp-content\\\/uploads\\\/sites\\\/2\\\/2026\\\/07\\\/35.jpg\",\"width\":2539,\"height\":1594},{\"@type\":\"BreadcrumbList\",\"@id\":\"https:\\\/\\\/dpress.ma\\\/fr\\\/2026\\\/07\\\/03\\\/rabat-vernissage-du-2e-salon-solidaire-des-artistes\\\/#breadcrumb\",\"itemListElement\":[{\"@type\":\"ListItem\",\"position\":1,\"name\":\"Home\",\"item\":\"https:\\\/\\\/dpress.ma\\\/fr\\\/\"},{\"@type\":\"ListItem\",\"position\":2,\"name\":\"Rabat : Vernissage du 2e Salon solidaire des artistes\"}]},{\"@type\":\"WebSite\",\"@id\":\"https:\\\/\\\/dpress.ma\\\/fr\\\/#website\",\"url\":\"https:\\\/\\\/dpress.ma\\\/fr\\\/\",\"name\":\"Dpress.ma\\\/fr\",\"description\":\"\",\"potentialAction\":[{\"@type\":\"SearchAction\",\"target\":{\"@type\":\"EntryPoint\",\"urlTemplate\":\"https:\\\/\\\/dpress.ma\\\/fr\\\/?s={search_term_string}\"},\"query-input\":{\"@type\":\"PropertyValueSpecification\",\"valueRequired\":true,\"valueName\":\"search_term_string\"}}],\"inLanguage\":\"fr-FR\"},{\"@type\":\"Person\",\"@id\":\"https:\\\/\\\/dpress.ma\\\/fr\\\/#\\\/schema\\\/person\\\/4898febf3ccd59e6578d838656a306a0\",\"name\":\"Dpress.ma\",\"image\":{\"@type\":\"ImageObject\",\"inLanguage\":\"fr-FR\",\"@id\":\"https:\\\/\\\/secure.gravatar.com\\\/avatar\\\/72ecc30e9db047a2e0e7176561eb9d564ed77c8108376495b19bd8336405198a?s=96&d=mm&r=g\",\"url\":\"https:\\\/\\\/secure.gravatar.com\\\/avatar\\\/72ecc30e9db047a2e0e7176561eb9d564ed77c8108376495b19bd8336405198a?s=96&d=mm&r=g\",\"contentUrl\":\"https:\\\/\\\/secure.gravatar.com\\\/avatar\\\/72ecc30e9db047a2e0e7176561eb9d564ed77c8108376495b19bd8336405198a?s=96&d=mm&r=g\",\"caption\":\"Dpress.ma\"},\"sameAs\":[\"https:\\\/\\\/www.dpress.ma\"],\"url\":\"https:\\\/\\\/dpress.ma\\\/fr\\\/author\\\/dpress-ma\\\/\"}]}<\/script>\n<!-- \/ Yoast SEO plugin. -->","yoast_head_json":{"title":"Rabat : Vernissage du 2e Salon solidaire des artistes - Dpress.ma\/fr","robots":{"index":"index","follow":"follow","max-snippet":"max-snippet:-1","max-image-preview":"max-image-preview:large","max-video-preview":"max-video-preview:-1"},"canonical":"https:\/\/dpress.ma\/fr\/2026\/07\/03\/rabat-vernissage-du-2e-salon-solidaire-des-artistes\/","og_locale":"fr_FR","og_type":"article","og_title":"Rabat : Vernissage du 2e Salon solidaire des artistes - Dpress.ma\/fr","og_description":"Dpress Le vernissage de la deuxi\u00e8me \u00e9dition du Salon solidaire des artistes a eu lieu, jeudi \u00e0 l\u2019Espace Expression \u2013 CDG Rabat, \u00e0 l&rsquo;initiative du Centre Mohammed VI de soutien \u00e0 la microfinance solidaire en partenariat avec la Fondation CDG, en pr\u00e9sence de partenaires institutionnels, d\u2019acteurs de l\u2019\u00e9cosyst\u00e8me de l\u2019\u00e9conomie sociale et solidaire, ainsi que &hellip;","og_url":"https:\/\/dpress.ma\/fr\/2026\/07\/03\/rabat-vernissage-du-2e-salon-solidaire-des-artistes\/","og_site_name":"Dpress.ma\/fr","article_published_time":"2026-07-03T09:45:01+00:00","article_modified_time":"2026-07-03T09:45:06+00:00","og_image":[{"width":2539,"height":1594,"url":"https:\/\/dpress.ma\/fr\/wp-content\/uploads\/sites\/2\/2026\/07\/35.jpg","type":"image\/jpeg"}],"author":"Dpress.ma","twitter_card":"summary_large_image","twitter_misc":{"\u00c9crit par":"Dpress.ma","Dur\u00e9e de lecture estim\u00e9e":"3 minutes"},"schema":{"@context":"https:\/\/schema.org","@graph":[{"@type":"Article","@id":"https:\/\/dpress.ma\/fr\/2026\/07\/03\/rabat-vernissage-du-2e-salon-solidaire-des-artistes\/#article","isPartOf":{"@id":"https:\/\/dpress.ma\/fr\/2026\/07\/03\/rabat-vernissage-du-2e-salon-solidaire-des-artistes\/"},"author":{"name":"Dpress.ma","@id":"https:\/\/dpress.ma\/fr\/#\/schema\/person\/4898febf3ccd59e6578d838656a306a0"},"headline":"Rabat : Vernissage du 2e Salon solidaire des artistes","datePublished":"2026-07-03T09:45:01+00:00","dateModified":"2026-07-03T09:45:06+00:00","mainEntityOfPage":{"@id":"https:\/\/dpress.ma\/fr\/2026\/07\/03\/rabat-vernissage-du-2e-salon-solidaire-des-artistes\/"},"wordCount":584,"commentCount":0,"image":{"@id":"https:\/\/dpress.ma\/fr\/2026\/07\/03\/rabat-vernissage-du-2e-salon-solidaire-des-artistes\/#primaryimage"},"thumbnailUrl":"https:\/\/dpress.ma\/fr\/wp-content\/uploads\/sites\/2\/2026\/07\/35.jpg","articleSection":["Art et Culture"],"inLanguage":"fr-FR","potentialAction":[{"@type":"CommentAction","name":"Comment","target":["https:\/\/dpress.ma\/fr\/2026\/07\/03\/rabat-vernissage-du-2e-salon-solidaire-des-artistes\/#respond"]}]},{"@type":"WebPage","@id":"https:\/\/dpress.ma\/fr\/2026\/07\/03\/rabat-vernissage-du-2e-salon-solidaire-des-artistes\/","url":"https:\/\/dpress.ma\/fr\/2026\/07\/03\/rabat-vernissage-du-2e-salon-solidaire-des-artistes\/","name":"Rabat : Vernissage du 2e Salon solidaire des artistes - Dpress.ma\/fr","isPartOf":{"@id":"https:\/\/dpress.ma\/fr\/#website"},"primaryImageOfPage":{"@id":"https:\/\/dpress.ma\/fr\/2026\/07\/03\/rabat-vernissage-du-2e-salon-solidaire-des-artistes\/#primaryimage"},"image":{"@id":"https:\/\/dpress.ma\/fr\/2026\/07\/03\/rabat-vernissage-du-2e-salon-solidaire-des-artistes\/#primaryimage"},"thumbnailUrl":"https:\/\/dpress.ma\/fr\/wp-content\/uploads\/sites\/2\/2026\/07\/35.jpg","datePublished":"2026-07-03T09:45:01+00:00","dateModified":"2026-07-03T09:45:06+00:00","author":{"@id":"https:\/\/dpress.ma\/fr\/#\/schema\/person\/4898febf3ccd59e6578d838656a306a0"},"breadcrumb":{"@id":"https:\/\/dpress.ma\/fr\/2026\/07\/03\/rabat-vernissage-du-2e-salon-solidaire-des-artistes\/#breadcrumb"},"inLanguage":"fr-FR","potentialAction":[{"@type":"ReadAction","target":["https:\/\/dpress.ma\/fr\/2026\/07\/03\/rabat-vernissage-du-2e-salon-solidaire-des-artistes\/"]}]},{"@type":"ImageObject","inLanguage":"fr-FR","@id":"https:\/\/dpress.ma\/fr\/2026\/07\/03\/rabat-vernissage-du-2e-salon-solidaire-des-artistes\/#primaryimage","url":"https:\/\/dpress.ma\/fr\/wp-content\/uploads\/sites\/2\/2026\/07\/35.jpg","contentUrl":"https:\/\/dpress.ma\/fr\/wp-content\/uploads\/sites\/2\/2026\/07\/35.jpg","width":2539,"height":1594},{"@type":"BreadcrumbList","@id":"https:\/\/dpress.ma\/fr\/2026\/07\/03\/rabat-vernissage-du-2e-salon-solidaire-des-artistes\/#breadcrumb","itemListElement":[{"@type":"ListItem","position":1,"name":"Home","item":"https:\/\/dpress.ma\/fr\/"},{"@type":"ListItem","position":2,"name":"Rabat : Vernissage du 2e Salon solidaire des artistes"}]},{"@type":"WebSite","@id":"https:\/\/dpress.ma\/fr\/#website","url":"https:\/\/dpress.ma\/fr\/","name":"Dpress.ma\/fr","description":"","potentialAction":[{"@type":"SearchAction","target":{"@type":"EntryPoint","urlTemplate":"https:\/\/dpress.ma\/fr\/?s={search_term_string}"},"query-input":{"@type":"PropertyValueSpecification","valueRequired":true,"valueName":"search_term_string"}}],"inLanguage":"fr-FR"},{"@type":"Person","@id":"https:\/\/dpress.ma\/fr\/#\/schema\/person\/4898febf3ccd59e6578d838656a306a0","name":"Dpress.ma","image":{"@type":"ImageObject","inLanguage":"fr-FR","@id":"https:\/\/secure.gravatar.com\/avatar\/72ecc30e9db047a2e0e7176561eb9d564ed77c8108376495b19bd8336405198a?s=96&d=mm&r=g","url":"https:\/\/secure.gravatar.com\/avatar\/72ecc30e9db047a2e0e7176561eb9d564ed77c8108376495b19bd8336405198a?s=96&d=mm&r=g","contentUrl":"https:\/\/secure.gravatar.com\/avatar\/72ecc30e9db047a2e0e7176561eb9d564ed77c8108376495b19bd8336405198a?s=96&d=mm&r=g","caption":"Dpress.ma"},"sameAs":["https:\/\/www.dpress.ma"],"url":"https:\/\/dpress.ma\/fr\/author\/dpress-ma\/"}]}},"amp_enabled":true,"_links":{"self":[{"href":"https:\/\/dpress.ma\/fr\/wp-json\/wp\/v2\/posts\/35313","targetHints":{"allow":["GET"]}}],"collection":[{"href":"https:\/\/dpress.ma\/fr\/wp-json\/wp\/v2\/posts"}],"about":[{"href":"https:\/\/dpress.ma\/fr\/wp-json\/wp\/v2\/types\/post"}],"author":[{"embeddable":true,"href":"https:\/\/dpress.ma\/fr\/wp-json\/wp\/v2\/users\/2"}],"replies":[{"embeddable":true,"href":"https:\/\/dpress.ma\/fr\/wp-json\/wp\/v2\/comments?post=35313"}],"version-history":[{"count":1,"href":"https:\/\/dpress.ma\/fr\/wp-json\/wp\/v2\/posts\/35313\/revisions"}],"predecessor-version":[{"id":35315,"href":"https:\/\/dpress.ma\/fr\/wp-json\/wp\/v2\/posts\/35313\/revisions\/35315"}],"wp:featuredmedia":[{"embeddable":true,"href":"https:\/\/dpress.ma\/fr\/wp-json\/wp\/v2\/media\/35314"}],"wp:attachment":[{"href":"https:\/\/dpress.ma\/fr\/wp-json\/wp\/v2\/media?parent=35313"}],"wp:term":[{"taxonomy":"category","embeddable":true,"href":"https:\/\/dpress.ma\/fr\/wp-json\/wp\/v2\/categories?post=35313"},{"taxonomy":"post_tag","embeddable":true,"href":"https:\/\/dpress.ma\/fr\/wp-json\/wp\/v2\/tags?post=35313"}],"curies":[{"name":"wp","href":"https:\/\/api.w.org\/{rel}","templated":true}]}}