{"id":35310,"date":"2026-07-03T09:43:37","date_gmt":"2026-07-03T09:43:37","guid":{"rendered":"https:\/\/dpress.ma\/fr\/?p=35310"},"modified":"2026-07-03T09:44:17","modified_gmt":"2026-07-03T09:44:17","slug":"mawazine-2026-pres-de-36-millions-de-festivaliers-une-affluence-exceptionnelle","status":"publish","type":"post","link":"https:\/\/dpress.ma\/fr\/2026\/07\/03\/mawazine-2026-pres-de-36-millions-de-festivaliers-une-affluence-exceptionnelle\/","title":{"rendered":"Mawazine 2026 : pr\u00e8s de 3,6 millions de festivaliers, une affluence exceptionnelle"},"content":{"rendered":"\n<p class=\"wp-block-paragraph\">Dpress<\/p>\n\n\n\n<p class=\"wp-block-paragraph\">La 21e \u00e9dition du Festival Mawazine \u2013 Rythmes du Monde, tenue sous le Haut Patronage de Sa Majest\u00e9 le Roi Mohammed VI du 19 au 27 juin, a \u00e9t\u00e9 marqu\u00e9e par une affluence exceptionnelle de pr\u00e8s de 3,6 millions de festivaliers \u00e0 Rabat et Sal\u00e9.<\/p>\n\n\n\n<p class=\"wp-block-paragraph\">\u00ab\u00a0Mawazine 2026 restera dans les m\u00e9moires comme une \u00e9dition de tous les records, marqu\u00e9e par l&rsquo;ouverture de nouveaux espaces embl\u00e9matiques, une programmation d&rsquo;exception et une ferveur populaire qui confirme, une nouvelle fois, que Rabat et Sal\u00e9 sont, le temps du festival, l&rsquo;une des grandes capitales mondiales de la musique\u00a0\u00bb, indiquent les organisateurs dans un communiqu\u00e9.<\/p>\n\n\n\n<p class=\"wp-block-paragraph\">Port\u00e9e par des sc\u00e8nes combles et une mobilisation remarquable du public tout au long du festival, cette affluence exceptionnelle confirme, une nouvelle fois, la place singuli\u00e8re de Mawazine parmi les plus grands festivals musicaux au monde, selon la m\u00eame source.<\/p>\n\n\n\n<p class=\"wp-block-paragraph\">Fid\u00e8le \u00e0 sa vocation de festival populaire, accessible au plus grand nombre gr\u00e2ce \u00e0 la gratuit\u00e9 de la majorit\u00e9 de ses concerts, Mawazine poursuit sa mission de promouvoir la diversit\u00e9 culturelle, de favoriser le dialogue entre les peuples et de contribuer au rayonnement artistique et culturel du Royaume.<\/p>\n\n\n\n<p class=\"wp-block-paragraph\">\u00c0 travers une programmation d&rsquo;envergure internationale r\u00e9unissant les plus grandes figures des sc\u00e8nes marocaine, arabe, africaine et internationale, le festival r\u00e9affirme son ambition de faire de Rabat et Sal\u00e9 un carrefour incontournable des cultures du monde.<\/p>\n\n\n\n<p class=\"wp-block-paragraph\">Cit\u00e9 dans le communiqu\u00e9, cette 21e \u00e9dition marque \u00e9galement une nouvelle \u00e9tape dans l&rsquo;histoire du festival avec l&rsquo;int\u00e9gration du Grand Th\u00e9\u00e2tre Royal de Rabat et, surtout, l&rsquo;entr\u00e9e du Stade Prince Moulay Abdellah parmi ses grandes sc\u00e8nes \u2013 un v\u00e9ritable tournant qui ouvre un nouveau chapitre et une nouvelle dimension pour les \u00e9v\u00e9nements culturels au Maroc.<\/p>\n\n\n\n<p class=\"wp-block-paragraph\">Il s&rsquo;agit de deux lieux embl\u00e9matiques qui traduisent la volont\u00e9 de l&rsquo;Association Maroc Cultures d&rsquo;accompagner le d\u00e9veloppement des infrastructures nationales, tout en posant les bases d&rsquo;un mod\u00e8le \u00e9conomique in\u00e9dit et de perspectives de d\u00e9veloppement majeures pour le festival, note le communiqu\u00e9.<\/p>\n\n\n\n<p class=\"wp-block-paragraph\">Le Grand Th\u00e9\u00e2tre Royal de Rabat, int\u00e9gr\u00e9 pour la premi\u00e8re fois \u00e0 la programmation de Mawazine, a constitu\u00e9 l&rsquo;une des grandes nouveaut\u00e9s de cette \u00e9dition. Ce nouvel \u00e9crin architectural a accueilli Dee Dee Bridgewater, l\u00e9gende du jazz am\u00e9ricain, offrant au public une exp\u00e9rience musicale d&rsquo;exception et confirmant la capacit\u00e9 du festival \u00e0 investir les plus prestigieuses infrastructures culturelles du Royaume.<\/p>\n\n\n\n<p class=\"wp-block-paragraph\">Le Stade Prince Moulay Abdellah restera, sans conteste, comme l&rsquo;un des grands moments de cette \u00e9dition. Pour la premi\u00e8re fois, cette enceinte mythique a accueilli deux soir\u00e9es spectaculaires r\u00e9unissant Douzi, Cheb Khaled, Morad et ElGrandeToto, devant un public conquis et \u00e9lectris\u00e9 du premier au dernier accord.<\/p>\n\n\n\n<p class=\"wp-block-paragraph\">Par leur ampleur, leur intensit\u00e9 et la ferveur qu&rsquo;ils ont suscit\u00e9e, ces deux soir\u00e9es ont offert \u00e0 Mawazine une toute nouvelle dimension, celle des grands rendez-vous live internationaux, et r\u00e9v\u00e9l\u00e9 un format in\u00e9dit reposant sur un mod\u00e8le \u00e9conomique enti\u00e8rement nouveau.<\/p>\n\n\n\n<p class=\"wp-block-paragraph\">En investissant pour la premi\u00e8re fois une enceinte de cette envergure, le festival d\u00e9montre sa capacit\u00e9 \u00e0 accueillir des productions musicales d&rsquo;envergure internationale au plus haut niveau d&rsquo;exigence, et ouvre des perspectives de d\u00e9veloppement consid\u00e9rables pour les \u00e9ditions \u00e0 venir, poursuit le communiqu\u00e9.<\/p>\n\n\n\n<p class=\"wp-block-paragraph\">Par ailleurs, cette \u00e9dition 2026 s&rsquo;est d\u00e9roul\u00e9e en concomitance avec la Coupe du Monde FIFA, dont deux matchs de l&rsquo;\u00c9quipe Nationale ont co\u00efncid\u00e9 avec des soirs de concerts. Loin de subir cette contrainte, l&rsquo;Association Maroc Cultures a su la transformer en opportunit\u00e9, en offrant au public une exp\u00e9rience in\u00e9dite m\u00ealant passion du football et amour de la musique.<\/p>\n\n\n\n<p class=\"wp-block-paragraph\">Gr\u00e2ce \u00e0 un partenariat nou\u00e9 avec Bein Sports, des espaces fan zone ont \u00e9t\u00e9 am\u00e9nag\u00e9s sur les sites du festival, permettant aux festivaliers de suivre en direct les matchs des Lions de l&rsquo;Atlas et des autres nations tout en profitant de la programmation musicale, gr\u00e2ce \u00e0 un am\u00e9nagement intelligent des horaires de concerts, une synergie in\u00e9dite, \u00e0 l&rsquo;image d&rsquo;un festival capable de se r\u00e9inventer en phase avec les grands moments qui font vibrer le pays.<\/p>\n\n\n\n<p class=\"wp-block-paragraph\">\u00c0 l&rsquo;OLM Souissi, les grandes productions internationales ont une nouvelle fois confirm\u00e9 le statut de cette sc\u00e8ne comme l&rsquo;un des rendez-vous majeurs des musiques actuelles. Ninho, Major Lazer, Tyla, ITZY, Rema, Ti\u00ebsto, Ty Dolla $ign et Bebe Rexha ont offert des concerts spectaculaires qui ont rassembl\u00e9, chaque soir, des dizaines de milliers de festivaliers dans une atmosph\u00e8re festive et immersive.<\/p>\n\n\n\n<p class=\"wp-block-paragraph\">Sur la sc\u00e8ne Nahda, les grandes voix du monde arabe ont confirm\u00e9 l&rsquo;attachement du public marocain \u00e0 la chanson orientale. Wael Kfoury, Tamer Hosny, Shami, Majid Al Mohandes, Hatim Ammor, Nacim Haddad et Boudchart ont offert des soir\u00e9es marqu\u00e9es par l&rsquo;\u00e9motion, la proximit\u00e9 avec le public et une communion exceptionnelle.<\/p>\n\n\n\n<p class=\"wp-block-paragraph\">\u00c0 Bouregreg, les musiques africaines ont une nouvelle fois trouv\u00e9 un espace d&rsquo;expression privil\u00e9gi\u00e9. The Ancestors, Stonebwoy, Djelykaba Bintou, Pongo, Serge Beynaud, Orchestra Baobab, Oumou Sangar\u00e9, Sampa The Great et Diamond Platnumz ont illustr\u00e9 toute la richesse, la diversit\u00e9 et la vitalit\u00e9 des sc\u00e8nes africaines contemporaines.<\/p>\n\n\n\n<p class=\"wp-block-paragraph\">\u00c0 Sal\u00e9, sc\u00e8ne enti\u00e8rement consacr\u00e9e aux artistes marocains, le public est venu chaque soir en tr\u00e8s grand nombre c\u00e9l\u00e9brer la richesse du patrimoine musical national. Mehdi Weld Hajib, Rif Experience, Fatima Tabaamrant, Oulad El Bouazzaoui, Walid Rahmani, Sa\u00efd Oueld Lhouate, Dizzy Dros, Sa\u00efda Titrit, Abdelaziz Stati et Hamid Serghini y ont partag\u00e9 la sc\u00e8ne dans une ambiance populaire, familiale et chaleureuse, illustrant toute la richesse et la diversit\u00e9 de la cr\u00e9ation musicale marocaine.<\/p>\n\n\n\n<p class=\"wp-block-paragraph\">Au Th\u00e9\u00e2tre National Mohammed V, les concerts en salle ont, une nouvelle fois, propos\u00e9 des moments d&rsquo;une grande intensit\u00e9 artistique avec Mayada El Hennawy, Macy Gray, Marwa Nagy, Imany, Margareth Menezes, Nouamane Lahlou, Sanae Marahati, Lotfi Bouchnak et Dionne Warwick, confirmant la place de cette sc\u00e8ne comme un \u00e9crin privil\u00e9gi\u00e9 pour les grandes voix et les univers musicaux d&rsquo;exception.<\/p>\n\n\n\n<p class=\"wp-block-paragraph\">Chellah, quant \u00e0 lui, a confirm\u00e9 sa place singuli\u00e8re au sein du festival en accueillant Senny Camara, Melina, Susana Travassos &amp; Jo\u00e3o Frade, Ayom, Eneida Marta, Parveen Sabrina Khan &amp; Ilyas Rapha\u00ebl Khan et Ali Do\u011fan G\u00f6n\u00fclta\u015f, dans un cadre patrimonial exceptionnel propice au dialogue entre les cultures.<\/p>\n\n\n\n<p class=\"wp-block-paragraph\">Avec pr\u00e8s de 3,6 millions de festivaliers, une couverture m\u00e9diatique nationale et internationale particuli\u00e8rement soutenue et un rayonnement num\u00e9rique toujours plus important, Mawazine confirme son statut d&rsquo;\u00e9v\u00e9nement culturel majeur et d&rsquo;ambassadeur du Maroc \u00e0 l&rsquo;international.<\/p>\n\n\n\n<p class=\"wp-block-paragraph\">L&rsquo;Association Maroc Cultures exprime sa profonde gratitude \u00e0 Sa Majest\u00e9 le Roi Mohammed VI pour Son Haut Patronage, qui t\u00e9moigne de la Haute Sollicitude Royale accord\u00e9e \u00e0 la culture et \u00e0 son rayonnement.<\/p>\n\n\n\n<p class=\"wp-block-paragraph\">Elle adresse \u00e9galement ses sinc\u00e8res remerciements au public, aux artistes, aux sponsors, aux partenaires institutionnels, aux m\u00e9dias, aux autorit\u00e9s locales, aux forces de s\u00e9curit\u00e9 ainsi qu&rsquo;\u00e0 l&rsquo;ensemble des \u00e9quipes, techniciens, b\u00e9n\u00e9voles et collaborateurs dont l&rsquo;engagement et le professionnalisme ont largement contribu\u00e9 au succ\u00e8s de cette 21e \u00e9dition.<\/p>\n\n\n\n<p class=\"wp-block-paragraph\"><\/p>\n","protected":false},"excerpt":{"rendered":"<p>Dpress La 21e \u00e9dition du Festival Mawazine \u2013 Rythmes du Monde, tenue sous le Haut Patronage de Sa Majest\u00e9 le Roi Mohammed VI du 19 au 27 juin, a \u00e9t\u00e9 marqu\u00e9e par une affluence exceptionnelle de pr\u00e8s de 3,6 millions de festivaliers \u00e0 Rabat et Sal\u00e9. \u00ab\u00a0Mawazine 2026 restera dans les m\u00e9moires comme une \u00e9dition &hellip;<\/p>\n","protected":false},"author":2,"featured_media":35311,"comment_status":"open","ping_status":"open","sticky":false,"template":"","format":"standard","meta":{"footnotes":""},"categories":[31],"tags":[],"class_list":["post-35310","post","type-post","status-publish","format-standard","has-post-thumbnail","hentry","category-art-et-culture"],"yoast_head":"<!-- This site is optimized with the Yoast SEO plugin v28.0 - https:\/\/yoast.com\/product\/yoast-seo-wordpress\/ -->\n<title>Mawazine 2026 : pr\u00e8s de 3,6 millions de festivaliers, une affluence exceptionnelle - Dpress.ma\/fr<\/title>\n<meta name=\"robots\" content=\"index, follow, max-snippet:-1, max-image-preview:large, max-video-preview:-1\" \/>\n<link rel=\"canonical\" href=\"https:\/\/dpress.ma\/fr\/2026\/07\/03\/mawazine-2026-pres-de-36-millions-de-festivaliers-une-affluence-exceptionnelle\/\" \/>\n<meta property=\"og:locale\" content=\"fr_FR\" \/>\n<meta property=\"og:type\" content=\"article\" \/>\n<meta property=\"og:title\" content=\"Mawazine 2026 : pr\u00e8s de 3,6 millions de festivaliers, une affluence exceptionnelle - Dpress.ma\/fr\" \/>\n<meta property=\"og:description\" content=\"Dpress La 21e \u00e9dition du Festival Mawazine \u2013 Rythmes du Monde, tenue sous le Haut Patronage de Sa Majest\u00e9 le Roi Mohammed VI du 19 au 27 juin, a \u00e9t\u00e9 marqu\u00e9e par une affluence exceptionnelle de pr\u00e8s de 3,6 millions de festivaliers \u00e0 Rabat et Sal\u00e9. \u00ab\u00a0Mawazine 2026 restera dans les m\u00e9moires comme une \u00e9dition &hellip;\" \/>\n<meta property=\"og:url\" content=\"https:\/\/dpress.ma\/fr\/2026\/07\/03\/mawazine-2026-pres-de-36-millions-de-festivaliers-une-affluence-exceptionnelle\/\" \/>\n<meta property=\"og:site_name\" content=\"Dpress.ma\/fr\" \/>\n<meta property=\"article:published_time\" content=\"2026-07-03T09:43:37+00:00\" \/>\n<meta property=\"article:modified_time\" content=\"2026-07-03T09:44:17+00:00\" \/>\n<meta property=\"og:image\" content=\"https:\/\/dpress.ma\/fr\/wp-content\/uploads\/sites\/2\/2026\/07\/34-1.jpg\" \/>\n\t<meta property=\"og:image:width\" content=\"2539\" \/>\n\t<meta property=\"og:image:height\" content=\"1594\" \/>\n\t<meta property=\"og:image:type\" content=\"image\/jpeg\" \/>\n<meta name=\"author\" content=\"Dpress.ma\" \/>\n<meta name=\"twitter:card\" content=\"summary_large_image\" \/>\n<meta name=\"twitter:label1\" content=\"\u00c9crit par\" \/>\n\t<meta name=\"twitter:data1\" content=\"Dpress.ma\" \/>\n\t<meta name=\"twitter:label2\" content=\"Dur\u00e9e de lecture estim\u00e9e\" \/>\n\t<meta name=\"twitter:data2\" content=\"6 minutes\" \/>\n<script type=\"application\/ld+json\" class=\"yoast-schema-graph\">{\"@context\":\"https:\\\/\\\/schema.org\",\"@graph\":[{\"@type\":\"Article\",\"@id\":\"https:\\\/\\\/dpress.ma\\\/fr\\\/2026\\\/07\\\/03\\\/mawazine-2026-pres-de-36-millions-de-festivaliers-une-affluence-exceptionnelle\\\/#article\",\"isPartOf\":{\"@id\":\"https:\\\/\\\/dpress.ma\\\/fr\\\/2026\\\/07\\\/03\\\/mawazine-2026-pres-de-36-millions-de-festivaliers-une-affluence-exceptionnelle\\\/\"},\"author\":{\"name\":\"Dpress.ma\",\"@id\":\"https:\\\/\\\/dpress.ma\\\/fr\\\/#\\\/schema\\\/person\\\/4898febf3ccd59e6578d838656a306a0\"},\"headline\":\"Mawazine 2026 : pr\u00e8s de 3,6 millions de festivaliers, une affluence exceptionnelle\",\"datePublished\":\"2026-07-03T09:43:37+00:00\",\"dateModified\":\"2026-07-03T09:44:17+00:00\",\"mainEntityOfPage\":{\"@id\":\"https:\\\/\\\/dpress.ma\\\/fr\\\/2026\\\/07\\\/03\\\/mawazine-2026-pres-de-36-millions-de-festivaliers-une-affluence-exceptionnelle\\\/\"},\"wordCount\":1178,\"commentCount\":0,\"image\":{\"@id\":\"https:\\\/\\\/dpress.ma\\\/fr\\\/2026\\\/07\\\/03\\\/mawazine-2026-pres-de-36-millions-de-festivaliers-une-affluence-exceptionnelle\\\/#primaryimage\"},\"thumbnailUrl\":\"https:\\\/\\\/dpress.ma\\\/fr\\\/wp-content\\\/uploads\\\/sites\\\/2\\\/2026\\\/07\\\/34-1.jpg\",\"articleSection\":[\"Art et Culture\"],\"inLanguage\":\"fr-FR\",\"potentialAction\":[{\"@type\":\"CommentAction\",\"name\":\"Comment\",\"target\":[\"https:\\\/\\\/dpress.ma\\\/fr\\\/2026\\\/07\\\/03\\\/mawazine-2026-pres-de-36-millions-de-festivaliers-une-affluence-exceptionnelle\\\/#respond\"]}]},{\"@type\":\"WebPage\",\"@id\":\"https:\\\/\\\/dpress.ma\\\/fr\\\/2026\\\/07\\\/03\\\/mawazine-2026-pres-de-36-millions-de-festivaliers-une-affluence-exceptionnelle\\\/\",\"url\":\"https:\\\/\\\/dpress.ma\\\/fr\\\/2026\\\/07\\\/03\\\/mawazine-2026-pres-de-36-millions-de-festivaliers-une-affluence-exceptionnelle\\\/\",\"name\":\"Mawazine 2026 : pr\u00e8s de 3,6 millions de festivaliers, une affluence exceptionnelle - Dpress.ma\\\/fr\",\"isPartOf\":{\"@id\":\"https:\\\/\\\/dpress.ma\\\/fr\\\/#website\"},\"primaryImageOfPage\":{\"@id\":\"https:\\\/\\\/dpress.ma\\\/fr\\\/2026\\\/07\\\/03\\\/mawazine-2026-pres-de-36-millions-de-festivaliers-une-affluence-exceptionnelle\\\/#primaryimage\"},\"image\":{\"@id\":\"https:\\\/\\\/dpress.ma\\\/fr\\\/2026\\\/07\\\/03\\\/mawazine-2026-pres-de-36-millions-de-festivaliers-une-affluence-exceptionnelle\\\/#primaryimage\"},\"thumbnailUrl\":\"https:\\\/\\\/dpress.ma\\\/fr\\\/wp-content\\\/uploads\\\/sites\\\/2\\\/2026\\\/07\\\/34-1.jpg\",\"datePublished\":\"2026-07-03T09:43:37+00:00\",\"dateModified\":\"2026-07-03T09:44:17+00:00\",\"author\":{\"@id\":\"https:\\\/\\\/dpress.ma\\\/fr\\\/#\\\/schema\\\/person\\\/4898febf3ccd59e6578d838656a306a0\"},\"breadcrumb\":{\"@id\":\"https:\\\/\\\/dpress.ma\\\/fr\\\/2026\\\/07\\\/03\\\/mawazine-2026-pres-de-36-millions-de-festivaliers-une-affluence-exceptionnelle\\\/#breadcrumb\"},\"inLanguage\":\"fr-FR\",\"potentialAction\":[{\"@type\":\"ReadAction\",\"target\":[\"https:\\\/\\\/dpress.ma\\\/fr\\\/2026\\\/07\\\/03\\\/mawazine-2026-pres-de-36-millions-de-festivaliers-une-affluence-exceptionnelle\\\/\"]}]},{\"@type\":\"ImageObject\",\"inLanguage\":\"fr-FR\",\"@id\":\"https:\\\/\\\/dpress.ma\\\/fr\\\/2026\\\/07\\\/03\\\/mawazine-2026-pres-de-36-millions-de-festivaliers-une-affluence-exceptionnelle\\\/#primaryimage\",\"url\":\"https:\\\/\\\/dpress.ma\\\/fr\\\/wp-content\\\/uploads\\\/sites\\\/2\\\/2026\\\/07\\\/34-1.jpg\",\"contentUrl\":\"https:\\\/\\\/dpress.ma\\\/fr\\\/wp-content\\\/uploads\\\/sites\\\/2\\\/2026\\\/07\\\/34-1.jpg\",\"width\":2539,\"height\":1594},{\"@type\":\"BreadcrumbList\",\"@id\":\"https:\\\/\\\/dpress.ma\\\/fr\\\/2026\\\/07\\\/03\\\/mawazine-2026-pres-de-36-millions-de-festivaliers-une-affluence-exceptionnelle\\\/#breadcrumb\",\"itemListElement\":[{\"@type\":\"ListItem\",\"position\":1,\"name\":\"Home\",\"item\":\"https:\\\/\\\/dpress.ma\\\/fr\\\/\"},{\"@type\":\"ListItem\",\"position\":2,\"name\":\"Mawazine 2026 : pr\u00e8s de 3,6 millions de festivaliers, une affluence exceptionnelle\"}]},{\"@type\":\"WebSite\",\"@id\":\"https:\\\/\\\/dpress.ma\\\/fr\\\/#website\",\"url\":\"https:\\\/\\\/dpress.ma\\\/fr\\\/\",\"name\":\"Dpress.ma\\\/fr\",\"description\":\"\",\"potentialAction\":[{\"@type\":\"SearchAction\",\"target\":{\"@type\":\"EntryPoint\",\"urlTemplate\":\"https:\\\/\\\/dpress.ma\\\/fr\\\/?s={search_term_string}\"},\"query-input\":{\"@type\":\"PropertyValueSpecification\",\"valueRequired\":true,\"valueName\":\"search_term_string\"}}],\"inLanguage\":\"fr-FR\"},{\"@type\":\"Person\",\"@id\":\"https:\\\/\\\/dpress.ma\\\/fr\\\/#\\\/schema\\\/person\\\/4898febf3ccd59e6578d838656a306a0\",\"name\":\"Dpress.ma\",\"image\":{\"@type\":\"ImageObject\",\"inLanguage\":\"fr-FR\",\"@id\":\"https:\\\/\\\/secure.gravatar.com\\\/avatar\\\/72ecc30e9db047a2e0e7176561eb9d564ed77c8108376495b19bd8336405198a?s=96&d=mm&r=g\",\"url\":\"https:\\\/\\\/secure.gravatar.com\\\/avatar\\\/72ecc30e9db047a2e0e7176561eb9d564ed77c8108376495b19bd8336405198a?s=96&d=mm&r=g\",\"contentUrl\":\"https:\\\/\\\/secure.gravatar.com\\\/avatar\\\/72ecc30e9db047a2e0e7176561eb9d564ed77c8108376495b19bd8336405198a?s=96&d=mm&r=g\",\"caption\":\"Dpress.ma\"},\"sameAs\":[\"https:\\\/\\\/www.dpress.ma\"],\"url\":\"https:\\\/\\\/dpress.ma\\\/fr\\\/author\\\/dpress-ma\\\/\"}]}<\/script>\n<!-- \/ Yoast SEO plugin. -->","yoast_head_json":{"title":"Mawazine 2026 : pr\u00e8s de 3,6 millions de festivaliers, une affluence exceptionnelle - Dpress.ma\/fr","robots":{"index":"index","follow":"follow","max-snippet":"max-snippet:-1","max-image-preview":"max-image-preview:large","max-video-preview":"max-video-preview:-1"},"canonical":"https:\/\/dpress.ma\/fr\/2026\/07\/03\/mawazine-2026-pres-de-36-millions-de-festivaliers-une-affluence-exceptionnelle\/","og_locale":"fr_FR","og_type":"article","og_title":"Mawazine 2026 : pr\u00e8s de 3,6 millions de festivaliers, une affluence exceptionnelle - Dpress.ma\/fr","og_description":"Dpress La 21e \u00e9dition du Festival Mawazine \u2013 Rythmes du Monde, tenue sous le Haut Patronage de Sa Majest\u00e9 le Roi Mohammed VI du 19 au 27 juin, a \u00e9t\u00e9 marqu\u00e9e par une affluence exceptionnelle de pr\u00e8s de 3,6 millions de festivaliers \u00e0 Rabat et Sal\u00e9. \u00ab\u00a0Mawazine 2026 restera dans les m\u00e9moires comme une \u00e9dition &hellip;","og_url":"https:\/\/dpress.ma\/fr\/2026\/07\/03\/mawazine-2026-pres-de-36-millions-de-festivaliers-une-affluence-exceptionnelle\/","og_site_name":"Dpress.ma\/fr","article_published_time":"2026-07-03T09:43:37+00:00","article_modified_time":"2026-07-03T09:44:17+00:00","og_image":[{"width":2539,"height":1594,"url":"https:\/\/dpress.ma\/fr\/wp-content\/uploads\/sites\/2\/2026\/07\/34-1.jpg","type":"image\/jpeg"}],"author":"Dpress.ma","twitter_card":"summary_large_image","twitter_misc":{"\u00c9crit par":"Dpress.ma","Dur\u00e9e de lecture estim\u00e9e":"6 minutes"},"schema":{"@context":"https:\/\/schema.org","@graph":[{"@type":"Article","@id":"https:\/\/dpress.ma\/fr\/2026\/07\/03\/mawazine-2026-pres-de-36-millions-de-festivaliers-une-affluence-exceptionnelle\/#article","isPartOf":{"@id":"https:\/\/dpress.ma\/fr\/2026\/07\/03\/mawazine-2026-pres-de-36-millions-de-festivaliers-une-affluence-exceptionnelle\/"},"author":{"name":"Dpress.ma","@id":"https:\/\/dpress.ma\/fr\/#\/schema\/person\/4898febf3ccd59e6578d838656a306a0"},"headline":"Mawazine 2026 : pr\u00e8s de 3,6 millions de festivaliers, une affluence exceptionnelle","datePublished":"2026-07-03T09:43:37+00:00","dateModified":"2026-07-03T09:44:17+00:00","mainEntityOfPage":{"@id":"https:\/\/dpress.ma\/fr\/2026\/07\/03\/mawazine-2026-pres-de-36-millions-de-festivaliers-une-affluence-exceptionnelle\/"},"wordCount":1178,"commentCount":0,"image":{"@id":"https:\/\/dpress.ma\/fr\/2026\/07\/03\/mawazine-2026-pres-de-36-millions-de-festivaliers-une-affluence-exceptionnelle\/#primaryimage"},"thumbnailUrl":"https:\/\/dpress.ma\/fr\/wp-content\/uploads\/sites\/2\/2026\/07\/34-1.jpg","articleSection":["Art et Culture"],"inLanguage":"fr-FR","potentialAction":[{"@type":"CommentAction","name":"Comment","target":["https:\/\/dpress.ma\/fr\/2026\/07\/03\/mawazine-2026-pres-de-36-millions-de-festivaliers-une-affluence-exceptionnelle\/#respond"]}]},{"@type":"WebPage","@id":"https:\/\/dpress.ma\/fr\/2026\/07\/03\/mawazine-2026-pres-de-36-millions-de-festivaliers-une-affluence-exceptionnelle\/","url":"https:\/\/dpress.ma\/fr\/2026\/07\/03\/mawazine-2026-pres-de-36-millions-de-festivaliers-une-affluence-exceptionnelle\/","name":"Mawazine 2026 : pr\u00e8s de 3,6 millions de festivaliers, une affluence exceptionnelle - Dpress.ma\/fr","isPartOf":{"@id":"https:\/\/dpress.ma\/fr\/#website"},"primaryImageOfPage":{"@id":"https:\/\/dpress.ma\/fr\/2026\/07\/03\/mawazine-2026-pres-de-36-millions-de-festivaliers-une-affluence-exceptionnelle\/#primaryimage"},"image":{"@id":"https:\/\/dpress.ma\/fr\/2026\/07\/03\/mawazine-2026-pres-de-36-millions-de-festivaliers-une-affluence-exceptionnelle\/#primaryimage"},"thumbnailUrl":"https:\/\/dpress.ma\/fr\/wp-content\/uploads\/sites\/2\/2026\/07\/34-1.jpg","datePublished":"2026-07-03T09:43:37+00:00","dateModified":"2026-07-03T09:44:17+00:00","author":{"@id":"https:\/\/dpress.ma\/fr\/#\/schema\/person\/4898febf3ccd59e6578d838656a306a0"},"breadcrumb":{"@id":"https:\/\/dpress.ma\/fr\/2026\/07\/03\/mawazine-2026-pres-de-36-millions-de-festivaliers-une-affluence-exceptionnelle\/#breadcrumb"},"inLanguage":"fr-FR","potentialAction":[{"@type":"ReadAction","target":["https:\/\/dpress.ma\/fr\/2026\/07\/03\/mawazine-2026-pres-de-36-millions-de-festivaliers-une-affluence-exceptionnelle\/"]}]},{"@type":"ImageObject","inLanguage":"fr-FR","@id":"https:\/\/dpress.ma\/fr\/2026\/07\/03\/mawazine-2026-pres-de-36-millions-de-festivaliers-une-affluence-exceptionnelle\/#primaryimage","url":"https:\/\/dpress.ma\/fr\/wp-content\/uploads\/sites\/2\/2026\/07\/34-1.jpg","contentUrl":"https:\/\/dpress.ma\/fr\/wp-content\/uploads\/sites\/2\/2026\/07\/34-1.jpg","width":2539,"height":1594},{"@type":"BreadcrumbList","@id":"https:\/\/dpress.ma\/fr\/2026\/07\/03\/mawazine-2026-pres-de-36-millions-de-festivaliers-une-affluence-exceptionnelle\/#breadcrumb","itemListElement":[{"@type":"ListItem","position":1,"name":"Home","item":"https:\/\/dpress.ma\/fr\/"},{"@type":"ListItem","position":2,"name":"Mawazine 2026 : pr\u00e8s de 3,6 millions de festivaliers, une affluence exceptionnelle"}]},{"@type":"WebSite","@id":"https:\/\/dpress.ma\/fr\/#website","url":"https:\/\/dpress.ma\/fr\/","name":"Dpress.ma\/fr","description":"","potentialAction":[{"@type":"SearchAction","target":{"@type":"EntryPoint","urlTemplate":"https:\/\/dpress.ma\/fr\/?s={search_term_string}"},"query-input":{"@type":"PropertyValueSpecification","valueRequired":true,"valueName":"search_term_string"}}],"inLanguage":"fr-FR"},{"@type":"Person","@id":"https:\/\/dpress.ma\/fr\/#\/schema\/person\/4898febf3ccd59e6578d838656a306a0","name":"Dpress.ma","image":{"@type":"ImageObject","inLanguage":"fr-FR","@id":"https:\/\/secure.gravatar.com\/avatar\/72ecc30e9db047a2e0e7176561eb9d564ed77c8108376495b19bd8336405198a?s=96&d=mm&r=g","url":"https:\/\/secure.gravatar.com\/avatar\/72ecc30e9db047a2e0e7176561eb9d564ed77c8108376495b19bd8336405198a?s=96&d=mm&r=g","contentUrl":"https:\/\/secure.gravatar.com\/avatar\/72ecc30e9db047a2e0e7176561eb9d564ed77c8108376495b19bd8336405198a?s=96&d=mm&r=g","caption":"Dpress.ma"},"sameAs":["https:\/\/www.dpress.ma"],"url":"https:\/\/dpress.ma\/fr\/author\/dpress-ma\/"}]}},"amp_enabled":true,"_links":{"self":[{"href":"https:\/\/dpress.ma\/fr\/wp-json\/wp\/v2\/posts\/35310","targetHints":{"allow":["GET"]}}],"collection":[{"href":"https:\/\/dpress.ma\/fr\/wp-json\/wp\/v2\/posts"}],"about":[{"href":"https:\/\/dpress.ma\/fr\/wp-json\/wp\/v2\/types\/post"}],"author":[{"embeddable":true,"href":"https:\/\/dpress.ma\/fr\/wp-json\/wp\/v2\/users\/2"}],"replies":[{"embeddable":true,"href":"https:\/\/dpress.ma\/fr\/wp-json\/wp\/v2\/comments?post=35310"}],"version-history":[{"count":1,"href":"https:\/\/dpress.ma\/fr\/wp-json\/wp\/v2\/posts\/35310\/revisions"}],"predecessor-version":[{"id":35312,"href":"https:\/\/dpress.ma\/fr\/wp-json\/wp\/v2\/posts\/35310\/revisions\/35312"}],"wp:featuredmedia":[{"embeddable":true,"href":"https:\/\/dpress.ma\/fr\/wp-json\/wp\/v2\/media\/35311"}],"wp:attachment":[{"href":"https:\/\/dpress.ma\/fr\/wp-json\/wp\/v2\/media?parent=35310"}],"wp:term":[{"taxonomy":"category","embeddable":true,"href":"https:\/\/dpress.ma\/fr\/wp-json\/wp\/v2\/categories?post=35310"},{"taxonomy":"post_tag","embeddable":true,"href":"https:\/\/dpress.ma\/fr\/wp-json\/wp\/v2\/tags?post=35310"}],"curies":[{"name":"wp","href":"https:\/\/api.w.org\/{rel}","templated":true}]}}