{"id":35305,"date":"2026-07-03T09:36:58","date_gmt":"2026-07-03T09:36:58","guid":{"rendered":"https:\/\/dpress.ma\/fr\/?p=35305"},"modified":"2026-07-03T09:37:00","modified_gmt":"2026-07-03T09:37:00","slug":"sale-signature-dune-convention-de-partenariat-pour-le-developpement-des-competences-en-ia-et-des-technologies-industrielles","status":"publish","type":"post","link":"https:\/\/dpress.ma\/fr\/2026\/07\/03\/sale-signature-dune-convention-de-partenariat-pour-le-developpement-des-competences-en-ia-et-des-technologies-industrielles\/","title":{"rendered":"Sal\u00e9 : signature d\u2019une convention de partenariat pour le d\u00e9veloppement des comp\u00e9tences en IA et des technologies industrielles"},"content":{"rendered":"\n<p class=\"wp-block-paragraph\">Dpress<\/p>\n\n\n\n<p class=\"wp-block-paragraph\">Une convention de partenariat visant \u00e0 structurer un \u00e9cosyst\u00e8me d&rsquo;excellence en Intelligence Artificielle (IA) et en technologies industrielles a \u00e9t\u00e9 sign\u00e9e, jeudi \u00e0 Sal\u00e9, entre le minist\u00e8re de l&rsquo;Industrie et du Commerce, le minist\u00e8re de l&rsquo;Enseignement sup\u00e9rieur, de la Recherche scientifique et de l&rsquo;Innovation, le minist\u00e8re de la Transition num\u00e9rique et de la R\u00e9forme de l&rsquo;administration, et ALTEN Maroc.<\/p>\n\n\n\n<p class=\"wp-block-paragraph\">S&rsquo;inscrivant dans le cadre de la mise en \u0153uvre des Hautes Orientations Royales, qui placent le d\u00e9veloppement du capital humain au c\u0153ur de la transformation num\u00e9rique et de la mont\u00e9e en puissance industrielle du Royaume, cette convention de partenariat a pour but de renforcer la comp\u00e9titivit\u00e9 du Royaume et d&rsquo;acc\u00e9l\u00e9rer sa transition vers l&rsquo;Industrie 4.0.<\/p>\n\n\n\n<p class=\"wp-block-paragraph\">Ladite convention de partenariat traduit \u00e9galement la volont\u00e9 de doter les jeunes des comp\u00e9tences requises dans les technologies de pointe, de renforcer les synergies entre les secteurs public et priv\u00e9 et de consolider le r\u00f4le de l&rsquo;universit\u00e9 en tant que moteur de l&rsquo;innovation, de la recherche et du d\u00e9veloppement \u00e9conomique.<\/p>\n\n\n\n<p class=\"wp-block-paragraph\">Elle r\u00e9pond directement aux ambitions de la strat\u00e9gie nationale \u00ab\u00a0Maroc Digital 2030\u00a0\u00bb et de la feuille de route \u00ab\u00a0AI Made in Morocco\u00a0\u00bb en positionnant le Maroc comme un acteur de l\u2019innovation technologique responsable et des technologies souveraines, et accompagne la dynamique de transformation du syst\u00e8me national d&rsquo;enseignement sup\u00e9rieur, de recherche scientifique et d&rsquo;innovation en positionnant le Maroc comme un acteur de l\u2019innovation technologique responsable et des technologies souveraines.<\/p>\n\n\n\n<p class=\"wp-block-paragraph\">Trois enjeux majeurs sont ainsi plac\u00e9s au c\u0153ur de ce partenariat public-priv\u00e9. Il s\u2019agit de la mont\u00e9e en comp\u00e9tences et l&rsquo;accompagnement des talents marocains dans les m\u00e9tiers du digital et de l\u2019IA, de l\u2019acc\u00e9l\u00e9ration de la transition industrielle vers l\u2019Industrie 4.0 coupl\u00e9e \u00e0 la recherche et d\u00e9veloppement (R&amp;D) avanc\u00e9e, ainsi que du renforcement de l\u2019attractivit\u00e9 du Royaume pour les investissements \u00e0 haute intensit\u00e9 technologique.<\/p>\n\n\n\n<p class=\"wp-block-paragraph\">La convention de partenariat structure la coop\u00e9ration autour de quatre piliers compl\u00e9mentaires, \u00e0 commencer par la R&amp;D ax\u00e9e sur le co-d\u00e9veloppement d\u2019algorithmes d\u2019IA appliqu\u00e9s \u00e0 la maintenance pr\u00e9dictive, la conception assist\u00e9e, la simulation, l\u2019optimisation industrielle et le contr\u00f4le qualit\u00e9 automatis\u00e9.<\/p>\n\n\n\n<p class=\"wp-block-paragraph\">Le second pilier concerne le d\u00e9ploiement d&rsquo;Acc\u00e9l\u00e9rateurs Sectoriels d\u00e9di\u00e9s \u00e0 la cr\u00e9ation de solutions technologiques avanc\u00e9es pour les industries du transport, notamment l\u2019automobile, l\u2019a\u00e9ronautique et le ferroviaire, en s\u2019appuyant sur l\u2019expertise d\u2019ALTEN Maroc via ses clients internationaux.<\/p>\n\n\n\n<p class=\"wp-block-paragraph\">Le partenariat pr\u00e9voit aussi la mise en place de Plateformes Technologiques visant \u00e0 offrir des environnements de test, de prototypage et d\u2019exp\u00e9rimentation, tels que les jumeaux num\u00e9riques et la simulation num\u00e9rique, accessibles aux acteurs industriels locaux.<\/p>\n\n\n\n<p class=\"wp-block-paragraph\">Enfin, le volet Formation et Comp\u00e9tences portera sur le d\u00e9veloppement de programmes cibl\u00e9s en IA appliqu\u00e9e, en ing\u00e9nierie avanc\u00e9e et en transformation digitale, men\u00e9s en partenariat direct avec les universit\u00e9s et grandes \u00e9coles marocaines.<\/p>\n\n\n\n<p class=\"wp-block-paragraph\">Chaque partie prenante contribuera, selon son domaine d\u2019intervention, \u00e0 la mise en \u0153uvre de ce partenariat strat\u00e9gique. Le minist\u00e8re de l\u2019Enseignement sup\u00e9rieur, de la Recherche scientifique et de l\u2019Innovation accompagnera le d\u00e9veloppement des comp\u00e9tences et le renforcement des parcours de formation en lien avec les besoins des secteurs d\u2019avenir.<\/p>\n\n\n\n<p class=\"wp-block-paragraph\">Quant au minist\u00e8re de l\u2019Industrie et du Commerce, il contribuera \u00e0 la mobilisation de l\u2019\u00e9cosyst\u00e8me industriel national, tandis que le minist\u00e8re de la Transition num\u00e9rique et de la R\u00e9forme de l\u2019administration accompagnera les initiatives li\u00e9es \u00e0 la transformation num\u00e9rique et \u00e0 l\u2019innovation.<\/p>\n\n\n\n<p class=\"wp-block-paragraph\">ALTEN Maroc apportera son expertise technologique et son savoir-faire afin de contribuer au d\u00e9veloppement de solutions innovantes et au renforcement des comp\u00e9tences nationales.<\/p>\n\n\n\n<p class=\"wp-block-paragraph\">\u00ab\u00a0Cette convention traduit notre ambition de faire de l&rsquo;Universit\u00e9 marocaine un acteur central de la transformation \u00e9conomique et technologique du Royaume\u00a0\u00bb, a soulign\u00e9, \u00e0 cette occasion, le ministre de l&rsquo;Enseignement sup\u00e9rieur, de la Recherche scientifique et de l&rsquo;Innovation, Azzeddine El Midaoui.<\/p>\n\n\n\n<p class=\"wp-block-paragraph\">Et d\u2019ajouter : \u00ab\u00a0En rapprochant davantage les \u00e9tablissements d&rsquo;enseignement sup\u00e9rieur des entreprises de pointe, nous favorisons une formation mieux adapt\u00e9e aux besoins des secteurs strat\u00e9giques, stimulons la recherche appliqu\u00e9e et renfor\u00e7ons l&#8217;employabilit\u00e9 de nos dipl\u00f4m\u00e9s dans les m\u00e9tiers de demain\u00a0\u00bb.<\/p>\n\n\n\n<p class=\"wp-block-paragraph\">Pour sa part, la ministre d\u00e9l\u00e9gu\u00e9e charg\u00e9e de la Transition num\u00e9rique et de la R\u00e9forme de l\u2019administration, Amal El Fallah Seghrouchni, a affirm\u00e9 que la transformation num\u00e9rique repose avant tout sur les comp\u00e9tences.<\/p>\n\n\n\n<p class=\"wp-block-paragraph\">\u00ab\u00a0En investissant dans les talents et en renfor\u00e7ant les passerelles entre l\u2019enseignement sup\u00e9rieur, la recherche et l\u2019entreprise, nous cr\u00e9ons les conditions d\u2019une innovatiSal\u00e9on durable\u00a0\u00bb, a-t-elle poursuivi, expliquant que ce partenariat contribue \u00e0 structurer un \u00e9cosyst\u00e8me national de l\u2019IA capable de d\u00e9velopper des solutions \u00e0 forte valeur ajout\u00e9e, et de renforcer la souverainet\u00e9 technologique du Royaume.<\/p>\n\n\n\n<p class=\"wp-block-paragraph\">Par ailleurs, le directeur g\u00e9n\u00e9ral du groupe ALTEN, Cyril Malarg\u00e9, a dit : \u00ab\u00a0Notre ambition est de faire d\u2019ALTEN Maroc un hub d\u2019excellence en IA et en technologies industrielles, en parfait alignement avec les priorit\u00e9s nationales\u00a0\u00bb.<\/p>\n\n\n\n<p class=\"wp-block-paragraph\">\u00ab\u00a0Ce partenariat nous permet de combiner notre savoir-faire global avec l\u2019agilit\u00e9 locale pour acc\u00e9l\u00e9rer la transition digitale des secteurs cl\u00e9s du Royaume\u00a0\u00bb, a-t-il soutenu.<\/p>\n\n\n\n<p class=\"wp-block-paragraph\">Par cette alliance strat\u00e9gique, les minist\u00e8res signataires r\u00e9affirment leur engagement commun \u00e0 accompagner la mont\u00e9e en comp\u00e9tences des talents nationaux dans le domaine de l&rsquo;intelligence artificielle et \u00e0 consolider un \u00e9cosyst\u00e8me national d\u2019innovation performant, et \u00e0 r\u00e9pondre aux enjeux de comp\u00e9titivit\u00e9, de souverainet\u00e9 num\u00e9rique et de d\u00e9veloppement durable, en parfaite ad\u00e9quation avec les exigences des transformations technologiques en cours.<\/p>\n","protected":false},"excerpt":{"rendered":"<p>Dpress Une convention de partenariat visant \u00e0 structurer un \u00e9cosyst\u00e8me d&rsquo;excellence en Intelligence Artificielle (IA) et en technologies industrielles a \u00e9t\u00e9 sign\u00e9e, jeudi \u00e0 Sal\u00e9, entre le minist\u00e8re de l&rsquo;Industrie et du Commerce, le minist\u00e8re de l&rsquo;Enseignement sup\u00e9rieur, de la Recherche scientifique et de l&rsquo;Innovation, le minist\u00e8re de la Transition num\u00e9rique et de la R\u00e9forme &hellip;<\/p>\n","protected":false},"author":2,"featured_media":35306,"comment_status":"open","ping_status":"open","sticky":false,"template":"","format":"standard","meta":{"footnotes":""},"categories":[25],"tags":[],"class_list":["post-35305","post","type-post","status-publish","format-standard","has-post-thumbnail","hentry","category-economie"],"yoast_head":"<!-- This site is optimized with the Yoast SEO plugin v28.0 - https:\/\/yoast.com\/product\/yoast-seo-wordpress\/ -->\n<title>Sal\u00e9 : signature d\u2019une convention de partenariat pour le d\u00e9veloppement des comp\u00e9tences en IA et des technologies industrielles - Dpress.ma\/fr<\/title>\n<meta name=\"robots\" content=\"index, follow, max-snippet:-1, max-image-preview:large, max-video-preview:-1\" \/>\n<link rel=\"canonical\" href=\"https:\/\/dpress.ma\/fr\/2026\/07\/03\/sale-signature-dune-convention-de-partenariat-pour-le-developpement-des-competences-en-ia-et-des-technologies-industrielles\/\" \/>\n<meta property=\"og:locale\" content=\"fr_FR\" \/>\n<meta property=\"og:type\" content=\"article\" \/>\n<meta property=\"og:title\" content=\"Sal\u00e9 : signature d\u2019une convention de partenariat pour le d\u00e9veloppement des comp\u00e9tences en IA et des technologies industrielles - Dpress.ma\/fr\" \/>\n<meta property=\"og:description\" content=\"Dpress Une convention de partenariat visant \u00e0 structurer un \u00e9cosyst\u00e8me d&rsquo;excellence en Intelligence Artificielle (IA) et en technologies industrielles a \u00e9t\u00e9 sign\u00e9e, jeudi \u00e0 Sal\u00e9, entre le minist\u00e8re de l&rsquo;Industrie et du Commerce, le minist\u00e8re de l&rsquo;Enseignement sup\u00e9rieur, de la Recherche scientifique et de l&rsquo;Innovation, le minist\u00e8re de la Transition num\u00e9rique et de la R\u00e9forme &hellip;\" \/>\n<meta property=\"og:url\" content=\"https:\/\/dpress.ma\/fr\/2026\/07\/03\/sale-signature-dune-convention-de-partenariat-pour-le-developpement-des-competences-en-ia-et-des-technologies-industrielles\/\" \/>\n<meta property=\"og:site_name\" content=\"Dpress.ma\/fr\" \/>\n<meta property=\"article:published_time\" content=\"2026-07-03T09:36:58+00:00\" \/>\n<meta property=\"article:modified_time\" content=\"2026-07-03T09:37:00+00:00\" \/>\n<meta property=\"og:image\" content=\"https:\/\/dpress.ma\/fr\/wp-content\/uploads\/sites\/2\/2026\/07\/33-1.jpg\" \/>\n\t<meta property=\"og:image:width\" content=\"2539\" \/>\n\t<meta property=\"og:image:height\" content=\"1594\" \/>\n\t<meta property=\"og:image:type\" content=\"image\/jpeg\" \/>\n<meta name=\"author\" content=\"Dpress.ma\" \/>\n<meta name=\"twitter:card\" content=\"summary_large_image\" \/>\n<meta name=\"twitter:label1\" content=\"\u00c9crit par\" \/>\n\t<meta name=\"twitter:data1\" content=\"Dpress.ma\" \/>\n\t<meta name=\"twitter:label2\" content=\"Dur\u00e9e de lecture estim\u00e9e\" \/>\n\t<meta name=\"twitter:data2\" content=\"5 minutes\" \/>\n<script type=\"application\/ld+json\" class=\"yoast-schema-graph\">{\"@context\":\"https:\\\/\\\/schema.org\",\"@graph\":[{\"@type\":\"Article\",\"@id\":\"https:\\\/\\\/dpress.ma\\\/fr\\\/2026\\\/07\\\/03\\\/sale-signature-dune-convention-de-partenariat-pour-le-developpement-des-competences-en-ia-et-des-technologies-industrielles\\\/#article\",\"isPartOf\":{\"@id\":\"https:\\\/\\\/dpress.ma\\\/fr\\\/2026\\\/07\\\/03\\\/sale-signature-dune-convention-de-partenariat-pour-le-developpement-des-competences-en-ia-et-des-technologies-industrielles\\\/\"},\"author\":{\"name\":\"Dpress.ma\",\"@id\":\"https:\\\/\\\/dpress.ma\\\/fr\\\/#\\\/schema\\\/person\\\/4898febf3ccd59e6578d838656a306a0\"},\"headline\":\"Sal\u00e9 : signature d\u2019une convention de partenariat pour le d\u00e9veloppement des comp\u00e9tences en IA et des technologies industrielles\",\"datePublished\":\"2026-07-03T09:36:58+00:00\",\"dateModified\":\"2026-07-03T09:37:00+00:00\",\"mainEntityOfPage\":{\"@id\":\"https:\\\/\\\/dpress.ma\\\/fr\\\/2026\\\/07\\\/03\\\/sale-signature-dune-convention-de-partenariat-pour-le-developpement-des-competences-en-ia-et-des-technologies-industrielles\\\/\"},\"wordCount\":996,\"commentCount\":0,\"image\":{\"@id\":\"https:\\\/\\\/dpress.ma\\\/fr\\\/2026\\\/07\\\/03\\\/sale-signature-dune-convention-de-partenariat-pour-le-developpement-des-competences-en-ia-et-des-technologies-industrielles\\\/#primaryimage\"},\"thumbnailUrl\":\"https:\\\/\\\/dpress.ma\\\/fr\\\/wp-content\\\/uploads\\\/sites\\\/2\\\/2026\\\/07\\\/33-1.jpg\",\"articleSection\":[\"\u00c9conomie\"],\"inLanguage\":\"fr-FR\",\"potentialAction\":[{\"@type\":\"CommentAction\",\"name\":\"Comment\",\"target\":[\"https:\\\/\\\/dpress.ma\\\/fr\\\/2026\\\/07\\\/03\\\/sale-signature-dune-convention-de-partenariat-pour-le-developpement-des-competences-en-ia-et-des-technologies-industrielles\\\/#respond\"]}]},{\"@type\":\"WebPage\",\"@id\":\"https:\\\/\\\/dpress.ma\\\/fr\\\/2026\\\/07\\\/03\\\/sale-signature-dune-convention-de-partenariat-pour-le-developpement-des-competences-en-ia-et-des-technologies-industrielles\\\/\",\"url\":\"https:\\\/\\\/dpress.ma\\\/fr\\\/2026\\\/07\\\/03\\\/sale-signature-dune-convention-de-partenariat-pour-le-developpement-des-competences-en-ia-et-des-technologies-industrielles\\\/\",\"name\":\"Sal\u00e9 : signature d\u2019une convention de partenariat pour le d\u00e9veloppement des comp\u00e9tences en IA et des technologies industrielles - Dpress.ma\\\/fr\",\"isPartOf\":{\"@id\":\"https:\\\/\\\/dpress.ma\\\/fr\\\/#website\"},\"primaryImageOfPage\":{\"@id\":\"https:\\\/\\\/dpress.ma\\\/fr\\\/2026\\\/07\\\/03\\\/sale-signature-dune-convention-de-partenariat-pour-le-developpement-des-competences-en-ia-et-des-technologies-industrielles\\\/#primaryimage\"},\"image\":{\"@id\":\"https:\\\/\\\/dpress.ma\\\/fr\\\/2026\\\/07\\\/03\\\/sale-signature-dune-convention-de-partenariat-pour-le-developpement-des-competences-en-ia-et-des-technologies-industrielles\\\/#primaryimage\"},\"thumbnailUrl\":\"https:\\\/\\\/dpress.ma\\\/fr\\\/wp-content\\\/uploads\\\/sites\\\/2\\\/2026\\\/07\\\/33-1.jpg\",\"datePublished\":\"2026-07-03T09:36:58+00:00\",\"dateModified\":\"2026-07-03T09:37:00+00:00\",\"author\":{\"@id\":\"https:\\\/\\\/dpress.ma\\\/fr\\\/#\\\/schema\\\/person\\\/4898febf3ccd59e6578d838656a306a0\"},\"breadcrumb\":{\"@id\":\"https:\\\/\\\/dpress.ma\\\/fr\\\/2026\\\/07\\\/03\\\/sale-signature-dune-convention-de-partenariat-pour-le-developpement-des-competences-en-ia-et-des-technologies-industrielles\\\/#breadcrumb\"},\"inLanguage\":\"fr-FR\",\"potentialAction\":[{\"@type\":\"ReadAction\",\"target\":[\"https:\\\/\\\/dpress.ma\\\/fr\\\/2026\\\/07\\\/03\\\/sale-signature-dune-convention-de-partenariat-pour-le-developpement-des-competences-en-ia-et-des-technologies-industrielles\\\/\"]}]},{\"@type\":\"ImageObject\",\"inLanguage\":\"fr-FR\",\"@id\":\"https:\\\/\\\/dpress.ma\\\/fr\\\/2026\\\/07\\\/03\\\/sale-signature-dune-convention-de-partenariat-pour-le-developpement-des-competences-en-ia-et-des-technologies-industrielles\\\/#primaryimage\",\"url\":\"https:\\\/\\\/dpress.ma\\\/fr\\\/wp-content\\\/uploads\\\/sites\\\/2\\\/2026\\\/07\\\/33-1.jpg\",\"contentUrl\":\"https:\\\/\\\/dpress.ma\\\/fr\\\/wp-content\\\/uploads\\\/sites\\\/2\\\/2026\\\/07\\\/33-1.jpg\",\"width\":2539,\"height\":1594},{\"@type\":\"BreadcrumbList\",\"@id\":\"https:\\\/\\\/dpress.ma\\\/fr\\\/2026\\\/07\\\/03\\\/sale-signature-dune-convention-de-partenariat-pour-le-developpement-des-competences-en-ia-et-des-technologies-industrielles\\\/#breadcrumb\",\"itemListElement\":[{\"@type\":\"ListItem\",\"position\":1,\"name\":\"Home\",\"item\":\"https:\\\/\\\/dpress.ma\\\/fr\\\/\"},{\"@type\":\"ListItem\",\"position\":2,\"name\":\"Sal\u00e9 : signature d\u2019une convention de partenariat pour le d\u00e9veloppement des comp\u00e9tences en IA et des technologies industrielles\"}]},{\"@type\":\"WebSite\",\"@id\":\"https:\\\/\\\/dpress.ma\\\/fr\\\/#website\",\"url\":\"https:\\\/\\\/dpress.ma\\\/fr\\\/\",\"name\":\"Dpress.ma\\\/fr\",\"description\":\"\",\"potentialAction\":[{\"@type\":\"SearchAction\",\"target\":{\"@type\":\"EntryPoint\",\"urlTemplate\":\"https:\\\/\\\/dpress.ma\\\/fr\\\/?s={search_term_string}\"},\"query-input\":{\"@type\":\"PropertyValueSpecification\",\"valueRequired\":true,\"valueName\":\"search_term_string\"}}],\"inLanguage\":\"fr-FR\"},{\"@type\":\"Person\",\"@id\":\"https:\\\/\\\/dpress.ma\\\/fr\\\/#\\\/schema\\\/person\\\/4898febf3ccd59e6578d838656a306a0\",\"name\":\"Dpress.ma\",\"image\":{\"@type\":\"ImageObject\",\"inLanguage\":\"fr-FR\",\"@id\":\"https:\\\/\\\/secure.gravatar.com\\\/avatar\\\/72ecc30e9db047a2e0e7176561eb9d564ed77c8108376495b19bd8336405198a?s=96&d=mm&r=g\",\"url\":\"https:\\\/\\\/secure.gravatar.com\\\/avatar\\\/72ecc30e9db047a2e0e7176561eb9d564ed77c8108376495b19bd8336405198a?s=96&d=mm&r=g\",\"contentUrl\":\"https:\\\/\\\/secure.gravatar.com\\\/avatar\\\/72ecc30e9db047a2e0e7176561eb9d564ed77c8108376495b19bd8336405198a?s=96&d=mm&r=g\",\"caption\":\"Dpress.ma\"},\"sameAs\":[\"https:\\\/\\\/www.dpress.ma\"],\"url\":\"https:\\\/\\\/dpress.ma\\\/fr\\\/author\\\/dpress-ma\\\/\"}]}<\/script>\n<!-- \/ Yoast SEO plugin. -->","yoast_head_json":{"title":"Sal\u00e9 : signature d\u2019une convention de partenariat pour le d\u00e9veloppement des comp\u00e9tences en IA et des technologies industrielles - Dpress.ma\/fr","robots":{"index":"index","follow":"follow","max-snippet":"max-snippet:-1","max-image-preview":"max-image-preview:large","max-video-preview":"max-video-preview:-1"},"canonical":"https:\/\/dpress.ma\/fr\/2026\/07\/03\/sale-signature-dune-convention-de-partenariat-pour-le-developpement-des-competences-en-ia-et-des-technologies-industrielles\/","og_locale":"fr_FR","og_type":"article","og_title":"Sal\u00e9 : signature d\u2019une convention de partenariat pour le d\u00e9veloppement des comp\u00e9tences en IA et des technologies industrielles - Dpress.ma\/fr","og_description":"Dpress Une convention de partenariat visant \u00e0 structurer un \u00e9cosyst\u00e8me d&rsquo;excellence en Intelligence Artificielle (IA) et en technologies industrielles a \u00e9t\u00e9 sign\u00e9e, jeudi \u00e0 Sal\u00e9, entre le minist\u00e8re de l&rsquo;Industrie et du Commerce, le minist\u00e8re de l&rsquo;Enseignement sup\u00e9rieur, de la Recherche scientifique et de l&rsquo;Innovation, le minist\u00e8re de la Transition num\u00e9rique et de la R\u00e9forme &hellip;","og_url":"https:\/\/dpress.ma\/fr\/2026\/07\/03\/sale-signature-dune-convention-de-partenariat-pour-le-developpement-des-competences-en-ia-et-des-technologies-industrielles\/","og_site_name":"Dpress.ma\/fr","article_published_time":"2026-07-03T09:36:58+00:00","article_modified_time":"2026-07-03T09:37:00+00:00","og_image":[{"width":2539,"height":1594,"url":"https:\/\/dpress.ma\/fr\/wp-content\/uploads\/sites\/2\/2026\/07\/33-1.jpg","type":"image\/jpeg"}],"author":"Dpress.ma","twitter_card":"summary_large_image","twitter_misc":{"\u00c9crit par":"Dpress.ma","Dur\u00e9e de lecture estim\u00e9e":"5 minutes"},"schema":{"@context":"https:\/\/schema.org","@graph":[{"@type":"Article","@id":"https:\/\/dpress.ma\/fr\/2026\/07\/03\/sale-signature-dune-convention-de-partenariat-pour-le-developpement-des-competences-en-ia-et-des-technologies-industrielles\/#article","isPartOf":{"@id":"https:\/\/dpress.ma\/fr\/2026\/07\/03\/sale-signature-dune-convention-de-partenariat-pour-le-developpement-des-competences-en-ia-et-des-technologies-industrielles\/"},"author":{"name":"Dpress.ma","@id":"https:\/\/dpress.ma\/fr\/#\/schema\/person\/4898febf3ccd59e6578d838656a306a0"},"headline":"Sal\u00e9 : signature d\u2019une convention de partenariat pour le d\u00e9veloppement des comp\u00e9tences en IA et des technologies industrielles","datePublished":"2026-07-03T09:36:58+00:00","dateModified":"2026-07-03T09:37:00+00:00","mainEntityOfPage":{"@id":"https:\/\/dpress.ma\/fr\/2026\/07\/03\/sale-signature-dune-convention-de-partenariat-pour-le-developpement-des-competences-en-ia-et-des-technologies-industrielles\/"},"wordCount":996,"commentCount":0,"image":{"@id":"https:\/\/dpress.ma\/fr\/2026\/07\/03\/sale-signature-dune-convention-de-partenariat-pour-le-developpement-des-competences-en-ia-et-des-technologies-industrielles\/#primaryimage"},"thumbnailUrl":"https:\/\/dpress.ma\/fr\/wp-content\/uploads\/sites\/2\/2026\/07\/33-1.jpg","articleSection":["\u00c9conomie"],"inLanguage":"fr-FR","potentialAction":[{"@type":"CommentAction","name":"Comment","target":["https:\/\/dpress.ma\/fr\/2026\/07\/03\/sale-signature-dune-convention-de-partenariat-pour-le-developpement-des-competences-en-ia-et-des-technologies-industrielles\/#respond"]}]},{"@type":"WebPage","@id":"https:\/\/dpress.ma\/fr\/2026\/07\/03\/sale-signature-dune-convention-de-partenariat-pour-le-developpement-des-competences-en-ia-et-des-technologies-industrielles\/","url":"https:\/\/dpress.ma\/fr\/2026\/07\/03\/sale-signature-dune-convention-de-partenariat-pour-le-developpement-des-competences-en-ia-et-des-technologies-industrielles\/","name":"Sal\u00e9 : signature d\u2019une convention de partenariat pour le d\u00e9veloppement des comp\u00e9tences en IA et des technologies industrielles - Dpress.ma\/fr","isPartOf":{"@id":"https:\/\/dpress.ma\/fr\/#website"},"primaryImageOfPage":{"@id":"https:\/\/dpress.ma\/fr\/2026\/07\/03\/sale-signature-dune-convention-de-partenariat-pour-le-developpement-des-competences-en-ia-et-des-technologies-industrielles\/#primaryimage"},"image":{"@id":"https:\/\/dpress.ma\/fr\/2026\/07\/03\/sale-signature-dune-convention-de-partenariat-pour-le-developpement-des-competences-en-ia-et-des-technologies-industrielles\/#primaryimage"},"thumbnailUrl":"https:\/\/dpress.ma\/fr\/wp-content\/uploads\/sites\/2\/2026\/07\/33-1.jpg","datePublished":"2026-07-03T09:36:58+00:00","dateModified":"2026-07-03T09:37:00+00:00","author":{"@id":"https:\/\/dpress.ma\/fr\/#\/schema\/person\/4898febf3ccd59e6578d838656a306a0"},"breadcrumb":{"@id":"https:\/\/dpress.ma\/fr\/2026\/07\/03\/sale-signature-dune-convention-de-partenariat-pour-le-developpement-des-competences-en-ia-et-des-technologies-industrielles\/#breadcrumb"},"inLanguage":"fr-FR","potentialAction":[{"@type":"ReadAction","target":["https:\/\/dpress.ma\/fr\/2026\/07\/03\/sale-signature-dune-convention-de-partenariat-pour-le-developpement-des-competences-en-ia-et-des-technologies-industrielles\/"]}]},{"@type":"ImageObject","inLanguage":"fr-FR","@id":"https:\/\/dpress.ma\/fr\/2026\/07\/03\/sale-signature-dune-convention-de-partenariat-pour-le-developpement-des-competences-en-ia-et-des-technologies-industrielles\/#primaryimage","url":"https:\/\/dpress.ma\/fr\/wp-content\/uploads\/sites\/2\/2026\/07\/33-1.jpg","contentUrl":"https:\/\/dpress.ma\/fr\/wp-content\/uploads\/sites\/2\/2026\/07\/33-1.jpg","width":2539,"height":1594},{"@type":"BreadcrumbList","@id":"https:\/\/dpress.ma\/fr\/2026\/07\/03\/sale-signature-dune-convention-de-partenariat-pour-le-developpement-des-competences-en-ia-et-des-technologies-industrielles\/#breadcrumb","itemListElement":[{"@type":"ListItem","position":1,"name":"Home","item":"https:\/\/dpress.ma\/fr\/"},{"@type":"ListItem","position":2,"name":"Sal\u00e9 : signature d\u2019une convention de partenariat pour le d\u00e9veloppement des comp\u00e9tences en IA et des technologies industrielles"}]},{"@type":"WebSite","@id":"https:\/\/dpress.ma\/fr\/#website","url":"https:\/\/dpress.ma\/fr\/","name":"Dpress.ma\/fr","description":"","potentialAction":[{"@type":"SearchAction","target":{"@type":"EntryPoint","urlTemplate":"https:\/\/dpress.ma\/fr\/?s={search_term_string}"},"query-input":{"@type":"PropertyValueSpecification","valueRequired":true,"valueName":"search_term_string"}}],"inLanguage":"fr-FR"},{"@type":"Person","@id":"https:\/\/dpress.ma\/fr\/#\/schema\/person\/4898febf3ccd59e6578d838656a306a0","name":"Dpress.ma","image":{"@type":"ImageObject","inLanguage":"fr-FR","@id":"https:\/\/secure.gravatar.com\/avatar\/72ecc30e9db047a2e0e7176561eb9d564ed77c8108376495b19bd8336405198a?s=96&d=mm&r=g","url":"https:\/\/secure.gravatar.com\/avatar\/72ecc30e9db047a2e0e7176561eb9d564ed77c8108376495b19bd8336405198a?s=96&d=mm&r=g","contentUrl":"https:\/\/secure.gravatar.com\/avatar\/72ecc30e9db047a2e0e7176561eb9d564ed77c8108376495b19bd8336405198a?s=96&d=mm&r=g","caption":"Dpress.ma"},"sameAs":["https:\/\/www.dpress.ma"],"url":"https:\/\/dpress.ma\/fr\/author\/dpress-ma\/"}]}},"amp_enabled":true,"_links":{"self":[{"href":"https:\/\/dpress.ma\/fr\/wp-json\/wp\/v2\/posts\/35305","targetHints":{"allow":["GET"]}}],"collection":[{"href":"https:\/\/dpress.ma\/fr\/wp-json\/wp\/v2\/posts"}],"about":[{"href":"https:\/\/dpress.ma\/fr\/wp-json\/wp\/v2\/types\/post"}],"author":[{"embeddable":true,"href":"https:\/\/dpress.ma\/fr\/wp-json\/wp\/v2\/users\/2"}],"replies":[{"embeddable":true,"href":"https:\/\/dpress.ma\/fr\/wp-json\/wp\/v2\/comments?post=35305"}],"version-history":[{"count":1,"href":"https:\/\/dpress.ma\/fr\/wp-json\/wp\/v2\/posts\/35305\/revisions"}],"predecessor-version":[{"id":35307,"href":"https:\/\/dpress.ma\/fr\/wp-json\/wp\/v2\/posts\/35305\/revisions\/35307"}],"wp:featuredmedia":[{"embeddable":true,"href":"https:\/\/dpress.ma\/fr\/wp-json\/wp\/v2\/media\/35306"}],"wp:attachment":[{"href":"https:\/\/dpress.ma\/fr\/wp-json\/wp\/v2\/media?parent=35305"}],"wp:term":[{"taxonomy":"category","embeddable":true,"href":"https:\/\/dpress.ma\/fr\/wp-json\/wp\/v2\/categories?post=35305"},{"taxonomy":"post_tag","embeddable":true,"href":"https:\/\/dpress.ma\/fr\/wp-json\/wp\/v2\/tags?post=35305"}],"curies":[{"name":"wp","href":"https:\/\/api.w.org\/{rel}","templated":true}]}}