{"id":3518,"date":"2023-02-07T08:48:02","date_gmt":"2023-02-07T08:48:02","guid":{"rendered":"https:\/\/dpress.ma\/fr\/?p=3518"},"modified":"2023-02-07T08:48:14","modified_gmt":"2023-02-07T08:48:14","slug":"le-maroc-a-les-plus-grandes-chances-dorganiser-la-can-2025","status":"publish","type":"post","link":"https:\/\/dpress.ma\/fr\/2023\/02\/07\/le-maroc-a-les-plus-grandes-chances-dorganiser-la-can-2025\/","title":{"rendered":"Le Maroc a les plus grandes chances d\u2019organiser la CAN 2025"},"content":{"rendered":"\n<p>Dpress<\/p>\n\n\n\n<p>L\u2019agence de presse \u00e9gyptienne du Moyen-Orient (MENA) a \u00e9crit que le Maroc a les plus grandes chances de remporter l\u2019honneur d\u2019accueillir la Coupe d\u2019Afrique des Nations de football (CAN 2025), compte tenu des magnifiques stades et des infrastructures impressionnantes dont dispose le Royaume.<\/p>\n\n\n\n<p>L\u2019agence souligne que le Maroc a d\u00e9pos\u00e9 un dossier distingu\u00e9 aupr\u00e8s de la Conf\u00e9d\u00e9ration Africaine de Football (CAF) pour accueillir la CAN pour la deuxi\u00e8me fois de son histoire, sachant que le Royaume est en comp\u00e9tition avec l\u2019Alg\u00e9rie, le Nigeria, le B\u00e9nin et la Zambie pour organiser la plus importante comp\u00e9tition du continent.<\/p>\n\n\n\n<p>La m\u00eame source poursuit que 35 ans apr\u00e8s que le Maroc a accueilli pour la derni\u00e8re fois la Coupe d\u2019Afrique des Nations, le Royaume s\u2019efforce actuellement d\u2019accueillir la version 2025 de la comp\u00e9tition, rappelant que le Maroc avait accueilli cette coupe une seule fois en 1988.<\/p>\n\n\n\n<p>L\u2019agence a indiqu\u00e9 que la CAF s\u2019appr\u00eate \u00e0 annoncer prochainement le nom du pays qui accueillera la Coupe d\u2019Afrique des Nations 2025, notant que l\u2019\u00e9dition 2025 devait se tenir en Guin\u00e9e, mais la CAF a d\u00e9cid\u00e9 de retirer l\u2019organisation \u00e0 ca pays en raison du retard accus\u00e9 dans les pr\u00e9paratifs.<\/p>\n\n\n\n<p>MENA ajoute qu\u2019en plus des stades de Tanger et Prince Moulay Abdellah de Rabat, qui accueillent actuellement les matches de la Coupe du monde des clubs de la FIFA 2022, le dossier marocain comprend plus d\u2019un stade \u00e9quip\u00e9 pour accueillir la Coupe d\u2019Afrique des Nations 2025.<\/p>\n\n\n\n<p>Et de poursuivre que le Grand stade de Marrakech situ\u00e9 dans la c\u00e9l\u00e8bre Cit\u00e9 ocre est l\u2019un des stades les plus importants au Maroc \u00e9quip\u00e9 pour accueillir la comp\u00e9tition, car il peut accueillir 45.000 spectateurs, et c\u2019est le quatri\u00e8me plus grand stade du Maroc, rappelant que ce stade a \u00e9t\u00e9 inaugur\u00e9 en janvier 2011.<\/p>\n\n\n\n<p>L\u2019agence pr\u00e9cise que dans le dossier marocain pour l\u2019organisation de la Coupe d\u2019Afrique des Nations il y a aussi le grand stade d\u2019Agadir, c\u00e9l\u00e8bre pour le stade \u00abAdrar\u00bb, qui est l\u2019un des stades les plus importants du Royaume, et a une capacit\u00e9 de 45.000 places, dont 10.000 si\u00e8ges sont couverts.<\/p>\n\n\n\n<p>Ouvert en novembre 2013, le Grand Stade d\u2019Agadir a accueilli les matches de la Coupe du monde des clubs en 2013, les matchs du CHAN, et c\u2019est aussi le stade de l\u2019\u00e9quipe Hassania d\u2019Agadir.<\/p>\n\n\n\n<p>L\u2019agence rel\u00e8ve que le dossier marocain pour accueillir CAN 2025 comprend \u00e9galement le Grand Stade de F\u00e8s qui a \u00e9t\u00e9 con\u00e7u selon l\u2019architecture marocaine authentique, et qui peut accueillir pr\u00e8s de 40.000 spectateurs.<\/p>\n","protected":false},"excerpt":{"rendered":"<p>Dpress L\u2019agence de presse \u00e9gyptienne du Moyen-Orient (MENA) a \u00e9crit que le Maroc a les plus grandes chances de remporter l\u2019honneur d\u2019accueillir la Coupe d\u2019Afrique des Nations de football (CAN 2025), compte tenu des magnifiques stades et des infrastructures impressionnantes dont dispose le Royaume. L\u2019agence souligne que le Maroc a d\u00e9pos\u00e9 un dossier distingu\u00e9 aupr\u00e8s &hellip;<\/p>\n","protected":false},"author":2,"featured_media":3268,"comment_status":"open","ping_status":"open","sticky":false,"template":"","format":"standard","meta":{"footnotes":""},"categories":[27],"tags":[],"class_list":["post-3518","post","type-post","status-publish","format-standard","has-post-thumbnail","hentry","category-sport"],"yoast_head":"<!-- This site is optimized with the Yoast SEO plugin v27.5 - https:\/\/yoast.com\/product\/yoast-seo-wordpress\/ -->\n<title>Le Maroc a les plus grandes chances d\u2019organiser la CAN 2025 - Dpress.ma\/fr<\/title>\n<meta name=\"robots\" content=\"index, follow, max-snippet:-1, max-image-preview:large, max-video-preview:-1\" \/>\n<link rel=\"canonical\" href=\"https:\/\/dpress.ma\/fr\/2023\/02\/07\/le-maroc-a-les-plus-grandes-chances-dorganiser-la-can-2025\/\" \/>\n<meta property=\"og:locale\" content=\"fr_FR\" \/>\n<meta property=\"og:type\" content=\"article\" \/>\n<meta property=\"og:title\" content=\"Le Maroc a les plus grandes chances d\u2019organiser la CAN 2025 - Dpress.ma\/fr\" \/>\n<meta property=\"og:description\" content=\"Dpress L\u2019agence de presse \u00e9gyptienne du Moyen-Orient (MENA) a \u00e9crit que le Maroc a les plus grandes chances de remporter l\u2019honneur d\u2019accueillir la Coupe d\u2019Afrique des Nations de football (CAN 2025), compte tenu des magnifiques stades et des infrastructures impressionnantes dont dispose le Royaume. L\u2019agence souligne que le Maroc a d\u00e9pos\u00e9 un dossier distingu\u00e9 aupr\u00e8s &hellip;\" \/>\n<meta property=\"og:url\" content=\"https:\/\/dpress.ma\/fr\/2023\/02\/07\/le-maroc-a-les-plus-grandes-chances-dorganiser-la-can-2025\/\" \/>\n<meta property=\"og:site_name\" content=\"Dpress.ma\/fr\" \/>\n<meta property=\"article:published_time\" content=\"2023-02-07T08:48:02+00:00\" \/>\n<meta property=\"article:modified_time\" content=\"2023-02-07T08:48:14+00:00\" \/>\n<meta property=\"og:image\" content=\"https:\/\/dpress.ma\/fr\/wp-content\/uploads\/sites\/2\/2023\/01\/dimensions2-32.jpg\" \/>\n\t<meta property=\"og:image:width\" content=\"2539\" \/>\n\t<meta property=\"og:image:height\" content=\"1594\" \/>\n\t<meta property=\"og:image:type\" content=\"image\/jpeg\" \/>\n<meta name=\"author\" content=\"Dpress.ma\" \/>\n<meta name=\"twitter:card\" content=\"summary_large_image\" \/>\n<meta name=\"twitter:label1\" content=\"\u00c9crit par\" \/>\n\t<meta name=\"twitter:data1\" content=\"Dpress.ma\" \/>\n\t<meta name=\"twitter:label2\" content=\"Dur\u00e9e de lecture estim\u00e9e\" \/>\n\t<meta name=\"twitter:data2\" content=\"3 minutes\" \/>\n<script type=\"application\/ld+json\" class=\"yoast-schema-graph\">{\"@context\":\"https:\\\/\\\/schema.org\",\"@graph\":[{\"@type\":\"Article\",\"@id\":\"https:\\\/\\\/dpress.ma\\\/fr\\\/2023\\\/02\\\/07\\\/le-maroc-a-les-plus-grandes-chances-dorganiser-la-can-2025\\\/#article\",\"isPartOf\":{\"@id\":\"https:\\\/\\\/dpress.ma\\\/fr\\\/2023\\\/02\\\/07\\\/le-maroc-a-les-plus-grandes-chances-dorganiser-la-can-2025\\\/\"},\"author\":{\"name\":\"Dpress.ma\",\"@id\":\"https:\\\/\\\/dpress.ma\\\/fr\\\/#\\\/schema\\\/person\\\/4898febf3ccd59e6578d838656a306a0\"},\"headline\":\"Le Maroc a les plus grandes chances d\u2019organiser la CAN 2025\",\"datePublished\":\"2023-02-07T08:48:02+00:00\",\"dateModified\":\"2023-02-07T08:48:14+00:00\",\"mainEntityOfPage\":{\"@id\":\"https:\\\/\\\/dpress.ma\\\/fr\\\/2023\\\/02\\\/07\\\/le-maroc-a-les-plus-grandes-chances-dorganiser-la-can-2025\\\/\"},\"wordCount\":462,\"commentCount\":0,\"image\":{\"@id\":\"https:\\\/\\\/dpress.ma\\\/fr\\\/2023\\\/02\\\/07\\\/le-maroc-a-les-plus-grandes-chances-dorganiser-la-can-2025\\\/#primaryimage\"},\"thumbnailUrl\":\"https:\\\/\\\/dpress.ma\\\/fr\\\/wp-content\\\/uploads\\\/sites\\\/2\\\/2023\\\/01\\\/dimensions2-32.jpg\",\"articleSection\":[\"Sport\"],\"inLanguage\":\"fr-FR\",\"potentialAction\":[{\"@type\":\"CommentAction\",\"name\":\"Comment\",\"target\":[\"https:\\\/\\\/dpress.ma\\\/fr\\\/2023\\\/02\\\/07\\\/le-maroc-a-les-plus-grandes-chances-dorganiser-la-can-2025\\\/#respond\"]}]},{\"@type\":\"WebPage\",\"@id\":\"https:\\\/\\\/dpress.ma\\\/fr\\\/2023\\\/02\\\/07\\\/le-maroc-a-les-plus-grandes-chances-dorganiser-la-can-2025\\\/\",\"url\":\"https:\\\/\\\/dpress.ma\\\/fr\\\/2023\\\/02\\\/07\\\/le-maroc-a-les-plus-grandes-chances-dorganiser-la-can-2025\\\/\",\"name\":\"Le Maroc a les plus grandes chances d\u2019organiser la CAN 2025 - Dpress.ma\\\/fr\",\"isPartOf\":{\"@id\":\"https:\\\/\\\/dpress.ma\\\/fr\\\/#website\"},\"primaryImageOfPage\":{\"@id\":\"https:\\\/\\\/dpress.ma\\\/fr\\\/2023\\\/02\\\/07\\\/le-maroc-a-les-plus-grandes-chances-dorganiser-la-can-2025\\\/#primaryimage\"},\"image\":{\"@id\":\"https:\\\/\\\/dpress.ma\\\/fr\\\/2023\\\/02\\\/07\\\/le-maroc-a-les-plus-grandes-chances-dorganiser-la-can-2025\\\/#primaryimage\"},\"thumbnailUrl\":\"https:\\\/\\\/dpress.ma\\\/fr\\\/wp-content\\\/uploads\\\/sites\\\/2\\\/2023\\\/01\\\/dimensions2-32.jpg\",\"datePublished\":\"2023-02-07T08:48:02+00:00\",\"dateModified\":\"2023-02-07T08:48:14+00:00\",\"author\":{\"@id\":\"https:\\\/\\\/dpress.ma\\\/fr\\\/#\\\/schema\\\/person\\\/4898febf3ccd59e6578d838656a306a0\"},\"breadcrumb\":{\"@id\":\"https:\\\/\\\/dpress.ma\\\/fr\\\/2023\\\/02\\\/07\\\/le-maroc-a-les-plus-grandes-chances-dorganiser-la-can-2025\\\/#breadcrumb\"},\"inLanguage\":\"fr-FR\",\"potentialAction\":[{\"@type\":\"ReadAction\",\"target\":[\"https:\\\/\\\/dpress.ma\\\/fr\\\/2023\\\/02\\\/07\\\/le-maroc-a-les-plus-grandes-chances-dorganiser-la-can-2025\\\/\"]}]},{\"@type\":\"ImageObject\",\"inLanguage\":\"fr-FR\",\"@id\":\"https:\\\/\\\/dpress.ma\\\/fr\\\/2023\\\/02\\\/07\\\/le-maroc-a-les-plus-grandes-chances-dorganiser-la-can-2025\\\/#primaryimage\",\"url\":\"https:\\\/\\\/dpress.ma\\\/fr\\\/wp-content\\\/uploads\\\/sites\\\/2\\\/2023\\\/01\\\/dimensions2-32.jpg\",\"contentUrl\":\"https:\\\/\\\/dpress.ma\\\/fr\\\/wp-content\\\/uploads\\\/sites\\\/2\\\/2023\\\/01\\\/dimensions2-32.jpg\",\"width\":2539,\"height\":1594},{\"@type\":\"BreadcrumbList\",\"@id\":\"https:\\\/\\\/dpress.ma\\\/fr\\\/2023\\\/02\\\/07\\\/le-maroc-a-les-plus-grandes-chances-dorganiser-la-can-2025\\\/#breadcrumb\",\"itemListElement\":[{\"@type\":\"ListItem\",\"position\":1,\"name\":\"Home\",\"item\":\"https:\\\/\\\/dpress.ma\\\/fr\\\/\"},{\"@type\":\"ListItem\",\"position\":2,\"name\":\"Le Maroc a les plus grandes chances d\u2019organiser la CAN 2025\"}]},{\"@type\":\"WebSite\",\"@id\":\"https:\\\/\\\/dpress.ma\\\/fr\\\/#website\",\"url\":\"https:\\\/\\\/dpress.ma\\\/fr\\\/\",\"name\":\"Dpress.ma\\\/fr\",\"description\":\"\",\"potentialAction\":[{\"@type\":\"SearchAction\",\"target\":{\"@type\":\"EntryPoint\",\"urlTemplate\":\"https:\\\/\\\/dpress.ma\\\/fr\\\/?s={search_term_string}\"},\"query-input\":{\"@type\":\"PropertyValueSpecification\",\"valueRequired\":true,\"valueName\":\"search_term_string\"}}],\"inLanguage\":\"fr-FR\"},{\"@type\":\"Person\",\"@id\":\"https:\\\/\\\/dpress.ma\\\/fr\\\/#\\\/schema\\\/person\\\/4898febf3ccd59e6578d838656a306a0\",\"name\":\"Dpress.ma\",\"image\":{\"@type\":\"ImageObject\",\"inLanguage\":\"fr-FR\",\"@id\":\"https:\\\/\\\/secure.gravatar.com\\\/avatar\\\/72ecc30e9db047a2e0e7176561eb9d564ed77c8108376495b19bd8336405198a?s=96&d=mm&r=g\",\"url\":\"https:\\\/\\\/secure.gravatar.com\\\/avatar\\\/72ecc30e9db047a2e0e7176561eb9d564ed77c8108376495b19bd8336405198a?s=96&d=mm&r=g\",\"contentUrl\":\"https:\\\/\\\/secure.gravatar.com\\\/avatar\\\/72ecc30e9db047a2e0e7176561eb9d564ed77c8108376495b19bd8336405198a?s=96&d=mm&r=g\",\"caption\":\"Dpress.ma\"},\"sameAs\":[\"https:\\\/\\\/www.dpress.ma\"],\"url\":\"https:\\\/\\\/dpress.ma\\\/fr\\\/author\\\/dpress-ma\\\/\"}]}<\/script>\n<!-- \/ Yoast SEO plugin. -->","yoast_head_json":{"title":"Le Maroc a les plus grandes chances d\u2019organiser la CAN 2025 - Dpress.ma\/fr","robots":{"index":"index","follow":"follow","max-snippet":"max-snippet:-1","max-image-preview":"max-image-preview:large","max-video-preview":"max-video-preview:-1"},"canonical":"https:\/\/dpress.ma\/fr\/2023\/02\/07\/le-maroc-a-les-plus-grandes-chances-dorganiser-la-can-2025\/","og_locale":"fr_FR","og_type":"article","og_title":"Le Maroc a les plus grandes chances d\u2019organiser la CAN 2025 - Dpress.ma\/fr","og_description":"Dpress L\u2019agence de presse \u00e9gyptienne du Moyen-Orient (MENA) a \u00e9crit que le Maroc a les plus grandes chances de remporter l\u2019honneur d\u2019accueillir la Coupe d\u2019Afrique des Nations de football (CAN 2025), compte tenu des magnifiques stades et des infrastructures impressionnantes dont dispose le Royaume. L\u2019agence souligne que le Maroc a d\u00e9pos\u00e9 un dossier distingu\u00e9 aupr\u00e8s &hellip;","og_url":"https:\/\/dpress.ma\/fr\/2023\/02\/07\/le-maroc-a-les-plus-grandes-chances-dorganiser-la-can-2025\/","og_site_name":"Dpress.ma\/fr","article_published_time":"2023-02-07T08:48:02+00:00","article_modified_time":"2023-02-07T08:48:14+00:00","og_image":[{"width":2539,"height":1594,"url":"https:\/\/dpress.ma\/fr\/wp-content\/uploads\/sites\/2\/2023\/01\/dimensions2-32.jpg","type":"image\/jpeg"}],"author":"Dpress.ma","twitter_card":"summary_large_image","twitter_misc":{"\u00c9crit par":"Dpress.ma","Dur\u00e9e de lecture estim\u00e9e":"3 minutes"},"schema":{"@context":"https:\/\/schema.org","@graph":[{"@type":"Article","@id":"https:\/\/dpress.ma\/fr\/2023\/02\/07\/le-maroc-a-les-plus-grandes-chances-dorganiser-la-can-2025\/#article","isPartOf":{"@id":"https:\/\/dpress.ma\/fr\/2023\/02\/07\/le-maroc-a-les-plus-grandes-chances-dorganiser-la-can-2025\/"},"author":{"name":"Dpress.ma","@id":"https:\/\/dpress.ma\/fr\/#\/schema\/person\/4898febf3ccd59e6578d838656a306a0"},"headline":"Le Maroc a les plus grandes chances d\u2019organiser la CAN 2025","datePublished":"2023-02-07T08:48:02+00:00","dateModified":"2023-02-07T08:48:14+00:00","mainEntityOfPage":{"@id":"https:\/\/dpress.ma\/fr\/2023\/02\/07\/le-maroc-a-les-plus-grandes-chances-dorganiser-la-can-2025\/"},"wordCount":462,"commentCount":0,"image":{"@id":"https:\/\/dpress.ma\/fr\/2023\/02\/07\/le-maroc-a-les-plus-grandes-chances-dorganiser-la-can-2025\/#primaryimage"},"thumbnailUrl":"https:\/\/dpress.ma\/fr\/wp-content\/uploads\/sites\/2\/2023\/01\/dimensions2-32.jpg","articleSection":["Sport"],"inLanguage":"fr-FR","potentialAction":[{"@type":"CommentAction","name":"Comment","target":["https:\/\/dpress.ma\/fr\/2023\/02\/07\/le-maroc-a-les-plus-grandes-chances-dorganiser-la-can-2025\/#respond"]}]},{"@type":"WebPage","@id":"https:\/\/dpress.ma\/fr\/2023\/02\/07\/le-maroc-a-les-plus-grandes-chances-dorganiser-la-can-2025\/","url":"https:\/\/dpress.ma\/fr\/2023\/02\/07\/le-maroc-a-les-plus-grandes-chances-dorganiser-la-can-2025\/","name":"Le Maroc a les plus grandes chances d\u2019organiser la CAN 2025 - Dpress.ma\/fr","isPartOf":{"@id":"https:\/\/dpress.ma\/fr\/#website"},"primaryImageOfPage":{"@id":"https:\/\/dpress.ma\/fr\/2023\/02\/07\/le-maroc-a-les-plus-grandes-chances-dorganiser-la-can-2025\/#primaryimage"},"image":{"@id":"https:\/\/dpress.ma\/fr\/2023\/02\/07\/le-maroc-a-les-plus-grandes-chances-dorganiser-la-can-2025\/#primaryimage"},"thumbnailUrl":"https:\/\/dpress.ma\/fr\/wp-content\/uploads\/sites\/2\/2023\/01\/dimensions2-32.jpg","datePublished":"2023-02-07T08:48:02+00:00","dateModified":"2023-02-07T08:48:14+00:00","author":{"@id":"https:\/\/dpress.ma\/fr\/#\/schema\/person\/4898febf3ccd59e6578d838656a306a0"},"breadcrumb":{"@id":"https:\/\/dpress.ma\/fr\/2023\/02\/07\/le-maroc-a-les-plus-grandes-chances-dorganiser-la-can-2025\/#breadcrumb"},"inLanguage":"fr-FR","potentialAction":[{"@type":"ReadAction","target":["https:\/\/dpress.ma\/fr\/2023\/02\/07\/le-maroc-a-les-plus-grandes-chances-dorganiser-la-can-2025\/"]}]},{"@type":"ImageObject","inLanguage":"fr-FR","@id":"https:\/\/dpress.ma\/fr\/2023\/02\/07\/le-maroc-a-les-plus-grandes-chances-dorganiser-la-can-2025\/#primaryimage","url":"https:\/\/dpress.ma\/fr\/wp-content\/uploads\/sites\/2\/2023\/01\/dimensions2-32.jpg","contentUrl":"https:\/\/dpress.ma\/fr\/wp-content\/uploads\/sites\/2\/2023\/01\/dimensions2-32.jpg","width":2539,"height":1594},{"@type":"BreadcrumbList","@id":"https:\/\/dpress.ma\/fr\/2023\/02\/07\/le-maroc-a-les-plus-grandes-chances-dorganiser-la-can-2025\/#breadcrumb","itemListElement":[{"@type":"ListItem","position":1,"name":"Home","item":"https:\/\/dpress.ma\/fr\/"},{"@type":"ListItem","position":2,"name":"Le Maroc a les plus grandes chances d\u2019organiser la CAN 2025"}]},{"@type":"WebSite","@id":"https:\/\/dpress.ma\/fr\/#website","url":"https:\/\/dpress.ma\/fr\/","name":"Dpress.ma\/fr","description":"","potentialAction":[{"@type":"SearchAction","target":{"@type":"EntryPoint","urlTemplate":"https:\/\/dpress.ma\/fr\/?s={search_term_string}"},"query-input":{"@type":"PropertyValueSpecification","valueRequired":true,"valueName":"search_term_string"}}],"inLanguage":"fr-FR"},{"@type":"Person","@id":"https:\/\/dpress.ma\/fr\/#\/schema\/person\/4898febf3ccd59e6578d838656a306a0","name":"Dpress.ma","image":{"@type":"ImageObject","inLanguage":"fr-FR","@id":"https:\/\/secure.gravatar.com\/avatar\/72ecc30e9db047a2e0e7176561eb9d564ed77c8108376495b19bd8336405198a?s=96&d=mm&r=g","url":"https:\/\/secure.gravatar.com\/avatar\/72ecc30e9db047a2e0e7176561eb9d564ed77c8108376495b19bd8336405198a?s=96&d=mm&r=g","contentUrl":"https:\/\/secure.gravatar.com\/avatar\/72ecc30e9db047a2e0e7176561eb9d564ed77c8108376495b19bd8336405198a?s=96&d=mm&r=g","caption":"Dpress.ma"},"sameAs":["https:\/\/www.dpress.ma"],"url":"https:\/\/dpress.ma\/fr\/author\/dpress-ma\/"}]}},"amp_enabled":true,"_links":{"self":[{"href":"https:\/\/dpress.ma\/fr\/wp-json\/wp\/v2\/posts\/3518","targetHints":{"allow":["GET"]}}],"collection":[{"href":"https:\/\/dpress.ma\/fr\/wp-json\/wp\/v2\/posts"}],"about":[{"href":"https:\/\/dpress.ma\/fr\/wp-json\/wp\/v2\/types\/post"}],"author":[{"embeddable":true,"href":"https:\/\/dpress.ma\/fr\/wp-json\/wp\/v2\/users\/2"}],"replies":[{"embeddable":true,"href":"https:\/\/dpress.ma\/fr\/wp-json\/wp\/v2\/comments?post=3518"}],"version-history":[{"count":1,"href":"https:\/\/dpress.ma\/fr\/wp-json\/wp\/v2\/posts\/3518\/revisions"}],"predecessor-version":[{"id":3519,"href":"https:\/\/dpress.ma\/fr\/wp-json\/wp\/v2\/posts\/3518\/revisions\/3519"}],"wp:featuredmedia":[{"embeddable":true,"href":"https:\/\/dpress.ma\/fr\/wp-json\/wp\/v2\/media\/3268"}],"wp:attachment":[{"href":"https:\/\/dpress.ma\/fr\/wp-json\/wp\/v2\/media?parent=3518"}],"wp:term":[{"taxonomy":"category","embeddable":true,"href":"https:\/\/dpress.ma\/fr\/wp-json\/wp\/v2\/categories?post=3518"},{"taxonomy":"post_tag","embeddable":true,"href":"https:\/\/dpress.ma\/fr\/wp-json\/wp\/v2\/tags?post=3518"}],"curies":[{"name":"wp","href":"https:\/\/api.w.org\/{rel}","templated":true}]}}