{"id":3504,"date":"2023-02-06T15:32:50","date_gmt":"2023-02-06T15:32:50","guid":{"rendered":"https:\/\/dpress.ma\/fr\/?p=3504"},"modified":"2023-02-06T15:32:51","modified_gmt":"2023-02-06T15:32:51","slug":"anapec-coup-denvoi-du-plan-operationnel-generation-entrepreneurs","status":"publish","type":"post","link":"https:\/\/dpress.ma\/fr\/2023\/02\/06\/anapec-coup-denvoi-du-plan-operationnel-generation-entrepreneurs\/","title":{"rendered":"ANAPEC : coup d\u2019envoi du plan op\u00e9rationnel \u201cG\u00e9n\u00e9ration Entrepreneurs\u201d"},"content":{"rendered":"\n<p>Dpress<\/p>\n\n\n\n<p>Le coup d\u2019envoi du plan op\u00e9rationnel \u00ab&nbsp;G\u00e9n\u00e9ration Entrepreneurs&nbsp;\u00bb a \u00e9t\u00e9 donn\u00e9, lundi \u00e0 Rabat, \u00e0 l\u2019initiative de l\u2019Agence nationale de promotion des emplois et des comp\u00e9tences (ANAPEC).<\/p>\n\n\n\n<p>Lanc\u00e9 lors d\u2019une c\u00e9r\u00e9monie pr\u00e9sid\u00e9e par le ministre de l\u2019Inclusion \u00e9conomique, de la Petite entreprise, de l\u2019Emploi et des comp\u00e9tences, Younes Sekkouri, ce plan ambitionne l\u2019accompagnement de 100.000 porteurs de projets et auto-entrepreneurs, ainsi que les tr\u00e8s petites entreprises (TPE) entre 2023 et 2026.<\/p>\n\n\n\n<p>Le plan est amorc\u00e9 avec la cr\u00e9ation d\u2019une direction centrale d\u00e9di\u00e9e aux \u00ab&nbsp;Prestations \u00e0 l\u2019Entrepreneuriat et la TPE&nbsp;\u00bb compos\u00e9e de 3 divisons et 6 services centraux, et la d\u00e9finition de plans d\u2019actions r\u00e9gionaux dont le d\u00e9ploiement sera assur\u00e9 par un r\u00e9seau de 82 agences couvrant l\u2019ensemble des provinces, et appuy\u00e9es par 12 services r\u00e9gionaux supports d\u00e9di\u00e9s \u00e0 l\u2019animation de la ligne de m\u00e9tier entrepreneuriat et TPE.<\/p>\n\n\n\n<p>A cette occasion, M. Sekkouri a indiqu\u00e9 que ce plan volontariste baptis\u00e9 \u00ab&nbsp;G\u00e9n\u00e9ration Entrepreneurs&nbsp;\u00bb porte sur 6 chantiers structurants permettant la distribution d\u2019une nouvelle g\u00e9n\u00e9ration de prestations d\u2019offres de services publics ciblant diff\u00e9rents segments, citant dans ce sens les porteurs de projets, auto-entrepreneurs, TPE, et unit\u00e9s de production informelles.<\/p>\n\n\n\n<p>La distribution de ces prestations, a-t-il dit, se fera par le biais des agences et espaces territoriaux sp\u00e9cialis\u00e9s de proximit\u00e9 et des ressources humaines certifi\u00e9es d\u00e9di\u00e9es, en plus d\u2019un renforcement des capacit\u00e9s op\u00e9rationnelles des agences, un dispositif de suivi de pilotage et de gouvernance, un programme de conduite du changement et de fortes dynamiques partenariales notamment avec les r\u00e9gions.<\/p>\n\n\n\n<p>De son c\u00f4t\u00e9, le directeur g\u00e9n\u00e9ral par int\u00e9rim de l\u2019ANAPEC, Noureddine Benkhalil, s\u2019est dit fier du lancement par l\u2019ANAPEC de ce projet visant la ligne des m\u00e9tiers entrepreneuriat et TPE, faisant observer que l\u2019emploi salari\u00e9 et l\u2019auto-emploi ont certes \u00e9t\u00e9 tous les deux pr\u00e9sents depuis la cr\u00e9ation de l\u2019ANAPEC, mais avec une pr\u00e9pond\u00e9rance de l\u2019auto-emploi.<\/p>\n\n\n\n<p>N\u00e9anmoins, l\u2019auto-emploi ne permettrait pas d\u2019offrir suffisamment d\u2019emploi \u00e0 la jeunesse, a-t-il d\u00e9plor\u00e9, soulignant dans ce sens que l\u2019auto-entrepreneuriat serait la solution strat\u00e9gique, d\u2019o\u00f9 l\u2019id\u00e9e de le positionner en tant que priorit\u00e9 au m\u00eame titre que l\u2019emploi salari\u00e9.<\/p>\n\n\n\n<p>Avec la r\u00e9solution du dernier conseil d\u2019administration de l\u2019ANAPEC pr\u00e9sid\u00e9 par le ministre de tutelle, plus de 300 agences et points de pr\u00e9sence sont pr\u00e9vus. Le plan op\u00e9rationnel \u00ab&nbsp;G\u00e9n\u00e9ration Entrepreneurs&nbsp;\u00bb se veut un carrefour de l\u2019action entrepreneuriale au Maroc pour mettre en coh\u00e9rence la synergie entre les diff\u00e9rents programmes existants.<\/p>\n","protected":false},"excerpt":{"rendered":"<p>Dpress Le coup d\u2019envoi du plan op\u00e9rationnel \u00ab&nbsp;G\u00e9n\u00e9ration Entrepreneurs&nbsp;\u00bb a \u00e9t\u00e9 donn\u00e9, lundi \u00e0 Rabat, \u00e0 l\u2019initiative de l\u2019Agence nationale de promotion des emplois et des comp\u00e9tences (ANAPEC). Lanc\u00e9 lors d\u2019une c\u00e9r\u00e9monie pr\u00e9sid\u00e9e par le ministre de l\u2019Inclusion \u00e9conomique, de la Petite entreprise, de l\u2019Emploi et des comp\u00e9tences, Younes Sekkouri, ce plan ambitionne l\u2019accompagnement de &hellip;<\/p>\n","protected":false},"author":2,"featured_media":3505,"comment_status":"open","ping_status":"open","sticky":false,"template":"","format":"standard","meta":{"footnotes":""},"categories":[25],"tags":[],"class_list":["post-3504","post","type-post","status-publish","format-standard","has-post-thumbnail","hentry","category-economie"],"yoast_head":"<!-- This site is optimized with the Yoast SEO plugin v27.5 - https:\/\/yoast.com\/product\/yoast-seo-wordpress\/ -->\n<title>ANAPEC : coup d\u2019envoi du plan op\u00e9rationnel \u201cG\u00e9n\u00e9ration Entrepreneurs\u201d - Dpress.ma\/fr<\/title>\n<meta name=\"description\" content=\"Le coup d\u2019envoi du plan op\u00e9rationnel \u00ab\u00a0G\u00e9n\u00e9ration Entrepreneurs\u00a0\u00bb a \u00e9t\u00e9 donn\u00e9, lundi \u00e0 Rabat, \u00e0 l\u2019initiative de l\u2019Agence nationale de promotion des emplois et des comp\u00e9tences (ANAPEC).\" \/>\n<meta name=\"robots\" content=\"index, follow, max-snippet:-1, max-image-preview:large, max-video-preview:-1\" \/>\n<link rel=\"canonical\" href=\"https:\/\/dpress.ma\/fr\/2023\/02\/06\/anapec-coup-denvoi-du-plan-operationnel-generation-entrepreneurs\/\" \/>\n<meta property=\"og:locale\" content=\"fr_FR\" \/>\n<meta property=\"og:type\" content=\"article\" \/>\n<meta property=\"og:title\" content=\"ANAPEC : coup d\u2019envoi du plan op\u00e9rationnel \u201cG\u00e9n\u00e9ration Entrepreneurs\u201d - Dpress.ma\/fr\" \/>\n<meta property=\"og:description\" content=\"Le coup d\u2019envoi du plan op\u00e9rationnel \u00ab\u00a0G\u00e9n\u00e9ration Entrepreneurs\u00a0\u00bb a \u00e9t\u00e9 donn\u00e9, lundi \u00e0 Rabat, \u00e0 l\u2019initiative de l\u2019Agence nationale de promotion des emplois et des comp\u00e9tences (ANAPEC).\" \/>\n<meta property=\"og:url\" content=\"https:\/\/dpress.ma\/fr\/2023\/02\/06\/anapec-coup-denvoi-du-plan-operationnel-generation-entrepreneurs\/\" \/>\n<meta property=\"og:site_name\" content=\"Dpress.ma\/fr\" \/>\n<meta property=\"article:published_time\" content=\"2023-02-06T15:32:50+00:00\" \/>\n<meta property=\"article:modified_time\" content=\"2023-02-06T15:32:51+00:00\" \/>\n<meta property=\"og:image\" content=\"https:\/\/dpress.ma\/fr\/wp-content\/uploads\/sites\/2\/2023\/02\/dimensions2-14.jpg\" \/>\n\t<meta property=\"og:image:width\" content=\"2539\" \/>\n\t<meta property=\"og:image:height\" content=\"1594\" \/>\n\t<meta property=\"og:image:type\" content=\"image\/jpeg\" \/>\n<meta name=\"author\" content=\"Dpress.ma\" \/>\n<meta name=\"twitter:card\" content=\"summary_large_image\" \/>\n<meta name=\"twitter:label1\" content=\"\u00c9crit par\" \/>\n\t<meta name=\"twitter:data1\" content=\"Dpress.ma\" \/>\n\t<meta name=\"twitter:label2\" content=\"Dur\u00e9e de lecture estim\u00e9e\" \/>\n\t<meta name=\"twitter:data2\" content=\"2 minutes\" \/>\n<script type=\"application\/ld+json\" class=\"yoast-schema-graph\">{\"@context\":\"https:\\\/\\\/schema.org\",\"@graph\":[{\"@type\":\"Article\",\"@id\":\"https:\\\/\\\/dpress.ma\\\/fr\\\/2023\\\/02\\\/06\\\/anapec-coup-denvoi-du-plan-operationnel-generation-entrepreneurs\\\/#article\",\"isPartOf\":{\"@id\":\"https:\\\/\\\/dpress.ma\\\/fr\\\/2023\\\/02\\\/06\\\/anapec-coup-denvoi-du-plan-operationnel-generation-entrepreneurs\\\/\"},\"author\":{\"name\":\"Dpress.ma\",\"@id\":\"https:\\\/\\\/dpress.ma\\\/fr\\\/#\\\/schema\\\/person\\\/4898febf3ccd59e6578d838656a306a0\"},\"headline\":\"ANAPEC : coup d\u2019envoi du plan op\u00e9rationnel \u201cG\u00e9n\u00e9ration Entrepreneurs\u201d\",\"datePublished\":\"2023-02-06T15:32:50+00:00\",\"dateModified\":\"2023-02-06T15:32:51+00:00\",\"mainEntityOfPage\":{\"@id\":\"https:\\\/\\\/dpress.ma\\\/fr\\\/2023\\\/02\\\/06\\\/anapec-coup-denvoi-du-plan-operationnel-generation-entrepreneurs\\\/\"},\"wordCount\":487,\"commentCount\":0,\"image\":{\"@id\":\"https:\\\/\\\/dpress.ma\\\/fr\\\/2023\\\/02\\\/06\\\/anapec-coup-denvoi-du-plan-operationnel-generation-entrepreneurs\\\/#primaryimage\"},\"thumbnailUrl\":\"https:\\\/\\\/dpress.ma\\\/fr\\\/wp-content\\\/uploads\\\/sites\\\/2\\\/2023\\\/02\\\/dimensions2-14.jpg\",\"articleSection\":[\"\u00c9conomie\"],\"inLanguage\":\"fr-FR\",\"potentialAction\":[{\"@type\":\"CommentAction\",\"name\":\"Comment\",\"target\":[\"https:\\\/\\\/dpress.ma\\\/fr\\\/2023\\\/02\\\/06\\\/anapec-coup-denvoi-du-plan-operationnel-generation-entrepreneurs\\\/#respond\"]}]},{\"@type\":\"WebPage\",\"@id\":\"https:\\\/\\\/dpress.ma\\\/fr\\\/2023\\\/02\\\/06\\\/anapec-coup-denvoi-du-plan-operationnel-generation-entrepreneurs\\\/\",\"url\":\"https:\\\/\\\/dpress.ma\\\/fr\\\/2023\\\/02\\\/06\\\/anapec-coup-denvoi-du-plan-operationnel-generation-entrepreneurs\\\/\",\"name\":\"ANAPEC : coup d\u2019envoi du plan op\u00e9rationnel \u201cG\u00e9n\u00e9ration Entrepreneurs\u201d - Dpress.ma\\\/fr\",\"isPartOf\":{\"@id\":\"https:\\\/\\\/dpress.ma\\\/fr\\\/#website\"},\"primaryImageOfPage\":{\"@id\":\"https:\\\/\\\/dpress.ma\\\/fr\\\/2023\\\/02\\\/06\\\/anapec-coup-denvoi-du-plan-operationnel-generation-entrepreneurs\\\/#primaryimage\"},\"image\":{\"@id\":\"https:\\\/\\\/dpress.ma\\\/fr\\\/2023\\\/02\\\/06\\\/anapec-coup-denvoi-du-plan-operationnel-generation-entrepreneurs\\\/#primaryimage\"},\"thumbnailUrl\":\"https:\\\/\\\/dpress.ma\\\/fr\\\/wp-content\\\/uploads\\\/sites\\\/2\\\/2023\\\/02\\\/dimensions2-14.jpg\",\"datePublished\":\"2023-02-06T15:32:50+00:00\",\"dateModified\":\"2023-02-06T15:32:51+00:00\",\"author\":{\"@id\":\"https:\\\/\\\/dpress.ma\\\/fr\\\/#\\\/schema\\\/person\\\/4898febf3ccd59e6578d838656a306a0\"},\"description\":\"Le coup d\u2019envoi du plan op\u00e9rationnel \u00ab\u00a0G\u00e9n\u00e9ration Entrepreneurs\u00a0\u00bb a \u00e9t\u00e9 donn\u00e9, lundi \u00e0 Rabat, \u00e0 l\u2019initiative de l\u2019Agence nationale de promotion des emplois et des comp\u00e9tences (ANAPEC).\",\"breadcrumb\":{\"@id\":\"https:\\\/\\\/dpress.ma\\\/fr\\\/2023\\\/02\\\/06\\\/anapec-coup-denvoi-du-plan-operationnel-generation-entrepreneurs\\\/#breadcrumb\"},\"inLanguage\":\"fr-FR\",\"potentialAction\":[{\"@type\":\"ReadAction\",\"target\":[\"https:\\\/\\\/dpress.ma\\\/fr\\\/2023\\\/02\\\/06\\\/anapec-coup-denvoi-du-plan-operationnel-generation-entrepreneurs\\\/\"]}]},{\"@type\":\"ImageObject\",\"inLanguage\":\"fr-FR\",\"@id\":\"https:\\\/\\\/dpress.ma\\\/fr\\\/2023\\\/02\\\/06\\\/anapec-coup-denvoi-du-plan-operationnel-generation-entrepreneurs\\\/#primaryimage\",\"url\":\"https:\\\/\\\/dpress.ma\\\/fr\\\/wp-content\\\/uploads\\\/sites\\\/2\\\/2023\\\/02\\\/dimensions2-14.jpg\",\"contentUrl\":\"https:\\\/\\\/dpress.ma\\\/fr\\\/wp-content\\\/uploads\\\/sites\\\/2\\\/2023\\\/02\\\/dimensions2-14.jpg\",\"width\":2539,\"height\":1594},{\"@type\":\"BreadcrumbList\",\"@id\":\"https:\\\/\\\/dpress.ma\\\/fr\\\/2023\\\/02\\\/06\\\/anapec-coup-denvoi-du-plan-operationnel-generation-entrepreneurs\\\/#breadcrumb\",\"itemListElement\":[{\"@type\":\"ListItem\",\"position\":1,\"name\":\"Home\",\"item\":\"https:\\\/\\\/dpress.ma\\\/fr\\\/\"},{\"@type\":\"ListItem\",\"position\":2,\"name\":\"ANAPEC : coup d\u2019envoi du plan op\u00e9rationnel \u201cG\u00e9n\u00e9ration Entrepreneurs\u201d\"}]},{\"@type\":\"WebSite\",\"@id\":\"https:\\\/\\\/dpress.ma\\\/fr\\\/#website\",\"url\":\"https:\\\/\\\/dpress.ma\\\/fr\\\/\",\"name\":\"Dpress.ma\\\/fr\",\"description\":\"\",\"potentialAction\":[{\"@type\":\"SearchAction\",\"target\":{\"@type\":\"EntryPoint\",\"urlTemplate\":\"https:\\\/\\\/dpress.ma\\\/fr\\\/?s={search_term_string}\"},\"query-input\":{\"@type\":\"PropertyValueSpecification\",\"valueRequired\":true,\"valueName\":\"search_term_string\"}}],\"inLanguage\":\"fr-FR\"},{\"@type\":\"Person\",\"@id\":\"https:\\\/\\\/dpress.ma\\\/fr\\\/#\\\/schema\\\/person\\\/4898febf3ccd59e6578d838656a306a0\",\"name\":\"Dpress.ma\",\"image\":{\"@type\":\"ImageObject\",\"inLanguage\":\"fr-FR\",\"@id\":\"https:\\\/\\\/secure.gravatar.com\\\/avatar\\\/72ecc30e9db047a2e0e7176561eb9d564ed77c8108376495b19bd8336405198a?s=96&d=mm&r=g\",\"url\":\"https:\\\/\\\/secure.gravatar.com\\\/avatar\\\/72ecc30e9db047a2e0e7176561eb9d564ed77c8108376495b19bd8336405198a?s=96&d=mm&r=g\",\"contentUrl\":\"https:\\\/\\\/secure.gravatar.com\\\/avatar\\\/72ecc30e9db047a2e0e7176561eb9d564ed77c8108376495b19bd8336405198a?s=96&d=mm&r=g\",\"caption\":\"Dpress.ma\"},\"sameAs\":[\"https:\\\/\\\/www.dpress.ma\"],\"url\":\"https:\\\/\\\/dpress.ma\\\/fr\\\/author\\\/dpress-ma\\\/\"}]}<\/script>\n<!-- \/ Yoast SEO plugin. -->","yoast_head_json":{"title":"ANAPEC : coup d\u2019envoi du plan op\u00e9rationnel \u201cG\u00e9n\u00e9ration Entrepreneurs\u201d - Dpress.ma\/fr","description":"Le coup d\u2019envoi du plan op\u00e9rationnel \u00ab\u00a0G\u00e9n\u00e9ration Entrepreneurs\u00a0\u00bb a \u00e9t\u00e9 donn\u00e9, lundi \u00e0 Rabat, \u00e0 l\u2019initiative de l\u2019Agence nationale de promotion des emplois et des comp\u00e9tences (ANAPEC).","robots":{"index":"index","follow":"follow","max-snippet":"max-snippet:-1","max-image-preview":"max-image-preview:large","max-video-preview":"max-video-preview:-1"},"canonical":"https:\/\/dpress.ma\/fr\/2023\/02\/06\/anapec-coup-denvoi-du-plan-operationnel-generation-entrepreneurs\/","og_locale":"fr_FR","og_type":"article","og_title":"ANAPEC : coup d\u2019envoi du plan op\u00e9rationnel \u201cG\u00e9n\u00e9ration Entrepreneurs\u201d - Dpress.ma\/fr","og_description":"Le coup d\u2019envoi du plan op\u00e9rationnel \u00ab\u00a0G\u00e9n\u00e9ration Entrepreneurs\u00a0\u00bb a \u00e9t\u00e9 donn\u00e9, lundi \u00e0 Rabat, \u00e0 l\u2019initiative de l\u2019Agence nationale de promotion des emplois et des comp\u00e9tences (ANAPEC).","og_url":"https:\/\/dpress.ma\/fr\/2023\/02\/06\/anapec-coup-denvoi-du-plan-operationnel-generation-entrepreneurs\/","og_site_name":"Dpress.ma\/fr","article_published_time":"2023-02-06T15:32:50+00:00","article_modified_time":"2023-02-06T15:32:51+00:00","og_image":[{"width":2539,"height":1594,"url":"https:\/\/dpress.ma\/fr\/wp-content\/uploads\/sites\/2\/2023\/02\/dimensions2-14.jpg","type":"image\/jpeg"}],"author":"Dpress.ma","twitter_card":"summary_large_image","twitter_misc":{"\u00c9crit par":"Dpress.ma","Dur\u00e9e de lecture estim\u00e9e":"2 minutes"},"schema":{"@context":"https:\/\/schema.org","@graph":[{"@type":"Article","@id":"https:\/\/dpress.ma\/fr\/2023\/02\/06\/anapec-coup-denvoi-du-plan-operationnel-generation-entrepreneurs\/#article","isPartOf":{"@id":"https:\/\/dpress.ma\/fr\/2023\/02\/06\/anapec-coup-denvoi-du-plan-operationnel-generation-entrepreneurs\/"},"author":{"name":"Dpress.ma","@id":"https:\/\/dpress.ma\/fr\/#\/schema\/person\/4898febf3ccd59e6578d838656a306a0"},"headline":"ANAPEC : coup d\u2019envoi du plan op\u00e9rationnel \u201cG\u00e9n\u00e9ration Entrepreneurs\u201d","datePublished":"2023-02-06T15:32:50+00:00","dateModified":"2023-02-06T15:32:51+00:00","mainEntityOfPage":{"@id":"https:\/\/dpress.ma\/fr\/2023\/02\/06\/anapec-coup-denvoi-du-plan-operationnel-generation-entrepreneurs\/"},"wordCount":487,"commentCount":0,"image":{"@id":"https:\/\/dpress.ma\/fr\/2023\/02\/06\/anapec-coup-denvoi-du-plan-operationnel-generation-entrepreneurs\/#primaryimage"},"thumbnailUrl":"https:\/\/dpress.ma\/fr\/wp-content\/uploads\/sites\/2\/2023\/02\/dimensions2-14.jpg","articleSection":["\u00c9conomie"],"inLanguage":"fr-FR","potentialAction":[{"@type":"CommentAction","name":"Comment","target":["https:\/\/dpress.ma\/fr\/2023\/02\/06\/anapec-coup-denvoi-du-plan-operationnel-generation-entrepreneurs\/#respond"]}]},{"@type":"WebPage","@id":"https:\/\/dpress.ma\/fr\/2023\/02\/06\/anapec-coup-denvoi-du-plan-operationnel-generation-entrepreneurs\/","url":"https:\/\/dpress.ma\/fr\/2023\/02\/06\/anapec-coup-denvoi-du-plan-operationnel-generation-entrepreneurs\/","name":"ANAPEC : coup d\u2019envoi du plan op\u00e9rationnel \u201cG\u00e9n\u00e9ration Entrepreneurs\u201d - Dpress.ma\/fr","isPartOf":{"@id":"https:\/\/dpress.ma\/fr\/#website"},"primaryImageOfPage":{"@id":"https:\/\/dpress.ma\/fr\/2023\/02\/06\/anapec-coup-denvoi-du-plan-operationnel-generation-entrepreneurs\/#primaryimage"},"image":{"@id":"https:\/\/dpress.ma\/fr\/2023\/02\/06\/anapec-coup-denvoi-du-plan-operationnel-generation-entrepreneurs\/#primaryimage"},"thumbnailUrl":"https:\/\/dpress.ma\/fr\/wp-content\/uploads\/sites\/2\/2023\/02\/dimensions2-14.jpg","datePublished":"2023-02-06T15:32:50+00:00","dateModified":"2023-02-06T15:32:51+00:00","author":{"@id":"https:\/\/dpress.ma\/fr\/#\/schema\/person\/4898febf3ccd59e6578d838656a306a0"},"description":"Le coup d\u2019envoi du plan op\u00e9rationnel \u00ab\u00a0G\u00e9n\u00e9ration Entrepreneurs\u00a0\u00bb a \u00e9t\u00e9 donn\u00e9, lundi \u00e0 Rabat, \u00e0 l\u2019initiative de l\u2019Agence nationale de promotion des emplois et des comp\u00e9tences (ANAPEC).","breadcrumb":{"@id":"https:\/\/dpress.ma\/fr\/2023\/02\/06\/anapec-coup-denvoi-du-plan-operationnel-generation-entrepreneurs\/#breadcrumb"},"inLanguage":"fr-FR","potentialAction":[{"@type":"ReadAction","target":["https:\/\/dpress.ma\/fr\/2023\/02\/06\/anapec-coup-denvoi-du-plan-operationnel-generation-entrepreneurs\/"]}]},{"@type":"ImageObject","inLanguage":"fr-FR","@id":"https:\/\/dpress.ma\/fr\/2023\/02\/06\/anapec-coup-denvoi-du-plan-operationnel-generation-entrepreneurs\/#primaryimage","url":"https:\/\/dpress.ma\/fr\/wp-content\/uploads\/sites\/2\/2023\/02\/dimensions2-14.jpg","contentUrl":"https:\/\/dpress.ma\/fr\/wp-content\/uploads\/sites\/2\/2023\/02\/dimensions2-14.jpg","width":2539,"height":1594},{"@type":"BreadcrumbList","@id":"https:\/\/dpress.ma\/fr\/2023\/02\/06\/anapec-coup-denvoi-du-plan-operationnel-generation-entrepreneurs\/#breadcrumb","itemListElement":[{"@type":"ListItem","position":1,"name":"Home","item":"https:\/\/dpress.ma\/fr\/"},{"@type":"ListItem","position":2,"name":"ANAPEC : coup d\u2019envoi du plan op\u00e9rationnel \u201cG\u00e9n\u00e9ration Entrepreneurs\u201d"}]},{"@type":"WebSite","@id":"https:\/\/dpress.ma\/fr\/#website","url":"https:\/\/dpress.ma\/fr\/","name":"Dpress.ma\/fr","description":"","potentialAction":[{"@type":"SearchAction","target":{"@type":"EntryPoint","urlTemplate":"https:\/\/dpress.ma\/fr\/?s={search_term_string}"},"query-input":{"@type":"PropertyValueSpecification","valueRequired":true,"valueName":"search_term_string"}}],"inLanguage":"fr-FR"},{"@type":"Person","@id":"https:\/\/dpress.ma\/fr\/#\/schema\/person\/4898febf3ccd59e6578d838656a306a0","name":"Dpress.ma","image":{"@type":"ImageObject","inLanguage":"fr-FR","@id":"https:\/\/secure.gravatar.com\/avatar\/72ecc30e9db047a2e0e7176561eb9d564ed77c8108376495b19bd8336405198a?s=96&d=mm&r=g","url":"https:\/\/secure.gravatar.com\/avatar\/72ecc30e9db047a2e0e7176561eb9d564ed77c8108376495b19bd8336405198a?s=96&d=mm&r=g","contentUrl":"https:\/\/secure.gravatar.com\/avatar\/72ecc30e9db047a2e0e7176561eb9d564ed77c8108376495b19bd8336405198a?s=96&d=mm&r=g","caption":"Dpress.ma"},"sameAs":["https:\/\/www.dpress.ma"],"url":"https:\/\/dpress.ma\/fr\/author\/dpress-ma\/"}]}},"amp_enabled":true,"_links":{"self":[{"href":"https:\/\/dpress.ma\/fr\/wp-json\/wp\/v2\/posts\/3504","targetHints":{"allow":["GET"]}}],"collection":[{"href":"https:\/\/dpress.ma\/fr\/wp-json\/wp\/v2\/posts"}],"about":[{"href":"https:\/\/dpress.ma\/fr\/wp-json\/wp\/v2\/types\/post"}],"author":[{"embeddable":true,"href":"https:\/\/dpress.ma\/fr\/wp-json\/wp\/v2\/users\/2"}],"replies":[{"embeddable":true,"href":"https:\/\/dpress.ma\/fr\/wp-json\/wp\/v2\/comments?post=3504"}],"version-history":[{"count":1,"href":"https:\/\/dpress.ma\/fr\/wp-json\/wp\/v2\/posts\/3504\/revisions"}],"predecessor-version":[{"id":3506,"href":"https:\/\/dpress.ma\/fr\/wp-json\/wp\/v2\/posts\/3504\/revisions\/3506"}],"wp:featuredmedia":[{"embeddable":true,"href":"https:\/\/dpress.ma\/fr\/wp-json\/wp\/v2\/media\/3505"}],"wp:attachment":[{"href":"https:\/\/dpress.ma\/fr\/wp-json\/wp\/v2\/media?parent=3504"}],"wp:term":[{"taxonomy":"category","embeddable":true,"href":"https:\/\/dpress.ma\/fr\/wp-json\/wp\/v2\/categories?post=3504"},{"taxonomy":"post_tag","embeddable":true,"href":"https:\/\/dpress.ma\/fr\/wp-json\/wp\/v2\/tags?post=3504"}],"curies":[{"name":"wp","href":"https:\/\/api.w.org\/{rel}","templated":true}]}}