{"id":3496,"date":"2023-02-06T15:18:19","date_gmt":"2023-02-06T15:18:19","guid":{"rendered":"https:\/\/dpress.ma\/fr\/?p=3496"},"modified":"2023-02-06T15:18:20","modified_gmt":"2023-02-06T15:18:20","slug":"le-maroc-fort-des-orientations-claires-de-sm-le-roi-sera-dun-appui-constant-a-la-stabilite-et-a-lintegrite-territoriale-du-soudan-bourita","status":"publish","type":"post","link":"https:\/\/dpress.ma\/fr\/2023\/02\/06\/le-maroc-fort-des-orientations-claires-de-sm-le-roi-sera-dun-appui-constant-a-la-stabilite-et-a-lintegrite-territoriale-du-soudan-bourita\/","title":{"rendered":"Le Maroc, fort des Orientations claires de SM le Roi, sera d\u2019un appui constant \u00e0 la stabilit\u00e9 et \u00e0 l\u2019int\u00e9grit\u00e9 territoriale du Soudan (Bourita)"},"content":{"rendered":"\n<p>Dpress<\/p>\n\n\n\n<p>Le Royaume du Maroc, fort des Orientations claires de SM le Roi Mohammed VI, sera, comme il l\u2019a toujours \u00e9t\u00e9, d\u2019un appui constant \u00e0 la stabilit\u00e9 et \u00e0 l\u2019int\u00e9grit\u00e9 territoriale du Soudan, a assur\u00e9, lundi \u00e0 Rabat, le ministre des Affaires \u00e9trang\u00e8res, de la Coop\u00e9ration africaine et des Marocains r\u00e9sidant \u00e0 l\u2019\u00e9tranger, Nasser Bourita.<\/p>\n\n\n\n<p>Le Maroc sera aussi d\u2019une solidarit\u00e9 totale avec ce pays fr\u00e8re et son peuple dans les choix qui seront les siens, a affirm\u00e9 M. Bourita qui prenait part, par visioconf\u00e9rence, \u00e0 la 1.137\u00e8me session de la r\u00e9union minist\u00e9rielle du Conseil de Paix et de S\u00e9curit\u00e9 (CPS) de l\u2019Union africaine (UA), portant sur l\u2019examen de la situation au Soudan.<\/p>\n\n\n\n<p>Il a \u00e9galement r\u00e9affirm\u00e9 la solidarit\u00e9 du Royaume avec le Soudan fr\u00e8re et r\u00e9it\u00e9r\u00e9 son appui irr\u00e9fragable \u00e0 sa s\u00e9curit\u00e9 et \u00e0 sa stabilit\u00e9, autant qu\u2019\u00e0 son unit\u00e9 nationale et \u00e0 son int\u00e9grit\u00e9 territoriale.<\/p>\n\n\n\n<p>Qualifiant cette rencontre de \u201cmanifestation de soutien au Soudan\u201d, le ministre a pr\u00e9cis\u00e9 que \u201cnous ne sommes pas l\u00e0 pour juger, nous sommes l\u00e0 pour aider. C\u2019est une \u00e9vidence, peut-\u00eatre, mais une \u00e9vidence importante \u00e0 rappeler\u201d.<\/p>\n\n\n\n<p>Il s\u2019agit d\u2019une nouvelle phase porteuse d\u2019espoir, qui s\u2019est ouverte avec la signature de \u201cl\u2019Accord-cadre politique\u201d du 5 d\u00e9cembre 2022, et l\u2019engagement des parties, depuis le 8 janvier dernier, dans des pourparlers en vue d\u2019une transition ordonn\u00e9e, a-t-il poursuivi, ajoutant que le processus politique s\u2019en trouve relanc\u00e9 avec, cette fois, des perspectives r\u00e9elles de stabilisation des institutions d\u00e9mocratiques.<\/p>\n\n\n\n<p>Saluant ces d\u00e9veloppements importants, M. Bourita a tenu \u00e0 rendre hommage \u00e0 toutes les parties prenantes soudanaises (dirigeants en place, partis politiques, syndicats et associations) pour avoir rendu cela possible.<\/p>\n\n\n\n<p>Le ministre a \u00e9galement salu\u00e9 les efforts de l\u2019ONU, de l\u2019UA et de l\u2019IGAD (Autorit\u00e9 intergouvernementale pour le d\u00e9veloppement), dont le r\u00f4le est essentiel dans la facilitation d\u2019un processus politique cr\u00e9dible et inclusif, pr\u00e9cisant que la poursuite de cet engagement trilat\u00e9ral est cruciale pour pr\u00e9server l\u2019accord du 5 d\u00e9cembre et aider le Soudan \u00e0 surmonter ses d\u00e9fis politiques et \u00e9conomiques.<\/p>\n\n\n\n<p>\u201cC\u2019est maintenant, alors que le but est \u00e0 port\u00e9e, que les parties prenantes sont, plus que jamais, devant leur responsabilit\u00e9 historique : celle de prendre le parti du dialogue et de l\u2019int\u00e9r\u00eat supr\u00eame de la Nation\u201d, a-t-il encha\u00een\u00e9, notant que \u201cpour \u00eatre un pas qualitatif certain, l\u2019Accord du 5 d\u00e9cembre n\u2019est ni une fin en soi, ni la fin du chemin\u201d.<\/p>\n\n\n\n<p>Dans ce sens, M. Bourita a appel\u00e9 toutes les parties \u00e0 surmonter les divisions et \u00e0 \u00eatre pr\u00eates \u00e0 consentir les compromis politiques n\u00e9cessaires, relevant que pour \u00eatre durables, les entendements doivent \u00eatre inclusifs dans leur contenu et leurs protagonistes.<\/p>\n\n\n\n<p>\u201cLe d\u00e9mant\u00e8lement du reliquat du pass\u00e9 devrait se traduire par la consolidation d\u2019institutions d\u00e9mocratiques fortes et ind\u00e9pendantes, \u00e0 m\u00eame de garantir la transparence et la responsabilit\u00e9\u201d, a-t-il soutenu, estimant que les r\u00e9formes \u00e9conomiques sont \u201cl\u2019autre jambe\u201d du processus politique.<\/p>\n\n\n\n<p>Les efforts du Soudan pour acc\u00e9l\u00e9rer l\u2019adoption d\u2019un Plan national de relance \u00e9conomique doivent \u00eatre accompagn\u00e9s par un soutien actif de la communaut\u00e9 internationale, a insist\u00e9 M. Bourita.<\/p>\n\n\n\n<p>\u201cLa crise au Soudan n\u2019a que trop dur\u00e9. Bien qu\u2019il reste encore beaucoup \u00e0 faire, la direction prise par le Soudan est prometteuse\u201d, s\u2019est-il r\u00e9joui, avant de conclure que l\u2019espoir est r\u00e9el de voir ce pays fr\u00e8re renouer durablement avec sa stabilit\u00e9 et retrouver sans plus tarder sa place au sein de la famille institutionnelle panafricaine.<\/p>\n","protected":false},"excerpt":{"rendered":"<p>Dpress Le Royaume du Maroc, fort des Orientations claires de SM le Roi Mohammed VI, sera, comme il l\u2019a toujours \u00e9t\u00e9, d\u2019un appui constant \u00e0 la stabilit\u00e9 et \u00e0 l\u2019int\u00e9grit\u00e9 territoriale du Soudan, a assur\u00e9, lundi \u00e0 Rabat, le ministre des Affaires \u00e9trang\u00e8res, de la Coop\u00e9ration africaine et des Marocains r\u00e9sidant \u00e0 l\u2019\u00e9tranger, Nasser Bourita. &hellip;<\/p>\n","protected":false},"author":2,"featured_media":3497,"comment_status":"open","ping_status":"open","sticky":false,"template":"","format":"standard","meta":{"footnotes":""},"categories":[26],"tags":[],"class_list":["post-3496","post","type-post","status-publish","format-standard","has-post-thumbnail","hentry","category-politiques"],"yoast_head":"<!-- This site is optimized with the Yoast SEO plugin v27.5 - https:\/\/yoast.com\/product\/yoast-seo-wordpress\/ -->\n<title>Le Maroc, fort des Orientations claires de SM le Roi, sera d\u2019un appui constant \u00e0 la stabilit\u00e9 et \u00e0 l\u2019int\u00e9grit\u00e9 territoriale du Soudan (Bourita) - Dpress.ma\/fr<\/title>\n<meta name=\"description\" content=\"Le Royaume du Maroc, fort des Orientations claires de SM le Roi Mohammed VI, sera, comme il l\u2019a toujours \u00e9t\u00e9, d\u2019un appui constant \u00e0 la stabilit\u00e9 et \u00e0 l\u2019int\u00e9grit\u00e9 territoriale du Soudan, a assur\u00e9, lundi \u00e0 Rabat, le ministre des Affaires \u00e9trang\u00e8res, de la Coop\u00e9ration africaine et des Marocains r\u00e9sidant \u00e0 l\u2019\u00e9tranger, Nasser Bourita.\" \/>\n<meta name=\"robots\" content=\"index, follow, max-snippet:-1, max-image-preview:large, max-video-preview:-1\" \/>\n<link rel=\"canonical\" href=\"https:\/\/dpress.ma\/fr\/2023\/02\/06\/le-maroc-fort-des-orientations-claires-de-sm-le-roi-sera-dun-appui-constant-a-la-stabilite-et-a-lintegrite-territoriale-du-soudan-bourita\/\" \/>\n<meta property=\"og:locale\" content=\"fr_FR\" \/>\n<meta property=\"og:type\" content=\"article\" \/>\n<meta property=\"og:title\" content=\"Le Maroc, fort des Orientations claires de SM le Roi, sera d\u2019un appui constant \u00e0 la stabilit\u00e9 et \u00e0 l\u2019int\u00e9grit\u00e9 territoriale du Soudan (Bourita) - Dpress.ma\/fr\" \/>\n<meta property=\"og:description\" content=\"Le Royaume du Maroc, fort des Orientations claires de SM le Roi Mohammed VI, sera, comme il l\u2019a toujours \u00e9t\u00e9, d\u2019un appui constant \u00e0 la stabilit\u00e9 et \u00e0 l\u2019int\u00e9grit\u00e9 territoriale du Soudan, a assur\u00e9, lundi \u00e0 Rabat, le ministre des Affaires \u00e9trang\u00e8res, de la Coop\u00e9ration africaine et des Marocains r\u00e9sidant \u00e0 l\u2019\u00e9tranger, Nasser Bourita.\" \/>\n<meta property=\"og:url\" content=\"https:\/\/dpress.ma\/fr\/2023\/02\/06\/le-maroc-fort-des-orientations-claires-de-sm-le-roi-sera-dun-appui-constant-a-la-stabilite-et-a-lintegrite-territoriale-du-soudan-bourita\/\" \/>\n<meta property=\"og:site_name\" content=\"Dpress.ma\/fr\" \/>\n<meta property=\"article:published_time\" content=\"2023-02-06T15:18:19+00:00\" \/>\n<meta property=\"article:modified_time\" content=\"2023-02-06T15:18:20+00:00\" \/>\n<meta property=\"og:image\" content=\"https:\/\/dpress.ma\/fr\/wp-content\/uploads\/sites\/2\/2023\/02\/dimensions2-12.jpg\" \/>\n\t<meta property=\"og:image:width\" content=\"2539\" \/>\n\t<meta property=\"og:image:height\" content=\"1594\" \/>\n\t<meta property=\"og:image:type\" content=\"image\/jpeg\" \/>\n<meta name=\"author\" content=\"Dpress.ma\" \/>\n<meta name=\"twitter:card\" content=\"summary_large_image\" \/>\n<meta name=\"twitter:label1\" content=\"\u00c9crit par\" \/>\n\t<meta name=\"twitter:data1\" content=\"Dpress.ma\" \/>\n\t<meta name=\"twitter:label2\" content=\"Dur\u00e9e de lecture estim\u00e9e\" \/>\n\t<meta name=\"twitter:data2\" content=\"3 minutes\" \/>\n<script type=\"application\/ld+json\" class=\"yoast-schema-graph\">{\"@context\":\"https:\\\/\\\/schema.org\",\"@graph\":[{\"@type\":\"Article\",\"@id\":\"https:\\\/\\\/dpress.ma\\\/fr\\\/2023\\\/02\\\/06\\\/le-maroc-fort-des-orientations-claires-de-sm-le-roi-sera-dun-appui-constant-a-la-stabilite-et-a-lintegrite-territoriale-du-soudan-bourita\\\/#article\",\"isPartOf\":{\"@id\":\"https:\\\/\\\/dpress.ma\\\/fr\\\/2023\\\/02\\\/06\\\/le-maroc-fort-des-orientations-claires-de-sm-le-roi-sera-dun-appui-constant-a-la-stabilite-et-a-lintegrite-territoriale-du-soudan-bourita\\\/\"},\"author\":{\"name\":\"Dpress.ma\",\"@id\":\"https:\\\/\\\/dpress.ma\\\/fr\\\/#\\\/schema\\\/person\\\/4898febf3ccd59e6578d838656a306a0\"},\"headline\":\"Le Maroc, fort des Orientations claires de SM le Roi, sera d\u2019un appui constant \u00e0 la stabilit\u00e9 et \u00e0 l\u2019int\u00e9grit\u00e9 territoriale du Soudan (Bourita)\",\"datePublished\":\"2023-02-06T15:18:19+00:00\",\"dateModified\":\"2023-02-06T15:18:20+00:00\",\"mainEntityOfPage\":{\"@id\":\"https:\\\/\\\/dpress.ma\\\/fr\\\/2023\\\/02\\\/06\\\/le-maroc-fort-des-orientations-claires-de-sm-le-roi-sera-dun-appui-constant-a-la-stabilite-et-a-lintegrite-territoriale-du-soudan-bourita\\\/\"},\"wordCount\":640,\"commentCount\":0,\"image\":{\"@id\":\"https:\\\/\\\/dpress.ma\\\/fr\\\/2023\\\/02\\\/06\\\/le-maroc-fort-des-orientations-claires-de-sm-le-roi-sera-dun-appui-constant-a-la-stabilite-et-a-lintegrite-territoriale-du-soudan-bourita\\\/#primaryimage\"},\"thumbnailUrl\":\"https:\\\/\\\/dpress.ma\\\/fr\\\/wp-content\\\/uploads\\\/sites\\\/2\\\/2023\\\/02\\\/dimensions2-12.jpg\",\"articleSection\":[\"Politiques\"],\"inLanguage\":\"fr-FR\",\"potentialAction\":[{\"@type\":\"CommentAction\",\"name\":\"Comment\",\"target\":[\"https:\\\/\\\/dpress.ma\\\/fr\\\/2023\\\/02\\\/06\\\/le-maroc-fort-des-orientations-claires-de-sm-le-roi-sera-dun-appui-constant-a-la-stabilite-et-a-lintegrite-territoriale-du-soudan-bourita\\\/#respond\"]}]},{\"@type\":\"WebPage\",\"@id\":\"https:\\\/\\\/dpress.ma\\\/fr\\\/2023\\\/02\\\/06\\\/le-maroc-fort-des-orientations-claires-de-sm-le-roi-sera-dun-appui-constant-a-la-stabilite-et-a-lintegrite-territoriale-du-soudan-bourita\\\/\",\"url\":\"https:\\\/\\\/dpress.ma\\\/fr\\\/2023\\\/02\\\/06\\\/le-maroc-fort-des-orientations-claires-de-sm-le-roi-sera-dun-appui-constant-a-la-stabilite-et-a-lintegrite-territoriale-du-soudan-bourita\\\/\",\"name\":\"Le Maroc, fort des Orientations claires de SM le Roi, sera d\u2019un appui constant \u00e0 la stabilit\u00e9 et \u00e0 l\u2019int\u00e9grit\u00e9 territoriale du Soudan (Bourita) - Dpress.ma\\\/fr\",\"isPartOf\":{\"@id\":\"https:\\\/\\\/dpress.ma\\\/fr\\\/#website\"},\"primaryImageOfPage\":{\"@id\":\"https:\\\/\\\/dpress.ma\\\/fr\\\/2023\\\/02\\\/06\\\/le-maroc-fort-des-orientations-claires-de-sm-le-roi-sera-dun-appui-constant-a-la-stabilite-et-a-lintegrite-territoriale-du-soudan-bourita\\\/#primaryimage\"},\"image\":{\"@id\":\"https:\\\/\\\/dpress.ma\\\/fr\\\/2023\\\/02\\\/06\\\/le-maroc-fort-des-orientations-claires-de-sm-le-roi-sera-dun-appui-constant-a-la-stabilite-et-a-lintegrite-territoriale-du-soudan-bourita\\\/#primaryimage\"},\"thumbnailUrl\":\"https:\\\/\\\/dpress.ma\\\/fr\\\/wp-content\\\/uploads\\\/sites\\\/2\\\/2023\\\/02\\\/dimensions2-12.jpg\",\"datePublished\":\"2023-02-06T15:18:19+00:00\",\"dateModified\":\"2023-02-06T15:18:20+00:00\",\"author\":{\"@id\":\"https:\\\/\\\/dpress.ma\\\/fr\\\/#\\\/schema\\\/person\\\/4898febf3ccd59e6578d838656a306a0\"},\"description\":\"Le Royaume du Maroc, fort des Orientations claires de SM le Roi Mohammed VI, sera, comme il l\u2019a toujours \u00e9t\u00e9, d\u2019un appui constant \u00e0 la stabilit\u00e9 et \u00e0 l\u2019int\u00e9grit\u00e9 territoriale du Soudan, a assur\u00e9, lundi \u00e0 Rabat, le ministre des Affaires \u00e9trang\u00e8res, de la Coop\u00e9ration africaine et des Marocains r\u00e9sidant \u00e0 l\u2019\u00e9tranger, Nasser Bourita.\",\"breadcrumb\":{\"@id\":\"https:\\\/\\\/dpress.ma\\\/fr\\\/2023\\\/02\\\/06\\\/le-maroc-fort-des-orientations-claires-de-sm-le-roi-sera-dun-appui-constant-a-la-stabilite-et-a-lintegrite-territoriale-du-soudan-bourita\\\/#breadcrumb\"},\"inLanguage\":\"fr-FR\",\"potentialAction\":[{\"@type\":\"ReadAction\",\"target\":[\"https:\\\/\\\/dpress.ma\\\/fr\\\/2023\\\/02\\\/06\\\/le-maroc-fort-des-orientations-claires-de-sm-le-roi-sera-dun-appui-constant-a-la-stabilite-et-a-lintegrite-territoriale-du-soudan-bourita\\\/\"]}]},{\"@type\":\"ImageObject\",\"inLanguage\":\"fr-FR\",\"@id\":\"https:\\\/\\\/dpress.ma\\\/fr\\\/2023\\\/02\\\/06\\\/le-maroc-fort-des-orientations-claires-de-sm-le-roi-sera-dun-appui-constant-a-la-stabilite-et-a-lintegrite-territoriale-du-soudan-bourita\\\/#primaryimage\",\"url\":\"https:\\\/\\\/dpress.ma\\\/fr\\\/wp-content\\\/uploads\\\/sites\\\/2\\\/2023\\\/02\\\/dimensions2-12.jpg\",\"contentUrl\":\"https:\\\/\\\/dpress.ma\\\/fr\\\/wp-content\\\/uploads\\\/sites\\\/2\\\/2023\\\/02\\\/dimensions2-12.jpg\",\"width\":2539,\"height\":1594},{\"@type\":\"BreadcrumbList\",\"@id\":\"https:\\\/\\\/dpress.ma\\\/fr\\\/2023\\\/02\\\/06\\\/le-maroc-fort-des-orientations-claires-de-sm-le-roi-sera-dun-appui-constant-a-la-stabilite-et-a-lintegrite-territoriale-du-soudan-bourita\\\/#breadcrumb\",\"itemListElement\":[{\"@type\":\"ListItem\",\"position\":1,\"name\":\"Home\",\"item\":\"https:\\\/\\\/dpress.ma\\\/fr\\\/\"},{\"@type\":\"ListItem\",\"position\":2,\"name\":\"Le Maroc, fort des Orientations claires de SM le Roi, sera d\u2019un appui constant \u00e0 la stabilit\u00e9 et \u00e0 l\u2019int\u00e9grit\u00e9 territoriale du Soudan (Bourita)\"}]},{\"@type\":\"WebSite\",\"@id\":\"https:\\\/\\\/dpress.ma\\\/fr\\\/#website\",\"url\":\"https:\\\/\\\/dpress.ma\\\/fr\\\/\",\"name\":\"Dpress.ma\\\/fr\",\"description\":\"\",\"potentialAction\":[{\"@type\":\"SearchAction\",\"target\":{\"@type\":\"EntryPoint\",\"urlTemplate\":\"https:\\\/\\\/dpress.ma\\\/fr\\\/?s={search_term_string}\"},\"query-input\":{\"@type\":\"PropertyValueSpecification\",\"valueRequired\":true,\"valueName\":\"search_term_string\"}}],\"inLanguage\":\"fr-FR\"},{\"@type\":\"Person\",\"@id\":\"https:\\\/\\\/dpress.ma\\\/fr\\\/#\\\/schema\\\/person\\\/4898febf3ccd59e6578d838656a306a0\",\"name\":\"Dpress.ma\",\"image\":{\"@type\":\"ImageObject\",\"inLanguage\":\"fr-FR\",\"@id\":\"https:\\\/\\\/secure.gravatar.com\\\/avatar\\\/72ecc30e9db047a2e0e7176561eb9d564ed77c8108376495b19bd8336405198a?s=96&d=mm&r=g\",\"url\":\"https:\\\/\\\/secure.gravatar.com\\\/avatar\\\/72ecc30e9db047a2e0e7176561eb9d564ed77c8108376495b19bd8336405198a?s=96&d=mm&r=g\",\"contentUrl\":\"https:\\\/\\\/secure.gravatar.com\\\/avatar\\\/72ecc30e9db047a2e0e7176561eb9d564ed77c8108376495b19bd8336405198a?s=96&d=mm&r=g\",\"caption\":\"Dpress.ma\"},\"sameAs\":[\"https:\\\/\\\/www.dpress.ma\"],\"url\":\"https:\\\/\\\/dpress.ma\\\/fr\\\/author\\\/dpress-ma\\\/\"}]}<\/script>\n<!-- \/ Yoast SEO plugin. -->","yoast_head_json":{"title":"Le Maroc, fort des Orientations claires de SM le Roi, sera d\u2019un appui constant \u00e0 la stabilit\u00e9 et \u00e0 l\u2019int\u00e9grit\u00e9 territoriale du Soudan (Bourita) - Dpress.ma\/fr","description":"Le Royaume du Maroc, fort des Orientations claires de SM le Roi Mohammed VI, sera, comme il l\u2019a toujours \u00e9t\u00e9, d\u2019un appui constant \u00e0 la stabilit\u00e9 et \u00e0 l\u2019int\u00e9grit\u00e9 territoriale du Soudan, a assur\u00e9, lundi \u00e0 Rabat, le ministre des Affaires \u00e9trang\u00e8res, de la Coop\u00e9ration africaine et des Marocains r\u00e9sidant \u00e0 l\u2019\u00e9tranger, Nasser Bourita.","robots":{"index":"index","follow":"follow","max-snippet":"max-snippet:-1","max-image-preview":"max-image-preview:large","max-video-preview":"max-video-preview:-1"},"canonical":"https:\/\/dpress.ma\/fr\/2023\/02\/06\/le-maroc-fort-des-orientations-claires-de-sm-le-roi-sera-dun-appui-constant-a-la-stabilite-et-a-lintegrite-territoriale-du-soudan-bourita\/","og_locale":"fr_FR","og_type":"article","og_title":"Le Maroc, fort des Orientations claires de SM le Roi, sera d\u2019un appui constant \u00e0 la stabilit\u00e9 et \u00e0 l\u2019int\u00e9grit\u00e9 territoriale du Soudan (Bourita) - Dpress.ma\/fr","og_description":"Le Royaume du Maroc, fort des Orientations claires de SM le Roi Mohammed VI, sera, comme il l\u2019a toujours \u00e9t\u00e9, d\u2019un appui constant \u00e0 la stabilit\u00e9 et \u00e0 l\u2019int\u00e9grit\u00e9 territoriale du Soudan, a assur\u00e9, lundi \u00e0 Rabat, le ministre des Affaires \u00e9trang\u00e8res, de la Coop\u00e9ration africaine et des Marocains r\u00e9sidant \u00e0 l\u2019\u00e9tranger, Nasser Bourita.","og_url":"https:\/\/dpress.ma\/fr\/2023\/02\/06\/le-maroc-fort-des-orientations-claires-de-sm-le-roi-sera-dun-appui-constant-a-la-stabilite-et-a-lintegrite-territoriale-du-soudan-bourita\/","og_site_name":"Dpress.ma\/fr","article_published_time":"2023-02-06T15:18:19+00:00","article_modified_time":"2023-02-06T15:18:20+00:00","og_image":[{"width":2539,"height":1594,"url":"https:\/\/dpress.ma\/fr\/wp-content\/uploads\/sites\/2\/2023\/02\/dimensions2-12.jpg","type":"image\/jpeg"}],"author":"Dpress.ma","twitter_card":"summary_large_image","twitter_misc":{"\u00c9crit par":"Dpress.ma","Dur\u00e9e de lecture estim\u00e9e":"3 minutes"},"schema":{"@context":"https:\/\/schema.org","@graph":[{"@type":"Article","@id":"https:\/\/dpress.ma\/fr\/2023\/02\/06\/le-maroc-fort-des-orientations-claires-de-sm-le-roi-sera-dun-appui-constant-a-la-stabilite-et-a-lintegrite-territoriale-du-soudan-bourita\/#article","isPartOf":{"@id":"https:\/\/dpress.ma\/fr\/2023\/02\/06\/le-maroc-fort-des-orientations-claires-de-sm-le-roi-sera-dun-appui-constant-a-la-stabilite-et-a-lintegrite-territoriale-du-soudan-bourita\/"},"author":{"name":"Dpress.ma","@id":"https:\/\/dpress.ma\/fr\/#\/schema\/person\/4898febf3ccd59e6578d838656a306a0"},"headline":"Le Maroc, fort des Orientations claires de SM le Roi, sera d\u2019un appui constant \u00e0 la stabilit\u00e9 et \u00e0 l\u2019int\u00e9grit\u00e9 territoriale du Soudan (Bourita)","datePublished":"2023-02-06T15:18:19+00:00","dateModified":"2023-02-06T15:18:20+00:00","mainEntityOfPage":{"@id":"https:\/\/dpress.ma\/fr\/2023\/02\/06\/le-maroc-fort-des-orientations-claires-de-sm-le-roi-sera-dun-appui-constant-a-la-stabilite-et-a-lintegrite-territoriale-du-soudan-bourita\/"},"wordCount":640,"commentCount":0,"image":{"@id":"https:\/\/dpress.ma\/fr\/2023\/02\/06\/le-maroc-fort-des-orientations-claires-de-sm-le-roi-sera-dun-appui-constant-a-la-stabilite-et-a-lintegrite-territoriale-du-soudan-bourita\/#primaryimage"},"thumbnailUrl":"https:\/\/dpress.ma\/fr\/wp-content\/uploads\/sites\/2\/2023\/02\/dimensions2-12.jpg","articleSection":["Politiques"],"inLanguage":"fr-FR","potentialAction":[{"@type":"CommentAction","name":"Comment","target":["https:\/\/dpress.ma\/fr\/2023\/02\/06\/le-maroc-fort-des-orientations-claires-de-sm-le-roi-sera-dun-appui-constant-a-la-stabilite-et-a-lintegrite-territoriale-du-soudan-bourita\/#respond"]}]},{"@type":"WebPage","@id":"https:\/\/dpress.ma\/fr\/2023\/02\/06\/le-maroc-fort-des-orientations-claires-de-sm-le-roi-sera-dun-appui-constant-a-la-stabilite-et-a-lintegrite-territoriale-du-soudan-bourita\/","url":"https:\/\/dpress.ma\/fr\/2023\/02\/06\/le-maroc-fort-des-orientations-claires-de-sm-le-roi-sera-dun-appui-constant-a-la-stabilite-et-a-lintegrite-territoriale-du-soudan-bourita\/","name":"Le Maroc, fort des Orientations claires de SM le Roi, sera d\u2019un appui constant \u00e0 la stabilit\u00e9 et \u00e0 l\u2019int\u00e9grit\u00e9 territoriale du Soudan (Bourita) - Dpress.ma\/fr","isPartOf":{"@id":"https:\/\/dpress.ma\/fr\/#website"},"primaryImageOfPage":{"@id":"https:\/\/dpress.ma\/fr\/2023\/02\/06\/le-maroc-fort-des-orientations-claires-de-sm-le-roi-sera-dun-appui-constant-a-la-stabilite-et-a-lintegrite-territoriale-du-soudan-bourita\/#primaryimage"},"image":{"@id":"https:\/\/dpress.ma\/fr\/2023\/02\/06\/le-maroc-fort-des-orientations-claires-de-sm-le-roi-sera-dun-appui-constant-a-la-stabilite-et-a-lintegrite-territoriale-du-soudan-bourita\/#primaryimage"},"thumbnailUrl":"https:\/\/dpress.ma\/fr\/wp-content\/uploads\/sites\/2\/2023\/02\/dimensions2-12.jpg","datePublished":"2023-02-06T15:18:19+00:00","dateModified":"2023-02-06T15:18:20+00:00","author":{"@id":"https:\/\/dpress.ma\/fr\/#\/schema\/person\/4898febf3ccd59e6578d838656a306a0"},"description":"Le Royaume du Maroc, fort des Orientations claires de SM le Roi Mohammed VI, sera, comme il l\u2019a toujours \u00e9t\u00e9, d\u2019un appui constant \u00e0 la stabilit\u00e9 et \u00e0 l\u2019int\u00e9grit\u00e9 territoriale du Soudan, a assur\u00e9, lundi \u00e0 Rabat, le ministre des Affaires \u00e9trang\u00e8res, de la Coop\u00e9ration africaine et des Marocains r\u00e9sidant \u00e0 l\u2019\u00e9tranger, Nasser Bourita.","breadcrumb":{"@id":"https:\/\/dpress.ma\/fr\/2023\/02\/06\/le-maroc-fort-des-orientations-claires-de-sm-le-roi-sera-dun-appui-constant-a-la-stabilite-et-a-lintegrite-territoriale-du-soudan-bourita\/#breadcrumb"},"inLanguage":"fr-FR","potentialAction":[{"@type":"ReadAction","target":["https:\/\/dpress.ma\/fr\/2023\/02\/06\/le-maroc-fort-des-orientations-claires-de-sm-le-roi-sera-dun-appui-constant-a-la-stabilite-et-a-lintegrite-territoriale-du-soudan-bourita\/"]}]},{"@type":"ImageObject","inLanguage":"fr-FR","@id":"https:\/\/dpress.ma\/fr\/2023\/02\/06\/le-maroc-fort-des-orientations-claires-de-sm-le-roi-sera-dun-appui-constant-a-la-stabilite-et-a-lintegrite-territoriale-du-soudan-bourita\/#primaryimage","url":"https:\/\/dpress.ma\/fr\/wp-content\/uploads\/sites\/2\/2023\/02\/dimensions2-12.jpg","contentUrl":"https:\/\/dpress.ma\/fr\/wp-content\/uploads\/sites\/2\/2023\/02\/dimensions2-12.jpg","width":2539,"height":1594},{"@type":"BreadcrumbList","@id":"https:\/\/dpress.ma\/fr\/2023\/02\/06\/le-maroc-fort-des-orientations-claires-de-sm-le-roi-sera-dun-appui-constant-a-la-stabilite-et-a-lintegrite-territoriale-du-soudan-bourita\/#breadcrumb","itemListElement":[{"@type":"ListItem","position":1,"name":"Home","item":"https:\/\/dpress.ma\/fr\/"},{"@type":"ListItem","position":2,"name":"Le Maroc, fort des Orientations claires de SM le Roi, sera d\u2019un appui constant \u00e0 la stabilit\u00e9 et \u00e0 l\u2019int\u00e9grit\u00e9 territoriale du Soudan (Bourita)"}]},{"@type":"WebSite","@id":"https:\/\/dpress.ma\/fr\/#website","url":"https:\/\/dpress.ma\/fr\/","name":"Dpress.ma\/fr","description":"","potentialAction":[{"@type":"SearchAction","target":{"@type":"EntryPoint","urlTemplate":"https:\/\/dpress.ma\/fr\/?s={search_term_string}"},"query-input":{"@type":"PropertyValueSpecification","valueRequired":true,"valueName":"search_term_string"}}],"inLanguage":"fr-FR"},{"@type":"Person","@id":"https:\/\/dpress.ma\/fr\/#\/schema\/person\/4898febf3ccd59e6578d838656a306a0","name":"Dpress.ma","image":{"@type":"ImageObject","inLanguage":"fr-FR","@id":"https:\/\/secure.gravatar.com\/avatar\/72ecc30e9db047a2e0e7176561eb9d564ed77c8108376495b19bd8336405198a?s=96&d=mm&r=g","url":"https:\/\/secure.gravatar.com\/avatar\/72ecc30e9db047a2e0e7176561eb9d564ed77c8108376495b19bd8336405198a?s=96&d=mm&r=g","contentUrl":"https:\/\/secure.gravatar.com\/avatar\/72ecc30e9db047a2e0e7176561eb9d564ed77c8108376495b19bd8336405198a?s=96&d=mm&r=g","caption":"Dpress.ma"},"sameAs":["https:\/\/www.dpress.ma"],"url":"https:\/\/dpress.ma\/fr\/author\/dpress-ma\/"}]}},"amp_enabled":true,"_links":{"self":[{"href":"https:\/\/dpress.ma\/fr\/wp-json\/wp\/v2\/posts\/3496","targetHints":{"allow":["GET"]}}],"collection":[{"href":"https:\/\/dpress.ma\/fr\/wp-json\/wp\/v2\/posts"}],"about":[{"href":"https:\/\/dpress.ma\/fr\/wp-json\/wp\/v2\/types\/post"}],"author":[{"embeddable":true,"href":"https:\/\/dpress.ma\/fr\/wp-json\/wp\/v2\/users\/2"}],"replies":[{"embeddable":true,"href":"https:\/\/dpress.ma\/fr\/wp-json\/wp\/v2\/comments?post=3496"}],"version-history":[{"count":1,"href":"https:\/\/dpress.ma\/fr\/wp-json\/wp\/v2\/posts\/3496\/revisions"}],"predecessor-version":[{"id":3498,"href":"https:\/\/dpress.ma\/fr\/wp-json\/wp\/v2\/posts\/3496\/revisions\/3498"}],"wp:featuredmedia":[{"embeddable":true,"href":"https:\/\/dpress.ma\/fr\/wp-json\/wp\/v2\/media\/3497"}],"wp:attachment":[{"href":"https:\/\/dpress.ma\/fr\/wp-json\/wp\/v2\/media?parent=3496"}],"wp:term":[{"taxonomy":"category","embeddable":true,"href":"https:\/\/dpress.ma\/fr\/wp-json\/wp\/v2\/categories?post=3496"},{"taxonomy":"post_tag","embeddable":true,"href":"https:\/\/dpress.ma\/fr\/wp-json\/wp\/v2\/tags?post=3496"}],"curies":[{"name":"wp","href":"https:\/\/api.w.org\/{rel}","templated":true}]}}