{"id":3472,"date":"2023-02-03T09:18:53","date_gmt":"2023-02-03T09:18:53","guid":{"rendered":"https:\/\/dpress.ma\/fr\/?p=3472"},"modified":"2023-02-03T09:18:55","modified_gmt":"2023-02-03T09:18:55","slug":"le-maroc-et-lespagne-qui-ont-en-commun-un-heritage-culturel-singulier-appeles-a-developper-un-nouveau-maillage-humain-declaration-conjointe","status":"publish","type":"post","link":"https:\/\/dpress.ma\/fr\/2023\/02\/03\/le-maroc-et-lespagne-qui-ont-en-commun-un-heritage-culturel-singulier-appeles-a-developper-un-nouveau-maillage-humain-declaration-conjointe\/","title":{"rendered":"Le Maroc et l\u2019Espagne, qui ont en commun un h\u00e9ritage culturel singulier, appel\u00e9s \u00e0 d\u00e9velopper un nouveau \u201cmaillage humain\u201d (D\u00e9claration conjointe)"},"content":{"rendered":"\n<p>Dpress<\/p>\n\n\n\n<p>Le Maroc et l\u2019Espagne, qui ont en commun un h\u00e9ritage culturel et humain singulier,&nbsp;sont appel\u00e9s \u00e0 d\u00e9velopper un nouveau \u201cmaillage humain\u201d dans l\u2019objectif d\u2019atteindre un partenariat inclusif qui soit au service de tous, notamment \u00e0 travers les jumelages de villes, les partenariats entre Universit\u00e9s, la mobilit\u00e9 des \u00e9tudiants, les actions communes d\u2019acteurs associatifs et la cr\u00e9ation de comit\u00e9s d\u2019\u00e9tude et d\u2019instituts de recherche, indique la D\u00e9claration conjointe publi\u00e9e \u00e0 l\u2019issue de la 12\u00e8me session de la R\u00e9union de Haut Niveau Maroc-Espagne, qui a clos ses travaux jeudi \u00e0 Rabat.<\/p>\n\n\n\n<p>La D\u00e9claration souligne aussi que les&nbsp;communaut\u00e9s de ressortissants r\u00e9sidant respectivement dans les deux pays contribuent \u00e0 la compr\u00e9hension mutuelle des soci\u00e9t\u00e9s.<\/p>\n\n\n\n<p>Conscients du r\u00f4le primordial de l\u2019enseignement, de la culture et des sports dans le rapprochement entre les nations, l\u2019Espagne et le Maroc s\u2019accordent ainsi \u00e0 placer leurs \u00e9changes dans ces mati\u00e8res au centre de leurs relations de coop\u00e9ration.<\/p>\n\n\n\n<p>Dans le domaine de l\u2019enseignement, les deux parties s\u2019engagent \u00e0 promouvoir l\u2019\u00e9change de documentation relative aux programmes scolaires en vigueur, afin de faciliter l\u2019homologation et la reconnaissance de l\u2019enseignement et des dipl\u00f4mes d\u00e9livr\u00e9s aux \u00e9l\u00e8ves, ajoute la D\u00e9claration conjointe, notant que les deux pays renforceront leur collaboration pour la promotion de la mobilit\u00e9 des \u00e9tudiants.<\/p>\n\n\n\n<p>Dans ce sens, la&nbsp;partie espagnole \u00e9tudiera les mesures pour la simplification des proc\u00e9dures administratives pour les \u00e9tudiants marocains en Espagne, alors que les deux parties prendront les mesures n\u00e9cessaires pour inciter les universit\u00e9s espagnoles publiques et priv\u00e9es \u00e0 ouvrir des antennes au Maroc,&nbsp;dont l\u2019offre universitaire est aujourd\u2019hui fortement orient\u00e9e vers l\u2019internationalisation, et dont les Universit\u00e9s accueillent plus de 20.000 \u00e9tudiants africains b\u00e9n\u00e9ficiant de plus de 11.000 bourses d\u2019\u00e9tudes.<\/p>\n\n\n\n<p>Dans ce sillage, les deux parties se f\u00e9licitent de la signature du MoU concernant la coop\u00e9ration universitaire et aussi les discussions en cours pour faciliter l\u2019acc\u00e8s mutuel des nouveaux \u00e9tudiants universitaires de chacune des parties signataires.<\/p>\n\n\n\n<p>Elles s\u2019engagent aussi \u00e0 promouvoir leur coop\u00e9ration dans le domaine sportif, et particuli\u00e8rement dans les domaines du sport de proximit\u00e9, de l\u2019int\u00e9gration \u00e0 travers le sport, et du sport de haut niveau.<\/p>\n\n\n\n<p>Par ailleurs, les deux parties se f\u00e9licitent de l\u2019excellence de leur collaboration dans la mise en \u0153uvre du Programme d\u2019Enseignement de la Langue Arabe et de la Culture Marocaine en Espagne et s\u2019engagent \u00e0 le renforcer en le dotant de moyens humains et mat\u00e9riels n\u00e9cessaires.<\/p>\n\n\n\n<p>Dans ce sens, poursuit la D\u00e9claration conjointe, les deux parties s\u2019accordent sur la n\u00e9cessit\u00e9 de l\u2019adoption d\u2019un Accord portant exclusivement sur ce programme, qui servira de base pour son perfectionnement et en garantira la p\u00e9rennit\u00e9.<\/p>\n\n\n\n<p>Satisfaites des \u00e9changes qui ont eu lieu depuis la derni\u00e8re R\u00e9union de Haut Niveau en mati\u00e8re de coop\u00e9ration culturelle, les deux parties ont appel\u00e9 \u00e0 la tenue de la 7\u00e8me session de la Commission Mixte culturelle et \u00e9ducative, instaur\u00e9e en vertu de l\u2019Accord Culturel entre les gouvernements des deux pays, sign\u00e9 \u00e0 Rabat le 14 octobre 1980 et qui ne s\u2019est pas r\u00e9unie depuis 2003.<\/p>\n\n\n\n<p>Les deux pays, qui constatent, par ailleurs, le dynamisme de la langue espagnole au Maroc, s\u2019engagent \u00e0 renforcer l\u2019apprentissage de cette langue dans les \u00e9coles, coll\u00e8ges et lyc\u00e9es marocains, et appellent \u00e0 l\u2019\u00e9laboration d\u2019un plan d\u2019action conjoint pour accompagner activement la mise en place des sections bilingues au sein du syst\u00e8me \u00e9ducatif marocain dans tous ses niveaux primaire, secondaire et sup\u00e9rieur, en application du MoU sign\u00e9 \u00e0 cet effet, ainsi que d\u2019un programme de formation en langue espagnole, en tant que langue d\u2019enseignement, en faveur des enseignants marocains.<\/p>\n\n\n\n<p>Les deux parties se sont, en outre, accord\u00e9es pour accro\u00eetre la coop\u00e9ration dans les domaines des m\u00e9dias et de la communication institutionnelle, gr\u00e2ce notamment \u00e0 l\u2019\u00e9laboration d\u2019un m\u00e9morandum d\u2019entente.<\/p>\n\n\n\n<p>Elles&nbsp;ont aussi convenu d\u2019entamer la mise \u00e0 jour de l\u2019accord de coproduction cin\u00e9matographique sign\u00e9 en 1998, et d\u2019\u00e9laborer un accord de coproduction audiovisuelle qui traduirait les attentes des deux parties.<\/p>\n\n\n\n<p>Elles expriment \u00e9galement leur int\u00e9r\u00eat \u00e0 coop\u00e9rer pour assurer la protection des droits d\u2019auteur et des droits connexes dans tous les domaines en mettant en contact leurs organismes comp\u00e9tents respectifs et en \u00e9changeant des exp\u00e9riences et des informations, notamment sur l\u2019impact des nouvelles technologies, pr\u00e9cise la D\u00e9claration conjointe, ajoutant que la partie marocaine a exprim\u00e9 l\u2019int\u00e9r\u00eat de conclure un accord de repr\u00e9sentation r\u00e9ciproque entre le Bureau Marocain du Droit d\u2019Auteur et son homologue espagnol.<\/p>\n\n\n\n<p>Les deux pays ont aussi salu\u00e9 l\u2019organisation par le Royaume du Maroc, en novembre 2022 \u00e0 F\u00e8s, du 9\u00e8me Forum Mondial de l\u2019Alliance des Civilisations des Nations Unies, qui a \u00e9t\u00e9 un moment fort pour mettre en exergue l\u2019universalit\u00e9 de ses valeurs.<\/p>\n","protected":false},"excerpt":{"rendered":"<p>Dpress Le Maroc et l\u2019Espagne, qui ont en commun un h\u00e9ritage culturel et humain singulier,&nbsp;sont appel\u00e9s \u00e0 d\u00e9velopper un nouveau \u201cmaillage humain\u201d dans l\u2019objectif d\u2019atteindre un partenariat inclusif qui soit au service de tous, notamment \u00e0 travers les jumelages de villes, les partenariats entre Universit\u00e9s, la mobilit\u00e9 des \u00e9tudiants, les actions communes d\u2019acteurs associatifs et &hellip;<\/p>\n","protected":false},"author":2,"featured_media":3473,"comment_status":"open","ping_status":"open","sticky":false,"template":"","format":"standard","meta":{"footnotes":""},"categories":[31,33],"tags":[],"class_list":["post-3472","post","type-post","status-publish","format-standard","has-post-thumbnail","hentry","category-art-et-culture","category-diplomatie-parallele"],"yoast_head":"<!-- This site is optimized with the Yoast SEO plugin v27.5 - https:\/\/yoast.com\/product\/yoast-seo-wordpress\/ -->\n<title>Le Maroc et l\u2019Espagne, qui ont en commun un h\u00e9ritage culturel singulier, appel\u00e9s \u00e0 d\u00e9velopper un nouveau \u201cmaillage humain\u201d (D\u00e9claration conjointe) - Dpress.ma\/fr<\/title>\n<meta name=\"description\" content=\"Le Maroc et l\u2019Espagne, qui ont en commun un h\u00e9ritage culturel et humain singulier,\u00a0sont appel\u00e9s \u00e0 d\u00e9velopper un nouveau \u201cmaillage humain\u201d dans l\u2019objectif d\u2019atteindre un partenariat inclusif qui soit au service de tous, notamment \u00e0 travers les jumelages de villes, les partenariats entre Universit\u00e9s, la mobilit\u00e9 des \u00e9tudiants, les actions communes d\u2019acteurs associatifs et la cr\u00e9ation de comit\u00e9s d\u2019\u00e9tude et d\u2019instituts de recherche, indique la D\u00e9claration conjointe publi\u00e9e \u00e0 l\u2019issue de la 12\u00e8me session de la R\u00e9union de Haut Niveau Maroc-Espagne, qui a clos ses travaux jeudi \u00e0 Rabat.\" \/>\n<meta name=\"robots\" content=\"index, follow, max-snippet:-1, max-image-preview:large, max-video-preview:-1\" \/>\n<link rel=\"canonical\" href=\"https:\/\/dpress.ma\/fr\/2023\/02\/03\/le-maroc-et-lespagne-qui-ont-en-commun-un-heritage-culturel-singulier-appeles-a-developper-un-nouveau-maillage-humain-declaration-conjointe\/\" \/>\n<meta property=\"og:locale\" content=\"fr_FR\" \/>\n<meta property=\"og:type\" content=\"article\" \/>\n<meta property=\"og:title\" content=\"Le Maroc et l\u2019Espagne, qui ont en commun un h\u00e9ritage culturel singulier, appel\u00e9s \u00e0 d\u00e9velopper un nouveau \u201cmaillage humain\u201d (D\u00e9claration conjointe) - Dpress.ma\/fr\" \/>\n<meta property=\"og:description\" content=\"Le Maroc et l\u2019Espagne, qui ont en commun un h\u00e9ritage culturel et humain singulier,\u00a0sont appel\u00e9s \u00e0 d\u00e9velopper un nouveau \u201cmaillage humain\u201d dans l\u2019objectif d\u2019atteindre un partenariat inclusif qui soit au service de tous, notamment \u00e0 travers les jumelages de villes, les partenariats entre Universit\u00e9s, la mobilit\u00e9 des \u00e9tudiants, les actions communes d\u2019acteurs associatifs et la cr\u00e9ation de comit\u00e9s d\u2019\u00e9tude et d\u2019instituts de recherche, indique la D\u00e9claration conjointe publi\u00e9e \u00e0 l\u2019issue de la 12\u00e8me session de la R\u00e9union de Haut Niveau Maroc-Espagne, qui a clos ses travaux jeudi \u00e0 Rabat.\" \/>\n<meta property=\"og:url\" content=\"https:\/\/dpress.ma\/fr\/2023\/02\/03\/le-maroc-et-lespagne-qui-ont-en-commun-un-heritage-culturel-singulier-appeles-a-developper-un-nouveau-maillage-humain-declaration-conjointe\/\" \/>\n<meta property=\"og:site_name\" content=\"Dpress.ma\/fr\" \/>\n<meta property=\"article:published_time\" content=\"2023-02-03T09:18:53+00:00\" \/>\n<meta property=\"article:modified_time\" content=\"2023-02-03T09:18:55+00:00\" \/>\n<meta property=\"og:image\" content=\"https:\/\/dpress.ma\/fr\/wp-content\/uploads\/sites\/2\/2023\/02\/dimensions2-9.jpg\" \/>\n\t<meta property=\"og:image:width\" content=\"2539\" \/>\n\t<meta property=\"og:image:height\" content=\"1594\" \/>\n\t<meta property=\"og:image:type\" content=\"image\/jpeg\" \/>\n<meta name=\"author\" content=\"Dpress.ma\" \/>\n<meta name=\"twitter:card\" content=\"summary_large_image\" \/>\n<meta name=\"twitter:label1\" content=\"\u00c9crit par\" \/>\n\t<meta name=\"twitter:data1\" content=\"Dpress.ma\" \/>\n\t<meta name=\"twitter:label2\" content=\"Dur\u00e9e de lecture estim\u00e9e\" \/>\n\t<meta name=\"twitter:data2\" content=\"4 minutes\" \/>\n<script type=\"application\/ld+json\" class=\"yoast-schema-graph\">{\"@context\":\"https:\\\/\\\/schema.org\",\"@graph\":[{\"@type\":\"Article\",\"@id\":\"https:\\\/\\\/dpress.ma\\\/fr\\\/2023\\\/02\\\/03\\\/le-maroc-et-lespagne-qui-ont-en-commun-un-heritage-culturel-singulier-appeles-a-developper-un-nouveau-maillage-humain-declaration-conjointe\\\/#article\",\"isPartOf\":{\"@id\":\"https:\\\/\\\/dpress.ma\\\/fr\\\/2023\\\/02\\\/03\\\/le-maroc-et-lespagne-qui-ont-en-commun-un-heritage-culturel-singulier-appeles-a-developper-un-nouveau-maillage-humain-declaration-conjointe\\\/\"},\"author\":{\"name\":\"Dpress.ma\",\"@id\":\"https:\\\/\\\/dpress.ma\\\/fr\\\/#\\\/schema\\\/person\\\/4898febf3ccd59e6578d838656a306a0\"},\"headline\":\"Le Maroc et l\u2019Espagne, qui ont en commun un h\u00e9ritage culturel singulier, appel\u00e9s \u00e0 d\u00e9velopper un nouveau \u201cmaillage humain\u201d (D\u00e9claration conjointe)\",\"datePublished\":\"2023-02-03T09:18:53+00:00\",\"dateModified\":\"2023-02-03T09:18:55+00:00\",\"mainEntityOfPage\":{\"@id\":\"https:\\\/\\\/dpress.ma\\\/fr\\\/2023\\\/02\\\/03\\\/le-maroc-et-lespagne-qui-ont-en-commun-un-heritage-culturel-singulier-appeles-a-developper-un-nouveau-maillage-humain-declaration-conjointe\\\/\"},\"wordCount\":878,\"commentCount\":0,\"image\":{\"@id\":\"https:\\\/\\\/dpress.ma\\\/fr\\\/2023\\\/02\\\/03\\\/le-maroc-et-lespagne-qui-ont-en-commun-un-heritage-culturel-singulier-appeles-a-developper-un-nouveau-maillage-humain-declaration-conjointe\\\/#primaryimage\"},\"thumbnailUrl\":\"https:\\\/\\\/dpress.ma\\\/fr\\\/wp-content\\\/uploads\\\/sites\\\/2\\\/2023\\\/02\\\/dimensions2-9.jpg\",\"articleSection\":[\"Art et Culture\",\"Diplomatie Parall\u00e8le\"],\"inLanguage\":\"fr-FR\",\"potentialAction\":[{\"@type\":\"CommentAction\",\"name\":\"Comment\",\"target\":[\"https:\\\/\\\/dpress.ma\\\/fr\\\/2023\\\/02\\\/03\\\/le-maroc-et-lespagne-qui-ont-en-commun-un-heritage-culturel-singulier-appeles-a-developper-un-nouveau-maillage-humain-declaration-conjointe\\\/#respond\"]}]},{\"@type\":\"WebPage\",\"@id\":\"https:\\\/\\\/dpress.ma\\\/fr\\\/2023\\\/02\\\/03\\\/le-maroc-et-lespagne-qui-ont-en-commun-un-heritage-culturel-singulier-appeles-a-developper-un-nouveau-maillage-humain-declaration-conjointe\\\/\",\"url\":\"https:\\\/\\\/dpress.ma\\\/fr\\\/2023\\\/02\\\/03\\\/le-maroc-et-lespagne-qui-ont-en-commun-un-heritage-culturel-singulier-appeles-a-developper-un-nouveau-maillage-humain-declaration-conjointe\\\/\",\"name\":\"Le Maroc et l\u2019Espagne, qui ont en commun un h\u00e9ritage culturel singulier, appel\u00e9s \u00e0 d\u00e9velopper un nouveau \u201cmaillage humain\u201d (D\u00e9claration conjointe) - Dpress.ma\\\/fr\",\"isPartOf\":{\"@id\":\"https:\\\/\\\/dpress.ma\\\/fr\\\/#website\"},\"primaryImageOfPage\":{\"@id\":\"https:\\\/\\\/dpress.ma\\\/fr\\\/2023\\\/02\\\/03\\\/le-maroc-et-lespagne-qui-ont-en-commun-un-heritage-culturel-singulier-appeles-a-developper-un-nouveau-maillage-humain-declaration-conjointe\\\/#primaryimage\"},\"image\":{\"@id\":\"https:\\\/\\\/dpress.ma\\\/fr\\\/2023\\\/02\\\/03\\\/le-maroc-et-lespagne-qui-ont-en-commun-un-heritage-culturel-singulier-appeles-a-developper-un-nouveau-maillage-humain-declaration-conjointe\\\/#primaryimage\"},\"thumbnailUrl\":\"https:\\\/\\\/dpress.ma\\\/fr\\\/wp-content\\\/uploads\\\/sites\\\/2\\\/2023\\\/02\\\/dimensions2-9.jpg\",\"datePublished\":\"2023-02-03T09:18:53+00:00\",\"dateModified\":\"2023-02-03T09:18:55+00:00\",\"author\":{\"@id\":\"https:\\\/\\\/dpress.ma\\\/fr\\\/#\\\/schema\\\/person\\\/4898febf3ccd59e6578d838656a306a0\"},\"description\":\"Le Maroc et l\u2019Espagne, qui ont en commun un h\u00e9ritage culturel et humain singulier,\u00a0sont appel\u00e9s \u00e0 d\u00e9velopper un nouveau \u201cmaillage humain\u201d dans l\u2019objectif d\u2019atteindre un partenariat inclusif qui soit au service de tous, notamment \u00e0 travers les jumelages de villes, les partenariats entre Universit\u00e9s, la mobilit\u00e9 des \u00e9tudiants, les actions communes d\u2019acteurs associatifs et la cr\u00e9ation de comit\u00e9s d\u2019\u00e9tude et d\u2019instituts de recherche, indique la D\u00e9claration conjointe publi\u00e9e \u00e0 l\u2019issue de la 12\u00e8me session de la R\u00e9union de Haut Niveau Maroc-Espagne, qui a clos ses travaux jeudi \u00e0 Rabat.\",\"breadcrumb\":{\"@id\":\"https:\\\/\\\/dpress.ma\\\/fr\\\/2023\\\/02\\\/03\\\/le-maroc-et-lespagne-qui-ont-en-commun-un-heritage-culturel-singulier-appeles-a-developper-un-nouveau-maillage-humain-declaration-conjointe\\\/#breadcrumb\"},\"inLanguage\":\"fr-FR\",\"potentialAction\":[{\"@type\":\"ReadAction\",\"target\":[\"https:\\\/\\\/dpress.ma\\\/fr\\\/2023\\\/02\\\/03\\\/le-maroc-et-lespagne-qui-ont-en-commun-un-heritage-culturel-singulier-appeles-a-developper-un-nouveau-maillage-humain-declaration-conjointe\\\/\"]}]},{\"@type\":\"ImageObject\",\"inLanguage\":\"fr-FR\",\"@id\":\"https:\\\/\\\/dpress.ma\\\/fr\\\/2023\\\/02\\\/03\\\/le-maroc-et-lespagne-qui-ont-en-commun-un-heritage-culturel-singulier-appeles-a-developper-un-nouveau-maillage-humain-declaration-conjointe\\\/#primaryimage\",\"url\":\"https:\\\/\\\/dpress.ma\\\/fr\\\/wp-content\\\/uploads\\\/sites\\\/2\\\/2023\\\/02\\\/dimensions2-9.jpg\",\"contentUrl\":\"https:\\\/\\\/dpress.ma\\\/fr\\\/wp-content\\\/uploads\\\/sites\\\/2\\\/2023\\\/02\\\/dimensions2-9.jpg\",\"width\":2539,\"height\":1594},{\"@type\":\"BreadcrumbList\",\"@id\":\"https:\\\/\\\/dpress.ma\\\/fr\\\/2023\\\/02\\\/03\\\/le-maroc-et-lespagne-qui-ont-en-commun-un-heritage-culturel-singulier-appeles-a-developper-un-nouveau-maillage-humain-declaration-conjointe\\\/#breadcrumb\",\"itemListElement\":[{\"@type\":\"ListItem\",\"position\":1,\"name\":\"Home\",\"item\":\"https:\\\/\\\/dpress.ma\\\/fr\\\/\"},{\"@type\":\"ListItem\",\"position\":2,\"name\":\"Le Maroc et l\u2019Espagne, qui ont en commun un h\u00e9ritage culturel singulier, appel\u00e9s \u00e0 d\u00e9velopper un nouveau \u201cmaillage humain\u201d (D\u00e9claration conjointe)\"}]},{\"@type\":\"WebSite\",\"@id\":\"https:\\\/\\\/dpress.ma\\\/fr\\\/#website\",\"url\":\"https:\\\/\\\/dpress.ma\\\/fr\\\/\",\"name\":\"Dpress.ma\\\/fr\",\"description\":\"\",\"potentialAction\":[{\"@type\":\"SearchAction\",\"target\":{\"@type\":\"EntryPoint\",\"urlTemplate\":\"https:\\\/\\\/dpress.ma\\\/fr\\\/?s={search_term_string}\"},\"query-input\":{\"@type\":\"PropertyValueSpecification\",\"valueRequired\":true,\"valueName\":\"search_term_string\"}}],\"inLanguage\":\"fr-FR\"},{\"@type\":\"Person\",\"@id\":\"https:\\\/\\\/dpress.ma\\\/fr\\\/#\\\/schema\\\/person\\\/4898febf3ccd59e6578d838656a306a0\",\"name\":\"Dpress.ma\",\"image\":{\"@type\":\"ImageObject\",\"inLanguage\":\"fr-FR\",\"@id\":\"https:\\\/\\\/secure.gravatar.com\\\/avatar\\\/72ecc30e9db047a2e0e7176561eb9d564ed77c8108376495b19bd8336405198a?s=96&d=mm&r=g\",\"url\":\"https:\\\/\\\/secure.gravatar.com\\\/avatar\\\/72ecc30e9db047a2e0e7176561eb9d564ed77c8108376495b19bd8336405198a?s=96&d=mm&r=g\",\"contentUrl\":\"https:\\\/\\\/secure.gravatar.com\\\/avatar\\\/72ecc30e9db047a2e0e7176561eb9d564ed77c8108376495b19bd8336405198a?s=96&d=mm&r=g\",\"caption\":\"Dpress.ma\"},\"sameAs\":[\"https:\\\/\\\/www.dpress.ma\"],\"url\":\"https:\\\/\\\/dpress.ma\\\/fr\\\/author\\\/dpress-ma\\\/\"}]}<\/script>\n<!-- \/ Yoast SEO plugin. -->","yoast_head_json":{"title":"Le Maroc et l\u2019Espagne, qui ont en commun un h\u00e9ritage culturel singulier, appel\u00e9s \u00e0 d\u00e9velopper un nouveau \u201cmaillage humain\u201d (D\u00e9claration conjointe) - Dpress.ma\/fr","description":"Le Maroc et l\u2019Espagne, qui ont en commun un h\u00e9ritage culturel et humain singulier,\u00a0sont appel\u00e9s \u00e0 d\u00e9velopper un nouveau \u201cmaillage humain\u201d dans l\u2019objectif d\u2019atteindre un partenariat inclusif qui soit au service de tous, notamment \u00e0 travers les jumelages de villes, les partenariats entre Universit\u00e9s, la mobilit\u00e9 des \u00e9tudiants, les actions communes d\u2019acteurs associatifs et la cr\u00e9ation de comit\u00e9s d\u2019\u00e9tude et d\u2019instituts de recherche, indique la D\u00e9claration conjointe publi\u00e9e \u00e0 l\u2019issue de la 12\u00e8me session de la R\u00e9union de Haut Niveau Maroc-Espagne, qui a clos ses travaux jeudi \u00e0 Rabat.","robots":{"index":"index","follow":"follow","max-snippet":"max-snippet:-1","max-image-preview":"max-image-preview:large","max-video-preview":"max-video-preview:-1"},"canonical":"https:\/\/dpress.ma\/fr\/2023\/02\/03\/le-maroc-et-lespagne-qui-ont-en-commun-un-heritage-culturel-singulier-appeles-a-developper-un-nouveau-maillage-humain-declaration-conjointe\/","og_locale":"fr_FR","og_type":"article","og_title":"Le Maroc et l\u2019Espagne, qui ont en commun un h\u00e9ritage culturel singulier, appel\u00e9s \u00e0 d\u00e9velopper un nouveau \u201cmaillage humain\u201d (D\u00e9claration conjointe) - Dpress.ma\/fr","og_description":"Le Maroc et l\u2019Espagne, qui ont en commun un h\u00e9ritage culturel et humain singulier,\u00a0sont appel\u00e9s \u00e0 d\u00e9velopper un nouveau \u201cmaillage humain\u201d dans l\u2019objectif d\u2019atteindre un partenariat inclusif qui soit au service de tous, notamment \u00e0 travers les jumelages de villes, les partenariats entre Universit\u00e9s, la mobilit\u00e9 des \u00e9tudiants, les actions communes d\u2019acteurs associatifs et la cr\u00e9ation de comit\u00e9s d\u2019\u00e9tude et d\u2019instituts de recherche, indique la D\u00e9claration conjointe publi\u00e9e \u00e0 l\u2019issue de la 12\u00e8me session de la R\u00e9union de Haut Niveau Maroc-Espagne, qui a clos ses travaux jeudi \u00e0 Rabat.","og_url":"https:\/\/dpress.ma\/fr\/2023\/02\/03\/le-maroc-et-lespagne-qui-ont-en-commun-un-heritage-culturel-singulier-appeles-a-developper-un-nouveau-maillage-humain-declaration-conjointe\/","og_site_name":"Dpress.ma\/fr","article_published_time":"2023-02-03T09:18:53+00:00","article_modified_time":"2023-02-03T09:18:55+00:00","og_image":[{"width":2539,"height":1594,"url":"https:\/\/dpress.ma\/fr\/wp-content\/uploads\/sites\/2\/2023\/02\/dimensions2-9.jpg","type":"image\/jpeg"}],"author":"Dpress.ma","twitter_card":"summary_large_image","twitter_misc":{"\u00c9crit par":"Dpress.ma","Dur\u00e9e de lecture estim\u00e9e":"4 minutes"},"schema":{"@context":"https:\/\/schema.org","@graph":[{"@type":"Article","@id":"https:\/\/dpress.ma\/fr\/2023\/02\/03\/le-maroc-et-lespagne-qui-ont-en-commun-un-heritage-culturel-singulier-appeles-a-developper-un-nouveau-maillage-humain-declaration-conjointe\/#article","isPartOf":{"@id":"https:\/\/dpress.ma\/fr\/2023\/02\/03\/le-maroc-et-lespagne-qui-ont-en-commun-un-heritage-culturel-singulier-appeles-a-developper-un-nouveau-maillage-humain-declaration-conjointe\/"},"author":{"name":"Dpress.ma","@id":"https:\/\/dpress.ma\/fr\/#\/schema\/person\/4898febf3ccd59e6578d838656a306a0"},"headline":"Le Maroc et l\u2019Espagne, qui ont en commun un h\u00e9ritage culturel singulier, appel\u00e9s \u00e0 d\u00e9velopper un nouveau \u201cmaillage humain\u201d (D\u00e9claration conjointe)","datePublished":"2023-02-03T09:18:53+00:00","dateModified":"2023-02-03T09:18:55+00:00","mainEntityOfPage":{"@id":"https:\/\/dpress.ma\/fr\/2023\/02\/03\/le-maroc-et-lespagne-qui-ont-en-commun-un-heritage-culturel-singulier-appeles-a-developper-un-nouveau-maillage-humain-declaration-conjointe\/"},"wordCount":878,"commentCount":0,"image":{"@id":"https:\/\/dpress.ma\/fr\/2023\/02\/03\/le-maroc-et-lespagne-qui-ont-en-commun-un-heritage-culturel-singulier-appeles-a-developper-un-nouveau-maillage-humain-declaration-conjointe\/#primaryimage"},"thumbnailUrl":"https:\/\/dpress.ma\/fr\/wp-content\/uploads\/sites\/2\/2023\/02\/dimensions2-9.jpg","articleSection":["Art et Culture","Diplomatie Parall\u00e8le"],"inLanguage":"fr-FR","potentialAction":[{"@type":"CommentAction","name":"Comment","target":["https:\/\/dpress.ma\/fr\/2023\/02\/03\/le-maroc-et-lespagne-qui-ont-en-commun-un-heritage-culturel-singulier-appeles-a-developper-un-nouveau-maillage-humain-declaration-conjointe\/#respond"]}]},{"@type":"WebPage","@id":"https:\/\/dpress.ma\/fr\/2023\/02\/03\/le-maroc-et-lespagne-qui-ont-en-commun-un-heritage-culturel-singulier-appeles-a-developper-un-nouveau-maillage-humain-declaration-conjointe\/","url":"https:\/\/dpress.ma\/fr\/2023\/02\/03\/le-maroc-et-lespagne-qui-ont-en-commun-un-heritage-culturel-singulier-appeles-a-developper-un-nouveau-maillage-humain-declaration-conjointe\/","name":"Le Maroc et l\u2019Espagne, qui ont en commun un h\u00e9ritage culturel singulier, appel\u00e9s \u00e0 d\u00e9velopper un nouveau \u201cmaillage humain\u201d (D\u00e9claration conjointe) - Dpress.ma\/fr","isPartOf":{"@id":"https:\/\/dpress.ma\/fr\/#website"},"primaryImageOfPage":{"@id":"https:\/\/dpress.ma\/fr\/2023\/02\/03\/le-maroc-et-lespagne-qui-ont-en-commun-un-heritage-culturel-singulier-appeles-a-developper-un-nouveau-maillage-humain-declaration-conjointe\/#primaryimage"},"image":{"@id":"https:\/\/dpress.ma\/fr\/2023\/02\/03\/le-maroc-et-lespagne-qui-ont-en-commun-un-heritage-culturel-singulier-appeles-a-developper-un-nouveau-maillage-humain-declaration-conjointe\/#primaryimage"},"thumbnailUrl":"https:\/\/dpress.ma\/fr\/wp-content\/uploads\/sites\/2\/2023\/02\/dimensions2-9.jpg","datePublished":"2023-02-03T09:18:53+00:00","dateModified":"2023-02-03T09:18:55+00:00","author":{"@id":"https:\/\/dpress.ma\/fr\/#\/schema\/person\/4898febf3ccd59e6578d838656a306a0"},"description":"Le Maroc et l\u2019Espagne, qui ont en commun un h\u00e9ritage culturel et humain singulier,\u00a0sont appel\u00e9s \u00e0 d\u00e9velopper un nouveau \u201cmaillage humain\u201d dans l\u2019objectif d\u2019atteindre un partenariat inclusif qui soit au service de tous, notamment \u00e0 travers les jumelages de villes, les partenariats entre Universit\u00e9s, la mobilit\u00e9 des \u00e9tudiants, les actions communes d\u2019acteurs associatifs et la cr\u00e9ation de comit\u00e9s d\u2019\u00e9tude et d\u2019instituts de recherche, indique la D\u00e9claration conjointe publi\u00e9e \u00e0 l\u2019issue de la 12\u00e8me session de la R\u00e9union de Haut Niveau Maroc-Espagne, qui a clos ses travaux jeudi \u00e0 Rabat.","breadcrumb":{"@id":"https:\/\/dpress.ma\/fr\/2023\/02\/03\/le-maroc-et-lespagne-qui-ont-en-commun-un-heritage-culturel-singulier-appeles-a-developper-un-nouveau-maillage-humain-declaration-conjointe\/#breadcrumb"},"inLanguage":"fr-FR","potentialAction":[{"@type":"ReadAction","target":["https:\/\/dpress.ma\/fr\/2023\/02\/03\/le-maroc-et-lespagne-qui-ont-en-commun-un-heritage-culturel-singulier-appeles-a-developper-un-nouveau-maillage-humain-declaration-conjointe\/"]}]},{"@type":"ImageObject","inLanguage":"fr-FR","@id":"https:\/\/dpress.ma\/fr\/2023\/02\/03\/le-maroc-et-lespagne-qui-ont-en-commun-un-heritage-culturel-singulier-appeles-a-developper-un-nouveau-maillage-humain-declaration-conjointe\/#primaryimage","url":"https:\/\/dpress.ma\/fr\/wp-content\/uploads\/sites\/2\/2023\/02\/dimensions2-9.jpg","contentUrl":"https:\/\/dpress.ma\/fr\/wp-content\/uploads\/sites\/2\/2023\/02\/dimensions2-9.jpg","width":2539,"height":1594},{"@type":"BreadcrumbList","@id":"https:\/\/dpress.ma\/fr\/2023\/02\/03\/le-maroc-et-lespagne-qui-ont-en-commun-un-heritage-culturel-singulier-appeles-a-developper-un-nouveau-maillage-humain-declaration-conjointe\/#breadcrumb","itemListElement":[{"@type":"ListItem","position":1,"name":"Home","item":"https:\/\/dpress.ma\/fr\/"},{"@type":"ListItem","position":2,"name":"Le Maroc et l\u2019Espagne, qui ont en commun un h\u00e9ritage culturel singulier, appel\u00e9s \u00e0 d\u00e9velopper un nouveau \u201cmaillage humain\u201d (D\u00e9claration conjointe)"}]},{"@type":"WebSite","@id":"https:\/\/dpress.ma\/fr\/#website","url":"https:\/\/dpress.ma\/fr\/","name":"Dpress.ma\/fr","description":"","potentialAction":[{"@type":"SearchAction","target":{"@type":"EntryPoint","urlTemplate":"https:\/\/dpress.ma\/fr\/?s={search_term_string}"},"query-input":{"@type":"PropertyValueSpecification","valueRequired":true,"valueName":"search_term_string"}}],"inLanguage":"fr-FR"},{"@type":"Person","@id":"https:\/\/dpress.ma\/fr\/#\/schema\/person\/4898febf3ccd59e6578d838656a306a0","name":"Dpress.ma","image":{"@type":"ImageObject","inLanguage":"fr-FR","@id":"https:\/\/secure.gravatar.com\/avatar\/72ecc30e9db047a2e0e7176561eb9d564ed77c8108376495b19bd8336405198a?s=96&d=mm&r=g","url":"https:\/\/secure.gravatar.com\/avatar\/72ecc30e9db047a2e0e7176561eb9d564ed77c8108376495b19bd8336405198a?s=96&d=mm&r=g","contentUrl":"https:\/\/secure.gravatar.com\/avatar\/72ecc30e9db047a2e0e7176561eb9d564ed77c8108376495b19bd8336405198a?s=96&d=mm&r=g","caption":"Dpress.ma"},"sameAs":["https:\/\/www.dpress.ma"],"url":"https:\/\/dpress.ma\/fr\/author\/dpress-ma\/"}]}},"amp_enabled":true,"_links":{"self":[{"href":"https:\/\/dpress.ma\/fr\/wp-json\/wp\/v2\/posts\/3472","targetHints":{"allow":["GET"]}}],"collection":[{"href":"https:\/\/dpress.ma\/fr\/wp-json\/wp\/v2\/posts"}],"about":[{"href":"https:\/\/dpress.ma\/fr\/wp-json\/wp\/v2\/types\/post"}],"author":[{"embeddable":true,"href":"https:\/\/dpress.ma\/fr\/wp-json\/wp\/v2\/users\/2"}],"replies":[{"embeddable":true,"href":"https:\/\/dpress.ma\/fr\/wp-json\/wp\/v2\/comments?post=3472"}],"version-history":[{"count":1,"href":"https:\/\/dpress.ma\/fr\/wp-json\/wp\/v2\/posts\/3472\/revisions"}],"predecessor-version":[{"id":3474,"href":"https:\/\/dpress.ma\/fr\/wp-json\/wp\/v2\/posts\/3472\/revisions\/3474"}],"wp:featuredmedia":[{"embeddable":true,"href":"https:\/\/dpress.ma\/fr\/wp-json\/wp\/v2\/media\/3473"}],"wp:attachment":[{"href":"https:\/\/dpress.ma\/fr\/wp-json\/wp\/v2\/media?parent=3472"}],"wp:term":[{"taxonomy":"category","embeddable":true,"href":"https:\/\/dpress.ma\/fr\/wp-json\/wp\/v2\/categories?post=3472"},{"taxonomy":"post_tag","embeddable":true,"href":"https:\/\/dpress.ma\/fr\/wp-json\/wp\/v2\/tags?post=3472"}],"curies":[{"name":"wp","href":"https:\/\/api.w.org\/{rel}","templated":true}]}}