{"id":3462,"date":"2023-02-04T10:51:33","date_gmt":"2023-02-04T10:51:33","guid":{"rendered":"https:\/\/dpress.ma\/fr\/?p=3462"},"modified":"2023-02-04T10:51:34","modified_gmt":"2023-02-04T10:51:34","slug":"le-conseil-de-gouvernement-approuve-le-projet-de-decret-fixant-les-attributions-et-lorganisation-du-ministere-charge-des-relations-avec-le-parlement","status":"publish","type":"post","link":"https:\/\/dpress.ma\/fr\/2023\/02\/04\/le-conseil-de-gouvernement-approuve-le-projet-de-decret-fixant-les-attributions-et-lorganisation-du-ministere-charge-des-relations-avec-le-parlement\/","title":{"rendered":"Le Conseil de gouvernement approuve le projet de d\u00e9cret fixant les attributions et l\u2019organisation du minist\u00e8re charg\u00e9 des relations avec le parlement"},"content":{"rendered":"\n<p>Dpress<\/p>\n\n\n\n<p>Le Conseil de gouvernement, r\u00e9uni jeudi \u00e0 Rabat, sous la pr\u00e9sidence du chef du gouvernement, Aziz Akhannouch, a approuv\u00e9 le projet de d\u00e9cret n\u00b0 2.22.771 fixant les attributions et l\u2019organisation du minist\u00e8re charg\u00e9 des relations avec le parlement, pr\u00e9sent\u00e9 par le ministre d\u00e9l\u00e9gu\u00e9 charg\u00e9 des Relations avec le parlement, porte-parole du gouvernement, Mustapha Baitas.<\/p>\n\n\n\n<p>Ce projet de d\u00e9cret a pour objectif d\u2019harmoniser les attributions et l\u2019organisation du minist\u00e8re dans ses relations avec les attributions du parlement en mati\u00e8re de l\u00e9gislation, de contr\u00f4le de l\u2019action gouvernementale et d\u2019\u00e9valuation des politiques publiques, et donc d\u2019interagir avec l\u2019ensemble des activit\u00e9s parlementaires, a indiqu\u00e9 M. Baitas dans un communiqu\u00e9 lu lors d\u2019un point de presse tenu \u00e0 l\u2019issue du Conseil de Gouvernement.<\/p>\n\n\n\n<p>Il s\u2019agit \u00e9galement d\u2019harmoniser les attributions du minist\u00e8re dans ses relations avec la soci\u00e9t\u00e9 civile, conform\u00e9ment \u00e0 sa nouvelle strat\u00e9gie en la mati\u00e8re qui comprend des programmes et de projets compatibles avec les derniers d\u00e9veloppement juridiques et r\u00e9glementaires encadrant l\u2019action des associations de la soci\u00e9t\u00e9 civile, de la d\u00e9mocratie participative et de la participation citoyenne, a-t-il poursuivi.<\/p>\n\n\n\n<p>Ce projet de d\u00e9cret, a-t-il not\u00e9, vise \u00e9galement \u00e0 moderniser le minist\u00e8re, qui est une administration publique moderne, en renfor\u00e7ant sa performance par des m\u00e9canismes et des r\u00e8gles de bonne gouvernance afin de consacrer les principes de transparence, d\u2019efficacit\u00e9 et de clart\u00e9 dans les domaines du management et de gestion administrative, tout en r\u00e9organisant ses unit\u00e9s administratives conform\u00e9ment aux m\u00e9thodes de gestion moderne, que ce soit dans ses relations internes ou celles avec son environnement institutionnel et de ses usagers.<\/p>\n\n\n\n<p>Le ministre a expliqu\u00e9, dans ce sillage, qu\u2019au titre de ce projet, les entit\u00e9s administratives relevant du minist\u00e8re, auxquelles \u00e9taient assign\u00e9es des t\u00e2ches claires et pr\u00e9cises, ont \u00e9t\u00e9 r\u00e9organis\u00e9es en vue de r\u00e9aliser l\u2019int\u00e9gration fonctionnelle, en prenant en consid\u00e9ration les comp\u00e9tences et les ressources humaines du minist\u00e8re, tout en assurant leur red\u00e9ploiement optimal dans les diff\u00e9rentes unit\u00e9s administratives.<\/p>\n","protected":false},"excerpt":{"rendered":"<p>Dpress Le Conseil de gouvernement, r\u00e9uni jeudi \u00e0 Rabat, sous la pr\u00e9sidence du chef du gouvernement, Aziz Akhannouch, a approuv\u00e9 le projet de d\u00e9cret n\u00b0 2.22.771 fixant les attributions et l\u2019organisation du minist\u00e8re charg\u00e9 des relations avec le parlement, pr\u00e9sent\u00e9 par le ministre d\u00e9l\u00e9gu\u00e9 charg\u00e9 des Relations avec le parlement, porte-parole du gouvernement, Mustapha Baitas. &hellip;<\/p>\n","protected":false},"author":2,"featured_media":3222,"comment_status":"open","ping_status":"open","sticky":false,"template":"","format":"standard","meta":{"footnotes":""},"categories":[26],"tags":[],"class_list":["post-3462","post","type-post","status-publish","format-standard","has-post-thumbnail","hentry","category-politiques"],"yoast_head":"<!-- This site is optimized with the Yoast SEO plugin v27.5 - https:\/\/yoast.com\/product\/yoast-seo-wordpress\/ -->\n<title>Le Conseil de gouvernement approuve le projet de d\u00e9cret fixant les attributions et l\u2019organisation du minist\u00e8re charg\u00e9 des relations avec le parlement - Dpress.ma\/fr<\/title>\n<meta name=\"robots\" content=\"index, follow, max-snippet:-1, max-image-preview:large, max-video-preview:-1\" \/>\n<link rel=\"canonical\" href=\"https:\/\/dpress.ma\/fr\/2023\/02\/04\/le-conseil-de-gouvernement-approuve-le-projet-de-decret-fixant-les-attributions-et-lorganisation-du-ministere-charge-des-relations-avec-le-parlement\/\" \/>\n<meta property=\"og:locale\" content=\"fr_FR\" \/>\n<meta property=\"og:type\" content=\"article\" \/>\n<meta property=\"og:title\" content=\"Le Conseil de gouvernement approuve le projet de d\u00e9cret fixant les attributions et l\u2019organisation du minist\u00e8re charg\u00e9 des relations avec le parlement - Dpress.ma\/fr\" \/>\n<meta property=\"og:description\" content=\"Dpress Le Conseil de gouvernement, r\u00e9uni jeudi \u00e0 Rabat, sous la pr\u00e9sidence du chef du gouvernement, Aziz Akhannouch, a approuv\u00e9 le projet de d\u00e9cret n\u00b0 2.22.771 fixant les attributions et l\u2019organisation du minist\u00e8re charg\u00e9 des relations avec le parlement, pr\u00e9sent\u00e9 par le ministre d\u00e9l\u00e9gu\u00e9 charg\u00e9 des Relations avec le parlement, porte-parole du gouvernement, Mustapha Baitas. &hellip;\" \/>\n<meta property=\"og:url\" content=\"https:\/\/dpress.ma\/fr\/2023\/02\/04\/le-conseil-de-gouvernement-approuve-le-projet-de-decret-fixant-les-attributions-et-lorganisation-du-ministere-charge-des-relations-avec-le-parlement\/\" \/>\n<meta property=\"og:site_name\" content=\"Dpress.ma\/fr\" \/>\n<meta property=\"article:published_time\" content=\"2023-02-04T10:51:33+00:00\" \/>\n<meta property=\"article:modified_time\" content=\"2023-02-04T10:51:34+00:00\" \/>\n<meta property=\"og:image\" content=\"https:\/\/dpress.ma\/fr\/wp-content\/uploads\/sites\/2\/2023\/01\/dimensions2-18.jpg\" \/>\n\t<meta property=\"og:image:width\" content=\"2539\" \/>\n\t<meta property=\"og:image:height\" content=\"1594\" \/>\n\t<meta property=\"og:image:type\" content=\"image\/jpeg\" \/>\n<meta name=\"author\" content=\"Dpress.ma\" \/>\n<meta name=\"twitter:card\" content=\"summary_large_image\" \/>\n<meta name=\"twitter:label1\" content=\"\u00c9crit par\" \/>\n\t<meta name=\"twitter:data1\" content=\"Dpress.ma\" \/>\n\t<meta name=\"twitter:label2\" content=\"Dur\u00e9e de lecture estim\u00e9e\" \/>\n\t<meta name=\"twitter:data2\" content=\"2 minutes\" \/>\n<script type=\"application\/ld+json\" class=\"yoast-schema-graph\">{\"@context\":\"https:\\\/\\\/schema.org\",\"@graph\":[{\"@type\":\"Article\",\"@id\":\"https:\\\/\\\/dpress.ma\\\/fr\\\/2023\\\/02\\\/04\\\/le-conseil-de-gouvernement-approuve-le-projet-de-decret-fixant-les-attributions-et-lorganisation-du-ministere-charge-des-relations-avec-le-parlement\\\/#article\",\"isPartOf\":{\"@id\":\"https:\\\/\\\/dpress.ma\\\/fr\\\/2023\\\/02\\\/04\\\/le-conseil-de-gouvernement-approuve-le-projet-de-decret-fixant-les-attributions-et-lorganisation-du-ministere-charge-des-relations-avec-le-parlement\\\/\"},\"author\":{\"name\":\"Dpress.ma\",\"@id\":\"https:\\\/\\\/dpress.ma\\\/fr\\\/#\\\/schema\\\/person\\\/4898febf3ccd59e6578d838656a306a0\"},\"headline\":\"Le Conseil de gouvernement approuve le projet de d\u00e9cret fixant les attributions et l\u2019organisation du minist\u00e8re charg\u00e9 des relations avec le parlement\",\"datePublished\":\"2023-02-04T10:51:33+00:00\",\"dateModified\":\"2023-02-04T10:51:34+00:00\",\"mainEntityOfPage\":{\"@id\":\"https:\\\/\\\/dpress.ma\\\/fr\\\/2023\\\/02\\\/04\\\/le-conseil-de-gouvernement-approuve-le-projet-de-decret-fixant-les-attributions-et-lorganisation-du-ministere-charge-des-relations-avec-le-parlement\\\/\"},\"wordCount\":395,\"commentCount\":0,\"image\":{\"@id\":\"https:\\\/\\\/dpress.ma\\\/fr\\\/2023\\\/02\\\/04\\\/le-conseil-de-gouvernement-approuve-le-projet-de-decret-fixant-les-attributions-et-lorganisation-du-ministere-charge-des-relations-avec-le-parlement\\\/#primaryimage\"},\"thumbnailUrl\":\"https:\\\/\\\/dpress.ma\\\/fr\\\/wp-content\\\/uploads\\\/sites\\\/2\\\/2023\\\/01\\\/dimensions2-18.jpg\",\"articleSection\":[\"Politiques\"],\"inLanguage\":\"fr-FR\",\"potentialAction\":[{\"@type\":\"CommentAction\",\"name\":\"Comment\",\"target\":[\"https:\\\/\\\/dpress.ma\\\/fr\\\/2023\\\/02\\\/04\\\/le-conseil-de-gouvernement-approuve-le-projet-de-decret-fixant-les-attributions-et-lorganisation-du-ministere-charge-des-relations-avec-le-parlement\\\/#respond\"]}]},{\"@type\":\"WebPage\",\"@id\":\"https:\\\/\\\/dpress.ma\\\/fr\\\/2023\\\/02\\\/04\\\/le-conseil-de-gouvernement-approuve-le-projet-de-decret-fixant-les-attributions-et-lorganisation-du-ministere-charge-des-relations-avec-le-parlement\\\/\",\"url\":\"https:\\\/\\\/dpress.ma\\\/fr\\\/2023\\\/02\\\/04\\\/le-conseil-de-gouvernement-approuve-le-projet-de-decret-fixant-les-attributions-et-lorganisation-du-ministere-charge-des-relations-avec-le-parlement\\\/\",\"name\":\"Le Conseil de gouvernement approuve le projet de d\u00e9cret fixant les attributions et l\u2019organisation du minist\u00e8re charg\u00e9 des relations avec le parlement - Dpress.ma\\\/fr\",\"isPartOf\":{\"@id\":\"https:\\\/\\\/dpress.ma\\\/fr\\\/#website\"},\"primaryImageOfPage\":{\"@id\":\"https:\\\/\\\/dpress.ma\\\/fr\\\/2023\\\/02\\\/04\\\/le-conseil-de-gouvernement-approuve-le-projet-de-decret-fixant-les-attributions-et-lorganisation-du-ministere-charge-des-relations-avec-le-parlement\\\/#primaryimage\"},\"image\":{\"@id\":\"https:\\\/\\\/dpress.ma\\\/fr\\\/2023\\\/02\\\/04\\\/le-conseil-de-gouvernement-approuve-le-projet-de-decret-fixant-les-attributions-et-lorganisation-du-ministere-charge-des-relations-avec-le-parlement\\\/#primaryimage\"},\"thumbnailUrl\":\"https:\\\/\\\/dpress.ma\\\/fr\\\/wp-content\\\/uploads\\\/sites\\\/2\\\/2023\\\/01\\\/dimensions2-18.jpg\",\"datePublished\":\"2023-02-04T10:51:33+00:00\",\"dateModified\":\"2023-02-04T10:51:34+00:00\",\"author\":{\"@id\":\"https:\\\/\\\/dpress.ma\\\/fr\\\/#\\\/schema\\\/person\\\/4898febf3ccd59e6578d838656a306a0\"},\"breadcrumb\":{\"@id\":\"https:\\\/\\\/dpress.ma\\\/fr\\\/2023\\\/02\\\/04\\\/le-conseil-de-gouvernement-approuve-le-projet-de-decret-fixant-les-attributions-et-lorganisation-du-ministere-charge-des-relations-avec-le-parlement\\\/#breadcrumb\"},\"inLanguage\":\"fr-FR\",\"potentialAction\":[{\"@type\":\"ReadAction\",\"target\":[\"https:\\\/\\\/dpress.ma\\\/fr\\\/2023\\\/02\\\/04\\\/le-conseil-de-gouvernement-approuve-le-projet-de-decret-fixant-les-attributions-et-lorganisation-du-ministere-charge-des-relations-avec-le-parlement\\\/\"]}]},{\"@type\":\"ImageObject\",\"inLanguage\":\"fr-FR\",\"@id\":\"https:\\\/\\\/dpress.ma\\\/fr\\\/2023\\\/02\\\/04\\\/le-conseil-de-gouvernement-approuve-le-projet-de-decret-fixant-les-attributions-et-lorganisation-du-ministere-charge-des-relations-avec-le-parlement\\\/#primaryimage\",\"url\":\"https:\\\/\\\/dpress.ma\\\/fr\\\/wp-content\\\/uploads\\\/sites\\\/2\\\/2023\\\/01\\\/dimensions2-18.jpg\",\"contentUrl\":\"https:\\\/\\\/dpress.ma\\\/fr\\\/wp-content\\\/uploads\\\/sites\\\/2\\\/2023\\\/01\\\/dimensions2-18.jpg\",\"width\":2539,\"height\":1594},{\"@type\":\"BreadcrumbList\",\"@id\":\"https:\\\/\\\/dpress.ma\\\/fr\\\/2023\\\/02\\\/04\\\/le-conseil-de-gouvernement-approuve-le-projet-de-decret-fixant-les-attributions-et-lorganisation-du-ministere-charge-des-relations-avec-le-parlement\\\/#breadcrumb\",\"itemListElement\":[{\"@type\":\"ListItem\",\"position\":1,\"name\":\"Home\",\"item\":\"https:\\\/\\\/dpress.ma\\\/fr\\\/\"},{\"@type\":\"ListItem\",\"position\":2,\"name\":\"Le Conseil de gouvernement approuve le projet de d\u00e9cret fixant les attributions et l\u2019organisation du minist\u00e8re charg\u00e9 des relations avec le parlement\"}]},{\"@type\":\"WebSite\",\"@id\":\"https:\\\/\\\/dpress.ma\\\/fr\\\/#website\",\"url\":\"https:\\\/\\\/dpress.ma\\\/fr\\\/\",\"name\":\"Dpress.ma\\\/fr\",\"description\":\"\",\"potentialAction\":[{\"@type\":\"SearchAction\",\"target\":{\"@type\":\"EntryPoint\",\"urlTemplate\":\"https:\\\/\\\/dpress.ma\\\/fr\\\/?s={search_term_string}\"},\"query-input\":{\"@type\":\"PropertyValueSpecification\",\"valueRequired\":true,\"valueName\":\"search_term_string\"}}],\"inLanguage\":\"fr-FR\"},{\"@type\":\"Person\",\"@id\":\"https:\\\/\\\/dpress.ma\\\/fr\\\/#\\\/schema\\\/person\\\/4898febf3ccd59e6578d838656a306a0\",\"name\":\"Dpress.ma\",\"image\":{\"@type\":\"ImageObject\",\"inLanguage\":\"fr-FR\",\"@id\":\"https:\\\/\\\/secure.gravatar.com\\\/avatar\\\/72ecc30e9db047a2e0e7176561eb9d564ed77c8108376495b19bd8336405198a?s=96&d=mm&r=g\",\"url\":\"https:\\\/\\\/secure.gravatar.com\\\/avatar\\\/72ecc30e9db047a2e0e7176561eb9d564ed77c8108376495b19bd8336405198a?s=96&d=mm&r=g\",\"contentUrl\":\"https:\\\/\\\/secure.gravatar.com\\\/avatar\\\/72ecc30e9db047a2e0e7176561eb9d564ed77c8108376495b19bd8336405198a?s=96&d=mm&r=g\",\"caption\":\"Dpress.ma\"},\"sameAs\":[\"https:\\\/\\\/www.dpress.ma\"],\"url\":\"https:\\\/\\\/dpress.ma\\\/fr\\\/author\\\/dpress-ma\\\/\"}]}<\/script>\n<!-- \/ Yoast SEO plugin. -->","yoast_head_json":{"title":"Le Conseil de gouvernement approuve le projet de d\u00e9cret fixant les attributions et l\u2019organisation du minist\u00e8re charg\u00e9 des relations avec le parlement - Dpress.ma\/fr","robots":{"index":"index","follow":"follow","max-snippet":"max-snippet:-1","max-image-preview":"max-image-preview:large","max-video-preview":"max-video-preview:-1"},"canonical":"https:\/\/dpress.ma\/fr\/2023\/02\/04\/le-conseil-de-gouvernement-approuve-le-projet-de-decret-fixant-les-attributions-et-lorganisation-du-ministere-charge-des-relations-avec-le-parlement\/","og_locale":"fr_FR","og_type":"article","og_title":"Le Conseil de gouvernement approuve le projet de d\u00e9cret fixant les attributions et l\u2019organisation du minist\u00e8re charg\u00e9 des relations avec le parlement - Dpress.ma\/fr","og_description":"Dpress Le Conseil de gouvernement, r\u00e9uni jeudi \u00e0 Rabat, sous la pr\u00e9sidence du chef du gouvernement, Aziz Akhannouch, a approuv\u00e9 le projet de d\u00e9cret n\u00b0 2.22.771 fixant les attributions et l\u2019organisation du minist\u00e8re charg\u00e9 des relations avec le parlement, pr\u00e9sent\u00e9 par le ministre d\u00e9l\u00e9gu\u00e9 charg\u00e9 des Relations avec le parlement, porte-parole du gouvernement, Mustapha Baitas. &hellip;","og_url":"https:\/\/dpress.ma\/fr\/2023\/02\/04\/le-conseil-de-gouvernement-approuve-le-projet-de-decret-fixant-les-attributions-et-lorganisation-du-ministere-charge-des-relations-avec-le-parlement\/","og_site_name":"Dpress.ma\/fr","article_published_time":"2023-02-04T10:51:33+00:00","article_modified_time":"2023-02-04T10:51:34+00:00","og_image":[{"width":2539,"height":1594,"url":"https:\/\/dpress.ma\/fr\/wp-content\/uploads\/sites\/2\/2023\/01\/dimensions2-18.jpg","type":"image\/jpeg"}],"author":"Dpress.ma","twitter_card":"summary_large_image","twitter_misc":{"\u00c9crit par":"Dpress.ma","Dur\u00e9e de lecture estim\u00e9e":"2 minutes"},"schema":{"@context":"https:\/\/schema.org","@graph":[{"@type":"Article","@id":"https:\/\/dpress.ma\/fr\/2023\/02\/04\/le-conseil-de-gouvernement-approuve-le-projet-de-decret-fixant-les-attributions-et-lorganisation-du-ministere-charge-des-relations-avec-le-parlement\/#article","isPartOf":{"@id":"https:\/\/dpress.ma\/fr\/2023\/02\/04\/le-conseil-de-gouvernement-approuve-le-projet-de-decret-fixant-les-attributions-et-lorganisation-du-ministere-charge-des-relations-avec-le-parlement\/"},"author":{"name":"Dpress.ma","@id":"https:\/\/dpress.ma\/fr\/#\/schema\/person\/4898febf3ccd59e6578d838656a306a0"},"headline":"Le Conseil de gouvernement approuve le projet de d\u00e9cret fixant les attributions et l\u2019organisation du minist\u00e8re charg\u00e9 des relations avec le parlement","datePublished":"2023-02-04T10:51:33+00:00","dateModified":"2023-02-04T10:51:34+00:00","mainEntityOfPage":{"@id":"https:\/\/dpress.ma\/fr\/2023\/02\/04\/le-conseil-de-gouvernement-approuve-le-projet-de-decret-fixant-les-attributions-et-lorganisation-du-ministere-charge-des-relations-avec-le-parlement\/"},"wordCount":395,"commentCount":0,"image":{"@id":"https:\/\/dpress.ma\/fr\/2023\/02\/04\/le-conseil-de-gouvernement-approuve-le-projet-de-decret-fixant-les-attributions-et-lorganisation-du-ministere-charge-des-relations-avec-le-parlement\/#primaryimage"},"thumbnailUrl":"https:\/\/dpress.ma\/fr\/wp-content\/uploads\/sites\/2\/2023\/01\/dimensions2-18.jpg","articleSection":["Politiques"],"inLanguage":"fr-FR","potentialAction":[{"@type":"CommentAction","name":"Comment","target":["https:\/\/dpress.ma\/fr\/2023\/02\/04\/le-conseil-de-gouvernement-approuve-le-projet-de-decret-fixant-les-attributions-et-lorganisation-du-ministere-charge-des-relations-avec-le-parlement\/#respond"]}]},{"@type":"WebPage","@id":"https:\/\/dpress.ma\/fr\/2023\/02\/04\/le-conseil-de-gouvernement-approuve-le-projet-de-decret-fixant-les-attributions-et-lorganisation-du-ministere-charge-des-relations-avec-le-parlement\/","url":"https:\/\/dpress.ma\/fr\/2023\/02\/04\/le-conseil-de-gouvernement-approuve-le-projet-de-decret-fixant-les-attributions-et-lorganisation-du-ministere-charge-des-relations-avec-le-parlement\/","name":"Le Conseil de gouvernement approuve le projet de d\u00e9cret fixant les attributions et l\u2019organisation du minist\u00e8re charg\u00e9 des relations avec le parlement - Dpress.ma\/fr","isPartOf":{"@id":"https:\/\/dpress.ma\/fr\/#website"},"primaryImageOfPage":{"@id":"https:\/\/dpress.ma\/fr\/2023\/02\/04\/le-conseil-de-gouvernement-approuve-le-projet-de-decret-fixant-les-attributions-et-lorganisation-du-ministere-charge-des-relations-avec-le-parlement\/#primaryimage"},"image":{"@id":"https:\/\/dpress.ma\/fr\/2023\/02\/04\/le-conseil-de-gouvernement-approuve-le-projet-de-decret-fixant-les-attributions-et-lorganisation-du-ministere-charge-des-relations-avec-le-parlement\/#primaryimage"},"thumbnailUrl":"https:\/\/dpress.ma\/fr\/wp-content\/uploads\/sites\/2\/2023\/01\/dimensions2-18.jpg","datePublished":"2023-02-04T10:51:33+00:00","dateModified":"2023-02-04T10:51:34+00:00","author":{"@id":"https:\/\/dpress.ma\/fr\/#\/schema\/person\/4898febf3ccd59e6578d838656a306a0"},"breadcrumb":{"@id":"https:\/\/dpress.ma\/fr\/2023\/02\/04\/le-conseil-de-gouvernement-approuve-le-projet-de-decret-fixant-les-attributions-et-lorganisation-du-ministere-charge-des-relations-avec-le-parlement\/#breadcrumb"},"inLanguage":"fr-FR","potentialAction":[{"@type":"ReadAction","target":["https:\/\/dpress.ma\/fr\/2023\/02\/04\/le-conseil-de-gouvernement-approuve-le-projet-de-decret-fixant-les-attributions-et-lorganisation-du-ministere-charge-des-relations-avec-le-parlement\/"]}]},{"@type":"ImageObject","inLanguage":"fr-FR","@id":"https:\/\/dpress.ma\/fr\/2023\/02\/04\/le-conseil-de-gouvernement-approuve-le-projet-de-decret-fixant-les-attributions-et-lorganisation-du-ministere-charge-des-relations-avec-le-parlement\/#primaryimage","url":"https:\/\/dpress.ma\/fr\/wp-content\/uploads\/sites\/2\/2023\/01\/dimensions2-18.jpg","contentUrl":"https:\/\/dpress.ma\/fr\/wp-content\/uploads\/sites\/2\/2023\/01\/dimensions2-18.jpg","width":2539,"height":1594},{"@type":"BreadcrumbList","@id":"https:\/\/dpress.ma\/fr\/2023\/02\/04\/le-conseil-de-gouvernement-approuve-le-projet-de-decret-fixant-les-attributions-et-lorganisation-du-ministere-charge-des-relations-avec-le-parlement\/#breadcrumb","itemListElement":[{"@type":"ListItem","position":1,"name":"Home","item":"https:\/\/dpress.ma\/fr\/"},{"@type":"ListItem","position":2,"name":"Le Conseil de gouvernement approuve le projet de d\u00e9cret fixant les attributions et l\u2019organisation du minist\u00e8re charg\u00e9 des relations avec le parlement"}]},{"@type":"WebSite","@id":"https:\/\/dpress.ma\/fr\/#website","url":"https:\/\/dpress.ma\/fr\/","name":"Dpress.ma\/fr","description":"","potentialAction":[{"@type":"SearchAction","target":{"@type":"EntryPoint","urlTemplate":"https:\/\/dpress.ma\/fr\/?s={search_term_string}"},"query-input":{"@type":"PropertyValueSpecification","valueRequired":true,"valueName":"search_term_string"}}],"inLanguage":"fr-FR"},{"@type":"Person","@id":"https:\/\/dpress.ma\/fr\/#\/schema\/person\/4898febf3ccd59e6578d838656a306a0","name":"Dpress.ma","image":{"@type":"ImageObject","inLanguage":"fr-FR","@id":"https:\/\/secure.gravatar.com\/avatar\/72ecc30e9db047a2e0e7176561eb9d564ed77c8108376495b19bd8336405198a?s=96&d=mm&r=g","url":"https:\/\/secure.gravatar.com\/avatar\/72ecc30e9db047a2e0e7176561eb9d564ed77c8108376495b19bd8336405198a?s=96&d=mm&r=g","contentUrl":"https:\/\/secure.gravatar.com\/avatar\/72ecc30e9db047a2e0e7176561eb9d564ed77c8108376495b19bd8336405198a?s=96&d=mm&r=g","caption":"Dpress.ma"},"sameAs":["https:\/\/www.dpress.ma"],"url":"https:\/\/dpress.ma\/fr\/author\/dpress-ma\/"}]}},"amp_enabled":true,"_links":{"self":[{"href":"https:\/\/dpress.ma\/fr\/wp-json\/wp\/v2\/posts\/3462","targetHints":{"allow":["GET"]}}],"collection":[{"href":"https:\/\/dpress.ma\/fr\/wp-json\/wp\/v2\/posts"}],"about":[{"href":"https:\/\/dpress.ma\/fr\/wp-json\/wp\/v2\/types\/post"}],"author":[{"embeddable":true,"href":"https:\/\/dpress.ma\/fr\/wp-json\/wp\/v2\/users\/2"}],"replies":[{"embeddable":true,"href":"https:\/\/dpress.ma\/fr\/wp-json\/wp\/v2\/comments?post=3462"}],"version-history":[{"count":1,"href":"https:\/\/dpress.ma\/fr\/wp-json\/wp\/v2\/posts\/3462\/revisions"}],"predecessor-version":[{"id":3477,"href":"https:\/\/dpress.ma\/fr\/wp-json\/wp\/v2\/posts\/3462\/revisions\/3477"}],"wp:featuredmedia":[{"embeddable":true,"href":"https:\/\/dpress.ma\/fr\/wp-json\/wp\/v2\/media\/3222"}],"wp:attachment":[{"href":"https:\/\/dpress.ma\/fr\/wp-json\/wp\/v2\/media?parent=3462"}],"wp:term":[{"taxonomy":"category","embeddable":true,"href":"https:\/\/dpress.ma\/fr\/wp-json\/wp\/v2\/categories?post=3462"},{"taxonomy":"post_tag","embeddable":true,"href":"https:\/\/dpress.ma\/fr\/wp-json\/wp\/v2\/tags?post=3462"}],"curies":[{"name":"wp","href":"https:\/\/api.w.org\/{rel}","templated":true}]}}