{"id":34426,"date":"2026-06-24T09:03:08","date_gmt":"2026-06-24T09:03:08","guid":{"rendered":"https:\/\/dpress.ma\/fr\/?p=34426"},"modified":"2026-06-24T09:03:11","modified_gmt":"2026-06-24T09:03:11","slug":"sm-le-roi-felicite-m-abelardo-gabriel-de-la-espriella-otero-a-loccasion-de-son-election-president-de-la-colombie","status":"publish","type":"post","link":"https:\/\/dpress.ma\/fr\/2026\/06\/24\/sm-le-roi-felicite-m-abelardo-gabriel-de-la-espriella-otero-a-loccasion-de-son-election-president-de-la-colombie\/","title":{"rendered":"SM le Roi f\u00e9licite M. Abelardo Gabriel de la Espriella Otero \u00e0 l\u2019occasion de son \u00e9lection Pr\u00e9sident de la Colombie"},"content":{"rendered":"\n<p class=\"wp-block-paragraph\">Dpress<\/p>\n\n\n\n<p class=\"wp-block-paragraph\">Sa Majest\u00e9 le Roi Mohammed VI, que Dieu L&rsquo;assiste, a adress\u00e9 un message de f\u00e9licitations \u00e0 Son Excellence M. Abelardo Gabriel de la Espriella Otero \u00e0 l\u2019occasion de son \u00e9lection \u00e0 la Pr\u00e9sidence de la R\u00e9publique de Colombie.<\/p>\n\n\n\n<p class=\"wp-block-paragraph\">Dans ce message, Sa Majest\u00e9 le Roi adresse \u00e0 M. De La Espriella Otero Ses plus chaleureuses f\u00e9licitations et Ses v\u0153ux les plus sinc\u00e8res de plein succ\u00e8s dans l\u2019accomplissement de la haute mission que le peuple colombien lui a confi\u00e9e.<\/p>\n\n\n\n<p class=\"wp-block-paragraph\">\u00ab\u00a0Je saisis cette heureuse occasion pour vous exprimer la volont\u00e9 du Royaume du Maroc d\u2019insuffler une nouvelle dynamique aux relations d\u2019amiti\u00e9 qui l\u2019unissent \u00e0 la R\u00e9publique de Colombie. Je vous assure, \u00e0 cet effet, de Ma disposition \u00e0 \u0153uvrer, de concert avec Votre Excellence, \u00e0 l\u2019ouverture de nouvelles perspectives de partenariat dans les diff\u00e9rents domaines d\u2019int\u00e9r\u00eat commun\u00a0\u00bb, souligne le Souverain.<\/p>\n\n\n\n<p class=\"wp-block-paragraph\">Sa Majest\u00e9 le Roi, qui Se r\u00e9jouit des liens d\u2019estime mutuelle qui existent entre les deux pays, demeure convaincu que \u00ab\u00a0nos efforts conjoints permettront de donner une impulsion nouvelle \u00e0 notre coop\u00e9ration bilat\u00e9rale, dans un esprit de dialogue constructif et de respect r\u00e9ciproque de notre souverainet\u00e9 nationale, au service des aspirations et des int\u00e9r\u00eats de nos deux peuples amis\u00a0\u00bb.<\/p>\n\n\n\n<p class=\"wp-block-paragraph\">Le Souverain renouvelle au Pr\u00e9sident colombien \u00e9lu Ses voeux les meilleurs de r\u00e9ussite dans la conduite de son pays vers toujours plus de progr\u00e8s, de prosp\u00e9rit\u00e9 et de stabilit\u00e9.<\/p>\n","protected":false},"excerpt":{"rendered":"<p>Dpress Sa Majest\u00e9 le Roi Mohammed VI, que Dieu L&rsquo;assiste, a adress\u00e9 un message de f\u00e9licitations \u00e0 Son Excellence M. Abelardo Gabriel de la Espriella Otero \u00e0 l\u2019occasion de son \u00e9lection \u00e0 la Pr\u00e9sidence de la R\u00e9publique de Colombie. Dans ce message, Sa Majest\u00e9 le Roi adresse \u00e0 M. De La Espriella Otero Ses plus &hellip;<\/p>\n","protected":false},"author":2,"featured_media":33851,"comment_status":"open","ping_status":"open","sticky":false,"template":"","format":"standard","meta":{"footnotes":""},"categories":[29],"tags":[],"class_list":["post-34426","post","type-post","status-publish","format-standard","has-post-thumbnail","hentry","category-activites-royales"],"yoast_head":"<!-- This site is optimized with the Yoast SEO plugin v28.0 - https:\/\/yoast.com\/product\/yoast-seo-wordpress\/ -->\n<title>SM le Roi f\u00e9licite M. Abelardo Gabriel de la Espriella Otero \u00e0 l\u2019occasion de son \u00e9lection Pr\u00e9sident de la Colombie - Dpress.ma\/fr<\/title>\n<meta name=\"robots\" content=\"index, follow, max-snippet:-1, max-image-preview:large, max-video-preview:-1\" \/>\n<link rel=\"canonical\" href=\"https:\/\/dpress.ma\/fr\/2026\/06\/24\/sm-le-roi-felicite-m-abelardo-gabriel-de-la-espriella-otero-a-loccasion-de-son-election-president-de-la-colombie\/\" \/>\n<meta property=\"og:locale\" content=\"fr_FR\" \/>\n<meta property=\"og:type\" content=\"article\" \/>\n<meta property=\"og:title\" content=\"SM le Roi f\u00e9licite M. Abelardo Gabriel de la Espriella Otero \u00e0 l\u2019occasion de son \u00e9lection Pr\u00e9sident de la Colombie - Dpress.ma\/fr\" \/>\n<meta property=\"og:description\" content=\"Dpress Sa Majest\u00e9 le Roi Mohammed VI, que Dieu L&rsquo;assiste, a adress\u00e9 un message de f\u00e9licitations \u00e0 Son Excellence M. Abelardo Gabriel de la Espriella Otero \u00e0 l\u2019occasion de son \u00e9lection \u00e0 la Pr\u00e9sidence de la R\u00e9publique de Colombie. Dans ce message, Sa Majest\u00e9 le Roi adresse \u00e0 M. De La Espriella Otero Ses plus &hellip;\" \/>\n<meta property=\"og:url\" content=\"https:\/\/dpress.ma\/fr\/2026\/06\/24\/sm-le-roi-felicite-m-abelardo-gabriel-de-la-espriella-otero-a-loccasion-de-son-election-president-de-la-colombie\/\" \/>\n<meta property=\"og:site_name\" content=\"Dpress.ma\/fr\" \/>\n<meta property=\"article:published_time\" content=\"2026-06-24T09:03:08+00:00\" \/>\n<meta property=\"article:modified_time\" content=\"2026-06-24T09:03:11+00:00\" \/>\n<meta property=\"og:image\" content=\"https:\/\/dpress.ma\/fr\/wp-content\/uploads\/sites\/2\/2026\/06\/12-1.jpg\" \/>\n\t<meta property=\"og:image:width\" content=\"2539\" \/>\n\t<meta property=\"og:image:height\" content=\"1594\" \/>\n\t<meta property=\"og:image:type\" content=\"image\/jpeg\" \/>\n<meta name=\"author\" content=\"Dpress.ma\" \/>\n<meta name=\"twitter:card\" content=\"summary_large_image\" \/>\n<meta name=\"twitter:label1\" content=\"\u00c9crit par\" \/>\n\t<meta name=\"twitter:data1\" content=\"Dpress.ma\" \/>\n\t<meta name=\"twitter:label2\" content=\"Dur\u00e9e de lecture estim\u00e9e\" \/>\n\t<meta name=\"twitter:data2\" content=\"2 minutes\" \/>\n<script type=\"application\/ld+json\" class=\"yoast-schema-graph\">{\"@context\":\"https:\\\/\\\/schema.org\",\"@graph\":[{\"@type\":\"Article\",\"@id\":\"https:\\\/\\\/dpress.ma\\\/fr\\\/2026\\\/06\\\/24\\\/sm-le-roi-felicite-m-abelardo-gabriel-de-la-espriella-otero-a-loccasion-de-son-election-president-de-la-colombie\\\/#article\",\"isPartOf\":{\"@id\":\"https:\\\/\\\/dpress.ma\\\/fr\\\/2026\\\/06\\\/24\\\/sm-le-roi-felicite-m-abelardo-gabriel-de-la-espriella-otero-a-loccasion-de-son-election-president-de-la-colombie\\\/\"},\"author\":{\"name\":\"Dpress.ma\",\"@id\":\"https:\\\/\\\/dpress.ma\\\/fr\\\/#\\\/schema\\\/person\\\/4898febf3ccd59e6578d838656a306a0\"},\"headline\":\"SM le Roi f\u00e9licite M. Abelardo Gabriel de la Espriella Otero \u00e0 l\u2019occasion de son \u00e9lection Pr\u00e9sident de la Colombie\",\"datePublished\":\"2026-06-24T09:03:08+00:00\",\"dateModified\":\"2026-06-24T09:03:11+00:00\",\"mainEntityOfPage\":{\"@id\":\"https:\\\/\\\/dpress.ma\\\/fr\\\/2026\\\/06\\\/24\\\/sm-le-roi-felicite-m-abelardo-gabriel-de-la-espriella-otero-a-loccasion-de-son-election-president-de-la-colombie\\\/\"},\"wordCount\":270,\"commentCount\":0,\"image\":{\"@id\":\"https:\\\/\\\/dpress.ma\\\/fr\\\/2026\\\/06\\\/24\\\/sm-le-roi-felicite-m-abelardo-gabriel-de-la-espriella-otero-a-loccasion-de-son-election-president-de-la-colombie\\\/#primaryimage\"},\"thumbnailUrl\":\"https:\\\/\\\/dpress.ma\\\/fr\\\/wp-content\\\/uploads\\\/sites\\\/2\\\/2026\\\/06\\\/12-1.jpg\",\"articleSection\":[\"Activit\u00e9s Royales\"],\"inLanguage\":\"fr-FR\",\"potentialAction\":[{\"@type\":\"CommentAction\",\"name\":\"Comment\",\"target\":[\"https:\\\/\\\/dpress.ma\\\/fr\\\/2026\\\/06\\\/24\\\/sm-le-roi-felicite-m-abelardo-gabriel-de-la-espriella-otero-a-loccasion-de-son-election-president-de-la-colombie\\\/#respond\"]}]},{\"@type\":\"WebPage\",\"@id\":\"https:\\\/\\\/dpress.ma\\\/fr\\\/2026\\\/06\\\/24\\\/sm-le-roi-felicite-m-abelardo-gabriel-de-la-espriella-otero-a-loccasion-de-son-election-president-de-la-colombie\\\/\",\"url\":\"https:\\\/\\\/dpress.ma\\\/fr\\\/2026\\\/06\\\/24\\\/sm-le-roi-felicite-m-abelardo-gabriel-de-la-espriella-otero-a-loccasion-de-son-election-president-de-la-colombie\\\/\",\"name\":\"SM le Roi f\u00e9licite M. Abelardo Gabriel de la Espriella Otero \u00e0 l\u2019occasion de son \u00e9lection Pr\u00e9sident de la Colombie - Dpress.ma\\\/fr\",\"isPartOf\":{\"@id\":\"https:\\\/\\\/dpress.ma\\\/fr\\\/#website\"},\"primaryImageOfPage\":{\"@id\":\"https:\\\/\\\/dpress.ma\\\/fr\\\/2026\\\/06\\\/24\\\/sm-le-roi-felicite-m-abelardo-gabriel-de-la-espriella-otero-a-loccasion-de-son-election-president-de-la-colombie\\\/#primaryimage\"},\"image\":{\"@id\":\"https:\\\/\\\/dpress.ma\\\/fr\\\/2026\\\/06\\\/24\\\/sm-le-roi-felicite-m-abelardo-gabriel-de-la-espriella-otero-a-loccasion-de-son-election-president-de-la-colombie\\\/#primaryimage\"},\"thumbnailUrl\":\"https:\\\/\\\/dpress.ma\\\/fr\\\/wp-content\\\/uploads\\\/sites\\\/2\\\/2026\\\/06\\\/12-1.jpg\",\"datePublished\":\"2026-06-24T09:03:08+00:00\",\"dateModified\":\"2026-06-24T09:03:11+00:00\",\"author\":{\"@id\":\"https:\\\/\\\/dpress.ma\\\/fr\\\/#\\\/schema\\\/person\\\/4898febf3ccd59e6578d838656a306a0\"},\"breadcrumb\":{\"@id\":\"https:\\\/\\\/dpress.ma\\\/fr\\\/2026\\\/06\\\/24\\\/sm-le-roi-felicite-m-abelardo-gabriel-de-la-espriella-otero-a-loccasion-de-son-election-president-de-la-colombie\\\/#breadcrumb\"},\"inLanguage\":\"fr-FR\",\"potentialAction\":[{\"@type\":\"ReadAction\",\"target\":[\"https:\\\/\\\/dpress.ma\\\/fr\\\/2026\\\/06\\\/24\\\/sm-le-roi-felicite-m-abelardo-gabriel-de-la-espriella-otero-a-loccasion-de-son-election-president-de-la-colombie\\\/\"]}]},{\"@type\":\"ImageObject\",\"inLanguage\":\"fr-FR\",\"@id\":\"https:\\\/\\\/dpress.ma\\\/fr\\\/2026\\\/06\\\/24\\\/sm-le-roi-felicite-m-abelardo-gabriel-de-la-espriella-otero-a-loccasion-de-son-election-president-de-la-colombie\\\/#primaryimage\",\"url\":\"https:\\\/\\\/dpress.ma\\\/fr\\\/wp-content\\\/uploads\\\/sites\\\/2\\\/2026\\\/06\\\/12-1.jpg\",\"contentUrl\":\"https:\\\/\\\/dpress.ma\\\/fr\\\/wp-content\\\/uploads\\\/sites\\\/2\\\/2026\\\/06\\\/12-1.jpg\",\"width\":2539,\"height\":1594},{\"@type\":\"BreadcrumbList\",\"@id\":\"https:\\\/\\\/dpress.ma\\\/fr\\\/2026\\\/06\\\/24\\\/sm-le-roi-felicite-m-abelardo-gabriel-de-la-espriella-otero-a-loccasion-de-son-election-president-de-la-colombie\\\/#breadcrumb\",\"itemListElement\":[{\"@type\":\"ListItem\",\"position\":1,\"name\":\"Home\",\"item\":\"https:\\\/\\\/dpress.ma\\\/fr\\\/\"},{\"@type\":\"ListItem\",\"position\":2,\"name\":\"SM le Roi f\u00e9licite M. Abelardo Gabriel de la Espriella Otero \u00e0 l\u2019occasion de son \u00e9lection Pr\u00e9sident de la Colombie\"}]},{\"@type\":\"WebSite\",\"@id\":\"https:\\\/\\\/dpress.ma\\\/fr\\\/#website\",\"url\":\"https:\\\/\\\/dpress.ma\\\/fr\\\/\",\"name\":\"Dpress.ma\\\/fr\",\"description\":\"\",\"potentialAction\":[{\"@type\":\"SearchAction\",\"target\":{\"@type\":\"EntryPoint\",\"urlTemplate\":\"https:\\\/\\\/dpress.ma\\\/fr\\\/?s={search_term_string}\"},\"query-input\":{\"@type\":\"PropertyValueSpecification\",\"valueRequired\":true,\"valueName\":\"search_term_string\"}}],\"inLanguage\":\"fr-FR\"},{\"@type\":\"Person\",\"@id\":\"https:\\\/\\\/dpress.ma\\\/fr\\\/#\\\/schema\\\/person\\\/4898febf3ccd59e6578d838656a306a0\",\"name\":\"Dpress.ma\",\"image\":{\"@type\":\"ImageObject\",\"inLanguage\":\"fr-FR\",\"@id\":\"https:\\\/\\\/secure.gravatar.com\\\/avatar\\\/72ecc30e9db047a2e0e7176561eb9d564ed77c8108376495b19bd8336405198a?s=96&d=mm&r=g\",\"url\":\"https:\\\/\\\/secure.gravatar.com\\\/avatar\\\/72ecc30e9db047a2e0e7176561eb9d564ed77c8108376495b19bd8336405198a?s=96&d=mm&r=g\",\"contentUrl\":\"https:\\\/\\\/secure.gravatar.com\\\/avatar\\\/72ecc30e9db047a2e0e7176561eb9d564ed77c8108376495b19bd8336405198a?s=96&d=mm&r=g\",\"caption\":\"Dpress.ma\"},\"sameAs\":[\"https:\\\/\\\/www.dpress.ma\"],\"url\":\"https:\\\/\\\/dpress.ma\\\/fr\\\/author\\\/dpress-ma\\\/\"}]}<\/script>\n<!-- \/ Yoast SEO plugin. -->","yoast_head_json":{"title":"SM le Roi f\u00e9licite M. Abelardo Gabriel de la Espriella Otero \u00e0 l\u2019occasion de son \u00e9lection Pr\u00e9sident de la Colombie - Dpress.ma\/fr","robots":{"index":"index","follow":"follow","max-snippet":"max-snippet:-1","max-image-preview":"max-image-preview:large","max-video-preview":"max-video-preview:-1"},"canonical":"https:\/\/dpress.ma\/fr\/2026\/06\/24\/sm-le-roi-felicite-m-abelardo-gabriel-de-la-espriella-otero-a-loccasion-de-son-election-president-de-la-colombie\/","og_locale":"fr_FR","og_type":"article","og_title":"SM le Roi f\u00e9licite M. Abelardo Gabriel de la Espriella Otero \u00e0 l\u2019occasion de son \u00e9lection Pr\u00e9sident de la Colombie - Dpress.ma\/fr","og_description":"Dpress Sa Majest\u00e9 le Roi Mohammed VI, que Dieu L&rsquo;assiste, a adress\u00e9 un message de f\u00e9licitations \u00e0 Son Excellence M. Abelardo Gabriel de la Espriella Otero \u00e0 l\u2019occasion de son \u00e9lection \u00e0 la Pr\u00e9sidence de la R\u00e9publique de Colombie. Dans ce message, Sa Majest\u00e9 le Roi adresse \u00e0 M. De La Espriella Otero Ses plus &hellip;","og_url":"https:\/\/dpress.ma\/fr\/2026\/06\/24\/sm-le-roi-felicite-m-abelardo-gabriel-de-la-espriella-otero-a-loccasion-de-son-election-president-de-la-colombie\/","og_site_name":"Dpress.ma\/fr","article_published_time":"2026-06-24T09:03:08+00:00","article_modified_time":"2026-06-24T09:03:11+00:00","og_image":[{"width":2539,"height":1594,"url":"https:\/\/dpress.ma\/fr\/wp-content\/uploads\/sites\/2\/2026\/06\/12-1.jpg","type":"image\/jpeg"}],"author":"Dpress.ma","twitter_card":"summary_large_image","twitter_misc":{"\u00c9crit par":"Dpress.ma","Dur\u00e9e de lecture estim\u00e9e":"2 minutes"},"schema":{"@context":"https:\/\/schema.org","@graph":[{"@type":"Article","@id":"https:\/\/dpress.ma\/fr\/2026\/06\/24\/sm-le-roi-felicite-m-abelardo-gabriel-de-la-espriella-otero-a-loccasion-de-son-election-president-de-la-colombie\/#article","isPartOf":{"@id":"https:\/\/dpress.ma\/fr\/2026\/06\/24\/sm-le-roi-felicite-m-abelardo-gabriel-de-la-espriella-otero-a-loccasion-de-son-election-president-de-la-colombie\/"},"author":{"name":"Dpress.ma","@id":"https:\/\/dpress.ma\/fr\/#\/schema\/person\/4898febf3ccd59e6578d838656a306a0"},"headline":"SM le Roi f\u00e9licite M. Abelardo Gabriel de la Espriella Otero \u00e0 l\u2019occasion de son \u00e9lection Pr\u00e9sident de la Colombie","datePublished":"2026-06-24T09:03:08+00:00","dateModified":"2026-06-24T09:03:11+00:00","mainEntityOfPage":{"@id":"https:\/\/dpress.ma\/fr\/2026\/06\/24\/sm-le-roi-felicite-m-abelardo-gabriel-de-la-espriella-otero-a-loccasion-de-son-election-president-de-la-colombie\/"},"wordCount":270,"commentCount":0,"image":{"@id":"https:\/\/dpress.ma\/fr\/2026\/06\/24\/sm-le-roi-felicite-m-abelardo-gabriel-de-la-espriella-otero-a-loccasion-de-son-election-president-de-la-colombie\/#primaryimage"},"thumbnailUrl":"https:\/\/dpress.ma\/fr\/wp-content\/uploads\/sites\/2\/2026\/06\/12-1.jpg","articleSection":["Activit\u00e9s Royales"],"inLanguage":"fr-FR","potentialAction":[{"@type":"CommentAction","name":"Comment","target":["https:\/\/dpress.ma\/fr\/2026\/06\/24\/sm-le-roi-felicite-m-abelardo-gabriel-de-la-espriella-otero-a-loccasion-de-son-election-president-de-la-colombie\/#respond"]}]},{"@type":"WebPage","@id":"https:\/\/dpress.ma\/fr\/2026\/06\/24\/sm-le-roi-felicite-m-abelardo-gabriel-de-la-espriella-otero-a-loccasion-de-son-election-president-de-la-colombie\/","url":"https:\/\/dpress.ma\/fr\/2026\/06\/24\/sm-le-roi-felicite-m-abelardo-gabriel-de-la-espriella-otero-a-loccasion-de-son-election-president-de-la-colombie\/","name":"SM le Roi f\u00e9licite M. Abelardo Gabriel de la Espriella Otero \u00e0 l\u2019occasion de son \u00e9lection Pr\u00e9sident de la Colombie - Dpress.ma\/fr","isPartOf":{"@id":"https:\/\/dpress.ma\/fr\/#website"},"primaryImageOfPage":{"@id":"https:\/\/dpress.ma\/fr\/2026\/06\/24\/sm-le-roi-felicite-m-abelardo-gabriel-de-la-espriella-otero-a-loccasion-de-son-election-president-de-la-colombie\/#primaryimage"},"image":{"@id":"https:\/\/dpress.ma\/fr\/2026\/06\/24\/sm-le-roi-felicite-m-abelardo-gabriel-de-la-espriella-otero-a-loccasion-de-son-election-president-de-la-colombie\/#primaryimage"},"thumbnailUrl":"https:\/\/dpress.ma\/fr\/wp-content\/uploads\/sites\/2\/2026\/06\/12-1.jpg","datePublished":"2026-06-24T09:03:08+00:00","dateModified":"2026-06-24T09:03:11+00:00","author":{"@id":"https:\/\/dpress.ma\/fr\/#\/schema\/person\/4898febf3ccd59e6578d838656a306a0"},"breadcrumb":{"@id":"https:\/\/dpress.ma\/fr\/2026\/06\/24\/sm-le-roi-felicite-m-abelardo-gabriel-de-la-espriella-otero-a-loccasion-de-son-election-president-de-la-colombie\/#breadcrumb"},"inLanguage":"fr-FR","potentialAction":[{"@type":"ReadAction","target":["https:\/\/dpress.ma\/fr\/2026\/06\/24\/sm-le-roi-felicite-m-abelardo-gabriel-de-la-espriella-otero-a-loccasion-de-son-election-president-de-la-colombie\/"]}]},{"@type":"ImageObject","inLanguage":"fr-FR","@id":"https:\/\/dpress.ma\/fr\/2026\/06\/24\/sm-le-roi-felicite-m-abelardo-gabriel-de-la-espriella-otero-a-loccasion-de-son-election-president-de-la-colombie\/#primaryimage","url":"https:\/\/dpress.ma\/fr\/wp-content\/uploads\/sites\/2\/2026\/06\/12-1.jpg","contentUrl":"https:\/\/dpress.ma\/fr\/wp-content\/uploads\/sites\/2\/2026\/06\/12-1.jpg","width":2539,"height":1594},{"@type":"BreadcrumbList","@id":"https:\/\/dpress.ma\/fr\/2026\/06\/24\/sm-le-roi-felicite-m-abelardo-gabriel-de-la-espriella-otero-a-loccasion-de-son-election-president-de-la-colombie\/#breadcrumb","itemListElement":[{"@type":"ListItem","position":1,"name":"Home","item":"https:\/\/dpress.ma\/fr\/"},{"@type":"ListItem","position":2,"name":"SM le Roi f\u00e9licite M. Abelardo Gabriel de la Espriella Otero \u00e0 l\u2019occasion de son \u00e9lection Pr\u00e9sident de la Colombie"}]},{"@type":"WebSite","@id":"https:\/\/dpress.ma\/fr\/#website","url":"https:\/\/dpress.ma\/fr\/","name":"Dpress.ma\/fr","description":"","potentialAction":[{"@type":"SearchAction","target":{"@type":"EntryPoint","urlTemplate":"https:\/\/dpress.ma\/fr\/?s={search_term_string}"},"query-input":{"@type":"PropertyValueSpecification","valueRequired":true,"valueName":"search_term_string"}}],"inLanguage":"fr-FR"},{"@type":"Person","@id":"https:\/\/dpress.ma\/fr\/#\/schema\/person\/4898febf3ccd59e6578d838656a306a0","name":"Dpress.ma","image":{"@type":"ImageObject","inLanguage":"fr-FR","@id":"https:\/\/secure.gravatar.com\/avatar\/72ecc30e9db047a2e0e7176561eb9d564ed77c8108376495b19bd8336405198a?s=96&d=mm&r=g","url":"https:\/\/secure.gravatar.com\/avatar\/72ecc30e9db047a2e0e7176561eb9d564ed77c8108376495b19bd8336405198a?s=96&d=mm&r=g","contentUrl":"https:\/\/secure.gravatar.com\/avatar\/72ecc30e9db047a2e0e7176561eb9d564ed77c8108376495b19bd8336405198a?s=96&d=mm&r=g","caption":"Dpress.ma"},"sameAs":["https:\/\/www.dpress.ma"],"url":"https:\/\/dpress.ma\/fr\/author\/dpress-ma\/"}]}},"amp_enabled":true,"_links":{"self":[{"href":"https:\/\/dpress.ma\/fr\/wp-json\/wp\/v2\/posts\/34426","targetHints":{"allow":["GET"]}}],"collection":[{"href":"https:\/\/dpress.ma\/fr\/wp-json\/wp\/v2\/posts"}],"about":[{"href":"https:\/\/dpress.ma\/fr\/wp-json\/wp\/v2\/types\/post"}],"author":[{"embeddable":true,"href":"https:\/\/dpress.ma\/fr\/wp-json\/wp\/v2\/users\/2"}],"replies":[{"embeddable":true,"href":"https:\/\/dpress.ma\/fr\/wp-json\/wp\/v2\/comments?post=34426"}],"version-history":[{"count":1,"href":"https:\/\/dpress.ma\/fr\/wp-json\/wp\/v2\/posts\/34426\/revisions"}],"predecessor-version":[{"id":34427,"href":"https:\/\/dpress.ma\/fr\/wp-json\/wp\/v2\/posts\/34426\/revisions\/34427"}],"wp:featuredmedia":[{"embeddable":true,"href":"https:\/\/dpress.ma\/fr\/wp-json\/wp\/v2\/media\/33851"}],"wp:attachment":[{"href":"https:\/\/dpress.ma\/fr\/wp-json\/wp\/v2\/media?parent=34426"}],"wp:term":[{"taxonomy":"category","embeddable":true,"href":"https:\/\/dpress.ma\/fr\/wp-json\/wp\/v2\/categories?post=34426"},{"taxonomy":"post_tag","embeddable":true,"href":"https:\/\/dpress.ma\/fr\/wp-json\/wp\/v2\/tags?post=34426"}],"curies":[{"name":"wp","href":"https:\/\/api.w.org\/{rel}","templated":true}]}}