{"id":3436,"date":"2023-01-31T17:17:47","date_gmt":"2023-01-31T17:17:47","guid":{"rendered":"https:\/\/dpress.ma\/fr\/?p=3436"},"modified":"2023-01-31T17:17:58","modified_gmt":"2023-01-31T17:17:58","slug":"sm-le-roi-felicite-le-nouveau-president-elu-de-la-republique-tcheque","status":"publish","type":"post","link":"https:\/\/dpress.ma\/fr\/2023\/01\/31\/sm-le-roi-felicite-le-nouveau-president-elu-de-la-republique-tcheque\/","title":{"rendered":"SM le Roi f\u00e9licite le nouveau Pr\u00e9sident \u00e9lu de la r\u00e9publique tch\u00e8que"},"content":{"rendered":"\n<p>Dpress<\/p>\n\n\n\n<p>SM le Roi Mohammed VI a adress\u00e9 un message de f\u00e9licitations et de v\u0153ux au nouveau Pr\u00e9sident \u00e9lu de la r\u00e9publique tch\u00e8que, Petr Pavel.<\/p>\n\n\n\n<p>Dans ce message, SM le Roi exprime Ses chaleureuses f\u00e9licitations \u00e0 M. Pavel ainsi que Ses v\u0153ux de plein succ\u00e8s dans l\u2019exercice de ses hautes fonctions pour conduire son pays \u00e0 davantage de progr\u00e8s et de prosp\u00e9rit\u00e9.<\/p>\n\n\n\n<p>Le Souverain exprime aussi Sa consid\u00e9ration pour les liens d\u2019amiti\u00e9 et de consid\u00e9ration mutuelle unissant le Royaume du Maroc et la R\u00e9publique tch\u00e8que, assurant de Sa volont\u00e9 d\u2019oeuvrer de concert avec le nouveau pr\u00e9sident \u00e9lu pour d\u00e9velopper la coop\u00e9ration constructive bilat\u00e9rale et l\u2019\u00e9tendre aux diff\u00e9rents domaines au service des int\u00e9r\u00eats des deux peuples amis.<\/p>\n","protected":false},"excerpt":{"rendered":"<p>Dpress SM le Roi Mohammed VI a adress\u00e9 un message de f\u00e9licitations et de v\u0153ux au nouveau Pr\u00e9sident \u00e9lu de la r\u00e9publique tch\u00e8que, Petr Pavel. Dans ce message, SM le Roi exprime Ses chaleureuses f\u00e9licitations \u00e0 M. Pavel ainsi que Ses v\u0153ux de plein succ\u00e8s dans l\u2019exercice de ses hautes fonctions pour conduire son pays &hellip;<\/p>\n","protected":false},"author":2,"featured_media":2526,"comment_status":"open","ping_status":"open","sticky":false,"template":"","format":"standard","meta":{"footnotes":""},"categories":[29],"tags":[],"class_list":["post-3436","post","type-post","status-publish","format-standard","has-post-thumbnail","hentry","category-activites-royales"],"yoast_head":"<!-- This site is optimized with the Yoast SEO plugin v27.5 - https:\/\/yoast.com\/product\/yoast-seo-wordpress\/ -->\n<title>SM le Roi f\u00e9licite le nouveau Pr\u00e9sident \u00e9lu de la r\u00e9publique tch\u00e8que - Dpress.ma\/fr<\/title>\n<meta name=\"robots\" content=\"index, follow, max-snippet:-1, max-image-preview:large, max-video-preview:-1\" \/>\n<link rel=\"canonical\" href=\"https:\/\/dpress.ma\/fr\/2023\/01\/31\/sm-le-roi-felicite-le-nouveau-president-elu-de-la-republique-tcheque\/\" \/>\n<meta property=\"og:locale\" content=\"fr_FR\" \/>\n<meta property=\"og:type\" content=\"article\" \/>\n<meta property=\"og:title\" content=\"SM le Roi f\u00e9licite le nouveau Pr\u00e9sident \u00e9lu de la r\u00e9publique tch\u00e8que - Dpress.ma\/fr\" \/>\n<meta property=\"og:description\" content=\"Dpress SM le Roi Mohammed VI a adress\u00e9 un message de f\u00e9licitations et de v\u0153ux au nouveau Pr\u00e9sident \u00e9lu de la r\u00e9publique tch\u00e8que, Petr Pavel. Dans ce message, SM le Roi exprime Ses chaleureuses f\u00e9licitations \u00e0 M. Pavel ainsi que Ses v\u0153ux de plein succ\u00e8s dans l\u2019exercice de ses hautes fonctions pour conduire son pays &hellip;\" \/>\n<meta property=\"og:url\" content=\"https:\/\/dpress.ma\/fr\/2023\/01\/31\/sm-le-roi-felicite-le-nouveau-president-elu-de-la-republique-tcheque\/\" \/>\n<meta property=\"og:site_name\" content=\"Dpress.ma\/fr\" \/>\n<meta property=\"article:published_time\" content=\"2023-01-31T17:17:47+00:00\" \/>\n<meta property=\"article:modified_time\" content=\"2023-01-31T17:17:58+00:00\" \/>\n<meta property=\"og:image\" content=\"https:\/\/dpress.ma\/fr\/wp-content\/uploads\/sites\/2\/2022\/11\/dimensions2-31.jpg\" \/>\n\t<meta property=\"og:image:width\" content=\"2539\" \/>\n\t<meta property=\"og:image:height\" content=\"1594\" \/>\n\t<meta property=\"og:image:type\" content=\"image\/jpeg\" \/>\n<meta name=\"author\" content=\"Dpress.ma\" \/>\n<meta name=\"twitter:card\" content=\"summary_large_image\" \/>\n<meta name=\"twitter:label1\" content=\"\u00c9crit par\" \/>\n\t<meta name=\"twitter:data1\" content=\"Dpress.ma\" \/>\n\t<meta name=\"twitter:label2\" content=\"Dur\u00e9e de lecture estim\u00e9e\" \/>\n\t<meta name=\"twitter:data2\" content=\"1 minute\" \/>\n<script type=\"application\/ld+json\" class=\"yoast-schema-graph\">{\"@context\":\"https:\\\/\\\/schema.org\",\"@graph\":[{\"@type\":\"Article\",\"@id\":\"https:\\\/\\\/dpress.ma\\\/fr\\\/2023\\\/01\\\/31\\\/sm-le-roi-felicite-le-nouveau-president-elu-de-la-republique-tcheque\\\/#article\",\"isPartOf\":{\"@id\":\"https:\\\/\\\/dpress.ma\\\/fr\\\/2023\\\/01\\\/31\\\/sm-le-roi-felicite-le-nouveau-president-elu-de-la-republique-tcheque\\\/\"},\"author\":{\"name\":\"Dpress.ma\",\"@id\":\"https:\\\/\\\/dpress.ma\\\/fr\\\/#\\\/schema\\\/person\\\/4898febf3ccd59e6578d838656a306a0\"},\"headline\":\"SM le Roi f\u00e9licite le nouveau Pr\u00e9sident \u00e9lu de la r\u00e9publique tch\u00e8que\",\"datePublished\":\"2023-01-31T17:17:47+00:00\",\"dateModified\":\"2023-01-31T17:17:58+00:00\",\"mainEntityOfPage\":{\"@id\":\"https:\\\/\\\/dpress.ma\\\/fr\\\/2023\\\/01\\\/31\\\/sm-le-roi-felicite-le-nouveau-president-elu-de-la-republique-tcheque\\\/\"},\"wordCount\":155,\"commentCount\":0,\"image\":{\"@id\":\"https:\\\/\\\/dpress.ma\\\/fr\\\/2023\\\/01\\\/31\\\/sm-le-roi-felicite-le-nouveau-president-elu-de-la-republique-tcheque\\\/#primaryimage\"},\"thumbnailUrl\":\"https:\\\/\\\/dpress.ma\\\/fr\\\/wp-content\\\/uploads\\\/sites\\\/2\\\/2022\\\/11\\\/dimensions2-31.jpg\",\"articleSection\":[\"Activit\u00e9s Royales\"],\"inLanguage\":\"fr-FR\",\"potentialAction\":[{\"@type\":\"CommentAction\",\"name\":\"Comment\",\"target\":[\"https:\\\/\\\/dpress.ma\\\/fr\\\/2023\\\/01\\\/31\\\/sm-le-roi-felicite-le-nouveau-president-elu-de-la-republique-tcheque\\\/#respond\"]}]},{\"@type\":\"WebPage\",\"@id\":\"https:\\\/\\\/dpress.ma\\\/fr\\\/2023\\\/01\\\/31\\\/sm-le-roi-felicite-le-nouveau-president-elu-de-la-republique-tcheque\\\/\",\"url\":\"https:\\\/\\\/dpress.ma\\\/fr\\\/2023\\\/01\\\/31\\\/sm-le-roi-felicite-le-nouveau-president-elu-de-la-republique-tcheque\\\/\",\"name\":\"SM le Roi f\u00e9licite le nouveau Pr\u00e9sident \u00e9lu de la r\u00e9publique tch\u00e8que - Dpress.ma\\\/fr\",\"isPartOf\":{\"@id\":\"https:\\\/\\\/dpress.ma\\\/fr\\\/#website\"},\"primaryImageOfPage\":{\"@id\":\"https:\\\/\\\/dpress.ma\\\/fr\\\/2023\\\/01\\\/31\\\/sm-le-roi-felicite-le-nouveau-president-elu-de-la-republique-tcheque\\\/#primaryimage\"},\"image\":{\"@id\":\"https:\\\/\\\/dpress.ma\\\/fr\\\/2023\\\/01\\\/31\\\/sm-le-roi-felicite-le-nouveau-president-elu-de-la-republique-tcheque\\\/#primaryimage\"},\"thumbnailUrl\":\"https:\\\/\\\/dpress.ma\\\/fr\\\/wp-content\\\/uploads\\\/sites\\\/2\\\/2022\\\/11\\\/dimensions2-31.jpg\",\"datePublished\":\"2023-01-31T17:17:47+00:00\",\"dateModified\":\"2023-01-31T17:17:58+00:00\",\"author\":{\"@id\":\"https:\\\/\\\/dpress.ma\\\/fr\\\/#\\\/schema\\\/person\\\/4898febf3ccd59e6578d838656a306a0\"},\"breadcrumb\":{\"@id\":\"https:\\\/\\\/dpress.ma\\\/fr\\\/2023\\\/01\\\/31\\\/sm-le-roi-felicite-le-nouveau-president-elu-de-la-republique-tcheque\\\/#breadcrumb\"},\"inLanguage\":\"fr-FR\",\"potentialAction\":[{\"@type\":\"ReadAction\",\"target\":[\"https:\\\/\\\/dpress.ma\\\/fr\\\/2023\\\/01\\\/31\\\/sm-le-roi-felicite-le-nouveau-president-elu-de-la-republique-tcheque\\\/\"]}]},{\"@type\":\"ImageObject\",\"inLanguage\":\"fr-FR\",\"@id\":\"https:\\\/\\\/dpress.ma\\\/fr\\\/2023\\\/01\\\/31\\\/sm-le-roi-felicite-le-nouveau-president-elu-de-la-republique-tcheque\\\/#primaryimage\",\"url\":\"https:\\\/\\\/dpress.ma\\\/fr\\\/wp-content\\\/uploads\\\/sites\\\/2\\\/2022\\\/11\\\/dimensions2-31.jpg\",\"contentUrl\":\"https:\\\/\\\/dpress.ma\\\/fr\\\/wp-content\\\/uploads\\\/sites\\\/2\\\/2022\\\/11\\\/dimensions2-31.jpg\",\"width\":2539,\"height\":1594},{\"@type\":\"BreadcrumbList\",\"@id\":\"https:\\\/\\\/dpress.ma\\\/fr\\\/2023\\\/01\\\/31\\\/sm-le-roi-felicite-le-nouveau-president-elu-de-la-republique-tcheque\\\/#breadcrumb\",\"itemListElement\":[{\"@type\":\"ListItem\",\"position\":1,\"name\":\"Home\",\"item\":\"https:\\\/\\\/dpress.ma\\\/fr\\\/\"},{\"@type\":\"ListItem\",\"position\":2,\"name\":\"SM le Roi f\u00e9licite le nouveau Pr\u00e9sident \u00e9lu de la r\u00e9publique tch\u00e8que\"}]},{\"@type\":\"WebSite\",\"@id\":\"https:\\\/\\\/dpress.ma\\\/fr\\\/#website\",\"url\":\"https:\\\/\\\/dpress.ma\\\/fr\\\/\",\"name\":\"Dpress.ma\\\/fr\",\"description\":\"\",\"potentialAction\":[{\"@type\":\"SearchAction\",\"target\":{\"@type\":\"EntryPoint\",\"urlTemplate\":\"https:\\\/\\\/dpress.ma\\\/fr\\\/?s={search_term_string}\"},\"query-input\":{\"@type\":\"PropertyValueSpecification\",\"valueRequired\":true,\"valueName\":\"search_term_string\"}}],\"inLanguage\":\"fr-FR\"},{\"@type\":\"Person\",\"@id\":\"https:\\\/\\\/dpress.ma\\\/fr\\\/#\\\/schema\\\/person\\\/4898febf3ccd59e6578d838656a306a0\",\"name\":\"Dpress.ma\",\"image\":{\"@type\":\"ImageObject\",\"inLanguage\":\"fr-FR\",\"@id\":\"https:\\\/\\\/secure.gravatar.com\\\/avatar\\\/72ecc30e9db047a2e0e7176561eb9d564ed77c8108376495b19bd8336405198a?s=96&d=mm&r=g\",\"url\":\"https:\\\/\\\/secure.gravatar.com\\\/avatar\\\/72ecc30e9db047a2e0e7176561eb9d564ed77c8108376495b19bd8336405198a?s=96&d=mm&r=g\",\"contentUrl\":\"https:\\\/\\\/secure.gravatar.com\\\/avatar\\\/72ecc30e9db047a2e0e7176561eb9d564ed77c8108376495b19bd8336405198a?s=96&d=mm&r=g\",\"caption\":\"Dpress.ma\"},\"sameAs\":[\"https:\\\/\\\/www.dpress.ma\"],\"url\":\"https:\\\/\\\/dpress.ma\\\/fr\\\/author\\\/dpress-ma\\\/\"}]}<\/script>\n<!-- \/ Yoast SEO plugin. -->","yoast_head_json":{"title":"SM le Roi f\u00e9licite le nouveau Pr\u00e9sident \u00e9lu de la r\u00e9publique tch\u00e8que - Dpress.ma\/fr","robots":{"index":"index","follow":"follow","max-snippet":"max-snippet:-1","max-image-preview":"max-image-preview:large","max-video-preview":"max-video-preview:-1"},"canonical":"https:\/\/dpress.ma\/fr\/2023\/01\/31\/sm-le-roi-felicite-le-nouveau-president-elu-de-la-republique-tcheque\/","og_locale":"fr_FR","og_type":"article","og_title":"SM le Roi f\u00e9licite le nouveau Pr\u00e9sident \u00e9lu de la r\u00e9publique tch\u00e8que - Dpress.ma\/fr","og_description":"Dpress SM le Roi Mohammed VI a adress\u00e9 un message de f\u00e9licitations et de v\u0153ux au nouveau Pr\u00e9sident \u00e9lu de la r\u00e9publique tch\u00e8que, Petr Pavel. Dans ce message, SM le Roi exprime Ses chaleureuses f\u00e9licitations \u00e0 M. Pavel ainsi que Ses v\u0153ux de plein succ\u00e8s dans l\u2019exercice de ses hautes fonctions pour conduire son pays &hellip;","og_url":"https:\/\/dpress.ma\/fr\/2023\/01\/31\/sm-le-roi-felicite-le-nouveau-president-elu-de-la-republique-tcheque\/","og_site_name":"Dpress.ma\/fr","article_published_time":"2023-01-31T17:17:47+00:00","article_modified_time":"2023-01-31T17:17:58+00:00","og_image":[{"width":2539,"height":1594,"url":"https:\/\/dpress.ma\/fr\/wp-content\/uploads\/sites\/2\/2022\/11\/dimensions2-31.jpg","type":"image\/jpeg"}],"author":"Dpress.ma","twitter_card":"summary_large_image","twitter_misc":{"\u00c9crit par":"Dpress.ma","Dur\u00e9e de lecture estim\u00e9e":"1 minute"},"schema":{"@context":"https:\/\/schema.org","@graph":[{"@type":"Article","@id":"https:\/\/dpress.ma\/fr\/2023\/01\/31\/sm-le-roi-felicite-le-nouveau-president-elu-de-la-republique-tcheque\/#article","isPartOf":{"@id":"https:\/\/dpress.ma\/fr\/2023\/01\/31\/sm-le-roi-felicite-le-nouveau-president-elu-de-la-republique-tcheque\/"},"author":{"name":"Dpress.ma","@id":"https:\/\/dpress.ma\/fr\/#\/schema\/person\/4898febf3ccd59e6578d838656a306a0"},"headline":"SM le Roi f\u00e9licite le nouveau Pr\u00e9sident \u00e9lu de la r\u00e9publique tch\u00e8que","datePublished":"2023-01-31T17:17:47+00:00","dateModified":"2023-01-31T17:17:58+00:00","mainEntityOfPage":{"@id":"https:\/\/dpress.ma\/fr\/2023\/01\/31\/sm-le-roi-felicite-le-nouveau-president-elu-de-la-republique-tcheque\/"},"wordCount":155,"commentCount":0,"image":{"@id":"https:\/\/dpress.ma\/fr\/2023\/01\/31\/sm-le-roi-felicite-le-nouveau-president-elu-de-la-republique-tcheque\/#primaryimage"},"thumbnailUrl":"https:\/\/dpress.ma\/fr\/wp-content\/uploads\/sites\/2\/2022\/11\/dimensions2-31.jpg","articleSection":["Activit\u00e9s Royales"],"inLanguage":"fr-FR","potentialAction":[{"@type":"CommentAction","name":"Comment","target":["https:\/\/dpress.ma\/fr\/2023\/01\/31\/sm-le-roi-felicite-le-nouveau-president-elu-de-la-republique-tcheque\/#respond"]}]},{"@type":"WebPage","@id":"https:\/\/dpress.ma\/fr\/2023\/01\/31\/sm-le-roi-felicite-le-nouveau-president-elu-de-la-republique-tcheque\/","url":"https:\/\/dpress.ma\/fr\/2023\/01\/31\/sm-le-roi-felicite-le-nouveau-president-elu-de-la-republique-tcheque\/","name":"SM le Roi f\u00e9licite le nouveau Pr\u00e9sident \u00e9lu de la r\u00e9publique tch\u00e8que - Dpress.ma\/fr","isPartOf":{"@id":"https:\/\/dpress.ma\/fr\/#website"},"primaryImageOfPage":{"@id":"https:\/\/dpress.ma\/fr\/2023\/01\/31\/sm-le-roi-felicite-le-nouveau-president-elu-de-la-republique-tcheque\/#primaryimage"},"image":{"@id":"https:\/\/dpress.ma\/fr\/2023\/01\/31\/sm-le-roi-felicite-le-nouveau-president-elu-de-la-republique-tcheque\/#primaryimage"},"thumbnailUrl":"https:\/\/dpress.ma\/fr\/wp-content\/uploads\/sites\/2\/2022\/11\/dimensions2-31.jpg","datePublished":"2023-01-31T17:17:47+00:00","dateModified":"2023-01-31T17:17:58+00:00","author":{"@id":"https:\/\/dpress.ma\/fr\/#\/schema\/person\/4898febf3ccd59e6578d838656a306a0"},"breadcrumb":{"@id":"https:\/\/dpress.ma\/fr\/2023\/01\/31\/sm-le-roi-felicite-le-nouveau-president-elu-de-la-republique-tcheque\/#breadcrumb"},"inLanguage":"fr-FR","potentialAction":[{"@type":"ReadAction","target":["https:\/\/dpress.ma\/fr\/2023\/01\/31\/sm-le-roi-felicite-le-nouveau-president-elu-de-la-republique-tcheque\/"]}]},{"@type":"ImageObject","inLanguage":"fr-FR","@id":"https:\/\/dpress.ma\/fr\/2023\/01\/31\/sm-le-roi-felicite-le-nouveau-president-elu-de-la-republique-tcheque\/#primaryimage","url":"https:\/\/dpress.ma\/fr\/wp-content\/uploads\/sites\/2\/2022\/11\/dimensions2-31.jpg","contentUrl":"https:\/\/dpress.ma\/fr\/wp-content\/uploads\/sites\/2\/2022\/11\/dimensions2-31.jpg","width":2539,"height":1594},{"@type":"BreadcrumbList","@id":"https:\/\/dpress.ma\/fr\/2023\/01\/31\/sm-le-roi-felicite-le-nouveau-president-elu-de-la-republique-tcheque\/#breadcrumb","itemListElement":[{"@type":"ListItem","position":1,"name":"Home","item":"https:\/\/dpress.ma\/fr\/"},{"@type":"ListItem","position":2,"name":"SM le Roi f\u00e9licite le nouveau Pr\u00e9sident \u00e9lu de la r\u00e9publique tch\u00e8que"}]},{"@type":"WebSite","@id":"https:\/\/dpress.ma\/fr\/#website","url":"https:\/\/dpress.ma\/fr\/","name":"Dpress.ma\/fr","description":"","potentialAction":[{"@type":"SearchAction","target":{"@type":"EntryPoint","urlTemplate":"https:\/\/dpress.ma\/fr\/?s={search_term_string}"},"query-input":{"@type":"PropertyValueSpecification","valueRequired":true,"valueName":"search_term_string"}}],"inLanguage":"fr-FR"},{"@type":"Person","@id":"https:\/\/dpress.ma\/fr\/#\/schema\/person\/4898febf3ccd59e6578d838656a306a0","name":"Dpress.ma","image":{"@type":"ImageObject","inLanguage":"fr-FR","@id":"https:\/\/secure.gravatar.com\/avatar\/72ecc30e9db047a2e0e7176561eb9d564ed77c8108376495b19bd8336405198a?s=96&d=mm&r=g","url":"https:\/\/secure.gravatar.com\/avatar\/72ecc30e9db047a2e0e7176561eb9d564ed77c8108376495b19bd8336405198a?s=96&d=mm&r=g","contentUrl":"https:\/\/secure.gravatar.com\/avatar\/72ecc30e9db047a2e0e7176561eb9d564ed77c8108376495b19bd8336405198a?s=96&d=mm&r=g","caption":"Dpress.ma"},"sameAs":["https:\/\/www.dpress.ma"],"url":"https:\/\/dpress.ma\/fr\/author\/dpress-ma\/"}]}},"amp_enabled":true,"_links":{"self":[{"href":"https:\/\/dpress.ma\/fr\/wp-json\/wp\/v2\/posts\/3436","targetHints":{"allow":["GET"]}}],"collection":[{"href":"https:\/\/dpress.ma\/fr\/wp-json\/wp\/v2\/posts"}],"about":[{"href":"https:\/\/dpress.ma\/fr\/wp-json\/wp\/v2\/types\/post"}],"author":[{"embeddable":true,"href":"https:\/\/dpress.ma\/fr\/wp-json\/wp\/v2\/users\/2"}],"replies":[{"embeddable":true,"href":"https:\/\/dpress.ma\/fr\/wp-json\/wp\/v2\/comments?post=3436"}],"version-history":[{"count":1,"href":"https:\/\/dpress.ma\/fr\/wp-json\/wp\/v2\/posts\/3436\/revisions"}],"predecessor-version":[{"id":3437,"href":"https:\/\/dpress.ma\/fr\/wp-json\/wp\/v2\/posts\/3436\/revisions\/3437"}],"wp:featuredmedia":[{"embeddable":true,"href":"https:\/\/dpress.ma\/fr\/wp-json\/wp\/v2\/media\/2526"}],"wp:attachment":[{"href":"https:\/\/dpress.ma\/fr\/wp-json\/wp\/v2\/media?parent=3436"}],"wp:term":[{"taxonomy":"category","embeddable":true,"href":"https:\/\/dpress.ma\/fr\/wp-json\/wp\/v2\/categories?post=3436"},{"taxonomy":"post_tag","embeddable":true,"href":"https:\/\/dpress.ma\/fr\/wp-json\/wp\/v2\/tags?post=3436"}],"curies":[{"name":"wp","href":"https:\/\/api.w.org\/{rel}","templated":true}]}}