{"id":3434,"date":"2023-01-31T17:13:06","date_gmt":"2023-01-31T17:13:06","guid":{"rendered":"https:\/\/dpress.ma\/fr\/?p=3434"},"modified":"2023-01-31T17:13:13","modified_gmt":"2023-01-31T17:13:13","slug":"la-chambre-des-representants-adopte-en-deuxieme-lecture-un-projet-de-loi-relatif-aux-zones-industrielles","status":"publish","type":"post","link":"https:\/\/dpress.ma\/fr\/2023\/01\/31\/la-chambre-des-representants-adopte-en-deuxieme-lecture-un-projet-de-loi-relatif-aux-zones-industrielles\/","title":{"rendered":"La Chambre des repr\u00e9sentants adopte, en deuxi\u00e8me lecture, un projet de loi relatif aux zones industrielles"},"content":{"rendered":"\n<p>Dpress<\/p>\n\n\n\n<p>La Chambre des repr\u00e9sentants a adopt\u00e9 \u00e0 l\u2019unanimit\u00e9 et en deuxi\u00e8me lecture, lundi lors d\u2019une s\u00e9ance l\u00e9gislative, le projet de loi n\u00b0102-21 relatif aux zones industrielles.<\/p>\n\n\n\n<p>Pr\u00e9sentant ce projet de loi, le ministre de l\u2019Industrie et du commerce, Ryad Mezzour, a soulign\u00e9 que ce texte vise \u00e0 encourager l\u2019investissement dans le secteur industriel \u00e0 travers le levier du foncier industriel am\u00e9nag\u00e9 \u00e0 cet effet et \u00e0 renforcer l\u2019arsenal juridique en mati\u00e8re d\u2019am\u00e9nagement, de gestion et de valorisation des zones industrielles, en vue d\u2019am\u00e9liorer leur qualit\u00e9 et de lutter contre le ph\u00e9nom\u00e8ne de sp\u00e9culation fonci\u00e8re.<\/p>\n\n\n\n<p>Le projet de loi a pour objectif \u00e9galement de mettre \u00e0 la disposition du responsable de l\u2019am\u00e9nagement et des investisseurs les outils n\u00e9cessaires permettant d\u2019assurer une gestion durable et efficace des zones industrielles, a fait savoir Mezzour.<\/p>\n\n\n\n<p>Le ministre a, en outre, relev\u00e9 que dans le cadre de la deuxi\u00e8me lecture de ce projet de loi par la Commission des secteurs productifs \u00e0 la Chambre des repr\u00e9sentants, les amendements apport\u00e9s par la Chambre des conseillers, relatifs aux articles 1, 3, 8 et 9 de la loi, ont \u00e9t\u00e9 discut\u00e9s et approuv\u00e9s \u00e0 l\u2019unanimit\u00e9, notant que le texte a \u00e9t\u00e9 \u00e9galement adopt\u00e9 \u00e0 l\u2019unanimit\u00e9, dans sa globalit\u00e9, par les membres de la Commission, tel qu\u2019approuv\u00e9 par la Chambre des conseillers, en date du 10 janvier 2023.<\/p>\n\n\n\n<p>Le projet de loi d\u00e9limite le champ d\u2019application aux zones d\u00e9sign\u00e9es pour la cr\u00e9ation et l\u2019exploitation des unit\u00e9s industrielles productives, hormis les zones cr\u00e9\u00e9es dans le cadre de la loi relative aux zones d\u2019acc\u00e9l\u00e9ration industrielle. Il pr\u00e9voit \u00e9galement la mise en place d\u2019un plan national des zones industrielles, consid\u00e9r\u00e9 comme un document r\u00e9f\u00e9rentiel qui d\u00e9termine les orientations strat\u00e9giques de l\u2019\u00c9tat dans le domaine d\u2019infrastructures industrielles.<\/p>\n\n\n\n<p>Le texte pr\u00e9voit aussi de mettre en place un r\u00e8glement g\u00e9n\u00e9ral d\u2019am\u00e9nagement fixant les normes et les sp\u00e9cificit\u00e9s techniques relatives \u00e0 l\u2019am\u00e9nagement et au d\u00e9veloppement des zones industrielles ainsi qu\u2019un r\u00e8glement g\u00e9n\u00e9ral de gestion des zones industrielles qui d\u00e9termine les exigences et les r\u00e8gles g\u00e9n\u00e9rales \u00e0 respecter par l\u2019organisme de gestion ou l\u2019organisme charg\u00e9 de l\u2019am\u00e9nagement de ces zones.<\/p>\n","protected":false},"excerpt":{"rendered":"<p>Dpress La Chambre des repr\u00e9sentants a adopt\u00e9 \u00e0 l\u2019unanimit\u00e9 et en deuxi\u00e8me lecture, lundi lors d\u2019une s\u00e9ance l\u00e9gislative, le projet de loi n\u00b0102-21 relatif aux zones industrielles. Pr\u00e9sentant ce projet de loi, le ministre de l\u2019Industrie et du commerce, Ryad Mezzour, a soulign\u00e9 que ce texte vise \u00e0 encourager l\u2019investissement dans le secteur industriel \u00e0 &hellip;<\/p>\n","protected":false},"author":2,"featured_media":2730,"comment_status":"open","ping_status":"open","sticky":false,"template":"","format":"standard","meta":{"footnotes":""},"categories":[34],"tags":[],"class_list":["post-3434","post","type-post","status-publish","format-standard","has-post-thumbnail","hentry","category-diplomatie-parlementaire"],"yoast_head":"<!-- This site is optimized with the Yoast SEO plugin v27.5 - https:\/\/yoast.com\/product\/yoast-seo-wordpress\/ -->\n<title>La Chambre des repr\u00e9sentants adopte, en deuxi\u00e8me lecture, un projet de loi relatif aux zones industrielles - Dpress.ma\/fr<\/title>\n<meta name=\"robots\" content=\"index, follow, max-snippet:-1, max-image-preview:large, max-video-preview:-1\" \/>\n<link rel=\"canonical\" href=\"https:\/\/dpress.ma\/fr\/2023\/01\/31\/la-chambre-des-representants-adopte-en-deuxieme-lecture-un-projet-de-loi-relatif-aux-zones-industrielles\/\" \/>\n<meta property=\"og:locale\" content=\"fr_FR\" \/>\n<meta property=\"og:type\" content=\"article\" \/>\n<meta property=\"og:title\" content=\"La Chambre des repr\u00e9sentants adopte, en deuxi\u00e8me lecture, un projet de loi relatif aux zones industrielles - Dpress.ma\/fr\" \/>\n<meta property=\"og:description\" content=\"Dpress La Chambre des repr\u00e9sentants a adopt\u00e9 \u00e0 l\u2019unanimit\u00e9 et en deuxi\u00e8me lecture, lundi lors d\u2019une s\u00e9ance l\u00e9gislative, le projet de loi n\u00b0102-21 relatif aux zones industrielles. Pr\u00e9sentant ce projet de loi, le ministre de l\u2019Industrie et du commerce, Ryad Mezzour, a soulign\u00e9 que ce texte vise \u00e0 encourager l\u2019investissement dans le secteur industriel \u00e0 &hellip;\" \/>\n<meta property=\"og:url\" content=\"https:\/\/dpress.ma\/fr\/2023\/01\/31\/la-chambre-des-representants-adopte-en-deuxieme-lecture-un-projet-de-loi-relatif-aux-zones-industrielles\/\" \/>\n<meta property=\"og:site_name\" content=\"Dpress.ma\/fr\" \/>\n<meta property=\"article:published_time\" content=\"2023-01-31T17:13:06+00:00\" \/>\n<meta property=\"article:modified_time\" content=\"2023-01-31T17:13:13+00:00\" \/>\n<meta property=\"og:image\" content=\"https:\/\/dpress.ma\/fr\/wp-content\/uploads\/sites\/2\/2022\/12\/dimensions2-6.jpg\" \/>\n\t<meta property=\"og:image:width\" content=\"2539\" \/>\n\t<meta property=\"og:image:height\" content=\"1594\" \/>\n\t<meta property=\"og:image:type\" content=\"image\/jpeg\" \/>\n<meta name=\"author\" content=\"Dpress.ma\" \/>\n<meta name=\"twitter:card\" content=\"summary_large_image\" \/>\n<meta name=\"twitter:label1\" content=\"\u00c9crit par\" \/>\n\t<meta name=\"twitter:data1\" content=\"Dpress.ma\" \/>\n\t<meta name=\"twitter:label2\" content=\"Dur\u00e9e de lecture estim\u00e9e\" \/>\n\t<meta name=\"twitter:data2\" content=\"2 minutes\" \/>\n<script type=\"application\/ld+json\" class=\"yoast-schema-graph\">{\"@context\":\"https:\\\/\\\/schema.org\",\"@graph\":[{\"@type\":\"Article\",\"@id\":\"https:\\\/\\\/dpress.ma\\\/fr\\\/2023\\\/01\\\/31\\\/la-chambre-des-representants-adopte-en-deuxieme-lecture-un-projet-de-loi-relatif-aux-zones-industrielles\\\/#article\",\"isPartOf\":{\"@id\":\"https:\\\/\\\/dpress.ma\\\/fr\\\/2023\\\/01\\\/31\\\/la-chambre-des-representants-adopte-en-deuxieme-lecture-un-projet-de-loi-relatif-aux-zones-industrielles\\\/\"},\"author\":{\"name\":\"Dpress.ma\",\"@id\":\"https:\\\/\\\/dpress.ma\\\/fr\\\/#\\\/schema\\\/person\\\/4898febf3ccd59e6578d838656a306a0\"},\"headline\":\"La Chambre des repr\u00e9sentants adopte, en deuxi\u00e8me lecture, un projet de loi relatif aux zones industrielles\",\"datePublished\":\"2023-01-31T17:13:06+00:00\",\"dateModified\":\"2023-01-31T17:13:13+00:00\",\"mainEntityOfPage\":{\"@id\":\"https:\\\/\\\/dpress.ma\\\/fr\\\/2023\\\/01\\\/31\\\/la-chambre-des-representants-adopte-en-deuxieme-lecture-un-projet-de-loi-relatif-aux-zones-industrielles\\\/\"},\"wordCount\":421,\"commentCount\":0,\"image\":{\"@id\":\"https:\\\/\\\/dpress.ma\\\/fr\\\/2023\\\/01\\\/31\\\/la-chambre-des-representants-adopte-en-deuxieme-lecture-un-projet-de-loi-relatif-aux-zones-industrielles\\\/#primaryimage\"},\"thumbnailUrl\":\"https:\\\/\\\/dpress.ma\\\/fr\\\/wp-content\\\/uploads\\\/sites\\\/2\\\/2022\\\/12\\\/dimensions2-6.jpg\",\"articleSection\":[\"Diplomatie Parlementaire\"],\"inLanguage\":\"fr-FR\",\"potentialAction\":[{\"@type\":\"CommentAction\",\"name\":\"Comment\",\"target\":[\"https:\\\/\\\/dpress.ma\\\/fr\\\/2023\\\/01\\\/31\\\/la-chambre-des-representants-adopte-en-deuxieme-lecture-un-projet-de-loi-relatif-aux-zones-industrielles\\\/#respond\"]}]},{\"@type\":\"WebPage\",\"@id\":\"https:\\\/\\\/dpress.ma\\\/fr\\\/2023\\\/01\\\/31\\\/la-chambre-des-representants-adopte-en-deuxieme-lecture-un-projet-de-loi-relatif-aux-zones-industrielles\\\/\",\"url\":\"https:\\\/\\\/dpress.ma\\\/fr\\\/2023\\\/01\\\/31\\\/la-chambre-des-representants-adopte-en-deuxieme-lecture-un-projet-de-loi-relatif-aux-zones-industrielles\\\/\",\"name\":\"La Chambre des repr\u00e9sentants adopte, en deuxi\u00e8me lecture, un projet de loi relatif aux zones industrielles - Dpress.ma\\\/fr\",\"isPartOf\":{\"@id\":\"https:\\\/\\\/dpress.ma\\\/fr\\\/#website\"},\"primaryImageOfPage\":{\"@id\":\"https:\\\/\\\/dpress.ma\\\/fr\\\/2023\\\/01\\\/31\\\/la-chambre-des-representants-adopte-en-deuxieme-lecture-un-projet-de-loi-relatif-aux-zones-industrielles\\\/#primaryimage\"},\"image\":{\"@id\":\"https:\\\/\\\/dpress.ma\\\/fr\\\/2023\\\/01\\\/31\\\/la-chambre-des-representants-adopte-en-deuxieme-lecture-un-projet-de-loi-relatif-aux-zones-industrielles\\\/#primaryimage\"},\"thumbnailUrl\":\"https:\\\/\\\/dpress.ma\\\/fr\\\/wp-content\\\/uploads\\\/sites\\\/2\\\/2022\\\/12\\\/dimensions2-6.jpg\",\"datePublished\":\"2023-01-31T17:13:06+00:00\",\"dateModified\":\"2023-01-31T17:13:13+00:00\",\"author\":{\"@id\":\"https:\\\/\\\/dpress.ma\\\/fr\\\/#\\\/schema\\\/person\\\/4898febf3ccd59e6578d838656a306a0\"},\"breadcrumb\":{\"@id\":\"https:\\\/\\\/dpress.ma\\\/fr\\\/2023\\\/01\\\/31\\\/la-chambre-des-representants-adopte-en-deuxieme-lecture-un-projet-de-loi-relatif-aux-zones-industrielles\\\/#breadcrumb\"},\"inLanguage\":\"fr-FR\",\"potentialAction\":[{\"@type\":\"ReadAction\",\"target\":[\"https:\\\/\\\/dpress.ma\\\/fr\\\/2023\\\/01\\\/31\\\/la-chambre-des-representants-adopte-en-deuxieme-lecture-un-projet-de-loi-relatif-aux-zones-industrielles\\\/\"]}]},{\"@type\":\"ImageObject\",\"inLanguage\":\"fr-FR\",\"@id\":\"https:\\\/\\\/dpress.ma\\\/fr\\\/2023\\\/01\\\/31\\\/la-chambre-des-representants-adopte-en-deuxieme-lecture-un-projet-de-loi-relatif-aux-zones-industrielles\\\/#primaryimage\",\"url\":\"https:\\\/\\\/dpress.ma\\\/fr\\\/wp-content\\\/uploads\\\/sites\\\/2\\\/2022\\\/12\\\/dimensions2-6.jpg\",\"contentUrl\":\"https:\\\/\\\/dpress.ma\\\/fr\\\/wp-content\\\/uploads\\\/sites\\\/2\\\/2022\\\/12\\\/dimensions2-6.jpg\",\"width\":2539,\"height\":1594},{\"@type\":\"BreadcrumbList\",\"@id\":\"https:\\\/\\\/dpress.ma\\\/fr\\\/2023\\\/01\\\/31\\\/la-chambre-des-representants-adopte-en-deuxieme-lecture-un-projet-de-loi-relatif-aux-zones-industrielles\\\/#breadcrumb\",\"itemListElement\":[{\"@type\":\"ListItem\",\"position\":1,\"name\":\"Home\",\"item\":\"https:\\\/\\\/dpress.ma\\\/fr\\\/\"},{\"@type\":\"ListItem\",\"position\":2,\"name\":\"La Chambre des repr\u00e9sentants adopte, en deuxi\u00e8me lecture, un projet de loi relatif aux zones industrielles\"}]},{\"@type\":\"WebSite\",\"@id\":\"https:\\\/\\\/dpress.ma\\\/fr\\\/#website\",\"url\":\"https:\\\/\\\/dpress.ma\\\/fr\\\/\",\"name\":\"Dpress.ma\\\/fr\",\"description\":\"\",\"potentialAction\":[{\"@type\":\"SearchAction\",\"target\":{\"@type\":\"EntryPoint\",\"urlTemplate\":\"https:\\\/\\\/dpress.ma\\\/fr\\\/?s={search_term_string}\"},\"query-input\":{\"@type\":\"PropertyValueSpecification\",\"valueRequired\":true,\"valueName\":\"search_term_string\"}}],\"inLanguage\":\"fr-FR\"},{\"@type\":\"Person\",\"@id\":\"https:\\\/\\\/dpress.ma\\\/fr\\\/#\\\/schema\\\/person\\\/4898febf3ccd59e6578d838656a306a0\",\"name\":\"Dpress.ma\",\"image\":{\"@type\":\"ImageObject\",\"inLanguage\":\"fr-FR\",\"@id\":\"https:\\\/\\\/secure.gravatar.com\\\/avatar\\\/72ecc30e9db047a2e0e7176561eb9d564ed77c8108376495b19bd8336405198a?s=96&d=mm&r=g\",\"url\":\"https:\\\/\\\/secure.gravatar.com\\\/avatar\\\/72ecc30e9db047a2e0e7176561eb9d564ed77c8108376495b19bd8336405198a?s=96&d=mm&r=g\",\"contentUrl\":\"https:\\\/\\\/secure.gravatar.com\\\/avatar\\\/72ecc30e9db047a2e0e7176561eb9d564ed77c8108376495b19bd8336405198a?s=96&d=mm&r=g\",\"caption\":\"Dpress.ma\"},\"sameAs\":[\"https:\\\/\\\/www.dpress.ma\"],\"url\":\"https:\\\/\\\/dpress.ma\\\/fr\\\/author\\\/dpress-ma\\\/\"}]}<\/script>\n<!-- \/ Yoast SEO plugin. -->","yoast_head_json":{"title":"La Chambre des repr\u00e9sentants adopte, en deuxi\u00e8me lecture, un projet de loi relatif aux zones industrielles - Dpress.ma\/fr","robots":{"index":"index","follow":"follow","max-snippet":"max-snippet:-1","max-image-preview":"max-image-preview:large","max-video-preview":"max-video-preview:-1"},"canonical":"https:\/\/dpress.ma\/fr\/2023\/01\/31\/la-chambre-des-representants-adopte-en-deuxieme-lecture-un-projet-de-loi-relatif-aux-zones-industrielles\/","og_locale":"fr_FR","og_type":"article","og_title":"La Chambre des repr\u00e9sentants adopte, en deuxi\u00e8me lecture, un projet de loi relatif aux zones industrielles - Dpress.ma\/fr","og_description":"Dpress La Chambre des repr\u00e9sentants a adopt\u00e9 \u00e0 l\u2019unanimit\u00e9 et en deuxi\u00e8me lecture, lundi lors d\u2019une s\u00e9ance l\u00e9gislative, le projet de loi n\u00b0102-21 relatif aux zones industrielles. Pr\u00e9sentant ce projet de loi, le ministre de l\u2019Industrie et du commerce, Ryad Mezzour, a soulign\u00e9 que ce texte vise \u00e0 encourager l\u2019investissement dans le secteur industriel \u00e0 &hellip;","og_url":"https:\/\/dpress.ma\/fr\/2023\/01\/31\/la-chambre-des-representants-adopte-en-deuxieme-lecture-un-projet-de-loi-relatif-aux-zones-industrielles\/","og_site_name":"Dpress.ma\/fr","article_published_time":"2023-01-31T17:13:06+00:00","article_modified_time":"2023-01-31T17:13:13+00:00","og_image":[{"width":2539,"height":1594,"url":"https:\/\/dpress.ma\/fr\/wp-content\/uploads\/sites\/2\/2022\/12\/dimensions2-6.jpg","type":"image\/jpeg"}],"author":"Dpress.ma","twitter_card":"summary_large_image","twitter_misc":{"\u00c9crit par":"Dpress.ma","Dur\u00e9e de lecture estim\u00e9e":"2 minutes"},"schema":{"@context":"https:\/\/schema.org","@graph":[{"@type":"Article","@id":"https:\/\/dpress.ma\/fr\/2023\/01\/31\/la-chambre-des-representants-adopte-en-deuxieme-lecture-un-projet-de-loi-relatif-aux-zones-industrielles\/#article","isPartOf":{"@id":"https:\/\/dpress.ma\/fr\/2023\/01\/31\/la-chambre-des-representants-adopte-en-deuxieme-lecture-un-projet-de-loi-relatif-aux-zones-industrielles\/"},"author":{"name":"Dpress.ma","@id":"https:\/\/dpress.ma\/fr\/#\/schema\/person\/4898febf3ccd59e6578d838656a306a0"},"headline":"La Chambre des repr\u00e9sentants adopte, en deuxi\u00e8me lecture, un projet de loi relatif aux zones industrielles","datePublished":"2023-01-31T17:13:06+00:00","dateModified":"2023-01-31T17:13:13+00:00","mainEntityOfPage":{"@id":"https:\/\/dpress.ma\/fr\/2023\/01\/31\/la-chambre-des-representants-adopte-en-deuxieme-lecture-un-projet-de-loi-relatif-aux-zones-industrielles\/"},"wordCount":421,"commentCount":0,"image":{"@id":"https:\/\/dpress.ma\/fr\/2023\/01\/31\/la-chambre-des-representants-adopte-en-deuxieme-lecture-un-projet-de-loi-relatif-aux-zones-industrielles\/#primaryimage"},"thumbnailUrl":"https:\/\/dpress.ma\/fr\/wp-content\/uploads\/sites\/2\/2022\/12\/dimensions2-6.jpg","articleSection":["Diplomatie Parlementaire"],"inLanguage":"fr-FR","potentialAction":[{"@type":"CommentAction","name":"Comment","target":["https:\/\/dpress.ma\/fr\/2023\/01\/31\/la-chambre-des-representants-adopte-en-deuxieme-lecture-un-projet-de-loi-relatif-aux-zones-industrielles\/#respond"]}]},{"@type":"WebPage","@id":"https:\/\/dpress.ma\/fr\/2023\/01\/31\/la-chambre-des-representants-adopte-en-deuxieme-lecture-un-projet-de-loi-relatif-aux-zones-industrielles\/","url":"https:\/\/dpress.ma\/fr\/2023\/01\/31\/la-chambre-des-representants-adopte-en-deuxieme-lecture-un-projet-de-loi-relatif-aux-zones-industrielles\/","name":"La Chambre des repr\u00e9sentants adopte, en deuxi\u00e8me lecture, un projet de loi relatif aux zones industrielles - Dpress.ma\/fr","isPartOf":{"@id":"https:\/\/dpress.ma\/fr\/#website"},"primaryImageOfPage":{"@id":"https:\/\/dpress.ma\/fr\/2023\/01\/31\/la-chambre-des-representants-adopte-en-deuxieme-lecture-un-projet-de-loi-relatif-aux-zones-industrielles\/#primaryimage"},"image":{"@id":"https:\/\/dpress.ma\/fr\/2023\/01\/31\/la-chambre-des-representants-adopte-en-deuxieme-lecture-un-projet-de-loi-relatif-aux-zones-industrielles\/#primaryimage"},"thumbnailUrl":"https:\/\/dpress.ma\/fr\/wp-content\/uploads\/sites\/2\/2022\/12\/dimensions2-6.jpg","datePublished":"2023-01-31T17:13:06+00:00","dateModified":"2023-01-31T17:13:13+00:00","author":{"@id":"https:\/\/dpress.ma\/fr\/#\/schema\/person\/4898febf3ccd59e6578d838656a306a0"},"breadcrumb":{"@id":"https:\/\/dpress.ma\/fr\/2023\/01\/31\/la-chambre-des-representants-adopte-en-deuxieme-lecture-un-projet-de-loi-relatif-aux-zones-industrielles\/#breadcrumb"},"inLanguage":"fr-FR","potentialAction":[{"@type":"ReadAction","target":["https:\/\/dpress.ma\/fr\/2023\/01\/31\/la-chambre-des-representants-adopte-en-deuxieme-lecture-un-projet-de-loi-relatif-aux-zones-industrielles\/"]}]},{"@type":"ImageObject","inLanguage":"fr-FR","@id":"https:\/\/dpress.ma\/fr\/2023\/01\/31\/la-chambre-des-representants-adopte-en-deuxieme-lecture-un-projet-de-loi-relatif-aux-zones-industrielles\/#primaryimage","url":"https:\/\/dpress.ma\/fr\/wp-content\/uploads\/sites\/2\/2022\/12\/dimensions2-6.jpg","contentUrl":"https:\/\/dpress.ma\/fr\/wp-content\/uploads\/sites\/2\/2022\/12\/dimensions2-6.jpg","width":2539,"height":1594},{"@type":"BreadcrumbList","@id":"https:\/\/dpress.ma\/fr\/2023\/01\/31\/la-chambre-des-representants-adopte-en-deuxieme-lecture-un-projet-de-loi-relatif-aux-zones-industrielles\/#breadcrumb","itemListElement":[{"@type":"ListItem","position":1,"name":"Home","item":"https:\/\/dpress.ma\/fr\/"},{"@type":"ListItem","position":2,"name":"La Chambre des repr\u00e9sentants adopte, en deuxi\u00e8me lecture, un projet de loi relatif aux zones industrielles"}]},{"@type":"WebSite","@id":"https:\/\/dpress.ma\/fr\/#website","url":"https:\/\/dpress.ma\/fr\/","name":"Dpress.ma\/fr","description":"","potentialAction":[{"@type":"SearchAction","target":{"@type":"EntryPoint","urlTemplate":"https:\/\/dpress.ma\/fr\/?s={search_term_string}"},"query-input":{"@type":"PropertyValueSpecification","valueRequired":true,"valueName":"search_term_string"}}],"inLanguage":"fr-FR"},{"@type":"Person","@id":"https:\/\/dpress.ma\/fr\/#\/schema\/person\/4898febf3ccd59e6578d838656a306a0","name":"Dpress.ma","image":{"@type":"ImageObject","inLanguage":"fr-FR","@id":"https:\/\/secure.gravatar.com\/avatar\/72ecc30e9db047a2e0e7176561eb9d564ed77c8108376495b19bd8336405198a?s=96&d=mm&r=g","url":"https:\/\/secure.gravatar.com\/avatar\/72ecc30e9db047a2e0e7176561eb9d564ed77c8108376495b19bd8336405198a?s=96&d=mm&r=g","contentUrl":"https:\/\/secure.gravatar.com\/avatar\/72ecc30e9db047a2e0e7176561eb9d564ed77c8108376495b19bd8336405198a?s=96&d=mm&r=g","caption":"Dpress.ma"},"sameAs":["https:\/\/www.dpress.ma"],"url":"https:\/\/dpress.ma\/fr\/author\/dpress-ma\/"}]}},"amp_enabled":true,"_links":{"self":[{"href":"https:\/\/dpress.ma\/fr\/wp-json\/wp\/v2\/posts\/3434","targetHints":{"allow":["GET"]}}],"collection":[{"href":"https:\/\/dpress.ma\/fr\/wp-json\/wp\/v2\/posts"}],"about":[{"href":"https:\/\/dpress.ma\/fr\/wp-json\/wp\/v2\/types\/post"}],"author":[{"embeddable":true,"href":"https:\/\/dpress.ma\/fr\/wp-json\/wp\/v2\/users\/2"}],"replies":[{"embeddable":true,"href":"https:\/\/dpress.ma\/fr\/wp-json\/wp\/v2\/comments?post=3434"}],"version-history":[{"count":1,"href":"https:\/\/dpress.ma\/fr\/wp-json\/wp\/v2\/posts\/3434\/revisions"}],"predecessor-version":[{"id":3435,"href":"https:\/\/dpress.ma\/fr\/wp-json\/wp\/v2\/posts\/3434\/revisions\/3435"}],"wp:featuredmedia":[{"embeddable":true,"href":"https:\/\/dpress.ma\/fr\/wp-json\/wp\/v2\/media\/2730"}],"wp:attachment":[{"href":"https:\/\/dpress.ma\/fr\/wp-json\/wp\/v2\/media?parent=3434"}],"wp:term":[{"taxonomy":"category","embeddable":true,"href":"https:\/\/dpress.ma\/fr\/wp-json\/wp\/v2\/categories?post=3434"},{"taxonomy":"post_tag","embeddable":true,"href":"https:\/\/dpress.ma\/fr\/wp-json\/wp\/v2\/tags?post=3434"}],"curies":[{"name":"wp","href":"https:\/\/api.w.org\/{rel}","templated":true}]}}