{"id":3411,"date":"2023-01-28T09:43:30","date_gmt":"2023-01-28T09:43:30","guid":{"rendered":"https:\/\/dpress.ma\/fr\/?p=3411"},"modified":"2023-01-28T09:43:31","modified_gmt":"2023-01-28T09:43:31","slug":"anapec-coup-denvoi-du-nouveau-plan-strategique","status":"publish","type":"post","link":"https:\/\/dpress.ma\/fr\/2023\/01\/28\/anapec-coup-denvoi-du-nouveau-plan-strategique\/","title":{"rendered":"ANAPEC: coup d\u2019envoi du nouveau plan strat\u00e9gique"},"content":{"rendered":"\n<p>Dpress<\/p>\n\n\n\n<p>Le ministre de l\u2019Inclusion \u00e9conomique, de la Petite entreprise, de l\u2019Emploi et des comp\u00e9tences, Younes Sekkouri, a donn\u00e9 le coup d\u2019envoi du nouveau plan strat\u00e9gique \u00e0 horizon 2026 de l\u2019Agence nationale de promotion des emplois et des comp\u00e9tences (ANAPEC) et ce, lors du Conseil d\u2019administration de l\u2019Agence, r\u00e9uni jeudi \u00e0 Rabat.<\/p>\n\n\n\n<p>Selon un communiqu\u00e9 du minist\u00e8re de l\u2019Inclusion \u00e9conomique, de la Petite entreprise, de l\u2019Emploi et des comp\u00e9tences, ce plan strat\u00e9gique vise \u00e0 assurer la mont\u00e9e en puissance de l\u2019Agence, le d\u00e9ploiement actif de la nouvelle Vision de promotion de l\u2019emploi, l\u2019adoption d\u2019un nouveau sch\u00e9ma de gouvernance territoriale et la mise \u00e0 disposition de moyens modernes en ligne avec les ambitions que se fixe le minist\u00e8re.<\/p>\n\n\n\n<p>Il s\u2019agit d\u2019un pr\u00e9alable pour relever les challenges de l\u2019emploi au Maroc et un pr\u00e9requis pour assurer un d\u00e9veloppement structur\u00e9, harmonieux et soutenu de l\u2019emploi d\u00e9cent dans les 12 r\u00e9gions du Royaume, rel\u00e8ve la m\u00eame source.<\/p>\n\n\n\n<p>Portant sur la pr\u00e9sentation des r\u00e9alisations de l\u2019agence, de ses d\u00e9fis, de son plan d\u2019action pour 2023 et le budget y aff\u00e9rent, le Conseil d\u2019Administration de l\u2019ANAPEC a \u00e9t\u00e9 l\u2019occasion de revenir sur les pr\u00e9requis au d\u00e9ploiement du nouveau positionnement de l\u2019Agence, initi\u00e9 en juillet 2022 et qui s\u2019inscrit dans le cadre d\u2019une vision int\u00e9gr\u00e9e du minist\u00e8re visant \u00e0 franchir un nouveau pallier dans la promotion et le d\u00e9veloppement de l\u2019emploi au Maroc.<\/p>\n\n\n\n<p>M. Sekkouri a soulign\u00e9, dans ce sens, que ce plan de transformation volontariste de l\u2019Agence autour de quatre m\u00e9tiers structurants (Employabilit\u00e9, Interm\u00e9diation sur le march\u00e9 du travail, entreprenariat et placement \u00e0 l\u2019international) se veut apporter des r\u00e9ponses structurelles aux probl\u00e9matiques de l\u2019emploi \u00e0 l\u2019\u00e9chelle locale, r\u00e9gionale et nationale \u00e0 travers notamment un nouveau sch\u00e9ma de gouvernance territoriale qui s\u2019appuie sur la mobilisation de partenaires public et priv\u00e9s, locaux, r\u00e9gionaux, nationaux et internationaux, autour de dispositifs innovants, afin de porter les capacit\u00e9s d\u2019accueil, d\u2019orientation et d\u2019accompagnement de l\u2019Agence \u00e0 plus de 300 points. L\u2019objectif \u00e9tant de renforcer la proximit\u00e9 des publics vis\u00e9s et d\u2019am\u00e9liorer l\u2019acc\u00e8s aux services d\u2019accompagnement des chercheurs d\u2019emploi.<\/p>\n\n\n\n<p>Il est aussi question d\u2019un positionnement clair, organis\u00e9 et volontariste sur 4 nouveaux m\u00e9tiers de l\u2019agence dont deux nouveaux portant respectivement sur l\u2019appui \u00e0 l\u2019entreprenariat et le placement \u00e0 l\u2019international avec l\u2019objectif de:<\/p>\n\n\n\n<p>\u2013 Accompagner plus de 100.000 potentiels entrepreneurs. L\u2019Agence met ainsi aux services des citoyens une nouvelle ligne de m\u00e9tier d\u00e9di\u00e9e aux \u201cPrestations \u00e0 l\u2019Entrepreneuriat et la TPE\u201d d\u00e9livr\u00e9e par le r\u00e9seau d\u2019Agence et de conseillers pr\u00e9sents dans l\u2019ensemble des provinces du Royaume, pilot\u00e9 par les 12 services r\u00e9gionaux, plac\u00e9s sous la supervision d\u2019une direction Centrale cr\u00e9\u00e9e \u00e0 cet effet.<\/p>\n\n\n\n<p>\u2013 Organiser la migration professionnelle d\u2019un potentiel important de citoyens \u00e0 travers des parcours de pr\u00e9paration, de formation (technique, linguistique et culturelle), d\u2019accueil, d\u2019accompagnement et d\u2019int\u00e9gration adapt\u00e9s. La direction placement \u00e0 l\u2019international, express\u00e9ment cr\u00e9\u00e9e \u00e0 cet effet, aura pour mission de revoir la politique de migration dans le dessein de coconstruire avec un ensemble de pays partenaires des programmes de migration professionnelle structur\u00e9s susceptibles de r\u00e9pondre efficacement aux besoins en emploi des pays partenaires. M. Sekkouri a pr\u00e9cis\u00e9, par ailleurs, que ces programmes devront prendre en consid\u00e9ration l\u2019approche genre, la garantie de conditions de travail d\u00e9cent et l\u2019int\u00e9gration d\u2019une population qualifi\u00e9e, tout en veillant \u00e0 respecter l\u2019\u00e9quilibre de la demande nationale qui demeure prioritaire.<\/p>\n\n\n\n<p>\u2013 Renforcer l\u2019employabilit\u00e9 de pr\u00e8s d\u2019un demi-million de citoyens \u00e0 travers la r\u00e9vision r\u00e9fl\u00e9chie des programmes existants accompagn\u00e9s par des objectifs d\u2019insertion et de maintien plus ambitieux. L\u2019id\u00e9e \u00e9tant de mettre en place un nouveau dispositif fiscal \u00e0 la hauteur de l\u2019ambition fix\u00e9e et \u00e0 m\u00eame d\u2019impulser une dynamique d\u2019insertion dans les secteurs porteurs.<\/p>\n\n\n\n<p>\u2013 Accueillir et orienter plus de 1,5 million de chercheurs d\u2019emploi vers des opportunit\u00e9s d\u2019emploi salari\u00e9 ou d\u2019entreprenariat, gr\u00e2ce au nouveau dispositif de gouvernance et \u00e0 la mobilisation du r\u00e9seau de partenaires.<\/p>\n\n\n\n<p>Concernant la mont\u00e9e en puissance de l\u2019Agence, ceci passe par le renforcement de ses capacit\u00e9s, la sp\u00e9cialisation et la mobilisation de ses ressources humaines et la construction et consolidation de son image de marque pour confirmer son positionnement \u00e0 l\u2019\u00e9chelle nationale, r\u00e9gionale et locale, en tant qu\u2019acteur incontournable de conseil, d\u2019orientation et d\u2019accompagnement capitalisant sur ses capacit\u00e9s \u00e0 mobiliser et \u00e0 f\u00e9d\u00e9rer les acteurs, les initiatives et les programmes en faveur de l\u2019emploi.<\/p>\n\n\n\n<p>Le Conseil d\u2019Administration a pu approuver le plan d\u2019action et le budget pr\u00e9sent\u00e9s par le Directeur G\u00e9n\u00e9ral par int\u00e9rim, Noureddine Benkhalil. Les membres du Conseil d\u2019Administration ont \u00e9galement pris acte des conventions sign\u00e9es par l\u2019ANAPEC.<\/p>\n","protected":false},"excerpt":{"rendered":"<p>Dpress Le ministre de l\u2019Inclusion \u00e9conomique, de la Petite entreprise, de l\u2019Emploi et des comp\u00e9tences, Younes Sekkouri, a donn\u00e9 le coup d\u2019envoi du nouveau plan strat\u00e9gique \u00e0 horizon 2026 de l\u2019Agence nationale de promotion des emplois et des comp\u00e9tences (ANAPEC) et ce, lors du Conseil d\u2019administration de l\u2019Agence, r\u00e9uni jeudi \u00e0 Rabat. Selon un communiqu\u00e9 &hellip;<\/p>\n","protected":false},"author":2,"featured_media":3412,"comment_status":"open","ping_status":"open","sticky":false,"template":"","format":"standard","meta":{"footnotes":""},"categories":[25],"tags":[],"class_list":["post-3411","post","type-post","status-publish","format-standard","has-post-thumbnail","hentry","category-economie"],"yoast_head":"<!-- This site is optimized with the Yoast SEO plugin v27.5 - https:\/\/yoast.com\/product\/yoast-seo-wordpress\/ -->\n<title>ANAPEC: coup d\u2019envoi du nouveau plan strat\u00e9gique - Dpress.ma\/fr<\/title>\n<meta name=\"description\" content=\"Le ministre de l\u2019Inclusion \u00e9conomique, de la Petite entreprise, de l\u2019Emploi et des comp\u00e9tences, Younes Sekkouri, a donn\u00e9 le coup d\u2019envoi du nouveau plan strat\u00e9gique \u00e0 horizon 2026 de l\u2019Agence nationale de promotion des emplois et des comp\u00e9tences (ANAPEC) et ce, lors du Conseil d\u2019administration de l\u2019Agence, r\u00e9uni jeudi \u00e0 Rabat.\" \/>\n<meta name=\"robots\" content=\"index, follow, max-snippet:-1, max-image-preview:large, max-video-preview:-1\" \/>\n<link rel=\"canonical\" href=\"https:\/\/dpress.ma\/fr\/2023\/01\/28\/anapec-coup-denvoi-du-nouveau-plan-strategique\/\" \/>\n<meta property=\"og:locale\" content=\"fr_FR\" \/>\n<meta property=\"og:type\" content=\"article\" \/>\n<meta property=\"og:title\" content=\"ANAPEC: coup d\u2019envoi du nouveau plan strat\u00e9gique - Dpress.ma\/fr\" \/>\n<meta property=\"og:description\" content=\"Le ministre de l\u2019Inclusion \u00e9conomique, de la Petite entreprise, de l\u2019Emploi et des comp\u00e9tences, Younes Sekkouri, a donn\u00e9 le coup d\u2019envoi du nouveau plan strat\u00e9gique \u00e0 horizon 2026 de l\u2019Agence nationale de promotion des emplois et des comp\u00e9tences (ANAPEC) et ce, lors du Conseil d\u2019administration de l\u2019Agence, r\u00e9uni jeudi \u00e0 Rabat.\" \/>\n<meta property=\"og:url\" content=\"https:\/\/dpress.ma\/fr\/2023\/01\/28\/anapec-coup-denvoi-du-nouveau-plan-strategique\/\" \/>\n<meta property=\"og:site_name\" content=\"Dpress.ma\/fr\" \/>\n<meta property=\"article:published_time\" content=\"2023-01-28T09:43:30+00:00\" \/>\n<meta property=\"article:modified_time\" content=\"2023-01-28T09:43:31+00:00\" \/>\n<meta property=\"og:image\" content=\"https:\/\/dpress.ma\/fr\/wp-content\/uploads\/sites\/2\/2023\/01\/dimensions2-65.jpg\" \/>\n\t<meta property=\"og:image:width\" content=\"2539\" \/>\n\t<meta property=\"og:image:height\" content=\"1594\" \/>\n\t<meta property=\"og:image:type\" content=\"image\/jpeg\" \/>\n<meta name=\"author\" content=\"Dpress.ma\" \/>\n<meta name=\"twitter:card\" content=\"summary_large_image\" \/>\n<meta name=\"twitter:label1\" content=\"\u00c9crit par\" \/>\n\t<meta name=\"twitter:data1\" content=\"Dpress.ma\" \/>\n\t<meta name=\"twitter:label2\" content=\"Dur\u00e9e de lecture estim\u00e9e\" \/>\n\t<meta name=\"twitter:data2\" content=\"4 minutes\" \/>\n<script type=\"application\/ld+json\" class=\"yoast-schema-graph\">{\"@context\":\"https:\\\/\\\/schema.org\",\"@graph\":[{\"@type\":\"Article\",\"@id\":\"https:\\\/\\\/dpress.ma\\\/fr\\\/2023\\\/01\\\/28\\\/anapec-coup-denvoi-du-nouveau-plan-strategique\\\/#article\",\"isPartOf\":{\"@id\":\"https:\\\/\\\/dpress.ma\\\/fr\\\/2023\\\/01\\\/28\\\/anapec-coup-denvoi-du-nouveau-plan-strategique\\\/\"},\"author\":{\"name\":\"Dpress.ma\",\"@id\":\"https:\\\/\\\/dpress.ma\\\/fr\\\/#\\\/schema\\\/person\\\/4898febf3ccd59e6578d838656a306a0\"},\"headline\":\"ANAPEC: coup d\u2019envoi du nouveau plan strat\u00e9gique\",\"datePublished\":\"2023-01-28T09:43:30+00:00\",\"dateModified\":\"2023-01-28T09:43:31+00:00\",\"mainEntityOfPage\":{\"@id\":\"https:\\\/\\\/dpress.ma\\\/fr\\\/2023\\\/01\\\/28\\\/anapec-coup-denvoi-du-nouveau-plan-strategique\\\/\"},\"wordCount\":874,\"commentCount\":0,\"image\":{\"@id\":\"https:\\\/\\\/dpress.ma\\\/fr\\\/2023\\\/01\\\/28\\\/anapec-coup-denvoi-du-nouveau-plan-strategique\\\/#primaryimage\"},\"thumbnailUrl\":\"https:\\\/\\\/dpress.ma\\\/fr\\\/wp-content\\\/uploads\\\/sites\\\/2\\\/2023\\\/01\\\/dimensions2-65.jpg\",\"articleSection\":[\"\u00c9conomie\"],\"inLanguage\":\"fr-FR\",\"potentialAction\":[{\"@type\":\"CommentAction\",\"name\":\"Comment\",\"target\":[\"https:\\\/\\\/dpress.ma\\\/fr\\\/2023\\\/01\\\/28\\\/anapec-coup-denvoi-du-nouveau-plan-strategique\\\/#respond\"]}]},{\"@type\":\"WebPage\",\"@id\":\"https:\\\/\\\/dpress.ma\\\/fr\\\/2023\\\/01\\\/28\\\/anapec-coup-denvoi-du-nouveau-plan-strategique\\\/\",\"url\":\"https:\\\/\\\/dpress.ma\\\/fr\\\/2023\\\/01\\\/28\\\/anapec-coup-denvoi-du-nouveau-plan-strategique\\\/\",\"name\":\"ANAPEC: coup d\u2019envoi du nouveau plan strat\u00e9gique - Dpress.ma\\\/fr\",\"isPartOf\":{\"@id\":\"https:\\\/\\\/dpress.ma\\\/fr\\\/#website\"},\"primaryImageOfPage\":{\"@id\":\"https:\\\/\\\/dpress.ma\\\/fr\\\/2023\\\/01\\\/28\\\/anapec-coup-denvoi-du-nouveau-plan-strategique\\\/#primaryimage\"},\"image\":{\"@id\":\"https:\\\/\\\/dpress.ma\\\/fr\\\/2023\\\/01\\\/28\\\/anapec-coup-denvoi-du-nouveau-plan-strategique\\\/#primaryimage\"},\"thumbnailUrl\":\"https:\\\/\\\/dpress.ma\\\/fr\\\/wp-content\\\/uploads\\\/sites\\\/2\\\/2023\\\/01\\\/dimensions2-65.jpg\",\"datePublished\":\"2023-01-28T09:43:30+00:00\",\"dateModified\":\"2023-01-28T09:43:31+00:00\",\"author\":{\"@id\":\"https:\\\/\\\/dpress.ma\\\/fr\\\/#\\\/schema\\\/person\\\/4898febf3ccd59e6578d838656a306a0\"},\"description\":\"Le ministre de l\u2019Inclusion \u00e9conomique, de la Petite entreprise, de l\u2019Emploi et des comp\u00e9tences, Younes Sekkouri, a donn\u00e9 le coup d\u2019envoi du nouveau plan strat\u00e9gique \u00e0 horizon 2026 de l\u2019Agence nationale de promotion des emplois et des comp\u00e9tences (ANAPEC) et ce, lors du Conseil d\u2019administration de l\u2019Agence, r\u00e9uni jeudi \u00e0 Rabat.\",\"breadcrumb\":{\"@id\":\"https:\\\/\\\/dpress.ma\\\/fr\\\/2023\\\/01\\\/28\\\/anapec-coup-denvoi-du-nouveau-plan-strategique\\\/#breadcrumb\"},\"inLanguage\":\"fr-FR\",\"potentialAction\":[{\"@type\":\"ReadAction\",\"target\":[\"https:\\\/\\\/dpress.ma\\\/fr\\\/2023\\\/01\\\/28\\\/anapec-coup-denvoi-du-nouveau-plan-strategique\\\/\"]}]},{\"@type\":\"ImageObject\",\"inLanguage\":\"fr-FR\",\"@id\":\"https:\\\/\\\/dpress.ma\\\/fr\\\/2023\\\/01\\\/28\\\/anapec-coup-denvoi-du-nouveau-plan-strategique\\\/#primaryimage\",\"url\":\"https:\\\/\\\/dpress.ma\\\/fr\\\/wp-content\\\/uploads\\\/sites\\\/2\\\/2023\\\/01\\\/dimensions2-65.jpg\",\"contentUrl\":\"https:\\\/\\\/dpress.ma\\\/fr\\\/wp-content\\\/uploads\\\/sites\\\/2\\\/2023\\\/01\\\/dimensions2-65.jpg\",\"width\":2539,\"height\":1594},{\"@type\":\"BreadcrumbList\",\"@id\":\"https:\\\/\\\/dpress.ma\\\/fr\\\/2023\\\/01\\\/28\\\/anapec-coup-denvoi-du-nouveau-plan-strategique\\\/#breadcrumb\",\"itemListElement\":[{\"@type\":\"ListItem\",\"position\":1,\"name\":\"Home\",\"item\":\"https:\\\/\\\/dpress.ma\\\/fr\\\/\"},{\"@type\":\"ListItem\",\"position\":2,\"name\":\"ANAPEC: coup d\u2019envoi du nouveau plan strat\u00e9gique\"}]},{\"@type\":\"WebSite\",\"@id\":\"https:\\\/\\\/dpress.ma\\\/fr\\\/#website\",\"url\":\"https:\\\/\\\/dpress.ma\\\/fr\\\/\",\"name\":\"Dpress.ma\\\/fr\",\"description\":\"\",\"potentialAction\":[{\"@type\":\"SearchAction\",\"target\":{\"@type\":\"EntryPoint\",\"urlTemplate\":\"https:\\\/\\\/dpress.ma\\\/fr\\\/?s={search_term_string}\"},\"query-input\":{\"@type\":\"PropertyValueSpecification\",\"valueRequired\":true,\"valueName\":\"search_term_string\"}}],\"inLanguage\":\"fr-FR\"},{\"@type\":\"Person\",\"@id\":\"https:\\\/\\\/dpress.ma\\\/fr\\\/#\\\/schema\\\/person\\\/4898febf3ccd59e6578d838656a306a0\",\"name\":\"Dpress.ma\",\"image\":{\"@type\":\"ImageObject\",\"inLanguage\":\"fr-FR\",\"@id\":\"https:\\\/\\\/secure.gravatar.com\\\/avatar\\\/72ecc30e9db047a2e0e7176561eb9d564ed77c8108376495b19bd8336405198a?s=96&d=mm&r=g\",\"url\":\"https:\\\/\\\/secure.gravatar.com\\\/avatar\\\/72ecc30e9db047a2e0e7176561eb9d564ed77c8108376495b19bd8336405198a?s=96&d=mm&r=g\",\"contentUrl\":\"https:\\\/\\\/secure.gravatar.com\\\/avatar\\\/72ecc30e9db047a2e0e7176561eb9d564ed77c8108376495b19bd8336405198a?s=96&d=mm&r=g\",\"caption\":\"Dpress.ma\"},\"sameAs\":[\"https:\\\/\\\/www.dpress.ma\"],\"url\":\"https:\\\/\\\/dpress.ma\\\/fr\\\/author\\\/dpress-ma\\\/\"}]}<\/script>\n<!-- \/ Yoast SEO plugin. -->","yoast_head_json":{"title":"ANAPEC: coup d\u2019envoi du nouveau plan strat\u00e9gique - Dpress.ma\/fr","description":"Le ministre de l\u2019Inclusion \u00e9conomique, de la Petite entreprise, de l\u2019Emploi et des comp\u00e9tences, Younes Sekkouri, a donn\u00e9 le coup d\u2019envoi du nouveau plan strat\u00e9gique \u00e0 horizon 2026 de l\u2019Agence nationale de promotion des emplois et des comp\u00e9tences (ANAPEC) et ce, lors du Conseil d\u2019administration de l\u2019Agence, r\u00e9uni jeudi \u00e0 Rabat.","robots":{"index":"index","follow":"follow","max-snippet":"max-snippet:-1","max-image-preview":"max-image-preview:large","max-video-preview":"max-video-preview:-1"},"canonical":"https:\/\/dpress.ma\/fr\/2023\/01\/28\/anapec-coup-denvoi-du-nouveau-plan-strategique\/","og_locale":"fr_FR","og_type":"article","og_title":"ANAPEC: coup d\u2019envoi du nouveau plan strat\u00e9gique - Dpress.ma\/fr","og_description":"Le ministre de l\u2019Inclusion \u00e9conomique, de la Petite entreprise, de l\u2019Emploi et des comp\u00e9tences, Younes Sekkouri, a donn\u00e9 le coup d\u2019envoi du nouveau plan strat\u00e9gique \u00e0 horizon 2026 de l\u2019Agence nationale de promotion des emplois et des comp\u00e9tences (ANAPEC) et ce, lors du Conseil d\u2019administration de l\u2019Agence, r\u00e9uni jeudi \u00e0 Rabat.","og_url":"https:\/\/dpress.ma\/fr\/2023\/01\/28\/anapec-coup-denvoi-du-nouveau-plan-strategique\/","og_site_name":"Dpress.ma\/fr","article_published_time":"2023-01-28T09:43:30+00:00","article_modified_time":"2023-01-28T09:43:31+00:00","og_image":[{"width":2539,"height":1594,"url":"https:\/\/dpress.ma\/fr\/wp-content\/uploads\/sites\/2\/2023\/01\/dimensions2-65.jpg","type":"image\/jpeg"}],"author":"Dpress.ma","twitter_card":"summary_large_image","twitter_misc":{"\u00c9crit par":"Dpress.ma","Dur\u00e9e de lecture estim\u00e9e":"4 minutes"},"schema":{"@context":"https:\/\/schema.org","@graph":[{"@type":"Article","@id":"https:\/\/dpress.ma\/fr\/2023\/01\/28\/anapec-coup-denvoi-du-nouveau-plan-strategique\/#article","isPartOf":{"@id":"https:\/\/dpress.ma\/fr\/2023\/01\/28\/anapec-coup-denvoi-du-nouveau-plan-strategique\/"},"author":{"name":"Dpress.ma","@id":"https:\/\/dpress.ma\/fr\/#\/schema\/person\/4898febf3ccd59e6578d838656a306a0"},"headline":"ANAPEC: coup d\u2019envoi du nouveau plan strat\u00e9gique","datePublished":"2023-01-28T09:43:30+00:00","dateModified":"2023-01-28T09:43:31+00:00","mainEntityOfPage":{"@id":"https:\/\/dpress.ma\/fr\/2023\/01\/28\/anapec-coup-denvoi-du-nouveau-plan-strategique\/"},"wordCount":874,"commentCount":0,"image":{"@id":"https:\/\/dpress.ma\/fr\/2023\/01\/28\/anapec-coup-denvoi-du-nouveau-plan-strategique\/#primaryimage"},"thumbnailUrl":"https:\/\/dpress.ma\/fr\/wp-content\/uploads\/sites\/2\/2023\/01\/dimensions2-65.jpg","articleSection":["\u00c9conomie"],"inLanguage":"fr-FR","potentialAction":[{"@type":"CommentAction","name":"Comment","target":["https:\/\/dpress.ma\/fr\/2023\/01\/28\/anapec-coup-denvoi-du-nouveau-plan-strategique\/#respond"]}]},{"@type":"WebPage","@id":"https:\/\/dpress.ma\/fr\/2023\/01\/28\/anapec-coup-denvoi-du-nouveau-plan-strategique\/","url":"https:\/\/dpress.ma\/fr\/2023\/01\/28\/anapec-coup-denvoi-du-nouveau-plan-strategique\/","name":"ANAPEC: coup d\u2019envoi du nouveau plan strat\u00e9gique - Dpress.ma\/fr","isPartOf":{"@id":"https:\/\/dpress.ma\/fr\/#website"},"primaryImageOfPage":{"@id":"https:\/\/dpress.ma\/fr\/2023\/01\/28\/anapec-coup-denvoi-du-nouveau-plan-strategique\/#primaryimage"},"image":{"@id":"https:\/\/dpress.ma\/fr\/2023\/01\/28\/anapec-coup-denvoi-du-nouveau-plan-strategique\/#primaryimage"},"thumbnailUrl":"https:\/\/dpress.ma\/fr\/wp-content\/uploads\/sites\/2\/2023\/01\/dimensions2-65.jpg","datePublished":"2023-01-28T09:43:30+00:00","dateModified":"2023-01-28T09:43:31+00:00","author":{"@id":"https:\/\/dpress.ma\/fr\/#\/schema\/person\/4898febf3ccd59e6578d838656a306a0"},"description":"Le ministre de l\u2019Inclusion \u00e9conomique, de la Petite entreprise, de l\u2019Emploi et des comp\u00e9tences, Younes Sekkouri, a donn\u00e9 le coup d\u2019envoi du nouveau plan strat\u00e9gique \u00e0 horizon 2026 de l\u2019Agence nationale de promotion des emplois et des comp\u00e9tences (ANAPEC) et ce, lors du Conseil d\u2019administration de l\u2019Agence, r\u00e9uni jeudi \u00e0 Rabat.","breadcrumb":{"@id":"https:\/\/dpress.ma\/fr\/2023\/01\/28\/anapec-coup-denvoi-du-nouveau-plan-strategique\/#breadcrumb"},"inLanguage":"fr-FR","potentialAction":[{"@type":"ReadAction","target":["https:\/\/dpress.ma\/fr\/2023\/01\/28\/anapec-coup-denvoi-du-nouveau-plan-strategique\/"]}]},{"@type":"ImageObject","inLanguage":"fr-FR","@id":"https:\/\/dpress.ma\/fr\/2023\/01\/28\/anapec-coup-denvoi-du-nouveau-plan-strategique\/#primaryimage","url":"https:\/\/dpress.ma\/fr\/wp-content\/uploads\/sites\/2\/2023\/01\/dimensions2-65.jpg","contentUrl":"https:\/\/dpress.ma\/fr\/wp-content\/uploads\/sites\/2\/2023\/01\/dimensions2-65.jpg","width":2539,"height":1594},{"@type":"BreadcrumbList","@id":"https:\/\/dpress.ma\/fr\/2023\/01\/28\/anapec-coup-denvoi-du-nouveau-plan-strategique\/#breadcrumb","itemListElement":[{"@type":"ListItem","position":1,"name":"Home","item":"https:\/\/dpress.ma\/fr\/"},{"@type":"ListItem","position":2,"name":"ANAPEC: coup d\u2019envoi du nouveau plan strat\u00e9gique"}]},{"@type":"WebSite","@id":"https:\/\/dpress.ma\/fr\/#website","url":"https:\/\/dpress.ma\/fr\/","name":"Dpress.ma\/fr","description":"","potentialAction":[{"@type":"SearchAction","target":{"@type":"EntryPoint","urlTemplate":"https:\/\/dpress.ma\/fr\/?s={search_term_string}"},"query-input":{"@type":"PropertyValueSpecification","valueRequired":true,"valueName":"search_term_string"}}],"inLanguage":"fr-FR"},{"@type":"Person","@id":"https:\/\/dpress.ma\/fr\/#\/schema\/person\/4898febf3ccd59e6578d838656a306a0","name":"Dpress.ma","image":{"@type":"ImageObject","inLanguage":"fr-FR","@id":"https:\/\/secure.gravatar.com\/avatar\/72ecc30e9db047a2e0e7176561eb9d564ed77c8108376495b19bd8336405198a?s=96&d=mm&r=g","url":"https:\/\/secure.gravatar.com\/avatar\/72ecc30e9db047a2e0e7176561eb9d564ed77c8108376495b19bd8336405198a?s=96&d=mm&r=g","contentUrl":"https:\/\/secure.gravatar.com\/avatar\/72ecc30e9db047a2e0e7176561eb9d564ed77c8108376495b19bd8336405198a?s=96&d=mm&r=g","caption":"Dpress.ma"},"sameAs":["https:\/\/www.dpress.ma"],"url":"https:\/\/dpress.ma\/fr\/author\/dpress-ma\/"}]}},"amp_enabled":true,"_links":{"self":[{"href":"https:\/\/dpress.ma\/fr\/wp-json\/wp\/v2\/posts\/3411","targetHints":{"allow":["GET"]}}],"collection":[{"href":"https:\/\/dpress.ma\/fr\/wp-json\/wp\/v2\/posts"}],"about":[{"href":"https:\/\/dpress.ma\/fr\/wp-json\/wp\/v2\/types\/post"}],"author":[{"embeddable":true,"href":"https:\/\/dpress.ma\/fr\/wp-json\/wp\/v2\/users\/2"}],"replies":[{"embeddable":true,"href":"https:\/\/dpress.ma\/fr\/wp-json\/wp\/v2\/comments?post=3411"}],"version-history":[{"count":1,"href":"https:\/\/dpress.ma\/fr\/wp-json\/wp\/v2\/posts\/3411\/revisions"}],"predecessor-version":[{"id":3413,"href":"https:\/\/dpress.ma\/fr\/wp-json\/wp\/v2\/posts\/3411\/revisions\/3413"}],"wp:featuredmedia":[{"embeddable":true,"href":"https:\/\/dpress.ma\/fr\/wp-json\/wp\/v2\/media\/3412"}],"wp:attachment":[{"href":"https:\/\/dpress.ma\/fr\/wp-json\/wp\/v2\/media?parent=3411"}],"wp:term":[{"taxonomy":"category","embeddable":true,"href":"https:\/\/dpress.ma\/fr\/wp-json\/wp\/v2\/categories?post=3411"},{"taxonomy":"post_tag","embeddable":true,"href":"https:\/\/dpress.ma\/fr\/wp-json\/wp\/v2\/tags?post=3411"}],"curies":[{"name":"wp","href":"https:\/\/api.w.org\/{rel}","templated":true}]}}