{"id":3398,"date":"2023-01-27T14:13:30","date_gmt":"2023-01-27T14:13:30","guid":{"rendered":"https:\/\/dpress.ma\/fr\/?p=3398"},"modified":"2023-01-27T14:13:31","modified_gmt":"2023-01-27T14:13:31","slug":"mme-fettah-leconomie-structuree-du-maroc-a-permis-de-faire-face-aux-crises-successives","status":"publish","type":"post","link":"https:\/\/dpress.ma\/fr\/2023\/01\/27\/mme-fettah-leconomie-structuree-du-maroc-a-permis-de-faire-face-aux-crises-successives\/","title":{"rendered":"Mme Fettah: L&rsquo;\u00e9conomie structur\u00e9e du Maroc a permis de faire face aux crises successives"},"content":{"rendered":"\n<p>Dpress<\/p>\n\n\n\n<p>L&rsquo;\u00e9conomie structur\u00e9e et le syst\u00e8me de cr\u00e9ation de valeur et de croissance ont permis au Maroc de faire face aux crises successives, a affirm\u00e9, jeudi \u00e0 Casablanca, la ministre de l\u2019Economie et des Finances, Nadia Fettah Alaoui.<\/p>\n\n\n\n<p>Face aux multiples crises qui frappent l\u2019\u00e9conomie mondiale, la politique fiscale a constitu\u00e9 une r\u00e9ponse, a soulign\u00e9 Mme Fettah qui intervenait lors d\u2019une conf\u00e9rence organis\u00e9e sous le th\u00e8me \u00ab\u00a0Inflation, croissance, contraintes sociales\u2026Comment sera l\u2019ann\u00e9e 2023 ?\u00a0\u00bb par \u00ab\u00a0La Vie \u00e9co\u00a0\u00bb dans le cadre de son cycle de d\u00e9bats \u00e9conomiques.<br><br>\u00c9voquant l\u2019uniformisation de la base fiscale des soci\u00e9t\u00e9s ayant obtenu le statut CFC, la ministre a pr\u00e9cis\u00e9 que cette mesure r\u00e9pond aux normes internationales en mati\u00e8re de gouvernance fiscale, notant que les taux d\u2019impositions fiscales demeurent raisonnables, et que toutes les entreprises devront faire preuve de responsabilit\u00e9, payer leurs imp\u00f4ts et cr\u00e9er de la valeur pour que l\u2019\u00e9conomie puisse surmonter cette p\u00e9riode difficile.<br><br>Dans ce sens, Mme Fettah a fait part de la volont\u00e9 de son d\u00e9partement d\u2019\u00e9largir l&rsquo;assiette pour pr\u00e9server les finances publiques tout en \u0153uvrant pour r\u00e9duire la pression fiscale.<br><br>\u00ab\u00a0Outre les investissements productifs au niveau financier, il y a des investissements avec des impacts \u00e0 moyen terme qui font partie des choix strat\u00e9giques de l\u2019Etat notamment dans le domaine de la sant\u00e9 et de l\u2019\u00e9ducation\u00a0\u00bb, a fait valoir la ministre, exhortant les op\u00e9rateurs du secteur priv\u00e9 \u00e0 envisager des investissement dans ces domaines qui affectent de nombreuses dimensions du d\u00e9veloppement.<br><br>Pour sa part, Mehdi El Fakir, \u00e9conomiste sp\u00e9cialis\u00e9 dans l\u2019\u00e9valuation des politiques publiques, a relev\u00e9 que la strat\u00e9gie du Maroc visant \u00e0 r\u00e9aliser l\u2019ind\u00e9pendance vis \u00e0 vis des institutions financi\u00e8res internationales est tr\u00e8s louable et constitue un point fort de sa souverainet\u00e9 \u00e9conomique, ajoutant que la fiscalit\u00e9 devrait avant tout permettre le financement des chantiers entrepris par l\u2019Etat.<br><br>Pour sa part, le vice-pr\u00e9sident de la Conf\u00e9d\u00e9ration g\u00e9n\u00e9rale des entreprises du Maroc (CGEM), Mehdi Tazi, a indiqu\u00e9 que la s\u00e9rie de mesures de soutien mise en place par le gouvernement marocain a permis de ma\u00eetriser le taux d\u2019inflation et de r\u00e9aliser de nombreux exploits, malgr\u00e9 les chocs cumul\u00e9s depuis l\u2019ann\u00e9e 2020.<br><br>M. Tazi a rappel\u00e9 que le Royaume a r\u00e9alis\u00e9 une bonne performance en termes d\u2019investissement et d\u2019emploi, notamment avec le renforcement des capacit\u00e9s de formation et le d\u00e9veloppement des comp\u00e9tences dans le domaine des technologies, la cr\u00e9ation des emplois de qualit\u00e9 dans le secteur des services, et la nouvelle Charte de l&rsquo;investissement qui vise \u00e0 inverser la r\u00e9partition actuelle entre le public et le priv\u00e9, afin que l&rsquo;investissement priv\u00e9, qui repr\u00e9sente actuellement un tiers de l&rsquo;investissement global, atteigne les deux tiers \u00e0 l&rsquo;horizon 2035.<br><br>\u00ab\u00a0L\u2019\u00e9conomie marocaine est capable de se relancer en 2023, car en d\u00e9pit du contexte mondial, on a des chantiers structurants, tels que la g\u00e9n\u00e9ralisation de la protection sociale, la r\u00e9forme fiscale, la r\u00e9habilitation du syst\u00e8me de sant\u00e9, la promotion de l\u2019investissement et l\u2019int\u00e9gration du secteur informel\u00a0\u00bb, a-t-il poursuivi, notant que les op\u00e9rateurs priv\u00e9s sont appel\u00e9s \u00e0 investir dans ces projets au m\u00eame titre que l\u2019Etat afin d\u2019\u00e9lever le niveau social de l\u2019ensemble des Marocains.<br><br>Pour ce qui est de la probl\u00e9matique de l\u2019eau et de l\u2019\u00e9nergie, M. Tazi a fait savoir que les projets hydrauliques n\u00e9cessiteront quelques ann\u00e9es et que le Maroc est sur la bonne voie en termes de pr\u00e9vention de risques environnementaux et de r\u00e9duction des co\u00fbts de l\u2019\u00e9nergie.<br><br>De son c\u00f4t\u00e9, Moncef Derkaoui, directeur des \u00c9tudes et des pr\u00e9visions financi\u00e8res, a mis en avant la \u00ab\u00a0r\u00e9silience confirm\u00e9e de l\u2019activit\u00e9 \u00e9conomique marocaine\u00a0\u00bb, port\u00e9e par plusieurs secteurs, dont l\u2019agriculture, qui a enregistr\u00e9 une performance remarquable en mati\u00e8re d\u2019exportations agricoles et agro-alimentaires en 2022.<br><br>Et d\u2019ajouter que la compagne agricole 2022-2023 a \u00e9t\u00e9 entam\u00e9e dans des conditions climatiques difficiles, mais les pr\u00e9cipitations intervenues en novembre, d\u00e9cembre et janvier ont permis aux barrages d\u2019enregistrer, le 19 janvier, un taux de remplissages d\u2019environ 31,6%.<br><br>La r\u00e9silience \u00e9conomique du pays a \u00e9t\u00e9 \u00e9galement port\u00e9e par le secteur de la p\u00eache qui a connu une \u00e9volution globalement favorable en valeur et en volume, la fili\u00e8re de l\u2019\u00e9nergie qui a enregistr\u00e9 une \u00e9volution positive et de la production et de la consommation, le secteur de l\u2019industrie ayant connu un redressement de la valeur ajout\u00e9e au T3 de l\u2019ann\u00e9e 2022, et le recouvrement remarquable du tourisme, a-t-il conclu.<\/p>\n","protected":false},"excerpt":{"rendered":"<p>Dpress L&rsquo;\u00e9conomie structur\u00e9e et le syst\u00e8me de cr\u00e9ation de valeur et de croissance ont permis au Maroc de faire face aux crises successives, a affirm\u00e9, jeudi \u00e0 Casablanca, la ministre de l\u2019Economie et des Finances, Nadia Fettah Alaoui. Face aux multiples crises qui frappent l\u2019\u00e9conomie mondiale, la politique fiscale a constitu\u00e9 une r\u00e9ponse, a soulign\u00e9 &hellip;<\/p>\n","protected":false},"author":2,"featured_media":2863,"comment_status":"open","ping_status":"open","sticky":false,"template":"","format":"standard","meta":{"footnotes":""},"categories":[25],"tags":[],"class_list":["post-3398","post","type-post","status-publish","format-standard","has-post-thumbnail","hentry","category-economie"],"yoast_head":"<!-- This site is optimized with the Yoast SEO plugin v27.5 - https:\/\/yoast.com\/product\/yoast-seo-wordpress\/ -->\n<title>Mme Fettah: L&#039;\u00e9conomie structur\u00e9e du Maroc a permis de faire face aux crises successives - Dpress.ma\/fr<\/title>\n<meta name=\"description\" content=\"L&#039;\u00e9conomie structur\u00e9e et le syst\u00e8me de cr\u00e9ation de valeur et de croissance ont permis au Maroc de faire face aux crises successives, a affirm\u00e9, jeudi \u00e0 Casablanca, la ministre de l\u2019Economie et des Finances, Nadia Fettah Alaoui.\" \/>\n<meta name=\"robots\" content=\"index, follow, max-snippet:-1, max-image-preview:large, max-video-preview:-1\" \/>\n<link rel=\"canonical\" href=\"https:\/\/dpress.ma\/fr\/2023\/01\/27\/mme-fettah-leconomie-structuree-du-maroc-a-permis-de-faire-face-aux-crises-successives\/\" \/>\n<meta property=\"og:locale\" content=\"fr_FR\" \/>\n<meta property=\"og:type\" content=\"article\" \/>\n<meta property=\"og:title\" content=\"Mme Fettah: L&#039;\u00e9conomie structur\u00e9e du Maroc a permis de faire face aux crises successives - Dpress.ma\/fr\" \/>\n<meta property=\"og:description\" content=\"L&#039;\u00e9conomie structur\u00e9e et le syst\u00e8me de cr\u00e9ation de valeur et de croissance ont permis au Maroc de faire face aux crises successives, a affirm\u00e9, jeudi \u00e0 Casablanca, la ministre de l\u2019Economie et des Finances, Nadia Fettah Alaoui.\" \/>\n<meta property=\"og:url\" content=\"https:\/\/dpress.ma\/fr\/2023\/01\/27\/mme-fettah-leconomie-structuree-du-maroc-a-permis-de-faire-face-aux-crises-successives\/\" \/>\n<meta property=\"og:site_name\" content=\"Dpress.ma\/fr\" \/>\n<meta property=\"article:published_time\" content=\"2023-01-27T14:13:30+00:00\" \/>\n<meta property=\"article:modified_time\" content=\"2023-01-27T14:13:31+00:00\" \/>\n<meta property=\"og:image\" content=\"https:\/\/dpress.ma\/fr\/wp-content\/uploads\/sites\/2\/2022\/12\/dimensions2-39.jpg\" \/>\n\t<meta property=\"og:image:width\" content=\"2539\" \/>\n\t<meta property=\"og:image:height\" content=\"1594\" \/>\n\t<meta property=\"og:image:type\" content=\"image\/jpeg\" \/>\n<meta name=\"author\" content=\"Dpress.ma\" \/>\n<meta name=\"twitter:card\" content=\"summary_large_image\" \/>\n<meta name=\"twitter:label1\" content=\"\u00c9crit par\" \/>\n\t<meta name=\"twitter:data1\" content=\"Dpress.ma\" \/>\n\t<meta name=\"twitter:label2\" content=\"Dur\u00e9e de lecture estim\u00e9e\" \/>\n\t<meta name=\"twitter:data2\" content=\"4 minutes\" \/>\n<script type=\"application\/ld+json\" class=\"yoast-schema-graph\">{\"@context\":\"https:\\\/\\\/schema.org\",\"@graph\":[{\"@type\":\"Article\",\"@id\":\"https:\\\/\\\/dpress.ma\\\/fr\\\/2023\\\/01\\\/27\\\/mme-fettah-leconomie-structuree-du-maroc-a-permis-de-faire-face-aux-crises-successives\\\/#article\",\"isPartOf\":{\"@id\":\"https:\\\/\\\/dpress.ma\\\/fr\\\/2023\\\/01\\\/27\\\/mme-fettah-leconomie-structuree-du-maroc-a-permis-de-faire-face-aux-crises-successives\\\/\"},\"author\":{\"name\":\"Dpress.ma\",\"@id\":\"https:\\\/\\\/dpress.ma\\\/fr\\\/#\\\/schema\\\/person\\\/4898febf3ccd59e6578d838656a306a0\"},\"headline\":\"Mme Fettah: L&rsquo;\u00e9conomie structur\u00e9e du Maroc a permis de faire face aux crises successives\",\"datePublished\":\"2023-01-27T14:13:30+00:00\",\"dateModified\":\"2023-01-27T14:13:31+00:00\",\"mainEntityOfPage\":{\"@id\":\"https:\\\/\\\/dpress.ma\\\/fr\\\/2023\\\/01\\\/27\\\/mme-fettah-leconomie-structuree-du-maroc-a-permis-de-faire-face-aux-crises-successives\\\/\"},\"wordCount\":821,\"commentCount\":0,\"image\":{\"@id\":\"https:\\\/\\\/dpress.ma\\\/fr\\\/2023\\\/01\\\/27\\\/mme-fettah-leconomie-structuree-du-maroc-a-permis-de-faire-face-aux-crises-successives\\\/#primaryimage\"},\"thumbnailUrl\":\"https:\\\/\\\/dpress.ma\\\/fr\\\/wp-content\\\/uploads\\\/sites\\\/2\\\/2022\\\/12\\\/dimensions2-39.jpg\",\"articleSection\":[\"\u00c9conomie\"],\"inLanguage\":\"fr-FR\",\"potentialAction\":[{\"@type\":\"CommentAction\",\"name\":\"Comment\",\"target\":[\"https:\\\/\\\/dpress.ma\\\/fr\\\/2023\\\/01\\\/27\\\/mme-fettah-leconomie-structuree-du-maroc-a-permis-de-faire-face-aux-crises-successives\\\/#respond\"]}]},{\"@type\":\"WebPage\",\"@id\":\"https:\\\/\\\/dpress.ma\\\/fr\\\/2023\\\/01\\\/27\\\/mme-fettah-leconomie-structuree-du-maroc-a-permis-de-faire-face-aux-crises-successives\\\/\",\"url\":\"https:\\\/\\\/dpress.ma\\\/fr\\\/2023\\\/01\\\/27\\\/mme-fettah-leconomie-structuree-du-maroc-a-permis-de-faire-face-aux-crises-successives\\\/\",\"name\":\"Mme Fettah: L'\u00e9conomie structur\u00e9e du Maroc a permis de faire face aux crises successives - Dpress.ma\\\/fr\",\"isPartOf\":{\"@id\":\"https:\\\/\\\/dpress.ma\\\/fr\\\/#website\"},\"primaryImageOfPage\":{\"@id\":\"https:\\\/\\\/dpress.ma\\\/fr\\\/2023\\\/01\\\/27\\\/mme-fettah-leconomie-structuree-du-maroc-a-permis-de-faire-face-aux-crises-successives\\\/#primaryimage\"},\"image\":{\"@id\":\"https:\\\/\\\/dpress.ma\\\/fr\\\/2023\\\/01\\\/27\\\/mme-fettah-leconomie-structuree-du-maroc-a-permis-de-faire-face-aux-crises-successives\\\/#primaryimage\"},\"thumbnailUrl\":\"https:\\\/\\\/dpress.ma\\\/fr\\\/wp-content\\\/uploads\\\/sites\\\/2\\\/2022\\\/12\\\/dimensions2-39.jpg\",\"datePublished\":\"2023-01-27T14:13:30+00:00\",\"dateModified\":\"2023-01-27T14:13:31+00:00\",\"author\":{\"@id\":\"https:\\\/\\\/dpress.ma\\\/fr\\\/#\\\/schema\\\/person\\\/4898febf3ccd59e6578d838656a306a0\"},\"description\":\"L'\u00e9conomie structur\u00e9e et le syst\u00e8me de cr\u00e9ation de valeur et de croissance ont permis au Maroc de faire face aux crises successives, a affirm\u00e9, jeudi \u00e0 Casablanca, la ministre de l\u2019Economie et des Finances, Nadia Fettah Alaoui.\",\"breadcrumb\":{\"@id\":\"https:\\\/\\\/dpress.ma\\\/fr\\\/2023\\\/01\\\/27\\\/mme-fettah-leconomie-structuree-du-maroc-a-permis-de-faire-face-aux-crises-successives\\\/#breadcrumb\"},\"inLanguage\":\"fr-FR\",\"potentialAction\":[{\"@type\":\"ReadAction\",\"target\":[\"https:\\\/\\\/dpress.ma\\\/fr\\\/2023\\\/01\\\/27\\\/mme-fettah-leconomie-structuree-du-maroc-a-permis-de-faire-face-aux-crises-successives\\\/\"]}]},{\"@type\":\"ImageObject\",\"inLanguage\":\"fr-FR\",\"@id\":\"https:\\\/\\\/dpress.ma\\\/fr\\\/2023\\\/01\\\/27\\\/mme-fettah-leconomie-structuree-du-maroc-a-permis-de-faire-face-aux-crises-successives\\\/#primaryimage\",\"url\":\"https:\\\/\\\/dpress.ma\\\/fr\\\/wp-content\\\/uploads\\\/sites\\\/2\\\/2022\\\/12\\\/dimensions2-39.jpg\",\"contentUrl\":\"https:\\\/\\\/dpress.ma\\\/fr\\\/wp-content\\\/uploads\\\/sites\\\/2\\\/2022\\\/12\\\/dimensions2-39.jpg\",\"width\":2539,\"height\":1594},{\"@type\":\"BreadcrumbList\",\"@id\":\"https:\\\/\\\/dpress.ma\\\/fr\\\/2023\\\/01\\\/27\\\/mme-fettah-leconomie-structuree-du-maroc-a-permis-de-faire-face-aux-crises-successives\\\/#breadcrumb\",\"itemListElement\":[{\"@type\":\"ListItem\",\"position\":1,\"name\":\"Home\",\"item\":\"https:\\\/\\\/dpress.ma\\\/fr\\\/\"},{\"@type\":\"ListItem\",\"position\":2,\"name\":\"Mme Fettah: L&#8217;\u00e9conomie structur\u00e9e du Maroc a permis de faire face aux crises successives\"}]},{\"@type\":\"WebSite\",\"@id\":\"https:\\\/\\\/dpress.ma\\\/fr\\\/#website\",\"url\":\"https:\\\/\\\/dpress.ma\\\/fr\\\/\",\"name\":\"Dpress.ma\\\/fr\",\"description\":\"\",\"potentialAction\":[{\"@type\":\"SearchAction\",\"target\":{\"@type\":\"EntryPoint\",\"urlTemplate\":\"https:\\\/\\\/dpress.ma\\\/fr\\\/?s={search_term_string}\"},\"query-input\":{\"@type\":\"PropertyValueSpecification\",\"valueRequired\":true,\"valueName\":\"search_term_string\"}}],\"inLanguage\":\"fr-FR\"},{\"@type\":\"Person\",\"@id\":\"https:\\\/\\\/dpress.ma\\\/fr\\\/#\\\/schema\\\/person\\\/4898febf3ccd59e6578d838656a306a0\",\"name\":\"Dpress.ma\",\"image\":{\"@type\":\"ImageObject\",\"inLanguage\":\"fr-FR\",\"@id\":\"https:\\\/\\\/secure.gravatar.com\\\/avatar\\\/72ecc30e9db047a2e0e7176561eb9d564ed77c8108376495b19bd8336405198a?s=96&d=mm&r=g\",\"url\":\"https:\\\/\\\/secure.gravatar.com\\\/avatar\\\/72ecc30e9db047a2e0e7176561eb9d564ed77c8108376495b19bd8336405198a?s=96&d=mm&r=g\",\"contentUrl\":\"https:\\\/\\\/secure.gravatar.com\\\/avatar\\\/72ecc30e9db047a2e0e7176561eb9d564ed77c8108376495b19bd8336405198a?s=96&d=mm&r=g\",\"caption\":\"Dpress.ma\"},\"sameAs\":[\"https:\\\/\\\/www.dpress.ma\"],\"url\":\"https:\\\/\\\/dpress.ma\\\/fr\\\/author\\\/dpress-ma\\\/\"}]}<\/script>\n<!-- \/ Yoast SEO plugin. -->","yoast_head_json":{"title":"Mme Fettah: L'\u00e9conomie structur\u00e9e du Maroc a permis de faire face aux crises successives - Dpress.ma\/fr","description":"L'\u00e9conomie structur\u00e9e et le syst\u00e8me de cr\u00e9ation de valeur et de croissance ont permis au Maroc de faire face aux crises successives, a affirm\u00e9, jeudi \u00e0 Casablanca, la ministre de l\u2019Economie et des Finances, Nadia Fettah Alaoui.","robots":{"index":"index","follow":"follow","max-snippet":"max-snippet:-1","max-image-preview":"max-image-preview:large","max-video-preview":"max-video-preview:-1"},"canonical":"https:\/\/dpress.ma\/fr\/2023\/01\/27\/mme-fettah-leconomie-structuree-du-maroc-a-permis-de-faire-face-aux-crises-successives\/","og_locale":"fr_FR","og_type":"article","og_title":"Mme Fettah: L'\u00e9conomie structur\u00e9e du Maroc a permis de faire face aux crises successives - Dpress.ma\/fr","og_description":"L'\u00e9conomie structur\u00e9e et le syst\u00e8me de cr\u00e9ation de valeur et de croissance ont permis au Maroc de faire face aux crises successives, a affirm\u00e9, jeudi \u00e0 Casablanca, la ministre de l\u2019Economie et des Finances, Nadia Fettah Alaoui.","og_url":"https:\/\/dpress.ma\/fr\/2023\/01\/27\/mme-fettah-leconomie-structuree-du-maroc-a-permis-de-faire-face-aux-crises-successives\/","og_site_name":"Dpress.ma\/fr","article_published_time":"2023-01-27T14:13:30+00:00","article_modified_time":"2023-01-27T14:13:31+00:00","og_image":[{"width":2539,"height":1594,"url":"https:\/\/dpress.ma\/fr\/wp-content\/uploads\/sites\/2\/2022\/12\/dimensions2-39.jpg","type":"image\/jpeg"}],"author":"Dpress.ma","twitter_card":"summary_large_image","twitter_misc":{"\u00c9crit par":"Dpress.ma","Dur\u00e9e de lecture estim\u00e9e":"4 minutes"},"schema":{"@context":"https:\/\/schema.org","@graph":[{"@type":"Article","@id":"https:\/\/dpress.ma\/fr\/2023\/01\/27\/mme-fettah-leconomie-structuree-du-maroc-a-permis-de-faire-face-aux-crises-successives\/#article","isPartOf":{"@id":"https:\/\/dpress.ma\/fr\/2023\/01\/27\/mme-fettah-leconomie-structuree-du-maroc-a-permis-de-faire-face-aux-crises-successives\/"},"author":{"name":"Dpress.ma","@id":"https:\/\/dpress.ma\/fr\/#\/schema\/person\/4898febf3ccd59e6578d838656a306a0"},"headline":"Mme Fettah: L&rsquo;\u00e9conomie structur\u00e9e du Maroc a permis de faire face aux crises successives","datePublished":"2023-01-27T14:13:30+00:00","dateModified":"2023-01-27T14:13:31+00:00","mainEntityOfPage":{"@id":"https:\/\/dpress.ma\/fr\/2023\/01\/27\/mme-fettah-leconomie-structuree-du-maroc-a-permis-de-faire-face-aux-crises-successives\/"},"wordCount":821,"commentCount":0,"image":{"@id":"https:\/\/dpress.ma\/fr\/2023\/01\/27\/mme-fettah-leconomie-structuree-du-maroc-a-permis-de-faire-face-aux-crises-successives\/#primaryimage"},"thumbnailUrl":"https:\/\/dpress.ma\/fr\/wp-content\/uploads\/sites\/2\/2022\/12\/dimensions2-39.jpg","articleSection":["\u00c9conomie"],"inLanguage":"fr-FR","potentialAction":[{"@type":"CommentAction","name":"Comment","target":["https:\/\/dpress.ma\/fr\/2023\/01\/27\/mme-fettah-leconomie-structuree-du-maroc-a-permis-de-faire-face-aux-crises-successives\/#respond"]}]},{"@type":"WebPage","@id":"https:\/\/dpress.ma\/fr\/2023\/01\/27\/mme-fettah-leconomie-structuree-du-maroc-a-permis-de-faire-face-aux-crises-successives\/","url":"https:\/\/dpress.ma\/fr\/2023\/01\/27\/mme-fettah-leconomie-structuree-du-maroc-a-permis-de-faire-face-aux-crises-successives\/","name":"Mme Fettah: L'\u00e9conomie structur\u00e9e du Maroc a permis de faire face aux crises successives - Dpress.ma\/fr","isPartOf":{"@id":"https:\/\/dpress.ma\/fr\/#website"},"primaryImageOfPage":{"@id":"https:\/\/dpress.ma\/fr\/2023\/01\/27\/mme-fettah-leconomie-structuree-du-maroc-a-permis-de-faire-face-aux-crises-successives\/#primaryimage"},"image":{"@id":"https:\/\/dpress.ma\/fr\/2023\/01\/27\/mme-fettah-leconomie-structuree-du-maroc-a-permis-de-faire-face-aux-crises-successives\/#primaryimage"},"thumbnailUrl":"https:\/\/dpress.ma\/fr\/wp-content\/uploads\/sites\/2\/2022\/12\/dimensions2-39.jpg","datePublished":"2023-01-27T14:13:30+00:00","dateModified":"2023-01-27T14:13:31+00:00","author":{"@id":"https:\/\/dpress.ma\/fr\/#\/schema\/person\/4898febf3ccd59e6578d838656a306a0"},"description":"L'\u00e9conomie structur\u00e9e et le syst\u00e8me de cr\u00e9ation de valeur et de croissance ont permis au Maroc de faire face aux crises successives, a affirm\u00e9, jeudi \u00e0 Casablanca, la ministre de l\u2019Economie et des Finances, Nadia Fettah Alaoui.","breadcrumb":{"@id":"https:\/\/dpress.ma\/fr\/2023\/01\/27\/mme-fettah-leconomie-structuree-du-maroc-a-permis-de-faire-face-aux-crises-successives\/#breadcrumb"},"inLanguage":"fr-FR","potentialAction":[{"@type":"ReadAction","target":["https:\/\/dpress.ma\/fr\/2023\/01\/27\/mme-fettah-leconomie-structuree-du-maroc-a-permis-de-faire-face-aux-crises-successives\/"]}]},{"@type":"ImageObject","inLanguage":"fr-FR","@id":"https:\/\/dpress.ma\/fr\/2023\/01\/27\/mme-fettah-leconomie-structuree-du-maroc-a-permis-de-faire-face-aux-crises-successives\/#primaryimage","url":"https:\/\/dpress.ma\/fr\/wp-content\/uploads\/sites\/2\/2022\/12\/dimensions2-39.jpg","contentUrl":"https:\/\/dpress.ma\/fr\/wp-content\/uploads\/sites\/2\/2022\/12\/dimensions2-39.jpg","width":2539,"height":1594},{"@type":"BreadcrumbList","@id":"https:\/\/dpress.ma\/fr\/2023\/01\/27\/mme-fettah-leconomie-structuree-du-maroc-a-permis-de-faire-face-aux-crises-successives\/#breadcrumb","itemListElement":[{"@type":"ListItem","position":1,"name":"Home","item":"https:\/\/dpress.ma\/fr\/"},{"@type":"ListItem","position":2,"name":"Mme Fettah: L&#8217;\u00e9conomie structur\u00e9e du Maroc a permis de faire face aux crises successives"}]},{"@type":"WebSite","@id":"https:\/\/dpress.ma\/fr\/#website","url":"https:\/\/dpress.ma\/fr\/","name":"Dpress.ma\/fr","description":"","potentialAction":[{"@type":"SearchAction","target":{"@type":"EntryPoint","urlTemplate":"https:\/\/dpress.ma\/fr\/?s={search_term_string}"},"query-input":{"@type":"PropertyValueSpecification","valueRequired":true,"valueName":"search_term_string"}}],"inLanguage":"fr-FR"},{"@type":"Person","@id":"https:\/\/dpress.ma\/fr\/#\/schema\/person\/4898febf3ccd59e6578d838656a306a0","name":"Dpress.ma","image":{"@type":"ImageObject","inLanguage":"fr-FR","@id":"https:\/\/secure.gravatar.com\/avatar\/72ecc30e9db047a2e0e7176561eb9d564ed77c8108376495b19bd8336405198a?s=96&d=mm&r=g","url":"https:\/\/secure.gravatar.com\/avatar\/72ecc30e9db047a2e0e7176561eb9d564ed77c8108376495b19bd8336405198a?s=96&d=mm&r=g","contentUrl":"https:\/\/secure.gravatar.com\/avatar\/72ecc30e9db047a2e0e7176561eb9d564ed77c8108376495b19bd8336405198a?s=96&d=mm&r=g","caption":"Dpress.ma"},"sameAs":["https:\/\/www.dpress.ma"],"url":"https:\/\/dpress.ma\/fr\/author\/dpress-ma\/"}]}},"amp_enabled":true,"_links":{"self":[{"href":"https:\/\/dpress.ma\/fr\/wp-json\/wp\/v2\/posts\/3398","targetHints":{"allow":["GET"]}}],"collection":[{"href":"https:\/\/dpress.ma\/fr\/wp-json\/wp\/v2\/posts"}],"about":[{"href":"https:\/\/dpress.ma\/fr\/wp-json\/wp\/v2\/types\/post"}],"author":[{"embeddable":true,"href":"https:\/\/dpress.ma\/fr\/wp-json\/wp\/v2\/users\/2"}],"replies":[{"embeddable":true,"href":"https:\/\/dpress.ma\/fr\/wp-json\/wp\/v2\/comments?post=3398"}],"version-history":[{"count":1,"href":"https:\/\/dpress.ma\/fr\/wp-json\/wp\/v2\/posts\/3398\/revisions"}],"predecessor-version":[{"id":3399,"href":"https:\/\/dpress.ma\/fr\/wp-json\/wp\/v2\/posts\/3398\/revisions\/3399"}],"wp:featuredmedia":[{"embeddable":true,"href":"https:\/\/dpress.ma\/fr\/wp-json\/wp\/v2\/media\/2863"}],"wp:attachment":[{"href":"https:\/\/dpress.ma\/fr\/wp-json\/wp\/v2\/media?parent=3398"}],"wp:term":[{"taxonomy":"category","embeddable":true,"href":"https:\/\/dpress.ma\/fr\/wp-json\/wp\/v2\/categories?post=3398"},{"taxonomy":"post_tag","embeddable":true,"href":"https:\/\/dpress.ma\/fr\/wp-json\/wp\/v2\/tags?post=3398"}],"curies":[{"name":"wp","href":"https:\/\/api.w.org\/{rel}","templated":true}]}}