{"id":3351,"date":"2023-01-24T14:24:28","date_gmt":"2023-01-24T14:24:28","guid":{"rendered":"https:\/\/dpress.ma\/fr\/?p=3351"},"modified":"2023-01-24T14:24:31","modified_gmt":"2023-01-24T14:24:31","slug":"la-chambre-des-representants-adopte-deux-propositions-de-loi-relatives-a-la-nationalite-marocaine-et-aux-conditions-et-modalites-pour-beneficier-du-fonds-dentraide-familiale","status":"publish","type":"post","link":"https:\/\/dpress.ma\/fr\/2023\/01\/24\/la-chambre-des-representants-adopte-deux-propositions-de-loi-relatives-a-la-nationalite-marocaine-et-aux-conditions-et-modalites-pour-beneficier-du-fonds-dentraide-familiale\/","title":{"rendered":"La Chambre des repr\u00e9sentants adopte deux propositions de loi relatives \u00e0 la nationalit\u00e9 marocaine et aux conditions et modalit\u00e9s pour b\u00e9n\u00e9ficier du Fonds d\u2019entraide familiale"},"content":{"rendered":"\n<p>Dpress<\/p>\n\n\n\n<p>La Chambre des repr\u00e9sentants a adopt\u00e9 \u00e0 l\u2019unanimit\u00e9, lundi lors d\u2019une s\u00e9ance l\u00e9gislative, deux propositions de loi, la premi\u00e8re compl\u00e9tant l\u2019article 11 du Dahir no. 1.58.250 portant Code de la nationalit\u00e9 marocaine, et la seconde relative \u00e0 l\u2019amendement des articles 2 et 4 de la loi no. 41.10 fixant les conditions et les modalit\u00e9s pour b\u00e9n\u00e9ficier du Fonds d\u2019entraide familiale.<\/p>\n\n\n\n<p>La premi\u00e8re proposition de loi compl\u00e9tant l\u2019article 11 du Dahir no. 1.58.250 portant Code de la nationalit\u00e9 marocaine vise \u00e0 \u201cconformer les dispositions du Dahir no. 1.58.250 portant Code de la nationalit\u00e9 marocaine, notamment son article 11, avec les dispositions de la Constitution qui a fait de l\u2019amazigh une langue officielle de l\u2019Etat aux c\u00f4t\u00e9s de la langue arabe\u201d.<\/p>\n\n\n\n<p>Cette initiative l\u00e9gislative, pr\u00e9sent\u00e9e par le Groupe istiqlalien de l\u2019unit\u00e9 et de l\u2019\u00e9galitarisme, s\u2019inscrit dans le cadre de \u201cla bonne application des dispositions de la Constitution qui ont fait de l\u2019amazigh une langue officielle de l\u2019Etat, en tant que patrimoine commun \u00e0 tous les Marocains sans exception, et afin d\u2019aligner sur la Constitution les dispositions de l\u2019article 11 du Dahir no. 1.58.250 portant Code de la nationalit\u00e9 marocaine, qui fixe les conditions que doit remplir toute personne souhaitant obtenir la nationalit\u00e9 marocaine, et ce afin de donner \u00e0 l\u2019amazigh son v\u00e9ritable sens constitutionnel et assurer que la loi soit conforme avec cette nouvelle orientation constitutionnelle\u201d.<\/p>\n\n\n\n<p>Cette proposition de loi stipule que \u201cla connaissance ad\u00e9quate des langues arabe et amazigh, ou de l\u2019une d\u2019entre elles\u201d constitue l\u2019une des conditions de naturalisation exig\u00e9es par le Dahir.<\/p>\n\n\n\n<p>Lors de la m\u00eame session l\u00e9gislative, la Chambre des repr\u00e9sentants a approuv\u00e9, \u00e0 l\u2019unanimit\u00e9, une proposition de loi pr\u00e9sent\u00e9e par le groupe socialiste, visant \u00e0 modifier les articles 2 et 4 de la loi no. 41.10 fixant les conditions et les modalit\u00e9s pour b\u00e9n\u00e9ficier du Fonds d\u2019entraide familiale, stipulant explicitement que les circonstances humanitaires, \u00e9conomiques et sociales permettent aux parents n\u00e9cessiteux ayant droit \u00e0 une pension alimentaire de b\u00e9n\u00e9ficier du Fonds d\u2019entraide familiale.<\/p>\n\n\n\n<p>Cette proposition permet aux parents n\u00e9cessiteux ayant droit \u00e0 une pension alimentaire de b\u00e9n\u00e9ficier d\u2019avances financi\u00e8res allou\u00e9es par le Fonds d\u2019entraide familiale, en cas de retard dans l\u2019ex\u00e9cution de la d\u00e9cision judiciaire arr\u00eatant la pension alimentaire, ou si cette d\u00e9cision ne peut \u00eatre ex\u00e9cut\u00e9e en raison de l\u2019insolvabilit\u00e9 du condamn\u00e9 ou de l\u2019incapacit\u00e9 \u00e0 le retrouver.<\/p>\n\n\n\n<p>La proposition de loi pr\u00e9voit \u00e9galement d\u2019accorder aux parents le droit d\u2019introduire une demande pour b\u00e9n\u00e9ficier du fonds aupr\u00e8s du pr\u00e9sident du tribunal de premi\u00e8re instance qui prononce la d\u00e9cision judiciaire fixant la pension alimentaire ou qui est charg\u00e9 de l\u2019ex\u00e9cution, ou dans le ressort du tribunal dans lequel est situ\u00e9 le domicile ou le lieu de r\u00e9sidence du demandeur.<\/p>\n","protected":false},"excerpt":{"rendered":"<p>Dpress La Chambre des repr\u00e9sentants a adopt\u00e9 \u00e0 l\u2019unanimit\u00e9, lundi lors d\u2019une s\u00e9ance l\u00e9gislative, deux propositions de loi, la premi\u00e8re compl\u00e9tant l\u2019article 11 du Dahir no. 1.58.250 portant Code de la nationalit\u00e9 marocaine, et la seconde relative \u00e0 l\u2019amendement des articles 2 et 4 de la loi no. 41.10 fixant les conditions et les modalit\u00e9s &hellip;<\/p>\n","protected":false},"author":2,"featured_media":2478,"comment_status":"open","ping_status":"open","sticky":false,"template":"","format":"standard","meta":{"footnotes":""},"categories":[26],"tags":[],"class_list":["post-3351","post","type-post","status-publish","format-standard","has-post-thumbnail","hentry","category-politiques"],"yoast_head":"<!-- This site is optimized with the Yoast SEO plugin v27.5 - https:\/\/yoast.com\/product\/yoast-seo-wordpress\/ -->\n<title>La Chambre des repr\u00e9sentants adopte deux propositions de loi relatives \u00e0 la nationalit\u00e9 marocaine et aux conditions et modalit\u00e9s pour b\u00e9n\u00e9ficier du Fonds d\u2019entraide familiale - Dpress.ma\/fr<\/title>\n<meta name=\"description\" content=\"La Chambre des repr\u00e9sentants a adopt\u00e9 \u00e0 l\u2019unanimit\u00e9, lundi lors d\u2019une s\u00e9ance l\u00e9gislative, deux propositions de loi, la premi\u00e8re compl\u00e9tant l\u2019article 11 du Dahir no. 1.58.250 portant Code de la nationalit\u00e9 marocaine, et la seconde relative \u00e0 l\u2019amendement des articles 2 et 4 de la loi no. 41.10 fixant les conditions et les modalit\u00e9s pour b\u00e9n\u00e9ficier du Fonds d\u2019entraide familiale.\" \/>\n<meta name=\"robots\" content=\"index, follow, max-snippet:-1, max-image-preview:large, max-video-preview:-1\" \/>\n<link rel=\"canonical\" href=\"https:\/\/dpress.ma\/fr\/2023\/01\/24\/la-chambre-des-representants-adopte-deux-propositions-de-loi-relatives-a-la-nationalite-marocaine-et-aux-conditions-et-modalites-pour-beneficier-du-fonds-dentraide-familiale\/\" \/>\n<meta property=\"og:locale\" content=\"fr_FR\" \/>\n<meta property=\"og:type\" content=\"article\" \/>\n<meta property=\"og:title\" content=\"La Chambre des repr\u00e9sentants adopte deux propositions de loi relatives \u00e0 la nationalit\u00e9 marocaine et aux conditions et modalit\u00e9s pour b\u00e9n\u00e9ficier du Fonds d\u2019entraide familiale - Dpress.ma\/fr\" \/>\n<meta property=\"og:description\" content=\"La Chambre des repr\u00e9sentants a adopt\u00e9 \u00e0 l\u2019unanimit\u00e9, lundi lors d\u2019une s\u00e9ance l\u00e9gislative, deux propositions de loi, la premi\u00e8re compl\u00e9tant l\u2019article 11 du Dahir no. 1.58.250 portant Code de la nationalit\u00e9 marocaine, et la seconde relative \u00e0 l\u2019amendement des articles 2 et 4 de la loi no. 41.10 fixant les conditions et les modalit\u00e9s pour b\u00e9n\u00e9ficier du Fonds d\u2019entraide familiale.\" \/>\n<meta property=\"og:url\" content=\"https:\/\/dpress.ma\/fr\/2023\/01\/24\/la-chambre-des-representants-adopte-deux-propositions-de-loi-relatives-a-la-nationalite-marocaine-et-aux-conditions-et-modalites-pour-beneficier-du-fonds-dentraide-familiale\/\" \/>\n<meta property=\"og:site_name\" content=\"Dpress.ma\/fr\" \/>\n<meta property=\"article:published_time\" content=\"2023-01-24T14:24:28+00:00\" \/>\n<meta property=\"article:modified_time\" content=\"2023-01-24T14:24:31+00:00\" \/>\n<meta property=\"og:image\" content=\"https:\/\/dpress.ma\/fr\/wp-content\/uploads\/sites\/2\/2022\/11\/dimensions2-19.jpg\" \/>\n\t<meta property=\"og:image:width\" content=\"2539\" \/>\n\t<meta property=\"og:image:height\" content=\"1594\" \/>\n\t<meta property=\"og:image:type\" content=\"image\/jpeg\" \/>\n<meta name=\"author\" content=\"Dpress.ma\" \/>\n<meta name=\"twitter:card\" content=\"summary_large_image\" \/>\n<meta name=\"twitter:label1\" content=\"\u00c9crit par\" \/>\n\t<meta name=\"twitter:data1\" content=\"Dpress.ma\" \/>\n\t<meta name=\"twitter:label2\" content=\"Dur\u00e9e de lecture estim\u00e9e\" \/>\n\t<meta name=\"twitter:data2\" content=\"3 minutes\" \/>\n<script type=\"application\/ld+json\" class=\"yoast-schema-graph\">{\"@context\":\"https:\\\/\\\/schema.org\",\"@graph\":[{\"@type\":\"Article\",\"@id\":\"https:\\\/\\\/dpress.ma\\\/fr\\\/2023\\\/01\\\/24\\\/la-chambre-des-representants-adopte-deux-propositions-de-loi-relatives-a-la-nationalite-marocaine-et-aux-conditions-et-modalites-pour-beneficier-du-fonds-dentraide-familiale\\\/#article\",\"isPartOf\":{\"@id\":\"https:\\\/\\\/dpress.ma\\\/fr\\\/2023\\\/01\\\/24\\\/la-chambre-des-representants-adopte-deux-propositions-de-loi-relatives-a-la-nationalite-marocaine-et-aux-conditions-et-modalites-pour-beneficier-du-fonds-dentraide-familiale\\\/\"},\"author\":{\"name\":\"Dpress.ma\",\"@id\":\"https:\\\/\\\/dpress.ma\\\/fr\\\/#\\\/schema\\\/person\\\/4898febf3ccd59e6578d838656a306a0\"},\"headline\":\"La Chambre des repr\u00e9sentants adopte deux propositions de loi relatives \u00e0 la nationalit\u00e9 marocaine et aux conditions et modalit\u00e9s pour b\u00e9n\u00e9ficier du Fonds d\u2019entraide familiale\",\"datePublished\":\"2023-01-24T14:24:28+00:00\",\"dateModified\":\"2023-01-24T14:24:31+00:00\",\"mainEntityOfPage\":{\"@id\":\"https:\\\/\\\/dpress.ma\\\/fr\\\/2023\\\/01\\\/24\\\/la-chambre-des-representants-adopte-deux-propositions-de-loi-relatives-a-la-nationalite-marocaine-et-aux-conditions-et-modalites-pour-beneficier-du-fonds-dentraide-familiale\\\/\"},\"wordCount\":527,\"commentCount\":0,\"image\":{\"@id\":\"https:\\\/\\\/dpress.ma\\\/fr\\\/2023\\\/01\\\/24\\\/la-chambre-des-representants-adopte-deux-propositions-de-loi-relatives-a-la-nationalite-marocaine-et-aux-conditions-et-modalites-pour-beneficier-du-fonds-dentraide-familiale\\\/#primaryimage\"},\"thumbnailUrl\":\"https:\\\/\\\/dpress.ma\\\/fr\\\/wp-content\\\/uploads\\\/sites\\\/2\\\/2022\\\/11\\\/dimensions2-19.jpg\",\"articleSection\":[\"Politiques\"],\"inLanguage\":\"fr-FR\",\"potentialAction\":[{\"@type\":\"CommentAction\",\"name\":\"Comment\",\"target\":[\"https:\\\/\\\/dpress.ma\\\/fr\\\/2023\\\/01\\\/24\\\/la-chambre-des-representants-adopte-deux-propositions-de-loi-relatives-a-la-nationalite-marocaine-et-aux-conditions-et-modalites-pour-beneficier-du-fonds-dentraide-familiale\\\/#respond\"]}]},{\"@type\":\"WebPage\",\"@id\":\"https:\\\/\\\/dpress.ma\\\/fr\\\/2023\\\/01\\\/24\\\/la-chambre-des-representants-adopte-deux-propositions-de-loi-relatives-a-la-nationalite-marocaine-et-aux-conditions-et-modalites-pour-beneficier-du-fonds-dentraide-familiale\\\/\",\"url\":\"https:\\\/\\\/dpress.ma\\\/fr\\\/2023\\\/01\\\/24\\\/la-chambre-des-representants-adopte-deux-propositions-de-loi-relatives-a-la-nationalite-marocaine-et-aux-conditions-et-modalites-pour-beneficier-du-fonds-dentraide-familiale\\\/\",\"name\":\"La Chambre des repr\u00e9sentants adopte deux propositions de loi relatives \u00e0 la nationalit\u00e9 marocaine et aux conditions et modalit\u00e9s pour b\u00e9n\u00e9ficier du Fonds d\u2019entraide familiale - Dpress.ma\\\/fr\",\"isPartOf\":{\"@id\":\"https:\\\/\\\/dpress.ma\\\/fr\\\/#website\"},\"primaryImageOfPage\":{\"@id\":\"https:\\\/\\\/dpress.ma\\\/fr\\\/2023\\\/01\\\/24\\\/la-chambre-des-representants-adopte-deux-propositions-de-loi-relatives-a-la-nationalite-marocaine-et-aux-conditions-et-modalites-pour-beneficier-du-fonds-dentraide-familiale\\\/#primaryimage\"},\"image\":{\"@id\":\"https:\\\/\\\/dpress.ma\\\/fr\\\/2023\\\/01\\\/24\\\/la-chambre-des-representants-adopte-deux-propositions-de-loi-relatives-a-la-nationalite-marocaine-et-aux-conditions-et-modalites-pour-beneficier-du-fonds-dentraide-familiale\\\/#primaryimage\"},\"thumbnailUrl\":\"https:\\\/\\\/dpress.ma\\\/fr\\\/wp-content\\\/uploads\\\/sites\\\/2\\\/2022\\\/11\\\/dimensions2-19.jpg\",\"datePublished\":\"2023-01-24T14:24:28+00:00\",\"dateModified\":\"2023-01-24T14:24:31+00:00\",\"author\":{\"@id\":\"https:\\\/\\\/dpress.ma\\\/fr\\\/#\\\/schema\\\/person\\\/4898febf3ccd59e6578d838656a306a0\"},\"description\":\"La Chambre des repr\u00e9sentants a adopt\u00e9 \u00e0 l\u2019unanimit\u00e9, lundi lors d\u2019une s\u00e9ance l\u00e9gislative, deux propositions de loi, la premi\u00e8re compl\u00e9tant l\u2019article 11 du Dahir no. 1.58.250 portant Code de la nationalit\u00e9 marocaine, et la seconde relative \u00e0 l\u2019amendement des articles 2 et 4 de la loi no. 41.10 fixant les conditions et les modalit\u00e9s pour b\u00e9n\u00e9ficier du Fonds d\u2019entraide familiale.\",\"breadcrumb\":{\"@id\":\"https:\\\/\\\/dpress.ma\\\/fr\\\/2023\\\/01\\\/24\\\/la-chambre-des-representants-adopte-deux-propositions-de-loi-relatives-a-la-nationalite-marocaine-et-aux-conditions-et-modalites-pour-beneficier-du-fonds-dentraide-familiale\\\/#breadcrumb\"},\"inLanguage\":\"fr-FR\",\"potentialAction\":[{\"@type\":\"ReadAction\",\"target\":[\"https:\\\/\\\/dpress.ma\\\/fr\\\/2023\\\/01\\\/24\\\/la-chambre-des-representants-adopte-deux-propositions-de-loi-relatives-a-la-nationalite-marocaine-et-aux-conditions-et-modalites-pour-beneficier-du-fonds-dentraide-familiale\\\/\"]}]},{\"@type\":\"ImageObject\",\"inLanguage\":\"fr-FR\",\"@id\":\"https:\\\/\\\/dpress.ma\\\/fr\\\/2023\\\/01\\\/24\\\/la-chambre-des-representants-adopte-deux-propositions-de-loi-relatives-a-la-nationalite-marocaine-et-aux-conditions-et-modalites-pour-beneficier-du-fonds-dentraide-familiale\\\/#primaryimage\",\"url\":\"https:\\\/\\\/dpress.ma\\\/fr\\\/wp-content\\\/uploads\\\/sites\\\/2\\\/2022\\\/11\\\/dimensions2-19.jpg\",\"contentUrl\":\"https:\\\/\\\/dpress.ma\\\/fr\\\/wp-content\\\/uploads\\\/sites\\\/2\\\/2022\\\/11\\\/dimensions2-19.jpg\",\"width\":2539,\"height\":1594},{\"@type\":\"BreadcrumbList\",\"@id\":\"https:\\\/\\\/dpress.ma\\\/fr\\\/2023\\\/01\\\/24\\\/la-chambre-des-representants-adopte-deux-propositions-de-loi-relatives-a-la-nationalite-marocaine-et-aux-conditions-et-modalites-pour-beneficier-du-fonds-dentraide-familiale\\\/#breadcrumb\",\"itemListElement\":[{\"@type\":\"ListItem\",\"position\":1,\"name\":\"Home\",\"item\":\"https:\\\/\\\/dpress.ma\\\/fr\\\/\"},{\"@type\":\"ListItem\",\"position\":2,\"name\":\"La Chambre des repr\u00e9sentants adopte deux propositions de loi relatives \u00e0 la nationalit\u00e9 marocaine et aux conditions et modalit\u00e9s pour b\u00e9n\u00e9ficier du Fonds d\u2019entraide familiale\"}]},{\"@type\":\"WebSite\",\"@id\":\"https:\\\/\\\/dpress.ma\\\/fr\\\/#website\",\"url\":\"https:\\\/\\\/dpress.ma\\\/fr\\\/\",\"name\":\"Dpress.ma\\\/fr\",\"description\":\"\",\"potentialAction\":[{\"@type\":\"SearchAction\",\"target\":{\"@type\":\"EntryPoint\",\"urlTemplate\":\"https:\\\/\\\/dpress.ma\\\/fr\\\/?s={search_term_string}\"},\"query-input\":{\"@type\":\"PropertyValueSpecification\",\"valueRequired\":true,\"valueName\":\"search_term_string\"}}],\"inLanguage\":\"fr-FR\"},{\"@type\":\"Person\",\"@id\":\"https:\\\/\\\/dpress.ma\\\/fr\\\/#\\\/schema\\\/person\\\/4898febf3ccd59e6578d838656a306a0\",\"name\":\"Dpress.ma\",\"image\":{\"@type\":\"ImageObject\",\"inLanguage\":\"fr-FR\",\"@id\":\"https:\\\/\\\/secure.gravatar.com\\\/avatar\\\/72ecc30e9db047a2e0e7176561eb9d564ed77c8108376495b19bd8336405198a?s=96&d=mm&r=g\",\"url\":\"https:\\\/\\\/secure.gravatar.com\\\/avatar\\\/72ecc30e9db047a2e0e7176561eb9d564ed77c8108376495b19bd8336405198a?s=96&d=mm&r=g\",\"contentUrl\":\"https:\\\/\\\/secure.gravatar.com\\\/avatar\\\/72ecc30e9db047a2e0e7176561eb9d564ed77c8108376495b19bd8336405198a?s=96&d=mm&r=g\",\"caption\":\"Dpress.ma\"},\"sameAs\":[\"https:\\\/\\\/www.dpress.ma\"],\"url\":\"https:\\\/\\\/dpress.ma\\\/fr\\\/author\\\/dpress-ma\\\/\"}]}<\/script>\n<!-- \/ Yoast SEO plugin. -->","yoast_head_json":{"title":"La Chambre des repr\u00e9sentants adopte deux propositions de loi relatives \u00e0 la nationalit\u00e9 marocaine et aux conditions et modalit\u00e9s pour b\u00e9n\u00e9ficier du Fonds d\u2019entraide familiale - Dpress.ma\/fr","description":"La Chambre des repr\u00e9sentants a adopt\u00e9 \u00e0 l\u2019unanimit\u00e9, lundi lors d\u2019une s\u00e9ance l\u00e9gislative, deux propositions de loi, la premi\u00e8re compl\u00e9tant l\u2019article 11 du Dahir no. 1.58.250 portant Code de la nationalit\u00e9 marocaine, et la seconde relative \u00e0 l\u2019amendement des articles 2 et 4 de la loi no. 41.10 fixant les conditions et les modalit\u00e9s pour b\u00e9n\u00e9ficier du Fonds d\u2019entraide familiale.","robots":{"index":"index","follow":"follow","max-snippet":"max-snippet:-1","max-image-preview":"max-image-preview:large","max-video-preview":"max-video-preview:-1"},"canonical":"https:\/\/dpress.ma\/fr\/2023\/01\/24\/la-chambre-des-representants-adopte-deux-propositions-de-loi-relatives-a-la-nationalite-marocaine-et-aux-conditions-et-modalites-pour-beneficier-du-fonds-dentraide-familiale\/","og_locale":"fr_FR","og_type":"article","og_title":"La Chambre des repr\u00e9sentants adopte deux propositions de loi relatives \u00e0 la nationalit\u00e9 marocaine et aux conditions et modalit\u00e9s pour b\u00e9n\u00e9ficier du Fonds d\u2019entraide familiale - Dpress.ma\/fr","og_description":"La Chambre des repr\u00e9sentants a adopt\u00e9 \u00e0 l\u2019unanimit\u00e9, lundi lors d\u2019une s\u00e9ance l\u00e9gislative, deux propositions de loi, la premi\u00e8re compl\u00e9tant l\u2019article 11 du Dahir no. 1.58.250 portant Code de la nationalit\u00e9 marocaine, et la seconde relative \u00e0 l\u2019amendement des articles 2 et 4 de la loi no. 41.10 fixant les conditions et les modalit\u00e9s pour b\u00e9n\u00e9ficier du Fonds d\u2019entraide familiale.","og_url":"https:\/\/dpress.ma\/fr\/2023\/01\/24\/la-chambre-des-representants-adopte-deux-propositions-de-loi-relatives-a-la-nationalite-marocaine-et-aux-conditions-et-modalites-pour-beneficier-du-fonds-dentraide-familiale\/","og_site_name":"Dpress.ma\/fr","article_published_time":"2023-01-24T14:24:28+00:00","article_modified_time":"2023-01-24T14:24:31+00:00","og_image":[{"width":2539,"height":1594,"url":"https:\/\/dpress.ma\/fr\/wp-content\/uploads\/sites\/2\/2022\/11\/dimensions2-19.jpg","type":"image\/jpeg"}],"author":"Dpress.ma","twitter_card":"summary_large_image","twitter_misc":{"\u00c9crit par":"Dpress.ma","Dur\u00e9e de lecture estim\u00e9e":"3 minutes"},"schema":{"@context":"https:\/\/schema.org","@graph":[{"@type":"Article","@id":"https:\/\/dpress.ma\/fr\/2023\/01\/24\/la-chambre-des-representants-adopte-deux-propositions-de-loi-relatives-a-la-nationalite-marocaine-et-aux-conditions-et-modalites-pour-beneficier-du-fonds-dentraide-familiale\/#article","isPartOf":{"@id":"https:\/\/dpress.ma\/fr\/2023\/01\/24\/la-chambre-des-representants-adopte-deux-propositions-de-loi-relatives-a-la-nationalite-marocaine-et-aux-conditions-et-modalites-pour-beneficier-du-fonds-dentraide-familiale\/"},"author":{"name":"Dpress.ma","@id":"https:\/\/dpress.ma\/fr\/#\/schema\/person\/4898febf3ccd59e6578d838656a306a0"},"headline":"La Chambre des repr\u00e9sentants adopte deux propositions de loi relatives \u00e0 la nationalit\u00e9 marocaine et aux conditions et modalit\u00e9s pour b\u00e9n\u00e9ficier du Fonds d\u2019entraide familiale","datePublished":"2023-01-24T14:24:28+00:00","dateModified":"2023-01-24T14:24:31+00:00","mainEntityOfPage":{"@id":"https:\/\/dpress.ma\/fr\/2023\/01\/24\/la-chambre-des-representants-adopte-deux-propositions-de-loi-relatives-a-la-nationalite-marocaine-et-aux-conditions-et-modalites-pour-beneficier-du-fonds-dentraide-familiale\/"},"wordCount":527,"commentCount":0,"image":{"@id":"https:\/\/dpress.ma\/fr\/2023\/01\/24\/la-chambre-des-representants-adopte-deux-propositions-de-loi-relatives-a-la-nationalite-marocaine-et-aux-conditions-et-modalites-pour-beneficier-du-fonds-dentraide-familiale\/#primaryimage"},"thumbnailUrl":"https:\/\/dpress.ma\/fr\/wp-content\/uploads\/sites\/2\/2022\/11\/dimensions2-19.jpg","articleSection":["Politiques"],"inLanguage":"fr-FR","potentialAction":[{"@type":"CommentAction","name":"Comment","target":["https:\/\/dpress.ma\/fr\/2023\/01\/24\/la-chambre-des-representants-adopte-deux-propositions-de-loi-relatives-a-la-nationalite-marocaine-et-aux-conditions-et-modalites-pour-beneficier-du-fonds-dentraide-familiale\/#respond"]}]},{"@type":"WebPage","@id":"https:\/\/dpress.ma\/fr\/2023\/01\/24\/la-chambre-des-representants-adopte-deux-propositions-de-loi-relatives-a-la-nationalite-marocaine-et-aux-conditions-et-modalites-pour-beneficier-du-fonds-dentraide-familiale\/","url":"https:\/\/dpress.ma\/fr\/2023\/01\/24\/la-chambre-des-representants-adopte-deux-propositions-de-loi-relatives-a-la-nationalite-marocaine-et-aux-conditions-et-modalites-pour-beneficier-du-fonds-dentraide-familiale\/","name":"La Chambre des repr\u00e9sentants adopte deux propositions de loi relatives \u00e0 la nationalit\u00e9 marocaine et aux conditions et modalit\u00e9s pour b\u00e9n\u00e9ficier du Fonds d\u2019entraide familiale - Dpress.ma\/fr","isPartOf":{"@id":"https:\/\/dpress.ma\/fr\/#website"},"primaryImageOfPage":{"@id":"https:\/\/dpress.ma\/fr\/2023\/01\/24\/la-chambre-des-representants-adopte-deux-propositions-de-loi-relatives-a-la-nationalite-marocaine-et-aux-conditions-et-modalites-pour-beneficier-du-fonds-dentraide-familiale\/#primaryimage"},"image":{"@id":"https:\/\/dpress.ma\/fr\/2023\/01\/24\/la-chambre-des-representants-adopte-deux-propositions-de-loi-relatives-a-la-nationalite-marocaine-et-aux-conditions-et-modalites-pour-beneficier-du-fonds-dentraide-familiale\/#primaryimage"},"thumbnailUrl":"https:\/\/dpress.ma\/fr\/wp-content\/uploads\/sites\/2\/2022\/11\/dimensions2-19.jpg","datePublished":"2023-01-24T14:24:28+00:00","dateModified":"2023-01-24T14:24:31+00:00","author":{"@id":"https:\/\/dpress.ma\/fr\/#\/schema\/person\/4898febf3ccd59e6578d838656a306a0"},"description":"La Chambre des repr\u00e9sentants a adopt\u00e9 \u00e0 l\u2019unanimit\u00e9, lundi lors d\u2019une s\u00e9ance l\u00e9gislative, deux propositions de loi, la premi\u00e8re compl\u00e9tant l\u2019article 11 du Dahir no. 1.58.250 portant Code de la nationalit\u00e9 marocaine, et la seconde relative \u00e0 l\u2019amendement des articles 2 et 4 de la loi no. 41.10 fixant les conditions et les modalit\u00e9s pour b\u00e9n\u00e9ficier du Fonds d\u2019entraide familiale.","breadcrumb":{"@id":"https:\/\/dpress.ma\/fr\/2023\/01\/24\/la-chambre-des-representants-adopte-deux-propositions-de-loi-relatives-a-la-nationalite-marocaine-et-aux-conditions-et-modalites-pour-beneficier-du-fonds-dentraide-familiale\/#breadcrumb"},"inLanguage":"fr-FR","potentialAction":[{"@type":"ReadAction","target":["https:\/\/dpress.ma\/fr\/2023\/01\/24\/la-chambre-des-representants-adopte-deux-propositions-de-loi-relatives-a-la-nationalite-marocaine-et-aux-conditions-et-modalites-pour-beneficier-du-fonds-dentraide-familiale\/"]}]},{"@type":"ImageObject","inLanguage":"fr-FR","@id":"https:\/\/dpress.ma\/fr\/2023\/01\/24\/la-chambre-des-representants-adopte-deux-propositions-de-loi-relatives-a-la-nationalite-marocaine-et-aux-conditions-et-modalites-pour-beneficier-du-fonds-dentraide-familiale\/#primaryimage","url":"https:\/\/dpress.ma\/fr\/wp-content\/uploads\/sites\/2\/2022\/11\/dimensions2-19.jpg","contentUrl":"https:\/\/dpress.ma\/fr\/wp-content\/uploads\/sites\/2\/2022\/11\/dimensions2-19.jpg","width":2539,"height":1594},{"@type":"BreadcrumbList","@id":"https:\/\/dpress.ma\/fr\/2023\/01\/24\/la-chambre-des-representants-adopte-deux-propositions-de-loi-relatives-a-la-nationalite-marocaine-et-aux-conditions-et-modalites-pour-beneficier-du-fonds-dentraide-familiale\/#breadcrumb","itemListElement":[{"@type":"ListItem","position":1,"name":"Home","item":"https:\/\/dpress.ma\/fr\/"},{"@type":"ListItem","position":2,"name":"La Chambre des repr\u00e9sentants adopte deux propositions de loi relatives \u00e0 la nationalit\u00e9 marocaine et aux conditions et modalit\u00e9s pour b\u00e9n\u00e9ficier du Fonds d\u2019entraide familiale"}]},{"@type":"WebSite","@id":"https:\/\/dpress.ma\/fr\/#website","url":"https:\/\/dpress.ma\/fr\/","name":"Dpress.ma\/fr","description":"","potentialAction":[{"@type":"SearchAction","target":{"@type":"EntryPoint","urlTemplate":"https:\/\/dpress.ma\/fr\/?s={search_term_string}"},"query-input":{"@type":"PropertyValueSpecification","valueRequired":true,"valueName":"search_term_string"}}],"inLanguage":"fr-FR"},{"@type":"Person","@id":"https:\/\/dpress.ma\/fr\/#\/schema\/person\/4898febf3ccd59e6578d838656a306a0","name":"Dpress.ma","image":{"@type":"ImageObject","inLanguage":"fr-FR","@id":"https:\/\/secure.gravatar.com\/avatar\/72ecc30e9db047a2e0e7176561eb9d564ed77c8108376495b19bd8336405198a?s=96&d=mm&r=g","url":"https:\/\/secure.gravatar.com\/avatar\/72ecc30e9db047a2e0e7176561eb9d564ed77c8108376495b19bd8336405198a?s=96&d=mm&r=g","contentUrl":"https:\/\/secure.gravatar.com\/avatar\/72ecc30e9db047a2e0e7176561eb9d564ed77c8108376495b19bd8336405198a?s=96&d=mm&r=g","caption":"Dpress.ma"},"sameAs":["https:\/\/www.dpress.ma"],"url":"https:\/\/dpress.ma\/fr\/author\/dpress-ma\/"}]}},"amp_enabled":true,"_links":{"self":[{"href":"https:\/\/dpress.ma\/fr\/wp-json\/wp\/v2\/posts\/3351","targetHints":{"allow":["GET"]}}],"collection":[{"href":"https:\/\/dpress.ma\/fr\/wp-json\/wp\/v2\/posts"}],"about":[{"href":"https:\/\/dpress.ma\/fr\/wp-json\/wp\/v2\/types\/post"}],"author":[{"embeddable":true,"href":"https:\/\/dpress.ma\/fr\/wp-json\/wp\/v2\/users\/2"}],"replies":[{"embeddable":true,"href":"https:\/\/dpress.ma\/fr\/wp-json\/wp\/v2\/comments?post=3351"}],"version-history":[{"count":1,"href":"https:\/\/dpress.ma\/fr\/wp-json\/wp\/v2\/posts\/3351\/revisions"}],"predecessor-version":[{"id":3352,"href":"https:\/\/dpress.ma\/fr\/wp-json\/wp\/v2\/posts\/3351\/revisions\/3352"}],"wp:featuredmedia":[{"embeddable":true,"href":"https:\/\/dpress.ma\/fr\/wp-json\/wp\/v2\/media\/2478"}],"wp:attachment":[{"href":"https:\/\/dpress.ma\/fr\/wp-json\/wp\/v2\/media?parent=3351"}],"wp:term":[{"taxonomy":"category","embeddable":true,"href":"https:\/\/dpress.ma\/fr\/wp-json\/wp\/v2\/categories?post=3351"},{"taxonomy":"post_tag","embeddable":true,"href":"https:\/\/dpress.ma\/fr\/wp-json\/wp\/v2\/tags?post=3351"}],"curies":[{"name":"wp","href":"https:\/\/api.w.org\/{rel}","templated":true}]}}