{"id":3349,"date":"2023-01-24T14:22:08","date_gmt":"2023-01-24T14:22:08","guid":{"rendered":"https:\/\/dpress.ma\/fr\/?p=3349"},"modified":"2023-01-24T14:22:10","modified_gmt":"2023-01-24T14:22:10","slug":"les-composantes-du-parlement-condamnent-unanimement-la-resolution-du-pe-et-rejettent-lingerence-dans-les-affaires-interieures-du-royaume","status":"publish","type":"post","link":"https:\/\/dpress.ma\/fr\/2023\/01\/24\/les-composantes-du-parlement-condamnent-unanimement-la-resolution-du-pe-et-rejettent-lingerence-dans-les-affaires-interieures-du-royaume\/","title":{"rendered":"Les composantes du Parlement condamnent unanimement la r\u00e9solution du PE et rejettent l\u2019ing\u00e9rence dans les affaires int\u00e9rieures du Royaume"},"content":{"rendered":"\n<p>Dpress<\/p>\n\n\n\n<p>&nbsp;Les groupes et groupements parlementaires des deux Chambres du Parlement ont unanimement condamn\u00e9, lundi, la r\u00e9cente r\u00e9solution du Parlement europ\u00e9en (PE) \u00e0 l\u2019\u00e9gard du Maroc, exprimant leur rejet cat\u00e9gorique des ing\u00e9rences ext\u00e9rieures dans les affaires int\u00e9rieures du Royaume.<\/p>\n\n\n\n<p>Lors d\u2019une s\u00e9ance pl\u00e9ni\u00e8re conjointe des deux Chambres du Parlement sur les derni\u00e8res positions du parlement europ\u00e9en vis-\u00e0-vis du Maroc, les pr\u00e9sidents des groupes et groupements parlementaires ont condamn\u00e9 les tentatives de chantage et d\u2019exercer une influence \u00e0 l\u2019\u00e9gard de la justice marocaine ind\u00e9pendante, appelant \u00e0 des relations Maroc-Union europ\u00e9enne fond\u00e9e sur les int\u00e9r\u00eats mutuels et dans un esprit d\u2019\u00e9gal \u00e0 \u00e9gal.<\/p>\n\n\n\n<p>A cet \u00e9gard, le pr\u00e9sident du groupe du Rassemblement National des Ind\u00e9pendants (RNI) \u00e0 la Chambre des repr\u00e9sentants, Mohammed Ghiyat, a soulign\u00e9, au nom des groupes du parti \u00e0 la Chambre des repr\u00e9sentants et \u00e0 la Chambre des conseillers, que la r\u00e9cente r\u00e9solution du PE dissimule les int\u00e9r\u00eats de certains pays et parties habitu\u00e9s au chantage et qui sont troubl\u00e9s par la stabilit\u00e9 politique et sociale dont jouit le Royaume.<\/p>\n\n\n\n<p>Les r\u00e9solutions de ces parties n\u2019affecteront pas le processus engag\u00e9 par le Maroc ni l\u2019approche adopt\u00e9e par le Royaume, a-t-il relev\u00e9, affirmant que le pays ne c\u00e9dera jamais au marchandage et \u00e0 la soumission.<\/p>\n\n\n\n<p>Ces parties, qui r\u00e9clament la non-ing\u00e9rence dans les affaires int\u00e9rieures de leur parlement, se sont arrog\u00e9 le droit de juger autrui et de m\u00e9priser les d\u00e9cisions judiciaires qui remplissent toutes les conditions d\u2019un proc\u00e8s \u00e9quitable et \u00e9manent d\u2019une autorit\u00e9 ind\u00e9pendante consacr\u00e9e par la Constitution et les lois qui la r\u00e9gissent, conform\u00e9ment aux normes internationales, a poursuivi M. Ghiyat, appelant ces parties \u00e0 renoncer \u00e0 leurs m\u00e9thodes v\u00e9reuses et \u00e0 ne pas attribuer au Maroc ses torts et ses \u00e9checs.<\/p>\n\n\n\n<p>\u201cVous avez cr\u00e9\u00e9 des groupes d\u2019amiti\u00e9 avec des pays avec lesquels vous ne partagez aucun partenariat. Vous avez paralys\u00e9 la Commission parlementaire Mixte Maroc-UE et donn\u00e9 une tribune \u00e0 des mercenaires non reconnus par les Nations Unies et vous avez l\u2019audace de d\u00e9fendre l\u2019\u00c9tat de droit (\u2026) Vous avez donn\u00e9 libre acc\u00e8s \u00e0 des lobbies de gaz et port\u00e9 atteinte \u00e0 une institution parlementaire\u201d, a-t-il dit.<\/p>\n\n\n\n<p>\u201cO\u00f9 sont pass\u00e9s les slogans de la d\u00e9mocratie, des libert\u00e9s et des droits de l\u2019homme ? Le froid glacial et le chauffage au gaz ont-ils remplac\u00e9 la Charte des droits de l\u2019homme des Nations Unies ?\u201d, s\u2019est interrog\u00e9 le pr\u00e9sident du groupe RNI \u00e0 la Chambre des repr\u00e9sentants.<\/p>\n\n\n\n<p>Pour sa part, le pr\u00e9sident du groupe du Parti Authenticit\u00e9 et Modernit\u00e9 (PAM) \u00e0 la Chambre des repr\u00e9sentants, Ahmed Touizi, a exprim\u00e9, dans une allocution similaire, son rejet de la position du PE et \u00e0 cette attaque directe et syst\u00e9matique contre le Royaume, ainsi que la flagrante ing\u00e9rence dans ses affaires int\u00e9rieures et la tentative d\u00e9sesp\u00e9r\u00e9e d\u2019influencer la justice marocaine ind\u00e9pendante.<\/p>\n\n\n\n<p>\u201cComment une institution qui dit d\u00e9fendre les principes de la d\u00e9mocratie et de l\u2019Etat de droit peut-elle se permettre de porter atteinte \u00e0 la souverainet\u00e9 d\u2019un pays partenaire en insultant son syst\u00e8me judiciaire et en diffamant ses autorit\u00e9s nationales ?\u201d, s\u2019est-il interrog\u00e9.<\/p>\n\n\n\n<p>\u201cComment pr\u00e9tendre d\u00e9fendre la justice en se rangeant du c\u00f4t\u00e9 des bourreau et en ignorant les g\u00e9missements des victimes ? Alors que certains r\u00e9gimes pratiquent des arrestations ill\u00e9gales massives et des proc\u00e8s fictifs contre des politiciens, des journalistes et des parlementaires (\u2026) ce qui conduit parfois \u00e0 l\u2019usage de la justice militaire contre des civils\u201d, a encha\u00een\u00e9 M. Touizi.<\/p>\n\n\n\n<p>Faisant observer que la logique du chantage, de la condescendance et de l\u2019inf\u00e9riorit\u00e9 des pays africains ne fonctionnera pas avec le Maroc, il a indiqu\u00e9 que le Maroc a chang\u00e9 et que les parties concern\u00e9es doivent s\u2019adapter \u00e0 ce changement.<\/p>\n\n\n\n<p>Le Royaume, a-t-il poursuivi, continue de diversifier ses relations \u00e9conomiques et politiques et de d\u00e9velopper ses partenariats avec tous les pays avec lesquels il partage les m\u00eames principes et m\u00eames visions selon une approche gagnant-gagnant.<\/p>\n\n\n\n<p>De son c\u00f4t\u00e9, le pr\u00e9sident du groupe du Parti de l\u2019Istiqlal (PI) \u00e0 la Chambre des repr\u00e9sentants, Noureddine Mediane, a estim\u00e9 que le PE est tomb\u00e9 dans le pi\u00e8ge d\u2019une nouvelle man\u0153uvre qui sert les int\u00e9r\u00eats des parties hostiles au Maroc.<\/p>\n\n\n\n<p>A travers cette man\u0153uvre, le PE a mis en p\u00e9ril ses relations avec un pays consid\u00e9r\u00e9 comme un partenaire \u00e9conomique et d\u00e9mocratique fiable, jouissant d\u2019un statut avanc\u00e9, et un alli\u00e9 strat\u00e9gique dans des domaines multidimensionnels, dont la lutte contre la migration clandestine, le terrorisme et le crime organis\u00e9, a-t-il dit.<\/p>\n\n\n\n<p>M. Mediane a exprim\u00e9 son rejet cat\u00e9gorique et sa ferme condamnation de \u201ctelles pratiques provocatrices et de chantage\u201d visant \u00e0 servir un agenda g\u00e9ostrat\u00e9gique d\u00e9termin\u00e9, ajoutant que ces man\u0153uvres ne feront que renforcer la r\u00e9silience du Maroc, Roi, gouvernement et peuple, pour la d\u00e9fense de ses int\u00e9r\u00eats vitaux et de son int\u00e9grit\u00e9 territoriale, la consolidation de sa souverainet\u00e9 et le renforcement de ses partenariats.<\/p>\n\n\n\n<p>Pour sa part, le pr\u00e9sident du groupe socialiste \u00e0 la Chambre des repr\u00e9sentants, Abderrahim Chahid, a \u00e9voqu\u00e9 les r\u00e9formes profondes et audacieuses entreprises par le Royaume dans les domaines politique, institutionnel, constitutionnel et celui des droits humains.<\/p>\n\n\n\n<p>Il a exprim\u00e9 son \u00e9tonnement face \u201c\u00e0 l\u2019\u00e9tat d\u2019urgence exceptionnel\u201d, dont l\u2019apparence semble d\u00e9fendre les droits de l\u2019homme et la libert\u00e9 d\u2019opinion et d\u2019expression, alors que sa r\u00e9alit\u00e9 est politique et vise \u201c\u00e0 faire diversion face aux diff\u00e9rentes crises qui vous assi\u00e8gent en tant que blocs politiques et \u00e9conomiques ou en tant que pays ind\u00e9pendants face aux r\u00e9percussions de la pand\u00e9mie du Covid et de la guerre en cours en Europe de l\u2019Est\u201d.<\/p>\n\n\n\n<p>Dans son intervention au nom des groupes socialistes dans les deux chambres du Parlement, M. Chahid a appel\u00e9 les parties derri\u00e8re cette r\u00e9solution \u201c\u00e0 cesser de donner des le\u00e7ons aux autres et \u00e0 reconna\u00eetre que la manifestation de corruption apparue dans votre syst\u00e8me est votre produit et un indicateur de votre corruption morale et institutionnelle qui doit \u00eatre trait\u00e9e de l\u2019int\u00e9rieur de votre syst\u00e8me, mais pas export\u00e9e vers les autres avec irrespect et arrogance\u201d.<\/p>\n\n\n\n<p>Il a soulign\u00e9 l\u2019importance du partenariat euro-marocain et la n\u00e9cessit\u00e9 de poursuivre le travail commun pour le d\u00e9velopper, exprimant \u201cle rejet de toute ing\u00e9rence dans nos affaires int\u00e9rieures et les tentatives de cibler et de faire chanter le Maroc, en remettant en cause ses choix d\u00e9mocratiques et en mati\u00e8re des droits de l\u2019Homme et en visant ses institutions constitutionnelles, \u00e0 leur t\u00eate le pouvoir judiciaire et son ind\u00e9pendance\u201d.<\/p>\n\n\n\n<p>Pour sa part, le secr\u00e9taire g\u00e9n\u00e9ral du parti du Mouvement Populaire, Mohamed Ouzine, a mis en garde contre de la gravit\u00e9 des d\u00e9rapages moraux d\u2019une partie de l\u2019\u00e9lite politique du continent europ\u00e9en, soulignant que le Maroc \u201cn\u2019est pas dans une position d\u2019autod\u00e9fense face \u00e0 une pi\u00e8tre pi\u00e8ce de th\u00e9\u00e2tre\u201d.<\/p>\n\n\n\n<p>\u201cAu contraire, nous parlons aujourd\u2019hui haut et fort face au monde, au nom de la Nation marocaine s\u00e9culaire qui a v\u00e9cu et vivra sur les principes des nobles valeurs et de la l\u00e9gitimit\u00e9\u201d, a-t-il dit dans une intervention au nom du groupe haraki dans les deux chambres du Parlement.<\/p>\n\n\n\n<p>\u201cNous n\u2019accepterons pas de nous tordre le bras ou de \u2026. les acquis r\u00e9alis\u00e9s par notre pays en mati\u00e8re de libert\u00e9s et de cons\u00e9cration des droits de l\u2019Homme, ni l\u2019atteinte \u00e0 l\u2019ind\u00e9pendance de la justice dans notre pays\u201d, a affirm\u00e9 M. Ouzzine, rappelant que \u201cle Maroc assure la s\u00e9curit\u00e9 du continent europ\u00e9en contre le terrorisme et le crime organis\u00e9\u201d.<\/p>\n\n\n\n<p>M. Ouzzine a relev\u00e9 que \u201cle v\u00e9ritable partenariat ne peut \u00eatre fond\u00e9 sur la tutelle ou l\u2019arrogance, mais plut\u00f4t sur le respect et le traitement d\u2019\u00e9gal \u00e0 \u00e9gal, loin de tout chantage, marchandage et vision d\u00e9gradante\u201d.<\/p>\n\n\n\n<p>De son c\u00f4t\u00e9, le pr\u00e9sident du Groupe constitutionnel d\u00e9mocratique et social \u00e0 la Chambre des repr\u00e9sentants, Belassal Chaoui, a fait part, au nom des deux groupes, du rejet de toute forme d\u2019ing\u00e9rence de parties \u00e9trang\u00e8res dans la souverainet\u00e9 judiciaire nationale et toute tentative d\u2019influencer les d\u00e9cisions judiciaires immunis\u00e9es par la Constitution du Royaume et les chartes internationales et onusiennes ratifi\u00e9es par le Maroc.<\/p>\n\n\n\n<p>Il a affirm\u00e9 que \u201cle partenariat avec l\u2019Union europ\u00e9enne ne signifie aucunement une tutelle parlementaire sur notre pays, qui s\u2019engage et coop\u00e8re avec les diff\u00e9rents pays de l\u2019Union en mati\u00e8re s\u00e9curitaire, \u00e9conomique et politique, comme l\u2019attestent les dirigeants de ses pays\u201d, appelant le Parlement europ\u00e9en \u201c\u00e0 se conformer \u00e0 la logique de la justice et de l\u2019objectivit\u00e9 et \u00e0 faire valoir les m\u00eames normes lorsqu\u2019il fonde sa r\u00e9solution sur des questions soumises \u00e0 la justice et ce, pour des raisons \u00e9thiques li\u00e9es au droit public et qui n\u2019ont rien \u00e0 voir avec la pratique du journalisme\u201d.<\/p>\n\n\n\n<p>De son c\u00f4t\u00e9, le pr\u00e9sident du groupe du Progr\u00e8s et du socialisme \u00e0 la Chambre des repr\u00e9sentants, Rachid Hammouni, a d\u00e9nonc\u00e9 et condamn\u00e9 la position n\u00e9gative exprim\u00e9e par le Parlement europ\u00e9en \u00e0 l\u2019\u00e9gard du Royaume, notant que les parties qui sont derri\u00e8re cette attitude sont connues pour leur hostilit\u00e9 \u00e0 l\u2019\u00e9gard du Maroc.<\/p>\n\n\n\n<p>Il a regrett\u00e9 que plusieurs parties au sein du Parlement europ\u00e9en se soient align\u00e9es sur cette position qui nuit \u00e0 la r\u00e9putation et aux int\u00e9r\u00eats du Maroc, ainsi qu\u2019\u00e0 l\u2019\u00e9tat du partenariat strat\u00e9gique qui unit le Royaume \u00e0 l\u2019Union europ\u00e9enne, soulignant que le Maroc restera ferme et in\u00e9branlable face \u00e0 tous les abus et toutes les man\u0153uvres malveillantes, tout en poursuivant sur sa voie avec une plus grande confiance et une coh\u00e9sion nationale renforc\u00e9e entre son peuple et ses institutions, \u00e0 la t\u00eate desquelles se trouve l\u2019Institution Royale.<\/p>\n\n\n\n<p>Pour sa part, le pr\u00e9sident du groupe du Parti de la Justice et du D\u00e9veloppement \u00e0 la Chambre des repr\u00e9sentants (PJD), Abdellah Bouanou, a condamn\u00e9 fermement la r\u00e9solution du Parlement europ\u00e9en, exprimant le rejet cat\u00e9gorique de son groupe de tout ing\u00e9rence \u00e9trang\u00e8re.<\/p>\n\n\n\n<p>Il a fait part de son \u00e9tonnement du fait que \u201cle Parlement europ\u00e9en s\u2019est permis de donner des le\u00e7ons et d\u2019imposer son dictat avec une logique fond\u00e9e sur le principe de tutelle \u00e0 un \u00c9tat ind\u00e9pendant et un peuple s\u00e9culaire qui a trac\u00e9 sa propre voie pour l\u2019\u00e9dification de son \u00c9tat national ind\u00e9pendant et la consolidation des droits et libert\u00e9s constitutionnels\u201d.<\/p>\n\n\n\n<p>Il a mis en exergue la d\u00e9termination du Royaume \u00e0 pr\u00e9server l\u2019ind\u00e9pendance de sa d\u00e9cision et \u00e0 consolider sa souverainet\u00e9 et son unit\u00e9 nationale et territoriale, ainsi que son grand souci de poursuivre le respect des droits et libert\u00e9s constitutionnels.<\/p>\n\n\n\n<p>Pour sa part, Nabila Mounib, d\u00e9put\u00e9e du Parti socialiste unifi\u00e9, a condamn\u00e9 l\u2019\u00e9mission \u201cd\u2019ordres de n\u2019importe quelle partie \u00e9trang\u00e8re\u201d, soulignant, en m\u00eame temps, que le Maroc doit rester attach\u00e9 \u00e0 ses relations internationales distingu\u00e9es, notamment avec l\u2019Union europ\u00e9enne.<\/p>\n\n\n\n<p>Elle a soulign\u00e9 que la relation entre le Maroc et l\u2019Union europ\u00e9enne doit \u00eatre une relation \u201cgagnant-gagnant\u201d et non fond\u00e9e sur la \u201csoumission\u201d, notant que le Maroc n\u2019attend des le\u00e7ons de personne pour garantir les droits et libert\u00e9s.<\/p>\n","protected":false},"excerpt":{"rendered":"<p>Dpress &nbsp;Les groupes et groupements parlementaires des deux Chambres du Parlement ont unanimement condamn\u00e9, lundi, la r\u00e9cente r\u00e9solution du Parlement europ\u00e9en (PE) \u00e0 l\u2019\u00e9gard du Maroc, exprimant leur rejet cat\u00e9gorique des ing\u00e9rences ext\u00e9rieures dans les affaires int\u00e9rieures du Royaume. Lors d\u2019une s\u00e9ance pl\u00e9ni\u00e8re conjointe des deux Chambres du Parlement sur les derni\u00e8res positions du parlement &hellip;<\/p>\n","protected":false},"author":2,"featured_media":1920,"comment_status":"open","ping_status":"open","sticky":false,"template":"","format":"standard","meta":{"footnotes":""},"categories":[34],"tags":[],"class_list":["post-3349","post","type-post","status-publish","format-standard","has-post-thumbnail","hentry","category-diplomatie-parlementaire"],"yoast_head":"<!-- This site is optimized with the Yoast SEO plugin v27.5 - https:\/\/yoast.com\/product\/yoast-seo-wordpress\/ -->\n<title>Les composantes du Parlement condamnent unanimement la r\u00e9solution du PE et rejettent l\u2019ing\u00e9rence dans les affaires int\u00e9rieures du Royaume - Dpress.ma\/fr<\/title>\n<meta name=\"description\" content=\"Les groupes et groupements parlementaires des deux Chambres du Parlement ont unanimement condamn\u00e9, lundi, la r\u00e9cente r\u00e9solution du Parlement europ\u00e9en (PE) \u00e0 l\u2019\u00e9gard du Maroc, exprimant leur rejet cat\u00e9gorique des ing\u00e9rences ext\u00e9rieures dans les affaires int\u00e9rieures du Royaume.\" \/>\n<meta name=\"robots\" content=\"index, follow, max-snippet:-1, max-image-preview:large, max-video-preview:-1\" \/>\n<link rel=\"canonical\" href=\"https:\/\/dpress.ma\/fr\/2023\/01\/24\/les-composantes-du-parlement-condamnent-unanimement-la-resolution-du-pe-et-rejettent-lingerence-dans-les-affaires-interieures-du-royaume\/\" \/>\n<meta property=\"og:locale\" content=\"fr_FR\" \/>\n<meta property=\"og:type\" content=\"article\" \/>\n<meta property=\"og:title\" content=\"Les composantes du Parlement condamnent unanimement la r\u00e9solution du PE et rejettent l\u2019ing\u00e9rence dans les affaires int\u00e9rieures du Royaume - Dpress.ma\/fr\" \/>\n<meta property=\"og:description\" content=\"Les groupes et groupements parlementaires des deux Chambres du Parlement ont unanimement condamn\u00e9, lundi, la r\u00e9cente r\u00e9solution du Parlement europ\u00e9en (PE) \u00e0 l\u2019\u00e9gard du Maroc, exprimant leur rejet cat\u00e9gorique des ing\u00e9rences ext\u00e9rieures dans les affaires int\u00e9rieures du Royaume.\" \/>\n<meta property=\"og:url\" content=\"https:\/\/dpress.ma\/fr\/2023\/01\/24\/les-composantes-du-parlement-condamnent-unanimement-la-resolution-du-pe-et-rejettent-lingerence-dans-les-affaires-interieures-du-royaume\/\" \/>\n<meta property=\"og:site_name\" content=\"Dpress.ma\/fr\" \/>\n<meta property=\"article:published_time\" content=\"2023-01-24T14:22:08+00:00\" \/>\n<meta property=\"article:modified_time\" content=\"2023-01-24T14:22:10+00:00\" \/>\n<meta property=\"og:image\" content=\"https:\/\/dpress.ma\/fr\/wp-content\/uploads\/sites\/2\/2022\/07\/sdfdsf.jpg\" \/>\n\t<meta property=\"og:image:width\" content=\"2539\" \/>\n\t<meta property=\"og:image:height\" content=\"1594\" \/>\n\t<meta property=\"og:image:type\" content=\"image\/jpeg\" \/>\n<meta name=\"author\" content=\"Dpress.ma\" \/>\n<meta name=\"twitter:card\" content=\"summary_large_image\" \/>\n<meta name=\"twitter:label1\" content=\"\u00c9crit par\" \/>\n\t<meta name=\"twitter:data1\" content=\"Dpress.ma\" \/>\n\t<meta name=\"twitter:label2\" content=\"Dur\u00e9e de lecture estim\u00e9e\" \/>\n\t<meta name=\"twitter:data2\" content=\"9 minutes\" \/>\n<script type=\"application\/ld+json\" class=\"yoast-schema-graph\">{\"@context\":\"https:\\\/\\\/schema.org\",\"@graph\":[{\"@type\":\"Article\",\"@id\":\"https:\\\/\\\/dpress.ma\\\/fr\\\/2023\\\/01\\\/24\\\/les-composantes-du-parlement-condamnent-unanimement-la-resolution-du-pe-et-rejettent-lingerence-dans-les-affaires-interieures-du-royaume\\\/#article\",\"isPartOf\":{\"@id\":\"https:\\\/\\\/dpress.ma\\\/fr\\\/2023\\\/01\\\/24\\\/les-composantes-du-parlement-condamnent-unanimement-la-resolution-du-pe-et-rejettent-lingerence-dans-les-affaires-interieures-du-royaume\\\/\"},\"author\":{\"name\":\"Dpress.ma\",\"@id\":\"https:\\\/\\\/dpress.ma\\\/fr\\\/#\\\/schema\\\/person\\\/4898febf3ccd59e6578d838656a306a0\"},\"headline\":\"Les composantes du Parlement condamnent unanimement la r\u00e9solution du PE et rejettent l\u2019ing\u00e9rence dans les affaires int\u00e9rieures du Royaume\",\"datePublished\":\"2023-01-24T14:22:08+00:00\",\"dateModified\":\"2023-01-24T14:22:10+00:00\",\"mainEntityOfPage\":{\"@id\":\"https:\\\/\\\/dpress.ma\\\/fr\\\/2023\\\/01\\\/24\\\/les-composantes-du-parlement-condamnent-unanimement-la-resolution-du-pe-et-rejettent-lingerence-dans-les-affaires-interieures-du-royaume\\\/\"},\"wordCount\":2010,\"commentCount\":0,\"image\":{\"@id\":\"https:\\\/\\\/dpress.ma\\\/fr\\\/2023\\\/01\\\/24\\\/les-composantes-du-parlement-condamnent-unanimement-la-resolution-du-pe-et-rejettent-lingerence-dans-les-affaires-interieures-du-royaume\\\/#primaryimage\"},\"thumbnailUrl\":\"https:\\\/\\\/dpress.ma\\\/fr\\\/wp-content\\\/uploads\\\/sites\\\/2\\\/2022\\\/07\\\/sdfdsf.jpg\",\"articleSection\":[\"Diplomatie Parlementaire\"],\"inLanguage\":\"fr-FR\",\"potentialAction\":[{\"@type\":\"CommentAction\",\"name\":\"Comment\",\"target\":[\"https:\\\/\\\/dpress.ma\\\/fr\\\/2023\\\/01\\\/24\\\/les-composantes-du-parlement-condamnent-unanimement-la-resolution-du-pe-et-rejettent-lingerence-dans-les-affaires-interieures-du-royaume\\\/#respond\"]}]},{\"@type\":\"WebPage\",\"@id\":\"https:\\\/\\\/dpress.ma\\\/fr\\\/2023\\\/01\\\/24\\\/les-composantes-du-parlement-condamnent-unanimement-la-resolution-du-pe-et-rejettent-lingerence-dans-les-affaires-interieures-du-royaume\\\/\",\"url\":\"https:\\\/\\\/dpress.ma\\\/fr\\\/2023\\\/01\\\/24\\\/les-composantes-du-parlement-condamnent-unanimement-la-resolution-du-pe-et-rejettent-lingerence-dans-les-affaires-interieures-du-royaume\\\/\",\"name\":\"Les composantes du Parlement condamnent unanimement la r\u00e9solution du PE et rejettent l\u2019ing\u00e9rence dans les affaires int\u00e9rieures du Royaume - Dpress.ma\\\/fr\",\"isPartOf\":{\"@id\":\"https:\\\/\\\/dpress.ma\\\/fr\\\/#website\"},\"primaryImageOfPage\":{\"@id\":\"https:\\\/\\\/dpress.ma\\\/fr\\\/2023\\\/01\\\/24\\\/les-composantes-du-parlement-condamnent-unanimement-la-resolution-du-pe-et-rejettent-lingerence-dans-les-affaires-interieures-du-royaume\\\/#primaryimage\"},\"image\":{\"@id\":\"https:\\\/\\\/dpress.ma\\\/fr\\\/2023\\\/01\\\/24\\\/les-composantes-du-parlement-condamnent-unanimement-la-resolution-du-pe-et-rejettent-lingerence-dans-les-affaires-interieures-du-royaume\\\/#primaryimage\"},\"thumbnailUrl\":\"https:\\\/\\\/dpress.ma\\\/fr\\\/wp-content\\\/uploads\\\/sites\\\/2\\\/2022\\\/07\\\/sdfdsf.jpg\",\"datePublished\":\"2023-01-24T14:22:08+00:00\",\"dateModified\":\"2023-01-24T14:22:10+00:00\",\"author\":{\"@id\":\"https:\\\/\\\/dpress.ma\\\/fr\\\/#\\\/schema\\\/person\\\/4898febf3ccd59e6578d838656a306a0\"},\"description\":\"Les groupes et groupements parlementaires des deux Chambres du Parlement ont unanimement condamn\u00e9, lundi, la r\u00e9cente r\u00e9solution du Parlement europ\u00e9en (PE) \u00e0 l\u2019\u00e9gard du Maroc, exprimant leur rejet cat\u00e9gorique des ing\u00e9rences ext\u00e9rieures dans les affaires int\u00e9rieures du Royaume.\",\"breadcrumb\":{\"@id\":\"https:\\\/\\\/dpress.ma\\\/fr\\\/2023\\\/01\\\/24\\\/les-composantes-du-parlement-condamnent-unanimement-la-resolution-du-pe-et-rejettent-lingerence-dans-les-affaires-interieures-du-royaume\\\/#breadcrumb\"},\"inLanguage\":\"fr-FR\",\"potentialAction\":[{\"@type\":\"ReadAction\",\"target\":[\"https:\\\/\\\/dpress.ma\\\/fr\\\/2023\\\/01\\\/24\\\/les-composantes-du-parlement-condamnent-unanimement-la-resolution-du-pe-et-rejettent-lingerence-dans-les-affaires-interieures-du-royaume\\\/\"]}]},{\"@type\":\"ImageObject\",\"inLanguage\":\"fr-FR\",\"@id\":\"https:\\\/\\\/dpress.ma\\\/fr\\\/2023\\\/01\\\/24\\\/les-composantes-du-parlement-condamnent-unanimement-la-resolution-du-pe-et-rejettent-lingerence-dans-les-affaires-interieures-du-royaume\\\/#primaryimage\",\"url\":\"https:\\\/\\\/dpress.ma\\\/fr\\\/wp-content\\\/uploads\\\/sites\\\/2\\\/2022\\\/07\\\/sdfdsf.jpg\",\"contentUrl\":\"https:\\\/\\\/dpress.ma\\\/fr\\\/wp-content\\\/uploads\\\/sites\\\/2\\\/2022\\\/07\\\/sdfdsf.jpg\",\"width\":2539,\"height\":1594},{\"@type\":\"BreadcrumbList\",\"@id\":\"https:\\\/\\\/dpress.ma\\\/fr\\\/2023\\\/01\\\/24\\\/les-composantes-du-parlement-condamnent-unanimement-la-resolution-du-pe-et-rejettent-lingerence-dans-les-affaires-interieures-du-royaume\\\/#breadcrumb\",\"itemListElement\":[{\"@type\":\"ListItem\",\"position\":1,\"name\":\"Home\",\"item\":\"https:\\\/\\\/dpress.ma\\\/fr\\\/\"},{\"@type\":\"ListItem\",\"position\":2,\"name\":\"Les composantes du Parlement condamnent unanimement la r\u00e9solution du PE et rejettent l\u2019ing\u00e9rence dans les affaires int\u00e9rieures du Royaume\"}]},{\"@type\":\"WebSite\",\"@id\":\"https:\\\/\\\/dpress.ma\\\/fr\\\/#website\",\"url\":\"https:\\\/\\\/dpress.ma\\\/fr\\\/\",\"name\":\"Dpress.ma\\\/fr\",\"description\":\"\",\"potentialAction\":[{\"@type\":\"SearchAction\",\"target\":{\"@type\":\"EntryPoint\",\"urlTemplate\":\"https:\\\/\\\/dpress.ma\\\/fr\\\/?s={search_term_string}\"},\"query-input\":{\"@type\":\"PropertyValueSpecification\",\"valueRequired\":true,\"valueName\":\"search_term_string\"}}],\"inLanguage\":\"fr-FR\"},{\"@type\":\"Person\",\"@id\":\"https:\\\/\\\/dpress.ma\\\/fr\\\/#\\\/schema\\\/person\\\/4898febf3ccd59e6578d838656a306a0\",\"name\":\"Dpress.ma\",\"image\":{\"@type\":\"ImageObject\",\"inLanguage\":\"fr-FR\",\"@id\":\"https:\\\/\\\/secure.gravatar.com\\\/avatar\\\/72ecc30e9db047a2e0e7176561eb9d564ed77c8108376495b19bd8336405198a?s=96&d=mm&r=g\",\"url\":\"https:\\\/\\\/secure.gravatar.com\\\/avatar\\\/72ecc30e9db047a2e0e7176561eb9d564ed77c8108376495b19bd8336405198a?s=96&d=mm&r=g\",\"contentUrl\":\"https:\\\/\\\/secure.gravatar.com\\\/avatar\\\/72ecc30e9db047a2e0e7176561eb9d564ed77c8108376495b19bd8336405198a?s=96&d=mm&r=g\",\"caption\":\"Dpress.ma\"},\"sameAs\":[\"https:\\\/\\\/www.dpress.ma\"],\"url\":\"https:\\\/\\\/dpress.ma\\\/fr\\\/author\\\/dpress-ma\\\/\"}]}<\/script>\n<!-- \/ Yoast SEO plugin. -->","yoast_head_json":{"title":"Les composantes du Parlement condamnent unanimement la r\u00e9solution du PE et rejettent l\u2019ing\u00e9rence dans les affaires int\u00e9rieures du Royaume - Dpress.ma\/fr","description":"Les groupes et groupements parlementaires des deux Chambres du Parlement ont unanimement condamn\u00e9, lundi, la r\u00e9cente r\u00e9solution du Parlement europ\u00e9en (PE) \u00e0 l\u2019\u00e9gard du Maroc, exprimant leur rejet cat\u00e9gorique des ing\u00e9rences ext\u00e9rieures dans les affaires int\u00e9rieures du Royaume.","robots":{"index":"index","follow":"follow","max-snippet":"max-snippet:-1","max-image-preview":"max-image-preview:large","max-video-preview":"max-video-preview:-1"},"canonical":"https:\/\/dpress.ma\/fr\/2023\/01\/24\/les-composantes-du-parlement-condamnent-unanimement-la-resolution-du-pe-et-rejettent-lingerence-dans-les-affaires-interieures-du-royaume\/","og_locale":"fr_FR","og_type":"article","og_title":"Les composantes du Parlement condamnent unanimement la r\u00e9solution du PE et rejettent l\u2019ing\u00e9rence dans les affaires int\u00e9rieures du Royaume - Dpress.ma\/fr","og_description":"Les groupes et groupements parlementaires des deux Chambres du Parlement ont unanimement condamn\u00e9, lundi, la r\u00e9cente r\u00e9solution du Parlement europ\u00e9en (PE) \u00e0 l\u2019\u00e9gard du Maroc, exprimant leur rejet cat\u00e9gorique des ing\u00e9rences ext\u00e9rieures dans les affaires int\u00e9rieures du Royaume.","og_url":"https:\/\/dpress.ma\/fr\/2023\/01\/24\/les-composantes-du-parlement-condamnent-unanimement-la-resolution-du-pe-et-rejettent-lingerence-dans-les-affaires-interieures-du-royaume\/","og_site_name":"Dpress.ma\/fr","article_published_time":"2023-01-24T14:22:08+00:00","article_modified_time":"2023-01-24T14:22:10+00:00","og_image":[{"width":2539,"height":1594,"url":"https:\/\/dpress.ma\/fr\/wp-content\/uploads\/sites\/2\/2022\/07\/sdfdsf.jpg","type":"image\/jpeg"}],"author":"Dpress.ma","twitter_card":"summary_large_image","twitter_misc":{"\u00c9crit par":"Dpress.ma","Dur\u00e9e de lecture estim\u00e9e":"9 minutes"},"schema":{"@context":"https:\/\/schema.org","@graph":[{"@type":"Article","@id":"https:\/\/dpress.ma\/fr\/2023\/01\/24\/les-composantes-du-parlement-condamnent-unanimement-la-resolution-du-pe-et-rejettent-lingerence-dans-les-affaires-interieures-du-royaume\/#article","isPartOf":{"@id":"https:\/\/dpress.ma\/fr\/2023\/01\/24\/les-composantes-du-parlement-condamnent-unanimement-la-resolution-du-pe-et-rejettent-lingerence-dans-les-affaires-interieures-du-royaume\/"},"author":{"name":"Dpress.ma","@id":"https:\/\/dpress.ma\/fr\/#\/schema\/person\/4898febf3ccd59e6578d838656a306a0"},"headline":"Les composantes du Parlement condamnent unanimement la r\u00e9solution du PE et rejettent l\u2019ing\u00e9rence dans les affaires int\u00e9rieures du Royaume","datePublished":"2023-01-24T14:22:08+00:00","dateModified":"2023-01-24T14:22:10+00:00","mainEntityOfPage":{"@id":"https:\/\/dpress.ma\/fr\/2023\/01\/24\/les-composantes-du-parlement-condamnent-unanimement-la-resolution-du-pe-et-rejettent-lingerence-dans-les-affaires-interieures-du-royaume\/"},"wordCount":2010,"commentCount":0,"image":{"@id":"https:\/\/dpress.ma\/fr\/2023\/01\/24\/les-composantes-du-parlement-condamnent-unanimement-la-resolution-du-pe-et-rejettent-lingerence-dans-les-affaires-interieures-du-royaume\/#primaryimage"},"thumbnailUrl":"https:\/\/dpress.ma\/fr\/wp-content\/uploads\/sites\/2\/2022\/07\/sdfdsf.jpg","articleSection":["Diplomatie Parlementaire"],"inLanguage":"fr-FR","potentialAction":[{"@type":"CommentAction","name":"Comment","target":["https:\/\/dpress.ma\/fr\/2023\/01\/24\/les-composantes-du-parlement-condamnent-unanimement-la-resolution-du-pe-et-rejettent-lingerence-dans-les-affaires-interieures-du-royaume\/#respond"]}]},{"@type":"WebPage","@id":"https:\/\/dpress.ma\/fr\/2023\/01\/24\/les-composantes-du-parlement-condamnent-unanimement-la-resolution-du-pe-et-rejettent-lingerence-dans-les-affaires-interieures-du-royaume\/","url":"https:\/\/dpress.ma\/fr\/2023\/01\/24\/les-composantes-du-parlement-condamnent-unanimement-la-resolution-du-pe-et-rejettent-lingerence-dans-les-affaires-interieures-du-royaume\/","name":"Les composantes du Parlement condamnent unanimement la r\u00e9solution du PE et rejettent l\u2019ing\u00e9rence dans les affaires int\u00e9rieures du Royaume - Dpress.ma\/fr","isPartOf":{"@id":"https:\/\/dpress.ma\/fr\/#website"},"primaryImageOfPage":{"@id":"https:\/\/dpress.ma\/fr\/2023\/01\/24\/les-composantes-du-parlement-condamnent-unanimement-la-resolution-du-pe-et-rejettent-lingerence-dans-les-affaires-interieures-du-royaume\/#primaryimage"},"image":{"@id":"https:\/\/dpress.ma\/fr\/2023\/01\/24\/les-composantes-du-parlement-condamnent-unanimement-la-resolution-du-pe-et-rejettent-lingerence-dans-les-affaires-interieures-du-royaume\/#primaryimage"},"thumbnailUrl":"https:\/\/dpress.ma\/fr\/wp-content\/uploads\/sites\/2\/2022\/07\/sdfdsf.jpg","datePublished":"2023-01-24T14:22:08+00:00","dateModified":"2023-01-24T14:22:10+00:00","author":{"@id":"https:\/\/dpress.ma\/fr\/#\/schema\/person\/4898febf3ccd59e6578d838656a306a0"},"description":"Les groupes et groupements parlementaires des deux Chambres du Parlement ont unanimement condamn\u00e9, lundi, la r\u00e9cente r\u00e9solution du Parlement europ\u00e9en (PE) \u00e0 l\u2019\u00e9gard du Maroc, exprimant leur rejet cat\u00e9gorique des ing\u00e9rences ext\u00e9rieures dans les affaires int\u00e9rieures du Royaume.","breadcrumb":{"@id":"https:\/\/dpress.ma\/fr\/2023\/01\/24\/les-composantes-du-parlement-condamnent-unanimement-la-resolution-du-pe-et-rejettent-lingerence-dans-les-affaires-interieures-du-royaume\/#breadcrumb"},"inLanguage":"fr-FR","potentialAction":[{"@type":"ReadAction","target":["https:\/\/dpress.ma\/fr\/2023\/01\/24\/les-composantes-du-parlement-condamnent-unanimement-la-resolution-du-pe-et-rejettent-lingerence-dans-les-affaires-interieures-du-royaume\/"]}]},{"@type":"ImageObject","inLanguage":"fr-FR","@id":"https:\/\/dpress.ma\/fr\/2023\/01\/24\/les-composantes-du-parlement-condamnent-unanimement-la-resolution-du-pe-et-rejettent-lingerence-dans-les-affaires-interieures-du-royaume\/#primaryimage","url":"https:\/\/dpress.ma\/fr\/wp-content\/uploads\/sites\/2\/2022\/07\/sdfdsf.jpg","contentUrl":"https:\/\/dpress.ma\/fr\/wp-content\/uploads\/sites\/2\/2022\/07\/sdfdsf.jpg","width":2539,"height":1594},{"@type":"BreadcrumbList","@id":"https:\/\/dpress.ma\/fr\/2023\/01\/24\/les-composantes-du-parlement-condamnent-unanimement-la-resolution-du-pe-et-rejettent-lingerence-dans-les-affaires-interieures-du-royaume\/#breadcrumb","itemListElement":[{"@type":"ListItem","position":1,"name":"Home","item":"https:\/\/dpress.ma\/fr\/"},{"@type":"ListItem","position":2,"name":"Les composantes du Parlement condamnent unanimement la r\u00e9solution du PE et rejettent l\u2019ing\u00e9rence dans les affaires int\u00e9rieures du Royaume"}]},{"@type":"WebSite","@id":"https:\/\/dpress.ma\/fr\/#website","url":"https:\/\/dpress.ma\/fr\/","name":"Dpress.ma\/fr","description":"","potentialAction":[{"@type":"SearchAction","target":{"@type":"EntryPoint","urlTemplate":"https:\/\/dpress.ma\/fr\/?s={search_term_string}"},"query-input":{"@type":"PropertyValueSpecification","valueRequired":true,"valueName":"search_term_string"}}],"inLanguage":"fr-FR"},{"@type":"Person","@id":"https:\/\/dpress.ma\/fr\/#\/schema\/person\/4898febf3ccd59e6578d838656a306a0","name":"Dpress.ma","image":{"@type":"ImageObject","inLanguage":"fr-FR","@id":"https:\/\/secure.gravatar.com\/avatar\/72ecc30e9db047a2e0e7176561eb9d564ed77c8108376495b19bd8336405198a?s=96&d=mm&r=g","url":"https:\/\/secure.gravatar.com\/avatar\/72ecc30e9db047a2e0e7176561eb9d564ed77c8108376495b19bd8336405198a?s=96&d=mm&r=g","contentUrl":"https:\/\/secure.gravatar.com\/avatar\/72ecc30e9db047a2e0e7176561eb9d564ed77c8108376495b19bd8336405198a?s=96&d=mm&r=g","caption":"Dpress.ma"},"sameAs":["https:\/\/www.dpress.ma"],"url":"https:\/\/dpress.ma\/fr\/author\/dpress-ma\/"}]}},"amp_enabled":true,"_links":{"self":[{"href":"https:\/\/dpress.ma\/fr\/wp-json\/wp\/v2\/posts\/3349","targetHints":{"allow":["GET"]}}],"collection":[{"href":"https:\/\/dpress.ma\/fr\/wp-json\/wp\/v2\/posts"}],"about":[{"href":"https:\/\/dpress.ma\/fr\/wp-json\/wp\/v2\/types\/post"}],"author":[{"embeddable":true,"href":"https:\/\/dpress.ma\/fr\/wp-json\/wp\/v2\/users\/2"}],"replies":[{"embeddable":true,"href":"https:\/\/dpress.ma\/fr\/wp-json\/wp\/v2\/comments?post=3349"}],"version-history":[{"count":1,"href":"https:\/\/dpress.ma\/fr\/wp-json\/wp\/v2\/posts\/3349\/revisions"}],"predecessor-version":[{"id":3350,"href":"https:\/\/dpress.ma\/fr\/wp-json\/wp\/v2\/posts\/3349\/revisions\/3350"}],"wp:featuredmedia":[{"embeddable":true,"href":"https:\/\/dpress.ma\/fr\/wp-json\/wp\/v2\/media\/1920"}],"wp:attachment":[{"href":"https:\/\/dpress.ma\/fr\/wp-json\/wp\/v2\/media?parent=3349"}],"wp:term":[{"taxonomy":"category","embeddable":true,"href":"https:\/\/dpress.ma\/fr\/wp-json\/wp\/v2\/categories?post=3349"},{"taxonomy":"post_tag","embeddable":true,"href":"https:\/\/dpress.ma\/fr\/wp-json\/wp\/v2\/tags?post=3349"}],"curies":[{"name":"wp","href":"https:\/\/api.w.org\/{rel}","templated":true}]}}