{"id":33169,"date":"2026-06-09T10:36:03","date_gmt":"2026-06-09T10:36:03","guid":{"rendered":"https:\/\/dpress.ma\/fr\/?p=33169"},"modified":"2026-06-09T10:36:05","modified_gmt":"2026-06-09T10:36:05","slug":"chambre-des-representants-adoption-dun-projet-de-loi-relatif-aux-lotissements-groupes-dhabitations-et-morcellements","status":"publish","type":"post","link":"https:\/\/dpress.ma\/fr\/2026\/06\/09\/chambre-des-representants-adoption-dun-projet-de-loi-relatif-aux-lotissements-groupes-dhabitations-et-morcellements\/","title":{"rendered":"Chambre des repr\u00e9sentants : adoption d\u2019un projet de loi relatif aux lotissements, groupes d\u2019habitations et morcellements"},"content":{"rendered":"\n<p class=\"wp-block-paragraph\">Dpress<\/p>\n\n\n\n<p class=\"wp-block-paragraph\">La Chambre des repr\u00e9sentants a adopt\u00e9, lundi \u00e0 la majorit\u00e9, le projet de loi n 34.21 modifiant et compl\u00e9tant la loi n 25.90 relative aux lotissements, groupes d\u2019habitations et morcellements.<\/p>\n\n\n\n<p class=\"wp-block-paragraph\">Ce texte, approuv\u00e9 par 120 voix pour, avec 50 abstentions et sans aucune voix contre, s\u2019inscrit dans le cadre de la mise en \u0153uvre des recommandations issues du Dialogue national sur l\u2019urbanisme et l\u2019habitat, a indiqu\u00e9&nbsp;le secr\u00e9taire d\u2019\u00c9tat charg\u00e9 de l\u2019Habitat, Adib Benbrahim, qui pr\u00e9sentait ledit projet.<\/p>\n\n\n\n<p class=\"wp-block-paragraph\">Il refl\u00e8te \u00e9galement l&rsquo;engagement du gouvernement \u00e0 interagir positivement avec les initiatives l\u00e9gislatives et les propositions visant \u00e0 d\u00e9velopper le cadre juridique r\u00e9gissant ce secteur, a-t-il expliqu\u00e9, notant que les mutations qu\u2019a connues le Royaume durant les derni\u00e8re d\u00e9cennies, ainsi que l\u2019expansion urbaine acc\u00e9l\u00e9r\u00e9e qui les a accompagn\u00e9es, ont mis en \u00e9vidence la n\u00e9cessit\u00e9 de r\u00e9viser plusieurs dispositions de la loi n 25.90 depuis son adoption en 1992.<\/p>\n\n\n\n<p class=\"wp-block-paragraph\">Et de souligner que le nouveau texte pr\u00e9voit d&rsquo;adapter les d\u00e9lais de r\u00e9alisation des projets de lotissement en fonction de leur taille et de leur nature, allant de 3 ans pour les lotissements dont la superficie est inf\u00e9rieure \u00e0 20 hectares, \u00e0 15 ans pour ceux dont la superficie d\u00e9passe 400 hectares, en vue de garantir l\u2019efficacit\u00e9 dans l\u2019ex\u00e9cution, ainsi que de renforcer la cr\u00e9ation d\u2019infrastructures et d\u2019\u00e9quipements publics au sein des lotissements dans le but de garantir un environnement urbain int\u00e9gr\u00e9 au profit des citoyens.<\/p>\n\n\n\n<p class=\"wp-block-paragraph\">Le projet de loi pr\u00e9voit \u00e9galement de garantir le transfert automatique des \u00e9quipements publics au domaine public communal d\u00e8s la r\u00e9ception provisoire des travaux et d&rsquo;engager la responsabilit\u00e9 des promoteurs immobiliers dans la r\u00e9paration des imperfections et d\u00e9fauts pouvant appara\u00eetre apr\u00e8s la r\u00e9alisation du projet, a indiqu\u00e9 M. Benbrahim, ajoutant qu\u2019il s\u2019agit \u00e9galement de fournir des solutions juridiques pour faire face aux situations sociales d&rsquo;urgence, particuli\u00e8rement en ce qui concerne le relogement des victimes de catastrophes naturelles et la lutte contre l&rsquo;habitat insalubre.<\/p>\n\n\n\n<p class=\"wp-block-paragraph\">Il a \u00e9galement \u00e9voqu\u00e9 des dispositions visant \u00e0 simplifier les proc\u00e9dures administratives et \u00e0 r\u00e9duire les d\u00e9lais de d\u00e9livrance des autorisations, \u00e0 m\u00eame de faciliter la r\u00e9alisation des projets et stimuler le climat d\u2019affaires et d\u2019investissement, soulignant l\u2019impact direct de cette r\u00e9forme l\u00e9gislative en termes d\u2019am\u00e9lioration de la qualit\u00e9 des quartiers r\u00e9sidentiels, de disponibilit\u00e9 des infrastructures et \u00e9quipements de base, du renforcement de la s\u00e9curit\u00e9 juridique des biens immobiliers et d&rsquo;am\u00e9lioration du cadre de vie.<\/p>\n\n\n\n<p class=\"wp-block-paragraph\">Le projet offre, de m\u00eame, une vision plus claire, des proc\u00e9dures plus simples et transparentes, ainsi que des d\u00e9lais plus adapt\u00e9s \u00e0 la r\u00e9alisation des projets, permettant de renforcer la confiance, d&rsquo;encourager l&rsquo;investissement, de cr\u00e9er des emplois et de stimuler la dynamique \u00e9conomique, a-t-il poursuivi.<\/p>\n\n\n\n<p class=\"wp-block-paragraph\">Pour leur part, les groupes de la majorit\u00e9 ont consid\u00e9r\u00e9 que les nouvelles dispositions jettent les bases d&rsquo;un nouveau cadre l\u00e9gislatif en phase avec les mutations \u00e9conomiques, sociales et urbaines que connait le Maroc, et adoss\u00e9 \u00e0 une nouvelle vision dans la gestion du secteur, bas\u00e9e sur l&rsquo;\u00e9quilibre entre la promotion de l\u2019investissement, la protection de l\u2019int\u00e9r\u00eat g\u00e9n\u00e9ral et l\u2019acc\u00e9l\u00e9ration du d\u00e9veloppement.<\/p>\n\n\n\n<p class=\"wp-block-paragraph\">Ils ont \u00e9galement mis en avant la port\u00e9e des nouveaut\u00e9s introduites par cette loi, au premier rang desquelles la r\u00e9vision des d\u00e9lais l\u00e9gaux li\u00e9s \u00e0 la r\u00e9alisation des lotissements, notant que le projet a adopt\u00e9 une nouvelle approche liant le d\u00e9lai \u00e0 la superficie et \u00e0 la nature du projet, \u00ab\u00a0apr\u00e8s que la r\u00e9alit\u00e9 a prouv\u00e9 que le d\u00e9lai de trois ans n&rsquo;\u00e9tait plus suffisant pour accompagner l&rsquo;ampleur et la complexit\u00e9 des grands projets\u00a0\u00bb.<\/p>\n\n\n\n<p class=\"wp-block-paragraph\">De leur c\u00f4t\u00e9, les groupes et groupements de l&rsquo;opposition ont soulign\u00e9 l&rsquo;importance de la r\u00e9forme du cadre juridique r\u00e9gissant les lotissements, particuli\u00e8rement apr\u00e8s que \u00ab\u00a0l&rsquo;application de la loi actuelle a r\u00e9v\u00e9l\u00e9 des dysfonctionnements li\u00e9s \u00e0 la lenteur des proc\u00e9dures, \u00e0 la pl\u00e9thore des intervenants, au chevauchement des comp\u00e9tences et \u00e0 la faiblesse de la coordination\u00a0\u00bb.<\/p>\n\n\n\n<p class=\"wp-block-paragraph\">L\u2019opposition a salu\u00e9 les dispositions visant \u00e0 fixer de nouveaux d\u00e9lais pour l\u2019autorisation de lotir, \u00e0 permettre la suspension de ces d\u00e9lais en cas d\u2019interruption impr\u00e9vue des travaux, et \u00e0 habiliter le pr\u00e9sident du conseil communal \u00e0 recouvrer les frais li\u00e9s \u00e0 la r\u00e9paration des d\u00e9fauts susceptibles d\u2019appara\u00eetre apr\u00e8s la r\u00e9ception provisoire des travaux d\u2019am\u00e9nagement des infrastructures publiques.<\/p>\n\n\n\n<p class=\"wp-block-paragraph\">Toutefois, l&rsquo;opposition a estim\u00e9 que certaines dispositions du projet soul\u00e8vent nombre d&rsquo;interrogations, mettant en garde contre le risque que \u00ab\u00a0la simplification des proc\u00e9dures ne se traduise par une remise en cause des garanties juridiques et des m\u00e9canismes de contr\u00f4le (&#8230;) et que l&rsquo;investissement immobilier ne soit plac\u00e9 au-dessus de l&rsquo;int\u00e9r\u00eat g\u00e9n\u00e9ral et du droit \u00e0 un logement d\u00e9cent\u00a0\u00bb.<\/p>\n","protected":false},"excerpt":{"rendered":"<p>Dpress La Chambre des repr\u00e9sentants a adopt\u00e9, lundi \u00e0 la majorit\u00e9, le projet de loi n 34.21 modifiant et compl\u00e9tant la loi n 25.90 relative aux lotissements, groupes d\u2019habitations et morcellements. Ce texte, approuv\u00e9 par 120 voix pour, avec 50 abstentions et sans aucune voix contre, s\u2019inscrit dans le cadre de la mise en \u0153uvre &hellip;<\/p>\n","protected":false},"author":2,"featured_media":33170,"comment_status":"open","ping_status":"open","sticky":false,"template":"","format":"standard","meta":{"footnotes":""},"categories":[26],"tags":[],"class_list":["post-33169","post","type-post","status-publish","format-standard","has-post-thumbnail","hentry","category-politiques"],"yoast_head":"<!-- This site is optimized with the Yoast SEO plugin v28.0 - https:\/\/yoast.com\/product\/yoast-seo-wordpress\/ -->\n<title>Chambre des repr\u00e9sentants : adoption d\u2019un projet de loi relatif aux lotissements, groupes d\u2019habitations et morcellements - Dpress.ma\/fr<\/title>\n<meta name=\"robots\" content=\"index, follow, max-snippet:-1, max-image-preview:large, max-video-preview:-1\" \/>\n<link rel=\"canonical\" href=\"https:\/\/dpress.ma\/fr\/2026\/06\/09\/chambre-des-representants-adoption-dun-projet-de-loi-relatif-aux-lotissements-groupes-dhabitations-et-morcellements\/\" \/>\n<meta property=\"og:locale\" content=\"fr_FR\" \/>\n<meta property=\"og:type\" content=\"article\" \/>\n<meta property=\"og:title\" content=\"Chambre des repr\u00e9sentants : adoption d\u2019un projet de loi relatif aux lotissements, groupes d\u2019habitations et morcellements - Dpress.ma\/fr\" \/>\n<meta property=\"og:description\" content=\"Dpress La Chambre des repr\u00e9sentants a adopt\u00e9, lundi \u00e0 la majorit\u00e9, le projet de loi n 34.21 modifiant et compl\u00e9tant la loi n 25.90 relative aux lotissements, groupes d\u2019habitations et morcellements. Ce texte, approuv\u00e9 par 120 voix pour, avec 50 abstentions et sans aucune voix contre, s\u2019inscrit dans le cadre de la mise en \u0153uvre &hellip;\" \/>\n<meta property=\"og:url\" content=\"https:\/\/dpress.ma\/fr\/2026\/06\/09\/chambre-des-representants-adoption-dun-projet-de-loi-relatif-aux-lotissements-groupes-dhabitations-et-morcellements\/\" \/>\n<meta property=\"og:site_name\" content=\"Dpress.ma\/fr\" \/>\n<meta property=\"article:published_time\" content=\"2026-06-09T10:36:03+00:00\" \/>\n<meta property=\"article:modified_time\" content=\"2026-06-09T10:36:05+00:00\" \/>\n<meta property=\"og:image\" content=\"https:\/\/dpress.ma\/fr\/wp-content\/uploads\/sites\/2\/2026\/06\/42-4.jpg\" \/>\n\t<meta property=\"og:image:width\" content=\"2539\" \/>\n\t<meta property=\"og:image:height\" content=\"1594\" \/>\n\t<meta property=\"og:image:type\" content=\"image\/jpeg\" \/>\n<meta name=\"author\" content=\"Dpress.ma\" \/>\n<meta name=\"twitter:card\" content=\"summary_large_image\" \/>\n<meta name=\"twitter:label1\" content=\"\u00c9crit par\" \/>\n\t<meta name=\"twitter:data1\" content=\"Dpress.ma\" \/>\n\t<meta name=\"twitter:label2\" content=\"Dur\u00e9e de lecture estim\u00e9e\" \/>\n\t<meta name=\"twitter:data2\" content=\"4 minutes\" \/>\n<script type=\"application\/ld+json\" class=\"yoast-schema-graph\">{\"@context\":\"https:\\\/\\\/schema.org\",\"@graph\":[{\"@type\":\"Article\",\"@id\":\"https:\\\/\\\/dpress.ma\\\/fr\\\/2026\\\/06\\\/09\\\/chambre-des-representants-adoption-dun-projet-de-loi-relatif-aux-lotissements-groupes-dhabitations-et-morcellements\\\/#article\",\"isPartOf\":{\"@id\":\"https:\\\/\\\/dpress.ma\\\/fr\\\/2026\\\/06\\\/09\\\/chambre-des-representants-adoption-dun-projet-de-loi-relatif-aux-lotissements-groupes-dhabitations-et-morcellements\\\/\"},\"author\":{\"name\":\"Dpress.ma\",\"@id\":\"https:\\\/\\\/dpress.ma\\\/fr\\\/#\\\/schema\\\/person\\\/4898febf3ccd59e6578d838656a306a0\"},\"headline\":\"Chambre des repr\u00e9sentants : adoption d\u2019un projet de loi relatif aux lotissements, groupes d\u2019habitations et morcellements\",\"datePublished\":\"2026-06-09T10:36:03+00:00\",\"dateModified\":\"2026-06-09T10:36:05+00:00\",\"mainEntityOfPage\":{\"@id\":\"https:\\\/\\\/dpress.ma\\\/fr\\\/2026\\\/06\\\/09\\\/chambre-des-representants-adoption-dun-projet-de-loi-relatif-aux-lotissements-groupes-dhabitations-et-morcellements\\\/\"},\"wordCount\":860,\"commentCount\":0,\"image\":{\"@id\":\"https:\\\/\\\/dpress.ma\\\/fr\\\/2026\\\/06\\\/09\\\/chambre-des-representants-adoption-dun-projet-de-loi-relatif-aux-lotissements-groupes-dhabitations-et-morcellements\\\/#primaryimage\"},\"thumbnailUrl\":\"https:\\\/\\\/dpress.ma\\\/fr\\\/wp-content\\\/uploads\\\/sites\\\/2\\\/2026\\\/06\\\/42-4.jpg\",\"articleSection\":[\"Politiques\"],\"inLanguage\":\"fr-FR\",\"potentialAction\":[{\"@type\":\"CommentAction\",\"name\":\"Comment\",\"target\":[\"https:\\\/\\\/dpress.ma\\\/fr\\\/2026\\\/06\\\/09\\\/chambre-des-representants-adoption-dun-projet-de-loi-relatif-aux-lotissements-groupes-dhabitations-et-morcellements\\\/#respond\"]}]},{\"@type\":\"WebPage\",\"@id\":\"https:\\\/\\\/dpress.ma\\\/fr\\\/2026\\\/06\\\/09\\\/chambre-des-representants-adoption-dun-projet-de-loi-relatif-aux-lotissements-groupes-dhabitations-et-morcellements\\\/\",\"url\":\"https:\\\/\\\/dpress.ma\\\/fr\\\/2026\\\/06\\\/09\\\/chambre-des-representants-adoption-dun-projet-de-loi-relatif-aux-lotissements-groupes-dhabitations-et-morcellements\\\/\",\"name\":\"Chambre des repr\u00e9sentants : adoption d\u2019un projet de loi relatif aux lotissements, groupes d\u2019habitations et morcellements - Dpress.ma\\\/fr\",\"isPartOf\":{\"@id\":\"https:\\\/\\\/dpress.ma\\\/fr\\\/#website\"},\"primaryImageOfPage\":{\"@id\":\"https:\\\/\\\/dpress.ma\\\/fr\\\/2026\\\/06\\\/09\\\/chambre-des-representants-adoption-dun-projet-de-loi-relatif-aux-lotissements-groupes-dhabitations-et-morcellements\\\/#primaryimage\"},\"image\":{\"@id\":\"https:\\\/\\\/dpress.ma\\\/fr\\\/2026\\\/06\\\/09\\\/chambre-des-representants-adoption-dun-projet-de-loi-relatif-aux-lotissements-groupes-dhabitations-et-morcellements\\\/#primaryimage\"},\"thumbnailUrl\":\"https:\\\/\\\/dpress.ma\\\/fr\\\/wp-content\\\/uploads\\\/sites\\\/2\\\/2026\\\/06\\\/42-4.jpg\",\"datePublished\":\"2026-06-09T10:36:03+00:00\",\"dateModified\":\"2026-06-09T10:36:05+00:00\",\"author\":{\"@id\":\"https:\\\/\\\/dpress.ma\\\/fr\\\/#\\\/schema\\\/person\\\/4898febf3ccd59e6578d838656a306a0\"},\"breadcrumb\":{\"@id\":\"https:\\\/\\\/dpress.ma\\\/fr\\\/2026\\\/06\\\/09\\\/chambre-des-representants-adoption-dun-projet-de-loi-relatif-aux-lotissements-groupes-dhabitations-et-morcellements\\\/#breadcrumb\"},\"inLanguage\":\"fr-FR\",\"potentialAction\":[{\"@type\":\"ReadAction\",\"target\":[\"https:\\\/\\\/dpress.ma\\\/fr\\\/2026\\\/06\\\/09\\\/chambre-des-representants-adoption-dun-projet-de-loi-relatif-aux-lotissements-groupes-dhabitations-et-morcellements\\\/\"]}]},{\"@type\":\"ImageObject\",\"inLanguage\":\"fr-FR\",\"@id\":\"https:\\\/\\\/dpress.ma\\\/fr\\\/2026\\\/06\\\/09\\\/chambre-des-representants-adoption-dun-projet-de-loi-relatif-aux-lotissements-groupes-dhabitations-et-morcellements\\\/#primaryimage\",\"url\":\"https:\\\/\\\/dpress.ma\\\/fr\\\/wp-content\\\/uploads\\\/sites\\\/2\\\/2026\\\/06\\\/42-4.jpg\",\"contentUrl\":\"https:\\\/\\\/dpress.ma\\\/fr\\\/wp-content\\\/uploads\\\/sites\\\/2\\\/2026\\\/06\\\/42-4.jpg\",\"width\":2539,\"height\":1594},{\"@type\":\"BreadcrumbList\",\"@id\":\"https:\\\/\\\/dpress.ma\\\/fr\\\/2026\\\/06\\\/09\\\/chambre-des-representants-adoption-dun-projet-de-loi-relatif-aux-lotissements-groupes-dhabitations-et-morcellements\\\/#breadcrumb\",\"itemListElement\":[{\"@type\":\"ListItem\",\"position\":1,\"name\":\"Home\",\"item\":\"https:\\\/\\\/dpress.ma\\\/fr\\\/\"},{\"@type\":\"ListItem\",\"position\":2,\"name\":\"Chambre des repr\u00e9sentants : adoption d\u2019un projet de loi relatif aux lotissements, groupes d\u2019habitations et morcellements\"}]},{\"@type\":\"WebSite\",\"@id\":\"https:\\\/\\\/dpress.ma\\\/fr\\\/#website\",\"url\":\"https:\\\/\\\/dpress.ma\\\/fr\\\/\",\"name\":\"Dpress.ma\\\/fr\",\"description\":\"\",\"potentialAction\":[{\"@type\":\"SearchAction\",\"target\":{\"@type\":\"EntryPoint\",\"urlTemplate\":\"https:\\\/\\\/dpress.ma\\\/fr\\\/?s={search_term_string}\"},\"query-input\":{\"@type\":\"PropertyValueSpecification\",\"valueRequired\":true,\"valueName\":\"search_term_string\"}}],\"inLanguage\":\"fr-FR\"},{\"@type\":\"Person\",\"@id\":\"https:\\\/\\\/dpress.ma\\\/fr\\\/#\\\/schema\\\/person\\\/4898febf3ccd59e6578d838656a306a0\",\"name\":\"Dpress.ma\",\"image\":{\"@type\":\"ImageObject\",\"inLanguage\":\"fr-FR\",\"@id\":\"https:\\\/\\\/secure.gravatar.com\\\/avatar\\\/72ecc30e9db047a2e0e7176561eb9d564ed77c8108376495b19bd8336405198a?s=96&d=mm&r=g\",\"url\":\"https:\\\/\\\/secure.gravatar.com\\\/avatar\\\/72ecc30e9db047a2e0e7176561eb9d564ed77c8108376495b19bd8336405198a?s=96&d=mm&r=g\",\"contentUrl\":\"https:\\\/\\\/secure.gravatar.com\\\/avatar\\\/72ecc30e9db047a2e0e7176561eb9d564ed77c8108376495b19bd8336405198a?s=96&d=mm&r=g\",\"caption\":\"Dpress.ma\"},\"sameAs\":[\"https:\\\/\\\/www.dpress.ma\"],\"url\":\"https:\\\/\\\/dpress.ma\\\/fr\\\/author\\\/dpress-ma\\\/\"}]}<\/script>\n<!-- \/ Yoast SEO plugin. -->","yoast_head_json":{"title":"Chambre des repr\u00e9sentants : adoption d\u2019un projet de loi relatif aux lotissements, groupes d\u2019habitations et morcellements - Dpress.ma\/fr","robots":{"index":"index","follow":"follow","max-snippet":"max-snippet:-1","max-image-preview":"max-image-preview:large","max-video-preview":"max-video-preview:-1"},"canonical":"https:\/\/dpress.ma\/fr\/2026\/06\/09\/chambre-des-representants-adoption-dun-projet-de-loi-relatif-aux-lotissements-groupes-dhabitations-et-morcellements\/","og_locale":"fr_FR","og_type":"article","og_title":"Chambre des repr\u00e9sentants : adoption d\u2019un projet de loi relatif aux lotissements, groupes d\u2019habitations et morcellements - Dpress.ma\/fr","og_description":"Dpress La Chambre des repr\u00e9sentants a adopt\u00e9, lundi \u00e0 la majorit\u00e9, le projet de loi n 34.21 modifiant et compl\u00e9tant la loi n 25.90 relative aux lotissements, groupes d\u2019habitations et morcellements. Ce texte, approuv\u00e9 par 120 voix pour, avec 50 abstentions et sans aucune voix contre, s\u2019inscrit dans le cadre de la mise en \u0153uvre &hellip;","og_url":"https:\/\/dpress.ma\/fr\/2026\/06\/09\/chambre-des-representants-adoption-dun-projet-de-loi-relatif-aux-lotissements-groupes-dhabitations-et-morcellements\/","og_site_name":"Dpress.ma\/fr","article_published_time":"2026-06-09T10:36:03+00:00","article_modified_time":"2026-06-09T10:36:05+00:00","og_image":[{"width":2539,"height":1594,"url":"https:\/\/dpress.ma\/fr\/wp-content\/uploads\/sites\/2\/2026\/06\/42-4.jpg","type":"image\/jpeg"}],"author":"Dpress.ma","twitter_card":"summary_large_image","twitter_misc":{"\u00c9crit par":"Dpress.ma","Dur\u00e9e de lecture estim\u00e9e":"4 minutes"},"schema":{"@context":"https:\/\/schema.org","@graph":[{"@type":"Article","@id":"https:\/\/dpress.ma\/fr\/2026\/06\/09\/chambre-des-representants-adoption-dun-projet-de-loi-relatif-aux-lotissements-groupes-dhabitations-et-morcellements\/#article","isPartOf":{"@id":"https:\/\/dpress.ma\/fr\/2026\/06\/09\/chambre-des-representants-adoption-dun-projet-de-loi-relatif-aux-lotissements-groupes-dhabitations-et-morcellements\/"},"author":{"name":"Dpress.ma","@id":"https:\/\/dpress.ma\/fr\/#\/schema\/person\/4898febf3ccd59e6578d838656a306a0"},"headline":"Chambre des repr\u00e9sentants : adoption d\u2019un projet de loi relatif aux lotissements, groupes d\u2019habitations et morcellements","datePublished":"2026-06-09T10:36:03+00:00","dateModified":"2026-06-09T10:36:05+00:00","mainEntityOfPage":{"@id":"https:\/\/dpress.ma\/fr\/2026\/06\/09\/chambre-des-representants-adoption-dun-projet-de-loi-relatif-aux-lotissements-groupes-dhabitations-et-morcellements\/"},"wordCount":860,"commentCount":0,"image":{"@id":"https:\/\/dpress.ma\/fr\/2026\/06\/09\/chambre-des-representants-adoption-dun-projet-de-loi-relatif-aux-lotissements-groupes-dhabitations-et-morcellements\/#primaryimage"},"thumbnailUrl":"https:\/\/dpress.ma\/fr\/wp-content\/uploads\/sites\/2\/2026\/06\/42-4.jpg","articleSection":["Politiques"],"inLanguage":"fr-FR","potentialAction":[{"@type":"CommentAction","name":"Comment","target":["https:\/\/dpress.ma\/fr\/2026\/06\/09\/chambre-des-representants-adoption-dun-projet-de-loi-relatif-aux-lotissements-groupes-dhabitations-et-morcellements\/#respond"]}]},{"@type":"WebPage","@id":"https:\/\/dpress.ma\/fr\/2026\/06\/09\/chambre-des-representants-adoption-dun-projet-de-loi-relatif-aux-lotissements-groupes-dhabitations-et-morcellements\/","url":"https:\/\/dpress.ma\/fr\/2026\/06\/09\/chambre-des-representants-adoption-dun-projet-de-loi-relatif-aux-lotissements-groupes-dhabitations-et-morcellements\/","name":"Chambre des repr\u00e9sentants : adoption d\u2019un projet de loi relatif aux lotissements, groupes d\u2019habitations et morcellements - Dpress.ma\/fr","isPartOf":{"@id":"https:\/\/dpress.ma\/fr\/#website"},"primaryImageOfPage":{"@id":"https:\/\/dpress.ma\/fr\/2026\/06\/09\/chambre-des-representants-adoption-dun-projet-de-loi-relatif-aux-lotissements-groupes-dhabitations-et-morcellements\/#primaryimage"},"image":{"@id":"https:\/\/dpress.ma\/fr\/2026\/06\/09\/chambre-des-representants-adoption-dun-projet-de-loi-relatif-aux-lotissements-groupes-dhabitations-et-morcellements\/#primaryimage"},"thumbnailUrl":"https:\/\/dpress.ma\/fr\/wp-content\/uploads\/sites\/2\/2026\/06\/42-4.jpg","datePublished":"2026-06-09T10:36:03+00:00","dateModified":"2026-06-09T10:36:05+00:00","author":{"@id":"https:\/\/dpress.ma\/fr\/#\/schema\/person\/4898febf3ccd59e6578d838656a306a0"},"breadcrumb":{"@id":"https:\/\/dpress.ma\/fr\/2026\/06\/09\/chambre-des-representants-adoption-dun-projet-de-loi-relatif-aux-lotissements-groupes-dhabitations-et-morcellements\/#breadcrumb"},"inLanguage":"fr-FR","potentialAction":[{"@type":"ReadAction","target":["https:\/\/dpress.ma\/fr\/2026\/06\/09\/chambre-des-representants-adoption-dun-projet-de-loi-relatif-aux-lotissements-groupes-dhabitations-et-morcellements\/"]}]},{"@type":"ImageObject","inLanguage":"fr-FR","@id":"https:\/\/dpress.ma\/fr\/2026\/06\/09\/chambre-des-representants-adoption-dun-projet-de-loi-relatif-aux-lotissements-groupes-dhabitations-et-morcellements\/#primaryimage","url":"https:\/\/dpress.ma\/fr\/wp-content\/uploads\/sites\/2\/2026\/06\/42-4.jpg","contentUrl":"https:\/\/dpress.ma\/fr\/wp-content\/uploads\/sites\/2\/2026\/06\/42-4.jpg","width":2539,"height":1594},{"@type":"BreadcrumbList","@id":"https:\/\/dpress.ma\/fr\/2026\/06\/09\/chambre-des-representants-adoption-dun-projet-de-loi-relatif-aux-lotissements-groupes-dhabitations-et-morcellements\/#breadcrumb","itemListElement":[{"@type":"ListItem","position":1,"name":"Home","item":"https:\/\/dpress.ma\/fr\/"},{"@type":"ListItem","position":2,"name":"Chambre des repr\u00e9sentants : adoption d\u2019un projet de loi relatif aux lotissements, groupes d\u2019habitations et morcellements"}]},{"@type":"WebSite","@id":"https:\/\/dpress.ma\/fr\/#website","url":"https:\/\/dpress.ma\/fr\/","name":"Dpress.ma\/fr","description":"","potentialAction":[{"@type":"SearchAction","target":{"@type":"EntryPoint","urlTemplate":"https:\/\/dpress.ma\/fr\/?s={search_term_string}"},"query-input":{"@type":"PropertyValueSpecification","valueRequired":true,"valueName":"search_term_string"}}],"inLanguage":"fr-FR"},{"@type":"Person","@id":"https:\/\/dpress.ma\/fr\/#\/schema\/person\/4898febf3ccd59e6578d838656a306a0","name":"Dpress.ma","image":{"@type":"ImageObject","inLanguage":"fr-FR","@id":"https:\/\/secure.gravatar.com\/avatar\/72ecc30e9db047a2e0e7176561eb9d564ed77c8108376495b19bd8336405198a?s=96&d=mm&r=g","url":"https:\/\/secure.gravatar.com\/avatar\/72ecc30e9db047a2e0e7176561eb9d564ed77c8108376495b19bd8336405198a?s=96&d=mm&r=g","contentUrl":"https:\/\/secure.gravatar.com\/avatar\/72ecc30e9db047a2e0e7176561eb9d564ed77c8108376495b19bd8336405198a?s=96&d=mm&r=g","caption":"Dpress.ma"},"sameAs":["https:\/\/www.dpress.ma"],"url":"https:\/\/dpress.ma\/fr\/author\/dpress-ma\/"}]}},"amp_enabled":true,"_links":{"self":[{"href":"https:\/\/dpress.ma\/fr\/wp-json\/wp\/v2\/posts\/33169","targetHints":{"allow":["GET"]}}],"collection":[{"href":"https:\/\/dpress.ma\/fr\/wp-json\/wp\/v2\/posts"}],"about":[{"href":"https:\/\/dpress.ma\/fr\/wp-json\/wp\/v2\/types\/post"}],"author":[{"embeddable":true,"href":"https:\/\/dpress.ma\/fr\/wp-json\/wp\/v2\/users\/2"}],"replies":[{"embeddable":true,"href":"https:\/\/dpress.ma\/fr\/wp-json\/wp\/v2\/comments?post=33169"}],"version-history":[{"count":1,"href":"https:\/\/dpress.ma\/fr\/wp-json\/wp\/v2\/posts\/33169\/revisions"}],"predecessor-version":[{"id":33171,"href":"https:\/\/dpress.ma\/fr\/wp-json\/wp\/v2\/posts\/33169\/revisions\/33171"}],"wp:featuredmedia":[{"embeddable":true,"href":"https:\/\/dpress.ma\/fr\/wp-json\/wp\/v2\/media\/33170"}],"wp:attachment":[{"href":"https:\/\/dpress.ma\/fr\/wp-json\/wp\/v2\/media?parent=33169"}],"wp:term":[{"taxonomy":"category","embeddable":true,"href":"https:\/\/dpress.ma\/fr\/wp-json\/wp\/v2\/categories?post=33169"},{"taxonomy":"post_tag","embeddable":true,"href":"https:\/\/dpress.ma\/fr\/wp-json\/wp\/v2\/tags?post=33169"}],"curies":[{"name":"wp","href":"https:\/\/api.w.org\/{rel}","templated":true}]}}