{"id":33128,"date":"2026-06-09T09:12:14","date_gmt":"2026-06-09T09:12:14","guid":{"rendered":"https:\/\/dpress.ma\/fr\/?p=33128"},"modified":"2026-06-09T09:12:16","modified_gmt":"2026-06-09T09:12:16","slug":"ecoles-pionnieres-m-akhannouch-souligne-limpact-positif-sur-les-apprentissages-et-les-acquis-des-eleves","status":"publish","type":"post","link":"https:\/\/dpress.ma\/fr\/2026\/06\/09\/ecoles-pionnieres-m-akhannouch-souligne-limpact-positif-sur-les-apprentissages-et-les-acquis-des-eleves\/","title":{"rendered":"\u00c9coles pionni\u00e8res: M. Akhannouch souligne l\u2019impact positif sur les apprentissages et les acquis des \u00e9l\u00e8ves"},"content":{"rendered":"\n<p class=\"wp-block-paragraph\">Dpress<\/p>\n\n\n\n<p class=\"wp-block-paragraph\">Le chef du gouvernement, Aziz Akhannouch a affirm\u00e9, lundi \u00e0 Rabat, que les \u00e9valuations r\u00e9alis\u00e9es par des institutions nationales et des instances ind\u00e9pendantes sur la performance des \u00c9coles pionni\u00e8res ont mis en \u00e9vidence l\u2019impact positif de ces \u00e9tablissements sur les apprentissages et les acquis fondamentaux des \u00e9l\u00e8ves.<\/p>\n\n\n\n<p class=\"wp-block-paragraph\">Dans un expos\u00e9 pr\u00e9sent\u00e9 lors de la s\u00e9ance mensuelle des questions orales consacr\u00e9e \u00e0 la politique g\u00e9n\u00e9rale devant la Chambre des repr\u00e9sentants, plac\u00e9e sous le th\u00e8me \u00ab\u00a0Le r\u00f4le du syst\u00e8me d&rsquo;\u00e9ducation et de formation dans l\u2019\u00e9dification du Maroc \u00e9mergent: choix gouvernementaux et perspectives\u00a0\u00bb, M. Akhannouch a indiqu\u00e9 que les r\u00e9sultats des \u00e9valuations effectu\u00e9es montrent que les \u00e9l\u00e8ves des \u00c9coles pionni\u00e8res acc\u00e8dent au coll\u00e8ge avec un niveau acad\u00e9mique pouvant atteindre dix points de plus que leurs camarades.<\/p>\n\n\n\n<p class=\"wp-block-paragraph\">Les \u00e9valuations finales, a-t-il soulign\u00e9, ont \u00e9galement r\u00e9v\u00e9l\u00e9 de meilleures performances des \u00e9l\u00e8ves des \u00c9coles pionni\u00e8res, avec un taux de r\u00e9ponses correctes de 59% toutes mati\u00e8res et tous niveaux confondus, contre 37% pour l&rsquo;\u00e9chantillon de comparaison issu des \u00e9coles primaires ordinaires. Autant de r\u00e9sultats qui confirment, selon lui, l&rsquo;impact b\u00e9n\u00e9fique de ce mod\u00e8le de r\u00e9forme sur l&rsquo;am\u00e9lioration de la qualit\u00e9 des apprentissages et l\u2019accroissement des chances de r\u00e9ussite scolaire.<\/p>\n\n\n\n<p class=\"wp-block-paragraph\">Le chef du gouvernement a, en outre, fait \u00e9tat d\u2019une am\u00e9lioration notable des performances des \u00e9l\u00e8ves, associ\u00e9es \u00e0 un recul des taux de d\u00e9crochage scolaire gr\u00e2ce aux \u00c9coles pionni\u00e8res, relevant que les programmes de soutien et de rem\u00e9diation p\u00e9dagogiques ont grandement favoris\u00e9 la ma\u00eetrise des comp\u00e9tences fondamentales, dont le taux est pass\u00e9 de 11% lors du test de diagnostic initial \u00e0 45% lors de l\u2019\u00e9valuation finale.<\/p>\n\n\n\n<p class=\"wp-block-paragraph\">Le projet des \u00c9coles pionni\u00e8res est pass\u00e9 d&rsquo;une phase pilote de seulement 626 \u00e9tablissements primaires durant l&rsquo;ann\u00e9e scolaire 2023-2024 \u00e0 4.626 \u00e9tablissements au titre de l\u2019exercice actuel, accueillant pr\u00e8s de deux millions d&rsquo;\u00e9l\u00e8ves. Cette \u00e9volution refl\u00e8te, a-t-il ajout\u00e9, l\u2019efficience de ce mod\u00e8le de r\u00e9forme et la confiance grandissante dont elle jouit.<\/p>\n\n\n\n<p class=\"wp-block-paragraph\">S&rsquo;agissant de la lutte contre le d\u00e9crochage scolaire, a-t-il poursuivi, les donn\u00e9es officielles confirment que le programme des coll\u00e8ges pionniers, visant \u00e0 r\u00e9duire les abandons scolaires au niveau du cycle coll\u00e9gial, a atteint les objectifs fix\u00e9s, pr\u00e9cisant que gr\u00e2ce \u00e0 ce programme, le taux de d\u00e9crochage a \u00e9t\u00e9 ramen\u00e9 de 8,4% durant l&rsquo;ann\u00e9e scolaire 2023-2024 \u00e0 4,45 % en 2024-2025.<\/p>\n\n\n\n<p class=\"wp-block-paragraph\">Il a expliqu\u00e9, en ce sens, que 230 coll\u00e8ges pionniers ont enregistr\u00e9 une baisse de plus de 50% du d\u00e9crochage scolaire, estimant que ces r\u00e9sultats militent en faveur de la poursuite du processus de g\u00e9n\u00e9ralisation de ce mod\u00e8le \u00e0 l&rsquo;\u00e9chelle nationale.<\/p>\n\n\n\n<p class=\"wp-block-paragraph\">Le chef du gouvernement a fait savoir, de m\u00eame, que le nombre des coll\u00e8ges pionniers a atteint 786 \u00e9tablissements au titre de l&rsquo;ann\u00e9e scolaire actuelle, soit 30% de l\u2019ensemble des coll\u00e8ges publics, accueillant quelque 700.000 \u00e9l\u00e8ves. Ce chiffre, a-t-il dit, devrait atteindre 1.363 \u00e9tablissements d\u00e8s la prochaine rentr\u00e9e scolaire, regroupant pr\u00e8s de 1,138 million d\u2019\u00e9l\u00e8ves, soit environ 56% de l\u2019effectif total du cycle coll\u00e9gial.<\/p>\n\n\n\n<p class=\"wp-block-paragraph\">Par ailleurs, M. Akhannouch a soulign\u00e9 que les \u00c9coles de la deuxi\u00e8me chance &#8211; Nouvelle G\u00e9n\u00e9ration ont permis la r\u00e9insertion de quelque 35.000 b\u00e9n\u00e9ficiaires, soulignant que cette exp\u00e9rience offre un m\u00e9canisme essentiel pour favoriser le retour des jeunes d\u00e9scolaris\u00e9s dans le syst\u00e8me \u00e9ducatif et r\u00e9duire les risques d\u2019exclusion \u00e9ducative et sociale.<\/p>\n","protected":false},"excerpt":{"rendered":"<p>Dpress Le chef du gouvernement, Aziz Akhannouch a affirm\u00e9, lundi \u00e0 Rabat, que les \u00e9valuations r\u00e9alis\u00e9es par des institutions nationales et des instances ind\u00e9pendantes sur la performance des \u00c9coles pionni\u00e8res ont mis en \u00e9vidence l\u2019impact positif de ces \u00e9tablissements sur les apprentissages et les acquis fondamentaux des \u00e9l\u00e8ves. Dans un expos\u00e9 pr\u00e9sent\u00e9 lors de la &hellip;<\/p>\n","protected":false},"author":2,"featured_media":33129,"comment_status":"open","ping_status":"open","sticky":false,"template":"","format":"standard","meta":{"footnotes":""},"categories":[26],"tags":[],"class_list":["post-33128","post","type-post","status-publish","format-standard","has-post-thumbnail","hentry","category-politiques"],"yoast_head":"<!-- This site is optimized with the Yoast SEO plugin v28.0 - https:\/\/yoast.com\/product\/yoast-seo-wordpress\/ -->\n<title>\u00c9coles pionni\u00e8res: M. Akhannouch souligne l\u2019impact positif sur les apprentissages et les acquis des \u00e9l\u00e8ves - Dpress.ma\/fr<\/title>\n<meta name=\"robots\" content=\"index, follow, max-snippet:-1, max-image-preview:large, max-video-preview:-1\" \/>\n<link rel=\"canonical\" href=\"https:\/\/dpress.ma\/fr\/2026\/06\/09\/ecoles-pionnieres-m-akhannouch-souligne-limpact-positif-sur-les-apprentissages-et-les-acquis-des-eleves\/\" \/>\n<meta property=\"og:locale\" content=\"fr_FR\" \/>\n<meta property=\"og:type\" content=\"article\" \/>\n<meta property=\"og:title\" content=\"\u00c9coles pionni\u00e8res: M. Akhannouch souligne l\u2019impact positif sur les apprentissages et les acquis des \u00e9l\u00e8ves - Dpress.ma\/fr\" \/>\n<meta property=\"og:description\" content=\"Dpress Le chef du gouvernement, Aziz Akhannouch a affirm\u00e9, lundi \u00e0 Rabat, que les \u00e9valuations r\u00e9alis\u00e9es par des institutions nationales et des instances ind\u00e9pendantes sur la performance des \u00c9coles pionni\u00e8res ont mis en \u00e9vidence l\u2019impact positif de ces \u00e9tablissements sur les apprentissages et les acquis fondamentaux des \u00e9l\u00e8ves. Dans un expos\u00e9 pr\u00e9sent\u00e9 lors de la &hellip;\" \/>\n<meta property=\"og:url\" content=\"https:\/\/dpress.ma\/fr\/2026\/06\/09\/ecoles-pionnieres-m-akhannouch-souligne-limpact-positif-sur-les-apprentissages-et-les-acquis-des-eleves\/\" \/>\n<meta property=\"og:site_name\" content=\"Dpress.ma\/fr\" \/>\n<meta property=\"article:published_time\" content=\"2026-06-09T09:12:14+00:00\" \/>\n<meta property=\"article:modified_time\" content=\"2026-06-09T09:12:16+00:00\" \/>\n<meta property=\"og:image\" content=\"https:\/\/dpress.ma\/fr\/wp-content\/uploads\/sites\/2\/2026\/06\/25-2.jpg\" \/>\n\t<meta property=\"og:image:width\" content=\"2539\" \/>\n\t<meta property=\"og:image:height\" content=\"1594\" \/>\n\t<meta property=\"og:image:type\" content=\"image\/jpeg\" \/>\n<meta name=\"author\" content=\"Dpress.ma\" \/>\n<meta name=\"twitter:card\" content=\"summary_large_image\" \/>\n<meta name=\"twitter:label1\" content=\"\u00c9crit par\" \/>\n\t<meta name=\"twitter:data1\" content=\"Dpress.ma\" \/>\n\t<meta name=\"twitter:label2\" content=\"Dur\u00e9e de lecture estim\u00e9e\" \/>\n\t<meta name=\"twitter:data2\" content=\"3 minutes\" \/>\n<script type=\"application\/ld+json\" class=\"yoast-schema-graph\">{\"@context\":\"https:\\\/\\\/schema.org\",\"@graph\":[{\"@type\":\"Article\",\"@id\":\"https:\\\/\\\/dpress.ma\\\/fr\\\/2026\\\/06\\\/09\\\/ecoles-pionnieres-m-akhannouch-souligne-limpact-positif-sur-les-apprentissages-et-les-acquis-des-eleves\\\/#article\",\"isPartOf\":{\"@id\":\"https:\\\/\\\/dpress.ma\\\/fr\\\/2026\\\/06\\\/09\\\/ecoles-pionnieres-m-akhannouch-souligne-limpact-positif-sur-les-apprentissages-et-les-acquis-des-eleves\\\/\"},\"author\":{\"name\":\"Dpress.ma\",\"@id\":\"https:\\\/\\\/dpress.ma\\\/fr\\\/#\\\/schema\\\/person\\\/4898febf3ccd59e6578d838656a306a0\"},\"headline\":\"\u00c9coles pionni\u00e8res: M. Akhannouch souligne l\u2019impact positif sur les apprentissages et les acquis des \u00e9l\u00e8ves\",\"datePublished\":\"2026-06-09T09:12:14+00:00\",\"dateModified\":\"2026-06-09T09:12:16+00:00\",\"mainEntityOfPage\":{\"@id\":\"https:\\\/\\\/dpress.ma\\\/fr\\\/2026\\\/06\\\/09\\\/ecoles-pionnieres-m-akhannouch-souligne-limpact-positif-sur-les-apprentissages-et-les-acquis-des-eleves\\\/\"},\"wordCount\":622,\"commentCount\":0,\"image\":{\"@id\":\"https:\\\/\\\/dpress.ma\\\/fr\\\/2026\\\/06\\\/09\\\/ecoles-pionnieres-m-akhannouch-souligne-limpact-positif-sur-les-apprentissages-et-les-acquis-des-eleves\\\/#primaryimage\"},\"thumbnailUrl\":\"https:\\\/\\\/dpress.ma\\\/fr\\\/wp-content\\\/uploads\\\/sites\\\/2\\\/2026\\\/06\\\/25-2.jpg\",\"articleSection\":[\"Politiques\"],\"inLanguage\":\"fr-FR\",\"potentialAction\":[{\"@type\":\"CommentAction\",\"name\":\"Comment\",\"target\":[\"https:\\\/\\\/dpress.ma\\\/fr\\\/2026\\\/06\\\/09\\\/ecoles-pionnieres-m-akhannouch-souligne-limpact-positif-sur-les-apprentissages-et-les-acquis-des-eleves\\\/#respond\"]}]},{\"@type\":\"WebPage\",\"@id\":\"https:\\\/\\\/dpress.ma\\\/fr\\\/2026\\\/06\\\/09\\\/ecoles-pionnieres-m-akhannouch-souligne-limpact-positif-sur-les-apprentissages-et-les-acquis-des-eleves\\\/\",\"url\":\"https:\\\/\\\/dpress.ma\\\/fr\\\/2026\\\/06\\\/09\\\/ecoles-pionnieres-m-akhannouch-souligne-limpact-positif-sur-les-apprentissages-et-les-acquis-des-eleves\\\/\",\"name\":\"\u00c9coles pionni\u00e8res: M. Akhannouch souligne l\u2019impact positif sur les apprentissages et les acquis des \u00e9l\u00e8ves - Dpress.ma\\\/fr\",\"isPartOf\":{\"@id\":\"https:\\\/\\\/dpress.ma\\\/fr\\\/#website\"},\"primaryImageOfPage\":{\"@id\":\"https:\\\/\\\/dpress.ma\\\/fr\\\/2026\\\/06\\\/09\\\/ecoles-pionnieres-m-akhannouch-souligne-limpact-positif-sur-les-apprentissages-et-les-acquis-des-eleves\\\/#primaryimage\"},\"image\":{\"@id\":\"https:\\\/\\\/dpress.ma\\\/fr\\\/2026\\\/06\\\/09\\\/ecoles-pionnieres-m-akhannouch-souligne-limpact-positif-sur-les-apprentissages-et-les-acquis-des-eleves\\\/#primaryimage\"},\"thumbnailUrl\":\"https:\\\/\\\/dpress.ma\\\/fr\\\/wp-content\\\/uploads\\\/sites\\\/2\\\/2026\\\/06\\\/25-2.jpg\",\"datePublished\":\"2026-06-09T09:12:14+00:00\",\"dateModified\":\"2026-06-09T09:12:16+00:00\",\"author\":{\"@id\":\"https:\\\/\\\/dpress.ma\\\/fr\\\/#\\\/schema\\\/person\\\/4898febf3ccd59e6578d838656a306a0\"},\"breadcrumb\":{\"@id\":\"https:\\\/\\\/dpress.ma\\\/fr\\\/2026\\\/06\\\/09\\\/ecoles-pionnieres-m-akhannouch-souligne-limpact-positif-sur-les-apprentissages-et-les-acquis-des-eleves\\\/#breadcrumb\"},\"inLanguage\":\"fr-FR\",\"potentialAction\":[{\"@type\":\"ReadAction\",\"target\":[\"https:\\\/\\\/dpress.ma\\\/fr\\\/2026\\\/06\\\/09\\\/ecoles-pionnieres-m-akhannouch-souligne-limpact-positif-sur-les-apprentissages-et-les-acquis-des-eleves\\\/\"]}]},{\"@type\":\"ImageObject\",\"inLanguage\":\"fr-FR\",\"@id\":\"https:\\\/\\\/dpress.ma\\\/fr\\\/2026\\\/06\\\/09\\\/ecoles-pionnieres-m-akhannouch-souligne-limpact-positif-sur-les-apprentissages-et-les-acquis-des-eleves\\\/#primaryimage\",\"url\":\"https:\\\/\\\/dpress.ma\\\/fr\\\/wp-content\\\/uploads\\\/sites\\\/2\\\/2026\\\/06\\\/25-2.jpg\",\"contentUrl\":\"https:\\\/\\\/dpress.ma\\\/fr\\\/wp-content\\\/uploads\\\/sites\\\/2\\\/2026\\\/06\\\/25-2.jpg\",\"width\":2539,\"height\":1594},{\"@type\":\"BreadcrumbList\",\"@id\":\"https:\\\/\\\/dpress.ma\\\/fr\\\/2026\\\/06\\\/09\\\/ecoles-pionnieres-m-akhannouch-souligne-limpact-positif-sur-les-apprentissages-et-les-acquis-des-eleves\\\/#breadcrumb\",\"itemListElement\":[{\"@type\":\"ListItem\",\"position\":1,\"name\":\"Home\",\"item\":\"https:\\\/\\\/dpress.ma\\\/fr\\\/\"},{\"@type\":\"ListItem\",\"position\":2,\"name\":\"\u00c9coles pionni\u00e8res: M. Akhannouch souligne l\u2019impact positif sur les apprentissages et les acquis des \u00e9l\u00e8ves\"}]},{\"@type\":\"WebSite\",\"@id\":\"https:\\\/\\\/dpress.ma\\\/fr\\\/#website\",\"url\":\"https:\\\/\\\/dpress.ma\\\/fr\\\/\",\"name\":\"Dpress.ma\\\/fr\",\"description\":\"\",\"potentialAction\":[{\"@type\":\"SearchAction\",\"target\":{\"@type\":\"EntryPoint\",\"urlTemplate\":\"https:\\\/\\\/dpress.ma\\\/fr\\\/?s={search_term_string}\"},\"query-input\":{\"@type\":\"PropertyValueSpecification\",\"valueRequired\":true,\"valueName\":\"search_term_string\"}}],\"inLanguage\":\"fr-FR\"},{\"@type\":\"Person\",\"@id\":\"https:\\\/\\\/dpress.ma\\\/fr\\\/#\\\/schema\\\/person\\\/4898febf3ccd59e6578d838656a306a0\",\"name\":\"Dpress.ma\",\"image\":{\"@type\":\"ImageObject\",\"inLanguage\":\"fr-FR\",\"@id\":\"https:\\\/\\\/secure.gravatar.com\\\/avatar\\\/72ecc30e9db047a2e0e7176561eb9d564ed77c8108376495b19bd8336405198a?s=96&d=mm&r=g\",\"url\":\"https:\\\/\\\/secure.gravatar.com\\\/avatar\\\/72ecc30e9db047a2e0e7176561eb9d564ed77c8108376495b19bd8336405198a?s=96&d=mm&r=g\",\"contentUrl\":\"https:\\\/\\\/secure.gravatar.com\\\/avatar\\\/72ecc30e9db047a2e0e7176561eb9d564ed77c8108376495b19bd8336405198a?s=96&d=mm&r=g\",\"caption\":\"Dpress.ma\"},\"sameAs\":[\"https:\\\/\\\/www.dpress.ma\"],\"url\":\"https:\\\/\\\/dpress.ma\\\/fr\\\/author\\\/dpress-ma\\\/\"}]}<\/script>\n<!-- \/ Yoast SEO plugin. -->","yoast_head_json":{"title":"\u00c9coles pionni\u00e8res: M. Akhannouch souligne l\u2019impact positif sur les apprentissages et les acquis des \u00e9l\u00e8ves - Dpress.ma\/fr","robots":{"index":"index","follow":"follow","max-snippet":"max-snippet:-1","max-image-preview":"max-image-preview:large","max-video-preview":"max-video-preview:-1"},"canonical":"https:\/\/dpress.ma\/fr\/2026\/06\/09\/ecoles-pionnieres-m-akhannouch-souligne-limpact-positif-sur-les-apprentissages-et-les-acquis-des-eleves\/","og_locale":"fr_FR","og_type":"article","og_title":"\u00c9coles pionni\u00e8res: M. Akhannouch souligne l\u2019impact positif sur les apprentissages et les acquis des \u00e9l\u00e8ves - Dpress.ma\/fr","og_description":"Dpress Le chef du gouvernement, Aziz Akhannouch a affirm\u00e9, lundi \u00e0 Rabat, que les \u00e9valuations r\u00e9alis\u00e9es par des institutions nationales et des instances ind\u00e9pendantes sur la performance des \u00c9coles pionni\u00e8res ont mis en \u00e9vidence l\u2019impact positif de ces \u00e9tablissements sur les apprentissages et les acquis fondamentaux des \u00e9l\u00e8ves. Dans un expos\u00e9 pr\u00e9sent\u00e9 lors de la &hellip;","og_url":"https:\/\/dpress.ma\/fr\/2026\/06\/09\/ecoles-pionnieres-m-akhannouch-souligne-limpact-positif-sur-les-apprentissages-et-les-acquis-des-eleves\/","og_site_name":"Dpress.ma\/fr","article_published_time":"2026-06-09T09:12:14+00:00","article_modified_time":"2026-06-09T09:12:16+00:00","og_image":[{"width":2539,"height":1594,"url":"https:\/\/dpress.ma\/fr\/wp-content\/uploads\/sites\/2\/2026\/06\/25-2.jpg","type":"image\/jpeg"}],"author":"Dpress.ma","twitter_card":"summary_large_image","twitter_misc":{"\u00c9crit par":"Dpress.ma","Dur\u00e9e de lecture estim\u00e9e":"3 minutes"},"schema":{"@context":"https:\/\/schema.org","@graph":[{"@type":"Article","@id":"https:\/\/dpress.ma\/fr\/2026\/06\/09\/ecoles-pionnieres-m-akhannouch-souligne-limpact-positif-sur-les-apprentissages-et-les-acquis-des-eleves\/#article","isPartOf":{"@id":"https:\/\/dpress.ma\/fr\/2026\/06\/09\/ecoles-pionnieres-m-akhannouch-souligne-limpact-positif-sur-les-apprentissages-et-les-acquis-des-eleves\/"},"author":{"name":"Dpress.ma","@id":"https:\/\/dpress.ma\/fr\/#\/schema\/person\/4898febf3ccd59e6578d838656a306a0"},"headline":"\u00c9coles pionni\u00e8res: M. Akhannouch souligne l\u2019impact positif sur les apprentissages et les acquis des \u00e9l\u00e8ves","datePublished":"2026-06-09T09:12:14+00:00","dateModified":"2026-06-09T09:12:16+00:00","mainEntityOfPage":{"@id":"https:\/\/dpress.ma\/fr\/2026\/06\/09\/ecoles-pionnieres-m-akhannouch-souligne-limpact-positif-sur-les-apprentissages-et-les-acquis-des-eleves\/"},"wordCount":622,"commentCount":0,"image":{"@id":"https:\/\/dpress.ma\/fr\/2026\/06\/09\/ecoles-pionnieres-m-akhannouch-souligne-limpact-positif-sur-les-apprentissages-et-les-acquis-des-eleves\/#primaryimage"},"thumbnailUrl":"https:\/\/dpress.ma\/fr\/wp-content\/uploads\/sites\/2\/2026\/06\/25-2.jpg","articleSection":["Politiques"],"inLanguage":"fr-FR","potentialAction":[{"@type":"CommentAction","name":"Comment","target":["https:\/\/dpress.ma\/fr\/2026\/06\/09\/ecoles-pionnieres-m-akhannouch-souligne-limpact-positif-sur-les-apprentissages-et-les-acquis-des-eleves\/#respond"]}]},{"@type":"WebPage","@id":"https:\/\/dpress.ma\/fr\/2026\/06\/09\/ecoles-pionnieres-m-akhannouch-souligne-limpact-positif-sur-les-apprentissages-et-les-acquis-des-eleves\/","url":"https:\/\/dpress.ma\/fr\/2026\/06\/09\/ecoles-pionnieres-m-akhannouch-souligne-limpact-positif-sur-les-apprentissages-et-les-acquis-des-eleves\/","name":"\u00c9coles pionni\u00e8res: M. Akhannouch souligne l\u2019impact positif sur les apprentissages et les acquis des \u00e9l\u00e8ves - Dpress.ma\/fr","isPartOf":{"@id":"https:\/\/dpress.ma\/fr\/#website"},"primaryImageOfPage":{"@id":"https:\/\/dpress.ma\/fr\/2026\/06\/09\/ecoles-pionnieres-m-akhannouch-souligne-limpact-positif-sur-les-apprentissages-et-les-acquis-des-eleves\/#primaryimage"},"image":{"@id":"https:\/\/dpress.ma\/fr\/2026\/06\/09\/ecoles-pionnieres-m-akhannouch-souligne-limpact-positif-sur-les-apprentissages-et-les-acquis-des-eleves\/#primaryimage"},"thumbnailUrl":"https:\/\/dpress.ma\/fr\/wp-content\/uploads\/sites\/2\/2026\/06\/25-2.jpg","datePublished":"2026-06-09T09:12:14+00:00","dateModified":"2026-06-09T09:12:16+00:00","author":{"@id":"https:\/\/dpress.ma\/fr\/#\/schema\/person\/4898febf3ccd59e6578d838656a306a0"},"breadcrumb":{"@id":"https:\/\/dpress.ma\/fr\/2026\/06\/09\/ecoles-pionnieres-m-akhannouch-souligne-limpact-positif-sur-les-apprentissages-et-les-acquis-des-eleves\/#breadcrumb"},"inLanguage":"fr-FR","potentialAction":[{"@type":"ReadAction","target":["https:\/\/dpress.ma\/fr\/2026\/06\/09\/ecoles-pionnieres-m-akhannouch-souligne-limpact-positif-sur-les-apprentissages-et-les-acquis-des-eleves\/"]}]},{"@type":"ImageObject","inLanguage":"fr-FR","@id":"https:\/\/dpress.ma\/fr\/2026\/06\/09\/ecoles-pionnieres-m-akhannouch-souligne-limpact-positif-sur-les-apprentissages-et-les-acquis-des-eleves\/#primaryimage","url":"https:\/\/dpress.ma\/fr\/wp-content\/uploads\/sites\/2\/2026\/06\/25-2.jpg","contentUrl":"https:\/\/dpress.ma\/fr\/wp-content\/uploads\/sites\/2\/2026\/06\/25-2.jpg","width":2539,"height":1594},{"@type":"BreadcrumbList","@id":"https:\/\/dpress.ma\/fr\/2026\/06\/09\/ecoles-pionnieres-m-akhannouch-souligne-limpact-positif-sur-les-apprentissages-et-les-acquis-des-eleves\/#breadcrumb","itemListElement":[{"@type":"ListItem","position":1,"name":"Home","item":"https:\/\/dpress.ma\/fr\/"},{"@type":"ListItem","position":2,"name":"\u00c9coles pionni\u00e8res: M. Akhannouch souligne l\u2019impact positif sur les apprentissages et les acquis des \u00e9l\u00e8ves"}]},{"@type":"WebSite","@id":"https:\/\/dpress.ma\/fr\/#website","url":"https:\/\/dpress.ma\/fr\/","name":"Dpress.ma\/fr","description":"","potentialAction":[{"@type":"SearchAction","target":{"@type":"EntryPoint","urlTemplate":"https:\/\/dpress.ma\/fr\/?s={search_term_string}"},"query-input":{"@type":"PropertyValueSpecification","valueRequired":true,"valueName":"search_term_string"}}],"inLanguage":"fr-FR"},{"@type":"Person","@id":"https:\/\/dpress.ma\/fr\/#\/schema\/person\/4898febf3ccd59e6578d838656a306a0","name":"Dpress.ma","image":{"@type":"ImageObject","inLanguage":"fr-FR","@id":"https:\/\/secure.gravatar.com\/avatar\/72ecc30e9db047a2e0e7176561eb9d564ed77c8108376495b19bd8336405198a?s=96&d=mm&r=g","url":"https:\/\/secure.gravatar.com\/avatar\/72ecc30e9db047a2e0e7176561eb9d564ed77c8108376495b19bd8336405198a?s=96&d=mm&r=g","contentUrl":"https:\/\/secure.gravatar.com\/avatar\/72ecc30e9db047a2e0e7176561eb9d564ed77c8108376495b19bd8336405198a?s=96&d=mm&r=g","caption":"Dpress.ma"},"sameAs":["https:\/\/www.dpress.ma"],"url":"https:\/\/dpress.ma\/fr\/author\/dpress-ma\/"}]}},"amp_enabled":true,"_links":{"self":[{"href":"https:\/\/dpress.ma\/fr\/wp-json\/wp\/v2\/posts\/33128","targetHints":{"allow":["GET"]}}],"collection":[{"href":"https:\/\/dpress.ma\/fr\/wp-json\/wp\/v2\/posts"}],"about":[{"href":"https:\/\/dpress.ma\/fr\/wp-json\/wp\/v2\/types\/post"}],"author":[{"embeddable":true,"href":"https:\/\/dpress.ma\/fr\/wp-json\/wp\/v2\/users\/2"}],"replies":[{"embeddable":true,"href":"https:\/\/dpress.ma\/fr\/wp-json\/wp\/v2\/comments?post=33128"}],"version-history":[{"count":1,"href":"https:\/\/dpress.ma\/fr\/wp-json\/wp\/v2\/posts\/33128\/revisions"}],"predecessor-version":[{"id":33130,"href":"https:\/\/dpress.ma\/fr\/wp-json\/wp\/v2\/posts\/33128\/revisions\/33130"}],"wp:featuredmedia":[{"embeddable":true,"href":"https:\/\/dpress.ma\/fr\/wp-json\/wp\/v2\/media\/33129"}],"wp:attachment":[{"href":"https:\/\/dpress.ma\/fr\/wp-json\/wp\/v2\/media?parent=33128"}],"wp:term":[{"taxonomy":"category","embeddable":true,"href":"https:\/\/dpress.ma\/fr\/wp-json\/wp\/v2\/categories?post=33128"},{"taxonomy":"post_tag","embeddable":true,"href":"https:\/\/dpress.ma\/fr\/wp-json\/wp\/v2\/tags?post=33128"}],"curies":[{"name":"wp","href":"https:\/\/api.w.org\/{rel}","templated":true}]}}