{"id":33125,"date":"2026-06-09T09:11:22","date_gmt":"2026-06-09T09:11:22","guid":{"rendered":"https:\/\/dpress.ma\/fr\/?p=33125"},"modified":"2026-06-09T09:11:24","modified_gmt":"2026-06-09T09:11:24","slug":"le-nombre-des-ecoles-communautaires-porte-a-349-pour-lannee-scolaire-2025-2026","status":"publish","type":"post","link":"https:\/\/dpress.ma\/fr\/2026\/06\/09\/le-nombre-des-ecoles-communautaires-porte-a-349-pour-lannee-scolaire-2025-2026\/","title":{"rendered":"Le nombre des \u00e9coles communautaires port\u00e9 \u00e0 349 pour l\u2019ann\u00e9e scolaire 2025-2026"},"content":{"rendered":"\n<p class=\"wp-block-paragraph\">Dpress<\/p>\n\n\n\n<p class=\"wp-block-paragraph\">Le nombre des \u00e9coles communautaires est pass\u00e9 de 226 en 2021 \u00e0 349 durant l\u2019ann\u00e9e scolaire actuelle 2025-2026, a affirm\u00e9 lundi \u00e0 la Chambre des repr\u00e9sentants, le Chef du gouvernement, Aziz Akhannouch.<\/p>\n\n\n\n<p class=\"wp-block-paragraph\">Cet \u00e9volution vient illustrer les r\u00f4les sociaux importants assum\u00e9s par ces \u00e9coles communautaires et leur contribution effective \u00e0 la r\u00e9duction des disparit\u00e9s territoriales en mati\u00e8re d\u2019acc\u00e8s \u00e0 l\u2019enseignement, a indiqu\u00e9 M. Akhannouch dans un expos\u00e9 lors de la s\u00e9ance pl\u00e9ni\u00e8re mensuelle consacr\u00e9e aux questions de politique g\u00e9n\u00e9rale sur le th\u00e8me \u00ab\u00a0Le r\u00f4le du syst\u00e8me d\u2019\u00e9ducation et de formation dans l&rsquo;\u00e9dification du Maroc \u00e9mergent : choix gouvernementaux et perspectives\u00a0\u00bb.<\/p>\n\n\n\n<p class=\"wp-block-paragraph\">Le gouvernement veille \u00e0 mettre en place des infrastructures garantissant le droit effectif \u00e0 l\u2019\u00e9ducation et offrant des espaces \u00e9ducatifs s\u00fbrs et inclusifs, aussi bien dans les zones rurales qu\u2019urbaines, a-t-il pr\u00e9cis\u00e9.<\/p>\n\n\n\n<p class=\"wp-block-paragraph\">Il a, \u00e0 cet \u00e9gard, fait savoir qu\u2019entre 2022 et 2025, le gouvernement a cr\u00e9\u00e9 un total de 758 nouveaux \u00e9tablissements scolaires couvrant les diff\u00e9rents cycles d\u2019enseignement, dont 169 au cours de l\u2019ann\u00e9e scolaire actuelle, notant que la majorit\u00e9 de ces \u00e9tablissements se trouvent en milieu rural.<\/p>\n\n\n\n<p class=\"wp-block-paragraph\">Par ailleurs, le gouvernement a \u00e9largi le programme de r\u00e9habilitation des salles de classe au sein de 5.000 \u00e9tablissements scolaires avec la r\u00e9novation des infrastructures ainsi que la modernisation des \u00e9quipements p\u00e9dagogiques et \u00e9ducatifs, a soulign\u00e9 le Chef du gouvernement, faisant remarquer que ces efforts ont permis de r\u00e9duire sensiblement le taux de surpopulation scolaire, pass\u00e9 de 9,4% \u00e0 5,7%.<\/p>\n\n\n\n<p class=\"wp-block-paragraph\">Cette baisse significative est le r\u00e9sultat de l\u2019adoption d\u2019approches bas\u00e9es sur une planification rigoureuse pour r\u00e9soudre les situations de forte surcharge dans les classes et les \u00e9tablissements scolaires, a-t-il expliqu\u00e9.<\/p>\n\n\n\n<p class=\"wp-block-paragraph\">Ainsi, dans l\u2019enseignement primaire, le taux de surpopulation dans les classes communes et celles \u00e0 niveaux multiples est pass\u00e9 de 6,5% durant l\u2019ann\u00e9e scolaire 2021-2022 \u00e0 1,3% au cours de l\u2019ann\u00e9e scolaire actuelle, d\u2019apr\u00e8s M. Akhannouch qui a not\u00e9 une baisse du taux de surpopulation dans l\u2019enseignement coll\u00e9gial, de 19,3% en 2022 \u00e0 10,29% pour l\u2019ann\u00e9e scolaire 2025-2026.<\/p>\n\n\n\n<p class=\"wp-block-paragraph\">Il est pr\u00e9vu de poursuivre la r\u00e9duction de la surpopulation scolaire d\u00e8s la prochaine rentr\u00e9e, afin d\u2019atteindre un taux de 1% dans l\u2019enseignement primaire et de moins de 5% dans les cycles coll\u00e9gial et secondaire, a-t-il conclu.<\/p>\n","protected":false},"excerpt":{"rendered":"<p>Dpress Le nombre des \u00e9coles communautaires est pass\u00e9 de 226 en 2021 \u00e0 349 durant l\u2019ann\u00e9e scolaire actuelle 2025-2026, a affirm\u00e9 lundi \u00e0 la Chambre des repr\u00e9sentants, le Chef du gouvernement, Aziz Akhannouch. Cet \u00e9volution vient illustrer les r\u00f4les sociaux importants assum\u00e9s par ces \u00e9coles communautaires et leur contribution effective \u00e0 la r\u00e9duction des disparit\u00e9s &hellip;<\/p>\n","protected":false},"author":2,"featured_media":33126,"comment_status":"open","ping_status":"open","sticky":false,"template":"","format":"standard","meta":{"footnotes":""},"categories":[26],"tags":[],"class_list":["post-33125","post","type-post","status-publish","format-standard","has-post-thumbnail","hentry","category-politiques"],"yoast_head":"<!-- This site is optimized with the Yoast SEO plugin v28.0 - https:\/\/yoast.com\/product\/yoast-seo-wordpress\/ -->\n<title>Le nombre des \u00e9coles communautaires port\u00e9 \u00e0 349 pour l\u2019ann\u00e9e scolaire 2025-2026 - Dpress.ma\/fr<\/title>\n<meta name=\"robots\" content=\"index, follow, max-snippet:-1, max-image-preview:large, max-video-preview:-1\" \/>\n<link rel=\"canonical\" href=\"https:\/\/dpress.ma\/fr\/2026\/06\/09\/le-nombre-des-ecoles-communautaires-porte-a-349-pour-lannee-scolaire-2025-2026\/\" \/>\n<meta property=\"og:locale\" content=\"fr_FR\" \/>\n<meta property=\"og:type\" content=\"article\" \/>\n<meta property=\"og:title\" content=\"Le nombre des \u00e9coles communautaires port\u00e9 \u00e0 349 pour l\u2019ann\u00e9e scolaire 2025-2026 - Dpress.ma\/fr\" \/>\n<meta property=\"og:description\" content=\"Dpress Le nombre des \u00e9coles communautaires est pass\u00e9 de 226 en 2021 \u00e0 349 durant l\u2019ann\u00e9e scolaire actuelle 2025-2026, a affirm\u00e9 lundi \u00e0 la Chambre des repr\u00e9sentants, le Chef du gouvernement, Aziz Akhannouch. Cet \u00e9volution vient illustrer les r\u00f4les sociaux importants assum\u00e9s par ces \u00e9coles communautaires et leur contribution effective \u00e0 la r\u00e9duction des disparit\u00e9s &hellip;\" \/>\n<meta property=\"og:url\" content=\"https:\/\/dpress.ma\/fr\/2026\/06\/09\/le-nombre-des-ecoles-communautaires-porte-a-349-pour-lannee-scolaire-2025-2026\/\" \/>\n<meta property=\"og:site_name\" content=\"Dpress.ma\/fr\" \/>\n<meta property=\"article:published_time\" content=\"2026-06-09T09:11:22+00:00\" \/>\n<meta property=\"article:modified_time\" content=\"2026-06-09T09:11:24+00:00\" \/>\n<meta property=\"og:image\" content=\"https:\/\/dpress.ma\/fr\/wp-content\/uploads\/sites\/2\/2026\/06\/24-1.jpg\" \/>\n\t<meta property=\"og:image:width\" content=\"2539\" \/>\n\t<meta property=\"og:image:height\" content=\"1594\" \/>\n\t<meta property=\"og:image:type\" content=\"image\/jpeg\" \/>\n<meta name=\"author\" content=\"Dpress.ma\" \/>\n<meta name=\"twitter:card\" content=\"summary_large_image\" \/>\n<meta name=\"twitter:label1\" content=\"\u00c9crit par\" \/>\n\t<meta name=\"twitter:data1\" content=\"Dpress.ma\" \/>\n\t<meta name=\"twitter:label2\" content=\"Dur\u00e9e de lecture estim\u00e9e\" \/>\n\t<meta name=\"twitter:data2\" content=\"3 minutes\" \/>\n<script type=\"application\/ld+json\" class=\"yoast-schema-graph\">{\"@context\":\"https:\\\/\\\/schema.org\",\"@graph\":[{\"@type\":\"Article\",\"@id\":\"https:\\\/\\\/dpress.ma\\\/fr\\\/2026\\\/06\\\/09\\\/le-nombre-des-ecoles-communautaires-porte-a-349-pour-lannee-scolaire-2025-2026\\\/#article\",\"isPartOf\":{\"@id\":\"https:\\\/\\\/dpress.ma\\\/fr\\\/2026\\\/06\\\/09\\\/le-nombre-des-ecoles-communautaires-porte-a-349-pour-lannee-scolaire-2025-2026\\\/\"},\"author\":{\"name\":\"Dpress.ma\",\"@id\":\"https:\\\/\\\/dpress.ma\\\/fr\\\/#\\\/schema\\\/person\\\/4898febf3ccd59e6578d838656a306a0\"},\"headline\":\"Le nombre des \u00e9coles communautaires port\u00e9 \u00e0 349 pour l\u2019ann\u00e9e scolaire 2025-2026\",\"datePublished\":\"2026-06-09T09:11:22+00:00\",\"dateModified\":\"2026-06-09T09:11:24+00:00\",\"mainEntityOfPage\":{\"@id\":\"https:\\\/\\\/dpress.ma\\\/fr\\\/2026\\\/06\\\/09\\\/le-nombre-des-ecoles-communautaires-porte-a-349-pour-lannee-scolaire-2025-2026\\\/\"},\"wordCount\":406,\"commentCount\":0,\"image\":{\"@id\":\"https:\\\/\\\/dpress.ma\\\/fr\\\/2026\\\/06\\\/09\\\/le-nombre-des-ecoles-communautaires-porte-a-349-pour-lannee-scolaire-2025-2026\\\/#primaryimage\"},\"thumbnailUrl\":\"https:\\\/\\\/dpress.ma\\\/fr\\\/wp-content\\\/uploads\\\/sites\\\/2\\\/2026\\\/06\\\/24-1.jpg\",\"articleSection\":[\"Politiques\"],\"inLanguage\":\"fr-FR\",\"potentialAction\":[{\"@type\":\"CommentAction\",\"name\":\"Comment\",\"target\":[\"https:\\\/\\\/dpress.ma\\\/fr\\\/2026\\\/06\\\/09\\\/le-nombre-des-ecoles-communautaires-porte-a-349-pour-lannee-scolaire-2025-2026\\\/#respond\"]}]},{\"@type\":\"WebPage\",\"@id\":\"https:\\\/\\\/dpress.ma\\\/fr\\\/2026\\\/06\\\/09\\\/le-nombre-des-ecoles-communautaires-porte-a-349-pour-lannee-scolaire-2025-2026\\\/\",\"url\":\"https:\\\/\\\/dpress.ma\\\/fr\\\/2026\\\/06\\\/09\\\/le-nombre-des-ecoles-communautaires-porte-a-349-pour-lannee-scolaire-2025-2026\\\/\",\"name\":\"Le nombre des \u00e9coles communautaires port\u00e9 \u00e0 349 pour l\u2019ann\u00e9e scolaire 2025-2026 - Dpress.ma\\\/fr\",\"isPartOf\":{\"@id\":\"https:\\\/\\\/dpress.ma\\\/fr\\\/#website\"},\"primaryImageOfPage\":{\"@id\":\"https:\\\/\\\/dpress.ma\\\/fr\\\/2026\\\/06\\\/09\\\/le-nombre-des-ecoles-communautaires-porte-a-349-pour-lannee-scolaire-2025-2026\\\/#primaryimage\"},\"image\":{\"@id\":\"https:\\\/\\\/dpress.ma\\\/fr\\\/2026\\\/06\\\/09\\\/le-nombre-des-ecoles-communautaires-porte-a-349-pour-lannee-scolaire-2025-2026\\\/#primaryimage\"},\"thumbnailUrl\":\"https:\\\/\\\/dpress.ma\\\/fr\\\/wp-content\\\/uploads\\\/sites\\\/2\\\/2026\\\/06\\\/24-1.jpg\",\"datePublished\":\"2026-06-09T09:11:22+00:00\",\"dateModified\":\"2026-06-09T09:11:24+00:00\",\"author\":{\"@id\":\"https:\\\/\\\/dpress.ma\\\/fr\\\/#\\\/schema\\\/person\\\/4898febf3ccd59e6578d838656a306a0\"},\"breadcrumb\":{\"@id\":\"https:\\\/\\\/dpress.ma\\\/fr\\\/2026\\\/06\\\/09\\\/le-nombre-des-ecoles-communautaires-porte-a-349-pour-lannee-scolaire-2025-2026\\\/#breadcrumb\"},\"inLanguage\":\"fr-FR\",\"potentialAction\":[{\"@type\":\"ReadAction\",\"target\":[\"https:\\\/\\\/dpress.ma\\\/fr\\\/2026\\\/06\\\/09\\\/le-nombre-des-ecoles-communautaires-porte-a-349-pour-lannee-scolaire-2025-2026\\\/\"]}]},{\"@type\":\"ImageObject\",\"inLanguage\":\"fr-FR\",\"@id\":\"https:\\\/\\\/dpress.ma\\\/fr\\\/2026\\\/06\\\/09\\\/le-nombre-des-ecoles-communautaires-porte-a-349-pour-lannee-scolaire-2025-2026\\\/#primaryimage\",\"url\":\"https:\\\/\\\/dpress.ma\\\/fr\\\/wp-content\\\/uploads\\\/sites\\\/2\\\/2026\\\/06\\\/24-1.jpg\",\"contentUrl\":\"https:\\\/\\\/dpress.ma\\\/fr\\\/wp-content\\\/uploads\\\/sites\\\/2\\\/2026\\\/06\\\/24-1.jpg\",\"width\":2539,\"height\":1594},{\"@type\":\"BreadcrumbList\",\"@id\":\"https:\\\/\\\/dpress.ma\\\/fr\\\/2026\\\/06\\\/09\\\/le-nombre-des-ecoles-communautaires-porte-a-349-pour-lannee-scolaire-2025-2026\\\/#breadcrumb\",\"itemListElement\":[{\"@type\":\"ListItem\",\"position\":1,\"name\":\"Home\",\"item\":\"https:\\\/\\\/dpress.ma\\\/fr\\\/\"},{\"@type\":\"ListItem\",\"position\":2,\"name\":\"Le nombre des \u00e9coles communautaires port\u00e9 \u00e0 349 pour l\u2019ann\u00e9e scolaire 2025-2026\"}]},{\"@type\":\"WebSite\",\"@id\":\"https:\\\/\\\/dpress.ma\\\/fr\\\/#website\",\"url\":\"https:\\\/\\\/dpress.ma\\\/fr\\\/\",\"name\":\"Dpress.ma\\\/fr\",\"description\":\"\",\"potentialAction\":[{\"@type\":\"SearchAction\",\"target\":{\"@type\":\"EntryPoint\",\"urlTemplate\":\"https:\\\/\\\/dpress.ma\\\/fr\\\/?s={search_term_string}\"},\"query-input\":{\"@type\":\"PropertyValueSpecification\",\"valueRequired\":true,\"valueName\":\"search_term_string\"}}],\"inLanguage\":\"fr-FR\"},{\"@type\":\"Person\",\"@id\":\"https:\\\/\\\/dpress.ma\\\/fr\\\/#\\\/schema\\\/person\\\/4898febf3ccd59e6578d838656a306a0\",\"name\":\"Dpress.ma\",\"image\":{\"@type\":\"ImageObject\",\"inLanguage\":\"fr-FR\",\"@id\":\"https:\\\/\\\/secure.gravatar.com\\\/avatar\\\/72ecc30e9db047a2e0e7176561eb9d564ed77c8108376495b19bd8336405198a?s=96&d=mm&r=g\",\"url\":\"https:\\\/\\\/secure.gravatar.com\\\/avatar\\\/72ecc30e9db047a2e0e7176561eb9d564ed77c8108376495b19bd8336405198a?s=96&d=mm&r=g\",\"contentUrl\":\"https:\\\/\\\/secure.gravatar.com\\\/avatar\\\/72ecc30e9db047a2e0e7176561eb9d564ed77c8108376495b19bd8336405198a?s=96&d=mm&r=g\",\"caption\":\"Dpress.ma\"},\"sameAs\":[\"https:\\\/\\\/www.dpress.ma\"],\"url\":\"https:\\\/\\\/dpress.ma\\\/fr\\\/author\\\/dpress-ma\\\/\"}]}<\/script>\n<!-- \/ Yoast SEO plugin. -->","yoast_head_json":{"title":"Le nombre des \u00e9coles communautaires port\u00e9 \u00e0 349 pour l\u2019ann\u00e9e scolaire 2025-2026 - Dpress.ma\/fr","robots":{"index":"index","follow":"follow","max-snippet":"max-snippet:-1","max-image-preview":"max-image-preview:large","max-video-preview":"max-video-preview:-1"},"canonical":"https:\/\/dpress.ma\/fr\/2026\/06\/09\/le-nombre-des-ecoles-communautaires-porte-a-349-pour-lannee-scolaire-2025-2026\/","og_locale":"fr_FR","og_type":"article","og_title":"Le nombre des \u00e9coles communautaires port\u00e9 \u00e0 349 pour l\u2019ann\u00e9e scolaire 2025-2026 - Dpress.ma\/fr","og_description":"Dpress Le nombre des \u00e9coles communautaires est pass\u00e9 de 226 en 2021 \u00e0 349 durant l\u2019ann\u00e9e scolaire actuelle 2025-2026, a affirm\u00e9 lundi \u00e0 la Chambre des repr\u00e9sentants, le Chef du gouvernement, Aziz Akhannouch. Cet \u00e9volution vient illustrer les r\u00f4les sociaux importants assum\u00e9s par ces \u00e9coles communautaires et leur contribution effective \u00e0 la r\u00e9duction des disparit\u00e9s &hellip;","og_url":"https:\/\/dpress.ma\/fr\/2026\/06\/09\/le-nombre-des-ecoles-communautaires-porte-a-349-pour-lannee-scolaire-2025-2026\/","og_site_name":"Dpress.ma\/fr","article_published_time":"2026-06-09T09:11:22+00:00","article_modified_time":"2026-06-09T09:11:24+00:00","og_image":[{"width":2539,"height":1594,"url":"https:\/\/dpress.ma\/fr\/wp-content\/uploads\/sites\/2\/2026\/06\/24-1.jpg","type":"image\/jpeg"}],"author":"Dpress.ma","twitter_card":"summary_large_image","twitter_misc":{"\u00c9crit par":"Dpress.ma","Dur\u00e9e de lecture estim\u00e9e":"3 minutes"},"schema":{"@context":"https:\/\/schema.org","@graph":[{"@type":"Article","@id":"https:\/\/dpress.ma\/fr\/2026\/06\/09\/le-nombre-des-ecoles-communautaires-porte-a-349-pour-lannee-scolaire-2025-2026\/#article","isPartOf":{"@id":"https:\/\/dpress.ma\/fr\/2026\/06\/09\/le-nombre-des-ecoles-communautaires-porte-a-349-pour-lannee-scolaire-2025-2026\/"},"author":{"name":"Dpress.ma","@id":"https:\/\/dpress.ma\/fr\/#\/schema\/person\/4898febf3ccd59e6578d838656a306a0"},"headline":"Le nombre des \u00e9coles communautaires port\u00e9 \u00e0 349 pour l\u2019ann\u00e9e scolaire 2025-2026","datePublished":"2026-06-09T09:11:22+00:00","dateModified":"2026-06-09T09:11:24+00:00","mainEntityOfPage":{"@id":"https:\/\/dpress.ma\/fr\/2026\/06\/09\/le-nombre-des-ecoles-communautaires-porte-a-349-pour-lannee-scolaire-2025-2026\/"},"wordCount":406,"commentCount":0,"image":{"@id":"https:\/\/dpress.ma\/fr\/2026\/06\/09\/le-nombre-des-ecoles-communautaires-porte-a-349-pour-lannee-scolaire-2025-2026\/#primaryimage"},"thumbnailUrl":"https:\/\/dpress.ma\/fr\/wp-content\/uploads\/sites\/2\/2026\/06\/24-1.jpg","articleSection":["Politiques"],"inLanguage":"fr-FR","potentialAction":[{"@type":"CommentAction","name":"Comment","target":["https:\/\/dpress.ma\/fr\/2026\/06\/09\/le-nombre-des-ecoles-communautaires-porte-a-349-pour-lannee-scolaire-2025-2026\/#respond"]}]},{"@type":"WebPage","@id":"https:\/\/dpress.ma\/fr\/2026\/06\/09\/le-nombre-des-ecoles-communautaires-porte-a-349-pour-lannee-scolaire-2025-2026\/","url":"https:\/\/dpress.ma\/fr\/2026\/06\/09\/le-nombre-des-ecoles-communautaires-porte-a-349-pour-lannee-scolaire-2025-2026\/","name":"Le nombre des \u00e9coles communautaires port\u00e9 \u00e0 349 pour l\u2019ann\u00e9e scolaire 2025-2026 - Dpress.ma\/fr","isPartOf":{"@id":"https:\/\/dpress.ma\/fr\/#website"},"primaryImageOfPage":{"@id":"https:\/\/dpress.ma\/fr\/2026\/06\/09\/le-nombre-des-ecoles-communautaires-porte-a-349-pour-lannee-scolaire-2025-2026\/#primaryimage"},"image":{"@id":"https:\/\/dpress.ma\/fr\/2026\/06\/09\/le-nombre-des-ecoles-communautaires-porte-a-349-pour-lannee-scolaire-2025-2026\/#primaryimage"},"thumbnailUrl":"https:\/\/dpress.ma\/fr\/wp-content\/uploads\/sites\/2\/2026\/06\/24-1.jpg","datePublished":"2026-06-09T09:11:22+00:00","dateModified":"2026-06-09T09:11:24+00:00","author":{"@id":"https:\/\/dpress.ma\/fr\/#\/schema\/person\/4898febf3ccd59e6578d838656a306a0"},"breadcrumb":{"@id":"https:\/\/dpress.ma\/fr\/2026\/06\/09\/le-nombre-des-ecoles-communautaires-porte-a-349-pour-lannee-scolaire-2025-2026\/#breadcrumb"},"inLanguage":"fr-FR","potentialAction":[{"@type":"ReadAction","target":["https:\/\/dpress.ma\/fr\/2026\/06\/09\/le-nombre-des-ecoles-communautaires-porte-a-349-pour-lannee-scolaire-2025-2026\/"]}]},{"@type":"ImageObject","inLanguage":"fr-FR","@id":"https:\/\/dpress.ma\/fr\/2026\/06\/09\/le-nombre-des-ecoles-communautaires-porte-a-349-pour-lannee-scolaire-2025-2026\/#primaryimage","url":"https:\/\/dpress.ma\/fr\/wp-content\/uploads\/sites\/2\/2026\/06\/24-1.jpg","contentUrl":"https:\/\/dpress.ma\/fr\/wp-content\/uploads\/sites\/2\/2026\/06\/24-1.jpg","width":2539,"height":1594},{"@type":"BreadcrumbList","@id":"https:\/\/dpress.ma\/fr\/2026\/06\/09\/le-nombre-des-ecoles-communautaires-porte-a-349-pour-lannee-scolaire-2025-2026\/#breadcrumb","itemListElement":[{"@type":"ListItem","position":1,"name":"Home","item":"https:\/\/dpress.ma\/fr\/"},{"@type":"ListItem","position":2,"name":"Le nombre des \u00e9coles communautaires port\u00e9 \u00e0 349 pour l\u2019ann\u00e9e scolaire 2025-2026"}]},{"@type":"WebSite","@id":"https:\/\/dpress.ma\/fr\/#website","url":"https:\/\/dpress.ma\/fr\/","name":"Dpress.ma\/fr","description":"","potentialAction":[{"@type":"SearchAction","target":{"@type":"EntryPoint","urlTemplate":"https:\/\/dpress.ma\/fr\/?s={search_term_string}"},"query-input":{"@type":"PropertyValueSpecification","valueRequired":true,"valueName":"search_term_string"}}],"inLanguage":"fr-FR"},{"@type":"Person","@id":"https:\/\/dpress.ma\/fr\/#\/schema\/person\/4898febf3ccd59e6578d838656a306a0","name":"Dpress.ma","image":{"@type":"ImageObject","inLanguage":"fr-FR","@id":"https:\/\/secure.gravatar.com\/avatar\/72ecc30e9db047a2e0e7176561eb9d564ed77c8108376495b19bd8336405198a?s=96&d=mm&r=g","url":"https:\/\/secure.gravatar.com\/avatar\/72ecc30e9db047a2e0e7176561eb9d564ed77c8108376495b19bd8336405198a?s=96&d=mm&r=g","contentUrl":"https:\/\/secure.gravatar.com\/avatar\/72ecc30e9db047a2e0e7176561eb9d564ed77c8108376495b19bd8336405198a?s=96&d=mm&r=g","caption":"Dpress.ma"},"sameAs":["https:\/\/www.dpress.ma"],"url":"https:\/\/dpress.ma\/fr\/author\/dpress-ma\/"}]}},"amp_enabled":true,"_links":{"self":[{"href":"https:\/\/dpress.ma\/fr\/wp-json\/wp\/v2\/posts\/33125","targetHints":{"allow":["GET"]}}],"collection":[{"href":"https:\/\/dpress.ma\/fr\/wp-json\/wp\/v2\/posts"}],"about":[{"href":"https:\/\/dpress.ma\/fr\/wp-json\/wp\/v2\/types\/post"}],"author":[{"embeddable":true,"href":"https:\/\/dpress.ma\/fr\/wp-json\/wp\/v2\/users\/2"}],"replies":[{"embeddable":true,"href":"https:\/\/dpress.ma\/fr\/wp-json\/wp\/v2\/comments?post=33125"}],"version-history":[{"count":1,"href":"https:\/\/dpress.ma\/fr\/wp-json\/wp\/v2\/posts\/33125\/revisions"}],"predecessor-version":[{"id":33127,"href":"https:\/\/dpress.ma\/fr\/wp-json\/wp\/v2\/posts\/33125\/revisions\/33127"}],"wp:featuredmedia":[{"embeddable":true,"href":"https:\/\/dpress.ma\/fr\/wp-json\/wp\/v2\/media\/33126"}],"wp:attachment":[{"href":"https:\/\/dpress.ma\/fr\/wp-json\/wp\/v2\/media?parent=33125"}],"wp:term":[{"taxonomy":"category","embeddable":true,"href":"https:\/\/dpress.ma\/fr\/wp-json\/wp\/v2\/categories?post=33125"},{"taxonomy":"post_tag","embeddable":true,"href":"https:\/\/dpress.ma\/fr\/wp-json\/wp\/v2\/tags?post=33125"}],"curies":[{"name":"wp","href":"https:\/\/api.w.org\/{rel}","templated":true}]}}