{"id":3311,"date":"2023-01-19T15:44:19","date_gmt":"2023-01-19T15:44:19","guid":{"rendered":"https:\/\/dpress.ma\/fr\/?p=3311"},"modified":"2023-01-19T15:44:20","modified_gmt":"2023-01-19T15:44:20","slug":"creation-de-larab-design-organisation-pour-federer-les-initiatives-du-design","status":"publish","type":"post","link":"https:\/\/dpress.ma\/fr\/2023\/01\/19\/creation-de-larab-design-organisation-pour-federer-les-initiatives-du-design\/","title":{"rendered":"Cr\u00e9ation de \u201cl\u2019Arab Design Organisation\u201d pour f\u00e9d\u00e9rer les initiatives du design"},"content":{"rendered":"\n<p>Dpress<\/p>\n\n\n\n<p>&nbsp;Le designer international et architecte d\u2019int\u00e9rieur, Hicham Lahlou a annonc\u00e9 la cr\u00e9ation de l\u2019Arab Design Organisation (AADO), en vue de \u201cf\u00e9d\u00e9rer les initiatives aux niveaux r\u00e9gional et international, par la transversalit\u00e9 du design\u201d.<\/p>\n\n\n\n<p>Co-initi\u00e9e et co-fond\u00e9e par M. Lahlou, cette organisation du design \u201csymbolise \u00e0 travers son abr\u00e9viation les dimensions Amazigh et Africaine du Monde Arabe\u201d.<\/p>\n\n\n\n<p>L&rsquo;\u201dAADO\u201d vise \u00e0 promouvoir le multiculturalisme du monde arabe dans sa pluralit\u00e9 culturelle, pr\u00e9cise M.Lahlou dans un communiqu\u00e9, notant que cette organisation a \u00e9galement pour ambition de d\u00e9montrer que le design peut \u00eatre un vecteur puissant et un levier \u00e9conomique pour la mise en valeur notamment de l\u2019industrie, de l\u2019artisanat, du tourisme et de l\u2019am\u00e9nagement des territoires et des villes.<\/p>\n\n\n\n<p>De m\u00eame, l\u2019organisation va regrouper plusieurs leaders du design et sera le porte-parole et porte-drapeau du design comme socle essentiel de la diplomatie bilat\u00e9rale et multilat\u00e9rale\u201d et mettra en lumi\u00e8re la jeunesse et leur sens de l\u2019engagement.<\/p>\n\n\n\n<p>\u201cCe projet tr\u00e8s important f\u00e9d\u00e9rateur, unique et historique, contribuera au rayonnement diplomatique, culturel et \u00e9conomique aussi bien au niveau local qu\u2019international\u201d, a-t-on not\u00e9.<\/p>\n\n\n\n<p>La cr\u00e9ation de cette organisation intervient au moment o\u00f9 plusieurs initiatives mettent tout en \u0153uvre une strat\u00e9gie de promotion locale et internationale du design, fait observer la m\u00eame source, soulignant que celle-ci sera un outil puissant du soft-power et de la diplomatie parall\u00e8le alli\u00e9s naturels et incontournables de la diplomatie officielle, et fera appel \u00e0 des personnalit\u00e9s locales, r\u00e9gionales et internationales de premier rang.<\/p>\n\n\n\n<p>\u201cDes designers, des entreprises du design, des marques du Maroc et du continent Africain, tous secteurs confondus seront invit\u00e9s \u00e0 participer \u00e0 ces \u00e9v\u00e9nements\u201d, a-t-on relev\u00e9.<\/p>\n\n\n\n<p>Arab Design Organisation (association et fondation en cours de montage) sera membre de la prestigieuse World Design Organisation et portera la voix de l\u2019Afrique dans le monde et au sein de la World Design Organization, a expliqu\u00e9 M. Lahlou qui a annonc\u00e9 la tenue prochaine de l\u2019Arab Design Week (ADW) et de l\u2019Arab Design Awards (ADAS).<\/p>\n\n\n\n<p>Selon le communiqu\u00e9, le si\u00e8ge de l\u2019organisation sera d\u00e9voil\u00e9 prochainement dans un pays qui sera le point de rayonnement, alors que le site internet officiel sera mis en ligne dans l\u2019avenir.<\/p>\n\n\n\n<p>Le designer Hicham Lahlou a \u00e9t\u00e9 nomm\u00e9 le 31 mars 2022 Envoy\u00e9 Sp\u00e9cial et Conseiller du Pr\u00e9sident de la World Design Organisation (WDO), M. David Kusuma, pour les R\u00e9gions MENA et l\u2019Afrique.<\/p>\n\n\n\n<p>WDO, qui c\u00e9l\u00e8bre ses 65 ans d\u2019existence en 2022, est une organisation internationale d\u00e9di\u00e9e au d\u00e9veloppement du design et reconnue par l\u2019Organisation des Nations Unies avec un statut consultatif.<\/p>\n\n\n\n<p>M.&nbsp; Lahlou est \u00e9galement Fondateur d\u2019Africa Design Organization, Morocco Design Organization et \u00e0 l\u2019origine de plusieurs initiatives pour la promotion du design.<\/p>\n","protected":false},"excerpt":{"rendered":"<p>Dpress &nbsp;Le designer international et architecte d\u2019int\u00e9rieur, Hicham Lahlou a annonc\u00e9 la cr\u00e9ation de l\u2019Arab Design Organisation (AADO), en vue de \u201cf\u00e9d\u00e9rer les initiatives aux niveaux r\u00e9gional et international, par la transversalit\u00e9 du design\u201d. Co-initi\u00e9e et co-fond\u00e9e par M. Lahlou, cette organisation du design \u201csymbolise \u00e0 travers son abr\u00e9viation les dimensions Amazigh et Africaine du &hellip;<\/p>\n","protected":false},"author":2,"featured_media":3312,"comment_status":"open","ping_status":"open","sticky":false,"template":"","format":"standard","meta":{"footnotes":""},"categories":[31],"tags":[],"class_list":["post-3311","post","type-post","status-publish","format-standard","has-post-thumbnail","hentry","category-art-et-culture"],"yoast_head":"<!-- This site is optimized with the Yoast SEO plugin v27.5 - https:\/\/yoast.com\/product\/yoast-seo-wordpress\/ -->\n<title>Cr\u00e9ation de \u201cl\u2019Arab Design Organisation\u201d pour f\u00e9d\u00e9rer les initiatives du design - Dpress.ma\/fr<\/title>\n<meta name=\"description\" content=\"Le designer international et architecte d\u2019int\u00e9rieur, Hicham Lahlou a annonc\u00e9 la cr\u00e9ation de l\u2019Arab Design Organisation (AADO), en vue de \u201cf\u00e9d\u00e9rer les initiatives aux niveaux r\u00e9gional et international, par la transversalit\u00e9 du design\u201d.\" \/>\n<meta name=\"robots\" content=\"index, follow, max-snippet:-1, max-image-preview:large, max-video-preview:-1\" \/>\n<link rel=\"canonical\" href=\"https:\/\/dpress.ma\/fr\/2023\/01\/19\/creation-de-larab-design-organisation-pour-federer-les-initiatives-du-design\/\" \/>\n<meta property=\"og:locale\" content=\"fr_FR\" \/>\n<meta property=\"og:type\" content=\"article\" \/>\n<meta property=\"og:title\" content=\"Cr\u00e9ation de \u201cl\u2019Arab Design Organisation\u201d pour f\u00e9d\u00e9rer les initiatives du design - Dpress.ma\/fr\" \/>\n<meta property=\"og:description\" content=\"Le designer international et architecte d\u2019int\u00e9rieur, Hicham Lahlou a annonc\u00e9 la cr\u00e9ation de l\u2019Arab Design Organisation (AADO), en vue de \u201cf\u00e9d\u00e9rer les initiatives aux niveaux r\u00e9gional et international, par la transversalit\u00e9 du design\u201d.\" \/>\n<meta property=\"og:url\" content=\"https:\/\/dpress.ma\/fr\/2023\/01\/19\/creation-de-larab-design-organisation-pour-federer-les-initiatives-du-design\/\" \/>\n<meta property=\"og:site_name\" content=\"Dpress.ma\/fr\" \/>\n<meta property=\"article:published_time\" content=\"2023-01-19T15:44:19+00:00\" \/>\n<meta property=\"article:modified_time\" content=\"2023-01-19T15:44:20+00:00\" \/>\n<meta property=\"og:image\" content=\"https:\/\/dpress.ma\/fr\/wp-content\/uploads\/sites\/2\/2023\/01\/dimensions2-38.jpg\" \/>\n\t<meta property=\"og:image:width\" content=\"2539\" \/>\n\t<meta property=\"og:image:height\" content=\"1594\" \/>\n\t<meta property=\"og:image:type\" content=\"image\/jpeg\" \/>\n<meta name=\"author\" content=\"Dpress.ma\" \/>\n<meta name=\"twitter:card\" content=\"summary_large_image\" \/>\n<meta name=\"twitter:label1\" content=\"\u00c9crit par\" \/>\n\t<meta name=\"twitter:data1\" content=\"Dpress.ma\" \/>\n\t<meta name=\"twitter:label2\" content=\"Dur\u00e9e de lecture estim\u00e9e\" \/>\n\t<meta name=\"twitter:data2\" content=\"3 minutes\" \/>\n<script type=\"application\/ld+json\" class=\"yoast-schema-graph\">{\"@context\":\"https:\\\/\\\/schema.org\",\"@graph\":[{\"@type\":\"Article\",\"@id\":\"https:\\\/\\\/dpress.ma\\\/fr\\\/2023\\\/01\\\/19\\\/creation-de-larab-design-organisation-pour-federer-les-initiatives-du-design\\\/#article\",\"isPartOf\":{\"@id\":\"https:\\\/\\\/dpress.ma\\\/fr\\\/2023\\\/01\\\/19\\\/creation-de-larab-design-organisation-pour-federer-les-initiatives-du-design\\\/\"},\"author\":{\"name\":\"Dpress.ma\",\"@id\":\"https:\\\/\\\/dpress.ma\\\/fr\\\/#\\\/schema\\\/person\\\/4898febf3ccd59e6578d838656a306a0\"},\"headline\":\"Cr\u00e9ation de \u201cl\u2019Arab Design Organisation\u201d pour f\u00e9d\u00e9rer les initiatives du design\",\"datePublished\":\"2023-01-19T15:44:19+00:00\",\"dateModified\":\"2023-01-19T15:44:20+00:00\",\"mainEntityOfPage\":{\"@id\":\"https:\\\/\\\/dpress.ma\\\/fr\\\/2023\\\/01\\\/19\\\/creation-de-larab-design-organisation-pour-federer-les-initiatives-du-design\\\/\"},\"wordCount\":501,\"commentCount\":0,\"image\":{\"@id\":\"https:\\\/\\\/dpress.ma\\\/fr\\\/2023\\\/01\\\/19\\\/creation-de-larab-design-organisation-pour-federer-les-initiatives-du-design\\\/#primaryimage\"},\"thumbnailUrl\":\"https:\\\/\\\/dpress.ma\\\/fr\\\/wp-content\\\/uploads\\\/sites\\\/2\\\/2023\\\/01\\\/dimensions2-38.jpg\",\"articleSection\":[\"Art et Culture\"],\"inLanguage\":\"fr-FR\",\"potentialAction\":[{\"@type\":\"CommentAction\",\"name\":\"Comment\",\"target\":[\"https:\\\/\\\/dpress.ma\\\/fr\\\/2023\\\/01\\\/19\\\/creation-de-larab-design-organisation-pour-federer-les-initiatives-du-design\\\/#respond\"]}]},{\"@type\":\"WebPage\",\"@id\":\"https:\\\/\\\/dpress.ma\\\/fr\\\/2023\\\/01\\\/19\\\/creation-de-larab-design-organisation-pour-federer-les-initiatives-du-design\\\/\",\"url\":\"https:\\\/\\\/dpress.ma\\\/fr\\\/2023\\\/01\\\/19\\\/creation-de-larab-design-organisation-pour-federer-les-initiatives-du-design\\\/\",\"name\":\"Cr\u00e9ation de \u201cl\u2019Arab Design Organisation\u201d pour f\u00e9d\u00e9rer les initiatives du design - Dpress.ma\\\/fr\",\"isPartOf\":{\"@id\":\"https:\\\/\\\/dpress.ma\\\/fr\\\/#website\"},\"primaryImageOfPage\":{\"@id\":\"https:\\\/\\\/dpress.ma\\\/fr\\\/2023\\\/01\\\/19\\\/creation-de-larab-design-organisation-pour-federer-les-initiatives-du-design\\\/#primaryimage\"},\"image\":{\"@id\":\"https:\\\/\\\/dpress.ma\\\/fr\\\/2023\\\/01\\\/19\\\/creation-de-larab-design-organisation-pour-federer-les-initiatives-du-design\\\/#primaryimage\"},\"thumbnailUrl\":\"https:\\\/\\\/dpress.ma\\\/fr\\\/wp-content\\\/uploads\\\/sites\\\/2\\\/2023\\\/01\\\/dimensions2-38.jpg\",\"datePublished\":\"2023-01-19T15:44:19+00:00\",\"dateModified\":\"2023-01-19T15:44:20+00:00\",\"author\":{\"@id\":\"https:\\\/\\\/dpress.ma\\\/fr\\\/#\\\/schema\\\/person\\\/4898febf3ccd59e6578d838656a306a0\"},\"description\":\"Le designer international et architecte d\u2019int\u00e9rieur, Hicham Lahlou a annonc\u00e9 la cr\u00e9ation de l\u2019Arab Design Organisation (AADO), en vue de \u201cf\u00e9d\u00e9rer les initiatives aux niveaux r\u00e9gional et international, par la transversalit\u00e9 du design\u201d.\",\"breadcrumb\":{\"@id\":\"https:\\\/\\\/dpress.ma\\\/fr\\\/2023\\\/01\\\/19\\\/creation-de-larab-design-organisation-pour-federer-les-initiatives-du-design\\\/#breadcrumb\"},\"inLanguage\":\"fr-FR\",\"potentialAction\":[{\"@type\":\"ReadAction\",\"target\":[\"https:\\\/\\\/dpress.ma\\\/fr\\\/2023\\\/01\\\/19\\\/creation-de-larab-design-organisation-pour-federer-les-initiatives-du-design\\\/\"]}]},{\"@type\":\"ImageObject\",\"inLanguage\":\"fr-FR\",\"@id\":\"https:\\\/\\\/dpress.ma\\\/fr\\\/2023\\\/01\\\/19\\\/creation-de-larab-design-organisation-pour-federer-les-initiatives-du-design\\\/#primaryimage\",\"url\":\"https:\\\/\\\/dpress.ma\\\/fr\\\/wp-content\\\/uploads\\\/sites\\\/2\\\/2023\\\/01\\\/dimensions2-38.jpg\",\"contentUrl\":\"https:\\\/\\\/dpress.ma\\\/fr\\\/wp-content\\\/uploads\\\/sites\\\/2\\\/2023\\\/01\\\/dimensions2-38.jpg\",\"width\":2539,\"height\":1594},{\"@type\":\"BreadcrumbList\",\"@id\":\"https:\\\/\\\/dpress.ma\\\/fr\\\/2023\\\/01\\\/19\\\/creation-de-larab-design-organisation-pour-federer-les-initiatives-du-design\\\/#breadcrumb\",\"itemListElement\":[{\"@type\":\"ListItem\",\"position\":1,\"name\":\"Home\",\"item\":\"https:\\\/\\\/dpress.ma\\\/fr\\\/\"},{\"@type\":\"ListItem\",\"position\":2,\"name\":\"Cr\u00e9ation de \u201cl\u2019Arab Design Organisation\u201d pour f\u00e9d\u00e9rer les initiatives du design\"}]},{\"@type\":\"WebSite\",\"@id\":\"https:\\\/\\\/dpress.ma\\\/fr\\\/#website\",\"url\":\"https:\\\/\\\/dpress.ma\\\/fr\\\/\",\"name\":\"Dpress.ma\\\/fr\",\"description\":\"\",\"potentialAction\":[{\"@type\":\"SearchAction\",\"target\":{\"@type\":\"EntryPoint\",\"urlTemplate\":\"https:\\\/\\\/dpress.ma\\\/fr\\\/?s={search_term_string}\"},\"query-input\":{\"@type\":\"PropertyValueSpecification\",\"valueRequired\":true,\"valueName\":\"search_term_string\"}}],\"inLanguage\":\"fr-FR\"},{\"@type\":\"Person\",\"@id\":\"https:\\\/\\\/dpress.ma\\\/fr\\\/#\\\/schema\\\/person\\\/4898febf3ccd59e6578d838656a306a0\",\"name\":\"Dpress.ma\",\"image\":{\"@type\":\"ImageObject\",\"inLanguage\":\"fr-FR\",\"@id\":\"https:\\\/\\\/secure.gravatar.com\\\/avatar\\\/72ecc30e9db047a2e0e7176561eb9d564ed77c8108376495b19bd8336405198a?s=96&d=mm&r=g\",\"url\":\"https:\\\/\\\/secure.gravatar.com\\\/avatar\\\/72ecc30e9db047a2e0e7176561eb9d564ed77c8108376495b19bd8336405198a?s=96&d=mm&r=g\",\"contentUrl\":\"https:\\\/\\\/secure.gravatar.com\\\/avatar\\\/72ecc30e9db047a2e0e7176561eb9d564ed77c8108376495b19bd8336405198a?s=96&d=mm&r=g\",\"caption\":\"Dpress.ma\"},\"sameAs\":[\"https:\\\/\\\/www.dpress.ma\"],\"url\":\"https:\\\/\\\/dpress.ma\\\/fr\\\/author\\\/dpress-ma\\\/\"}]}<\/script>\n<!-- \/ Yoast SEO plugin. -->","yoast_head_json":{"title":"Cr\u00e9ation de \u201cl\u2019Arab Design Organisation\u201d pour f\u00e9d\u00e9rer les initiatives du design - Dpress.ma\/fr","description":"Le designer international et architecte d\u2019int\u00e9rieur, Hicham Lahlou a annonc\u00e9 la cr\u00e9ation de l\u2019Arab Design Organisation (AADO), en vue de \u201cf\u00e9d\u00e9rer les initiatives aux niveaux r\u00e9gional et international, par la transversalit\u00e9 du design\u201d.","robots":{"index":"index","follow":"follow","max-snippet":"max-snippet:-1","max-image-preview":"max-image-preview:large","max-video-preview":"max-video-preview:-1"},"canonical":"https:\/\/dpress.ma\/fr\/2023\/01\/19\/creation-de-larab-design-organisation-pour-federer-les-initiatives-du-design\/","og_locale":"fr_FR","og_type":"article","og_title":"Cr\u00e9ation de \u201cl\u2019Arab Design Organisation\u201d pour f\u00e9d\u00e9rer les initiatives du design - Dpress.ma\/fr","og_description":"Le designer international et architecte d\u2019int\u00e9rieur, Hicham Lahlou a annonc\u00e9 la cr\u00e9ation de l\u2019Arab Design Organisation (AADO), en vue de \u201cf\u00e9d\u00e9rer les initiatives aux niveaux r\u00e9gional et international, par la transversalit\u00e9 du design\u201d.","og_url":"https:\/\/dpress.ma\/fr\/2023\/01\/19\/creation-de-larab-design-organisation-pour-federer-les-initiatives-du-design\/","og_site_name":"Dpress.ma\/fr","article_published_time":"2023-01-19T15:44:19+00:00","article_modified_time":"2023-01-19T15:44:20+00:00","og_image":[{"width":2539,"height":1594,"url":"https:\/\/dpress.ma\/fr\/wp-content\/uploads\/sites\/2\/2023\/01\/dimensions2-38.jpg","type":"image\/jpeg"}],"author":"Dpress.ma","twitter_card":"summary_large_image","twitter_misc":{"\u00c9crit par":"Dpress.ma","Dur\u00e9e de lecture estim\u00e9e":"3 minutes"},"schema":{"@context":"https:\/\/schema.org","@graph":[{"@type":"Article","@id":"https:\/\/dpress.ma\/fr\/2023\/01\/19\/creation-de-larab-design-organisation-pour-federer-les-initiatives-du-design\/#article","isPartOf":{"@id":"https:\/\/dpress.ma\/fr\/2023\/01\/19\/creation-de-larab-design-organisation-pour-federer-les-initiatives-du-design\/"},"author":{"name":"Dpress.ma","@id":"https:\/\/dpress.ma\/fr\/#\/schema\/person\/4898febf3ccd59e6578d838656a306a0"},"headline":"Cr\u00e9ation de \u201cl\u2019Arab Design Organisation\u201d pour f\u00e9d\u00e9rer les initiatives du design","datePublished":"2023-01-19T15:44:19+00:00","dateModified":"2023-01-19T15:44:20+00:00","mainEntityOfPage":{"@id":"https:\/\/dpress.ma\/fr\/2023\/01\/19\/creation-de-larab-design-organisation-pour-federer-les-initiatives-du-design\/"},"wordCount":501,"commentCount":0,"image":{"@id":"https:\/\/dpress.ma\/fr\/2023\/01\/19\/creation-de-larab-design-organisation-pour-federer-les-initiatives-du-design\/#primaryimage"},"thumbnailUrl":"https:\/\/dpress.ma\/fr\/wp-content\/uploads\/sites\/2\/2023\/01\/dimensions2-38.jpg","articleSection":["Art et Culture"],"inLanguage":"fr-FR","potentialAction":[{"@type":"CommentAction","name":"Comment","target":["https:\/\/dpress.ma\/fr\/2023\/01\/19\/creation-de-larab-design-organisation-pour-federer-les-initiatives-du-design\/#respond"]}]},{"@type":"WebPage","@id":"https:\/\/dpress.ma\/fr\/2023\/01\/19\/creation-de-larab-design-organisation-pour-federer-les-initiatives-du-design\/","url":"https:\/\/dpress.ma\/fr\/2023\/01\/19\/creation-de-larab-design-organisation-pour-federer-les-initiatives-du-design\/","name":"Cr\u00e9ation de \u201cl\u2019Arab Design Organisation\u201d pour f\u00e9d\u00e9rer les initiatives du design - Dpress.ma\/fr","isPartOf":{"@id":"https:\/\/dpress.ma\/fr\/#website"},"primaryImageOfPage":{"@id":"https:\/\/dpress.ma\/fr\/2023\/01\/19\/creation-de-larab-design-organisation-pour-federer-les-initiatives-du-design\/#primaryimage"},"image":{"@id":"https:\/\/dpress.ma\/fr\/2023\/01\/19\/creation-de-larab-design-organisation-pour-federer-les-initiatives-du-design\/#primaryimage"},"thumbnailUrl":"https:\/\/dpress.ma\/fr\/wp-content\/uploads\/sites\/2\/2023\/01\/dimensions2-38.jpg","datePublished":"2023-01-19T15:44:19+00:00","dateModified":"2023-01-19T15:44:20+00:00","author":{"@id":"https:\/\/dpress.ma\/fr\/#\/schema\/person\/4898febf3ccd59e6578d838656a306a0"},"description":"Le designer international et architecte d\u2019int\u00e9rieur, Hicham Lahlou a annonc\u00e9 la cr\u00e9ation de l\u2019Arab Design Organisation (AADO), en vue de \u201cf\u00e9d\u00e9rer les initiatives aux niveaux r\u00e9gional et international, par la transversalit\u00e9 du design\u201d.","breadcrumb":{"@id":"https:\/\/dpress.ma\/fr\/2023\/01\/19\/creation-de-larab-design-organisation-pour-federer-les-initiatives-du-design\/#breadcrumb"},"inLanguage":"fr-FR","potentialAction":[{"@type":"ReadAction","target":["https:\/\/dpress.ma\/fr\/2023\/01\/19\/creation-de-larab-design-organisation-pour-federer-les-initiatives-du-design\/"]}]},{"@type":"ImageObject","inLanguage":"fr-FR","@id":"https:\/\/dpress.ma\/fr\/2023\/01\/19\/creation-de-larab-design-organisation-pour-federer-les-initiatives-du-design\/#primaryimage","url":"https:\/\/dpress.ma\/fr\/wp-content\/uploads\/sites\/2\/2023\/01\/dimensions2-38.jpg","contentUrl":"https:\/\/dpress.ma\/fr\/wp-content\/uploads\/sites\/2\/2023\/01\/dimensions2-38.jpg","width":2539,"height":1594},{"@type":"BreadcrumbList","@id":"https:\/\/dpress.ma\/fr\/2023\/01\/19\/creation-de-larab-design-organisation-pour-federer-les-initiatives-du-design\/#breadcrumb","itemListElement":[{"@type":"ListItem","position":1,"name":"Home","item":"https:\/\/dpress.ma\/fr\/"},{"@type":"ListItem","position":2,"name":"Cr\u00e9ation de \u201cl\u2019Arab Design Organisation\u201d pour f\u00e9d\u00e9rer les initiatives du design"}]},{"@type":"WebSite","@id":"https:\/\/dpress.ma\/fr\/#website","url":"https:\/\/dpress.ma\/fr\/","name":"Dpress.ma\/fr","description":"","potentialAction":[{"@type":"SearchAction","target":{"@type":"EntryPoint","urlTemplate":"https:\/\/dpress.ma\/fr\/?s={search_term_string}"},"query-input":{"@type":"PropertyValueSpecification","valueRequired":true,"valueName":"search_term_string"}}],"inLanguage":"fr-FR"},{"@type":"Person","@id":"https:\/\/dpress.ma\/fr\/#\/schema\/person\/4898febf3ccd59e6578d838656a306a0","name":"Dpress.ma","image":{"@type":"ImageObject","inLanguage":"fr-FR","@id":"https:\/\/secure.gravatar.com\/avatar\/72ecc30e9db047a2e0e7176561eb9d564ed77c8108376495b19bd8336405198a?s=96&d=mm&r=g","url":"https:\/\/secure.gravatar.com\/avatar\/72ecc30e9db047a2e0e7176561eb9d564ed77c8108376495b19bd8336405198a?s=96&d=mm&r=g","contentUrl":"https:\/\/secure.gravatar.com\/avatar\/72ecc30e9db047a2e0e7176561eb9d564ed77c8108376495b19bd8336405198a?s=96&d=mm&r=g","caption":"Dpress.ma"},"sameAs":["https:\/\/www.dpress.ma"],"url":"https:\/\/dpress.ma\/fr\/author\/dpress-ma\/"}]}},"amp_enabled":true,"_links":{"self":[{"href":"https:\/\/dpress.ma\/fr\/wp-json\/wp\/v2\/posts\/3311","targetHints":{"allow":["GET"]}}],"collection":[{"href":"https:\/\/dpress.ma\/fr\/wp-json\/wp\/v2\/posts"}],"about":[{"href":"https:\/\/dpress.ma\/fr\/wp-json\/wp\/v2\/types\/post"}],"author":[{"embeddable":true,"href":"https:\/\/dpress.ma\/fr\/wp-json\/wp\/v2\/users\/2"}],"replies":[{"embeddable":true,"href":"https:\/\/dpress.ma\/fr\/wp-json\/wp\/v2\/comments?post=3311"}],"version-history":[{"count":1,"href":"https:\/\/dpress.ma\/fr\/wp-json\/wp\/v2\/posts\/3311\/revisions"}],"predecessor-version":[{"id":3313,"href":"https:\/\/dpress.ma\/fr\/wp-json\/wp\/v2\/posts\/3311\/revisions\/3313"}],"wp:featuredmedia":[{"embeddable":true,"href":"https:\/\/dpress.ma\/fr\/wp-json\/wp\/v2\/media\/3312"}],"wp:attachment":[{"href":"https:\/\/dpress.ma\/fr\/wp-json\/wp\/v2\/media?parent=3311"}],"wp:term":[{"taxonomy":"category","embeddable":true,"href":"https:\/\/dpress.ma\/fr\/wp-json\/wp\/v2\/categories?post=3311"},{"taxonomy":"post_tag","embeddable":true,"href":"https:\/\/dpress.ma\/fr\/wp-json\/wp\/v2\/tags?post=3311"}],"curies":[{"name":"wp","href":"https:\/\/api.w.org\/{rel}","templated":true}]}}