{"id":3303,"date":"2023-01-18T11:05:09","date_gmt":"2023-01-18T11:05:09","guid":{"rendered":"https:\/\/dpress.ma\/fr\/?p=3303"},"modified":"2023-01-18T11:05:10","modified_gmt":"2023-01-18T11:05:10","slug":"chambre-des-conseillers-adoption-a-lunanimite-des-projets-de-loi-relatives-aux-energies-renouvelables-et-a-la-regulation-du-secteur-de-lelectricite","status":"publish","type":"post","link":"https:\/\/dpress.ma\/fr\/2023\/01\/18\/chambre-des-conseillers-adoption-a-lunanimite-des-projets-de-loi-relatives-aux-energies-renouvelables-et-a-la-regulation-du-secteur-de-lelectricite\/","title":{"rendered":"Chambre des Conseillers: Adoption \u00e0 l\u2019unanimit\u00e9 des projets de loi relatives aux \u00e9nergies renouvelables et \u00e0 la r\u00e9gulation du secteur de l\u2019\u00e9lectricit\u00e9"},"content":{"rendered":"\n<p>Dpress<\/p>\n\n\n\n<p>La Chambre des Conseillers a adopt\u00e9, lundi \u00e0 l\u2019unanimit\u00e9, le projet de loi n\u00b0 40-19 compl\u00e9tant et modifiant la loi n\u00b0 13-09 relative aux \u00e9nergies renouvelables et la loi n\u00b0 48-15 relative \u00e0 la r\u00e9gulation du secteur de l\u2019\u00e9lectricit\u00e9 et \u00e0 la cr\u00e9ation de l\u2019Autorit\u00e9 Nationale de R\u00e9gulation de l\u2019\u00c9lectricit\u00e9.<\/p>\n\n\n\n<p>Le ministre de l\u2019\u00c9ducation nationale, du pr\u00e9scolaire et des Sports, Chakib Benmoussa, qui a pr\u00e9sent\u00e9 le projet de loi au nom de la ministre de la Transition \u00e9nerg\u00e9tique et du D\u00e9veloppement durable, Leila Benali, a d\u00e9clar\u00e9 que compte tenu du d\u00e9veloppement que conna\u00eet le secteur des \u00e9nergies renouvelables au niveaux national et international, ainsi que les contraintes techniques li\u00e9es au syst\u00e8me \u00e9lectrique national pour lui permettre d\u2019accueillir un nombre important de projets d\u2019\u00e9nergies renouvelables, le minist\u00e8re de la transition \u00e9nerg\u00e9tique et du d\u00e9veloppement durable a pris l\u2019initiative de revoir le cadre l\u00e9gislatif pour la r\u00e9alisation des installations de production d\u2019\u00e9nergie \u00e0 partir de sources renouvelables par le secteur priv\u00e9.<\/p>\n\n\n\n<p>Il a expliqu\u00e9 que les principales dispositions de ce projet de loi se refl\u00e8tent dans la \u201cdiffusion de la capacit\u00e9 d\u2019absorption\u201d du syst\u00e8me \u00e9lectrique national pour int\u00e9grer les \u00e9nergies renouvelables, apr\u00e8s approbation par l\u2019Autorit\u00e9 nationale de R\u00e9gulation de l\u2019\u00e9lectricit\u00e9, ce qui permettra d\u2019am\u00e9liorer la transparence et donner la vision n\u00e9cessaire aux particuliers sur les opportunit\u00e9s d\u2019investissement li\u00e9es aux \u00e9nergies renouvelables.<\/p>\n\n\n\n<p>Les plus importantes dispositions de ce texte, selon le ministre, se manifestent dans l\u2019\u00e9tablissement de la transparence en ce qui concerne les co\u00fbts des \u201cservices syst\u00e8me\u201d, qui sont l\u2019ensemble des services fournis par l\u2019Office national de l\u2019\u00e9lectricit\u00e9 et de l\u2019eau potable pour maintenir la fr\u00e9quence, l\u2019effort et les \u00e9changes avec les pays voisins gr\u00e2ce aux moyens dont dispose le syst\u00e8me, ainsi que la gestion des fluctuations des \u00e9nergies d\u2019origine renouvelable associ\u00e9es aux r\u00e9seaux \u00e9lectriques, o\u00f9 le tarif de ces prestations sera d\u00e9termin\u00e9 par l\u2019Autorit\u00e9 Nationale de R\u00e9gulation de l\u2019\u00c9lectricit\u00e9.<\/p>\n\n\n\n<p>Le texte pr\u00e9voit la d\u00e9livrance d\u2019un certificat appel\u00e9 \u201cCertificat d\u2019Origine\u201d prouvant que l\u2019\u00e9lectricit\u00e9 utilis\u00e9e provient de sources d\u2019\u00e9nergie renouvelables, ce qui permettra d\u2019exploiter de nouvelles opportunit\u00e9s li\u00e9es \u00e0 la commercialisation de produits propres sur le march\u00e9 national et international, ainsi que permettant \u00e0 l\u2019exploitant de d\u00e9velopper sans restriction une installation ou des installations de production d\u2019\u00e9lectricit\u00e9 \u00e0 partir de sources renouvelables soumises au r\u00e9gime des autorisations.<\/p>\n\n\n\n<p>Le texte permettra \u00e9galement aux acteurs priv\u00e9s de compl\u00e9ter les installations de stockage d\u2019\u00e9nergie et de b\u00e9n\u00e9ficier de services de stockage, ce qui permettra d\u2019am\u00e9liorer la rentabilit\u00e9 des projets d\u2019\u00e9nergies renouvelables et de renforcer la flexibilit\u00e9 du syst\u00e8me \u00e9lectrique national, tout en autorisant l\u2019administration \u00e0 recourir \u00e0 des appels d\u2019offres pour mettre en \u0153uvre des projets d\u2019\u00e9nergie renouvelable, afin d\u2019encourager les petites et moyennes entreprises, en particulier nationales, de renforcer l\u2019int\u00e9gration industrielle locale et de cr\u00e9er des opportunit\u00e9s d\u2019emploi.<\/p>\n\n\n\n<p>Les dispositions du projet de loi pr\u00e9voient \u00e9galement la possibilit\u00e9 pour le gestionnaire du r\u00e9seau national de transport de r\u00e9duire temporairement le pompage de l\u2019\u00e9nergie \u00e9lectrique produite vers le r\u00e9seau \u00e9lectrique dans la limite d\u2019un seuil d\u00e9termin\u00e9 par un texte r\u00e9glementaire, ainsi que de permettre aux gestionnaires du r\u00e9seau de distribution \u00e9lectrique \u00e0 approvisionner aupr\u00e8s de l\u2019exploitant d\u2019installations d\u2019\u00e9nergies renouvelables et \u00e0 acqu\u00e9rir une partie de cette \u00e9nergie, dans la limite de 40 % de l\u2019\u00e9lectricit\u00e9 totale produite dans leurs zones d\u2019influence.<\/p>\n\n\n\n<p>M. Benmoussa a soulign\u00e9 que la mise en oeuvre de ce projet de loi aura un impact positif sur la r\u00e9alisation des objectifs strat\u00e9giques du Royaume dans le domaine des \u00e9nergies renouvelables, en favorisant l\u2019investissement priv\u00e9 local et international, en donnant la vision n\u00e9cessaire aux investisseurs et en renfor\u00e7ant les capacit\u00e9s nationales. Elle contribuera \u00e9galement \u00e0 mettre en oeuvre les Hautes Orientations Royales visant \u00e0 acc\u00e9l\u00e9rer le d\u00e9veloppement des \u00e9nergies renouvelables afin de renforcer la souverainet\u00e9 \u00e9nerg\u00e9tique, r\u00e9duire le co\u00fbt de l\u2019\u00e9nergie et se positionner dans une \u00e9conomie d\u00e9carbon\u00e9e dans les d\u00e9cennies \u00e0 venir.<\/p>\n\n\n\n<p>Ledit projet de loi vise \u00e0 am\u00e9liorer le cadre l\u00e9gislatif et r\u00e9glementaire r\u00e9gissant l\u2019activit\u00e9 de mise en \u0153uvre de projets d\u2019\u00e9nergies renouvelables par des particuliers, tout en garantissant la s\u00e9curit\u00e9 et la validit\u00e9 du syst\u00e8me \u00e9lectrique national et l\u2019\u00e9quilibre de l\u2019ensemble de ses composantes.<\/p>\n\n\n\n<p>Il s\u2019inscrit dans le cadre des orientations du Royaume, visant principalement \u00e0 am\u00e9liorer le climat des affaires, \u00e0 renforcer la transparence, \u00e0 faciliter l\u2019acc\u00e8s aux informations relatives aux opportunit\u00e9s d\u2019investissement, \u00e0 simplifier les proc\u00e9dures d\u2019octroi d\u2019autorisations et \u00e0 r\u00e9duire les d\u00e9lais l\u00e9gaux relatifs aux d\u00e9cisions de leur demande, ce qui renforcera l\u2019attractivit\u00e9 du secteur des \u00e9nergies renouvelables pour les investissements priv\u00e9s nationaux et internationaux.<\/p>\n","protected":false},"excerpt":{"rendered":"<p>Dpress La Chambre des Conseillers a adopt\u00e9, lundi \u00e0 l\u2019unanimit\u00e9, le projet de loi n\u00b0 40-19 compl\u00e9tant et modifiant la loi n\u00b0 13-09 relative aux \u00e9nergies renouvelables et la loi n\u00b0 48-15 relative \u00e0 la r\u00e9gulation du secteur de l\u2019\u00e9lectricit\u00e9 et \u00e0 la cr\u00e9ation de l\u2019Autorit\u00e9 Nationale de R\u00e9gulation de l\u2019\u00c9lectricit\u00e9. Le ministre de l\u2019\u00c9ducation &hellip;<\/p>\n","protected":false},"author":2,"featured_media":2478,"comment_status":"open","ping_status":"open","sticky":false,"template":"","format":"standard","meta":{"footnotes":""},"categories":[34],"tags":[],"class_list":["post-3303","post","type-post","status-publish","format-standard","has-post-thumbnail","hentry","category-diplomatie-parlementaire"],"yoast_head":"<!-- This site is optimized with the Yoast SEO plugin v27.5 - https:\/\/yoast.com\/product\/yoast-seo-wordpress\/ -->\n<title>Chambre des Conseillers: Adoption \u00e0 l\u2019unanimit\u00e9 des projets de loi relatives aux \u00e9nergies renouvelables et \u00e0 la r\u00e9gulation du secteur de l\u2019\u00e9lectricit\u00e9 - Dpress.ma\/fr<\/title>\n<meta name=\"robots\" content=\"index, follow, max-snippet:-1, max-image-preview:large, max-video-preview:-1\" \/>\n<link rel=\"canonical\" href=\"https:\/\/dpress.ma\/fr\/2023\/01\/18\/chambre-des-conseillers-adoption-a-lunanimite-des-projets-de-loi-relatives-aux-energies-renouvelables-et-a-la-regulation-du-secteur-de-lelectricite\/\" \/>\n<meta property=\"og:locale\" content=\"fr_FR\" \/>\n<meta property=\"og:type\" content=\"article\" \/>\n<meta property=\"og:title\" content=\"Chambre des Conseillers: Adoption \u00e0 l\u2019unanimit\u00e9 des projets de loi relatives aux \u00e9nergies renouvelables et \u00e0 la r\u00e9gulation du secteur de l\u2019\u00e9lectricit\u00e9 - Dpress.ma\/fr\" \/>\n<meta property=\"og:description\" content=\"Dpress La Chambre des Conseillers a adopt\u00e9, lundi \u00e0 l\u2019unanimit\u00e9, le projet de loi n\u00b0 40-19 compl\u00e9tant et modifiant la loi n\u00b0 13-09 relative aux \u00e9nergies renouvelables et la loi n\u00b0 48-15 relative \u00e0 la r\u00e9gulation du secteur de l\u2019\u00e9lectricit\u00e9 et \u00e0 la cr\u00e9ation de l\u2019Autorit\u00e9 Nationale de R\u00e9gulation de l\u2019\u00c9lectricit\u00e9. Le ministre de l\u2019\u00c9ducation &hellip;\" \/>\n<meta property=\"og:url\" content=\"https:\/\/dpress.ma\/fr\/2023\/01\/18\/chambre-des-conseillers-adoption-a-lunanimite-des-projets-de-loi-relatives-aux-energies-renouvelables-et-a-la-regulation-du-secteur-de-lelectricite\/\" \/>\n<meta property=\"og:site_name\" content=\"Dpress.ma\/fr\" \/>\n<meta property=\"article:published_time\" content=\"2023-01-18T11:05:09+00:00\" \/>\n<meta property=\"article:modified_time\" content=\"2023-01-18T11:05:10+00:00\" \/>\n<meta property=\"og:image\" content=\"https:\/\/dpress.ma\/fr\/wp-content\/uploads\/sites\/2\/2022\/11\/dimensions2-19.jpg\" \/>\n\t<meta property=\"og:image:width\" content=\"2539\" \/>\n\t<meta property=\"og:image:height\" content=\"1594\" \/>\n\t<meta property=\"og:image:type\" content=\"image\/jpeg\" \/>\n<meta name=\"author\" content=\"Dpress.ma\" \/>\n<meta name=\"twitter:card\" content=\"summary_large_image\" \/>\n<meta name=\"twitter:label1\" content=\"\u00c9crit par\" \/>\n\t<meta name=\"twitter:data1\" content=\"Dpress.ma\" \/>\n\t<meta name=\"twitter:label2\" content=\"Dur\u00e9e de lecture estim\u00e9e\" \/>\n\t<meta name=\"twitter:data2\" content=\"4 minutes\" \/>\n<script type=\"application\/ld+json\" class=\"yoast-schema-graph\">{\"@context\":\"https:\\\/\\\/schema.org\",\"@graph\":[{\"@type\":\"Article\",\"@id\":\"https:\\\/\\\/dpress.ma\\\/fr\\\/2023\\\/01\\\/18\\\/chambre-des-conseillers-adoption-a-lunanimite-des-projets-de-loi-relatives-aux-energies-renouvelables-et-a-la-regulation-du-secteur-de-lelectricite\\\/#article\",\"isPartOf\":{\"@id\":\"https:\\\/\\\/dpress.ma\\\/fr\\\/2023\\\/01\\\/18\\\/chambre-des-conseillers-adoption-a-lunanimite-des-projets-de-loi-relatives-aux-energies-renouvelables-et-a-la-regulation-du-secteur-de-lelectricite\\\/\"},\"author\":{\"name\":\"Dpress.ma\",\"@id\":\"https:\\\/\\\/dpress.ma\\\/fr\\\/#\\\/schema\\\/person\\\/4898febf3ccd59e6578d838656a306a0\"},\"headline\":\"Chambre des Conseillers: Adoption \u00e0 l\u2019unanimit\u00e9 des projets de loi relatives aux \u00e9nergies renouvelables et \u00e0 la r\u00e9gulation du secteur de l\u2019\u00e9lectricit\u00e9\",\"datePublished\":\"2023-01-18T11:05:09+00:00\",\"dateModified\":\"2023-01-18T11:05:10+00:00\",\"mainEntityOfPage\":{\"@id\":\"https:\\\/\\\/dpress.ma\\\/fr\\\/2023\\\/01\\\/18\\\/chambre-des-conseillers-adoption-a-lunanimite-des-projets-de-loi-relatives-aux-energies-renouvelables-et-a-la-regulation-du-secteur-de-lelectricite\\\/\"},\"wordCount\":887,\"commentCount\":0,\"image\":{\"@id\":\"https:\\\/\\\/dpress.ma\\\/fr\\\/2023\\\/01\\\/18\\\/chambre-des-conseillers-adoption-a-lunanimite-des-projets-de-loi-relatives-aux-energies-renouvelables-et-a-la-regulation-du-secteur-de-lelectricite\\\/#primaryimage\"},\"thumbnailUrl\":\"https:\\\/\\\/dpress.ma\\\/fr\\\/wp-content\\\/uploads\\\/sites\\\/2\\\/2022\\\/11\\\/dimensions2-19.jpg\",\"articleSection\":[\"Diplomatie Parlementaire\"],\"inLanguage\":\"fr-FR\",\"potentialAction\":[{\"@type\":\"CommentAction\",\"name\":\"Comment\",\"target\":[\"https:\\\/\\\/dpress.ma\\\/fr\\\/2023\\\/01\\\/18\\\/chambre-des-conseillers-adoption-a-lunanimite-des-projets-de-loi-relatives-aux-energies-renouvelables-et-a-la-regulation-du-secteur-de-lelectricite\\\/#respond\"]}]},{\"@type\":\"WebPage\",\"@id\":\"https:\\\/\\\/dpress.ma\\\/fr\\\/2023\\\/01\\\/18\\\/chambre-des-conseillers-adoption-a-lunanimite-des-projets-de-loi-relatives-aux-energies-renouvelables-et-a-la-regulation-du-secteur-de-lelectricite\\\/\",\"url\":\"https:\\\/\\\/dpress.ma\\\/fr\\\/2023\\\/01\\\/18\\\/chambre-des-conseillers-adoption-a-lunanimite-des-projets-de-loi-relatives-aux-energies-renouvelables-et-a-la-regulation-du-secteur-de-lelectricite\\\/\",\"name\":\"Chambre des Conseillers: Adoption \u00e0 l\u2019unanimit\u00e9 des projets de loi relatives aux \u00e9nergies renouvelables et \u00e0 la r\u00e9gulation du secteur de l\u2019\u00e9lectricit\u00e9 - Dpress.ma\\\/fr\",\"isPartOf\":{\"@id\":\"https:\\\/\\\/dpress.ma\\\/fr\\\/#website\"},\"primaryImageOfPage\":{\"@id\":\"https:\\\/\\\/dpress.ma\\\/fr\\\/2023\\\/01\\\/18\\\/chambre-des-conseillers-adoption-a-lunanimite-des-projets-de-loi-relatives-aux-energies-renouvelables-et-a-la-regulation-du-secteur-de-lelectricite\\\/#primaryimage\"},\"image\":{\"@id\":\"https:\\\/\\\/dpress.ma\\\/fr\\\/2023\\\/01\\\/18\\\/chambre-des-conseillers-adoption-a-lunanimite-des-projets-de-loi-relatives-aux-energies-renouvelables-et-a-la-regulation-du-secteur-de-lelectricite\\\/#primaryimage\"},\"thumbnailUrl\":\"https:\\\/\\\/dpress.ma\\\/fr\\\/wp-content\\\/uploads\\\/sites\\\/2\\\/2022\\\/11\\\/dimensions2-19.jpg\",\"datePublished\":\"2023-01-18T11:05:09+00:00\",\"dateModified\":\"2023-01-18T11:05:10+00:00\",\"author\":{\"@id\":\"https:\\\/\\\/dpress.ma\\\/fr\\\/#\\\/schema\\\/person\\\/4898febf3ccd59e6578d838656a306a0\"},\"breadcrumb\":{\"@id\":\"https:\\\/\\\/dpress.ma\\\/fr\\\/2023\\\/01\\\/18\\\/chambre-des-conseillers-adoption-a-lunanimite-des-projets-de-loi-relatives-aux-energies-renouvelables-et-a-la-regulation-du-secteur-de-lelectricite\\\/#breadcrumb\"},\"inLanguage\":\"fr-FR\",\"potentialAction\":[{\"@type\":\"ReadAction\",\"target\":[\"https:\\\/\\\/dpress.ma\\\/fr\\\/2023\\\/01\\\/18\\\/chambre-des-conseillers-adoption-a-lunanimite-des-projets-de-loi-relatives-aux-energies-renouvelables-et-a-la-regulation-du-secteur-de-lelectricite\\\/\"]}]},{\"@type\":\"ImageObject\",\"inLanguage\":\"fr-FR\",\"@id\":\"https:\\\/\\\/dpress.ma\\\/fr\\\/2023\\\/01\\\/18\\\/chambre-des-conseillers-adoption-a-lunanimite-des-projets-de-loi-relatives-aux-energies-renouvelables-et-a-la-regulation-du-secteur-de-lelectricite\\\/#primaryimage\",\"url\":\"https:\\\/\\\/dpress.ma\\\/fr\\\/wp-content\\\/uploads\\\/sites\\\/2\\\/2022\\\/11\\\/dimensions2-19.jpg\",\"contentUrl\":\"https:\\\/\\\/dpress.ma\\\/fr\\\/wp-content\\\/uploads\\\/sites\\\/2\\\/2022\\\/11\\\/dimensions2-19.jpg\",\"width\":2539,\"height\":1594},{\"@type\":\"BreadcrumbList\",\"@id\":\"https:\\\/\\\/dpress.ma\\\/fr\\\/2023\\\/01\\\/18\\\/chambre-des-conseillers-adoption-a-lunanimite-des-projets-de-loi-relatives-aux-energies-renouvelables-et-a-la-regulation-du-secteur-de-lelectricite\\\/#breadcrumb\",\"itemListElement\":[{\"@type\":\"ListItem\",\"position\":1,\"name\":\"Home\",\"item\":\"https:\\\/\\\/dpress.ma\\\/fr\\\/\"},{\"@type\":\"ListItem\",\"position\":2,\"name\":\"Chambre des Conseillers: Adoption \u00e0 l\u2019unanimit\u00e9 des projets de loi relatives aux \u00e9nergies renouvelables et \u00e0 la r\u00e9gulation du secteur de l\u2019\u00e9lectricit\u00e9\"}]},{\"@type\":\"WebSite\",\"@id\":\"https:\\\/\\\/dpress.ma\\\/fr\\\/#website\",\"url\":\"https:\\\/\\\/dpress.ma\\\/fr\\\/\",\"name\":\"Dpress.ma\\\/fr\",\"description\":\"\",\"potentialAction\":[{\"@type\":\"SearchAction\",\"target\":{\"@type\":\"EntryPoint\",\"urlTemplate\":\"https:\\\/\\\/dpress.ma\\\/fr\\\/?s={search_term_string}\"},\"query-input\":{\"@type\":\"PropertyValueSpecification\",\"valueRequired\":true,\"valueName\":\"search_term_string\"}}],\"inLanguage\":\"fr-FR\"},{\"@type\":\"Person\",\"@id\":\"https:\\\/\\\/dpress.ma\\\/fr\\\/#\\\/schema\\\/person\\\/4898febf3ccd59e6578d838656a306a0\",\"name\":\"Dpress.ma\",\"image\":{\"@type\":\"ImageObject\",\"inLanguage\":\"fr-FR\",\"@id\":\"https:\\\/\\\/secure.gravatar.com\\\/avatar\\\/72ecc30e9db047a2e0e7176561eb9d564ed77c8108376495b19bd8336405198a?s=96&d=mm&r=g\",\"url\":\"https:\\\/\\\/secure.gravatar.com\\\/avatar\\\/72ecc30e9db047a2e0e7176561eb9d564ed77c8108376495b19bd8336405198a?s=96&d=mm&r=g\",\"contentUrl\":\"https:\\\/\\\/secure.gravatar.com\\\/avatar\\\/72ecc30e9db047a2e0e7176561eb9d564ed77c8108376495b19bd8336405198a?s=96&d=mm&r=g\",\"caption\":\"Dpress.ma\"},\"sameAs\":[\"https:\\\/\\\/www.dpress.ma\"],\"url\":\"https:\\\/\\\/dpress.ma\\\/fr\\\/author\\\/dpress-ma\\\/\"}]}<\/script>\n<!-- \/ Yoast SEO plugin. -->","yoast_head_json":{"title":"Chambre des Conseillers: Adoption \u00e0 l\u2019unanimit\u00e9 des projets de loi relatives aux \u00e9nergies renouvelables et \u00e0 la r\u00e9gulation du secteur de l\u2019\u00e9lectricit\u00e9 - Dpress.ma\/fr","robots":{"index":"index","follow":"follow","max-snippet":"max-snippet:-1","max-image-preview":"max-image-preview:large","max-video-preview":"max-video-preview:-1"},"canonical":"https:\/\/dpress.ma\/fr\/2023\/01\/18\/chambre-des-conseillers-adoption-a-lunanimite-des-projets-de-loi-relatives-aux-energies-renouvelables-et-a-la-regulation-du-secteur-de-lelectricite\/","og_locale":"fr_FR","og_type":"article","og_title":"Chambre des Conseillers: Adoption \u00e0 l\u2019unanimit\u00e9 des projets de loi relatives aux \u00e9nergies renouvelables et \u00e0 la r\u00e9gulation du secteur de l\u2019\u00e9lectricit\u00e9 - Dpress.ma\/fr","og_description":"Dpress La Chambre des Conseillers a adopt\u00e9, lundi \u00e0 l\u2019unanimit\u00e9, le projet de loi n\u00b0 40-19 compl\u00e9tant et modifiant la loi n\u00b0 13-09 relative aux \u00e9nergies renouvelables et la loi n\u00b0 48-15 relative \u00e0 la r\u00e9gulation du secteur de l\u2019\u00e9lectricit\u00e9 et \u00e0 la cr\u00e9ation de l\u2019Autorit\u00e9 Nationale de R\u00e9gulation de l\u2019\u00c9lectricit\u00e9. Le ministre de l\u2019\u00c9ducation &hellip;","og_url":"https:\/\/dpress.ma\/fr\/2023\/01\/18\/chambre-des-conseillers-adoption-a-lunanimite-des-projets-de-loi-relatives-aux-energies-renouvelables-et-a-la-regulation-du-secteur-de-lelectricite\/","og_site_name":"Dpress.ma\/fr","article_published_time":"2023-01-18T11:05:09+00:00","article_modified_time":"2023-01-18T11:05:10+00:00","og_image":[{"width":2539,"height":1594,"url":"https:\/\/dpress.ma\/fr\/wp-content\/uploads\/sites\/2\/2022\/11\/dimensions2-19.jpg","type":"image\/jpeg"}],"author":"Dpress.ma","twitter_card":"summary_large_image","twitter_misc":{"\u00c9crit par":"Dpress.ma","Dur\u00e9e de lecture estim\u00e9e":"4 minutes"},"schema":{"@context":"https:\/\/schema.org","@graph":[{"@type":"Article","@id":"https:\/\/dpress.ma\/fr\/2023\/01\/18\/chambre-des-conseillers-adoption-a-lunanimite-des-projets-de-loi-relatives-aux-energies-renouvelables-et-a-la-regulation-du-secteur-de-lelectricite\/#article","isPartOf":{"@id":"https:\/\/dpress.ma\/fr\/2023\/01\/18\/chambre-des-conseillers-adoption-a-lunanimite-des-projets-de-loi-relatives-aux-energies-renouvelables-et-a-la-regulation-du-secteur-de-lelectricite\/"},"author":{"name":"Dpress.ma","@id":"https:\/\/dpress.ma\/fr\/#\/schema\/person\/4898febf3ccd59e6578d838656a306a0"},"headline":"Chambre des Conseillers: Adoption \u00e0 l\u2019unanimit\u00e9 des projets de loi relatives aux \u00e9nergies renouvelables et \u00e0 la r\u00e9gulation du secteur de l\u2019\u00e9lectricit\u00e9","datePublished":"2023-01-18T11:05:09+00:00","dateModified":"2023-01-18T11:05:10+00:00","mainEntityOfPage":{"@id":"https:\/\/dpress.ma\/fr\/2023\/01\/18\/chambre-des-conseillers-adoption-a-lunanimite-des-projets-de-loi-relatives-aux-energies-renouvelables-et-a-la-regulation-du-secteur-de-lelectricite\/"},"wordCount":887,"commentCount":0,"image":{"@id":"https:\/\/dpress.ma\/fr\/2023\/01\/18\/chambre-des-conseillers-adoption-a-lunanimite-des-projets-de-loi-relatives-aux-energies-renouvelables-et-a-la-regulation-du-secteur-de-lelectricite\/#primaryimage"},"thumbnailUrl":"https:\/\/dpress.ma\/fr\/wp-content\/uploads\/sites\/2\/2022\/11\/dimensions2-19.jpg","articleSection":["Diplomatie Parlementaire"],"inLanguage":"fr-FR","potentialAction":[{"@type":"CommentAction","name":"Comment","target":["https:\/\/dpress.ma\/fr\/2023\/01\/18\/chambre-des-conseillers-adoption-a-lunanimite-des-projets-de-loi-relatives-aux-energies-renouvelables-et-a-la-regulation-du-secteur-de-lelectricite\/#respond"]}]},{"@type":"WebPage","@id":"https:\/\/dpress.ma\/fr\/2023\/01\/18\/chambre-des-conseillers-adoption-a-lunanimite-des-projets-de-loi-relatives-aux-energies-renouvelables-et-a-la-regulation-du-secteur-de-lelectricite\/","url":"https:\/\/dpress.ma\/fr\/2023\/01\/18\/chambre-des-conseillers-adoption-a-lunanimite-des-projets-de-loi-relatives-aux-energies-renouvelables-et-a-la-regulation-du-secteur-de-lelectricite\/","name":"Chambre des Conseillers: Adoption \u00e0 l\u2019unanimit\u00e9 des projets de loi relatives aux \u00e9nergies renouvelables et \u00e0 la r\u00e9gulation du secteur de l\u2019\u00e9lectricit\u00e9 - Dpress.ma\/fr","isPartOf":{"@id":"https:\/\/dpress.ma\/fr\/#website"},"primaryImageOfPage":{"@id":"https:\/\/dpress.ma\/fr\/2023\/01\/18\/chambre-des-conseillers-adoption-a-lunanimite-des-projets-de-loi-relatives-aux-energies-renouvelables-et-a-la-regulation-du-secteur-de-lelectricite\/#primaryimage"},"image":{"@id":"https:\/\/dpress.ma\/fr\/2023\/01\/18\/chambre-des-conseillers-adoption-a-lunanimite-des-projets-de-loi-relatives-aux-energies-renouvelables-et-a-la-regulation-du-secteur-de-lelectricite\/#primaryimage"},"thumbnailUrl":"https:\/\/dpress.ma\/fr\/wp-content\/uploads\/sites\/2\/2022\/11\/dimensions2-19.jpg","datePublished":"2023-01-18T11:05:09+00:00","dateModified":"2023-01-18T11:05:10+00:00","author":{"@id":"https:\/\/dpress.ma\/fr\/#\/schema\/person\/4898febf3ccd59e6578d838656a306a0"},"breadcrumb":{"@id":"https:\/\/dpress.ma\/fr\/2023\/01\/18\/chambre-des-conseillers-adoption-a-lunanimite-des-projets-de-loi-relatives-aux-energies-renouvelables-et-a-la-regulation-du-secteur-de-lelectricite\/#breadcrumb"},"inLanguage":"fr-FR","potentialAction":[{"@type":"ReadAction","target":["https:\/\/dpress.ma\/fr\/2023\/01\/18\/chambre-des-conseillers-adoption-a-lunanimite-des-projets-de-loi-relatives-aux-energies-renouvelables-et-a-la-regulation-du-secteur-de-lelectricite\/"]}]},{"@type":"ImageObject","inLanguage":"fr-FR","@id":"https:\/\/dpress.ma\/fr\/2023\/01\/18\/chambre-des-conseillers-adoption-a-lunanimite-des-projets-de-loi-relatives-aux-energies-renouvelables-et-a-la-regulation-du-secteur-de-lelectricite\/#primaryimage","url":"https:\/\/dpress.ma\/fr\/wp-content\/uploads\/sites\/2\/2022\/11\/dimensions2-19.jpg","contentUrl":"https:\/\/dpress.ma\/fr\/wp-content\/uploads\/sites\/2\/2022\/11\/dimensions2-19.jpg","width":2539,"height":1594},{"@type":"BreadcrumbList","@id":"https:\/\/dpress.ma\/fr\/2023\/01\/18\/chambre-des-conseillers-adoption-a-lunanimite-des-projets-de-loi-relatives-aux-energies-renouvelables-et-a-la-regulation-du-secteur-de-lelectricite\/#breadcrumb","itemListElement":[{"@type":"ListItem","position":1,"name":"Home","item":"https:\/\/dpress.ma\/fr\/"},{"@type":"ListItem","position":2,"name":"Chambre des Conseillers: Adoption \u00e0 l\u2019unanimit\u00e9 des projets de loi relatives aux \u00e9nergies renouvelables et \u00e0 la r\u00e9gulation du secteur de l\u2019\u00e9lectricit\u00e9"}]},{"@type":"WebSite","@id":"https:\/\/dpress.ma\/fr\/#website","url":"https:\/\/dpress.ma\/fr\/","name":"Dpress.ma\/fr","description":"","potentialAction":[{"@type":"SearchAction","target":{"@type":"EntryPoint","urlTemplate":"https:\/\/dpress.ma\/fr\/?s={search_term_string}"},"query-input":{"@type":"PropertyValueSpecification","valueRequired":true,"valueName":"search_term_string"}}],"inLanguage":"fr-FR"},{"@type":"Person","@id":"https:\/\/dpress.ma\/fr\/#\/schema\/person\/4898febf3ccd59e6578d838656a306a0","name":"Dpress.ma","image":{"@type":"ImageObject","inLanguage":"fr-FR","@id":"https:\/\/secure.gravatar.com\/avatar\/72ecc30e9db047a2e0e7176561eb9d564ed77c8108376495b19bd8336405198a?s=96&d=mm&r=g","url":"https:\/\/secure.gravatar.com\/avatar\/72ecc30e9db047a2e0e7176561eb9d564ed77c8108376495b19bd8336405198a?s=96&d=mm&r=g","contentUrl":"https:\/\/secure.gravatar.com\/avatar\/72ecc30e9db047a2e0e7176561eb9d564ed77c8108376495b19bd8336405198a?s=96&d=mm&r=g","caption":"Dpress.ma"},"sameAs":["https:\/\/www.dpress.ma"],"url":"https:\/\/dpress.ma\/fr\/author\/dpress-ma\/"}]}},"amp_enabled":true,"_links":{"self":[{"href":"https:\/\/dpress.ma\/fr\/wp-json\/wp\/v2\/posts\/3303","targetHints":{"allow":["GET"]}}],"collection":[{"href":"https:\/\/dpress.ma\/fr\/wp-json\/wp\/v2\/posts"}],"about":[{"href":"https:\/\/dpress.ma\/fr\/wp-json\/wp\/v2\/types\/post"}],"author":[{"embeddable":true,"href":"https:\/\/dpress.ma\/fr\/wp-json\/wp\/v2\/users\/2"}],"replies":[{"embeddable":true,"href":"https:\/\/dpress.ma\/fr\/wp-json\/wp\/v2\/comments?post=3303"}],"version-history":[{"count":1,"href":"https:\/\/dpress.ma\/fr\/wp-json\/wp\/v2\/posts\/3303\/revisions"}],"predecessor-version":[{"id":3304,"href":"https:\/\/dpress.ma\/fr\/wp-json\/wp\/v2\/posts\/3303\/revisions\/3304"}],"wp:featuredmedia":[{"embeddable":true,"href":"https:\/\/dpress.ma\/fr\/wp-json\/wp\/v2\/media\/2478"}],"wp:attachment":[{"href":"https:\/\/dpress.ma\/fr\/wp-json\/wp\/v2\/media?parent=3303"}],"wp:term":[{"taxonomy":"category","embeddable":true,"href":"https:\/\/dpress.ma\/fr\/wp-json\/wp\/v2\/categories?post=3303"},{"taxonomy":"post_tag","embeddable":true,"href":"https:\/\/dpress.ma\/fr\/wp-json\/wp\/v2\/tags?post=3303"}],"curies":[{"name":"wp","href":"https:\/\/api.w.org\/{rel}","templated":true}]}}