{"id":3301,"date":"2023-01-18T11:03:27","date_gmt":"2023-01-18T11:03:27","guid":{"rendered":"https:\/\/dpress.ma\/fr\/?p=3301"},"modified":"2023-01-18T11:03:28","modified_gmt":"2023-01-18T11:03:28","slug":"la-creation-de-lagence-marocaine-du-medicament-et-des-produits-de-sante-vise-a-assurer-la-souverainete-medicamenteuse","status":"publish","type":"post","link":"https:\/\/dpress.ma\/fr\/2023\/01\/18\/la-creation-de-lagence-marocaine-du-medicament-et-des-produits-de-sante-vise-a-assurer-la-souverainete-medicamenteuse\/","title":{"rendered":"La cr\u00e9ation de l\u2019Agence marocaine du m\u00e9dicament et des produits de sant\u00e9 vise \u00e0 assurer la souverainet\u00e9 m\u00e9dicamenteuse"},"content":{"rendered":"\n<p>Dpress<\/p>\n\n\n\n<p>Le ministre de la sant\u00e9 et de la protection sociale, Khalid Ait Taleb, a affirm\u00e9 mardi que le projet de loi N\u00b010.22 relatif \u00e0 la cr\u00e9ation de l&rsquo;Agence marocaine du m\u00e9dicament et des produits de sant\u00e9 vise \u00e0 assurer la souverainet\u00e9 m\u00e9dicamenteuse, la disponibilit\u00e9 des m\u00e9dicaments et des produits de sant\u00e9 ainsi que leur s\u00e9curit\u00e9 et qualit\u00e9.<\/p>\n\n\n\n<p>Lors de sa pr\u00e9sentation du projet de loi devant la commission des secteurs sociaux \u00e0 la Chambre des repr\u00e9sentants, Ait Taleb a indiqu\u00e9 que l&rsquo;Agence sera charg\u00e9e de \u00ab\u00a0mettre en \u0153uvre les orientations strat\u00e9giques de la politique du pays visant \u00e0 assurer la souverainet\u00e9 m\u00e9dicamenteuse, la disponibilit\u00e9 des m\u00e9dicaments et des produits de sant\u00e9 ainsi que leur s\u00e9curit\u00e9 et qualit\u00e9\u00a0\u00bb.<\/p>\n\n\n\n<p>Il a, par ailleurs, soulign\u00e9 que le texte accorde \u00e0 l&rsquo;Agence l&rsquo;attribution de coordonner l&rsquo;\u00e9laboration de la politique pharmaceutique nationale et de contribuer \u00e0 sa mise en \u0153uvre, son suivi et son \u00e9valuation, de veiller \u00e0 la r\u00e9gulation et le contr\u00f4le du secteur pharmaceutique et des produits de sant\u00e9, et d&rsquo;assurer l\u2019acc\u00e8s aux m\u00e9dicaments et produits de sant\u00e9, outre leur disponibilit\u00e9, qualit\u00e9 et efficacit\u00e9.<\/p>\n\n\n\n<p>L&rsquo;Agence aura \u00e9galement pour mission de veiller au respect des exigences l\u00e9gislatives et r\u00e9glementaires li\u00e9es aux substances toxiques, notamment les stup\u00e9fiants, les psychotropes et les pr\u00e9curseurs chimiques, et de contribuer au d\u00e9veloppement de l&rsquo;industrie pharmaceutique et des produits de sant\u00e9, particuli\u00e8rement l&rsquo;industrie locale des m\u00e9dicaments g\u00e9n\u00e9riques et biosimilaires.<\/p>\n\n\n\n<p>Ce projet de loi conf\u00e8re \u00e9galement \u00e0 l&rsquo;Agence marocaine du m\u00e9dicament et des produits de sant\u00e9 la comp\u00e9tence d&rsquo;\u00e9tablir et de mettre \u00e0 jour la liste des m\u00e9dicaments essentiels, de vigilance et d&rsquo;analyse des risques sanitaires dans le domaine des m\u00e9dicaments et des produits de sant\u00e9, en coordination avec les secteurs concern\u00e9s.<\/p>\n\n\n\n<p>Le projet de loi N\u00b010.22 met \u00e0 la disposition de l&rsquo;agence un bagage important pour mener \u00e0 bien ses missions dans l&rsquo;organisation et l&rsquo;encadrement du secteur pharmaceutique et des produits de soins, dans le contr\u00f4le de la qualit\u00e9 des m\u00e9dicaments et dans la livraison des documents administratifs et la r\u00e9ception des t\u00e9moignages.<\/p>\n\n\n\n<p>Le texte procure \u00e0 l&rsquo;agence la comp\u00e9tence d&rsquo;effectuer des op\u00e9rations de contr\u00f4le et d&rsquo;inspection des pharmacies et des stocks de m\u00e9dicaments dans les cliniques, les \u00e9tablissements pharmaceutiques, les \u00e9tablissements pharmaceutiques industrielles et les entrep\u00f4ts de m\u00e9dicaments, outre le contr\u00f4le des \u00e9pargnes de pr\u00e9caution en m\u00e9dicaments pour assurer le financement ordinaire du march\u00e9.<\/p>\n\n\n\n<p>S&rsquo;ajoutent \u00e0 cela la contribution dans la lutte contre les activit\u00e9s ill\u00e9gales en mati\u00e8re de m\u00e9dicaments et de produits de soins et l&rsquo;accentuation des efforts \u00e9tatiques visant \u00e0 lutter contre la promotion des drogues et des substances psychotropes.<\/p>\n\n\n\n<p>L&rsquo;agence a, en outre, la possibilit\u00e9 de faire et de d\u00e9velopper les recherches et les \u00e9tudes scientifiques dans son domaine de sp\u00e9cialisation, de donner son opinion concernant les projets de loi l\u00e9gislatifs et r\u00e9glementaires qui lui sont soumis par le gouvernement, de faire des propositions concernant la r\u00e9glementation relative au sang humain, \u00e0 sa prise et \u00e0 son utilisation, ainsi que de donner son avis sur toutes les questions relatives \u00e0 sa sp\u00e9cialisation.<\/p>\n\n\n\n<p>Ce projet de loi charge, par ailleurs, l&rsquo;agence de contribuer \u00e0 la vigilance sanitaire et \u00e9pid\u00e9mique, de mener des op\u00e9rations de sensibilisation, d&rsquo;encadrement et de communication, et de pr\u00e9senter chaque exp\u00e9rience dans son domaine de sp\u00e9cialisation en vertu des accords ou dans un cadre contractuel et ce, au profit de toute personne du droit public et priv\u00e9.<\/p>\n","protected":false},"excerpt":{"rendered":"<p>Dpress Le ministre de la sant\u00e9 et de la protection sociale, Khalid Ait Taleb, a affirm\u00e9 mardi que le projet de loi N\u00b010.22 relatif \u00e0 la cr\u00e9ation de l&rsquo;Agence marocaine du m\u00e9dicament et des produits de sant\u00e9 vise \u00e0 assurer la souverainet\u00e9 m\u00e9dicamenteuse, la disponibilit\u00e9 des m\u00e9dicaments et des produits de sant\u00e9 ainsi que leur &hellip;<\/p>\n","protected":false},"author":2,"featured_media":1166,"comment_status":"open","ping_status":"open","sticky":false,"template":"","format":"standard","meta":{"footnotes":""},"categories":[26],"tags":[],"class_list":["post-3301","post","type-post","status-publish","format-standard","has-post-thumbnail","hentry","category-politiques"],"yoast_head":"<!-- This site is optimized with the Yoast SEO plugin v27.5 - https:\/\/yoast.com\/product\/yoast-seo-wordpress\/ -->\n<title>La cr\u00e9ation de l\u2019Agence marocaine du m\u00e9dicament et des produits de sant\u00e9 vise \u00e0 assurer la souverainet\u00e9 m\u00e9dicamenteuse - Dpress.ma\/fr<\/title>\n<meta name=\"robots\" content=\"index, follow, max-snippet:-1, max-image-preview:large, max-video-preview:-1\" \/>\n<link rel=\"canonical\" href=\"https:\/\/dpress.ma\/fr\/2023\/01\/18\/la-creation-de-lagence-marocaine-du-medicament-et-des-produits-de-sante-vise-a-assurer-la-souverainete-medicamenteuse\/\" \/>\n<meta property=\"og:locale\" content=\"fr_FR\" \/>\n<meta property=\"og:type\" content=\"article\" \/>\n<meta property=\"og:title\" content=\"La cr\u00e9ation de l\u2019Agence marocaine du m\u00e9dicament et des produits de sant\u00e9 vise \u00e0 assurer la souverainet\u00e9 m\u00e9dicamenteuse - Dpress.ma\/fr\" \/>\n<meta property=\"og:description\" content=\"Dpress Le ministre de la sant\u00e9 et de la protection sociale, Khalid Ait Taleb, a affirm\u00e9 mardi que le projet de loi N\u00b010.22 relatif \u00e0 la cr\u00e9ation de l&rsquo;Agence marocaine du m\u00e9dicament et des produits de sant\u00e9 vise \u00e0 assurer la souverainet\u00e9 m\u00e9dicamenteuse, la disponibilit\u00e9 des m\u00e9dicaments et des produits de sant\u00e9 ainsi que leur &hellip;\" \/>\n<meta property=\"og:url\" content=\"https:\/\/dpress.ma\/fr\/2023\/01\/18\/la-creation-de-lagence-marocaine-du-medicament-et-des-produits-de-sante-vise-a-assurer-la-souverainete-medicamenteuse\/\" \/>\n<meta property=\"og:site_name\" content=\"Dpress.ma\/fr\" \/>\n<meta property=\"article:published_time\" content=\"2023-01-18T11:03:27+00:00\" \/>\n<meta property=\"article:modified_time\" content=\"2023-01-18T11:03:28+00:00\" \/>\n<meta property=\"og:image\" content=\"https:\/\/dpress.ma\/fr\/wp-content\/uploads\/sites\/2\/2022\/04\/ait-taleb-fr.jpg\" \/>\n\t<meta property=\"og:image:width\" content=\"2539\" \/>\n\t<meta property=\"og:image:height\" content=\"1594\" \/>\n\t<meta property=\"og:image:type\" content=\"image\/jpeg\" \/>\n<meta name=\"author\" content=\"Dpress.ma\" \/>\n<meta name=\"twitter:card\" content=\"summary_large_image\" \/>\n<meta name=\"twitter:label1\" content=\"\u00c9crit par\" \/>\n\t<meta name=\"twitter:data1\" content=\"Dpress.ma\" \/>\n\t<meta name=\"twitter:label2\" content=\"Dur\u00e9e de lecture estim\u00e9e\" \/>\n\t<meta name=\"twitter:data2\" content=\"3 minutes\" \/>\n<script type=\"application\/ld+json\" class=\"yoast-schema-graph\">{\"@context\":\"https:\\\/\\\/schema.org\",\"@graph\":[{\"@type\":\"Article\",\"@id\":\"https:\\\/\\\/dpress.ma\\\/fr\\\/2023\\\/01\\\/18\\\/la-creation-de-lagence-marocaine-du-medicament-et-des-produits-de-sante-vise-a-assurer-la-souverainete-medicamenteuse\\\/#article\",\"isPartOf\":{\"@id\":\"https:\\\/\\\/dpress.ma\\\/fr\\\/2023\\\/01\\\/18\\\/la-creation-de-lagence-marocaine-du-medicament-et-des-produits-de-sante-vise-a-assurer-la-souverainete-medicamenteuse\\\/\"},\"author\":{\"name\":\"Dpress.ma\",\"@id\":\"https:\\\/\\\/dpress.ma\\\/fr\\\/#\\\/schema\\\/person\\\/4898febf3ccd59e6578d838656a306a0\"},\"headline\":\"La cr\u00e9ation de l\u2019Agence marocaine du m\u00e9dicament et des produits de sant\u00e9 vise \u00e0 assurer la souverainet\u00e9 m\u00e9dicamenteuse\",\"datePublished\":\"2023-01-18T11:03:27+00:00\",\"dateModified\":\"2023-01-18T11:03:28+00:00\",\"mainEntityOfPage\":{\"@id\":\"https:\\\/\\\/dpress.ma\\\/fr\\\/2023\\\/01\\\/18\\\/la-creation-de-lagence-marocaine-du-medicament-et-des-produits-de-sante-vise-a-assurer-la-souverainete-medicamenteuse\\\/\"},\"wordCount\":620,\"commentCount\":0,\"image\":{\"@id\":\"https:\\\/\\\/dpress.ma\\\/fr\\\/2023\\\/01\\\/18\\\/la-creation-de-lagence-marocaine-du-medicament-et-des-produits-de-sante-vise-a-assurer-la-souverainete-medicamenteuse\\\/#primaryimage\"},\"thumbnailUrl\":\"https:\\\/\\\/dpress.ma\\\/fr\\\/wp-content\\\/uploads\\\/sites\\\/2\\\/2022\\\/04\\\/ait-taleb-fr.jpg\",\"articleSection\":[\"Politiques\"],\"inLanguage\":\"fr-FR\",\"potentialAction\":[{\"@type\":\"CommentAction\",\"name\":\"Comment\",\"target\":[\"https:\\\/\\\/dpress.ma\\\/fr\\\/2023\\\/01\\\/18\\\/la-creation-de-lagence-marocaine-du-medicament-et-des-produits-de-sante-vise-a-assurer-la-souverainete-medicamenteuse\\\/#respond\"]}]},{\"@type\":\"WebPage\",\"@id\":\"https:\\\/\\\/dpress.ma\\\/fr\\\/2023\\\/01\\\/18\\\/la-creation-de-lagence-marocaine-du-medicament-et-des-produits-de-sante-vise-a-assurer-la-souverainete-medicamenteuse\\\/\",\"url\":\"https:\\\/\\\/dpress.ma\\\/fr\\\/2023\\\/01\\\/18\\\/la-creation-de-lagence-marocaine-du-medicament-et-des-produits-de-sante-vise-a-assurer-la-souverainete-medicamenteuse\\\/\",\"name\":\"La cr\u00e9ation de l\u2019Agence marocaine du m\u00e9dicament et des produits de sant\u00e9 vise \u00e0 assurer la souverainet\u00e9 m\u00e9dicamenteuse - Dpress.ma\\\/fr\",\"isPartOf\":{\"@id\":\"https:\\\/\\\/dpress.ma\\\/fr\\\/#website\"},\"primaryImageOfPage\":{\"@id\":\"https:\\\/\\\/dpress.ma\\\/fr\\\/2023\\\/01\\\/18\\\/la-creation-de-lagence-marocaine-du-medicament-et-des-produits-de-sante-vise-a-assurer-la-souverainete-medicamenteuse\\\/#primaryimage\"},\"image\":{\"@id\":\"https:\\\/\\\/dpress.ma\\\/fr\\\/2023\\\/01\\\/18\\\/la-creation-de-lagence-marocaine-du-medicament-et-des-produits-de-sante-vise-a-assurer-la-souverainete-medicamenteuse\\\/#primaryimage\"},\"thumbnailUrl\":\"https:\\\/\\\/dpress.ma\\\/fr\\\/wp-content\\\/uploads\\\/sites\\\/2\\\/2022\\\/04\\\/ait-taleb-fr.jpg\",\"datePublished\":\"2023-01-18T11:03:27+00:00\",\"dateModified\":\"2023-01-18T11:03:28+00:00\",\"author\":{\"@id\":\"https:\\\/\\\/dpress.ma\\\/fr\\\/#\\\/schema\\\/person\\\/4898febf3ccd59e6578d838656a306a0\"},\"breadcrumb\":{\"@id\":\"https:\\\/\\\/dpress.ma\\\/fr\\\/2023\\\/01\\\/18\\\/la-creation-de-lagence-marocaine-du-medicament-et-des-produits-de-sante-vise-a-assurer-la-souverainete-medicamenteuse\\\/#breadcrumb\"},\"inLanguage\":\"fr-FR\",\"potentialAction\":[{\"@type\":\"ReadAction\",\"target\":[\"https:\\\/\\\/dpress.ma\\\/fr\\\/2023\\\/01\\\/18\\\/la-creation-de-lagence-marocaine-du-medicament-et-des-produits-de-sante-vise-a-assurer-la-souverainete-medicamenteuse\\\/\"]}]},{\"@type\":\"ImageObject\",\"inLanguage\":\"fr-FR\",\"@id\":\"https:\\\/\\\/dpress.ma\\\/fr\\\/2023\\\/01\\\/18\\\/la-creation-de-lagence-marocaine-du-medicament-et-des-produits-de-sante-vise-a-assurer-la-souverainete-medicamenteuse\\\/#primaryimage\",\"url\":\"https:\\\/\\\/dpress.ma\\\/fr\\\/wp-content\\\/uploads\\\/sites\\\/2\\\/2022\\\/04\\\/ait-taleb-fr.jpg\",\"contentUrl\":\"https:\\\/\\\/dpress.ma\\\/fr\\\/wp-content\\\/uploads\\\/sites\\\/2\\\/2022\\\/04\\\/ait-taleb-fr.jpg\",\"width\":2539,\"height\":1594},{\"@type\":\"BreadcrumbList\",\"@id\":\"https:\\\/\\\/dpress.ma\\\/fr\\\/2023\\\/01\\\/18\\\/la-creation-de-lagence-marocaine-du-medicament-et-des-produits-de-sante-vise-a-assurer-la-souverainete-medicamenteuse\\\/#breadcrumb\",\"itemListElement\":[{\"@type\":\"ListItem\",\"position\":1,\"name\":\"Home\",\"item\":\"https:\\\/\\\/dpress.ma\\\/fr\\\/\"},{\"@type\":\"ListItem\",\"position\":2,\"name\":\"La cr\u00e9ation de l\u2019Agence marocaine du m\u00e9dicament et des produits de sant\u00e9 vise \u00e0 assurer la souverainet\u00e9 m\u00e9dicamenteuse\"}]},{\"@type\":\"WebSite\",\"@id\":\"https:\\\/\\\/dpress.ma\\\/fr\\\/#website\",\"url\":\"https:\\\/\\\/dpress.ma\\\/fr\\\/\",\"name\":\"Dpress.ma\\\/fr\",\"description\":\"\",\"potentialAction\":[{\"@type\":\"SearchAction\",\"target\":{\"@type\":\"EntryPoint\",\"urlTemplate\":\"https:\\\/\\\/dpress.ma\\\/fr\\\/?s={search_term_string}\"},\"query-input\":{\"@type\":\"PropertyValueSpecification\",\"valueRequired\":true,\"valueName\":\"search_term_string\"}}],\"inLanguage\":\"fr-FR\"},{\"@type\":\"Person\",\"@id\":\"https:\\\/\\\/dpress.ma\\\/fr\\\/#\\\/schema\\\/person\\\/4898febf3ccd59e6578d838656a306a0\",\"name\":\"Dpress.ma\",\"image\":{\"@type\":\"ImageObject\",\"inLanguage\":\"fr-FR\",\"@id\":\"https:\\\/\\\/secure.gravatar.com\\\/avatar\\\/72ecc30e9db047a2e0e7176561eb9d564ed77c8108376495b19bd8336405198a?s=96&d=mm&r=g\",\"url\":\"https:\\\/\\\/secure.gravatar.com\\\/avatar\\\/72ecc30e9db047a2e0e7176561eb9d564ed77c8108376495b19bd8336405198a?s=96&d=mm&r=g\",\"contentUrl\":\"https:\\\/\\\/secure.gravatar.com\\\/avatar\\\/72ecc30e9db047a2e0e7176561eb9d564ed77c8108376495b19bd8336405198a?s=96&d=mm&r=g\",\"caption\":\"Dpress.ma\"},\"sameAs\":[\"https:\\\/\\\/www.dpress.ma\"],\"url\":\"https:\\\/\\\/dpress.ma\\\/fr\\\/author\\\/dpress-ma\\\/\"}]}<\/script>\n<!-- \/ Yoast SEO plugin. -->","yoast_head_json":{"title":"La cr\u00e9ation de l\u2019Agence marocaine du m\u00e9dicament et des produits de sant\u00e9 vise \u00e0 assurer la souverainet\u00e9 m\u00e9dicamenteuse - Dpress.ma\/fr","robots":{"index":"index","follow":"follow","max-snippet":"max-snippet:-1","max-image-preview":"max-image-preview:large","max-video-preview":"max-video-preview:-1"},"canonical":"https:\/\/dpress.ma\/fr\/2023\/01\/18\/la-creation-de-lagence-marocaine-du-medicament-et-des-produits-de-sante-vise-a-assurer-la-souverainete-medicamenteuse\/","og_locale":"fr_FR","og_type":"article","og_title":"La cr\u00e9ation de l\u2019Agence marocaine du m\u00e9dicament et des produits de sant\u00e9 vise \u00e0 assurer la souverainet\u00e9 m\u00e9dicamenteuse - Dpress.ma\/fr","og_description":"Dpress Le ministre de la sant\u00e9 et de la protection sociale, Khalid Ait Taleb, a affirm\u00e9 mardi que le projet de loi N\u00b010.22 relatif \u00e0 la cr\u00e9ation de l&rsquo;Agence marocaine du m\u00e9dicament et des produits de sant\u00e9 vise \u00e0 assurer la souverainet\u00e9 m\u00e9dicamenteuse, la disponibilit\u00e9 des m\u00e9dicaments et des produits de sant\u00e9 ainsi que leur &hellip;","og_url":"https:\/\/dpress.ma\/fr\/2023\/01\/18\/la-creation-de-lagence-marocaine-du-medicament-et-des-produits-de-sante-vise-a-assurer-la-souverainete-medicamenteuse\/","og_site_name":"Dpress.ma\/fr","article_published_time":"2023-01-18T11:03:27+00:00","article_modified_time":"2023-01-18T11:03:28+00:00","og_image":[{"width":2539,"height":1594,"url":"https:\/\/dpress.ma\/fr\/wp-content\/uploads\/sites\/2\/2022\/04\/ait-taleb-fr.jpg","type":"image\/jpeg"}],"author":"Dpress.ma","twitter_card":"summary_large_image","twitter_misc":{"\u00c9crit par":"Dpress.ma","Dur\u00e9e de lecture estim\u00e9e":"3 minutes"},"schema":{"@context":"https:\/\/schema.org","@graph":[{"@type":"Article","@id":"https:\/\/dpress.ma\/fr\/2023\/01\/18\/la-creation-de-lagence-marocaine-du-medicament-et-des-produits-de-sante-vise-a-assurer-la-souverainete-medicamenteuse\/#article","isPartOf":{"@id":"https:\/\/dpress.ma\/fr\/2023\/01\/18\/la-creation-de-lagence-marocaine-du-medicament-et-des-produits-de-sante-vise-a-assurer-la-souverainete-medicamenteuse\/"},"author":{"name":"Dpress.ma","@id":"https:\/\/dpress.ma\/fr\/#\/schema\/person\/4898febf3ccd59e6578d838656a306a0"},"headline":"La cr\u00e9ation de l\u2019Agence marocaine du m\u00e9dicament et des produits de sant\u00e9 vise \u00e0 assurer la souverainet\u00e9 m\u00e9dicamenteuse","datePublished":"2023-01-18T11:03:27+00:00","dateModified":"2023-01-18T11:03:28+00:00","mainEntityOfPage":{"@id":"https:\/\/dpress.ma\/fr\/2023\/01\/18\/la-creation-de-lagence-marocaine-du-medicament-et-des-produits-de-sante-vise-a-assurer-la-souverainete-medicamenteuse\/"},"wordCount":620,"commentCount":0,"image":{"@id":"https:\/\/dpress.ma\/fr\/2023\/01\/18\/la-creation-de-lagence-marocaine-du-medicament-et-des-produits-de-sante-vise-a-assurer-la-souverainete-medicamenteuse\/#primaryimage"},"thumbnailUrl":"https:\/\/dpress.ma\/fr\/wp-content\/uploads\/sites\/2\/2022\/04\/ait-taleb-fr.jpg","articleSection":["Politiques"],"inLanguage":"fr-FR","potentialAction":[{"@type":"CommentAction","name":"Comment","target":["https:\/\/dpress.ma\/fr\/2023\/01\/18\/la-creation-de-lagence-marocaine-du-medicament-et-des-produits-de-sante-vise-a-assurer-la-souverainete-medicamenteuse\/#respond"]}]},{"@type":"WebPage","@id":"https:\/\/dpress.ma\/fr\/2023\/01\/18\/la-creation-de-lagence-marocaine-du-medicament-et-des-produits-de-sante-vise-a-assurer-la-souverainete-medicamenteuse\/","url":"https:\/\/dpress.ma\/fr\/2023\/01\/18\/la-creation-de-lagence-marocaine-du-medicament-et-des-produits-de-sante-vise-a-assurer-la-souverainete-medicamenteuse\/","name":"La cr\u00e9ation de l\u2019Agence marocaine du m\u00e9dicament et des produits de sant\u00e9 vise \u00e0 assurer la souverainet\u00e9 m\u00e9dicamenteuse - Dpress.ma\/fr","isPartOf":{"@id":"https:\/\/dpress.ma\/fr\/#website"},"primaryImageOfPage":{"@id":"https:\/\/dpress.ma\/fr\/2023\/01\/18\/la-creation-de-lagence-marocaine-du-medicament-et-des-produits-de-sante-vise-a-assurer-la-souverainete-medicamenteuse\/#primaryimage"},"image":{"@id":"https:\/\/dpress.ma\/fr\/2023\/01\/18\/la-creation-de-lagence-marocaine-du-medicament-et-des-produits-de-sante-vise-a-assurer-la-souverainete-medicamenteuse\/#primaryimage"},"thumbnailUrl":"https:\/\/dpress.ma\/fr\/wp-content\/uploads\/sites\/2\/2022\/04\/ait-taleb-fr.jpg","datePublished":"2023-01-18T11:03:27+00:00","dateModified":"2023-01-18T11:03:28+00:00","author":{"@id":"https:\/\/dpress.ma\/fr\/#\/schema\/person\/4898febf3ccd59e6578d838656a306a0"},"breadcrumb":{"@id":"https:\/\/dpress.ma\/fr\/2023\/01\/18\/la-creation-de-lagence-marocaine-du-medicament-et-des-produits-de-sante-vise-a-assurer-la-souverainete-medicamenteuse\/#breadcrumb"},"inLanguage":"fr-FR","potentialAction":[{"@type":"ReadAction","target":["https:\/\/dpress.ma\/fr\/2023\/01\/18\/la-creation-de-lagence-marocaine-du-medicament-et-des-produits-de-sante-vise-a-assurer-la-souverainete-medicamenteuse\/"]}]},{"@type":"ImageObject","inLanguage":"fr-FR","@id":"https:\/\/dpress.ma\/fr\/2023\/01\/18\/la-creation-de-lagence-marocaine-du-medicament-et-des-produits-de-sante-vise-a-assurer-la-souverainete-medicamenteuse\/#primaryimage","url":"https:\/\/dpress.ma\/fr\/wp-content\/uploads\/sites\/2\/2022\/04\/ait-taleb-fr.jpg","contentUrl":"https:\/\/dpress.ma\/fr\/wp-content\/uploads\/sites\/2\/2022\/04\/ait-taleb-fr.jpg","width":2539,"height":1594},{"@type":"BreadcrumbList","@id":"https:\/\/dpress.ma\/fr\/2023\/01\/18\/la-creation-de-lagence-marocaine-du-medicament-et-des-produits-de-sante-vise-a-assurer-la-souverainete-medicamenteuse\/#breadcrumb","itemListElement":[{"@type":"ListItem","position":1,"name":"Home","item":"https:\/\/dpress.ma\/fr\/"},{"@type":"ListItem","position":2,"name":"La cr\u00e9ation de l\u2019Agence marocaine du m\u00e9dicament et des produits de sant\u00e9 vise \u00e0 assurer la souverainet\u00e9 m\u00e9dicamenteuse"}]},{"@type":"WebSite","@id":"https:\/\/dpress.ma\/fr\/#website","url":"https:\/\/dpress.ma\/fr\/","name":"Dpress.ma\/fr","description":"","potentialAction":[{"@type":"SearchAction","target":{"@type":"EntryPoint","urlTemplate":"https:\/\/dpress.ma\/fr\/?s={search_term_string}"},"query-input":{"@type":"PropertyValueSpecification","valueRequired":true,"valueName":"search_term_string"}}],"inLanguage":"fr-FR"},{"@type":"Person","@id":"https:\/\/dpress.ma\/fr\/#\/schema\/person\/4898febf3ccd59e6578d838656a306a0","name":"Dpress.ma","image":{"@type":"ImageObject","inLanguage":"fr-FR","@id":"https:\/\/secure.gravatar.com\/avatar\/72ecc30e9db047a2e0e7176561eb9d564ed77c8108376495b19bd8336405198a?s=96&d=mm&r=g","url":"https:\/\/secure.gravatar.com\/avatar\/72ecc30e9db047a2e0e7176561eb9d564ed77c8108376495b19bd8336405198a?s=96&d=mm&r=g","contentUrl":"https:\/\/secure.gravatar.com\/avatar\/72ecc30e9db047a2e0e7176561eb9d564ed77c8108376495b19bd8336405198a?s=96&d=mm&r=g","caption":"Dpress.ma"},"sameAs":["https:\/\/www.dpress.ma"],"url":"https:\/\/dpress.ma\/fr\/author\/dpress-ma\/"}]}},"amp_enabled":true,"_links":{"self":[{"href":"https:\/\/dpress.ma\/fr\/wp-json\/wp\/v2\/posts\/3301","targetHints":{"allow":["GET"]}}],"collection":[{"href":"https:\/\/dpress.ma\/fr\/wp-json\/wp\/v2\/posts"}],"about":[{"href":"https:\/\/dpress.ma\/fr\/wp-json\/wp\/v2\/types\/post"}],"author":[{"embeddable":true,"href":"https:\/\/dpress.ma\/fr\/wp-json\/wp\/v2\/users\/2"}],"replies":[{"embeddable":true,"href":"https:\/\/dpress.ma\/fr\/wp-json\/wp\/v2\/comments?post=3301"}],"version-history":[{"count":1,"href":"https:\/\/dpress.ma\/fr\/wp-json\/wp\/v2\/posts\/3301\/revisions"}],"predecessor-version":[{"id":3302,"href":"https:\/\/dpress.ma\/fr\/wp-json\/wp\/v2\/posts\/3301\/revisions\/3302"}],"wp:featuredmedia":[{"embeddable":true,"href":"https:\/\/dpress.ma\/fr\/wp-json\/wp\/v2\/media\/1166"}],"wp:attachment":[{"href":"https:\/\/dpress.ma\/fr\/wp-json\/wp\/v2\/media?parent=3301"}],"wp:term":[{"taxonomy":"category","embeddable":true,"href":"https:\/\/dpress.ma\/fr\/wp-json\/wp\/v2\/categories?post=3301"},{"taxonomy":"post_tag","embeddable":true,"href":"https:\/\/dpress.ma\/fr\/wp-json\/wp\/v2\/tags?post=3301"}],"curies":[{"name":"wp","href":"https:\/\/api.w.org\/{rel}","templated":true}]}}