{"id":3299,"date":"2023-01-18T10:58:42","date_gmt":"2023-01-18T10:58:42","guid":{"rendered":"https:\/\/dpress.ma\/fr\/?p=3299"},"modified":"2023-01-18T10:58:43","modified_gmt":"2023-01-18T10:58:43","slug":"la-chambre-des-conseillers-approuve-un-projet-de-loi-relatif-a-lautoproduction-denergie-electrique","status":"publish","type":"post","link":"https:\/\/dpress.ma\/fr\/2023\/01\/18\/la-chambre-des-conseillers-approuve-un-projet-de-loi-relatif-a-lautoproduction-denergie-electrique\/","title":{"rendered":"La Chambre des conseillers approuve un projet de loi relatif \u00e0 l\u2019autoproduction d\u2019\u00e9nergie \u00e9lectrique"},"content":{"rendered":"\n<p>Dpress<\/p>\n\n\n\n<p>La Chambre des conseillers a approuv\u00e9, lors d\u2019une s\u00e9ance pl\u00e9ni\u00e8re l\u00e9gislative tenue mardi, le projet de loi N\u00b0 82.21 relatif \u00e0 l\u2019autoproduction d\u2019\u00e9nergie \u00e9lectrique.<\/p>\n\n\n\n<p>Pr\u00e9sentant le projet de loi au nom de la ministre de la transition \u00e9nerg\u00e9tique et du d\u00e9veloppement durable, Leila Benali, le ministre de l\u2019\u00e9ducation nationale, du pr\u00e9scolaire et des sports, Chakib Benmoussa, a indiqu\u00e9 que ce texte permettra aux acteurs publics et priv\u00e9s de d\u00e9velopper des installations d\u2019autoproduction, notamment \u00e0 partir de ressources renouvelables, ce qui va de pair avec les orientations strat\u00e9giques du Royaume et les recommandations du Nouveau Mod\u00e8le de D\u00e9veloppement relatives au d\u00e9veloppement de la production d\u00e9centralis\u00e9e d\u2019\u00e9lectricit\u00e9 et d\u2019une \u00e9conomie nationale verte bas carbone, outre l\u2019am\u00e9lioration de la comp\u00e9titivit\u00e9 du secteur de l\u2019\u00e9lectricit\u00e9.<\/p>\n\n\n\n<p>Ce projet de loi, poursuit-il, vise \u00e0 organiser l\u2019activit\u00e9 d\u2019autoproduction d\u2019\u00e9nergie \u00e9lectrique \u00e0 des fins d\u2019autoconsommation, quelque soit la source de production, la nature du r\u00e9seau, le niveau de tension et la capacit\u00e9 de l\u2019installation utilis\u00e9e, tout en assurant la s\u00e9curit\u00e9 du r\u00e9seau \u00e9lectrique national et en veillant au respect des principes de transparence et d\u2019\u00e9galit\u00e9 entre l\u2019ensemble des parties prenantes.<\/p>\n\n\n\n<p>M. Benmoussa a, par ailleurs, expliqu\u00e9 que les exigences des dispositions phares de cette loi consistent \u00e0 permettre aux personnes physiques ou morales de droit public ou priv\u00e9 de d\u00e9velopper des installations d\u2019autoproduction d\u2019\u00e9nergie \u00e9lectrique, dont les citoyens et les petites, moyennes et grandes entreprises, et \u00e0 autoriser l\u2019autoproduction avec la capacit\u00e9 totale des installations, toutes les sources de production et au niveau de tous les r\u00e9seaux, tout en accordant le droit d\u2019y acc\u00e9der pour le transfert de l\u2019\u00e9lectricit\u00e9 produite des sites de production vers les sites de consommation.<\/p>\n\n\n\n<p>Les dispositions de cette loi pr\u00e9voient \u00e9galement la possibilit\u00e9 de vendre 20% de l\u2019autoproduction en exc\u00e9dent aux g\u00e9rants de tous les r\u00e9seaux \u00e9lectriques, avec la possibilit\u00e9 de relever ce plafond \u00e0 la demande de l\u2019auto-producteur et de stipuler l\u2019approvisionnement de ces sites en compteurs intelligents.<\/p>\n\n\n\n<p>Afin de renforcer la transparence, le texte conf\u00e8re \u00e0 l\u2019Autorit\u00e9 Nationale de R\u00e9gulation de l\u2019Electricit\u00e9 (ANRE) la mission de d\u00e9termination des services de distribution et de la capacit\u00e9 du r\u00e9seau \u00e9lectrique, a relev\u00e9 M. Benmoussa, faisant remarquer que le projet de loi pr\u00e9voit de fixer un d\u00e9lai maximum de quatre ans pour la promulgation des textes r\u00e9glementaires n\u00e9cessaires \u00e0 la mise en \u0153uvre de la pr\u00e9sente loi, \u00e0 compter de la date de sa publication au Bulletin Officiel.<\/p>\n\n\n\n<p>Dans le cadre de la simplification des d\u00e9marches et proc\u00e9dures administratives et dans le respect des principes de Charte Nationale de la D\u00e9concentration Administrative, ce projet \u00e9nonce la num\u00e9risation des d\u00e9marches li\u00e9es aux syst\u00e8mes d\u2019autoproduction afin de permettre aux auto-producteurs d\u2019acc\u00e9der aux informations li\u00e9es \u00e0 leurs demandes, et les diff\u00e9rentes proc\u00e9dures y aff\u00e9rentes, a-t-il fait savoir.<\/p>\n\n\n\n<p>Le projet de loi constituera un nouveau catalyseur et une occasion pour cr\u00e9er de nouvelles opportunit\u00e9s d\u2019emplois et encourager le secteur priv\u00e9 \u00e0 investir davantage dans le domaine de la production d\u2019\u00e9lectricit\u00e9, outre la disponibilit\u00e9 de produits qui r\u00e9pondent aux normes de d\u00e9veloppement durable.<\/p>\n","protected":false},"excerpt":{"rendered":"<p>Dpress La Chambre des conseillers a approuv\u00e9, lors d\u2019une s\u00e9ance pl\u00e9ni\u00e8re l\u00e9gislative tenue mardi, le projet de loi N\u00b0 82.21 relatif \u00e0 l\u2019autoproduction d\u2019\u00e9nergie \u00e9lectrique. Pr\u00e9sentant le projet de loi au nom de la ministre de la transition \u00e9nerg\u00e9tique et du d\u00e9veloppement durable, Leila Benali, le ministre de l\u2019\u00e9ducation nationale, du pr\u00e9scolaire et des sports, &hellip;<\/p>\n","protected":false},"author":2,"featured_media":2002,"comment_status":"open","ping_status":"open","sticky":false,"template":"","format":"standard","meta":{"footnotes":""},"categories":[34],"tags":[],"class_list":["post-3299","post","type-post","status-publish","format-standard","has-post-thumbnail","hentry","category-diplomatie-parlementaire"],"yoast_head":"<!-- This site is optimized with the Yoast SEO plugin v27.5 - https:\/\/yoast.com\/product\/yoast-seo-wordpress\/ -->\n<title>La Chambre des conseillers approuve un projet de loi relatif \u00e0 l\u2019autoproduction d\u2019\u00e9nergie \u00e9lectrique - Dpress.ma\/fr<\/title>\n<meta name=\"robots\" content=\"index, follow, max-snippet:-1, max-image-preview:large, max-video-preview:-1\" \/>\n<link rel=\"canonical\" href=\"https:\/\/dpress.ma\/fr\/2023\/01\/18\/la-chambre-des-conseillers-approuve-un-projet-de-loi-relatif-a-lautoproduction-denergie-electrique\/\" \/>\n<meta property=\"og:locale\" content=\"fr_FR\" \/>\n<meta property=\"og:type\" content=\"article\" \/>\n<meta property=\"og:title\" content=\"La Chambre des conseillers approuve un projet de loi relatif \u00e0 l\u2019autoproduction d\u2019\u00e9nergie \u00e9lectrique - Dpress.ma\/fr\" \/>\n<meta property=\"og:description\" content=\"Dpress La Chambre des conseillers a approuv\u00e9, lors d\u2019une s\u00e9ance pl\u00e9ni\u00e8re l\u00e9gislative tenue mardi, le projet de loi N\u00b0 82.21 relatif \u00e0 l\u2019autoproduction d\u2019\u00e9nergie \u00e9lectrique. Pr\u00e9sentant le projet de loi au nom de la ministre de la transition \u00e9nerg\u00e9tique et du d\u00e9veloppement durable, Leila Benali, le ministre de l\u2019\u00e9ducation nationale, du pr\u00e9scolaire et des sports, &hellip;\" \/>\n<meta property=\"og:url\" content=\"https:\/\/dpress.ma\/fr\/2023\/01\/18\/la-chambre-des-conseillers-approuve-un-projet-de-loi-relatif-a-lautoproduction-denergie-electrique\/\" \/>\n<meta property=\"og:site_name\" content=\"Dpress.ma\/fr\" \/>\n<meta property=\"article:published_time\" content=\"2023-01-18T10:58:42+00:00\" \/>\n<meta property=\"article:modified_time\" content=\"2023-01-18T10:58:43+00:00\" \/>\n<meta property=\"og:image\" content=\"https:\/\/dpress.ma\/fr\/wp-content\/uploads\/sites\/2\/2022\/07\/hjkkhj.jpg\" \/>\n\t<meta property=\"og:image:width\" content=\"2539\" \/>\n\t<meta property=\"og:image:height\" content=\"1594\" \/>\n\t<meta property=\"og:image:type\" content=\"image\/jpeg\" \/>\n<meta name=\"author\" content=\"Dpress.ma\" \/>\n<meta name=\"twitter:card\" content=\"summary_large_image\" \/>\n<meta name=\"twitter:label1\" content=\"\u00c9crit par\" \/>\n\t<meta name=\"twitter:data1\" content=\"Dpress.ma\" \/>\n\t<meta name=\"twitter:label2\" content=\"Dur\u00e9e de lecture estim\u00e9e\" \/>\n\t<meta name=\"twitter:data2\" content=\"3 minutes\" \/>\n<script type=\"application\/ld+json\" class=\"yoast-schema-graph\">{\"@context\":\"https:\\\/\\\/schema.org\",\"@graph\":[{\"@type\":\"Article\",\"@id\":\"https:\\\/\\\/dpress.ma\\\/fr\\\/2023\\\/01\\\/18\\\/la-chambre-des-conseillers-approuve-un-projet-de-loi-relatif-a-lautoproduction-denergie-electrique\\\/#article\",\"isPartOf\":{\"@id\":\"https:\\\/\\\/dpress.ma\\\/fr\\\/2023\\\/01\\\/18\\\/la-chambre-des-conseillers-approuve-un-projet-de-loi-relatif-a-lautoproduction-denergie-electrique\\\/\"},\"author\":{\"name\":\"Dpress.ma\",\"@id\":\"https:\\\/\\\/dpress.ma\\\/fr\\\/#\\\/schema\\\/person\\\/4898febf3ccd59e6578d838656a306a0\"},\"headline\":\"La Chambre des conseillers approuve un projet de loi relatif \u00e0 l\u2019autoproduction d\u2019\u00e9nergie \u00e9lectrique\",\"datePublished\":\"2023-01-18T10:58:42+00:00\",\"dateModified\":\"2023-01-18T10:58:43+00:00\",\"mainEntityOfPage\":{\"@id\":\"https:\\\/\\\/dpress.ma\\\/fr\\\/2023\\\/01\\\/18\\\/la-chambre-des-conseillers-approuve-un-projet-de-loi-relatif-a-lautoproduction-denergie-electrique\\\/\"},\"wordCount\":580,\"commentCount\":0,\"image\":{\"@id\":\"https:\\\/\\\/dpress.ma\\\/fr\\\/2023\\\/01\\\/18\\\/la-chambre-des-conseillers-approuve-un-projet-de-loi-relatif-a-lautoproduction-denergie-electrique\\\/#primaryimage\"},\"thumbnailUrl\":\"https:\\\/\\\/dpress.ma\\\/fr\\\/wp-content\\\/uploads\\\/sites\\\/2\\\/2022\\\/07\\\/hjkkhj.jpg\",\"articleSection\":[\"Diplomatie Parlementaire\"],\"inLanguage\":\"fr-FR\",\"potentialAction\":[{\"@type\":\"CommentAction\",\"name\":\"Comment\",\"target\":[\"https:\\\/\\\/dpress.ma\\\/fr\\\/2023\\\/01\\\/18\\\/la-chambre-des-conseillers-approuve-un-projet-de-loi-relatif-a-lautoproduction-denergie-electrique\\\/#respond\"]}]},{\"@type\":\"WebPage\",\"@id\":\"https:\\\/\\\/dpress.ma\\\/fr\\\/2023\\\/01\\\/18\\\/la-chambre-des-conseillers-approuve-un-projet-de-loi-relatif-a-lautoproduction-denergie-electrique\\\/\",\"url\":\"https:\\\/\\\/dpress.ma\\\/fr\\\/2023\\\/01\\\/18\\\/la-chambre-des-conseillers-approuve-un-projet-de-loi-relatif-a-lautoproduction-denergie-electrique\\\/\",\"name\":\"La Chambre des conseillers approuve un projet de loi relatif \u00e0 l\u2019autoproduction d\u2019\u00e9nergie \u00e9lectrique - Dpress.ma\\\/fr\",\"isPartOf\":{\"@id\":\"https:\\\/\\\/dpress.ma\\\/fr\\\/#website\"},\"primaryImageOfPage\":{\"@id\":\"https:\\\/\\\/dpress.ma\\\/fr\\\/2023\\\/01\\\/18\\\/la-chambre-des-conseillers-approuve-un-projet-de-loi-relatif-a-lautoproduction-denergie-electrique\\\/#primaryimage\"},\"image\":{\"@id\":\"https:\\\/\\\/dpress.ma\\\/fr\\\/2023\\\/01\\\/18\\\/la-chambre-des-conseillers-approuve-un-projet-de-loi-relatif-a-lautoproduction-denergie-electrique\\\/#primaryimage\"},\"thumbnailUrl\":\"https:\\\/\\\/dpress.ma\\\/fr\\\/wp-content\\\/uploads\\\/sites\\\/2\\\/2022\\\/07\\\/hjkkhj.jpg\",\"datePublished\":\"2023-01-18T10:58:42+00:00\",\"dateModified\":\"2023-01-18T10:58:43+00:00\",\"author\":{\"@id\":\"https:\\\/\\\/dpress.ma\\\/fr\\\/#\\\/schema\\\/person\\\/4898febf3ccd59e6578d838656a306a0\"},\"breadcrumb\":{\"@id\":\"https:\\\/\\\/dpress.ma\\\/fr\\\/2023\\\/01\\\/18\\\/la-chambre-des-conseillers-approuve-un-projet-de-loi-relatif-a-lautoproduction-denergie-electrique\\\/#breadcrumb\"},\"inLanguage\":\"fr-FR\",\"potentialAction\":[{\"@type\":\"ReadAction\",\"target\":[\"https:\\\/\\\/dpress.ma\\\/fr\\\/2023\\\/01\\\/18\\\/la-chambre-des-conseillers-approuve-un-projet-de-loi-relatif-a-lautoproduction-denergie-electrique\\\/\"]}]},{\"@type\":\"ImageObject\",\"inLanguage\":\"fr-FR\",\"@id\":\"https:\\\/\\\/dpress.ma\\\/fr\\\/2023\\\/01\\\/18\\\/la-chambre-des-conseillers-approuve-un-projet-de-loi-relatif-a-lautoproduction-denergie-electrique\\\/#primaryimage\",\"url\":\"https:\\\/\\\/dpress.ma\\\/fr\\\/wp-content\\\/uploads\\\/sites\\\/2\\\/2022\\\/07\\\/hjkkhj.jpg\",\"contentUrl\":\"https:\\\/\\\/dpress.ma\\\/fr\\\/wp-content\\\/uploads\\\/sites\\\/2\\\/2022\\\/07\\\/hjkkhj.jpg\",\"width\":2539,\"height\":1594},{\"@type\":\"BreadcrumbList\",\"@id\":\"https:\\\/\\\/dpress.ma\\\/fr\\\/2023\\\/01\\\/18\\\/la-chambre-des-conseillers-approuve-un-projet-de-loi-relatif-a-lautoproduction-denergie-electrique\\\/#breadcrumb\",\"itemListElement\":[{\"@type\":\"ListItem\",\"position\":1,\"name\":\"Home\",\"item\":\"https:\\\/\\\/dpress.ma\\\/fr\\\/\"},{\"@type\":\"ListItem\",\"position\":2,\"name\":\"La Chambre des conseillers approuve un projet de loi relatif \u00e0 l\u2019autoproduction d\u2019\u00e9nergie \u00e9lectrique\"}]},{\"@type\":\"WebSite\",\"@id\":\"https:\\\/\\\/dpress.ma\\\/fr\\\/#website\",\"url\":\"https:\\\/\\\/dpress.ma\\\/fr\\\/\",\"name\":\"Dpress.ma\\\/fr\",\"description\":\"\",\"potentialAction\":[{\"@type\":\"SearchAction\",\"target\":{\"@type\":\"EntryPoint\",\"urlTemplate\":\"https:\\\/\\\/dpress.ma\\\/fr\\\/?s={search_term_string}\"},\"query-input\":{\"@type\":\"PropertyValueSpecification\",\"valueRequired\":true,\"valueName\":\"search_term_string\"}}],\"inLanguage\":\"fr-FR\"},{\"@type\":\"Person\",\"@id\":\"https:\\\/\\\/dpress.ma\\\/fr\\\/#\\\/schema\\\/person\\\/4898febf3ccd59e6578d838656a306a0\",\"name\":\"Dpress.ma\",\"image\":{\"@type\":\"ImageObject\",\"inLanguage\":\"fr-FR\",\"@id\":\"https:\\\/\\\/secure.gravatar.com\\\/avatar\\\/72ecc30e9db047a2e0e7176561eb9d564ed77c8108376495b19bd8336405198a?s=96&d=mm&r=g\",\"url\":\"https:\\\/\\\/secure.gravatar.com\\\/avatar\\\/72ecc30e9db047a2e0e7176561eb9d564ed77c8108376495b19bd8336405198a?s=96&d=mm&r=g\",\"contentUrl\":\"https:\\\/\\\/secure.gravatar.com\\\/avatar\\\/72ecc30e9db047a2e0e7176561eb9d564ed77c8108376495b19bd8336405198a?s=96&d=mm&r=g\",\"caption\":\"Dpress.ma\"},\"sameAs\":[\"https:\\\/\\\/www.dpress.ma\"],\"url\":\"https:\\\/\\\/dpress.ma\\\/fr\\\/author\\\/dpress-ma\\\/\"}]}<\/script>\n<!-- \/ Yoast SEO plugin. -->","yoast_head_json":{"title":"La Chambre des conseillers approuve un projet de loi relatif \u00e0 l\u2019autoproduction d\u2019\u00e9nergie \u00e9lectrique - Dpress.ma\/fr","robots":{"index":"index","follow":"follow","max-snippet":"max-snippet:-1","max-image-preview":"max-image-preview:large","max-video-preview":"max-video-preview:-1"},"canonical":"https:\/\/dpress.ma\/fr\/2023\/01\/18\/la-chambre-des-conseillers-approuve-un-projet-de-loi-relatif-a-lautoproduction-denergie-electrique\/","og_locale":"fr_FR","og_type":"article","og_title":"La Chambre des conseillers approuve un projet de loi relatif \u00e0 l\u2019autoproduction d\u2019\u00e9nergie \u00e9lectrique - Dpress.ma\/fr","og_description":"Dpress La Chambre des conseillers a approuv\u00e9, lors d\u2019une s\u00e9ance pl\u00e9ni\u00e8re l\u00e9gislative tenue mardi, le projet de loi N\u00b0 82.21 relatif \u00e0 l\u2019autoproduction d\u2019\u00e9nergie \u00e9lectrique. Pr\u00e9sentant le projet de loi au nom de la ministre de la transition \u00e9nerg\u00e9tique et du d\u00e9veloppement durable, Leila Benali, le ministre de l\u2019\u00e9ducation nationale, du pr\u00e9scolaire et des sports, &hellip;","og_url":"https:\/\/dpress.ma\/fr\/2023\/01\/18\/la-chambre-des-conseillers-approuve-un-projet-de-loi-relatif-a-lautoproduction-denergie-electrique\/","og_site_name":"Dpress.ma\/fr","article_published_time":"2023-01-18T10:58:42+00:00","article_modified_time":"2023-01-18T10:58:43+00:00","og_image":[{"width":2539,"height":1594,"url":"https:\/\/dpress.ma\/fr\/wp-content\/uploads\/sites\/2\/2022\/07\/hjkkhj.jpg","type":"image\/jpeg"}],"author":"Dpress.ma","twitter_card":"summary_large_image","twitter_misc":{"\u00c9crit par":"Dpress.ma","Dur\u00e9e de lecture estim\u00e9e":"3 minutes"},"schema":{"@context":"https:\/\/schema.org","@graph":[{"@type":"Article","@id":"https:\/\/dpress.ma\/fr\/2023\/01\/18\/la-chambre-des-conseillers-approuve-un-projet-de-loi-relatif-a-lautoproduction-denergie-electrique\/#article","isPartOf":{"@id":"https:\/\/dpress.ma\/fr\/2023\/01\/18\/la-chambre-des-conseillers-approuve-un-projet-de-loi-relatif-a-lautoproduction-denergie-electrique\/"},"author":{"name":"Dpress.ma","@id":"https:\/\/dpress.ma\/fr\/#\/schema\/person\/4898febf3ccd59e6578d838656a306a0"},"headline":"La Chambre des conseillers approuve un projet de loi relatif \u00e0 l\u2019autoproduction d\u2019\u00e9nergie \u00e9lectrique","datePublished":"2023-01-18T10:58:42+00:00","dateModified":"2023-01-18T10:58:43+00:00","mainEntityOfPage":{"@id":"https:\/\/dpress.ma\/fr\/2023\/01\/18\/la-chambre-des-conseillers-approuve-un-projet-de-loi-relatif-a-lautoproduction-denergie-electrique\/"},"wordCount":580,"commentCount":0,"image":{"@id":"https:\/\/dpress.ma\/fr\/2023\/01\/18\/la-chambre-des-conseillers-approuve-un-projet-de-loi-relatif-a-lautoproduction-denergie-electrique\/#primaryimage"},"thumbnailUrl":"https:\/\/dpress.ma\/fr\/wp-content\/uploads\/sites\/2\/2022\/07\/hjkkhj.jpg","articleSection":["Diplomatie Parlementaire"],"inLanguage":"fr-FR","potentialAction":[{"@type":"CommentAction","name":"Comment","target":["https:\/\/dpress.ma\/fr\/2023\/01\/18\/la-chambre-des-conseillers-approuve-un-projet-de-loi-relatif-a-lautoproduction-denergie-electrique\/#respond"]}]},{"@type":"WebPage","@id":"https:\/\/dpress.ma\/fr\/2023\/01\/18\/la-chambre-des-conseillers-approuve-un-projet-de-loi-relatif-a-lautoproduction-denergie-electrique\/","url":"https:\/\/dpress.ma\/fr\/2023\/01\/18\/la-chambre-des-conseillers-approuve-un-projet-de-loi-relatif-a-lautoproduction-denergie-electrique\/","name":"La Chambre des conseillers approuve un projet de loi relatif \u00e0 l\u2019autoproduction d\u2019\u00e9nergie \u00e9lectrique - Dpress.ma\/fr","isPartOf":{"@id":"https:\/\/dpress.ma\/fr\/#website"},"primaryImageOfPage":{"@id":"https:\/\/dpress.ma\/fr\/2023\/01\/18\/la-chambre-des-conseillers-approuve-un-projet-de-loi-relatif-a-lautoproduction-denergie-electrique\/#primaryimage"},"image":{"@id":"https:\/\/dpress.ma\/fr\/2023\/01\/18\/la-chambre-des-conseillers-approuve-un-projet-de-loi-relatif-a-lautoproduction-denergie-electrique\/#primaryimage"},"thumbnailUrl":"https:\/\/dpress.ma\/fr\/wp-content\/uploads\/sites\/2\/2022\/07\/hjkkhj.jpg","datePublished":"2023-01-18T10:58:42+00:00","dateModified":"2023-01-18T10:58:43+00:00","author":{"@id":"https:\/\/dpress.ma\/fr\/#\/schema\/person\/4898febf3ccd59e6578d838656a306a0"},"breadcrumb":{"@id":"https:\/\/dpress.ma\/fr\/2023\/01\/18\/la-chambre-des-conseillers-approuve-un-projet-de-loi-relatif-a-lautoproduction-denergie-electrique\/#breadcrumb"},"inLanguage":"fr-FR","potentialAction":[{"@type":"ReadAction","target":["https:\/\/dpress.ma\/fr\/2023\/01\/18\/la-chambre-des-conseillers-approuve-un-projet-de-loi-relatif-a-lautoproduction-denergie-electrique\/"]}]},{"@type":"ImageObject","inLanguage":"fr-FR","@id":"https:\/\/dpress.ma\/fr\/2023\/01\/18\/la-chambre-des-conseillers-approuve-un-projet-de-loi-relatif-a-lautoproduction-denergie-electrique\/#primaryimage","url":"https:\/\/dpress.ma\/fr\/wp-content\/uploads\/sites\/2\/2022\/07\/hjkkhj.jpg","contentUrl":"https:\/\/dpress.ma\/fr\/wp-content\/uploads\/sites\/2\/2022\/07\/hjkkhj.jpg","width":2539,"height":1594},{"@type":"BreadcrumbList","@id":"https:\/\/dpress.ma\/fr\/2023\/01\/18\/la-chambre-des-conseillers-approuve-un-projet-de-loi-relatif-a-lautoproduction-denergie-electrique\/#breadcrumb","itemListElement":[{"@type":"ListItem","position":1,"name":"Home","item":"https:\/\/dpress.ma\/fr\/"},{"@type":"ListItem","position":2,"name":"La Chambre des conseillers approuve un projet de loi relatif \u00e0 l\u2019autoproduction d\u2019\u00e9nergie \u00e9lectrique"}]},{"@type":"WebSite","@id":"https:\/\/dpress.ma\/fr\/#website","url":"https:\/\/dpress.ma\/fr\/","name":"Dpress.ma\/fr","description":"","potentialAction":[{"@type":"SearchAction","target":{"@type":"EntryPoint","urlTemplate":"https:\/\/dpress.ma\/fr\/?s={search_term_string}"},"query-input":{"@type":"PropertyValueSpecification","valueRequired":true,"valueName":"search_term_string"}}],"inLanguage":"fr-FR"},{"@type":"Person","@id":"https:\/\/dpress.ma\/fr\/#\/schema\/person\/4898febf3ccd59e6578d838656a306a0","name":"Dpress.ma","image":{"@type":"ImageObject","inLanguage":"fr-FR","@id":"https:\/\/secure.gravatar.com\/avatar\/72ecc30e9db047a2e0e7176561eb9d564ed77c8108376495b19bd8336405198a?s=96&d=mm&r=g","url":"https:\/\/secure.gravatar.com\/avatar\/72ecc30e9db047a2e0e7176561eb9d564ed77c8108376495b19bd8336405198a?s=96&d=mm&r=g","contentUrl":"https:\/\/secure.gravatar.com\/avatar\/72ecc30e9db047a2e0e7176561eb9d564ed77c8108376495b19bd8336405198a?s=96&d=mm&r=g","caption":"Dpress.ma"},"sameAs":["https:\/\/www.dpress.ma"],"url":"https:\/\/dpress.ma\/fr\/author\/dpress-ma\/"}]}},"amp_enabled":true,"_links":{"self":[{"href":"https:\/\/dpress.ma\/fr\/wp-json\/wp\/v2\/posts\/3299","targetHints":{"allow":["GET"]}}],"collection":[{"href":"https:\/\/dpress.ma\/fr\/wp-json\/wp\/v2\/posts"}],"about":[{"href":"https:\/\/dpress.ma\/fr\/wp-json\/wp\/v2\/types\/post"}],"author":[{"embeddable":true,"href":"https:\/\/dpress.ma\/fr\/wp-json\/wp\/v2\/users\/2"}],"replies":[{"embeddable":true,"href":"https:\/\/dpress.ma\/fr\/wp-json\/wp\/v2\/comments?post=3299"}],"version-history":[{"count":1,"href":"https:\/\/dpress.ma\/fr\/wp-json\/wp\/v2\/posts\/3299\/revisions"}],"predecessor-version":[{"id":3300,"href":"https:\/\/dpress.ma\/fr\/wp-json\/wp\/v2\/posts\/3299\/revisions\/3300"}],"wp:featuredmedia":[{"embeddable":true,"href":"https:\/\/dpress.ma\/fr\/wp-json\/wp\/v2\/media\/2002"}],"wp:attachment":[{"href":"https:\/\/dpress.ma\/fr\/wp-json\/wp\/v2\/media?parent=3299"}],"wp:term":[{"taxonomy":"category","embeddable":true,"href":"https:\/\/dpress.ma\/fr\/wp-json\/wp\/v2\/categories?post=3299"},{"taxonomy":"post_tag","embeddable":true,"href":"https:\/\/dpress.ma\/fr\/wp-json\/wp\/v2\/tags?post=3299"}],"curies":[{"name":"wp","href":"https:\/\/api.w.org\/{rel}","templated":true}]}}