{"id":3264,"date":"2023-01-16T10:26:50","date_gmt":"2023-01-16T10:26:50","guid":{"rendered":"https:\/\/dpress.ma\/fr\/?p=3264"},"modified":"2023-01-16T10:26:52","modified_gmt":"2023-01-16T10:26:52","slug":"le-trophee-de-legalite-professionnelle-fait-peau-neuve","status":"publish","type":"post","link":"https:\/\/dpress.ma\/fr\/2023\/01\/16\/le-trophee-de-legalite-professionnelle-fait-peau-neuve\/","title":{"rendered":"Le Troph\u00e9e de l\u2019\u00e9galit\u00e9 professionnelle fait peau neuve"},"content":{"rendered":"\n<p>Dpress<\/p>\n\n\n\n<p>Le minist\u00e8re de l\u2019Inclusion \u00e9conomique, de la Petite entreprise, de l\u2019Emploi et des Comp\u00e9tences organise la 7\u00e8me \u00e9dition du Troph\u00e9e de l\u2019Egalit\u00e9 Professionnelle.<\/p>\n\n\n\n<p>Cette nouvelle \u00e9dition, qui s\u2019inscrit en droite ligne avec la politique gouvernementale en mati\u00e8re de promotion de la dimension genre et des droits fondamentaux des femmes au travail, vient \u201cr\u00e9volutionner le processus\u201d, indique le minist\u00e8re dans un communiqu\u00e9, faisant savoir que pour r\u00e9pondre \u00e0 la diversit\u00e9 des entreprises marocaines, le Troph\u00e9e sera scind\u00e9 en trois cat\u00e9gories qui verront concourir les grandes entreprises, les moyennes et les tr\u00e8s petites entreprises.<\/p>\n\n\n\n<p>Autre nouveaut\u00e9 de cette \u00e9dition, qui vient r\u00e9pondre \u00e0 un souci d\u2019\u00e9quit\u00e9 territoriale, le troph\u00e9e concernera les douze r\u00e9gions du Royaume et un&nbsp; \u201ccoup de c\u0153ur\u201d sera d\u00e9cern\u00e9 \u00e0 une entreprise, quelle que soit sa taille, qui aura retenu l\u2019attention du jury pour ses pratiques innovantes en mati\u00e8re d\u2019\u00e9galit\u00e9 genre.<\/p>\n\n\n\n<p>Le Troph\u00e9e de l\u2019\u00e9galit\u00e9 professionnelle vise \u00e0 r\u00e9compenser les entreprises qui se sont distingu\u00e9es en mati\u00e8re d\u2019\u00e9galit\u00e9 femme\/homme, notamment en termes d\u2019int\u00e9gration de la th\u00e9matique dans la strat\u00e9gie et la culture d\u2019entreprise, dans sa communication ainsi que dans les processus op\u00e9rationnels des ressources humaines.<\/p>\n\n\n\n<p>Il a \u00e9galement pour objectif de permettre aux entreprises du secteur priv\u00e9 de se distinguer en tant que leaders dans le domaine d\u2019\u00e9galit\u00e9 professionnelle femme-homme dans le secteur priv\u00e9 au Maroc et de leur offrir une opportunit\u00e9 de partage et de d\u00e9bat sur les bonnes pratiques en la mati\u00e8re.<\/p>\n\n\n\n<p>Les entreprises d\u00e9sirant se porter candidates pourront d\u00e9poser leurs dossiers de candidature pour l\u2019obtention du Troph\u00e9e de \u201cl\u2019Egalit\u00e9 Professionnelle\u201d au titre de la pr\u00e9sente \u00e9dition \u201cjusqu\u2019au vendredi 10 f\u00e9vrier prochain \u00e0 16 heure 30mn\u201d, tient \u00e0 souligner le communiqu\u00e9.<\/p>\n\n\n\n<p>La s\u00e9lection concernera les entreprises ayant prouv\u00e9 leur respect des normes relatives au principe de l\u2019\u00e9galit\u00e9 des chances entre les deux sexes en mati\u00e8re d\u2019emploi, de conditions de travail, de formation continue, ainsi qu\u2019en mati\u00e8re de participation de la femme aux instances repr\u00e9sentatives de l\u2019entreprise.<\/p>\n\n\n\n<p>Les entreprises candidates, ayant r\u00e9pondu aux crit\u00e8res pr\u00e9d\u00e9finis en la mati\u00e8re, recevront des troph\u00e9es nationaux et r\u00e9gionaux, et des certificats d\u2019excellence en mati\u00e8re d\u2019\u00e9galit\u00e9 professionnelle.<\/p>\n","protected":false},"excerpt":{"rendered":"<p>Dpress Le minist\u00e8re de l\u2019Inclusion \u00e9conomique, de la Petite entreprise, de l\u2019Emploi et des Comp\u00e9tences organise la 7\u00e8me \u00e9dition du Troph\u00e9e de l\u2019Egalit\u00e9 Professionnelle. Cette nouvelle \u00e9dition, qui s\u2019inscrit en droite ligne avec la politique gouvernementale en mati\u00e8re de promotion de la dimension genre et des droits fondamentaux des femmes au travail, vient \u201cr\u00e9volutionner le &hellip;<\/p>\n","protected":false},"author":2,"featured_media":3265,"comment_status":"open","ping_status":"open","sticky":false,"template":"","format":"standard","meta":{"footnotes":""},"categories":[25],"tags":[],"class_list":["post-3264","post","type-post","status-publish","format-standard","has-post-thumbnail","hentry","category-economie"],"yoast_head":"<!-- This site is optimized with the Yoast SEO plugin v27.5 - https:\/\/yoast.com\/product\/yoast-seo-wordpress\/ -->\n<title>Le Troph\u00e9e de l\u2019\u00e9galit\u00e9 professionnelle fait peau neuve - Dpress.ma\/fr<\/title>\n<meta name=\"robots\" content=\"index, follow, max-snippet:-1, max-image-preview:large, max-video-preview:-1\" \/>\n<link rel=\"canonical\" href=\"https:\/\/dpress.ma\/fr\/2023\/01\/16\/le-trophee-de-legalite-professionnelle-fait-peau-neuve\/\" \/>\n<meta property=\"og:locale\" content=\"fr_FR\" \/>\n<meta property=\"og:type\" content=\"article\" \/>\n<meta property=\"og:title\" content=\"Le Troph\u00e9e de l\u2019\u00e9galit\u00e9 professionnelle fait peau neuve - Dpress.ma\/fr\" \/>\n<meta property=\"og:description\" content=\"Dpress Le minist\u00e8re de l\u2019Inclusion \u00e9conomique, de la Petite entreprise, de l\u2019Emploi et des Comp\u00e9tences organise la 7\u00e8me \u00e9dition du Troph\u00e9e de l\u2019Egalit\u00e9 Professionnelle. Cette nouvelle \u00e9dition, qui s\u2019inscrit en droite ligne avec la politique gouvernementale en mati\u00e8re de promotion de la dimension genre et des droits fondamentaux des femmes au travail, vient \u201cr\u00e9volutionner le &hellip;\" \/>\n<meta property=\"og:url\" content=\"https:\/\/dpress.ma\/fr\/2023\/01\/16\/le-trophee-de-legalite-professionnelle-fait-peau-neuve\/\" \/>\n<meta property=\"og:site_name\" content=\"Dpress.ma\/fr\" \/>\n<meta property=\"article:published_time\" content=\"2023-01-16T10:26:50+00:00\" \/>\n<meta property=\"article:modified_time\" content=\"2023-01-16T10:26:52+00:00\" \/>\n<meta property=\"og:image\" content=\"https:\/\/dpress.ma\/fr\/wp-content\/uploads\/sites\/2\/2023\/01\/dimensions2-31.jpg\" \/>\n\t<meta property=\"og:image:width\" content=\"2539\" \/>\n\t<meta property=\"og:image:height\" content=\"1594\" \/>\n\t<meta property=\"og:image:type\" content=\"image\/jpeg\" \/>\n<meta name=\"author\" content=\"Dpress.ma\" \/>\n<meta name=\"twitter:card\" content=\"summary_large_image\" \/>\n<meta name=\"twitter:label1\" content=\"\u00c9crit par\" \/>\n\t<meta name=\"twitter:data1\" content=\"Dpress.ma\" \/>\n\t<meta name=\"twitter:label2\" content=\"Dur\u00e9e de lecture estim\u00e9e\" \/>\n\t<meta name=\"twitter:data2\" content=\"2 minutes\" \/>\n<script type=\"application\/ld+json\" class=\"yoast-schema-graph\">{\"@context\":\"https:\\\/\\\/schema.org\",\"@graph\":[{\"@type\":\"Article\",\"@id\":\"https:\\\/\\\/dpress.ma\\\/fr\\\/2023\\\/01\\\/16\\\/le-trophee-de-legalite-professionnelle-fait-peau-neuve\\\/#article\",\"isPartOf\":{\"@id\":\"https:\\\/\\\/dpress.ma\\\/fr\\\/2023\\\/01\\\/16\\\/le-trophee-de-legalite-professionnelle-fait-peau-neuve\\\/\"},\"author\":{\"name\":\"Dpress.ma\",\"@id\":\"https:\\\/\\\/dpress.ma\\\/fr\\\/#\\\/schema\\\/person\\\/4898febf3ccd59e6578d838656a306a0\"},\"headline\":\"Le Troph\u00e9e de l\u2019\u00e9galit\u00e9 professionnelle fait peau neuve\",\"datePublished\":\"2023-01-16T10:26:50+00:00\",\"dateModified\":\"2023-01-16T10:26:52+00:00\",\"mainEntityOfPage\":{\"@id\":\"https:\\\/\\\/dpress.ma\\\/fr\\\/2023\\\/01\\\/16\\\/le-trophee-de-legalite-professionnelle-fait-peau-neuve\\\/\"},\"wordCount\":413,\"commentCount\":0,\"image\":{\"@id\":\"https:\\\/\\\/dpress.ma\\\/fr\\\/2023\\\/01\\\/16\\\/le-trophee-de-legalite-professionnelle-fait-peau-neuve\\\/#primaryimage\"},\"thumbnailUrl\":\"https:\\\/\\\/dpress.ma\\\/fr\\\/wp-content\\\/uploads\\\/sites\\\/2\\\/2023\\\/01\\\/dimensions2-31.jpg\",\"articleSection\":[\"\u00c9conomie\"],\"inLanguage\":\"fr-FR\",\"potentialAction\":[{\"@type\":\"CommentAction\",\"name\":\"Comment\",\"target\":[\"https:\\\/\\\/dpress.ma\\\/fr\\\/2023\\\/01\\\/16\\\/le-trophee-de-legalite-professionnelle-fait-peau-neuve\\\/#respond\"]}]},{\"@type\":\"WebPage\",\"@id\":\"https:\\\/\\\/dpress.ma\\\/fr\\\/2023\\\/01\\\/16\\\/le-trophee-de-legalite-professionnelle-fait-peau-neuve\\\/\",\"url\":\"https:\\\/\\\/dpress.ma\\\/fr\\\/2023\\\/01\\\/16\\\/le-trophee-de-legalite-professionnelle-fait-peau-neuve\\\/\",\"name\":\"Le Troph\u00e9e de l\u2019\u00e9galit\u00e9 professionnelle fait peau neuve - Dpress.ma\\\/fr\",\"isPartOf\":{\"@id\":\"https:\\\/\\\/dpress.ma\\\/fr\\\/#website\"},\"primaryImageOfPage\":{\"@id\":\"https:\\\/\\\/dpress.ma\\\/fr\\\/2023\\\/01\\\/16\\\/le-trophee-de-legalite-professionnelle-fait-peau-neuve\\\/#primaryimage\"},\"image\":{\"@id\":\"https:\\\/\\\/dpress.ma\\\/fr\\\/2023\\\/01\\\/16\\\/le-trophee-de-legalite-professionnelle-fait-peau-neuve\\\/#primaryimage\"},\"thumbnailUrl\":\"https:\\\/\\\/dpress.ma\\\/fr\\\/wp-content\\\/uploads\\\/sites\\\/2\\\/2023\\\/01\\\/dimensions2-31.jpg\",\"datePublished\":\"2023-01-16T10:26:50+00:00\",\"dateModified\":\"2023-01-16T10:26:52+00:00\",\"author\":{\"@id\":\"https:\\\/\\\/dpress.ma\\\/fr\\\/#\\\/schema\\\/person\\\/4898febf3ccd59e6578d838656a306a0\"},\"breadcrumb\":{\"@id\":\"https:\\\/\\\/dpress.ma\\\/fr\\\/2023\\\/01\\\/16\\\/le-trophee-de-legalite-professionnelle-fait-peau-neuve\\\/#breadcrumb\"},\"inLanguage\":\"fr-FR\",\"potentialAction\":[{\"@type\":\"ReadAction\",\"target\":[\"https:\\\/\\\/dpress.ma\\\/fr\\\/2023\\\/01\\\/16\\\/le-trophee-de-legalite-professionnelle-fait-peau-neuve\\\/\"]}]},{\"@type\":\"ImageObject\",\"inLanguage\":\"fr-FR\",\"@id\":\"https:\\\/\\\/dpress.ma\\\/fr\\\/2023\\\/01\\\/16\\\/le-trophee-de-legalite-professionnelle-fait-peau-neuve\\\/#primaryimage\",\"url\":\"https:\\\/\\\/dpress.ma\\\/fr\\\/wp-content\\\/uploads\\\/sites\\\/2\\\/2023\\\/01\\\/dimensions2-31.jpg\",\"contentUrl\":\"https:\\\/\\\/dpress.ma\\\/fr\\\/wp-content\\\/uploads\\\/sites\\\/2\\\/2023\\\/01\\\/dimensions2-31.jpg\",\"width\":2539,\"height\":1594},{\"@type\":\"BreadcrumbList\",\"@id\":\"https:\\\/\\\/dpress.ma\\\/fr\\\/2023\\\/01\\\/16\\\/le-trophee-de-legalite-professionnelle-fait-peau-neuve\\\/#breadcrumb\",\"itemListElement\":[{\"@type\":\"ListItem\",\"position\":1,\"name\":\"Home\",\"item\":\"https:\\\/\\\/dpress.ma\\\/fr\\\/\"},{\"@type\":\"ListItem\",\"position\":2,\"name\":\"Le Troph\u00e9e de l\u2019\u00e9galit\u00e9 professionnelle fait peau neuve\"}]},{\"@type\":\"WebSite\",\"@id\":\"https:\\\/\\\/dpress.ma\\\/fr\\\/#website\",\"url\":\"https:\\\/\\\/dpress.ma\\\/fr\\\/\",\"name\":\"Dpress.ma\\\/fr\",\"description\":\"\",\"potentialAction\":[{\"@type\":\"SearchAction\",\"target\":{\"@type\":\"EntryPoint\",\"urlTemplate\":\"https:\\\/\\\/dpress.ma\\\/fr\\\/?s={search_term_string}\"},\"query-input\":{\"@type\":\"PropertyValueSpecification\",\"valueRequired\":true,\"valueName\":\"search_term_string\"}}],\"inLanguage\":\"fr-FR\"},{\"@type\":\"Person\",\"@id\":\"https:\\\/\\\/dpress.ma\\\/fr\\\/#\\\/schema\\\/person\\\/4898febf3ccd59e6578d838656a306a0\",\"name\":\"Dpress.ma\",\"image\":{\"@type\":\"ImageObject\",\"inLanguage\":\"fr-FR\",\"@id\":\"https:\\\/\\\/secure.gravatar.com\\\/avatar\\\/72ecc30e9db047a2e0e7176561eb9d564ed77c8108376495b19bd8336405198a?s=96&d=mm&r=g\",\"url\":\"https:\\\/\\\/secure.gravatar.com\\\/avatar\\\/72ecc30e9db047a2e0e7176561eb9d564ed77c8108376495b19bd8336405198a?s=96&d=mm&r=g\",\"contentUrl\":\"https:\\\/\\\/secure.gravatar.com\\\/avatar\\\/72ecc30e9db047a2e0e7176561eb9d564ed77c8108376495b19bd8336405198a?s=96&d=mm&r=g\",\"caption\":\"Dpress.ma\"},\"sameAs\":[\"https:\\\/\\\/www.dpress.ma\"],\"url\":\"https:\\\/\\\/dpress.ma\\\/fr\\\/author\\\/dpress-ma\\\/\"}]}<\/script>\n<!-- \/ Yoast SEO plugin. -->","yoast_head_json":{"title":"Le Troph\u00e9e de l\u2019\u00e9galit\u00e9 professionnelle fait peau neuve - Dpress.ma\/fr","robots":{"index":"index","follow":"follow","max-snippet":"max-snippet:-1","max-image-preview":"max-image-preview:large","max-video-preview":"max-video-preview:-1"},"canonical":"https:\/\/dpress.ma\/fr\/2023\/01\/16\/le-trophee-de-legalite-professionnelle-fait-peau-neuve\/","og_locale":"fr_FR","og_type":"article","og_title":"Le Troph\u00e9e de l\u2019\u00e9galit\u00e9 professionnelle fait peau neuve - Dpress.ma\/fr","og_description":"Dpress Le minist\u00e8re de l\u2019Inclusion \u00e9conomique, de la Petite entreprise, de l\u2019Emploi et des Comp\u00e9tences organise la 7\u00e8me \u00e9dition du Troph\u00e9e de l\u2019Egalit\u00e9 Professionnelle. Cette nouvelle \u00e9dition, qui s\u2019inscrit en droite ligne avec la politique gouvernementale en mati\u00e8re de promotion de la dimension genre et des droits fondamentaux des femmes au travail, vient \u201cr\u00e9volutionner le &hellip;","og_url":"https:\/\/dpress.ma\/fr\/2023\/01\/16\/le-trophee-de-legalite-professionnelle-fait-peau-neuve\/","og_site_name":"Dpress.ma\/fr","article_published_time":"2023-01-16T10:26:50+00:00","article_modified_time":"2023-01-16T10:26:52+00:00","og_image":[{"width":2539,"height":1594,"url":"https:\/\/dpress.ma\/fr\/wp-content\/uploads\/sites\/2\/2023\/01\/dimensions2-31.jpg","type":"image\/jpeg"}],"author":"Dpress.ma","twitter_card":"summary_large_image","twitter_misc":{"\u00c9crit par":"Dpress.ma","Dur\u00e9e de lecture estim\u00e9e":"2 minutes"},"schema":{"@context":"https:\/\/schema.org","@graph":[{"@type":"Article","@id":"https:\/\/dpress.ma\/fr\/2023\/01\/16\/le-trophee-de-legalite-professionnelle-fait-peau-neuve\/#article","isPartOf":{"@id":"https:\/\/dpress.ma\/fr\/2023\/01\/16\/le-trophee-de-legalite-professionnelle-fait-peau-neuve\/"},"author":{"name":"Dpress.ma","@id":"https:\/\/dpress.ma\/fr\/#\/schema\/person\/4898febf3ccd59e6578d838656a306a0"},"headline":"Le Troph\u00e9e de l\u2019\u00e9galit\u00e9 professionnelle fait peau neuve","datePublished":"2023-01-16T10:26:50+00:00","dateModified":"2023-01-16T10:26:52+00:00","mainEntityOfPage":{"@id":"https:\/\/dpress.ma\/fr\/2023\/01\/16\/le-trophee-de-legalite-professionnelle-fait-peau-neuve\/"},"wordCount":413,"commentCount":0,"image":{"@id":"https:\/\/dpress.ma\/fr\/2023\/01\/16\/le-trophee-de-legalite-professionnelle-fait-peau-neuve\/#primaryimage"},"thumbnailUrl":"https:\/\/dpress.ma\/fr\/wp-content\/uploads\/sites\/2\/2023\/01\/dimensions2-31.jpg","articleSection":["\u00c9conomie"],"inLanguage":"fr-FR","potentialAction":[{"@type":"CommentAction","name":"Comment","target":["https:\/\/dpress.ma\/fr\/2023\/01\/16\/le-trophee-de-legalite-professionnelle-fait-peau-neuve\/#respond"]}]},{"@type":"WebPage","@id":"https:\/\/dpress.ma\/fr\/2023\/01\/16\/le-trophee-de-legalite-professionnelle-fait-peau-neuve\/","url":"https:\/\/dpress.ma\/fr\/2023\/01\/16\/le-trophee-de-legalite-professionnelle-fait-peau-neuve\/","name":"Le Troph\u00e9e de l\u2019\u00e9galit\u00e9 professionnelle fait peau neuve - Dpress.ma\/fr","isPartOf":{"@id":"https:\/\/dpress.ma\/fr\/#website"},"primaryImageOfPage":{"@id":"https:\/\/dpress.ma\/fr\/2023\/01\/16\/le-trophee-de-legalite-professionnelle-fait-peau-neuve\/#primaryimage"},"image":{"@id":"https:\/\/dpress.ma\/fr\/2023\/01\/16\/le-trophee-de-legalite-professionnelle-fait-peau-neuve\/#primaryimage"},"thumbnailUrl":"https:\/\/dpress.ma\/fr\/wp-content\/uploads\/sites\/2\/2023\/01\/dimensions2-31.jpg","datePublished":"2023-01-16T10:26:50+00:00","dateModified":"2023-01-16T10:26:52+00:00","author":{"@id":"https:\/\/dpress.ma\/fr\/#\/schema\/person\/4898febf3ccd59e6578d838656a306a0"},"breadcrumb":{"@id":"https:\/\/dpress.ma\/fr\/2023\/01\/16\/le-trophee-de-legalite-professionnelle-fait-peau-neuve\/#breadcrumb"},"inLanguage":"fr-FR","potentialAction":[{"@type":"ReadAction","target":["https:\/\/dpress.ma\/fr\/2023\/01\/16\/le-trophee-de-legalite-professionnelle-fait-peau-neuve\/"]}]},{"@type":"ImageObject","inLanguage":"fr-FR","@id":"https:\/\/dpress.ma\/fr\/2023\/01\/16\/le-trophee-de-legalite-professionnelle-fait-peau-neuve\/#primaryimage","url":"https:\/\/dpress.ma\/fr\/wp-content\/uploads\/sites\/2\/2023\/01\/dimensions2-31.jpg","contentUrl":"https:\/\/dpress.ma\/fr\/wp-content\/uploads\/sites\/2\/2023\/01\/dimensions2-31.jpg","width":2539,"height":1594},{"@type":"BreadcrumbList","@id":"https:\/\/dpress.ma\/fr\/2023\/01\/16\/le-trophee-de-legalite-professionnelle-fait-peau-neuve\/#breadcrumb","itemListElement":[{"@type":"ListItem","position":1,"name":"Home","item":"https:\/\/dpress.ma\/fr\/"},{"@type":"ListItem","position":2,"name":"Le Troph\u00e9e de l\u2019\u00e9galit\u00e9 professionnelle fait peau neuve"}]},{"@type":"WebSite","@id":"https:\/\/dpress.ma\/fr\/#website","url":"https:\/\/dpress.ma\/fr\/","name":"Dpress.ma\/fr","description":"","potentialAction":[{"@type":"SearchAction","target":{"@type":"EntryPoint","urlTemplate":"https:\/\/dpress.ma\/fr\/?s={search_term_string}"},"query-input":{"@type":"PropertyValueSpecification","valueRequired":true,"valueName":"search_term_string"}}],"inLanguage":"fr-FR"},{"@type":"Person","@id":"https:\/\/dpress.ma\/fr\/#\/schema\/person\/4898febf3ccd59e6578d838656a306a0","name":"Dpress.ma","image":{"@type":"ImageObject","inLanguage":"fr-FR","@id":"https:\/\/secure.gravatar.com\/avatar\/72ecc30e9db047a2e0e7176561eb9d564ed77c8108376495b19bd8336405198a?s=96&d=mm&r=g","url":"https:\/\/secure.gravatar.com\/avatar\/72ecc30e9db047a2e0e7176561eb9d564ed77c8108376495b19bd8336405198a?s=96&d=mm&r=g","contentUrl":"https:\/\/secure.gravatar.com\/avatar\/72ecc30e9db047a2e0e7176561eb9d564ed77c8108376495b19bd8336405198a?s=96&d=mm&r=g","caption":"Dpress.ma"},"sameAs":["https:\/\/www.dpress.ma"],"url":"https:\/\/dpress.ma\/fr\/author\/dpress-ma\/"}]}},"amp_enabled":true,"_links":{"self":[{"href":"https:\/\/dpress.ma\/fr\/wp-json\/wp\/v2\/posts\/3264","targetHints":{"allow":["GET"]}}],"collection":[{"href":"https:\/\/dpress.ma\/fr\/wp-json\/wp\/v2\/posts"}],"about":[{"href":"https:\/\/dpress.ma\/fr\/wp-json\/wp\/v2\/types\/post"}],"author":[{"embeddable":true,"href":"https:\/\/dpress.ma\/fr\/wp-json\/wp\/v2\/users\/2"}],"replies":[{"embeddable":true,"href":"https:\/\/dpress.ma\/fr\/wp-json\/wp\/v2\/comments?post=3264"}],"version-history":[{"count":1,"href":"https:\/\/dpress.ma\/fr\/wp-json\/wp\/v2\/posts\/3264\/revisions"}],"predecessor-version":[{"id":3266,"href":"https:\/\/dpress.ma\/fr\/wp-json\/wp\/v2\/posts\/3264\/revisions\/3266"}],"wp:featuredmedia":[{"embeddable":true,"href":"https:\/\/dpress.ma\/fr\/wp-json\/wp\/v2\/media\/3265"}],"wp:attachment":[{"href":"https:\/\/dpress.ma\/fr\/wp-json\/wp\/v2\/media?parent=3264"}],"wp:term":[{"taxonomy":"category","embeddable":true,"href":"https:\/\/dpress.ma\/fr\/wp-json\/wp\/v2\/categories?post=3264"},{"taxonomy":"post_tag","embeddable":true,"href":"https:\/\/dpress.ma\/fr\/wp-json\/wp\/v2\/tags?post=3264"}],"curies":[{"name":"wp","href":"https:\/\/api.w.org\/{rel}","templated":true}]}}