{"id":3238,"date":"2023-01-13T17:29:17","date_gmt":"2023-01-13T17:29:17","guid":{"rendered":"https:\/\/dpress.ma\/fr\/?p=3238"},"modified":"2023-01-13T17:29:18","modified_gmt":"2023-01-13T17:29:18","slug":"arrivee-au-maroc-des-presidents-de-la-fifa-et-de-la-caf-pour-prendre-part-au-tirage-au-sort-de-la-coupe-du-monde-des-clubs","status":"publish","type":"post","link":"https:\/\/dpress.ma\/fr\/2023\/01\/13\/arrivee-au-maroc-des-presidents-de-la-fifa-et-de-la-caf-pour-prendre-part-au-tirage-au-sort-de-la-coupe-du-monde-des-clubs\/","title":{"rendered":"Arriv\u00e9e au Maroc des pr\u00e9sidents de la FIFA et de la CAF pour prendre part au tirage au sort de la Coupe du monde des clubs"},"content":{"rendered":"\n<p>Dpress<\/p>\n\n\n\n<p>Les pr\u00e9sidents de la F\u00e9d\u00e9ration internationale de football (FIFA), Gianni Infantino, et de la Conf\u00e9d\u00e9ration africaine de football (CAF), Patrice Motsepe, sont arriv\u00e9s vendredi \u00e0 l\u2019a\u00e9roport Rabat-Sal\u00e9 pour prendre part au tirage au sort de la Coupe du monde des clubs, qui se d\u00e9roulera du 1er au 11 f\u00e9vrier au Maroc.<\/p>\n\n\n\n<p>La c\u00e9r\u00e9monie du tirage au sort de cette \u00e9dition de la Coupe du monde des clubs se d\u00e9roulera ce vendredi au Complexe Mohammed VI de Football \u00e0 Sal\u00e9, \u00e0 partir de 12h00. Le joueur le plus cap\u00e9 de l\u2019histoire de la s\u00e9lection marocaine, Nourredine Naybet, officiera en qualit\u00e9 d\u2019assistant.<\/p>\n\n\n\n<p>Sept clubs participeront \u00e0 cette \u00e9dition, \u00e0 savoir le Wydad Casablanca, vainqueur de la Ligue des champions de la CAF 2021\/22, Al Hilal SFC (Arabie Saoudite), vainqueur de la Ligue des champions de l\u2019AFC 2021, Al Ahly d\u2019Egypte, finaliste de la Ligue des champions de la CAF et Seattle Sounders FC (USA), vainqueur de la Ligue des champions de la CONCACAF 2022.<\/p>\n\n\n\n<p>Il s\u2019agit \u00e9galement de la formation br\u00e9silienne de CR Flamengo, vainqueur de la Copa Libertadores 2022, d\u2019Auckland City FC (Nouvelle Z\u00e9lande), vainqueur de la Ligue des champions 2022 de l\u2019OFC (Conf\u00e9d\u00e9ration de football d\u2019Oc\u00e9anie) en plus du Real Madrid, vainqueur de la Ligue des champions de l\u2019UEFA 2022.<\/p>\n","protected":false},"excerpt":{"rendered":"<p>Dpress Les pr\u00e9sidents de la F\u00e9d\u00e9ration internationale de football (FIFA), Gianni Infantino, et de la Conf\u00e9d\u00e9ration africaine de football (CAF), Patrice Motsepe, sont arriv\u00e9s vendredi \u00e0 l\u2019a\u00e9roport Rabat-Sal\u00e9 pour prendre part au tirage au sort de la Coupe du monde des clubs, qui se d\u00e9roulera du 1er au 11 f\u00e9vrier au Maroc. La c\u00e9r\u00e9monie du &hellip;<\/p>\n","protected":false},"author":2,"featured_media":3239,"comment_status":"open","ping_status":"open","sticky":false,"template":"","format":"standard","meta":{"footnotes":""},"categories":[27],"tags":[],"class_list":["post-3238","post","type-post","status-publish","format-standard","has-post-thumbnail","hentry","category-sport"],"yoast_head":"<!-- This site is optimized with the Yoast SEO plugin v27.5 - https:\/\/yoast.com\/product\/yoast-seo-wordpress\/ -->\n<title>Arriv\u00e9e au Maroc des pr\u00e9sidents de la FIFA et de la CAF pour prendre part au tirage au sort de la Coupe du monde des clubs - Dpress.ma\/fr<\/title>\n<meta name=\"description\" content=\"Les pr\u00e9sidents de la F\u00e9d\u00e9ration internationale de football (FIFA), Gianni Infantino, et de la Conf\u00e9d\u00e9ration africaine de football (CAF), Patrice Motsepe, sont arriv\u00e9s vendredi \u00e0 l\u2019a\u00e9roport Rabat-Sal\u00e9 pour prendre part au tirage au sort de la Coupe du monde des clubs, qui se d\u00e9roulera du 1er au 11 f\u00e9vrier au Maroc.\" \/>\n<meta name=\"robots\" content=\"index, follow, max-snippet:-1, max-image-preview:large, max-video-preview:-1\" \/>\n<link rel=\"canonical\" href=\"https:\/\/dpress.ma\/fr\/2023\/01\/13\/arrivee-au-maroc-des-presidents-de-la-fifa-et-de-la-caf-pour-prendre-part-au-tirage-au-sort-de-la-coupe-du-monde-des-clubs\/\" \/>\n<meta property=\"og:locale\" content=\"fr_FR\" \/>\n<meta property=\"og:type\" content=\"article\" \/>\n<meta property=\"og:title\" content=\"Arriv\u00e9e au Maroc des pr\u00e9sidents de la FIFA et de la CAF pour prendre part au tirage au sort de la Coupe du monde des clubs - Dpress.ma\/fr\" \/>\n<meta property=\"og:description\" content=\"Les pr\u00e9sidents de la F\u00e9d\u00e9ration internationale de football (FIFA), Gianni Infantino, et de la Conf\u00e9d\u00e9ration africaine de football (CAF), Patrice Motsepe, sont arriv\u00e9s vendredi \u00e0 l\u2019a\u00e9roport Rabat-Sal\u00e9 pour prendre part au tirage au sort de la Coupe du monde des clubs, qui se d\u00e9roulera du 1er au 11 f\u00e9vrier au Maroc.\" \/>\n<meta property=\"og:url\" content=\"https:\/\/dpress.ma\/fr\/2023\/01\/13\/arrivee-au-maroc-des-presidents-de-la-fifa-et-de-la-caf-pour-prendre-part-au-tirage-au-sort-de-la-coupe-du-monde-des-clubs\/\" \/>\n<meta property=\"og:site_name\" content=\"Dpress.ma\/fr\" \/>\n<meta property=\"article:published_time\" content=\"2023-01-13T17:29:17+00:00\" \/>\n<meta property=\"article:modified_time\" content=\"2023-01-13T17:29:18+00:00\" \/>\n<meta property=\"og:image\" content=\"https:\/\/dpress.ma\/fr\/wp-content\/uploads\/sites\/2\/2023\/01\/dimensions2-23.jpg\" \/>\n\t<meta property=\"og:image:width\" content=\"2539\" \/>\n\t<meta property=\"og:image:height\" content=\"1594\" \/>\n\t<meta property=\"og:image:type\" content=\"image\/jpeg\" \/>\n<meta name=\"author\" content=\"Dpress.ma\" \/>\n<meta name=\"twitter:card\" content=\"summary_large_image\" \/>\n<meta name=\"twitter:label1\" content=\"\u00c9crit par\" \/>\n\t<meta name=\"twitter:data1\" content=\"Dpress.ma\" \/>\n\t<meta name=\"twitter:label2\" content=\"Dur\u00e9e de lecture estim\u00e9e\" \/>\n\t<meta name=\"twitter:data2\" content=\"2 minutes\" \/>\n<script type=\"application\/ld+json\" class=\"yoast-schema-graph\">{\"@context\":\"https:\\\/\\\/schema.org\",\"@graph\":[{\"@type\":\"Article\",\"@id\":\"https:\\\/\\\/dpress.ma\\\/fr\\\/2023\\\/01\\\/13\\\/arrivee-au-maroc-des-presidents-de-la-fifa-et-de-la-caf-pour-prendre-part-au-tirage-au-sort-de-la-coupe-du-monde-des-clubs\\\/#article\",\"isPartOf\":{\"@id\":\"https:\\\/\\\/dpress.ma\\\/fr\\\/2023\\\/01\\\/13\\\/arrivee-au-maroc-des-presidents-de-la-fifa-et-de-la-caf-pour-prendre-part-au-tirage-au-sort-de-la-coupe-du-monde-des-clubs\\\/\"},\"author\":{\"name\":\"Dpress.ma\",\"@id\":\"https:\\\/\\\/dpress.ma\\\/fr\\\/#\\\/schema\\\/person\\\/4898febf3ccd59e6578d838656a306a0\"},\"headline\":\"Arriv\u00e9e au Maroc des pr\u00e9sidents de la FIFA et de la CAF pour prendre part au tirage au sort de la Coupe du monde des clubs\",\"datePublished\":\"2023-01-13T17:29:17+00:00\",\"dateModified\":\"2023-01-13T17:29:18+00:00\",\"mainEntityOfPage\":{\"@id\":\"https:\\\/\\\/dpress.ma\\\/fr\\\/2023\\\/01\\\/13\\\/arrivee-au-maroc-des-presidents-de-la-fifa-et-de-la-caf-pour-prendre-part-au-tirage-au-sort-de-la-coupe-du-monde-des-clubs\\\/\"},\"wordCount\":255,\"commentCount\":0,\"image\":{\"@id\":\"https:\\\/\\\/dpress.ma\\\/fr\\\/2023\\\/01\\\/13\\\/arrivee-au-maroc-des-presidents-de-la-fifa-et-de-la-caf-pour-prendre-part-au-tirage-au-sort-de-la-coupe-du-monde-des-clubs\\\/#primaryimage\"},\"thumbnailUrl\":\"https:\\\/\\\/dpress.ma\\\/fr\\\/wp-content\\\/uploads\\\/sites\\\/2\\\/2023\\\/01\\\/dimensions2-23.jpg\",\"articleSection\":[\"Sport\"],\"inLanguage\":\"fr-FR\",\"potentialAction\":[{\"@type\":\"CommentAction\",\"name\":\"Comment\",\"target\":[\"https:\\\/\\\/dpress.ma\\\/fr\\\/2023\\\/01\\\/13\\\/arrivee-au-maroc-des-presidents-de-la-fifa-et-de-la-caf-pour-prendre-part-au-tirage-au-sort-de-la-coupe-du-monde-des-clubs\\\/#respond\"]}]},{\"@type\":\"WebPage\",\"@id\":\"https:\\\/\\\/dpress.ma\\\/fr\\\/2023\\\/01\\\/13\\\/arrivee-au-maroc-des-presidents-de-la-fifa-et-de-la-caf-pour-prendre-part-au-tirage-au-sort-de-la-coupe-du-monde-des-clubs\\\/\",\"url\":\"https:\\\/\\\/dpress.ma\\\/fr\\\/2023\\\/01\\\/13\\\/arrivee-au-maroc-des-presidents-de-la-fifa-et-de-la-caf-pour-prendre-part-au-tirage-au-sort-de-la-coupe-du-monde-des-clubs\\\/\",\"name\":\"Arriv\u00e9e au Maroc des pr\u00e9sidents de la FIFA et de la CAF pour prendre part au tirage au sort de la Coupe du monde des clubs - Dpress.ma\\\/fr\",\"isPartOf\":{\"@id\":\"https:\\\/\\\/dpress.ma\\\/fr\\\/#website\"},\"primaryImageOfPage\":{\"@id\":\"https:\\\/\\\/dpress.ma\\\/fr\\\/2023\\\/01\\\/13\\\/arrivee-au-maroc-des-presidents-de-la-fifa-et-de-la-caf-pour-prendre-part-au-tirage-au-sort-de-la-coupe-du-monde-des-clubs\\\/#primaryimage\"},\"image\":{\"@id\":\"https:\\\/\\\/dpress.ma\\\/fr\\\/2023\\\/01\\\/13\\\/arrivee-au-maroc-des-presidents-de-la-fifa-et-de-la-caf-pour-prendre-part-au-tirage-au-sort-de-la-coupe-du-monde-des-clubs\\\/#primaryimage\"},\"thumbnailUrl\":\"https:\\\/\\\/dpress.ma\\\/fr\\\/wp-content\\\/uploads\\\/sites\\\/2\\\/2023\\\/01\\\/dimensions2-23.jpg\",\"datePublished\":\"2023-01-13T17:29:17+00:00\",\"dateModified\":\"2023-01-13T17:29:18+00:00\",\"author\":{\"@id\":\"https:\\\/\\\/dpress.ma\\\/fr\\\/#\\\/schema\\\/person\\\/4898febf3ccd59e6578d838656a306a0\"},\"description\":\"Les pr\u00e9sidents de la F\u00e9d\u00e9ration internationale de football (FIFA), Gianni Infantino, et de la Conf\u00e9d\u00e9ration africaine de football (CAF), Patrice Motsepe, sont arriv\u00e9s vendredi \u00e0 l\u2019a\u00e9roport Rabat-Sal\u00e9 pour prendre part au tirage au sort de la Coupe du monde des clubs, qui se d\u00e9roulera du 1er au 11 f\u00e9vrier au Maroc.\",\"breadcrumb\":{\"@id\":\"https:\\\/\\\/dpress.ma\\\/fr\\\/2023\\\/01\\\/13\\\/arrivee-au-maroc-des-presidents-de-la-fifa-et-de-la-caf-pour-prendre-part-au-tirage-au-sort-de-la-coupe-du-monde-des-clubs\\\/#breadcrumb\"},\"inLanguage\":\"fr-FR\",\"potentialAction\":[{\"@type\":\"ReadAction\",\"target\":[\"https:\\\/\\\/dpress.ma\\\/fr\\\/2023\\\/01\\\/13\\\/arrivee-au-maroc-des-presidents-de-la-fifa-et-de-la-caf-pour-prendre-part-au-tirage-au-sort-de-la-coupe-du-monde-des-clubs\\\/\"]}]},{\"@type\":\"ImageObject\",\"inLanguage\":\"fr-FR\",\"@id\":\"https:\\\/\\\/dpress.ma\\\/fr\\\/2023\\\/01\\\/13\\\/arrivee-au-maroc-des-presidents-de-la-fifa-et-de-la-caf-pour-prendre-part-au-tirage-au-sort-de-la-coupe-du-monde-des-clubs\\\/#primaryimage\",\"url\":\"https:\\\/\\\/dpress.ma\\\/fr\\\/wp-content\\\/uploads\\\/sites\\\/2\\\/2023\\\/01\\\/dimensions2-23.jpg\",\"contentUrl\":\"https:\\\/\\\/dpress.ma\\\/fr\\\/wp-content\\\/uploads\\\/sites\\\/2\\\/2023\\\/01\\\/dimensions2-23.jpg\",\"width\":2539,\"height\":1594},{\"@type\":\"BreadcrumbList\",\"@id\":\"https:\\\/\\\/dpress.ma\\\/fr\\\/2023\\\/01\\\/13\\\/arrivee-au-maroc-des-presidents-de-la-fifa-et-de-la-caf-pour-prendre-part-au-tirage-au-sort-de-la-coupe-du-monde-des-clubs\\\/#breadcrumb\",\"itemListElement\":[{\"@type\":\"ListItem\",\"position\":1,\"name\":\"Home\",\"item\":\"https:\\\/\\\/dpress.ma\\\/fr\\\/\"},{\"@type\":\"ListItem\",\"position\":2,\"name\":\"Arriv\u00e9e au Maroc des pr\u00e9sidents de la FIFA et de la CAF pour prendre part au tirage au sort de la Coupe du monde des clubs\"}]},{\"@type\":\"WebSite\",\"@id\":\"https:\\\/\\\/dpress.ma\\\/fr\\\/#website\",\"url\":\"https:\\\/\\\/dpress.ma\\\/fr\\\/\",\"name\":\"Dpress.ma\\\/fr\",\"description\":\"\",\"potentialAction\":[{\"@type\":\"SearchAction\",\"target\":{\"@type\":\"EntryPoint\",\"urlTemplate\":\"https:\\\/\\\/dpress.ma\\\/fr\\\/?s={search_term_string}\"},\"query-input\":{\"@type\":\"PropertyValueSpecification\",\"valueRequired\":true,\"valueName\":\"search_term_string\"}}],\"inLanguage\":\"fr-FR\"},{\"@type\":\"Person\",\"@id\":\"https:\\\/\\\/dpress.ma\\\/fr\\\/#\\\/schema\\\/person\\\/4898febf3ccd59e6578d838656a306a0\",\"name\":\"Dpress.ma\",\"image\":{\"@type\":\"ImageObject\",\"inLanguage\":\"fr-FR\",\"@id\":\"https:\\\/\\\/secure.gravatar.com\\\/avatar\\\/72ecc30e9db047a2e0e7176561eb9d564ed77c8108376495b19bd8336405198a?s=96&d=mm&r=g\",\"url\":\"https:\\\/\\\/secure.gravatar.com\\\/avatar\\\/72ecc30e9db047a2e0e7176561eb9d564ed77c8108376495b19bd8336405198a?s=96&d=mm&r=g\",\"contentUrl\":\"https:\\\/\\\/secure.gravatar.com\\\/avatar\\\/72ecc30e9db047a2e0e7176561eb9d564ed77c8108376495b19bd8336405198a?s=96&d=mm&r=g\",\"caption\":\"Dpress.ma\"},\"sameAs\":[\"https:\\\/\\\/www.dpress.ma\"],\"url\":\"https:\\\/\\\/dpress.ma\\\/fr\\\/author\\\/dpress-ma\\\/\"}]}<\/script>\n<!-- \/ Yoast SEO plugin. -->","yoast_head_json":{"title":"Arriv\u00e9e au Maroc des pr\u00e9sidents de la FIFA et de la CAF pour prendre part au tirage au sort de la Coupe du monde des clubs - Dpress.ma\/fr","description":"Les pr\u00e9sidents de la F\u00e9d\u00e9ration internationale de football (FIFA), Gianni Infantino, et de la Conf\u00e9d\u00e9ration africaine de football (CAF), Patrice Motsepe, sont arriv\u00e9s vendredi \u00e0 l\u2019a\u00e9roport Rabat-Sal\u00e9 pour prendre part au tirage au sort de la Coupe du monde des clubs, qui se d\u00e9roulera du 1er au 11 f\u00e9vrier au Maroc.","robots":{"index":"index","follow":"follow","max-snippet":"max-snippet:-1","max-image-preview":"max-image-preview:large","max-video-preview":"max-video-preview:-1"},"canonical":"https:\/\/dpress.ma\/fr\/2023\/01\/13\/arrivee-au-maroc-des-presidents-de-la-fifa-et-de-la-caf-pour-prendre-part-au-tirage-au-sort-de-la-coupe-du-monde-des-clubs\/","og_locale":"fr_FR","og_type":"article","og_title":"Arriv\u00e9e au Maroc des pr\u00e9sidents de la FIFA et de la CAF pour prendre part au tirage au sort de la Coupe du monde des clubs - Dpress.ma\/fr","og_description":"Les pr\u00e9sidents de la F\u00e9d\u00e9ration internationale de football (FIFA), Gianni Infantino, et de la Conf\u00e9d\u00e9ration africaine de football (CAF), Patrice Motsepe, sont arriv\u00e9s vendredi \u00e0 l\u2019a\u00e9roport Rabat-Sal\u00e9 pour prendre part au tirage au sort de la Coupe du monde des clubs, qui se d\u00e9roulera du 1er au 11 f\u00e9vrier au Maroc.","og_url":"https:\/\/dpress.ma\/fr\/2023\/01\/13\/arrivee-au-maroc-des-presidents-de-la-fifa-et-de-la-caf-pour-prendre-part-au-tirage-au-sort-de-la-coupe-du-monde-des-clubs\/","og_site_name":"Dpress.ma\/fr","article_published_time":"2023-01-13T17:29:17+00:00","article_modified_time":"2023-01-13T17:29:18+00:00","og_image":[{"width":2539,"height":1594,"url":"https:\/\/dpress.ma\/fr\/wp-content\/uploads\/sites\/2\/2023\/01\/dimensions2-23.jpg","type":"image\/jpeg"}],"author":"Dpress.ma","twitter_card":"summary_large_image","twitter_misc":{"\u00c9crit par":"Dpress.ma","Dur\u00e9e de lecture estim\u00e9e":"2 minutes"},"schema":{"@context":"https:\/\/schema.org","@graph":[{"@type":"Article","@id":"https:\/\/dpress.ma\/fr\/2023\/01\/13\/arrivee-au-maroc-des-presidents-de-la-fifa-et-de-la-caf-pour-prendre-part-au-tirage-au-sort-de-la-coupe-du-monde-des-clubs\/#article","isPartOf":{"@id":"https:\/\/dpress.ma\/fr\/2023\/01\/13\/arrivee-au-maroc-des-presidents-de-la-fifa-et-de-la-caf-pour-prendre-part-au-tirage-au-sort-de-la-coupe-du-monde-des-clubs\/"},"author":{"name":"Dpress.ma","@id":"https:\/\/dpress.ma\/fr\/#\/schema\/person\/4898febf3ccd59e6578d838656a306a0"},"headline":"Arriv\u00e9e au Maroc des pr\u00e9sidents de la FIFA et de la CAF pour prendre part au tirage au sort de la Coupe du monde des clubs","datePublished":"2023-01-13T17:29:17+00:00","dateModified":"2023-01-13T17:29:18+00:00","mainEntityOfPage":{"@id":"https:\/\/dpress.ma\/fr\/2023\/01\/13\/arrivee-au-maroc-des-presidents-de-la-fifa-et-de-la-caf-pour-prendre-part-au-tirage-au-sort-de-la-coupe-du-monde-des-clubs\/"},"wordCount":255,"commentCount":0,"image":{"@id":"https:\/\/dpress.ma\/fr\/2023\/01\/13\/arrivee-au-maroc-des-presidents-de-la-fifa-et-de-la-caf-pour-prendre-part-au-tirage-au-sort-de-la-coupe-du-monde-des-clubs\/#primaryimage"},"thumbnailUrl":"https:\/\/dpress.ma\/fr\/wp-content\/uploads\/sites\/2\/2023\/01\/dimensions2-23.jpg","articleSection":["Sport"],"inLanguage":"fr-FR","potentialAction":[{"@type":"CommentAction","name":"Comment","target":["https:\/\/dpress.ma\/fr\/2023\/01\/13\/arrivee-au-maroc-des-presidents-de-la-fifa-et-de-la-caf-pour-prendre-part-au-tirage-au-sort-de-la-coupe-du-monde-des-clubs\/#respond"]}]},{"@type":"WebPage","@id":"https:\/\/dpress.ma\/fr\/2023\/01\/13\/arrivee-au-maroc-des-presidents-de-la-fifa-et-de-la-caf-pour-prendre-part-au-tirage-au-sort-de-la-coupe-du-monde-des-clubs\/","url":"https:\/\/dpress.ma\/fr\/2023\/01\/13\/arrivee-au-maroc-des-presidents-de-la-fifa-et-de-la-caf-pour-prendre-part-au-tirage-au-sort-de-la-coupe-du-monde-des-clubs\/","name":"Arriv\u00e9e au Maroc des pr\u00e9sidents de la FIFA et de la CAF pour prendre part au tirage au sort de la Coupe du monde des clubs - Dpress.ma\/fr","isPartOf":{"@id":"https:\/\/dpress.ma\/fr\/#website"},"primaryImageOfPage":{"@id":"https:\/\/dpress.ma\/fr\/2023\/01\/13\/arrivee-au-maroc-des-presidents-de-la-fifa-et-de-la-caf-pour-prendre-part-au-tirage-au-sort-de-la-coupe-du-monde-des-clubs\/#primaryimage"},"image":{"@id":"https:\/\/dpress.ma\/fr\/2023\/01\/13\/arrivee-au-maroc-des-presidents-de-la-fifa-et-de-la-caf-pour-prendre-part-au-tirage-au-sort-de-la-coupe-du-monde-des-clubs\/#primaryimage"},"thumbnailUrl":"https:\/\/dpress.ma\/fr\/wp-content\/uploads\/sites\/2\/2023\/01\/dimensions2-23.jpg","datePublished":"2023-01-13T17:29:17+00:00","dateModified":"2023-01-13T17:29:18+00:00","author":{"@id":"https:\/\/dpress.ma\/fr\/#\/schema\/person\/4898febf3ccd59e6578d838656a306a0"},"description":"Les pr\u00e9sidents de la F\u00e9d\u00e9ration internationale de football (FIFA), Gianni Infantino, et de la Conf\u00e9d\u00e9ration africaine de football (CAF), Patrice Motsepe, sont arriv\u00e9s vendredi \u00e0 l\u2019a\u00e9roport Rabat-Sal\u00e9 pour prendre part au tirage au sort de la Coupe du monde des clubs, qui se d\u00e9roulera du 1er au 11 f\u00e9vrier au Maroc.","breadcrumb":{"@id":"https:\/\/dpress.ma\/fr\/2023\/01\/13\/arrivee-au-maroc-des-presidents-de-la-fifa-et-de-la-caf-pour-prendre-part-au-tirage-au-sort-de-la-coupe-du-monde-des-clubs\/#breadcrumb"},"inLanguage":"fr-FR","potentialAction":[{"@type":"ReadAction","target":["https:\/\/dpress.ma\/fr\/2023\/01\/13\/arrivee-au-maroc-des-presidents-de-la-fifa-et-de-la-caf-pour-prendre-part-au-tirage-au-sort-de-la-coupe-du-monde-des-clubs\/"]}]},{"@type":"ImageObject","inLanguage":"fr-FR","@id":"https:\/\/dpress.ma\/fr\/2023\/01\/13\/arrivee-au-maroc-des-presidents-de-la-fifa-et-de-la-caf-pour-prendre-part-au-tirage-au-sort-de-la-coupe-du-monde-des-clubs\/#primaryimage","url":"https:\/\/dpress.ma\/fr\/wp-content\/uploads\/sites\/2\/2023\/01\/dimensions2-23.jpg","contentUrl":"https:\/\/dpress.ma\/fr\/wp-content\/uploads\/sites\/2\/2023\/01\/dimensions2-23.jpg","width":2539,"height":1594},{"@type":"BreadcrumbList","@id":"https:\/\/dpress.ma\/fr\/2023\/01\/13\/arrivee-au-maroc-des-presidents-de-la-fifa-et-de-la-caf-pour-prendre-part-au-tirage-au-sort-de-la-coupe-du-monde-des-clubs\/#breadcrumb","itemListElement":[{"@type":"ListItem","position":1,"name":"Home","item":"https:\/\/dpress.ma\/fr\/"},{"@type":"ListItem","position":2,"name":"Arriv\u00e9e au Maroc des pr\u00e9sidents de la FIFA et de la CAF pour prendre part au tirage au sort de la Coupe du monde des clubs"}]},{"@type":"WebSite","@id":"https:\/\/dpress.ma\/fr\/#website","url":"https:\/\/dpress.ma\/fr\/","name":"Dpress.ma\/fr","description":"","potentialAction":[{"@type":"SearchAction","target":{"@type":"EntryPoint","urlTemplate":"https:\/\/dpress.ma\/fr\/?s={search_term_string}"},"query-input":{"@type":"PropertyValueSpecification","valueRequired":true,"valueName":"search_term_string"}}],"inLanguage":"fr-FR"},{"@type":"Person","@id":"https:\/\/dpress.ma\/fr\/#\/schema\/person\/4898febf3ccd59e6578d838656a306a0","name":"Dpress.ma","image":{"@type":"ImageObject","inLanguage":"fr-FR","@id":"https:\/\/secure.gravatar.com\/avatar\/72ecc30e9db047a2e0e7176561eb9d564ed77c8108376495b19bd8336405198a?s=96&d=mm&r=g","url":"https:\/\/secure.gravatar.com\/avatar\/72ecc30e9db047a2e0e7176561eb9d564ed77c8108376495b19bd8336405198a?s=96&d=mm&r=g","contentUrl":"https:\/\/secure.gravatar.com\/avatar\/72ecc30e9db047a2e0e7176561eb9d564ed77c8108376495b19bd8336405198a?s=96&d=mm&r=g","caption":"Dpress.ma"},"sameAs":["https:\/\/www.dpress.ma"],"url":"https:\/\/dpress.ma\/fr\/author\/dpress-ma\/"}]}},"amp_enabled":true,"_links":{"self":[{"href":"https:\/\/dpress.ma\/fr\/wp-json\/wp\/v2\/posts\/3238","targetHints":{"allow":["GET"]}}],"collection":[{"href":"https:\/\/dpress.ma\/fr\/wp-json\/wp\/v2\/posts"}],"about":[{"href":"https:\/\/dpress.ma\/fr\/wp-json\/wp\/v2\/types\/post"}],"author":[{"embeddable":true,"href":"https:\/\/dpress.ma\/fr\/wp-json\/wp\/v2\/users\/2"}],"replies":[{"embeddable":true,"href":"https:\/\/dpress.ma\/fr\/wp-json\/wp\/v2\/comments?post=3238"}],"version-history":[{"count":1,"href":"https:\/\/dpress.ma\/fr\/wp-json\/wp\/v2\/posts\/3238\/revisions"}],"predecessor-version":[{"id":3240,"href":"https:\/\/dpress.ma\/fr\/wp-json\/wp\/v2\/posts\/3238\/revisions\/3240"}],"wp:featuredmedia":[{"embeddable":true,"href":"https:\/\/dpress.ma\/fr\/wp-json\/wp\/v2\/media\/3239"}],"wp:attachment":[{"href":"https:\/\/dpress.ma\/fr\/wp-json\/wp\/v2\/media?parent=3238"}],"wp:term":[{"taxonomy":"category","embeddable":true,"href":"https:\/\/dpress.ma\/fr\/wp-json\/wp\/v2\/categories?post=3238"},{"taxonomy":"post_tag","embeddable":true,"href":"https:\/\/dpress.ma\/fr\/wp-json\/wp\/v2\/tags?post=3238"}],"curies":[{"name":"wp","href":"https:\/\/api.w.org\/{rel}","templated":true}]}}