{"id":3236,"date":"2023-01-13T17:31:17","date_gmt":"2023-01-13T17:31:17","guid":{"rendered":"https:\/\/dpress.ma\/fr\/?p=3236"},"modified":"2023-01-13T17:34:53","modified_gmt":"2023-01-13T17:34:53","slug":"resultats-du-3eme-appel-a-projets-relatif-au-fonds-africain-dappui-a-la-cooperation-decentralisee-internationale-des-collectivites-territoriales","status":"publish","type":"post","link":"https:\/\/dpress.ma\/fr\/2023\/01\/13\/resultats-du-3eme-appel-a-projets-relatif-au-fonds-africain-dappui-a-la-cooperation-decentralisee-internationale-des-collectivites-territoriales\/","title":{"rendered":"R\u00e9sultats du 3\u00e8me appel \u00e0 projets relatif au Fonds Africain d\u2019Appui \u00e0 la Coop\u00e9ration D\u00e9centralis\u00e9e Internationale des Collectivit\u00e9s Territoriales"},"content":{"rendered":"\n<p>Dpress<\/p>\n\n\n\n<p>Participation des Conseils provinciaux et Pr\u00e9fectoraux au 3\u00e8me appel \u00e0 projet du FACDI<br>S\u2019inscrivant dans la dynamique de sa Majest\u00e9 le Roi Mohammed VI que Dieu le Glorifie qui a fait de la coop\u00e9ration sud-sud une priorit\u00e9 et une vision strat\u00e9gique envers nos confr\u00e8res Africains et suite \u00e0 la 3\u00e8me \u00e9dition de l\u2019appel \u00e0 projet du fonds Africain d\u2019Appui \u00e0 la Coop\u00e9ration D\u00e9centralis\u00e9e Internationales des Collectivit\u00e9s territoriales lanc\u00e9 le 09 Mai 2022, l\u2019Association marocaine des Pr\u00e9sidents des Conseils des Pr\u00e9fectures et des Provinces s\u2019est engag\u00e9e via son Pr\u00e9sident Mr Abdelaziz Derouiche, son bureau Ex\u00e9cutif ainsi que toutes ses composantes \u00e0 mobiliser les Conseils provinciaux et Pr\u00e9fectoraux pour s\u2019engager dans des projets \u00e0 caract\u00e8res sociaux avec des collectivit\u00e9s territoriales africaines dont l\u2019impact sera ressenti directement par la population locale.<br>A cet effet, et en coordination avec la DGCT, des journ\u00e9es d\u2019\u00e9tude ont \u00e9t\u00e9 organis\u00e9es et un comit\u00e9 de suivi a \u00e9t\u00e9 cr\u00e9e pour accompagner les Conseils Provinciaux et Pr\u00e9fectoraux dans la prise de contact avec leurs confr\u00e8res africains, l\u2019\u00e9laboration et le d\u00e9p\u00f4t de 13 dossiers de projets soumis au FACDI dont les porteurs sont les Conseils de : Rabat , Skhirate-T\u00e9mara , Sal\u00e9, Benslimane , Nouaceur , Oued Eddahab , Sefrou ), Sidi Ifni , Tanger-Assilah .<br>Aussi, les Conseils communaux au Maroc ont particip\u00e9 \u00e0 cette \u00e9dition avec 10 projets et les Conseils R\u00e9gionaux avec 02 projets.<br>Ainsi, et apr\u00e8s une pr\u00e9s\u00e9lection du comit\u00e9 technique, le comit\u00e9 de pilotage du FACDI compos\u00e9 des repr\u00e9sentants du Minist\u00e8re de l\u2019int\u00e9rieur, du Minist\u00e8re des Affaires Etrang\u00e8res de la Coop\u00e9ration Africaine et des Marocains r\u00e9sidant \u00e0 l\u2019\u00e9tranger, de l\u2019Agence Marocaine de la Coop\u00e9ration Internationale, des trois Associations Marocaines des Pr\u00e9sidents des Collectivit\u00e9s territoriales, de la Direction de la Coop\u00e9ration Internationale et de la Coordination Nationale de l\u2019INDH, a statu\u00e9 en date du 10 Janvier 2023 sur le r\u00e9sultat de ce 3\u00e8me appel \u00e0 projet du FACDI \u00e0 l\u2019unanimit\u00e9 l\u2019octroi de l\u2019appui \u00e0 26 collectivit\u00e9s territoriales relevant de 16 Etats Africains \u00e0 savoir : le Togo (02), le Nigeria (01), la Mauritanie (03), la C\u00f4te d\u2019Ivoire (01), la Gambie (03), le Cameroun (01), le S\u00e9n\u00e9gal (02) , la Sierra Leone (03), le Niger (01), Djibouti (01), la Centrafrique (01), l\u2019Ouganda (02), le Kenya (02), la Tanzanie (1), Madagascar (01) et l\u2019Eswatini (01).<br>Par ailleurs, l\u2019objectif principal de cette coop\u00e9ration est la mutualisation des expertises entre les collectivit\u00e9s territoriales marocaines et africaines dans les domaines relatifs au renforcement des capacit\u00e9s des cadres territoriaux, \u00e0 l\u2019employabilit\u00e9, \u00e0 l\u2019autonomisation des femmes, la gouvernance \u00e9conomique, \u00e0 l\u2019am\u00e9lioration des conditions sanitaires des populations locales, \u00e0 l\u2019am\u00e9nagement urbain, la planification strat\u00e9gique,..etc.<\/p>\n","protected":false},"excerpt":{"rendered":"<p>Dpress Participation des Conseils provinciaux et Pr\u00e9fectoraux au 3\u00e8me appel \u00e0 projet du FACDIS\u2019inscrivant dans la dynamique de sa Majest\u00e9 le Roi Mohammed VI que Dieu le Glorifie qui a fait de la coop\u00e9ration sud-sud une priorit\u00e9 et une vision strat\u00e9gique envers nos confr\u00e8res Africains et suite \u00e0 la 3\u00e8me \u00e9dition de l\u2019appel \u00e0 projet &hellip;<\/p>\n","protected":false},"author":2,"featured_media":3237,"comment_status":"open","ping_status":"open","sticky":false,"template":"","format":"standard","meta":{"footnotes":""},"categories":[1],"tags":[],"class_list":["post-3236","post","type-post","status-publish","format-standard","has-post-thumbnail","hentry","category-video"],"yoast_head":"<!-- This site is optimized with the Yoast SEO plugin v27.5 - https:\/\/yoast.com\/product\/yoast-seo-wordpress\/ -->\n<title>R\u00e9sultats du 3\u00e8me appel \u00e0 projets relatif au Fonds Africain d\u2019Appui \u00e0 la Coop\u00e9ration D\u00e9centralis\u00e9e Internationale des Collectivit\u00e9s Territoriales - Dpress.ma\/fr<\/title>\n<meta name=\"robots\" content=\"index, follow, max-snippet:-1, max-image-preview:large, max-video-preview:-1\" \/>\n<link rel=\"canonical\" href=\"https:\/\/dpress.ma\/fr\/2023\/01\/13\/resultats-du-3eme-appel-a-projets-relatif-au-fonds-africain-dappui-a-la-cooperation-decentralisee-internationale-des-collectivites-territoriales\/\" \/>\n<meta property=\"og:locale\" content=\"fr_FR\" \/>\n<meta property=\"og:type\" content=\"article\" \/>\n<meta property=\"og:title\" content=\"R\u00e9sultats du 3\u00e8me appel \u00e0 projets relatif au Fonds Africain d\u2019Appui \u00e0 la Coop\u00e9ration D\u00e9centralis\u00e9e Internationale des Collectivit\u00e9s Territoriales - Dpress.ma\/fr\" \/>\n<meta property=\"og:description\" content=\"Dpress Participation des Conseils provinciaux et Pr\u00e9fectoraux au 3\u00e8me appel \u00e0 projet du FACDIS\u2019inscrivant dans la dynamique de sa Majest\u00e9 le Roi Mohammed VI que Dieu le Glorifie qui a fait de la coop\u00e9ration sud-sud une priorit\u00e9 et une vision strat\u00e9gique envers nos confr\u00e8res Africains et suite \u00e0 la 3\u00e8me \u00e9dition de l\u2019appel \u00e0 projet &hellip;\" \/>\n<meta property=\"og:url\" content=\"https:\/\/dpress.ma\/fr\/2023\/01\/13\/resultats-du-3eme-appel-a-projets-relatif-au-fonds-africain-dappui-a-la-cooperation-decentralisee-internationale-des-collectivites-territoriales\/\" \/>\n<meta property=\"og:site_name\" content=\"Dpress.ma\/fr\" \/>\n<meta property=\"article:published_time\" content=\"2023-01-13T17:31:17+00:00\" \/>\n<meta property=\"article:modified_time\" content=\"2023-01-13T17:34:53+00:00\" \/>\n<meta property=\"og:image\" content=\"https:\/\/dpress.ma\/fr\/wp-content\/uploads\/sites\/2\/2023\/01\/dimensions2-22.jpg\" \/>\n\t<meta property=\"og:image:width\" content=\"2539\" \/>\n\t<meta property=\"og:image:height\" content=\"1594\" \/>\n\t<meta property=\"og:image:type\" content=\"image\/jpeg\" \/>\n<meta name=\"author\" content=\"Dpress.ma\" \/>\n<meta name=\"twitter:card\" content=\"summary_large_image\" \/>\n<meta name=\"twitter:label1\" content=\"\u00c9crit par\" \/>\n\t<meta name=\"twitter:data1\" content=\"Dpress.ma\" \/>\n\t<meta name=\"twitter:label2\" content=\"Dur\u00e9e de lecture estim\u00e9e\" \/>\n\t<meta name=\"twitter:data2\" content=\"3 minutes\" \/>\n<script type=\"application\/ld+json\" class=\"yoast-schema-graph\">{\"@context\":\"https:\\\/\\\/schema.org\",\"@graph\":[{\"@type\":\"Article\",\"@id\":\"https:\\\/\\\/dpress.ma\\\/fr\\\/2023\\\/01\\\/13\\\/resultats-du-3eme-appel-a-projets-relatif-au-fonds-africain-dappui-a-la-cooperation-decentralisee-internationale-des-collectivites-territoriales\\\/#article\",\"isPartOf\":{\"@id\":\"https:\\\/\\\/dpress.ma\\\/fr\\\/2023\\\/01\\\/13\\\/resultats-du-3eme-appel-a-projets-relatif-au-fonds-africain-dappui-a-la-cooperation-decentralisee-internationale-des-collectivites-territoriales\\\/\"},\"author\":{\"name\":\"Dpress.ma\",\"@id\":\"https:\\\/\\\/dpress.ma\\\/fr\\\/#\\\/schema\\\/person\\\/4898febf3ccd59e6578d838656a306a0\"},\"headline\":\"R\u00e9sultats du 3\u00e8me appel \u00e0 projets relatif au Fonds Africain d\u2019Appui \u00e0 la Coop\u00e9ration D\u00e9centralis\u00e9e Internationale des Collectivit\u00e9s Territoriales\",\"datePublished\":\"2023-01-13T17:31:17+00:00\",\"dateModified\":\"2023-01-13T17:34:53+00:00\",\"mainEntityOfPage\":{\"@id\":\"https:\\\/\\\/dpress.ma\\\/fr\\\/2023\\\/01\\\/13\\\/resultats-du-3eme-appel-a-projets-relatif-au-fonds-africain-dappui-a-la-cooperation-decentralisee-internationale-des-collectivites-territoriales\\\/\"},\"wordCount\":476,\"commentCount\":0,\"image\":{\"@id\":\"https:\\\/\\\/dpress.ma\\\/fr\\\/2023\\\/01\\\/13\\\/resultats-du-3eme-appel-a-projets-relatif-au-fonds-africain-dappui-a-la-cooperation-decentralisee-internationale-des-collectivites-territoriales\\\/#primaryimage\"},\"thumbnailUrl\":\"https:\\\/\\\/dpress.ma\\\/fr\\\/wp-content\\\/uploads\\\/sites\\\/2\\\/2023\\\/01\\\/dimensions2-22.jpg\",\"articleSection\":[\"Video\"],\"inLanguage\":\"fr-FR\",\"potentialAction\":[{\"@type\":\"CommentAction\",\"name\":\"Comment\",\"target\":[\"https:\\\/\\\/dpress.ma\\\/fr\\\/2023\\\/01\\\/13\\\/resultats-du-3eme-appel-a-projets-relatif-au-fonds-africain-dappui-a-la-cooperation-decentralisee-internationale-des-collectivites-territoriales\\\/#respond\"]}]},{\"@type\":\"WebPage\",\"@id\":\"https:\\\/\\\/dpress.ma\\\/fr\\\/2023\\\/01\\\/13\\\/resultats-du-3eme-appel-a-projets-relatif-au-fonds-africain-dappui-a-la-cooperation-decentralisee-internationale-des-collectivites-territoriales\\\/\",\"url\":\"https:\\\/\\\/dpress.ma\\\/fr\\\/2023\\\/01\\\/13\\\/resultats-du-3eme-appel-a-projets-relatif-au-fonds-africain-dappui-a-la-cooperation-decentralisee-internationale-des-collectivites-territoriales\\\/\",\"name\":\"R\u00e9sultats du 3\u00e8me appel \u00e0 projets relatif au Fonds Africain d\u2019Appui \u00e0 la Coop\u00e9ration D\u00e9centralis\u00e9e Internationale des Collectivit\u00e9s Territoriales - Dpress.ma\\\/fr\",\"isPartOf\":{\"@id\":\"https:\\\/\\\/dpress.ma\\\/fr\\\/#website\"},\"primaryImageOfPage\":{\"@id\":\"https:\\\/\\\/dpress.ma\\\/fr\\\/2023\\\/01\\\/13\\\/resultats-du-3eme-appel-a-projets-relatif-au-fonds-africain-dappui-a-la-cooperation-decentralisee-internationale-des-collectivites-territoriales\\\/#primaryimage\"},\"image\":{\"@id\":\"https:\\\/\\\/dpress.ma\\\/fr\\\/2023\\\/01\\\/13\\\/resultats-du-3eme-appel-a-projets-relatif-au-fonds-africain-dappui-a-la-cooperation-decentralisee-internationale-des-collectivites-territoriales\\\/#primaryimage\"},\"thumbnailUrl\":\"https:\\\/\\\/dpress.ma\\\/fr\\\/wp-content\\\/uploads\\\/sites\\\/2\\\/2023\\\/01\\\/dimensions2-22.jpg\",\"datePublished\":\"2023-01-13T17:31:17+00:00\",\"dateModified\":\"2023-01-13T17:34:53+00:00\",\"author\":{\"@id\":\"https:\\\/\\\/dpress.ma\\\/fr\\\/#\\\/schema\\\/person\\\/4898febf3ccd59e6578d838656a306a0\"},\"breadcrumb\":{\"@id\":\"https:\\\/\\\/dpress.ma\\\/fr\\\/2023\\\/01\\\/13\\\/resultats-du-3eme-appel-a-projets-relatif-au-fonds-africain-dappui-a-la-cooperation-decentralisee-internationale-des-collectivites-territoriales\\\/#breadcrumb\"},\"inLanguage\":\"fr-FR\",\"potentialAction\":[{\"@type\":\"ReadAction\",\"target\":[\"https:\\\/\\\/dpress.ma\\\/fr\\\/2023\\\/01\\\/13\\\/resultats-du-3eme-appel-a-projets-relatif-au-fonds-africain-dappui-a-la-cooperation-decentralisee-internationale-des-collectivites-territoriales\\\/\"]}]},{\"@type\":\"ImageObject\",\"inLanguage\":\"fr-FR\",\"@id\":\"https:\\\/\\\/dpress.ma\\\/fr\\\/2023\\\/01\\\/13\\\/resultats-du-3eme-appel-a-projets-relatif-au-fonds-africain-dappui-a-la-cooperation-decentralisee-internationale-des-collectivites-territoriales\\\/#primaryimage\",\"url\":\"https:\\\/\\\/dpress.ma\\\/fr\\\/wp-content\\\/uploads\\\/sites\\\/2\\\/2023\\\/01\\\/dimensions2-22.jpg\",\"contentUrl\":\"https:\\\/\\\/dpress.ma\\\/fr\\\/wp-content\\\/uploads\\\/sites\\\/2\\\/2023\\\/01\\\/dimensions2-22.jpg\",\"width\":2539,\"height\":1594},{\"@type\":\"BreadcrumbList\",\"@id\":\"https:\\\/\\\/dpress.ma\\\/fr\\\/2023\\\/01\\\/13\\\/resultats-du-3eme-appel-a-projets-relatif-au-fonds-africain-dappui-a-la-cooperation-decentralisee-internationale-des-collectivites-territoriales\\\/#breadcrumb\",\"itemListElement\":[{\"@type\":\"ListItem\",\"position\":1,\"name\":\"Home\",\"item\":\"https:\\\/\\\/dpress.ma\\\/fr\\\/\"},{\"@type\":\"ListItem\",\"position\":2,\"name\":\"R\u00e9sultats du 3\u00e8me appel \u00e0 projets relatif au Fonds Africain d\u2019Appui \u00e0 la Coop\u00e9ration D\u00e9centralis\u00e9e Internationale des Collectivit\u00e9s Territoriales\"}]},{\"@type\":\"WebSite\",\"@id\":\"https:\\\/\\\/dpress.ma\\\/fr\\\/#website\",\"url\":\"https:\\\/\\\/dpress.ma\\\/fr\\\/\",\"name\":\"Dpress.ma\\\/fr\",\"description\":\"\",\"potentialAction\":[{\"@type\":\"SearchAction\",\"target\":{\"@type\":\"EntryPoint\",\"urlTemplate\":\"https:\\\/\\\/dpress.ma\\\/fr\\\/?s={search_term_string}\"},\"query-input\":{\"@type\":\"PropertyValueSpecification\",\"valueRequired\":true,\"valueName\":\"search_term_string\"}}],\"inLanguage\":\"fr-FR\"},{\"@type\":\"Person\",\"@id\":\"https:\\\/\\\/dpress.ma\\\/fr\\\/#\\\/schema\\\/person\\\/4898febf3ccd59e6578d838656a306a0\",\"name\":\"Dpress.ma\",\"image\":{\"@type\":\"ImageObject\",\"inLanguage\":\"fr-FR\",\"@id\":\"https:\\\/\\\/secure.gravatar.com\\\/avatar\\\/72ecc30e9db047a2e0e7176561eb9d564ed77c8108376495b19bd8336405198a?s=96&d=mm&r=g\",\"url\":\"https:\\\/\\\/secure.gravatar.com\\\/avatar\\\/72ecc30e9db047a2e0e7176561eb9d564ed77c8108376495b19bd8336405198a?s=96&d=mm&r=g\",\"contentUrl\":\"https:\\\/\\\/secure.gravatar.com\\\/avatar\\\/72ecc30e9db047a2e0e7176561eb9d564ed77c8108376495b19bd8336405198a?s=96&d=mm&r=g\",\"caption\":\"Dpress.ma\"},\"sameAs\":[\"https:\\\/\\\/www.dpress.ma\"],\"url\":\"https:\\\/\\\/dpress.ma\\\/fr\\\/author\\\/dpress-ma\\\/\"}]}<\/script>\n<!-- \/ Yoast SEO plugin. -->","yoast_head_json":{"title":"R\u00e9sultats du 3\u00e8me appel \u00e0 projets relatif au Fonds Africain d\u2019Appui \u00e0 la Coop\u00e9ration D\u00e9centralis\u00e9e Internationale des Collectivit\u00e9s Territoriales - Dpress.ma\/fr","robots":{"index":"index","follow":"follow","max-snippet":"max-snippet:-1","max-image-preview":"max-image-preview:large","max-video-preview":"max-video-preview:-1"},"canonical":"https:\/\/dpress.ma\/fr\/2023\/01\/13\/resultats-du-3eme-appel-a-projets-relatif-au-fonds-africain-dappui-a-la-cooperation-decentralisee-internationale-des-collectivites-territoriales\/","og_locale":"fr_FR","og_type":"article","og_title":"R\u00e9sultats du 3\u00e8me appel \u00e0 projets relatif au Fonds Africain d\u2019Appui \u00e0 la Coop\u00e9ration D\u00e9centralis\u00e9e Internationale des Collectivit\u00e9s Territoriales - Dpress.ma\/fr","og_description":"Dpress Participation des Conseils provinciaux et Pr\u00e9fectoraux au 3\u00e8me appel \u00e0 projet du FACDIS\u2019inscrivant dans la dynamique de sa Majest\u00e9 le Roi Mohammed VI que Dieu le Glorifie qui a fait de la coop\u00e9ration sud-sud une priorit\u00e9 et une vision strat\u00e9gique envers nos confr\u00e8res Africains et suite \u00e0 la 3\u00e8me \u00e9dition de l\u2019appel \u00e0 projet &hellip;","og_url":"https:\/\/dpress.ma\/fr\/2023\/01\/13\/resultats-du-3eme-appel-a-projets-relatif-au-fonds-africain-dappui-a-la-cooperation-decentralisee-internationale-des-collectivites-territoriales\/","og_site_name":"Dpress.ma\/fr","article_published_time":"2023-01-13T17:31:17+00:00","article_modified_time":"2023-01-13T17:34:53+00:00","og_image":[{"width":2539,"height":1594,"url":"https:\/\/dpress.ma\/fr\/wp-content\/uploads\/sites\/2\/2023\/01\/dimensions2-22.jpg","type":"image\/jpeg"}],"author":"Dpress.ma","twitter_card":"summary_large_image","twitter_misc":{"\u00c9crit par":"Dpress.ma","Dur\u00e9e de lecture estim\u00e9e":"3 minutes"},"schema":{"@context":"https:\/\/schema.org","@graph":[{"@type":"Article","@id":"https:\/\/dpress.ma\/fr\/2023\/01\/13\/resultats-du-3eme-appel-a-projets-relatif-au-fonds-africain-dappui-a-la-cooperation-decentralisee-internationale-des-collectivites-territoriales\/#article","isPartOf":{"@id":"https:\/\/dpress.ma\/fr\/2023\/01\/13\/resultats-du-3eme-appel-a-projets-relatif-au-fonds-africain-dappui-a-la-cooperation-decentralisee-internationale-des-collectivites-territoriales\/"},"author":{"name":"Dpress.ma","@id":"https:\/\/dpress.ma\/fr\/#\/schema\/person\/4898febf3ccd59e6578d838656a306a0"},"headline":"R\u00e9sultats du 3\u00e8me appel \u00e0 projets relatif au Fonds Africain d\u2019Appui \u00e0 la Coop\u00e9ration D\u00e9centralis\u00e9e Internationale des Collectivit\u00e9s Territoriales","datePublished":"2023-01-13T17:31:17+00:00","dateModified":"2023-01-13T17:34:53+00:00","mainEntityOfPage":{"@id":"https:\/\/dpress.ma\/fr\/2023\/01\/13\/resultats-du-3eme-appel-a-projets-relatif-au-fonds-africain-dappui-a-la-cooperation-decentralisee-internationale-des-collectivites-territoriales\/"},"wordCount":476,"commentCount":0,"image":{"@id":"https:\/\/dpress.ma\/fr\/2023\/01\/13\/resultats-du-3eme-appel-a-projets-relatif-au-fonds-africain-dappui-a-la-cooperation-decentralisee-internationale-des-collectivites-territoriales\/#primaryimage"},"thumbnailUrl":"https:\/\/dpress.ma\/fr\/wp-content\/uploads\/sites\/2\/2023\/01\/dimensions2-22.jpg","articleSection":["Video"],"inLanguage":"fr-FR","potentialAction":[{"@type":"CommentAction","name":"Comment","target":["https:\/\/dpress.ma\/fr\/2023\/01\/13\/resultats-du-3eme-appel-a-projets-relatif-au-fonds-africain-dappui-a-la-cooperation-decentralisee-internationale-des-collectivites-territoriales\/#respond"]}]},{"@type":"WebPage","@id":"https:\/\/dpress.ma\/fr\/2023\/01\/13\/resultats-du-3eme-appel-a-projets-relatif-au-fonds-africain-dappui-a-la-cooperation-decentralisee-internationale-des-collectivites-territoriales\/","url":"https:\/\/dpress.ma\/fr\/2023\/01\/13\/resultats-du-3eme-appel-a-projets-relatif-au-fonds-africain-dappui-a-la-cooperation-decentralisee-internationale-des-collectivites-territoriales\/","name":"R\u00e9sultats du 3\u00e8me appel \u00e0 projets relatif au Fonds Africain d\u2019Appui \u00e0 la Coop\u00e9ration D\u00e9centralis\u00e9e Internationale des Collectivit\u00e9s Territoriales - Dpress.ma\/fr","isPartOf":{"@id":"https:\/\/dpress.ma\/fr\/#website"},"primaryImageOfPage":{"@id":"https:\/\/dpress.ma\/fr\/2023\/01\/13\/resultats-du-3eme-appel-a-projets-relatif-au-fonds-africain-dappui-a-la-cooperation-decentralisee-internationale-des-collectivites-territoriales\/#primaryimage"},"image":{"@id":"https:\/\/dpress.ma\/fr\/2023\/01\/13\/resultats-du-3eme-appel-a-projets-relatif-au-fonds-africain-dappui-a-la-cooperation-decentralisee-internationale-des-collectivites-territoriales\/#primaryimage"},"thumbnailUrl":"https:\/\/dpress.ma\/fr\/wp-content\/uploads\/sites\/2\/2023\/01\/dimensions2-22.jpg","datePublished":"2023-01-13T17:31:17+00:00","dateModified":"2023-01-13T17:34:53+00:00","author":{"@id":"https:\/\/dpress.ma\/fr\/#\/schema\/person\/4898febf3ccd59e6578d838656a306a0"},"breadcrumb":{"@id":"https:\/\/dpress.ma\/fr\/2023\/01\/13\/resultats-du-3eme-appel-a-projets-relatif-au-fonds-africain-dappui-a-la-cooperation-decentralisee-internationale-des-collectivites-territoriales\/#breadcrumb"},"inLanguage":"fr-FR","potentialAction":[{"@type":"ReadAction","target":["https:\/\/dpress.ma\/fr\/2023\/01\/13\/resultats-du-3eme-appel-a-projets-relatif-au-fonds-africain-dappui-a-la-cooperation-decentralisee-internationale-des-collectivites-territoriales\/"]}]},{"@type":"ImageObject","inLanguage":"fr-FR","@id":"https:\/\/dpress.ma\/fr\/2023\/01\/13\/resultats-du-3eme-appel-a-projets-relatif-au-fonds-africain-dappui-a-la-cooperation-decentralisee-internationale-des-collectivites-territoriales\/#primaryimage","url":"https:\/\/dpress.ma\/fr\/wp-content\/uploads\/sites\/2\/2023\/01\/dimensions2-22.jpg","contentUrl":"https:\/\/dpress.ma\/fr\/wp-content\/uploads\/sites\/2\/2023\/01\/dimensions2-22.jpg","width":2539,"height":1594},{"@type":"BreadcrumbList","@id":"https:\/\/dpress.ma\/fr\/2023\/01\/13\/resultats-du-3eme-appel-a-projets-relatif-au-fonds-africain-dappui-a-la-cooperation-decentralisee-internationale-des-collectivites-territoriales\/#breadcrumb","itemListElement":[{"@type":"ListItem","position":1,"name":"Home","item":"https:\/\/dpress.ma\/fr\/"},{"@type":"ListItem","position":2,"name":"R\u00e9sultats du 3\u00e8me appel \u00e0 projets relatif au Fonds Africain d\u2019Appui \u00e0 la Coop\u00e9ration D\u00e9centralis\u00e9e Internationale des Collectivit\u00e9s Territoriales"}]},{"@type":"WebSite","@id":"https:\/\/dpress.ma\/fr\/#website","url":"https:\/\/dpress.ma\/fr\/","name":"Dpress.ma\/fr","description":"","potentialAction":[{"@type":"SearchAction","target":{"@type":"EntryPoint","urlTemplate":"https:\/\/dpress.ma\/fr\/?s={search_term_string}"},"query-input":{"@type":"PropertyValueSpecification","valueRequired":true,"valueName":"search_term_string"}}],"inLanguage":"fr-FR"},{"@type":"Person","@id":"https:\/\/dpress.ma\/fr\/#\/schema\/person\/4898febf3ccd59e6578d838656a306a0","name":"Dpress.ma","image":{"@type":"ImageObject","inLanguage":"fr-FR","@id":"https:\/\/secure.gravatar.com\/avatar\/72ecc30e9db047a2e0e7176561eb9d564ed77c8108376495b19bd8336405198a?s=96&d=mm&r=g","url":"https:\/\/secure.gravatar.com\/avatar\/72ecc30e9db047a2e0e7176561eb9d564ed77c8108376495b19bd8336405198a?s=96&d=mm&r=g","contentUrl":"https:\/\/secure.gravatar.com\/avatar\/72ecc30e9db047a2e0e7176561eb9d564ed77c8108376495b19bd8336405198a?s=96&d=mm&r=g","caption":"Dpress.ma"},"sameAs":["https:\/\/www.dpress.ma"],"url":"https:\/\/dpress.ma\/fr\/author\/dpress-ma\/"}]}},"amp_enabled":true,"_links":{"self":[{"href":"https:\/\/dpress.ma\/fr\/wp-json\/wp\/v2\/posts\/3236","targetHints":{"allow":["GET"]}}],"collection":[{"href":"https:\/\/dpress.ma\/fr\/wp-json\/wp\/v2\/posts"}],"about":[{"href":"https:\/\/dpress.ma\/fr\/wp-json\/wp\/v2\/types\/post"}],"author":[{"embeddable":true,"href":"https:\/\/dpress.ma\/fr\/wp-json\/wp\/v2\/users\/2"}],"replies":[{"embeddable":true,"href":"https:\/\/dpress.ma\/fr\/wp-json\/wp\/v2\/comments?post=3236"}],"version-history":[{"count":1,"href":"https:\/\/dpress.ma\/fr\/wp-json\/wp\/v2\/posts\/3236\/revisions"}],"predecessor-version":[{"id":3242,"href":"https:\/\/dpress.ma\/fr\/wp-json\/wp\/v2\/posts\/3236\/revisions\/3242"}],"wp:featuredmedia":[{"embeddable":true,"href":"https:\/\/dpress.ma\/fr\/wp-json\/wp\/v2\/media\/3237"}],"wp:attachment":[{"href":"https:\/\/dpress.ma\/fr\/wp-json\/wp\/v2\/media?parent=3236"}],"wp:term":[{"taxonomy":"category","embeddable":true,"href":"https:\/\/dpress.ma\/fr\/wp-json\/wp\/v2\/categories?post=3236"},{"taxonomy":"post_tag","embeddable":true,"href":"https:\/\/dpress.ma\/fr\/wp-json\/wp\/v2\/tags?post=3236"}],"curies":[{"name":"wp","href":"https:\/\/api.w.org\/{rel}","templated":true}]}}