{"id":3232,"date":"2023-01-12T16:40:43","date_gmt":"2023-01-12T16:40:43","guid":{"rendered":"https:\/\/dpress.ma\/fr\/?p=3232"},"modified":"2023-01-12T16:40:45","modified_gmt":"2023-01-12T16:40:45","slug":"sar-la-princesse-lalla-meryem-preside-les-conseils-dadministration-des-oeuvres-sociales-des-far-et-de-la-fondation-hassan-ii-pour-les-osamac","status":"publish","type":"post","link":"https:\/\/dpress.ma\/fr\/2023\/01\/12\/sar-la-princesse-lalla-meryem-preside-les-conseils-dadministration-des-oeuvres-sociales-des-far-et-de-la-fondation-hassan-ii-pour-les-osamac\/","title":{"rendered":"SAR la Princesse Lalla Meryem pr\u00e9side les Conseils d\u2019administration des Oeuvres sociales des FAR et de la Fondation Hassan II pour les OSAMAC"},"content":{"rendered":"\n<p>Dpress<\/p>\n\n\n\n<p>Conform\u00e9ment aux Tr\u00e8s Hautes Instructions de Sa Majest\u00e9 le Roi, Chef Supr\u00eame et Chef d\u2019Etat-Major G\u00e9n\u00e9ral des Forces Arm\u00e9es Royales, Son Altesse Royale la Princesse Lalla Meryem, Pr\u00e9sidente des Oeuvres Sociales des Forces Arm\u00e9es Royales (FAR) et de la Fondation HASSAN II pour les Oeuvres Sociales des Anciens Militaires et Anciens Combattants (OSAMAC), a pr\u00e9sid\u00e9, le jeudi 12 janvier 2023, \u00e0 l\u2019Etat-Major G\u00e9n\u00e9ral des FAR, les Conseils d\u2019Administration des Oeuvres Sociales des FAR et de la Fondation Hassan II pour les OSAMAC.<\/p>\n\n\n\n<p>A son arriv\u00e9e \u00e0 l\u2019Etat-Major, Son Altesse Royale a \u00e9t\u00e9 accueillie par le G\u00e9n\u00e9ral de Corps d\u2019Arm\u00e9e Belkhir EL FAROUK, Inspecteur G\u00e9n\u00e9ral des FAR et Commandant la Zone Sud, avant de passer en revue un d\u00e9tachement du Bataillon du Quartier G\u00e9n\u00e9ral des FAR. Son Altesse Royale a, par la suite, \u00e9t\u00e9 salu\u00e9e par les membres des Conseils d\u2019Administration des Oeuvres Sociales des FAR et de la Fondation Hassan II pour les OSAMAC, indique un communiqu\u00e9 de l\u2019Etat-Major G\u00e9n\u00e9ral des FAR.<\/p>\n\n\n\n<p>Ont pris part \u00e0 ces Conseils, le Ministre D\u00e9l\u00e9gu\u00e9 aupr\u00e8s du Chef du Gouvernement, Charg\u00e9 de l\u2019Administration de la D\u00e9fense Nationale, le G\u00e9n\u00e9ral de Corps d\u2019Arm\u00e9e, Inspecteur G\u00e9n\u00e9ral des FAR et Commandant la Zone Sud, le G\u00e9n\u00e9ral de Corps d\u2019Arm\u00e9e, Commandant la Gendarmerie Royale, les G\u00e9n\u00e9raux de Division, Chefs des 3\u00e8me et 5\u00e8me Bureaux de l\u2019EMG des FAR et Inspecteur des Forces Royales Air, le Vice-Amiral, Inspecteur de la Marine Royale, les G\u00e9n\u00e9raux de Brigade, Inspecteur du Service de Sant\u00e9 et Inspecteur du G\u00e9nie, l\u2019Intendant G\u00e9n\u00e9ral, Directeur Interarmes de l\u2019Intendance et les Colonels Majors, Chef de la Direction G\u00e9n\u00e9rale des Services Sociaux, Chef de la Direction de la Fondation Hassan II pour les OSAMAC, Chef de la Direction de la Mutuelle des FAR et Directeur G\u00e9n\u00e9ral de l\u2019Agence de Logement et d\u2019Equipement Militaire.<\/p>\n\n\n\n<p>A l\u2019entame de cette r\u00e9union, le G\u00e9n\u00e9ral de Corps d\u2019Arm\u00e9e, Pr\u00e9sident D\u00e9l\u00e9gu\u00e9 des Conseils d\u2019Administration des Oeuvres Sociales des FAR et de la Fondation Hassan II pour les OSAMAC, a, dans son mot d\u2019ouverture, rappel\u00e9 les efforts d\u00e9ploy\u00e9s, sous la pr\u00e9sidence effective de SAR la Princesse Lalla Meryem, en vue de satisfaire les besoins des militaires et d\u2019instaurer une ambiance favorable au d\u00e9veloppement des sentiments de solidarit\u00e9 au sein de la communaut\u00e9 militaire, pr\u00e9cise la m\u00eame source.<\/p>\n\n\n\n<p>Par la suite, les deux Conseils ont examin\u00e9 les rapports moraux et financiers ainsi que les programmes d\u2019emploi budg\u00e9taire des ann\u00e9es 2023-2025, avant d\u2019approuver les plans d\u2019action triennaux ainsi que les projets des budgets n\u00e9cessaires \u00e0 leur ex\u00e9cution.<\/p>\n\n\n\n<p>La reprise de mani\u00e8re exceptionnelle des travaux des deux Conseils d\u2019Administration en m\u00eame temps, apr\u00e8s une tr\u00eave due \u00e0 la situation sanitaire au Royaume, sous la pr\u00e9sidence effective de SAR la Princesse Lalla Meryem, illustre la Haute Sollicitude dont Sa Majest\u00e9 le Roi, que Dieu L\u2019assiste, entoure les membres des FAR et les ressortissants de la Fondation Hassan II pour les OSAMAC.<\/p>\n\n\n\n<p>La Direction G\u00e9n\u00e9rale des Services Sociaux et la Direction de la Fondation Hassan II pour les OSAMAC sont deux Organes principaux de l\u2019EMG des FAR en charge de la gestion du volet social des militaires des FAR et du personnel relevant de l\u2019Administration de la D\u00e9fense Nationale.&nbsp;Aujourd\u2019hui, les deux Directions assurent un panier de prestations sociales adapt\u00e9es \u00e0 une population globale estim\u00e9e \u00e0 environ un million cinq cent mille personnes, poursuit le communiqu\u00e9.<\/p>\n\n\n\n<p>Conform\u00e9ment \u00e0 la volont\u00e9 de Sa Majest\u00e9 le Roi, Chef Supr\u00eame et Chef d\u2019Etat-Major G\u00e9n\u00e9ral des Forces Arm\u00e9es Royales et sous la pr\u00e9sidence effective de SAR la Princesse Lalla Meryem, les Oeuvres Sociales des FAR et la Fondation Hassan II pour les OSAMAC s\u2019attellent \u00e0 concr\u00e9tiser des projets sociaux innovants \u00e0 m\u00eame d\u2019apporter le soutien appropri\u00e9 \u00e0 leurs ressortissants \u00e0 travers une action multidimensionnelle et des prestations de qualit\u00e9.<\/p>\n","protected":false},"excerpt":{"rendered":"<p>Dpress Conform\u00e9ment aux Tr\u00e8s Hautes Instructions de Sa Majest\u00e9 le Roi, Chef Supr\u00eame et Chef d\u2019Etat-Major G\u00e9n\u00e9ral des Forces Arm\u00e9es Royales, Son Altesse Royale la Princesse Lalla Meryem, Pr\u00e9sidente des Oeuvres Sociales des Forces Arm\u00e9es Royales (FAR) et de la Fondation HASSAN II pour les Oeuvres Sociales des Anciens Militaires et Anciens Combattants (OSAMAC), a &hellip;<\/p>\n","protected":false},"author":2,"featured_media":3233,"comment_status":"open","ping_status":"open","sticky":false,"template":"","format":"standard","meta":{"footnotes":""},"categories":[29],"tags":[],"class_list":["post-3232","post","type-post","status-publish","format-standard","has-post-thumbnail","hentry","category-activites-royales"],"yoast_head":"<!-- This site is optimized with the Yoast SEO plugin v27.5 - https:\/\/yoast.com\/product\/yoast-seo-wordpress\/ -->\n<title>SAR la Princesse Lalla Meryem pr\u00e9side les Conseils d\u2019administration des Oeuvres sociales des FAR et de la Fondation Hassan II pour les OSAMAC - Dpress.ma\/fr<\/title>\n<meta name=\"description\" content=\"Conform\u00e9ment aux Tr\u00e8s Hautes Instructions de Sa Majest\u00e9 le Roi, Chef Supr\u00eame et Chef d\u2019Etat-Major G\u00e9n\u00e9ral des Forces Arm\u00e9es Royales, Son Altesse Royale la Princesse Lalla Meryem, Pr\u00e9sidente des Oeuvres Sociales des Forces Arm\u00e9es Royales (FAR) et de la Fondation HASSAN II pour les Oeuvres Sociales des Anciens Militaires et Anciens Combattants (OSAMAC), a pr\u00e9sid\u00e9, le jeudi 12 janvier 2023, \u00e0 l\u2019Etat-Major G\u00e9n\u00e9ral des FAR, les Conseils d\u2019Administration des Oeuvres Sociales des FAR et de la Fondation Hassan II pour les OSAMAC.\" \/>\n<meta name=\"robots\" content=\"index, follow, max-snippet:-1, max-image-preview:large, max-video-preview:-1\" \/>\n<link rel=\"canonical\" href=\"https:\/\/dpress.ma\/fr\/2023\/01\/12\/sar-la-princesse-lalla-meryem-preside-les-conseils-dadministration-des-oeuvres-sociales-des-far-et-de-la-fondation-hassan-ii-pour-les-osamac\/\" \/>\n<meta property=\"og:locale\" content=\"fr_FR\" \/>\n<meta property=\"og:type\" content=\"article\" \/>\n<meta property=\"og:title\" content=\"SAR la Princesse Lalla Meryem pr\u00e9side les Conseils d\u2019administration des Oeuvres sociales des FAR et de la Fondation Hassan II pour les OSAMAC - Dpress.ma\/fr\" \/>\n<meta property=\"og:description\" content=\"Conform\u00e9ment aux Tr\u00e8s Hautes Instructions de Sa Majest\u00e9 le Roi, Chef Supr\u00eame et Chef d\u2019Etat-Major G\u00e9n\u00e9ral des Forces Arm\u00e9es Royales, Son Altesse Royale la Princesse Lalla Meryem, Pr\u00e9sidente des Oeuvres Sociales des Forces Arm\u00e9es Royales (FAR) et de la Fondation HASSAN II pour les Oeuvres Sociales des Anciens Militaires et Anciens Combattants (OSAMAC), a pr\u00e9sid\u00e9, le jeudi 12 janvier 2023, \u00e0 l\u2019Etat-Major G\u00e9n\u00e9ral des FAR, les Conseils d\u2019Administration des Oeuvres Sociales des FAR et de la Fondation Hassan II pour les OSAMAC.\" \/>\n<meta property=\"og:url\" content=\"https:\/\/dpress.ma\/fr\/2023\/01\/12\/sar-la-princesse-lalla-meryem-preside-les-conseils-dadministration-des-oeuvres-sociales-des-far-et-de-la-fondation-hassan-ii-pour-les-osamac\/\" \/>\n<meta property=\"og:site_name\" content=\"Dpress.ma\/fr\" \/>\n<meta property=\"article:published_time\" content=\"2023-01-12T16:40:43+00:00\" \/>\n<meta property=\"article:modified_time\" content=\"2023-01-12T16:40:45+00:00\" \/>\n<meta property=\"og:image\" content=\"https:\/\/dpress.ma\/fr\/wp-content\/uploads\/sites\/2\/2023\/01\/dimensions2-21.jpg\" \/>\n\t<meta property=\"og:image:width\" content=\"2539\" \/>\n\t<meta property=\"og:image:height\" content=\"1594\" \/>\n\t<meta property=\"og:image:type\" content=\"image\/jpeg\" \/>\n<meta name=\"author\" content=\"Dpress.ma\" \/>\n<meta name=\"twitter:card\" content=\"summary_large_image\" \/>\n<meta name=\"twitter:label1\" content=\"\u00c9crit par\" \/>\n\t<meta name=\"twitter:data1\" content=\"Dpress.ma\" \/>\n\t<meta name=\"twitter:label2\" content=\"Dur\u00e9e de lecture estim\u00e9e\" \/>\n\t<meta name=\"twitter:data2\" content=\"4 minutes\" \/>\n<script type=\"application\/ld+json\" class=\"yoast-schema-graph\">{\"@context\":\"https:\\\/\\\/schema.org\",\"@graph\":[{\"@type\":\"Article\",\"@id\":\"https:\\\/\\\/dpress.ma\\\/fr\\\/2023\\\/01\\\/12\\\/sar-la-princesse-lalla-meryem-preside-les-conseils-dadministration-des-oeuvres-sociales-des-far-et-de-la-fondation-hassan-ii-pour-les-osamac\\\/#article\",\"isPartOf\":{\"@id\":\"https:\\\/\\\/dpress.ma\\\/fr\\\/2023\\\/01\\\/12\\\/sar-la-princesse-lalla-meryem-preside-les-conseils-dadministration-des-oeuvres-sociales-des-far-et-de-la-fondation-hassan-ii-pour-les-osamac\\\/\"},\"author\":{\"name\":\"Dpress.ma\",\"@id\":\"https:\\\/\\\/dpress.ma\\\/fr\\\/#\\\/schema\\\/person\\\/4898febf3ccd59e6578d838656a306a0\"},\"headline\":\"SAR la Princesse Lalla Meryem pr\u00e9side les Conseils d\u2019administration des Oeuvres sociales des FAR et de la Fondation Hassan II pour les OSAMAC\",\"datePublished\":\"2023-01-12T16:40:43+00:00\",\"dateModified\":\"2023-01-12T16:40:45+00:00\",\"mainEntityOfPage\":{\"@id\":\"https:\\\/\\\/dpress.ma\\\/fr\\\/2023\\\/01\\\/12\\\/sar-la-princesse-lalla-meryem-preside-les-conseils-dadministration-des-oeuvres-sociales-des-far-et-de-la-fondation-hassan-ii-pour-les-osamac\\\/\"},\"wordCount\":740,\"commentCount\":0,\"image\":{\"@id\":\"https:\\\/\\\/dpress.ma\\\/fr\\\/2023\\\/01\\\/12\\\/sar-la-princesse-lalla-meryem-preside-les-conseils-dadministration-des-oeuvres-sociales-des-far-et-de-la-fondation-hassan-ii-pour-les-osamac\\\/#primaryimage\"},\"thumbnailUrl\":\"https:\\\/\\\/dpress.ma\\\/fr\\\/wp-content\\\/uploads\\\/sites\\\/2\\\/2023\\\/01\\\/dimensions2-21.jpg\",\"articleSection\":[\"Activit\u00e9s Royales\"],\"inLanguage\":\"fr-FR\",\"potentialAction\":[{\"@type\":\"CommentAction\",\"name\":\"Comment\",\"target\":[\"https:\\\/\\\/dpress.ma\\\/fr\\\/2023\\\/01\\\/12\\\/sar-la-princesse-lalla-meryem-preside-les-conseils-dadministration-des-oeuvres-sociales-des-far-et-de-la-fondation-hassan-ii-pour-les-osamac\\\/#respond\"]}]},{\"@type\":\"WebPage\",\"@id\":\"https:\\\/\\\/dpress.ma\\\/fr\\\/2023\\\/01\\\/12\\\/sar-la-princesse-lalla-meryem-preside-les-conseils-dadministration-des-oeuvres-sociales-des-far-et-de-la-fondation-hassan-ii-pour-les-osamac\\\/\",\"url\":\"https:\\\/\\\/dpress.ma\\\/fr\\\/2023\\\/01\\\/12\\\/sar-la-princesse-lalla-meryem-preside-les-conseils-dadministration-des-oeuvres-sociales-des-far-et-de-la-fondation-hassan-ii-pour-les-osamac\\\/\",\"name\":\"SAR la Princesse Lalla Meryem pr\u00e9side les Conseils d\u2019administration des Oeuvres sociales des FAR et de la Fondation Hassan II pour les OSAMAC - Dpress.ma\\\/fr\",\"isPartOf\":{\"@id\":\"https:\\\/\\\/dpress.ma\\\/fr\\\/#website\"},\"primaryImageOfPage\":{\"@id\":\"https:\\\/\\\/dpress.ma\\\/fr\\\/2023\\\/01\\\/12\\\/sar-la-princesse-lalla-meryem-preside-les-conseils-dadministration-des-oeuvres-sociales-des-far-et-de-la-fondation-hassan-ii-pour-les-osamac\\\/#primaryimage\"},\"image\":{\"@id\":\"https:\\\/\\\/dpress.ma\\\/fr\\\/2023\\\/01\\\/12\\\/sar-la-princesse-lalla-meryem-preside-les-conseils-dadministration-des-oeuvres-sociales-des-far-et-de-la-fondation-hassan-ii-pour-les-osamac\\\/#primaryimage\"},\"thumbnailUrl\":\"https:\\\/\\\/dpress.ma\\\/fr\\\/wp-content\\\/uploads\\\/sites\\\/2\\\/2023\\\/01\\\/dimensions2-21.jpg\",\"datePublished\":\"2023-01-12T16:40:43+00:00\",\"dateModified\":\"2023-01-12T16:40:45+00:00\",\"author\":{\"@id\":\"https:\\\/\\\/dpress.ma\\\/fr\\\/#\\\/schema\\\/person\\\/4898febf3ccd59e6578d838656a306a0\"},\"description\":\"Conform\u00e9ment aux Tr\u00e8s Hautes Instructions de Sa Majest\u00e9 le Roi, Chef Supr\u00eame et Chef d\u2019Etat-Major G\u00e9n\u00e9ral des Forces Arm\u00e9es Royales, Son Altesse Royale la Princesse Lalla Meryem, Pr\u00e9sidente des Oeuvres Sociales des Forces Arm\u00e9es Royales (FAR) et de la Fondation HASSAN II pour les Oeuvres Sociales des Anciens Militaires et Anciens Combattants (OSAMAC), a pr\u00e9sid\u00e9, le jeudi 12 janvier 2023, \u00e0 l\u2019Etat-Major G\u00e9n\u00e9ral des FAR, les Conseils d\u2019Administration des Oeuvres Sociales des FAR et de la Fondation Hassan II pour les OSAMAC.\",\"breadcrumb\":{\"@id\":\"https:\\\/\\\/dpress.ma\\\/fr\\\/2023\\\/01\\\/12\\\/sar-la-princesse-lalla-meryem-preside-les-conseils-dadministration-des-oeuvres-sociales-des-far-et-de-la-fondation-hassan-ii-pour-les-osamac\\\/#breadcrumb\"},\"inLanguage\":\"fr-FR\",\"potentialAction\":[{\"@type\":\"ReadAction\",\"target\":[\"https:\\\/\\\/dpress.ma\\\/fr\\\/2023\\\/01\\\/12\\\/sar-la-princesse-lalla-meryem-preside-les-conseils-dadministration-des-oeuvres-sociales-des-far-et-de-la-fondation-hassan-ii-pour-les-osamac\\\/\"]}]},{\"@type\":\"ImageObject\",\"inLanguage\":\"fr-FR\",\"@id\":\"https:\\\/\\\/dpress.ma\\\/fr\\\/2023\\\/01\\\/12\\\/sar-la-princesse-lalla-meryem-preside-les-conseils-dadministration-des-oeuvres-sociales-des-far-et-de-la-fondation-hassan-ii-pour-les-osamac\\\/#primaryimage\",\"url\":\"https:\\\/\\\/dpress.ma\\\/fr\\\/wp-content\\\/uploads\\\/sites\\\/2\\\/2023\\\/01\\\/dimensions2-21.jpg\",\"contentUrl\":\"https:\\\/\\\/dpress.ma\\\/fr\\\/wp-content\\\/uploads\\\/sites\\\/2\\\/2023\\\/01\\\/dimensions2-21.jpg\",\"width\":2539,\"height\":1594},{\"@type\":\"BreadcrumbList\",\"@id\":\"https:\\\/\\\/dpress.ma\\\/fr\\\/2023\\\/01\\\/12\\\/sar-la-princesse-lalla-meryem-preside-les-conseils-dadministration-des-oeuvres-sociales-des-far-et-de-la-fondation-hassan-ii-pour-les-osamac\\\/#breadcrumb\",\"itemListElement\":[{\"@type\":\"ListItem\",\"position\":1,\"name\":\"Home\",\"item\":\"https:\\\/\\\/dpress.ma\\\/fr\\\/\"},{\"@type\":\"ListItem\",\"position\":2,\"name\":\"SAR la Princesse Lalla Meryem pr\u00e9side les Conseils d\u2019administration des Oeuvres sociales des FAR et de la Fondation Hassan II pour les OSAMAC\"}]},{\"@type\":\"WebSite\",\"@id\":\"https:\\\/\\\/dpress.ma\\\/fr\\\/#website\",\"url\":\"https:\\\/\\\/dpress.ma\\\/fr\\\/\",\"name\":\"Dpress.ma\\\/fr\",\"description\":\"\",\"potentialAction\":[{\"@type\":\"SearchAction\",\"target\":{\"@type\":\"EntryPoint\",\"urlTemplate\":\"https:\\\/\\\/dpress.ma\\\/fr\\\/?s={search_term_string}\"},\"query-input\":{\"@type\":\"PropertyValueSpecification\",\"valueRequired\":true,\"valueName\":\"search_term_string\"}}],\"inLanguage\":\"fr-FR\"},{\"@type\":\"Person\",\"@id\":\"https:\\\/\\\/dpress.ma\\\/fr\\\/#\\\/schema\\\/person\\\/4898febf3ccd59e6578d838656a306a0\",\"name\":\"Dpress.ma\",\"image\":{\"@type\":\"ImageObject\",\"inLanguage\":\"fr-FR\",\"@id\":\"https:\\\/\\\/secure.gravatar.com\\\/avatar\\\/72ecc30e9db047a2e0e7176561eb9d564ed77c8108376495b19bd8336405198a?s=96&d=mm&r=g\",\"url\":\"https:\\\/\\\/secure.gravatar.com\\\/avatar\\\/72ecc30e9db047a2e0e7176561eb9d564ed77c8108376495b19bd8336405198a?s=96&d=mm&r=g\",\"contentUrl\":\"https:\\\/\\\/secure.gravatar.com\\\/avatar\\\/72ecc30e9db047a2e0e7176561eb9d564ed77c8108376495b19bd8336405198a?s=96&d=mm&r=g\",\"caption\":\"Dpress.ma\"},\"sameAs\":[\"https:\\\/\\\/www.dpress.ma\"],\"url\":\"https:\\\/\\\/dpress.ma\\\/fr\\\/author\\\/dpress-ma\\\/\"}]}<\/script>\n<!-- \/ Yoast SEO plugin. -->","yoast_head_json":{"title":"SAR la Princesse Lalla Meryem pr\u00e9side les Conseils d\u2019administration des Oeuvres sociales des FAR et de la Fondation Hassan II pour les OSAMAC - Dpress.ma\/fr","description":"Conform\u00e9ment aux Tr\u00e8s Hautes Instructions de Sa Majest\u00e9 le Roi, Chef Supr\u00eame et Chef d\u2019Etat-Major G\u00e9n\u00e9ral des Forces Arm\u00e9es Royales, Son Altesse Royale la Princesse Lalla Meryem, Pr\u00e9sidente des Oeuvres Sociales des Forces Arm\u00e9es Royales (FAR) et de la Fondation HASSAN II pour les Oeuvres Sociales des Anciens Militaires et Anciens Combattants (OSAMAC), a pr\u00e9sid\u00e9, le jeudi 12 janvier 2023, \u00e0 l\u2019Etat-Major G\u00e9n\u00e9ral des FAR, les Conseils d\u2019Administration des Oeuvres Sociales des FAR et de la Fondation Hassan II pour les OSAMAC.","robots":{"index":"index","follow":"follow","max-snippet":"max-snippet:-1","max-image-preview":"max-image-preview:large","max-video-preview":"max-video-preview:-1"},"canonical":"https:\/\/dpress.ma\/fr\/2023\/01\/12\/sar-la-princesse-lalla-meryem-preside-les-conseils-dadministration-des-oeuvres-sociales-des-far-et-de-la-fondation-hassan-ii-pour-les-osamac\/","og_locale":"fr_FR","og_type":"article","og_title":"SAR la Princesse Lalla Meryem pr\u00e9side les Conseils d\u2019administration des Oeuvres sociales des FAR et de la Fondation Hassan II pour les OSAMAC - Dpress.ma\/fr","og_description":"Conform\u00e9ment aux Tr\u00e8s Hautes Instructions de Sa Majest\u00e9 le Roi, Chef Supr\u00eame et Chef d\u2019Etat-Major G\u00e9n\u00e9ral des Forces Arm\u00e9es Royales, Son Altesse Royale la Princesse Lalla Meryem, Pr\u00e9sidente des Oeuvres Sociales des Forces Arm\u00e9es Royales (FAR) et de la Fondation HASSAN II pour les Oeuvres Sociales des Anciens Militaires et Anciens Combattants (OSAMAC), a pr\u00e9sid\u00e9, le jeudi 12 janvier 2023, \u00e0 l\u2019Etat-Major G\u00e9n\u00e9ral des FAR, les Conseils d\u2019Administration des Oeuvres Sociales des FAR et de la Fondation Hassan II pour les OSAMAC.","og_url":"https:\/\/dpress.ma\/fr\/2023\/01\/12\/sar-la-princesse-lalla-meryem-preside-les-conseils-dadministration-des-oeuvres-sociales-des-far-et-de-la-fondation-hassan-ii-pour-les-osamac\/","og_site_name":"Dpress.ma\/fr","article_published_time":"2023-01-12T16:40:43+00:00","article_modified_time":"2023-01-12T16:40:45+00:00","og_image":[{"width":2539,"height":1594,"url":"https:\/\/dpress.ma\/fr\/wp-content\/uploads\/sites\/2\/2023\/01\/dimensions2-21.jpg","type":"image\/jpeg"}],"author":"Dpress.ma","twitter_card":"summary_large_image","twitter_misc":{"\u00c9crit par":"Dpress.ma","Dur\u00e9e de lecture estim\u00e9e":"4 minutes"},"schema":{"@context":"https:\/\/schema.org","@graph":[{"@type":"Article","@id":"https:\/\/dpress.ma\/fr\/2023\/01\/12\/sar-la-princesse-lalla-meryem-preside-les-conseils-dadministration-des-oeuvres-sociales-des-far-et-de-la-fondation-hassan-ii-pour-les-osamac\/#article","isPartOf":{"@id":"https:\/\/dpress.ma\/fr\/2023\/01\/12\/sar-la-princesse-lalla-meryem-preside-les-conseils-dadministration-des-oeuvres-sociales-des-far-et-de-la-fondation-hassan-ii-pour-les-osamac\/"},"author":{"name":"Dpress.ma","@id":"https:\/\/dpress.ma\/fr\/#\/schema\/person\/4898febf3ccd59e6578d838656a306a0"},"headline":"SAR la Princesse Lalla Meryem pr\u00e9side les Conseils d\u2019administration des Oeuvres sociales des FAR et de la Fondation Hassan II pour les OSAMAC","datePublished":"2023-01-12T16:40:43+00:00","dateModified":"2023-01-12T16:40:45+00:00","mainEntityOfPage":{"@id":"https:\/\/dpress.ma\/fr\/2023\/01\/12\/sar-la-princesse-lalla-meryem-preside-les-conseils-dadministration-des-oeuvres-sociales-des-far-et-de-la-fondation-hassan-ii-pour-les-osamac\/"},"wordCount":740,"commentCount":0,"image":{"@id":"https:\/\/dpress.ma\/fr\/2023\/01\/12\/sar-la-princesse-lalla-meryem-preside-les-conseils-dadministration-des-oeuvres-sociales-des-far-et-de-la-fondation-hassan-ii-pour-les-osamac\/#primaryimage"},"thumbnailUrl":"https:\/\/dpress.ma\/fr\/wp-content\/uploads\/sites\/2\/2023\/01\/dimensions2-21.jpg","articleSection":["Activit\u00e9s Royales"],"inLanguage":"fr-FR","potentialAction":[{"@type":"CommentAction","name":"Comment","target":["https:\/\/dpress.ma\/fr\/2023\/01\/12\/sar-la-princesse-lalla-meryem-preside-les-conseils-dadministration-des-oeuvres-sociales-des-far-et-de-la-fondation-hassan-ii-pour-les-osamac\/#respond"]}]},{"@type":"WebPage","@id":"https:\/\/dpress.ma\/fr\/2023\/01\/12\/sar-la-princesse-lalla-meryem-preside-les-conseils-dadministration-des-oeuvres-sociales-des-far-et-de-la-fondation-hassan-ii-pour-les-osamac\/","url":"https:\/\/dpress.ma\/fr\/2023\/01\/12\/sar-la-princesse-lalla-meryem-preside-les-conseils-dadministration-des-oeuvres-sociales-des-far-et-de-la-fondation-hassan-ii-pour-les-osamac\/","name":"SAR la Princesse Lalla Meryem pr\u00e9side les Conseils d\u2019administration des Oeuvres sociales des FAR et de la Fondation Hassan II pour les OSAMAC - Dpress.ma\/fr","isPartOf":{"@id":"https:\/\/dpress.ma\/fr\/#website"},"primaryImageOfPage":{"@id":"https:\/\/dpress.ma\/fr\/2023\/01\/12\/sar-la-princesse-lalla-meryem-preside-les-conseils-dadministration-des-oeuvres-sociales-des-far-et-de-la-fondation-hassan-ii-pour-les-osamac\/#primaryimage"},"image":{"@id":"https:\/\/dpress.ma\/fr\/2023\/01\/12\/sar-la-princesse-lalla-meryem-preside-les-conseils-dadministration-des-oeuvres-sociales-des-far-et-de-la-fondation-hassan-ii-pour-les-osamac\/#primaryimage"},"thumbnailUrl":"https:\/\/dpress.ma\/fr\/wp-content\/uploads\/sites\/2\/2023\/01\/dimensions2-21.jpg","datePublished":"2023-01-12T16:40:43+00:00","dateModified":"2023-01-12T16:40:45+00:00","author":{"@id":"https:\/\/dpress.ma\/fr\/#\/schema\/person\/4898febf3ccd59e6578d838656a306a0"},"description":"Conform\u00e9ment aux Tr\u00e8s Hautes Instructions de Sa Majest\u00e9 le Roi, Chef Supr\u00eame et Chef d\u2019Etat-Major G\u00e9n\u00e9ral des Forces Arm\u00e9es Royales, Son Altesse Royale la Princesse Lalla Meryem, Pr\u00e9sidente des Oeuvres Sociales des Forces Arm\u00e9es Royales (FAR) et de la Fondation HASSAN II pour les Oeuvres Sociales des Anciens Militaires et Anciens Combattants (OSAMAC), a pr\u00e9sid\u00e9, le jeudi 12 janvier 2023, \u00e0 l\u2019Etat-Major G\u00e9n\u00e9ral des FAR, les Conseils d\u2019Administration des Oeuvres Sociales des FAR et de la Fondation Hassan II pour les OSAMAC.","breadcrumb":{"@id":"https:\/\/dpress.ma\/fr\/2023\/01\/12\/sar-la-princesse-lalla-meryem-preside-les-conseils-dadministration-des-oeuvres-sociales-des-far-et-de-la-fondation-hassan-ii-pour-les-osamac\/#breadcrumb"},"inLanguage":"fr-FR","potentialAction":[{"@type":"ReadAction","target":["https:\/\/dpress.ma\/fr\/2023\/01\/12\/sar-la-princesse-lalla-meryem-preside-les-conseils-dadministration-des-oeuvres-sociales-des-far-et-de-la-fondation-hassan-ii-pour-les-osamac\/"]}]},{"@type":"ImageObject","inLanguage":"fr-FR","@id":"https:\/\/dpress.ma\/fr\/2023\/01\/12\/sar-la-princesse-lalla-meryem-preside-les-conseils-dadministration-des-oeuvres-sociales-des-far-et-de-la-fondation-hassan-ii-pour-les-osamac\/#primaryimage","url":"https:\/\/dpress.ma\/fr\/wp-content\/uploads\/sites\/2\/2023\/01\/dimensions2-21.jpg","contentUrl":"https:\/\/dpress.ma\/fr\/wp-content\/uploads\/sites\/2\/2023\/01\/dimensions2-21.jpg","width":2539,"height":1594},{"@type":"BreadcrumbList","@id":"https:\/\/dpress.ma\/fr\/2023\/01\/12\/sar-la-princesse-lalla-meryem-preside-les-conseils-dadministration-des-oeuvres-sociales-des-far-et-de-la-fondation-hassan-ii-pour-les-osamac\/#breadcrumb","itemListElement":[{"@type":"ListItem","position":1,"name":"Home","item":"https:\/\/dpress.ma\/fr\/"},{"@type":"ListItem","position":2,"name":"SAR la Princesse Lalla Meryem pr\u00e9side les Conseils d\u2019administration des Oeuvres sociales des FAR et de la Fondation Hassan II pour les OSAMAC"}]},{"@type":"WebSite","@id":"https:\/\/dpress.ma\/fr\/#website","url":"https:\/\/dpress.ma\/fr\/","name":"Dpress.ma\/fr","description":"","potentialAction":[{"@type":"SearchAction","target":{"@type":"EntryPoint","urlTemplate":"https:\/\/dpress.ma\/fr\/?s={search_term_string}"},"query-input":{"@type":"PropertyValueSpecification","valueRequired":true,"valueName":"search_term_string"}}],"inLanguage":"fr-FR"},{"@type":"Person","@id":"https:\/\/dpress.ma\/fr\/#\/schema\/person\/4898febf3ccd59e6578d838656a306a0","name":"Dpress.ma","image":{"@type":"ImageObject","inLanguage":"fr-FR","@id":"https:\/\/secure.gravatar.com\/avatar\/72ecc30e9db047a2e0e7176561eb9d564ed77c8108376495b19bd8336405198a?s=96&d=mm&r=g","url":"https:\/\/secure.gravatar.com\/avatar\/72ecc30e9db047a2e0e7176561eb9d564ed77c8108376495b19bd8336405198a?s=96&d=mm&r=g","contentUrl":"https:\/\/secure.gravatar.com\/avatar\/72ecc30e9db047a2e0e7176561eb9d564ed77c8108376495b19bd8336405198a?s=96&d=mm&r=g","caption":"Dpress.ma"},"sameAs":["https:\/\/www.dpress.ma"],"url":"https:\/\/dpress.ma\/fr\/author\/dpress-ma\/"}]}},"amp_enabled":true,"_links":{"self":[{"href":"https:\/\/dpress.ma\/fr\/wp-json\/wp\/v2\/posts\/3232","targetHints":{"allow":["GET"]}}],"collection":[{"href":"https:\/\/dpress.ma\/fr\/wp-json\/wp\/v2\/posts"}],"about":[{"href":"https:\/\/dpress.ma\/fr\/wp-json\/wp\/v2\/types\/post"}],"author":[{"embeddable":true,"href":"https:\/\/dpress.ma\/fr\/wp-json\/wp\/v2\/users\/2"}],"replies":[{"embeddable":true,"href":"https:\/\/dpress.ma\/fr\/wp-json\/wp\/v2\/comments?post=3232"}],"version-history":[{"count":1,"href":"https:\/\/dpress.ma\/fr\/wp-json\/wp\/v2\/posts\/3232\/revisions"}],"predecessor-version":[{"id":3234,"href":"https:\/\/dpress.ma\/fr\/wp-json\/wp\/v2\/posts\/3232\/revisions\/3234"}],"wp:featuredmedia":[{"embeddable":true,"href":"https:\/\/dpress.ma\/fr\/wp-json\/wp\/v2\/media\/3233"}],"wp:attachment":[{"href":"https:\/\/dpress.ma\/fr\/wp-json\/wp\/v2\/media?parent=3232"}],"wp:term":[{"taxonomy":"category","embeddable":true,"href":"https:\/\/dpress.ma\/fr\/wp-json\/wp\/v2\/categories?post=3232"},{"taxonomy":"post_tag","embeddable":true,"href":"https:\/\/dpress.ma\/fr\/wp-json\/wp\/v2\/tags?post=3232"}],"curies":[{"name":"wp","href":"https:\/\/api.w.org\/{rel}","templated":true}]}}