{"id":3229,"date":"2023-01-12T10:14:25","date_gmt":"2023-01-12T10:14:25","guid":{"rendered":"https:\/\/dpress.ma\/fr\/?p=3229"},"modified":"2023-01-12T10:14:26","modified_gmt":"2023-01-12T10:14:26","slug":"la-selection-marocaine-de-football-nest-pas-en-mesure-de-faire-le-deplacement-en-algerie-pour-disputer-le-chan-2023-frmf","status":"publish","type":"post","link":"https:\/\/dpress.ma\/fr\/2023\/01\/12\/la-selection-marocaine-de-football-nest-pas-en-mesure-de-faire-le-deplacement-en-algerie-pour-disputer-le-chan-2023-frmf\/","title":{"rendered":"La s\u00e9lection marocaine de football n\u2019est pas en mesure de faire le d\u00e9placement en Alg\u00e9rie pour disputer le CHAN 2023 (FRMF)"},"content":{"rendered":"\n<p>Dpress<\/p>\n\n\n\n<p>La s\u00e9lection marocaine de football n\u2019est pas en mesure de faire le d\u00e9placement \u00e0 Constantine en Alg\u00e9rie pour disputer la 7\u00e8me \u00e9dition du Championnat d\u2019Afrique des Nations (CHAN) de Football qui sera organis\u00e9e du 13 janvier au 4 f\u00e9vrier 2023 et d\u00e9fendre son titre, dans la mesure o\u00f9 l\u2019autorisation d\u00e9finitive de son vol Royal Air Maroc (RAM), transporteur officiel des s\u00e9lections marocaines de football, de Rabat vers Constantine n\u2019a pas \u00e9t\u00e9 confirm\u00e9e, indique jeudi la FRMF.<\/p>\n\n\n\n<p>Dans un communiqu\u00e9 publi\u00e9 sur son site internet, la FRMF rappelle que son Comit\u00e9 Directeur, r\u00e9uni le 27 d\u00e9cembre 2022, avait pris une d\u00e9cision relative \u00e0 la participation du Maroc au CHAN 2022, visant \u00e0 assurer le d\u00e9placement de la s\u00e9lection marocaine de Rabat vers Constantine \u00e0 bord d\u2019un vol RAM.<\/p>\n\n\n\n<p>Suite \u00e0 sa demande d\u2019autorisation d\u2019un vol RAM de Rabat vers Constantine, la FRMF a \u00e9t\u00e9 inform\u00e9e en date du 22 d\u00e9cembre 2022 par la Conf\u00e9d\u00e9ration Africaine de Football (CAF), en tant qu\u2019instance en charge de l\u2019organisation du CHAN 2022, qu\u2019une autorisation de principe avait \u00e9t\u00e9 obtenue, note le communiqu\u00e9.<\/p>\n\n\n\n<p>Sur la base de cette autorisation de principe, la FRMF a communiqu\u00e9 les d\u00e9tails du plan et des coordonn\u00e9s de vols de la s\u00e9lection marocaine afin d\u2019obtenir l\u2019autorisation d\u00e9finitive du vol RAM de Rabat vers Constantine et a poursuivi la pr\u00e9paration du voyage et de la participation de la s\u00e9lection marocaine au CHAN, notamment le stage de pr\u00e9paration au Complexe Mohammed VI de Football \u00e0 Sal\u00e9 du 6 au 10 janvier au cours duquel deux matchs amicaux contre l\u2019Ethiopie ont \u00e9t\u00e9 disput\u00e9s, rel\u00e8ve la m\u00eame source.<\/p>\n\n\n\n<p>Alors que le d\u00e9placement de la s\u00e9lection marocaine de Rabat vers Constantine est organis\u00e9 par la FRMF et que le coup d\u2019envoi du CHAN est pr\u00e9vu le 13 janvier 2023, soit dans 24 heures, la F\u00e9d\u00e9ration Royale Marocaine de Football \u201cprend note avec regret que l\u2019obtention de l\u2019autorisation d\u00e9finitive du vol RAM de Rabat vers Constantine n\u2019a malheureusement toujours pas \u00e9t\u00e9 confirm\u00e9e par la CAF\u201d, conclut le communiqu\u00e9.<\/p>\n","protected":false},"excerpt":{"rendered":"<p>Dpress La s\u00e9lection marocaine de football n\u2019est pas en mesure de faire le d\u00e9placement \u00e0 Constantine en Alg\u00e9rie pour disputer la 7\u00e8me \u00e9dition du Championnat d\u2019Afrique des Nations (CHAN) de Football qui sera organis\u00e9e du 13 janvier au 4 f\u00e9vrier 2023 et d\u00e9fendre son titre, dans la mesure o\u00f9 l\u2019autorisation d\u00e9finitive de son vol Royal &hellip;<\/p>\n","protected":false},"author":2,"featured_media":3230,"comment_status":"open","ping_status":"open","sticky":false,"template":"","format":"standard","meta":{"footnotes":""},"categories":[27],"tags":[],"class_list":["post-3229","post","type-post","status-publish","format-standard","has-post-thumbnail","hentry","category-sport"],"yoast_head":"<!-- This site is optimized with the Yoast SEO plugin v27.5 - https:\/\/yoast.com\/product\/yoast-seo-wordpress\/ -->\n<title>La s\u00e9lection marocaine de football n\u2019est pas en mesure de faire le d\u00e9placement en Alg\u00e9rie pour disputer le CHAN 2023 (FRMF) - Dpress.ma\/fr<\/title>\n<meta name=\"description\" content=\"La s\u00e9lection marocaine de football n\u2019est pas en mesure de faire le d\u00e9placement \u00e0 Constantine en Alg\u00e9rie pour disputer la 7\u00e8me \u00e9dition du Championnat d\u2019Afrique des Nations (CHAN) de Football qui sera organis\u00e9e du 13 janvier au 4 f\u00e9vrier 2023 et d\u00e9fendre son titre, dans la mesure o\u00f9 l\u2019autorisation d\u00e9finitive de son vol Royal Air Maroc (RAM), transporteur officiel des s\u00e9lections marocaines de football, de Rabat vers Constantine n\u2019a pas \u00e9t\u00e9 confirm\u00e9e, indique jeudi la FRMF.\" \/>\n<meta name=\"robots\" content=\"index, follow, max-snippet:-1, max-image-preview:large, max-video-preview:-1\" \/>\n<link rel=\"canonical\" href=\"https:\/\/dpress.ma\/fr\/2023\/01\/12\/la-selection-marocaine-de-football-nest-pas-en-mesure-de-faire-le-deplacement-en-algerie-pour-disputer-le-chan-2023-frmf\/\" \/>\n<meta property=\"og:locale\" content=\"fr_FR\" \/>\n<meta property=\"og:type\" content=\"article\" \/>\n<meta property=\"og:title\" content=\"La s\u00e9lection marocaine de football n\u2019est pas en mesure de faire le d\u00e9placement en Alg\u00e9rie pour disputer le CHAN 2023 (FRMF) - Dpress.ma\/fr\" \/>\n<meta property=\"og:description\" content=\"La s\u00e9lection marocaine de football n\u2019est pas en mesure de faire le d\u00e9placement \u00e0 Constantine en Alg\u00e9rie pour disputer la 7\u00e8me \u00e9dition du Championnat d\u2019Afrique des Nations (CHAN) de Football qui sera organis\u00e9e du 13 janvier au 4 f\u00e9vrier 2023 et d\u00e9fendre son titre, dans la mesure o\u00f9 l\u2019autorisation d\u00e9finitive de son vol Royal Air Maroc (RAM), transporteur officiel des s\u00e9lections marocaines de football, de Rabat vers Constantine n\u2019a pas \u00e9t\u00e9 confirm\u00e9e, indique jeudi la FRMF.\" \/>\n<meta property=\"og:url\" content=\"https:\/\/dpress.ma\/fr\/2023\/01\/12\/la-selection-marocaine-de-football-nest-pas-en-mesure-de-faire-le-deplacement-en-algerie-pour-disputer-le-chan-2023-frmf\/\" \/>\n<meta property=\"og:site_name\" content=\"Dpress.ma\/fr\" \/>\n<meta property=\"article:published_time\" content=\"2023-01-12T10:14:25+00:00\" \/>\n<meta property=\"article:modified_time\" content=\"2023-01-12T10:14:26+00:00\" \/>\n<meta property=\"og:image\" content=\"https:\/\/dpress.ma\/fr\/wp-content\/uploads\/sites\/2\/2023\/01\/dimensions2-20.jpg\" \/>\n\t<meta property=\"og:image:width\" content=\"2539\" \/>\n\t<meta property=\"og:image:height\" content=\"1594\" \/>\n\t<meta property=\"og:image:type\" content=\"image\/jpeg\" \/>\n<meta name=\"author\" content=\"Dpress.ma\" \/>\n<meta name=\"twitter:card\" content=\"summary_large_image\" \/>\n<meta name=\"twitter:label1\" content=\"\u00c9crit par\" \/>\n\t<meta name=\"twitter:data1\" content=\"Dpress.ma\" \/>\n\t<meta name=\"twitter:label2\" content=\"Dur\u00e9e de lecture estim\u00e9e\" \/>\n\t<meta name=\"twitter:data2\" content=\"2 minutes\" \/>\n<script type=\"application\/ld+json\" class=\"yoast-schema-graph\">{\"@context\":\"https:\\\/\\\/schema.org\",\"@graph\":[{\"@type\":\"Article\",\"@id\":\"https:\\\/\\\/dpress.ma\\\/fr\\\/2023\\\/01\\\/12\\\/la-selection-marocaine-de-football-nest-pas-en-mesure-de-faire-le-deplacement-en-algerie-pour-disputer-le-chan-2023-frmf\\\/#article\",\"isPartOf\":{\"@id\":\"https:\\\/\\\/dpress.ma\\\/fr\\\/2023\\\/01\\\/12\\\/la-selection-marocaine-de-football-nest-pas-en-mesure-de-faire-le-deplacement-en-algerie-pour-disputer-le-chan-2023-frmf\\\/\"},\"author\":{\"name\":\"Dpress.ma\",\"@id\":\"https:\\\/\\\/dpress.ma\\\/fr\\\/#\\\/schema\\\/person\\\/4898febf3ccd59e6578d838656a306a0\"},\"headline\":\"La s\u00e9lection marocaine de football n\u2019est pas en mesure de faire le d\u00e9placement en Alg\u00e9rie pour disputer le CHAN 2023 (FRMF)\",\"datePublished\":\"2023-01-12T10:14:25+00:00\",\"dateModified\":\"2023-01-12T10:14:26+00:00\",\"mainEntityOfPage\":{\"@id\":\"https:\\\/\\\/dpress.ma\\\/fr\\\/2023\\\/01\\\/12\\\/la-selection-marocaine-de-football-nest-pas-en-mesure-de-faire-le-deplacement-en-algerie-pour-disputer-le-chan-2023-frmf\\\/\"},\"wordCount\":388,\"commentCount\":0,\"image\":{\"@id\":\"https:\\\/\\\/dpress.ma\\\/fr\\\/2023\\\/01\\\/12\\\/la-selection-marocaine-de-football-nest-pas-en-mesure-de-faire-le-deplacement-en-algerie-pour-disputer-le-chan-2023-frmf\\\/#primaryimage\"},\"thumbnailUrl\":\"https:\\\/\\\/dpress.ma\\\/fr\\\/wp-content\\\/uploads\\\/sites\\\/2\\\/2023\\\/01\\\/dimensions2-20.jpg\",\"articleSection\":[\"Sport\"],\"inLanguage\":\"fr-FR\",\"potentialAction\":[{\"@type\":\"CommentAction\",\"name\":\"Comment\",\"target\":[\"https:\\\/\\\/dpress.ma\\\/fr\\\/2023\\\/01\\\/12\\\/la-selection-marocaine-de-football-nest-pas-en-mesure-de-faire-le-deplacement-en-algerie-pour-disputer-le-chan-2023-frmf\\\/#respond\"]}]},{\"@type\":\"WebPage\",\"@id\":\"https:\\\/\\\/dpress.ma\\\/fr\\\/2023\\\/01\\\/12\\\/la-selection-marocaine-de-football-nest-pas-en-mesure-de-faire-le-deplacement-en-algerie-pour-disputer-le-chan-2023-frmf\\\/\",\"url\":\"https:\\\/\\\/dpress.ma\\\/fr\\\/2023\\\/01\\\/12\\\/la-selection-marocaine-de-football-nest-pas-en-mesure-de-faire-le-deplacement-en-algerie-pour-disputer-le-chan-2023-frmf\\\/\",\"name\":\"La s\u00e9lection marocaine de football n\u2019est pas en mesure de faire le d\u00e9placement en Alg\u00e9rie pour disputer le CHAN 2023 (FRMF) - Dpress.ma\\\/fr\",\"isPartOf\":{\"@id\":\"https:\\\/\\\/dpress.ma\\\/fr\\\/#website\"},\"primaryImageOfPage\":{\"@id\":\"https:\\\/\\\/dpress.ma\\\/fr\\\/2023\\\/01\\\/12\\\/la-selection-marocaine-de-football-nest-pas-en-mesure-de-faire-le-deplacement-en-algerie-pour-disputer-le-chan-2023-frmf\\\/#primaryimage\"},\"image\":{\"@id\":\"https:\\\/\\\/dpress.ma\\\/fr\\\/2023\\\/01\\\/12\\\/la-selection-marocaine-de-football-nest-pas-en-mesure-de-faire-le-deplacement-en-algerie-pour-disputer-le-chan-2023-frmf\\\/#primaryimage\"},\"thumbnailUrl\":\"https:\\\/\\\/dpress.ma\\\/fr\\\/wp-content\\\/uploads\\\/sites\\\/2\\\/2023\\\/01\\\/dimensions2-20.jpg\",\"datePublished\":\"2023-01-12T10:14:25+00:00\",\"dateModified\":\"2023-01-12T10:14:26+00:00\",\"author\":{\"@id\":\"https:\\\/\\\/dpress.ma\\\/fr\\\/#\\\/schema\\\/person\\\/4898febf3ccd59e6578d838656a306a0\"},\"description\":\"La s\u00e9lection marocaine de football n\u2019est pas en mesure de faire le d\u00e9placement \u00e0 Constantine en Alg\u00e9rie pour disputer la 7\u00e8me \u00e9dition du Championnat d\u2019Afrique des Nations (CHAN) de Football qui sera organis\u00e9e du 13 janvier au 4 f\u00e9vrier 2023 et d\u00e9fendre son titre, dans la mesure o\u00f9 l\u2019autorisation d\u00e9finitive de son vol Royal Air Maroc (RAM), transporteur officiel des s\u00e9lections marocaines de football, de Rabat vers Constantine n\u2019a pas \u00e9t\u00e9 confirm\u00e9e, indique jeudi la FRMF.\",\"breadcrumb\":{\"@id\":\"https:\\\/\\\/dpress.ma\\\/fr\\\/2023\\\/01\\\/12\\\/la-selection-marocaine-de-football-nest-pas-en-mesure-de-faire-le-deplacement-en-algerie-pour-disputer-le-chan-2023-frmf\\\/#breadcrumb\"},\"inLanguage\":\"fr-FR\",\"potentialAction\":[{\"@type\":\"ReadAction\",\"target\":[\"https:\\\/\\\/dpress.ma\\\/fr\\\/2023\\\/01\\\/12\\\/la-selection-marocaine-de-football-nest-pas-en-mesure-de-faire-le-deplacement-en-algerie-pour-disputer-le-chan-2023-frmf\\\/\"]}]},{\"@type\":\"ImageObject\",\"inLanguage\":\"fr-FR\",\"@id\":\"https:\\\/\\\/dpress.ma\\\/fr\\\/2023\\\/01\\\/12\\\/la-selection-marocaine-de-football-nest-pas-en-mesure-de-faire-le-deplacement-en-algerie-pour-disputer-le-chan-2023-frmf\\\/#primaryimage\",\"url\":\"https:\\\/\\\/dpress.ma\\\/fr\\\/wp-content\\\/uploads\\\/sites\\\/2\\\/2023\\\/01\\\/dimensions2-20.jpg\",\"contentUrl\":\"https:\\\/\\\/dpress.ma\\\/fr\\\/wp-content\\\/uploads\\\/sites\\\/2\\\/2023\\\/01\\\/dimensions2-20.jpg\",\"width\":2539,\"height\":1594},{\"@type\":\"BreadcrumbList\",\"@id\":\"https:\\\/\\\/dpress.ma\\\/fr\\\/2023\\\/01\\\/12\\\/la-selection-marocaine-de-football-nest-pas-en-mesure-de-faire-le-deplacement-en-algerie-pour-disputer-le-chan-2023-frmf\\\/#breadcrumb\",\"itemListElement\":[{\"@type\":\"ListItem\",\"position\":1,\"name\":\"Home\",\"item\":\"https:\\\/\\\/dpress.ma\\\/fr\\\/\"},{\"@type\":\"ListItem\",\"position\":2,\"name\":\"La s\u00e9lection marocaine de football n\u2019est pas en mesure de faire le d\u00e9placement en Alg\u00e9rie pour disputer le CHAN 2023 (FRMF)\"}]},{\"@type\":\"WebSite\",\"@id\":\"https:\\\/\\\/dpress.ma\\\/fr\\\/#website\",\"url\":\"https:\\\/\\\/dpress.ma\\\/fr\\\/\",\"name\":\"Dpress.ma\\\/fr\",\"description\":\"\",\"potentialAction\":[{\"@type\":\"SearchAction\",\"target\":{\"@type\":\"EntryPoint\",\"urlTemplate\":\"https:\\\/\\\/dpress.ma\\\/fr\\\/?s={search_term_string}\"},\"query-input\":{\"@type\":\"PropertyValueSpecification\",\"valueRequired\":true,\"valueName\":\"search_term_string\"}}],\"inLanguage\":\"fr-FR\"},{\"@type\":\"Person\",\"@id\":\"https:\\\/\\\/dpress.ma\\\/fr\\\/#\\\/schema\\\/person\\\/4898febf3ccd59e6578d838656a306a0\",\"name\":\"Dpress.ma\",\"image\":{\"@type\":\"ImageObject\",\"inLanguage\":\"fr-FR\",\"@id\":\"https:\\\/\\\/secure.gravatar.com\\\/avatar\\\/72ecc30e9db047a2e0e7176561eb9d564ed77c8108376495b19bd8336405198a?s=96&d=mm&r=g\",\"url\":\"https:\\\/\\\/secure.gravatar.com\\\/avatar\\\/72ecc30e9db047a2e0e7176561eb9d564ed77c8108376495b19bd8336405198a?s=96&d=mm&r=g\",\"contentUrl\":\"https:\\\/\\\/secure.gravatar.com\\\/avatar\\\/72ecc30e9db047a2e0e7176561eb9d564ed77c8108376495b19bd8336405198a?s=96&d=mm&r=g\",\"caption\":\"Dpress.ma\"},\"sameAs\":[\"https:\\\/\\\/www.dpress.ma\"],\"url\":\"https:\\\/\\\/dpress.ma\\\/fr\\\/author\\\/dpress-ma\\\/\"}]}<\/script>\n<!-- \/ Yoast SEO plugin. -->","yoast_head_json":{"title":"La s\u00e9lection marocaine de football n\u2019est pas en mesure de faire le d\u00e9placement en Alg\u00e9rie pour disputer le CHAN 2023 (FRMF) - Dpress.ma\/fr","description":"La s\u00e9lection marocaine de football n\u2019est pas en mesure de faire le d\u00e9placement \u00e0 Constantine en Alg\u00e9rie pour disputer la 7\u00e8me \u00e9dition du Championnat d\u2019Afrique des Nations (CHAN) de Football qui sera organis\u00e9e du 13 janvier au 4 f\u00e9vrier 2023 et d\u00e9fendre son titre, dans la mesure o\u00f9 l\u2019autorisation d\u00e9finitive de son vol Royal Air Maroc (RAM), transporteur officiel des s\u00e9lections marocaines de football, de Rabat vers Constantine n\u2019a pas \u00e9t\u00e9 confirm\u00e9e, indique jeudi la FRMF.","robots":{"index":"index","follow":"follow","max-snippet":"max-snippet:-1","max-image-preview":"max-image-preview:large","max-video-preview":"max-video-preview:-1"},"canonical":"https:\/\/dpress.ma\/fr\/2023\/01\/12\/la-selection-marocaine-de-football-nest-pas-en-mesure-de-faire-le-deplacement-en-algerie-pour-disputer-le-chan-2023-frmf\/","og_locale":"fr_FR","og_type":"article","og_title":"La s\u00e9lection marocaine de football n\u2019est pas en mesure de faire le d\u00e9placement en Alg\u00e9rie pour disputer le CHAN 2023 (FRMF) - Dpress.ma\/fr","og_description":"La s\u00e9lection marocaine de football n\u2019est pas en mesure de faire le d\u00e9placement \u00e0 Constantine en Alg\u00e9rie pour disputer la 7\u00e8me \u00e9dition du Championnat d\u2019Afrique des Nations (CHAN) de Football qui sera organis\u00e9e du 13 janvier au 4 f\u00e9vrier 2023 et d\u00e9fendre son titre, dans la mesure o\u00f9 l\u2019autorisation d\u00e9finitive de son vol Royal Air Maroc (RAM), transporteur officiel des s\u00e9lections marocaines de football, de Rabat vers Constantine n\u2019a pas \u00e9t\u00e9 confirm\u00e9e, indique jeudi la FRMF.","og_url":"https:\/\/dpress.ma\/fr\/2023\/01\/12\/la-selection-marocaine-de-football-nest-pas-en-mesure-de-faire-le-deplacement-en-algerie-pour-disputer-le-chan-2023-frmf\/","og_site_name":"Dpress.ma\/fr","article_published_time":"2023-01-12T10:14:25+00:00","article_modified_time":"2023-01-12T10:14:26+00:00","og_image":[{"width":2539,"height":1594,"url":"https:\/\/dpress.ma\/fr\/wp-content\/uploads\/sites\/2\/2023\/01\/dimensions2-20.jpg","type":"image\/jpeg"}],"author":"Dpress.ma","twitter_card":"summary_large_image","twitter_misc":{"\u00c9crit par":"Dpress.ma","Dur\u00e9e de lecture estim\u00e9e":"2 minutes"},"schema":{"@context":"https:\/\/schema.org","@graph":[{"@type":"Article","@id":"https:\/\/dpress.ma\/fr\/2023\/01\/12\/la-selection-marocaine-de-football-nest-pas-en-mesure-de-faire-le-deplacement-en-algerie-pour-disputer-le-chan-2023-frmf\/#article","isPartOf":{"@id":"https:\/\/dpress.ma\/fr\/2023\/01\/12\/la-selection-marocaine-de-football-nest-pas-en-mesure-de-faire-le-deplacement-en-algerie-pour-disputer-le-chan-2023-frmf\/"},"author":{"name":"Dpress.ma","@id":"https:\/\/dpress.ma\/fr\/#\/schema\/person\/4898febf3ccd59e6578d838656a306a0"},"headline":"La s\u00e9lection marocaine de football n\u2019est pas en mesure de faire le d\u00e9placement en Alg\u00e9rie pour disputer le CHAN 2023 (FRMF)","datePublished":"2023-01-12T10:14:25+00:00","dateModified":"2023-01-12T10:14:26+00:00","mainEntityOfPage":{"@id":"https:\/\/dpress.ma\/fr\/2023\/01\/12\/la-selection-marocaine-de-football-nest-pas-en-mesure-de-faire-le-deplacement-en-algerie-pour-disputer-le-chan-2023-frmf\/"},"wordCount":388,"commentCount":0,"image":{"@id":"https:\/\/dpress.ma\/fr\/2023\/01\/12\/la-selection-marocaine-de-football-nest-pas-en-mesure-de-faire-le-deplacement-en-algerie-pour-disputer-le-chan-2023-frmf\/#primaryimage"},"thumbnailUrl":"https:\/\/dpress.ma\/fr\/wp-content\/uploads\/sites\/2\/2023\/01\/dimensions2-20.jpg","articleSection":["Sport"],"inLanguage":"fr-FR","potentialAction":[{"@type":"CommentAction","name":"Comment","target":["https:\/\/dpress.ma\/fr\/2023\/01\/12\/la-selection-marocaine-de-football-nest-pas-en-mesure-de-faire-le-deplacement-en-algerie-pour-disputer-le-chan-2023-frmf\/#respond"]}]},{"@type":"WebPage","@id":"https:\/\/dpress.ma\/fr\/2023\/01\/12\/la-selection-marocaine-de-football-nest-pas-en-mesure-de-faire-le-deplacement-en-algerie-pour-disputer-le-chan-2023-frmf\/","url":"https:\/\/dpress.ma\/fr\/2023\/01\/12\/la-selection-marocaine-de-football-nest-pas-en-mesure-de-faire-le-deplacement-en-algerie-pour-disputer-le-chan-2023-frmf\/","name":"La s\u00e9lection marocaine de football n\u2019est pas en mesure de faire le d\u00e9placement en Alg\u00e9rie pour disputer le CHAN 2023 (FRMF) - Dpress.ma\/fr","isPartOf":{"@id":"https:\/\/dpress.ma\/fr\/#website"},"primaryImageOfPage":{"@id":"https:\/\/dpress.ma\/fr\/2023\/01\/12\/la-selection-marocaine-de-football-nest-pas-en-mesure-de-faire-le-deplacement-en-algerie-pour-disputer-le-chan-2023-frmf\/#primaryimage"},"image":{"@id":"https:\/\/dpress.ma\/fr\/2023\/01\/12\/la-selection-marocaine-de-football-nest-pas-en-mesure-de-faire-le-deplacement-en-algerie-pour-disputer-le-chan-2023-frmf\/#primaryimage"},"thumbnailUrl":"https:\/\/dpress.ma\/fr\/wp-content\/uploads\/sites\/2\/2023\/01\/dimensions2-20.jpg","datePublished":"2023-01-12T10:14:25+00:00","dateModified":"2023-01-12T10:14:26+00:00","author":{"@id":"https:\/\/dpress.ma\/fr\/#\/schema\/person\/4898febf3ccd59e6578d838656a306a0"},"description":"La s\u00e9lection marocaine de football n\u2019est pas en mesure de faire le d\u00e9placement \u00e0 Constantine en Alg\u00e9rie pour disputer la 7\u00e8me \u00e9dition du Championnat d\u2019Afrique des Nations (CHAN) de Football qui sera organis\u00e9e du 13 janvier au 4 f\u00e9vrier 2023 et d\u00e9fendre son titre, dans la mesure o\u00f9 l\u2019autorisation d\u00e9finitive de son vol Royal Air Maroc (RAM), transporteur officiel des s\u00e9lections marocaines de football, de Rabat vers Constantine n\u2019a pas \u00e9t\u00e9 confirm\u00e9e, indique jeudi la FRMF.","breadcrumb":{"@id":"https:\/\/dpress.ma\/fr\/2023\/01\/12\/la-selection-marocaine-de-football-nest-pas-en-mesure-de-faire-le-deplacement-en-algerie-pour-disputer-le-chan-2023-frmf\/#breadcrumb"},"inLanguage":"fr-FR","potentialAction":[{"@type":"ReadAction","target":["https:\/\/dpress.ma\/fr\/2023\/01\/12\/la-selection-marocaine-de-football-nest-pas-en-mesure-de-faire-le-deplacement-en-algerie-pour-disputer-le-chan-2023-frmf\/"]}]},{"@type":"ImageObject","inLanguage":"fr-FR","@id":"https:\/\/dpress.ma\/fr\/2023\/01\/12\/la-selection-marocaine-de-football-nest-pas-en-mesure-de-faire-le-deplacement-en-algerie-pour-disputer-le-chan-2023-frmf\/#primaryimage","url":"https:\/\/dpress.ma\/fr\/wp-content\/uploads\/sites\/2\/2023\/01\/dimensions2-20.jpg","contentUrl":"https:\/\/dpress.ma\/fr\/wp-content\/uploads\/sites\/2\/2023\/01\/dimensions2-20.jpg","width":2539,"height":1594},{"@type":"BreadcrumbList","@id":"https:\/\/dpress.ma\/fr\/2023\/01\/12\/la-selection-marocaine-de-football-nest-pas-en-mesure-de-faire-le-deplacement-en-algerie-pour-disputer-le-chan-2023-frmf\/#breadcrumb","itemListElement":[{"@type":"ListItem","position":1,"name":"Home","item":"https:\/\/dpress.ma\/fr\/"},{"@type":"ListItem","position":2,"name":"La s\u00e9lection marocaine de football n\u2019est pas en mesure de faire le d\u00e9placement en Alg\u00e9rie pour disputer le CHAN 2023 (FRMF)"}]},{"@type":"WebSite","@id":"https:\/\/dpress.ma\/fr\/#website","url":"https:\/\/dpress.ma\/fr\/","name":"Dpress.ma\/fr","description":"","potentialAction":[{"@type":"SearchAction","target":{"@type":"EntryPoint","urlTemplate":"https:\/\/dpress.ma\/fr\/?s={search_term_string}"},"query-input":{"@type":"PropertyValueSpecification","valueRequired":true,"valueName":"search_term_string"}}],"inLanguage":"fr-FR"},{"@type":"Person","@id":"https:\/\/dpress.ma\/fr\/#\/schema\/person\/4898febf3ccd59e6578d838656a306a0","name":"Dpress.ma","image":{"@type":"ImageObject","inLanguage":"fr-FR","@id":"https:\/\/secure.gravatar.com\/avatar\/72ecc30e9db047a2e0e7176561eb9d564ed77c8108376495b19bd8336405198a?s=96&d=mm&r=g","url":"https:\/\/secure.gravatar.com\/avatar\/72ecc30e9db047a2e0e7176561eb9d564ed77c8108376495b19bd8336405198a?s=96&d=mm&r=g","contentUrl":"https:\/\/secure.gravatar.com\/avatar\/72ecc30e9db047a2e0e7176561eb9d564ed77c8108376495b19bd8336405198a?s=96&d=mm&r=g","caption":"Dpress.ma"},"sameAs":["https:\/\/www.dpress.ma"],"url":"https:\/\/dpress.ma\/fr\/author\/dpress-ma\/"}]}},"amp_enabled":true,"_links":{"self":[{"href":"https:\/\/dpress.ma\/fr\/wp-json\/wp\/v2\/posts\/3229","targetHints":{"allow":["GET"]}}],"collection":[{"href":"https:\/\/dpress.ma\/fr\/wp-json\/wp\/v2\/posts"}],"about":[{"href":"https:\/\/dpress.ma\/fr\/wp-json\/wp\/v2\/types\/post"}],"author":[{"embeddable":true,"href":"https:\/\/dpress.ma\/fr\/wp-json\/wp\/v2\/users\/2"}],"replies":[{"embeddable":true,"href":"https:\/\/dpress.ma\/fr\/wp-json\/wp\/v2\/comments?post=3229"}],"version-history":[{"count":1,"href":"https:\/\/dpress.ma\/fr\/wp-json\/wp\/v2\/posts\/3229\/revisions"}],"predecessor-version":[{"id":3231,"href":"https:\/\/dpress.ma\/fr\/wp-json\/wp\/v2\/posts\/3229\/revisions\/3231"}],"wp:featuredmedia":[{"embeddable":true,"href":"https:\/\/dpress.ma\/fr\/wp-json\/wp\/v2\/media\/3230"}],"wp:attachment":[{"href":"https:\/\/dpress.ma\/fr\/wp-json\/wp\/v2\/media?parent=3229"}],"wp:term":[{"taxonomy":"category","embeddable":true,"href":"https:\/\/dpress.ma\/fr\/wp-json\/wp\/v2\/categories?post=3229"},{"taxonomy":"post_tag","embeddable":true,"href":"https:\/\/dpress.ma\/fr\/wp-json\/wp\/v2\/tags?post=3229"}],"curies":[{"name":"wp","href":"https:\/\/api.w.org\/{rel}","templated":true}]}}