{"id":3227,"date":"2023-01-11T15:46:16","date_gmt":"2023-01-11T15:46:16","guid":{"rendered":"https:\/\/dpress.ma\/fr\/?p=3227"},"modified":"2023-01-11T15:46:17","modified_gmt":"2023-01-11T15:46:17","slug":"sm-le-roi-felicite-le-sultan-doman-a-loccasion-du-troisieme-anniversaire-de-son-accession-au-pouvoir","status":"publish","type":"post","link":"https:\/\/dpress.ma\/fr\/2023\/01\/11\/sm-le-roi-felicite-le-sultan-doman-a-loccasion-du-troisieme-anniversaire-de-son-accession-au-pouvoir\/","title":{"rendered":"SM le Roi f\u00e9licite le Sultan d\u2019Oman \u00e0 l\u2019occasion du troisi\u00e8me anniversaire de son accession au pouvoir"},"content":{"rendered":"\n<p>Dpress<\/p>\n\n\n\n<p>SM le Roi Mohammed VI a adress\u00e9 un message de f\u00e9licitations au Sultan d\u2019Oman SM Haitham ben Tarek ben Taimur, \u00e0 l\u2019occasion du troisi\u00e8me anniversaire de son accession \u00e0 la magistrature supr\u00eame de son pays.<\/p>\n\n\n\n<p>Dans ce message, le Souverain exprime, en Son nom et au nom du peuple marocain, \u00e0 SM Haitham ben Tarek,&nbsp;Ses sinc\u00e8res f\u00e9licitations et Ses meilleurs v\u0153ux pour le peuple omanais pour davantage de progr\u00e8s et de prosp\u00e9rit\u00e9, sous son sage leadership.<\/p>\n\n\n\n<p>SM le Roi fait part, \u00e0 cette occasion, de Sa grande fiert\u00e9 des liens de fraternit\u00e9 solide, de solidarit\u00e9 agissante et de coop\u00e9ration fructueuse, entre les peuples fr\u00e8res, soulignant Sa ferme d\u00e9termination \u00e0 \u0153uvrer de concert avec le Sultan d\u2019Oman pour raffermir et faire progresser davantage les relations bilat\u00e9rales, dans divers domaines, pour r\u00e9pondre aux aspirations communes aux deux peuples fr\u00e8res.<\/p>\n","protected":false},"excerpt":{"rendered":"<p>Dpress SM le Roi Mohammed VI a adress\u00e9 un message de f\u00e9licitations au Sultan d\u2019Oman SM Haitham ben Tarek ben Taimur, \u00e0 l\u2019occasion du troisi\u00e8me anniversaire de son accession \u00e0 la magistrature supr\u00eame de son pays. Dans ce message, le Souverain exprime, en Son nom et au nom du peuple marocain, \u00e0 SM Haitham ben &hellip;<\/p>\n","protected":false},"author":2,"featured_media":2526,"comment_status":"open","ping_status":"open","sticky":false,"template":"","format":"standard","meta":{"footnotes":""},"categories":[29],"tags":[],"class_list":["post-3227","post","type-post","status-publish","format-standard","has-post-thumbnail","hentry","category-activites-royales"],"yoast_head":"<!-- This site is optimized with the Yoast SEO plugin v27.5 - https:\/\/yoast.com\/product\/yoast-seo-wordpress\/ -->\n<title>SM le Roi f\u00e9licite le Sultan d\u2019Oman \u00e0 l\u2019occasion du troisi\u00e8me anniversaire de son accession au pouvoir - Dpress.ma\/fr<\/title>\n<meta name=\"robots\" content=\"index, follow, max-snippet:-1, max-image-preview:large, max-video-preview:-1\" \/>\n<link rel=\"canonical\" href=\"https:\/\/dpress.ma\/fr\/2023\/01\/11\/sm-le-roi-felicite-le-sultan-doman-a-loccasion-du-troisieme-anniversaire-de-son-accession-au-pouvoir\/\" \/>\n<meta property=\"og:locale\" content=\"fr_FR\" \/>\n<meta property=\"og:type\" content=\"article\" \/>\n<meta property=\"og:title\" content=\"SM le Roi f\u00e9licite le Sultan d\u2019Oman \u00e0 l\u2019occasion du troisi\u00e8me anniversaire de son accession au pouvoir - Dpress.ma\/fr\" \/>\n<meta property=\"og:description\" content=\"Dpress SM le Roi Mohammed VI a adress\u00e9 un message de f\u00e9licitations au Sultan d\u2019Oman SM Haitham ben Tarek ben Taimur, \u00e0 l\u2019occasion du troisi\u00e8me anniversaire de son accession \u00e0 la magistrature supr\u00eame de son pays. Dans ce message, le Souverain exprime, en Son nom et au nom du peuple marocain, \u00e0 SM Haitham ben &hellip;\" \/>\n<meta property=\"og:url\" content=\"https:\/\/dpress.ma\/fr\/2023\/01\/11\/sm-le-roi-felicite-le-sultan-doman-a-loccasion-du-troisieme-anniversaire-de-son-accession-au-pouvoir\/\" \/>\n<meta property=\"og:site_name\" content=\"Dpress.ma\/fr\" \/>\n<meta property=\"article:published_time\" content=\"2023-01-11T15:46:16+00:00\" \/>\n<meta property=\"article:modified_time\" content=\"2023-01-11T15:46:17+00:00\" \/>\n<meta name=\"author\" content=\"Dpress.ma\" \/>\n<meta name=\"twitter:card\" content=\"summary_large_image\" \/>\n<meta name=\"twitter:label1\" content=\"\u00c9crit par\" \/>\n\t<meta name=\"twitter:data1\" content=\"Dpress.ma\" \/>\n\t<meta name=\"twitter:label2\" content=\"Dur\u00e9e de lecture estim\u00e9e\" \/>\n\t<meta name=\"twitter:data2\" content=\"1 minute\" \/>\n<script type=\"application\/ld+json\" class=\"yoast-schema-graph\">{\"@context\":\"https:\\\/\\\/schema.org\",\"@graph\":[{\"@type\":\"Article\",\"@id\":\"https:\\\/\\\/dpress.ma\\\/fr\\\/2023\\\/01\\\/11\\\/sm-le-roi-felicite-le-sultan-doman-a-loccasion-du-troisieme-anniversaire-de-son-accession-au-pouvoir\\\/#article\",\"isPartOf\":{\"@id\":\"https:\\\/\\\/dpress.ma\\\/fr\\\/2023\\\/01\\\/11\\\/sm-le-roi-felicite-le-sultan-doman-a-loccasion-du-troisieme-anniversaire-de-son-accession-au-pouvoir\\\/\"},\"author\":{\"name\":\"Dpress.ma\",\"@id\":\"https:\\\/\\\/dpress.ma\\\/fr\\\/#\\\/schema\\\/person\\\/4898febf3ccd59e6578d838656a306a0\"},\"headline\":\"SM le Roi f\u00e9licite le Sultan d\u2019Oman \u00e0 l\u2019occasion du troisi\u00e8me anniversaire de son accession au pouvoir\",\"datePublished\":\"2023-01-11T15:46:16+00:00\",\"dateModified\":\"2023-01-11T15:46:17+00:00\",\"mainEntityOfPage\":{\"@id\":\"https:\\\/\\\/dpress.ma\\\/fr\\\/2023\\\/01\\\/11\\\/sm-le-roi-felicite-le-sultan-doman-a-loccasion-du-troisieme-anniversaire-de-son-accession-au-pouvoir\\\/\"},\"wordCount\":172,\"commentCount\":0,\"image\":{\"@id\":\"https:\\\/\\\/dpress.ma\\\/fr\\\/2023\\\/01\\\/11\\\/sm-le-roi-felicite-le-sultan-doman-a-loccasion-du-troisieme-anniversaire-de-son-accession-au-pouvoir\\\/#primaryimage\"},\"thumbnailUrl\":\"https:\\\/\\\/dpress.ma\\\/fr\\\/wp-content\\\/uploads\\\/sites\\\/2\\\/2022\\\/11\\\/dimensions2-31.jpg\",\"articleSection\":[\"Activit\u00e9s Royales\"],\"inLanguage\":\"fr-FR\",\"potentialAction\":[{\"@type\":\"CommentAction\",\"name\":\"Comment\",\"target\":[\"https:\\\/\\\/dpress.ma\\\/fr\\\/2023\\\/01\\\/11\\\/sm-le-roi-felicite-le-sultan-doman-a-loccasion-du-troisieme-anniversaire-de-son-accession-au-pouvoir\\\/#respond\"]}]},{\"@type\":\"WebPage\",\"@id\":\"https:\\\/\\\/dpress.ma\\\/fr\\\/2023\\\/01\\\/11\\\/sm-le-roi-felicite-le-sultan-doman-a-loccasion-du-troisieme-anniversaire-de-son-accession-au-pouvoir\\\/\",\"url\":\"https:\\\/\\\/dpress.ma\\\/fr\\\/2023\\\/01\\\/11\\\/sm-le-roi-felicite-le-sultan-doman-a-loccasion-du-troisieme-anniversaire-de-son-accession-au-pouvoir\\\/\",\"name\":\"SM le Roi f\u00e9licite le Sultan d\u2019Oman \u00e0 l\u2019occasion du troisi\u00e8me anniversaire de son accession au pouvoir - Dpress.ma\\\/fr\",\"isPartOf\":{\"@id\":\"https:\\\/\\\/dpress.ma\\\/fr\\\/#website\"},\"primaryImageOfPage\":{\"@id\":\"https:\\\/\\\/dpress.ma\\\/fr\\\/2023\\\/01\\\/11\\\/sm-le-roi-felicite-le-sultan-doman-a-loccasion-du-troisieme-anniversaire-de-son-accession-au-pouvoir\\\/#primaryimage\"},\"image\":{\"@id\":\"https:\\\/\\\/dpress.ma\\\/fr\\\/2023\\\/01\\\/11\\\/sm-le-roi-felicite-le-sultan-doman-a-loccasion-du-troisieme-anniversaire-de-son-accession-au-pouvoir\\\/#primaryimage\"},\"thumbnailUrl\":\"https:\\\/\\\/dpress.ma\\\/fr\\\/wp-content\\\/uploads\\\/sites\\\/2\\\/2022\\\/11\\\/dimensions2-31.jpg\",\"datePublished\":\"2023-01-11T15:46:16+00:00\",\"dateModified\":\"2023-01-11T15:46:17+00:00\",\"author\":{\"@id\":\"https:\\\/\\\/dpress.ma\\\/fr\\\/#\\\/schema\\\/person\\\/4898febf3ccd59e6578d838656a306a0\"},\"breadcrumb\":{\"@id\":\"https:\\\/\\\/dpress.ma\\\/fr\\\/2023\\\/01\\\/11\\\/sm-le-roi-felicite-le-sultan-doman-a-loccasion-du-troisieme-anniversaire-de-son-accession-au-pouvoir\\\/#breadcrumb\"},\"inLanguage\":\"fr-FR\",\"potentialAction\":[{\"@type\":\"ReadAction\",\"target\":[\"https:\\\/\\\/dpress.ma\\\/fr\\\/2023\\\/01\\\/11\\\/sm-le-roi-felicite-le-sultan-doman-a-loccasion-du-troisieme-anniversaire-de-son-accession-au-pouvoir\\\/\"]}]},{\"@type\":\"ImageObject\",\"inLanguage\":\"fr-FR\",\"@id\":\"https:\\\/\\\/dpress.ma\\\/fr\\\/2023\\\/01\\\/11\\\/sm-le-roi-felicite-le-sultan-doman-a-loccasion-du-troisieme-anniversaire-de-son-accession-au-pouvoir\\\/#primaryimage\",\"url\":\"https:\\\/\\\/dpress.ma\\\/fr\\\/wp-content\\\/uploads\\\/sites\\\/2\\\/2022\\\/11\\\/dimensions2-31.jpg\",\"contentUrl\":\"https:\\\/\\\/dpress.ma\\\/fr\\\/wp-content\\\/uploads\\\/sites\\\/2\\\/2022\\\/11\\\/dimensions2-31.jpg\",\"width\":2539,\"height\":1594},{\"@type\":\"BreadcrumbList\",\"@id\":\"https:\\\/\\\/dpress.ma\\\/fr\\\/2023\\\/01\\\/11\\\/sm-le-roi-felicite-le-sultan-doman-a-loccasion-du-troisieme-anniversaire-de-son-accession-au-pouvoir\\\/#breadcrumb\",\"itemListElement\":[{\"@type\":\"ListItem\",\"position\":1,\"name\":\"Home\",\"item\":\"https:\\\/\\\/dpress.ma\\\/fr\\\/\"},{\"@type\":\"ListItem\",\"position\":2,\"name\":\"SM le Roi f\u00e9licite le Sultan d\u2019Oman \u00e0 l\u2019occasion du troisi\u00e8me anniversaire de son accession au pouvoir\"}]},{\"@type\":\"WebSite\",\"@id\":\"https:\\\/\\\/dpress.ma\\\/fr\\\/#website\",\"url\":\"https:\\\/\\\/dpress.ma\\\/fr\\\/\",\"name\":\"Dpress.ma\\\/fr\",\"description\":\"\",\"potentialAction\":[{\"@type\":\"SearchAction\",\"target\":{\"@type\":\"EntryPoint\",\"urlTemplate\":\"https:\\\/\\\/dpress.ma\\\/fr\\\/?s={search_term_string}\"},\"query-input\":{\"@type\":\"PropertyValueSpecification\",\"valueRequired\":true,\"valueName\":\"search_term_string\"}}],\"inLanguage\":\"fr-FR\"},{\"@type\":\"Person\",\"@id\":\"https:\\\/\\\/dpress.ma\\\/fr\\\/#\\\/schema\\\/person\\\/4898febf3ccd59e6578d838656a306a0\",\"name\":\"Dpress.ma\",\"image\":{\"@type\":\"ImageObject\",\"inLanguage\":\"fr-FR\",\"@id\":\"https:\\\/\\\/secure.gravatar.com\\\/avatar\\\/72ecc30e9db047a2e0e7176561eb9d564ed77c8108376495b19bd8336405198a?s=96&d=mm&r=g\",\"url\":\"https:\\\/\\\/secure.gravatar.com\\\/avatar\\\/72ecc30e9db047a2e0e7176561eb9d564ed77c8108376495b19bd8336405198a?s=96&d=mm&r=g\",\"contentUrl\":\"https:\\\/\\\/secure.gravatar.com\\\/avatar\\\/72ecc30e9db047a2e0e7176561eb9d564ed77c8108376495b19bd8336405198a?s=96&d=mm&r=g\",\"caption\":\"Dpress.ma\"},\"sameAs\":[\"https:\\\/\\\/www.dpress.ma\"],\"url\":\"https:\\\/\\\/dpress.ma\\\/fr\\\/author\\\/dpress-ma\\\/\"}]}<\/script>\n<!-- \/ Yoast SEO plugin. -->","yoast_head_json":{"title":"SM le Roi f\u00e9licite le Sultan d\u2019Oman \u00e0 l\u2019occasion du troisi\u00e8me anniversaire de son accession au pouvoir - Dpress.ma\/fr","robots":{"index":"index","follow":"follow","max-snippet":"max-snippet:-1","max-image-preview":"max-image-preview:large","max-video-preview":"max-video-preview:-1"},"canonical":"https:\/\/dpress.ma\/fr\/2023\/01\/11\/sm-le-roi-felicite-le-sultan-doman-a-loccasion-du-troisieme-anniversaire-de-son-accession-au-pouvoir\/","og_locale":"fr_FR","og_type":"article","og_title":"SM le Roi f\u00e9licite le Sultan d\u2019Oman \u00e0 l\u2019occasion du troisi\u00e8me anniversaire de son accession au pouvoir - Dpress.ma\/fr","og_description":"Dpress SM le Roi Mohammed VI a adress\u00e9 un message de f\u00e9licitations au Sultan d\u2019Oman SM Haitham ben Tarek ben Taimur, \u00e0 l\u2019occasion du troisi\u00e8me anniversaire de son accession \u00e0 la magistrature supr\u00eame de son pays. Dans ce message, le Souverain exprime, en Son nom et au nom du peuple marocain, \u00e0 SM Haitham ben &hellip;","og_url":"https:\/\/dpress.ma\/fr\/2023\/01\/11\/sm-le-roi-felicite-le-sultan-doman-a-loccasion-du-troisieme-anniversaire-de-son-accession-au-pouvoir\/","og_site_name":"Dpress.ma\/fr","article_published_time":"2023-01-11T15:46:16+00:00","article_modified_time":"2023-01-11T15:46:17+00:00","author":"Dpress.ma","twitter_card":"summary_large_image","twitter_misc":{"\u00c9crit par":"Dpress.ma","Dur\u00e9e de lecture estim\u00e9e":"1 minute"},"schema":{"@context":"https:\/\/schema.org","@graph":[{"@type":"Article","@id":"https:\/\/dpress.ma\/fr\/2023\/01\/11\/sm-le-roi-felicite-le-sultan-doman-a-loccasion-du-troisieme-anniversaire-de-son-accession-au-pouvoir\/#article","isPartOf":{"@id":"https:\/\/dpress.ma\/fr\/2023\/01\/11\/sm-le-roi-felicite-le-sultan-doman-a-loccasion-du-troisieme-anniversaire-de-son-accession-au-pouvoir\/"},"author":{"name":"Dpress.ma","@id":"https:\/\/dpress.ma\/fr\/#\/schema\/person\/4898febf3ccd59e6578d838656a306a0"},"headline":"SM le Roi f\u00e9licite le Sultan d\u2019Oman \u00e0 l\u2019occasion du troisi\u00e8me anniversaire de son accession au pouvoir","datePublished":"2023-01-11T15:46:16+00:00","dateModified":"2023-01-11T15:46:17+00:00","mainEntityOfPage":{"@id":"https:\/\/dpress.ma\/fr\/2023\/01\/11\/sm-le-roi-felicite-le-sultan-doman-a-loccasion-du-troisieme-anniversaire-de-son-accession-au-pouvoir\/"},"wordCount":172,"commentCount":0,"image":{"@id":"https:\/\/dpress.ma\/fr\/2023\/01\/11\/sm-le-roi-felicite-le-sultan-doman-a-loccasion-du-troisieme-anniversaire-de-son-accession-au-pouvoir\/#primaryimage"},"thumbnailUrl":"https:\/\/dpress.ma\/fr\/wp-content\/uploads\/sites\/2\/2022\/11\/dimensions2-31.jpg","articleSection":["Activit\u00e9s Royales"],"inLanguage":"fr-FR","potentialAction":[{"@type":"CommentAction","name":"Comment","target":["https:\/\/dpress.ma\/fr\/2023\/01\/11\/sm-le-roi-felicite-le-sultan-doman-a-loccasion-du-troisieme-anniversaire-de-son-accession-au-pouvoir\/#respond"]}]},{"@type":"WebPage","@id":"https:\/\/dpress.ma\/fr\/2023\/01\/11\/sm-le-roi-felicite-le-sultan-doman-a-loccasion-du-troisieme-anniversaire-de-son-accession-au-pouvoir\/","url":"https:\/\/dpress.ma\/fr\/2023\/01\/11\/sm-le-roi-felicite-le-sultan-doman-a-loccasion-du-troisieme-anniversaire-de-son-accession-au-pouvoir\/","name":"SM le Roi f\u00e9licite le Sultan d\u2019Oman \u00e0 l\u2019occasion du troisi\u00e8me anniversaire de son accession au pouvoir - Dpress.ma\/fr","isPartOf":{"@id":"https:\/\/dpress.ma\/fr\/#website"},"primaryImageOfPage":{"@id":"https:\/\/dpress.ma\/fr\/2023\/01\/11\/sm-le-roi-felicite-le-sultan-doman-a-loccasion-du-troisieme-anniversaire-de-son-accession-au-pouvoir\/#primaryimage"},"image":{"@id":"https:\/\/dpress.ma\/fr\/2023\/01\/11\/sm-le-roi-felicite-le-sultan-doman-a-loccasion-du-troisieme-anniversaire-de-son-accession-au-pouvoir\/#primaryimage"},"thumbnailUrl":"https:\/\/dpress.ma\/fr\/wp-content\/uploads\/sites\/2\/2022\/11\/dimensions2-31.jpg","datePublished":"2023-01-11T15:46:16+00:00","dateModified":"2023-01-11T15:46:17+00:00","author":{"@id":"https:\/\/dpress.ma\/fr\/#\/schema\/person\/4898febf3ccd59e6578d838656a306a0"},"breadcrumb":{"@id":"https:\/\/dpress.ma\/fr\/2023\/01\/11\/sm-le-roi-felicite-le-sultan-doman-a-loccasion-du-troisieme-anniversaire-de-son-accession-au-pouvoir\/#breadcrumb"},"inLanguage":"fr-FR","potentialAction":[{"@type":"ReadAction","target":["https:\/\/dpress.ma\/fr\/2023\/01\/11\/sm-le-roi-felicite-le-sultan-doman-a-loccasion-du-troisieme-anniversaire-de-son-accession-au-pouvoir\/"]}]},{"@type":"ImageObject","inLanguage":"fr-FR","@id":"https:\/\/dpress.ma\/fr\/2023\/01\/11\/sm-le-roi-felicite-le-sultan-doman-a-loccasion-du-troisieme-anniversaire-de-son-accession-au-pouvoir\/#primaryimage","url":"https:\/\/dpress.ma\/fr\/wp-content\/uploads\/sites\/2\/2022\/11\/dimensions2-31.jpg","contentUrl":"https:\/\/dpress.ma\/fr\/wp-content\/uploads\/sites\/2\/2022\/11\/dimensions2-31.jpg","width":2539,"height":1594},{"@type":"BreadcrumbList","@id":"https:\/\/dpress.ma\/fr\/2023\/01\/11\/sm-le-roi-felicite-le-sultan-doman-a-loccasion-du-troisieme-anniversaire-de-son-accession-au-pouvoir\/#breadcrumb","itemListElement":[{"@type":"ListItem","position":1,"name":"Home","item":"https:\/\/dpress.ma\/fr\/"},{"@type":"ListItem","position":2,"name":"SM le Roi f\u00e9licite le Sultan d\u2019Oman \u00e0 l\u2019occasion du troisi\u00e8me anniversaire de son accession au pouvoir"}]},{"@type":"WebSite","@id":"https:\/\/dpress.ma\/fr\/#website","url":"https:\/\/dpress.ma\/fr\/","name":"Dpress.ma\/fr","description":"","potentialAction":[{"@type":"SearchAction","target":{"@type":"EntryPoint","urlTemplate":"https:\/\/dpress.ma\/fr\/?s={search_term_string}"},"query-input":{"@type":"PropertyValueSpecification","valueRequired":true,"valueName":"search_term_string"}}],"inLanguage":"fr-FR"},{"@type":"Person","@id":"https:\/\/dpress.ma\/fr\/#\/schema\/person\/4898febf3ccd59e6578d838656a306a0","name":"Dpress.ma","image":{"@type":"ImageObject","inLanguage":"fr-FR","@id":"https:\/\/secure.gravatar.com\/avatar\/72ecc30e9db047a2e0e7176561eb9d564ed77c8108376495b19bd8336405198a?s=96&d=mm&r=g","url":"https:\/\/secure.gravatar.com\/avatar\/72ecc30e9db047a2e0e7176561eb9d564ed77c8108376495b19bd8336405198a?s=96&d=mm&r=g","contentUrl":"https:\/\/secure.gravatar.com\/avatar\/72ecc30e9db047a2e0e7176561eb9d564ed77c8108376495b19bd8336405198a?s=96&d=mm&r=g","caption":"Dpress.ma"},"sameAs":["https:\/\/www.dpress.ma"],"url":"https:\/\/dpress.ma\/fr\/author\/dpress-ma\/"}]}},"amp_enabled":true,"_links":{"self":[{"href":"https:\/\/dpress.ma\/fr\/wp-json\/wp\/v2\/posts\/3227","targetHints":{"allow":["GET"]}}],"collection":[{"href":"https:\/\/dpress.ma\/fr\/wp-json\/wp\/v2\/posts"}],"about":[{"href":"https:\/\/dpress.ma\/fr\/wp-json\/wp\/v2\/types\/post"}],"author":[{"embeddable":true,"href":"https:\/\/dpress.ma\/fr\/wp-json\/wp\/v2\/users\/2"}],"replies":[{"embeddable":true,"href":"https:\/\/dpress.ma\/fr\/wp-json\/wp\/v2\/comments?post=3227"}],"version-history":[{"count":1,"href":"https:\/\/dpress.ma\/fr\/wp-json\/wp\/v2\/posts\/3227\/revisions"}],"predecessor-version":[{"id":3228,"href":"https:\/\/dpress.ma\/fr\/wp-json\/wp\/v2\/posts\/3227\/revisions\/3228"}],"wp:featuredmedia":[{"embeddable":true,"href":"https:\/\/dpress.ma\/fr\/wp-json\/wp\/v2\/media\/2526"}],"wp:attachment":[{"href":"https:\/\/dpress.ma\/fr\/wp-json\/wp\/v2\/media?parent=3227"}],"wp:term":[{"taxonomy":"category","embeddable":true,"href":"https:\/\/dpress.ma\/fr\/wp-json\/wp\/v2\/categories?post=3227"},{"taxonomy":"post_tag","embeddable":true,"href":"https:\/\/dpress.ma\/fr\/wp-json\/wp\/v2\/tags?post=3227"}],"curies":[{"name":"wp","href":"https:\/\/api.w.org\/{rel}","templated":true}]}}