{"id":32213,"date":"2026-05-23T09:48:38","date_gmt":"2026-05-23T09:48:38","guid":{"rendered":"https:\/\/dpress.ma\/fr\/?p=32213"},"modified":"2026-05-23T09:48:39","modified_gmt":"2026-05-23T09:48:39","slug":"construction-lancement-a-rabat-dun-projet-pour-lelimination-des-produits-chimiques-de-la-chaine-dapprovisionnement","status":"publish","type":"post","link":"https:\/\/dpress.ma\/fr\/2026\/05\/23\/construction-lancement-a-rabat-dun-projet-pour-lelimination-des-produits-chimiques-de-la-chaine-dapprovisionnement\/","title":{"rendered":"Construction : Lancement \u00e0 Rabat d\u2019un projet pour l\u2019\u00e9limination des produits chimiques de la cha\u00eene d\u2019approvisionnement"},"content":{"rendered":"\n<p class=\"wp-block-paragraph\">Dpress<\/p>\n\n\n\n<p class=\"wp-block-paragraph\">Le projet \u201c\u00c9limination des produits chimiques dangereux de la cha\u00eene d\u2019approvisionnement du secteur de la construction au Maroc\u201d a \u00e9t\u00e9 lanc\u00e9, vendredi \u00e0 Rabat, dans le cadre des efforts engag\u00e9s en faveur de la transition vers un mod\u00e8le de construction durable et \u00e9nerg\u00e9tiquement efficace.<\/p>\n\n\n\n<p class=\"wp-block-paragraph\">Port\u00e9 par l\u2019Organisation des Nations Unies pour le D\u00e9veloppement Industriel (ONUDI) et mis en \u0153uvre par l\u2019Agence Marocaine pour l\u2019Efficacit\u00e9 \u00c9nerg\u00e9tique (AMEE), avec l\u2019appui financier du Fonds pour l\u2019Environnement Mondial (FEM), ce projet vise \u00e0 promouvoir la transition \u00e9cologique de la cha\u00eene d\u2019approvisionnement du secteur de la construction, notamment \u00e0 travers la substitution des mat\u00e9riaux et produits chimiques dangereux par des alternatives plus respectueuses de l\u2019environnement, tout en favorisant les approches d\u2019\u00e9conomie circulaire et les mod\u00e8les de conception r\u00e9g\u00e9n\u00e9rative tout au long de la cha\u00eene de valeur.<\/p>\n\n\n\n<p class=\"wp-block-paragraph\">Pilot\u00e9 par le minist\u00e8re de la Transition \u00e9nerg\u00e9tique et du D\u00e9veloppement durable, ce projet pr\u00e9voit notamment le renforcement du cadre r\u00e9glementaire et normatif relatif \u00e0 la s\u00e9curit\u00e9 chimique des mat\u00e9riaux de construction, l\u2019int\u00e9gration des approches d\u2019Analyse du Cycle de Vie (ACV) dans les politiques et pratiques du secteur, ainsi que la promotion de l\u2019utilisation des mat\u00e9riaux \u00e0 faible teneur en carbone par des alternatives respectueuses de l\u2019environnement.<\/p>\n\n\n\n<p class=\"wp-block-paragraph\">Il ambitionne \u00e9galement de d\u00e9velopper des m\u00e9canismes de certification environnementale et sanitaire, de renforcer les capacit\u00e9s des institutions publiques, des laboratoires et des acteurs priv\u00e9s, tout en soutenant des actions pilotes d\u00e9monstratives et des campagnes de sensibilisation.<\/p>\n\n\n\n<p class=\"wp-block-paragraph\">Intervenant \u00e0 l\u2019ouverture de l\u2019atelier de lancement du projet, le secr\u00e9taire g\u00e9n\u00e9ral du minist\u00e8re de la Transition \u00e9nerg\u00e9tique et du D\u00e9veloppement durable \u2013 D\u00e9partement du D\u00e9veloppement durable, Bouzekri Razi, a indiqu\u00e9 que cette initiative porte, au-del\u00e0 de sa dimension technique, une ambition profond\u00e9ment humaine, celle de construire des espaces de vie plus s\u00fbrs, de mieux prot\u00e9ger la sant\u00e9 des travailleurs et des citoyens et de pr\u00e9parer un mod\u00e8le de d\u00e9veloppement plus respectueux de notre environnement.<\/p>\n\n\n\n<p class=\"wp-block-paragraph\">\u201cNotre pays a progressivement int\u00e9gr\u00e9 les enjeux li\u00e9s \u00e0 la gestion des produits chimiques dans ses politiques publiques environnementales, \u00e0 travers notamment la Strat\u00e9gie Nationale de D\u00e9veloppement Durable (SNDD) et les efforts d\u00e9ploy\u00e9s pour promouvoir une \u00e9conomie verte, circulaire et r\u00e9siliente\u201d, a ajout\u00e9 M. Razi.<\/p>\n\n\n\n<p class=\"wp-block-paragraph\">Le projet lanc\u00e9 vise \u00e0 accompagner la transformation de la cha\u00eene d\u2019approvisionnement du secteur de la construction au Maroc \u00e0 travers la promotion de mat\u00e9riaux plus s\u00fbrs, l\u2019encouragement des alternatives durables et le renforcement des pratiques respectueuses de l\u2019environnement, a-t-il fait savoir.<\/p>\n\n\n\n<p class=\"wp-block-paragraph\">Il constitue ainsi une opportunit\u00e9 importante pour renforcer la comp\u00e9titivit\u00e9 du secteur de la construction marocain tout en consolidant les engagements du Maroc en mati\u00e8re de d\u00e9veloppement durable et de gestion rationnelle des produits chimiques, a conclu M. Razi.<\/p>\n\n\n\n<p class=\"wp-block-paragraph\">Pour sa part, le directeur g\u00e9n\u00e9ral de l\u2019AMEE, Mohamed Benyahya, a not\u00e9 que le secteur de la construction, qui joue un r\u00f4le strat\u00e9gique dans l\u2019\u00e9conomie nationale, demeure l\u2019un des secteurs les plus \u00e9nergivores, pr\u00e9cisant que les mat\u00e9riaux de construction p\u00e8sent 42% de la consommation \u00e9nerg\u00e9tique totale de l\u2019industrie nationale.<\/p>\n\n\n\n<p class=\"wp-block-paragraph\">Selon M. Benyahya, ceci impose le d\u00e9veloppement de solutions bas\u00e9es sur les principes de l\u2019\u00e9conomie circulaire, d\u2019o\u00f9 l\u2019importance de ce projet qui adopte une approche int\u00e9gr\u00e9e bas\u00e9e sur l\u2019analyse des cycles de vie, la transformation des syst\u00e8mes de production et de consommation et la circulation, l\u2019objectif \u00e9tant d\u2019acc\u00e9l\u00e9rer la transition vers une construction durable, r\u00e9siliente et comp\u00e9titive.<\/p>\n\n\n\n<p class=\"wp-block-paragraph\">Pour ce faire, le projet se focalise sur le renforcement du cadre r\u00e9glementaire et normatif et la consolidation des capacit\u00e9s techniques et professionnelles du secteur, en plus de l\u2019appui \u00e0 l\u2019innovation et le montage de projets pilotes et de d\u00e9monstrations en partenariat avec les professionnels et les intervenants dans le secteur.<\/p>\n\n\n\n<p class=\"wp-block-paragraph\">De son c\u00f4t\u00e9, la repr\u00e9sentante pays de l\u2019ONUDI, Sanae Lahlou, a indiqu\u00e9 que le secteur du b\u00e2timent et de la construction est \u00e0 l\u2019origine de 30% des \u00e9missions mondiales de CO2, d\u2019o\u00f9 la n\u00e9cessit\u00e9, selon elle, de r\u00e9fl\u00e9chir \u00e0 des moyens de construire durablement en minimisant l\u2019impact sur l\u2019environnement.<\/p>\n\n\n\n<p class=\"wp-block-paragraph\">Le projet aura, justement, un impact tr\u00e8s significatif en termes de r\u00e9duction des \u00e9missions de CO2, s\u2019est r\u00e9jouie Mme Lahlou, soulignant que la durabilit\u00e9 n\u2019est pas seulement un sujet environnemental, mais \u00e9galement une question de souverainet\u00e9 industrielle et \u00e9conomique du Maroc.<\/p>\n\n\n\n<p class=\"wp-block-paragraph\">L\u2019atelier de lancement du projet \u201c\u00c9limination des produits chimiques dangereux de la cha\u00eene d\u2019approvisionnement du secteur de la construction au Maroc\u201d a \u00e9t\u00e9 marqu\u00e9e par une pr\u00e9sentation, par le minist\u00e8re de la Transition \u00e9nerg\u00e9tique et du D\u00e9veloppement durable, sur le contexte mondial du secteur de la construction, les objectifs du projet ainsi que son positionnement dans la SNDD.<\/p>\n","protected":false},"excerpt":{"rendered":"<p>Dpress Le projet \u201c\u00c9limination des produits chimiques dangereux de la cha\u00eene d\u2019approvisionnement du secteur de la construction au Maroc\u201d a \u00e9t\u00e9 lanc\u00e9, vendredi \u00e0 Rabat, dans le cadre des efforts engag\u00e9s en faveur de la transition vers un mod\u00e8le de construction durable et \u00e9nerg\u00e9tiquement efficace. Port\u00e9 par l\u2019Organisation des Nations Unies pour le D\u00e9veloppement Industriel &hellip;<\/p>\n","protected":false},"author":2,"featured_media":32214,"comment_status":"open","ping_status":"open","sticky":false,"template":"","format":"standard","meta":{"footnotes":""},"categories":[25],"tags":[],"class_list":["post-32213","post","type-post","status-publish","format-standard","has-post-thumbnail","hentry","category-economie"],"yoast_head":"<!-- This site is optimized with the Yoast SEO plugin v28.0 - https:\/\/yoast.com\/product\/yoast-seo-wordpress\/ -->\n<title>Construction : Lancement \u00e0 Rabat d\u2019un projet pour l\u2019\u00e9limination des produits chimiques de la cha\u00eene d\u2019approvisionnement - Dpress.ma\/fr<\/title>\n<meta name=\"robots\" content=\"index, follow, max-snippet:-1, max-image-preview:large, max-video-preview:-1\" \/>\n<link rel=\"canonical\" href=\"https:\/\/dpress.ma\/fr\/2026\/05\/23\/construction-lancement-a-rabat-dun-projet-pour-lelimination-des-produits-chimiques-de-la-chaine-dapprovisionnement\/\" \/>\n<meta property=\"og:locale\" content=\"fr_FR\" \/>\n<meta property=\"og:type\" content=\"article\" \/>\n<meta property=\"og:title\" content=\"Construction : Lancement \u00e0 Rabat d\u2019un projet pour l\u2019\u00e9limination des produits chimiques de la cha\u00eene d\u2019approvisionnement - Dpress.ma\/fr\" \/>\n<meta property=\"og:description\" content=\"Dpress Le projet \u201c\u00c9limination des produits chimiques dangereux de la cha\u00eene d\u2019approvisionnement du secteur de la construction au Maroc\u201d a \u00e9t\u00e9 lanc\u00e9, vendredi \u00e0 Rabat, dans le cadre des efforts engag\u00e9s en faveur de la transition vers un mod\u00e8le de construction durable et \u00e9nerg\u00e9tiquement efficace. Port\u00e9 par l\u2019Organisation des Nations Unies pour le D\u00e9veloppement Industriel &hellip;\" \/>\n<meta property=\"og:url\" content=\"https:\/\/dpress.ma\/fr\/2026\/05\/23\/construction-lancement-a-rabat-dun-projet-pour-lelimination-des-produits-chimiques-de-la-chaine-dapprovisionnement\/\" \/>\n<meta property=\"og:site_name\" content=\"Dpress.ma\/fr\" \/>\n<meta property=\"article:published_time\" content=\"2026-05-23T09:48:38+00:00\" \/>\n<meta property=\"article:modified_time\" content=\"2026-05-23T09:48:39+00:00\" \/>\n<meta property=\"og:image\" content=\"https:\/\/dpress.ma\/fr\/wp-content\/uploads\/sites\/2\/2026\/05\/44-8.jpg\" \/>\n\t<meta property=\"og:image:width\" content=\"2539\" \/>\n\t<meta property=\"og:image:height\" content=\"1594\" \/>\n\t<meta property=\"og:image:type\" content=\"image\/jpeg\" \/>\n<meta name=\"author\" content=\"Dpress.ma\" \/>\n<meta name=\"twitter:card\" content=\"summary_large_image\" \/>\n<meta name=\"twitter:label1\" content=\"\u00c9crit par\" \/>\n\t<meta name=\"twitter:data1\" content=\"Dpress.ma\" \/>\n\t<meta name=\"twitter:label2\" content=\"Dur\u00e9e de lecture estim\u00e9e\" \/>\n\t<meta name=\"twitter:data2\" content=\"4 minutes\" \/>\n<script type=\"application\/ld+json\" class=\"yoast-schema-graph\">{\"@context\":\"https:\\\/\\\/schema.org\",\"@graph\":[{\"@type\":\"Article\",\"@id\":\"https:\\\/\\\/dpress.ma\\\/fr\\\/2026\\\/05\\\/23\\\/construction-lancement-a-rabat-dun-projet-pour-lelimination-des-produits-chimiques-de-la-chaine-dapprovisionnement\\\/#article\",\"isPartOf\":{\"@id\":\"https:\\\/\\\/dpress.ma\\\/fr\\\/2026\\\/05\\\/23\\\/construction-lancement-a-rabat-dun-projet-pour-lelimination-des-produits-chimiques-de-la-chaine-dapprovisionnement\\\/\"},\"author\":{\"name\":\"Dpress.ma\",\"@id\":\"https:\\\/\\\/dpress.ma\\\/fr\\\/#\\\/schema\\\/person\\\/4898febf3ccd59e6578d838656a306a0\"},\"headline\":\"Construction : Lancement \u00e0 Rabat d\u2019un projet pour l\u2019\u00e9limination des produits chimiques de la cha\u00eene d\u2019approvisionnement\",\"datePublished\":\"2026-05-23T09:48:38+00:00\",\"dateModified\":\"2026-05-23T09:48:39+00:00\",\"mainEntityOfPage\":{\"@id\":\"https:\\\/\\\/dpress.ma\\\/fr\\\/2026\\\/05\\\/23\\\/construction-lancement-a-rabat-dun-projet-pour-lelimination-des-produits-chimiques-de-la-chaine-dapprovisionnement\\\/\"},\"wordCount\":873,\"commentCount\":0,\"image\":{\"@id\":\"https:\\\/\\\/dpress.ma\\\/fr\\\/2026\\\/05\\\/23\\\/construction-lancement-a-rabat-dun-projet-pour-lelimination-des-produits-chimiques-de-la-chaine-dapprovisionnement\\\/#primaryimage\"},\"thumbnailUrl\":\"https:\\\/\\\/dpress.ma\\\/fr\\\/wp-content\\\/uploads\\\/sites\\\/2\\\/2026\\\/05\\\/44-8.jpg\",\"articleSection\":[\"\u00c9conomie\"],\"inLanguage\":\"fr-FR\",\"potentialAction\":[{\"@type\":\"CommentAction\",\"name\":\"Comment\",\"target\":[\"https:\\\/\\\/dpress.ma\\\/fr\\\/2026\\\/05\\\/23\\\/construction-lancement-a-rabat-dun-projet-pour-lelimination-des-produits-chimiques-de-la-chaine-dapprovisionnement\\\/#respond\"]}]},{\"@type\":\"WebPage\",\"@id\":\"https:\\\/\\\/dpress.ma\\\/fr\\\/2026\\\/05\\\/23\\\/construction-lancement-a-rabat-dun-projet-pour-lelimination-des-produits-chimiques-de-la-chaine-dapprovisionnement\\\/\",\"url\":\"https:\\\/\\\/dpress.ma\\\/fr\\\/2026\\\/05\\\/23\\\/construction-lancement-a-rabat-dun-projet-pour-lelimination-des-produits-chimiques-de-la-chaine-dapprovisionnement\\\/\",\"name\":\"Construction : Lancement \u00e0 Rabat d\u2019un projet pour l\u2019\u00e9limination des produits chimiques de la cha\u00eene d\u2019approvisionnement - Dpress.ma\\\/fr\",\"isPartOf\":{\"@id\":\"https:\\\/\\\/dpress.ma\\\/fr\\\/#website\"},\"primaryImageOfPage\":{\"@id\":\"https:\\\/\\\/dpress.ma\\\/fr\\\/2026\\\/05\\\/23\\\/construction-lancement-a-rabat-dun-projet-pour-lelimination-des-produits-chimiques-de-la-chaine-dapprovisionnement\\\/#primaryimage\"},\"image\":{\"@id\":\"https:\\\/\\\/dpress.ma\\\/fr\\\/2026\\\/05\\\/23\\\/construction-lancement-a-rabat-dun-projet-pour-lelimination-des-produits-chimiques-de-la-chaine-dapprovisionnement\\\/#primaryimage\"},\"thumbnailUrl\":\"https:\\\/\\\/dpress.ma\\\/fr\\\/wp-content\\\/uploads\\\/sites\\\/2\\\/2026\\\/05\\\/44-8.jpg\",\"datePublished\":\"2026-05-23T09:48:38+00:00\",\"dateModified\":\"2026-05-23T09:48:39+00:00\",\"author\":{\"@id\":\"https:\\\/\\\/dpress.ma\\\/fr\\\/#\\\/schema\\\/person\\\/4898febf3ccd59e6578d838656a306a0\"},\"breadcrumb\":{\"@id\":\"https:\\\/\\\/dpress.ma\\\/fr\\\/2026\\\/05\\\/23\\\/construction-lancement-a-rabat-dun-projet-pour-lelimination-des-produits-chimiques-de-la-chaine-dapprovisionnement\\\/#breadcrumb\"},\"inLanguage\":\"fr-FR\",\"potentialAction\":[{\"@type\":\"ReadAction\",\"target\":[\"https:\\\/\\\/dpress.ma\\\/fr\\\/2026\\\/05\\\/23\\\/construction-lancement-a-rabat-dun-projet-pour-lelimination-des-produits-chimiques-de-la-chaine-dapprovisionnement\\\/\"]}]},{\"@type\":\"ImageObject\",\"inLanguage\":\"fr-FR\",\"@id\":\"https:\\\/\\\/dpress.ma\\\/fr\\\/2026\\\/05\\\/23\\\/construction-lancement-a-rabat-dun-projet-pour-lelimination-des-produits-chimiques-de-la-chaine-dapprovisionnement\\\/#primaryimage\",\"url\":\"https:\\\/\\\/dpress.ma\\\/fr\\\/wp-content\\\/uploads\\\/sites\\\/2\\\/2026\\\/05\\\/44-8.jpg\",\"contentUrl\":\"https:\\\/\\\/dpress.ma\\\/fr\\\/wp-content\\\/uploads\\\/sites\\\/2\\\/2026\\\/05\\\/44-8.jpg\",\"width\":2539,\"height\":1594},{\"@type\":\"BreadcrumbList\",\"@id\":\"https:\\\/\\\/dpress.ma\\\/fr\\\/2026\\\/05\\\/23\\\/construction-lancement-a-rabat-dun-projet-pour-lelimination-des-produits-chimiques-de-la-chaine-dapprovisionnement\\\/#breadcrumb\",\"itemListElement\":[{\"@type\":\"ListItem\",\"position\":1,\"name\":\"Home\",\"item\":\"https:\\\/\\\/dpress.ma\\\/fr\\\/\"},{\"@type\":\"ListItem\",\"position\":2,\"name\":\"Construction : Lancement \u00e0 Rabat d\u2019un projet pour l\u2019\u00e9limination des produits chimiques de la cha\u00eene d\u2019approvisionnement\"}]},{\"@type\":\"WebSite\",\"@id\":\"https:\\\/\\\/dpress.ma\\\/fr\\\/#website\",\"url\":\"https:\\\/\\\/dpress.ma\\\/fr\\\/\",\"name\":\"Dpress.ma\\\/fr\",\"description\":\"\",\"potentialAction\":[{\"@type\":\"SearchAction\",\"target\":{\"@type\":\"EntryPoint\",\"urlTemplate\":\"https:\\\/\\\/dpress.ma\\\/fr\\\/?s={search_term_string}\"},\"query-input\":{\"@type\":\"PropertyValueSpecification\",\"valueRequired\":true,\"valueName\":\"search_term_string\"}}],\"inLanguage\":\"fr-FR\"},{\"@type\":\"Person\",\"@id\":\"https:\\\/\\\/dpress.ma\\\/fr\\\/#\\\/schema\\\/person\\\/4898febf3ccd59e6578d838656a306a0\",\"name\":\"Dpress.ma\",\"image\":{\"@type\":\"ImageObject\",\"inLanguage\":\"fr-FR\",\"@id\":\"https:\\\/\\\/secure.gravatar.com\\\/avatar\\\/72ecc30e9db047a2e0e7176561eb9d564ed77c8108376495b19bd8336405198a?s=96&d=mm&r=g\",\"url\":\"https:\\\/\\\/secure.gravatar.com\\\/avatar\\\/72ecc30e9db047a2e0e7176561eb9d564ed77c8108376495b19bd8336405198a?s=96&d=mm&r=g\",\"contentUrl\":\"https:\\\/\\\/secure.gravatar.com\\\/avatar\\\/72ecc30e9db047a2e0e7176561eb9d564ed77c8108376495b19bd8336405198a?s=96&d=mm&r=g\",\"caption\":\"Dpress.ma\"},\"sameAs\":[\"https:\\\/\\\/www.dpress.ma\"],\"url\":\"https:\\\/\\\/dpress.ma\\\/fr\\\/author\\\/dpress-ma\\\/\"}]}<\/script>\n<!-- \/ Yoast SEO plugin. -->","yoast_head_json":{"title":"Construction : Lancement \u00e0 Rabat d\u2019un projet pour l\u2019\u00e9limination des produits chimiques de la cha\u00eene d\u2019approvisionnement - Dpress.ma\/fr","robots":{"index":"index","follow":"follow","max-snippet":"max-snippet:-1","max-image-preview":"max-image-preview:large","max-video-preview":"max-video-preview:-1"},"canonical":"https:\/\/dpress.ma\/fr\/2026\/05\/23\/construction-lancement-a-rabat-dun-projet-pour-lelimination-des-produits-chimiques-de-la-chaine-dapprovisionnement\/","og_locale":"fr_FR","og_type":"article","og_title":"Construction : Lancement \u00e0 Rabat d\u2019un projet pour l\u2019\u00e9limination des produits chimiques de la cha\u00eene d\u2019approvisionnement - Dpress.ma\/fr","og_description":"Dpress Le projet \u201c\u00c9limination des produits chimiques dangereux de la cha\u00eene d\u2019approvisionnement du secteur de la construction au Maroc\u201d a \u00e9t\u00e9 lanc\u00e9, vendredi \u00e0 Rabat, dans le cadre des efforts engag\u00e9s en faveur de la transition vers un mod\u00e8le de construction durable et \u00e9nerg\u00e9tiquement efficace. Port\u00e9 par l\u2019Organisation des Nations Unies pour le D\u00e9veloppement Industriel &hellip;","og_url":"https:\/\/dpress.ma\/fr\/2026\/05\/23\/construction-lancement-a-rabat-dun-projet-pour-lelimination-des-produits-chimiques-de-la-chaine-dapprovisionnement\/","og_site_name":"Dpress.ma\/fr","article_published_time":"2026-05-23T09:48:38+00:00","article_modified_time":"2026-05-23T09:48:39+00:00","og_image":[{"width":2539,"height":1594,"url":"https:\/\/dpress.ma\/fr\/wp-content\/uploads\/sites\/2\/2026\/05\/44-8.jpg","type":"image\/jpeg"}],"author":"Dpress.ma","twitter_card":"summary_large_image","twitter_misc":{"\u00c9crit par":"Dpress.ma","Dur\u00e9e de lecture estim\u00e9e":"4 minutes"},"schema":{"@context":"https:\/\/schema.org","@graph":[{"@type":"Article","@id":"https:\/\/dpress.ma\/fr\/2026\/05\/23\/construction-lancement-a-rabat-dun-projet-pour-lelimination-des-produits-chimiques-de-la-chaine-dapprovisionnement\/#article","isPartOf":{"@id":"https:\/\/dpress.ma\/fr\/2026\/05\/23\/construction-lancement-a-rabat-dun-projet-pour-lelimination-des-produits-chimiques-de-la-chaine-dapprovisionnement\/"},"author":{"name":"Dpress.ma","@id":"https:\/\/dpress.ma\/fr\/#\/schema\/person\/4898febf3ccd59e6578d838656a306a0"},"headline":"Construction : Lancement \u00e0 Rabat d\u2019un projet pour l\u2019\u00e9limination des produits chimiques de la cha\u00eene d\u2019approvisionnement","datePublished":"2026-05-23T09:48:38+00:00","dateModified":"2026-05-23T09:48:39+00:00","mainEntityOfPage":{"@id":"https:\/\/dpress.ma\/fr\/2026\/05\/23\/construction-lancement-a-rabat-dun-projet-pour-lelimination-des-produits-chimiques-de-la-chaine-dapprovisionnement\/"},"wordCount":873,"commentCount":0,"image":{"@id":"https:\/\/dpress.ma\/fr\/2026\/05\/23\/construction-lancement-a-rabat-dun-projet-pour-lelimination-des-produits-chimiques-de-la-chaine-dapprovisionnement\/#primaryimage"},"thumbnailUrl":"https:\/\/dpress.ma\/fr\/wp-content\/uploads\/sites\/2\/2026\/05\/44-8.jpg","articleSection":["\u00c9conomie"],"inLanguage":"fr-FR","potentialAction":[{"@type":"CommentAction","name":"Comment","target":["https:\/\/dpress.ma\/fr\/2026\/05\/23\/construction-lancement-a-rabat-dun-projet-pour-lelimination-des-produits-chimiques-de-la-chaine-dapprovisionnement\/#respond"]}]},{"@type":"WebPage","@id":"https:\/\/dpress.ma\/fr\/2026\/05\/23\/construction-lancement-a-rabat-dun-projet-pour-lelimination-des-produits-chimiques-de-la-chaine-dapprovisionnement\/","url":"https:\/\/dpress.ma\/fr\/2026\/05\/23\/construction-lancement-a-rabat-dun-projet-pour-lelimination-des-produits-chimiques-de-la-chaine-dapprovisionnement\/","name":"Construction : Lancement \u00e0 Rabat d\u2019un projet pour l\u2019\u00e9limination des produits chimiques de la cha\u00eene d\u2019approvisionnement - Dpress.ma\/fr","isPartOf":{"@id":"https:\/\/dpress.ma\/fr\/#website"},"primaryImageOfPage":{"@id":"https:\/\/dpress.ma\/fr\/2026\/05\/23\/construction-lancement-a-rabat-dun-projet-pour-lelimination-des-produits-chimiques-de-la-chaine-dapprovisionnement\/#primaryimage"},"image":{"@id":"https:\/\/dpress.ma\/fr\/2026\/05\/23\/construction-lancement-a-rabat-dun-projet-pour-lelimination-des-produits-chimiques-de-la-chaine-dapprovisionnement\/#primaryimage"},"thumbnailUrl":"https:\/\/dpress.ma\/fr\/wp-content\/uploads\/sites\/2\/2026\/05\/44-8.jpg","datePublished":"2026-05-23T09:48:38+00:00","dateModified":"2026-05-23T09:48:39+00:00","author":{"@id":"https:\/\/dpress.ma\/fr\/#\/schema\/person\/4898febf3ccd59e6578d838656a306a0"},"breadcrumb":{"@id":"https:\/\/dpress.ma\/fr\/2026\/05\/23\/construction-lancement-a-rabat-dun-projet-pour-lelimination-des-produits-chimiques-de-la-chaine-dapprovisionnement\/#breadcrumb"},"inLanguage":"fr-FR","potentialAction":[{"@type":"ReadAction","target":["https:\/\/dpress.ma\/fr\/2026\/05\/23\/construction-lancement-a-rabat-dun-projet-pour-lelimination-des-produits-chimiques-de-la-chaine-dapprovisionnement\/"]}]},{"@type":"ImageObject","inLanguage":"fr-FR","@id":"https:\/\/dpress.ma\/fr\/2026\/05\/23\/construction-lancement-a-rabat-dun-projet-pour-lelimination-des-produits-chimiques-de-la-chaine-dapprovisionnement\/#primaryimage","url":"https:\/\/dpress.ma\/fr\/wp-content\/uploads\/sites\/2\/2026\/05\/44-8.jpg","contentUrl":"https:\/\/dpress.ma\/fr\/wp-content\/uploads\/sites\/2\/2026\/05\/44-8.jpg","width":2539,"height":1594},{"@type":"BreadcrumbList","@id":"https:\/\/dpress.ma\/fr\/2026\/05\/23\/construction-lancement-a-rabat-dun-projet-pour-lelimination-des-produits-chimiques-de-la-chaine-dapprovisionnement\/#breadcrumb","itemListElement":[{"@type":"ListItem","position":1,"name":"Home","item":"https:\/\/dpress.ma\/fr\/"},{"@type":"ListItem","position":2,"name":"Construction : Lancement \u00e0 Rabat d\u2019un projet pour l\u2019\u00e9limination des produits chimiques de la cha\u00eene d\u2019approvisionnement"}]},{"@type":"WebSite","@id":"https:\/\/dpress.ma\/fr\/#website","url":"https:\/\/dpress.ma\/fr\/","name":"Dpress.ma\/fr","description":"","potentialAction":[{"@type":"SearchAction","target":{"@type":"EntryPoint","urlTemplate":"https:\/\/dpress.ma\/fr\/?s={search_term_string}"},"query-input":{"@type":"PropertyValueSpecification","valueRequired":true,"valueName":"search_term_string"}}],"inLanguage":"fr-FR"},{"@type":"Person","@id":"https:\/\/dpress.ma\/fr\/#\/schema\/person\/4898febf3ccd59e6578d838656a306a0","name":"Dpress.ma","image":{"@type":"ImageObject","inLanguage":"fr-FR","@id":"https:\/\/secure.gravatar.com\/avatar\/72ecc30e9db047a2e0e7176561eb9d564ed77c8108376495b19bd8336405198a?s=96&d=mm&r=g","url":"https:\/\/secure.gravatar.com\/avatar\/72ecc30e9db047a2e0e7176561eb9d564ed77c8108376495b19bd8336405198a?s=96&d=mm&r=g","contentUrl":"https:\/\/secure.gravatar.com\/avatar\/72ecc30e9db047a2e0e7176561eb9d564ed77c8108376495b19bd8336405198a?s=96&d=mm&r=g","caption":"Dpress.ma"},"sameAs":["https:\/\/www.dpress.ma"],"url":"https:\/\/dpress.ma\/fr\/author\/dpress-ma\/"}]}},"amp_enabled":true,"_links":{"self":[{"href":"https:\/\/dpress.ma\/fr\/wp-json\/wp\/v2\/posts\/32213","targetHints":{"allow":["GET"]}}],"collection":[{"href":"https:\/\/dpress.ma\/fr\/wp-json\/wp\/v2\/posts"}],"about":[{"href":"https:\/\/dpress.ma\/fr\/wp-json\/wp\/v2\/types\/post"}],"author":[{"embeddable":true,"href":"https:\/\/dpress.ma\/fr\/wp-json\/wp\/v2\/users\/2"}],"replies":[{"embeddable":true,"href":"https:\/\/dpress.ma\/fr\/wp-json\/wp\/v2\/comments?post=32213"}],"version-history":[{"count":1,"href":"https:\/\/dpress.ma\/fr\/wp-json\/wp\/v2\/posts\/32213\/revisions"}],"predecessor-version":[{"id":32215,"href":"https:\/\/dpress.ma\/fr\/wp-json\/wp\/v2\/posts\/32213\/revisions\/32215"}],"wp:featuredmedia":[{"embeddable":true,"href":"https:\/\/dpress.ma\/fr\/wp-json\/wp\/v2\/media\/32214"}],"wp:attachment":[{"href":"https:\/\/dpress.ma\/fr\/wp-json\/wp\/v2\/media?parent=32213"}],"wp:term":[{"taxonomy":"category","embeddable":true,"href":"https:\/\/dpress.ma\/fr\/wp-json\/wp\/v2\/categories?post=32213"},{"taxonomy":"post_tag","embeddable":true,"href":"https:\/\/dpress.ma\/fr\/wp-json\/wp\/v2\/tags?post=32213"}],"curies":[{"name":"wp","href":"https:\/\/api.w.org\/{rel}","templated":true}]}}