{"id":3218,"date":"2023-01-11T10:32:27","date_gmt":"2023-01-11T10:32:27","guid":{"rendered":"https:\/\/dpress.ma\/fr\/?p=3218"},"modified":"2023-01-11T10:32:28","modified_gmt":"2023-01-11T10:32:28","slug":"m-akhannouch-dresse-un-bilan-tres-positif-de-la-mise-en-oeuvre-du-chantier-de-la-couverture-medicale-et-sociale","status":"publish","type":"post","link":"https:\/\/dpress.ma\/fr\/2023\/01\/11\/m-akhannouch-dresse-un-bilan-tres-positif-de-la-mise-en-oeuvre-du-chantier-de-la-couverture-medicale-et-sociale\/","title":{"rendered":"M. Akhannouch dresse un bilan tr\u00e8s positif de la mise en \u0153uvre du chantier de la couverture m\u00e9dicale et sociale"},"content":{"rendered":"\n<p>Dpress<\/p>\n\n\n\n<p>&nbsp;\u201cLe gouvernement est parvenu, au cours de la premi\u00e8re ann\u00e9e de son mandat, \u00e0 r\u00e9aliser un bilan \u201ctr\u00e8s positif\u201d dans la mise en \u0153uvre du chantier de la couverture m\u00e9dicale et sociale\u201d, s\u2019est f\u00e9licit\u00e9, mardi \u00e0 Rabat, le Chef du gouvernement, Aziz Akhannouch, soulignant que l\u2019Ex\u00e9cutif a r\u00e9ussi l\u2019exploit \u201cin\u00e9dit\u201d d\u2019instaurer les bases d\u2019une solidarit\u00e9 institutionnelle obligatoire qui participera \u00e0 la protection des droits de tous les citoyens.<\/p>\n\n\n\n<p>\u201cLe gouvernement a, en outre, facilit\u00e9 les modalit\u00e9s d\u2019acc\u00e8s aux services de soins de sant\u00e9 dans des conditions d\u00e9centes, de mani\u00e8re \u00e0 garantir l\u2019\u00e9galit\u00e9 entre tous les Marocains, quelle que soit leur situation financi\u00e8re et professionnelle\u201d, a fait observer M. Akhannouch en r\u00e9ponse \u00e0 une question orale concernant \u201cla mise en \u0153uvre des chantiers de couverture m\u00e9dicale et sociale\u201d, lors de la s\u00e9ance mensuelle sur la politique g\u00e9n\u00e9rale \u00e0 la Chambre des conseillers.<\/p>\n\n\n\n<p>Il a not\u00e9 que les derni\u00e8res ann\u00e9es ont \u00e9t\u00e9 t\u00e9moins de d\u00e9fis de taille \u00e0 l\u2019\u00e9chelle nationale, d\u00e9fis li\u00e9s \u00e0 la faiblesse de la couverture m\u00e9dicale en raison des d\u00e9s\u00e9quilibres structurels que connait l\u2019offre de soins nationale, outre les lacunes de l\u2019assurance maladie obligatoire, \u201cce qui a donn\u00e9 lieu \u00e0 un sentiment d\u2019insatisfaction parmi les citoyens\u201d.<\/p>\n\n\n\n<p>Aussi, le gouvernement a-t-il entam\u00e9, d\u00e8s les premi\u00e8res semaines de sa prise de fonction conform\u00e9ment \u00e0 l\u2019agenda annonc\u00e9 par Sa Majest\u00e9 le Roi \u00e0 l\u2019occasion du 21e anniversaire de la Glorieuse F\u00eate du Tr\u00f4ne, la pr\u00e9paration du terrain id\u00e9al pour construire un syst\u00e8me moderne de protection sociale, en rem\u00e9diant aux diverses formes de dispersion qui ont marqu\u00e9 les programmes pr\u00e9c\u00e9dents, a fait savoir le Chef du gouvernement.<\/p>\n\n\n\n<p>Et de poursuivre que ces derni\u00e8res ann\u00e9es ont \u00e9galement \u00e9t\u00e9 marqu\u00e9es par l\u2019incapacit\u00e9 de l\u2019Assurance maladie obligatoire \u00e0 cibler les groupes concern\u00e9s, que ce soit en termes de pourcentage limit\u00e9 de couverture sanitaire ou \u00e0 travers la faiblesse des m\u00e9canismes de gouvernance et de coordination institutionnelle.<\/p>\n\n\n\n<p>Compte tenu des \u00e9tapes franchies dans la mise en oeuvre de ce chantier ayant permis \u201cune v\u00e9ritable r\u00e9volution sociale dans le traitement des enjeux fondamentaux du citoyen, avec au premier rang la cons\u00e9cration du droit \u00e0 la sant\u00e9, le gouvernement aura r\u00e9ussi \u00e0 remplir ses engagements, et avant la fin de 2022, a g\u00e9n\u00e9raliser et \u00e0 \u00e9largir les services d\u2019assurance maladie obligatoire, pour permettre \u00e0 tous les Marocains, sur un pied d\u2019\u00e9galit\u00e9, de b\u00e9n\u00e9ficier de services de couverture de maladie unifi\u00e9s, en d\u00e9pit de leurs cat\u00e9gories sociales ou professionnelles\u201d, s\u2019est f\u00e9licit\u00e9 M. Akhannouch.<\/p>\n\n\n\n<p>A cet \u00e9gard, le chef du gouvernement a soulign\u00e9 qu\u2019en un an, le nombre total d\u2019assur\u00e9s \u00e0 la Caisse Nationale de S\u00e9curit\u00e9 Sociale (CNSS) est pass\u00e9 de 7,8 millions d\u2019individus \u00e0 plus de 23,2 millions de personnes non salari\u00e9s et leurs ayants droit, ainsi que 9,4 millions d\u2019affili\u00e9s au syst\u00e8me de l\u2019Assurance Maladie Obligatoire (solidarit\u00e9 AMO).<\/p>\n\n\n\n<p>\u201cLes donn\u00e9es sur l\u2019acc\u00e8s aux soins ont d\u00e9montr\u00e9 que la hausse du nombre d\u2019assur\u00e9s a \u00e9t\u00e9 parall\u00e8le \u00e0 celle des b\u00e9n\u00e9ficiaires de la Caisse, \u00e0 mesure que le nombre de dossiers de soins pour la cat\u00e9gorie des travailleurs non salari\u00e9s au titre de l\u2019ann\u00e9e 2022 s\u2019est \u00e9lev\u00e9 \u00e0 pr\u00e8s de 642.700 dossiers, alors que le nombre de dossiers sp\u00e9cifique \u00e0 (Solidarit\u00e9 AMO) pour uniquement le mois de d\u00e9cembre, a d\u00e9pass\u00e9 les 53.400 dossiers, auxquels s\u2019ajoutent les 582.524 admissions dans les h\u00f4pitaux publics ( ayant co\u00fbt\u00e9 plus de 233 millions de dirhams)\u201d, a-t-il dit. Il a \u00e9galement affirm\u00e9 qu\u2019afin de consacrer ces acquis et d\u2019assurer leur p\u00e9rennit\u00e9, et dans un souci de coordination des actions de l\u2019ensemble des intervenants dans la g\u00e9n\u00e9ralisation de l\u2019AMO, le gouvernement a tenu \u00e0 d\u00e9velopper les aspects li\u00e9s \u00e0 la gestion et \u00e0 la gouvernance des \u00e9tablissements de s\u00e9curit\u00e9 sociale, outre la prise des mesures d\u2019ordre l\u00e9gislatif, organisationnel, financier et institutionnel pour faire aboutir ce processus, compte tenu de l\u2019\u00e9quilibre structurel entre les ressources et les cotisations d\u2019une part, et les d\u00e9penses et les services rendus d\u2019autre part, conform\u00e9ment \u00e0 l\u2019architecture juridique contenue dans la loi-cadre n\u00b0 09-21 relative \u00e0 la protection sociale.<\/p>\n\n\n\n<p>Dans ce contexte, M. Akhannouch a salu\u00e9 les efforts d\u00e9ploy\u00e9s par les diff\u00e9rents services gouvernementaux ainsi que ses partenaires institutionnels que \u00e7a soit au niveau de la pilotage et de la mise en application des composantes du projet ou ou au regard de ses d\u00e9terminants l\u00e9gislatifs et organisationnels.<\/p>\n\n\n\n<p>\u201cPour faire face aux diff\u00e9rentes d\u00e9faillances rencontr\u00e9es au cours des p\u00e9riodes pr\u00e9c\u00e9dentes, la CNSS s\u2019est mobilis\u00e9e pour proc\u00e9der aux r\u00e9visions n\u00e9cessaires de ses diff\u00e9rentes structures administratives et moderniser le sch\u00e9ma de ses interventions, en tant qu\u2019organe m\u00e9diateur charg\u00e9 de recevoir les dossiers des nouveaux adh\u00e9rents impliqu\u00e9s et d\u2019accompagner toutes les \u00e9tapes essentielles \u00e0 ce chantier\u201d, a-t-il not\u00e9.<\/p>\n\n\n\n<p>Par ailleurs, le chef du gouvernement s\u2019est attard\u00e9 \u00e0 cette occasion, sur l\u2019action \u201cimportante\u201d des services de la Caisse, et qui a permis de renforcer le taux des ressources humaines \u00e0 travers le recrutement de plus de 1.400 postes suppl\u00e9mentaires au cours de l\u2019ann\u00e9e \u00e9coul\u00e9e, d\u2019\u00e9tablir un nouveau plan de formation pour les cadres administratifs, la cr\u00e9ation d\u2019un centre de traitement des dossiers des travailleurs non-salari\u00e9s, conclure des partenariats avec les institutions de proximit\u00e9 et de m\u00e9diation qui assureront les missions d\u2019identification des cat\u00e9gories de travailleurs non-salari\u00e9s ainsi que le transfert de leurs donn\u00e9es personnelles \u00e0 la CNSS.<\/p>\n\n\n\n<p>La CNSS, poursuit M. Akhannouch, a entam\u00e9 l\u2019ouverture de pr\u00e8s de 47 agences de proximit\u00e9, le lancement de 45 agences mobiles, la cr\u00e9ation de 8.000 centres de communication pour enregistrer les nouveaux travailleurs non-salari\u00e9s, la cr\u00e9ation de 2.000 points pour la r\u00e9ception des dossiers de l\u2019AMO, ainsi que la cr\u00e9ation de 4.000 agences de proximit\u00e9 d\u00e9di\u00e9es au paiement des droits d\u2019adh\u00e9sion, l\u2019am\u00e9lioration des conditions d\u2019acc\u00e8s et le paiement des services administratives pour r\u00e9aliser l\u2019accompagnement effectif et r\u00e9ussir ce chantier royal.<\/p>\n","protected":false},"excerpt":{"rendered":"<p>Dpress &nbsp;\u201cLe gouvernement est parvenu, au cours de la premi\u00e8re ann\u00e9e de son mandat, \u00e0 r\u00e9aliser un bilan \u201ctr\u00e8s positif\u201d dans la mise en \u0153uvre du chantier de la couverture m\u00e9dicale et sociale\u201d, s\u2019est f\u00e9licit\u00e9, mardi \u00e0 Rabat, le Chef du gouvernement, Aziz Akhannouch, soulignant que l\u2019Ex\u00e9cutif a r\u00e9ussi l\u2019exploit \u201cin\u00e9dit\u201d d\u2019instaurer les bases d\u2019une &hellip;<\/p>\n","protected":false},"author":2,"featured_media":3219,"comment_status":"open","ping_status":"open","sticky":false,"template":"","format":"standard","meta":{"footnotes":""},"categories":[26],"tags":[],"class_list":["post-3218","post","type-post","status-publish","format-standard","has-post-thumbnail","hentry","category-politiques"],"yoast_head":"<!-- This site is optimized with the Yoast SEO plugin v27.5 - https:\/\/yoast.com\/product\/yoast-seo-wordpress\/ -->\n<title>M. Akhannouch dresse un bilan tr\u00e8s positif de la mise en \u0153uvre du chantier de la couverture m\u00e9dicale et sociale - Dpress.ma\/fr<\/title>\n<meta name=\"description\" content=\"\u201cLe gouvernement est parvenu, au cours de la premi\u00e8re ann\u00e9e de son mandat, \u00e0 r\u00e9aliser un bilan \u201ctr\u00e8s positif\u201d dans la mise en \u0153uvre du chantier de la couverture m\u00e9dicale et sociale\u201d, s\u2019est f\u00e9licit\u00e9, mardi \u00e0 Rabat, le Chef du gouvernement, Aziz Akhannouch, soulignant que l\u2019Ex\u00e9cutif a r\u00e9ussi l\u2019exploit \u201cin\u00e9dit\u201d d\u2019instaurer les bases d\u2019une solidarit\u00e9 institutionnelle obligatoire qui participera \u00e0 la protection des droits de tous les citoyens.\" \/>\n<meta name=\"robots\" content=\"index, follow, max-snippet:-1, max-image-preview:large, max-video-preview:-1\" \/>\n<link rel=\"canonical\" href=\"https:\/\/dpress.ma\/fr\/2023\/01\/11\/m-akhannouch-dresse-un-bilan-tres-positif-de-la-mise-en-oeuvre-du-chantier-de-la-couverture-medicale-et-sociale\/\" \/>\n<meta property=\"og:locale\" content=\"fr_FR\" \/>\n<meta property=\"og:type\" content=\"article\" \/>\n<meta property=\"og:title\" content=\"M. Akhannouch dresse un bilan tr\u00e8s positif de la mise en \u0153uvre du chantier de la couverture m\u00e9dicale et sociale - Dpress.ma\/fr\" \/>\n<meta property=\"og:description\" content=\"\u201cLe gouvernement est parvenu, au cours de la premi\u00e8re ann\u00e9e de son mandat, \u00e0 r\u00e9aliser un bilan \u201ctr\u00e8s positif\u201d dans la mise en \u0153uvre du chantier de la couverture m\u00e9dicale et sociale\u201d, s\u2019est f\u00e9licit\u00e9, mardi \u00e0 Rabat, le Chef du gouvernement, Aziz Akhannouch, soulignant que l\u2019Ex\u00e9cutif a r\u00e9ussi l\u2019exploit \u201cin\u00e9dit\u201d d\u2019instaurer les bases d\u2019une solidarit\u00e9 institutionnelle obligatoire qui participera \u00e0 la protection des droits de tous les citoyens.\" \/>\n<meta property=\"og:url\" content=\"https:\/\/dpress.ma\/fr\/2023\/01\/11\/m-akhannouch-dresse-un-bilan-tres-positif-de-la-mise-en-oeuvre-du-chantier-de-la-couverture-medicale-et-sociale\/\" \/>\n<meta property=\"og:site_name\" content=\"Dpress.ma\/fr\" \/>\n<meta property=\"article:published_time\" content=\"2023-01-11T10:32:27+00:00\" \/>\n<meta property=\"article:modified_time\" content=\"2023-01-11T10:32:28+00:00\" \/>\n<meta property=\"og:image\" content=\"https:\/\/dpress.ma\/fr\/wp-content\/uploads\/sites\/2\/2023\/01\/dimensions2-17.jpg\" \/>\n\t<meta property=\"og:image:width\" content=\"2539\" \/>\n\t<meta property=\"og:image:height\" content=\"1594\" \/>\n\t<meta property=\"og:image:type\" content=\"image\/jpeg\" \/>\n<meta name=\"author\" content=\"Dpress.ma\" \/>\n<meta name=\"twitter:card\" content=\"summary_large_image\" \/>\n<meta name=\"twitter:label1\" content=\"\u00c9crit par\" \/>\n\t<meta name=\"twitter:data1\" content=\"Dpress.ma\" \/>\n\t<meta name=\"twitter:label2\" content=\"Dur\u00e9e de lecture estim\u00e9e\" \/>\n\t<meta name=\"twitter:data2\" content=\"5 minutes\" \/>\n<script type=\"application\/ld+json\" class=\"yoast-schema-graph\">{\"@context\":\"https:\\\/\\\/schema.org\",\"@graph\":[{\"@type\":\"Article\",\"@id\":\"https:\\\/\\\/dpress.ma\\\/fr\\\/2023\\\/01\\\/11\\\/m-akhannouch-dresse-un-bilan-tres-positif-de-la-mise-en-oeuvre-du-chantier-de-la-couverture-medicale-et-sociale\\\/#article\",\"isPartOf\":{\"@id\":\"https:\\\/\\\/dpress.ma\\\/fr\\\/2023\\\/01\\\/11\\\/m-akhannouch-dresse-un-bilan-tres-positif-de-la-mise-en-oeuvre-du-chantier-de-la-couverture-medicale-et-sociale\\\/\"},\"author\":{\"name\":\"Dpress.ma\",\"@id\":\"https:\\\/\\\/dpress.ma\\\/fr\\\/#\\\/schema\\\/person\\\/4898febf3ccd59e6578d838656a306a0\"},\"headline\":\"M. Akhannouch dresse un bilan tr\u00e8s positif de la mise en \u0153uvre du chantier de la couverture m\u00e9dicale et sociale\",\"datePublished\":\"2023-01-11T10:32:27+00:00\",\"dateModified\":\"2023-01-11T10:32:28+00:00\",\"mainEntityOfPage\":{\"@id\":\"https:\\\/\\\/dpress.ma\\\/fr\\\/2023\\\/01\\\/11\\\/m-akhannouch-dresse-un-bilan-tres-positif-de-la-mise-en-oeuvre-du-chantier-de-la-couverture-medicale-et-sociale\\\/\"},\"wordCount\":1095,\"commentCount\":0,\"image\":{\"@id\":\"https:\\\/\\\/dpress.ma\\\/fr\\\/2023\\\/01\\\/11\\\/m-akhannouch-dresse-un-bilan-tres-positif-de-la-mise-en-oeuvre-du-chantier-de-la-couverture-medicale-et-sociale\\\/#primaryimage\"},\"thumbnailUrl\":\"https:\\\/\\\/dpress.ma\\\/fr\\\/wp-content\\\/uploads\\\/sites\\\/2\\\/2023\\\/01\\\/dimensions2-17.jpg\",\"articleSection\":[\"Politiques\"],\"inLanguage\":\"fr-FR\",\"potentialAction\":[{\"@type\":\"CommentAction\",\"name\":\"Comment\",\"target\":[\"https:\\\/\\\/dpress.ma\\\/fr\\\/2023\\\/01\\\/11\\\/m-akhannouch-dresse-un-bilan-tres-positif-de-la-mise-en-oeuvre-du-chantier-de-la-couverture-medicale-et-sociale\\\/#respond\"]}]},{\"@type\":\"WebPage\",\"@id\":\"https:\\\/\\\/dpress.ma\\\/fr\\\/2023\\\/01\\\/11\\\/m-akhannouch-dresse-un-bilan-tres-positif-de-la-mise-en-oeuvre-du-chantier-de-la-couverture-medicale-et-sociale\\\/\",\"url\":\"https:\\\/\\\/dpress.ma\\\/fr\\\/2023\\\/01\\\/11\\\/m-akhannouch-dresse-un-bilan-tres-positif-de-la-mise-en-oeuvre-du-chantier-de-la-couverture-medicale-et-sociale\\\/\",\"name\":\"M. Akhannouch dresse un bilan tr\u00e8s positif de la mise en \u0153uvre du chantier de la couverture m\u00e9dicale et sociale - Dpress.ma\\\/fr\",\"isPartOf\":{\"@id\":\"https:\\\/\\\/dpress.ma\\\/fr\\\/#website\"},\"primaryImageOfPage\":{\"@id\":\"https:\\\/\\\/dpress.ma\\\/fr\\\/2023\\\/01\\\/11\\\/m-akhannouch-dresse-un-bilan-tres-positif-de-la-mise-en-oeuvre-du-chantier-de-la-couverture-medicale-et-sociale\\\/#primaryimage\"},\"image\":{\"@id\":\"https:\\\/\\\/dpress.ma\\\/fr\\\/2023\\\/01\\\/11\\\/m-akhannouch-dresse-un-bilan-tres-positif-de-la-mise-en-oeuvre-du-chantier-de-la-couverture-medicale-et-sociale\\\/#primaryimage\"},\"thumbnailUrl\":\"https:\\\/\\\/dpress.ma\\\/fr\\\/wp-content\\\/uploads\\\/sites\\\/2\\\/2023\\\/01\\\/dimensions2-17.jpg\",\"datePublished\":\"2023-01-11T10:32:27+00:00\",\"dateModified\":\"2023-01-11T10:32:28+00:00\",\"author\":{\"@id\":\"https:\\\/\\\/dpress.ma\\\/fr\\\/#\\\/schema\\\/person\\\/4898febf3ccd59e6578d838656a306a0\"},\"description\":\"\u201cLe gouvernement est parvenu, au cours de la premi\u00e8re ann\u00e9e de son mandat, \u00e0 r\u00e9aliser un bilan \u201ctr\u00e8s positif\u201d dans la mise en \u0153uvre du chantier de la couverture m\u00e9dicale et sociale\u201d, s\u2019est f\u00e9licit\u00e9, mardi \u00e0 Rabat, le Chef du gouvernement, Aziz Akhannouch, soulignant que l\u2019Ex\u00e9cutif a r\u00e9ussi l\u2019exploit \u201cin\u00e9dit\u201d d\u2019instaurer les bases d\u2019une solidarit\u00e9 institutionnelle obligatoire qui participera \u00e0 la protection des droits de tous les citoyens.\",\"breadcrumb\":{\"@id\":\"https:\\\/\\\/dpress.ma\\\/fr\\\/2023\\\/01\\\/11\\\/m-akhannouch-dresse-un-bilan-tres-positif-de-la-mise-en-oeuvre-du-chantier-de-la-couverture-medicale-et-sociale\\\/#breadcrumb\"},\"inLanguage\":\"fr-FR\",\"potentialAction\":[{\"@type\":\"ReadAction\",\"target\":[\"https:\\\/\\\/dpress.ma\\\/fr\\\/2023\\\/01\\\/11\\\/m-akhannouch-dresse-un-bilan-tres-positif-de-la-mise-en-oeuvre-du-chantier-de-la-couverture-medicale-et-sociale\\\/\"]}]},{\"@type\":\"ImageObject\",\"inLanguage\":\"fr-FR\",\"@id\":\"https:\\\/\\\/dpress.ma\\\/fr\\\/2023\\\/01\\\/11\\\/m-akhannouch-dresse-un-bilan-tres-positif-de-la-mise-en-oeuvre-du-chantier-de-la-couverture-medicale-et-sociale\\\/#primaryimage\",\"url\":\"https:\\\/\\\/dpress.ma\\\/fr\\\/wp-content\\\/uploads\\\/sites\\\/2\\\/2023\\\/01\\\/dimensions2-17.jpg\",\"contentUrl\":\"https:\\\/\\\/dpress.ma\\\/fr\\\/wp-content\\\/uploads\\\/sites\\\/2\\\/2023\\\/01\\\/dimensions2-17.jpg\",\"width\":2539,\"height\":1594},{\"@type\":\"BreadcrumbList\",\"@id\":\"https:\\\/\\\/dpress.ma\\\/fr\\\/2023\\\/01\\\/11\\\/m-akhannouch-dresse-un-bilan-tres-positif-de-la-mise-en-oeuvre-du-chantier-de-la-couverture-medicale-et-sociale\\\/#breadcrumb\",\"itemListElement\":[{\"@type\":\"ListItem\",\"position\":1,\"name\":\"Home\",\"item\":\"https:\\\/\\\/dpress.ma\\\/fr\\\/\"},{\"@type\":\"ListItem\",\"position\":2,\"name\":\"M. Akhannouch dresse un bilan tr\u00e8s positif de la mise en \u0153uvre du chantier de la couverture m\u00e9dicale et sociale\"}]},{\"@type\":\"WebSite\",\"@id\":\"https:\\\/\\\/dpress.ma\\\/fr\\\/#website\",\"url\":\"https:\\\/\\\/dpress.ma\\\/fr\\\/\",\"name\":\"Dpress.ma\\\/fr\",\"description\":\"\",\"potentialAction\":[{\"@type\":\"SearchAction\",\"target\":{\"@type\":\"EntryPoint\",\"urlTemplate\":\"https:\\\/\\\/dpress.ma\\\/fr\\\/?s={search_term_string}\"},\"query-input\":{\"@type\":\"PropertyValueSpecification\",\"valueRequired\":true,\"valueName\":\"search_term_string\"}}],\"inLanguage\":\"fr-FR\"},{\"@type\":\"Person\",\"@id\":\"https:\\\/\\\/dpress.ma\\\/fr\\\/#\\\/schema\\\/person\\\/4898febf3ccd59e6578d838656a306a0\",\"name\":\"Dpress.ma\",\"image\":{\"@type\":\"ImageObject\",\"inLanguage\":\"fr-FR\",\"@id\":\"https:\\\/\\\/secure.gravatar.com\\\/avatar\\\/72ecc30e9db047a2e0e7176561eb9d564ed77c8108376495b19bd8336405198a?s=96&d=mm&r=g\",\"url\":\"https:\\\/\\\/secure.gravatar.com\\\/avatar\\\/72ecc30e9db047a2e0e7176561eb9d564ed77c8108376495b19bd8336405198a?s=96&d=mm&r=g\",\"contentUrl\":\"https:\\\/\\\/secure.gravatar.com\\\/avatar\\\/72ecc30e9db047a2e0e7176561eb9d564ed77c8108376495b19bd8336405198a?s=96&d=mm&r=g\",\"caption\":\"Dpress.ma\"},\"sameAs\":[\"https:\\\/\\\/www.dpress.ma\"],\"url\":\"https:\\\/\\\/dpress.ma\\\/fr\\\/author\\\/dpress-ma\\\/\"}]}<\/script>\n<!-- \/ Yoast SEO plugin. -->","yoast_head_json":{"title":"M. Akhannouch dresse un bilan tr\u00e8s positif de la mise en \u0153uvre du chantier de la couverture m\u00e9dicale et sociale - Dpress.ma\/fr","description":"\u201cLe gouvernement est parvenu, au cours de la premi\u00e8re ann\u00e9e de son mandat, \u00e0 r\u00e9aliser un bilan \u201ctr\u00e8s positif\u201d dans la mise en \u0153uvre du chantier de la couverture m\u00e9dicale et sociale\u201d, s\u2019est f\u00e9licit\u00e9, mardi \u00e0 Rabat, le Chef du gouvernement, Aziz Akhannouch, soulignant que l\u2019Ex\u00e9cutif a r\u00e9ussi l\u2019exploit \u201cin\u00e9dit\u201d d\u2019instaurer les bases d\u2019une solidarit\u00e9 institutionnelle obligatoire qui participera \u00e0 la protection des droits de tous les citoyens.","robots":{"index":"index","follow":"follow","max-snippet":"max-snippet:-1","max-image-preview":"max-image-preview:large","max-video-preview":"max-video-preview:-1"},"canonical":"https:\/\/dpress.ma\/fr\/2023\/01\/11\/m-akhannouch-dresse-un-bilan-tres-positif-de-la-mise-en-oeuvre-du-chantier-de-la-couverture-medicale-et-sociale\/","og_locale":"fr_FR","og_type":"article","og_title":"M. Akhannouch dresse un bilan tr\u00e8s positif de la mise en \u0153uvre du chantier de la couverture m\u00e9dicale et sociale - Dpress.ma\/fr","og_description":"\u201cLe gouvernement est parvenu, au cours de la premi\u00e8re ann\u00e9e de son mandat, \u00e0 r\u00e9aliser un bilan \u201ctr\u00e8s positif\u201d dans la mise en \u0153uvre du chantier de la couverture m\u00e9dicale et sociale\u201d, s\u2019est f\u00e9licit\u00e9, mardi \u00e0 Rabat, le Chef du gouvernement, Aziz Akhannouch, soulignant que l\u2019Ex\u00e9cutif a r\u00e9ussi l\u2019exploit \u201cin\u00e9dit\u201d d\u2019instaurer les bases d\u2019une solidarit\u00e9 institutionnelle obligatoire qui participera \u00e0 la protection des droits de tous les citoyens.","og_url":"https:\/\/dpress.ma\/fr\/2023\/01\/11\/m-akhannouch-dresse-un-bilan-tres-positif-de-la-mise-en-oeuvre-du-chantier-de-la-couverture-medicale-et-sociale\/","og_site_name":"Dpress.ma\/fr","article_published_time":"2023-01-11T10:32:27+00:00","article_modified_time":"2023-01-11T10:32:28+00:00","og_image":[{"width":2539,"height":1594,"url":"https:\/\/dpress.ma\/fr\/wp-content\/uploads\/sites\/2\/2023\/01\/dimensions2-17.jpg","type":"image\/jpeg"}],"author":"Dpress.ma","twitter_card":"summary_large_image","twitter_misc":{"\u00c9crit par":"Dpress.ma","Dur\u00e9e de lecture estim\u00e9e":"5 minutes"},"schema":{"@context":"https:\/\/schema.org","@graph":[{"@type":"Article","@id":"https:\/\/dpress.ma\/fr\/2023\/01\/11\/m-akhannouch-dresse-un-bilan-tres-positif-de-la-mise-en-oeuvre-du-chantier-de-la-couverture-medicale-et-sociale\/#article","isPartOf":{"@id":"https:\/\/dpress.ma\/fr\/2023\/01\/11\/m-akhannouch-dresse-un-bilan-tres-positif-de-la-mise-en-oeuvre-du-chantier-de-la-couverture-medicale-et-sociale\/"},"author":{"name":"Dpress.ma","@id":"https:\/\/dpress.ma\/fr\/#\/schema\/person\/4898febf3ccd59e6578d838656a306a0"},"headline":"M. Akhannouch dresse un bilan tr\u00e8s positif de la mise en \u0153uvre du chantier de la couverture m\u00e9dicale et sociale","datePublished":"2023-01-11T10:32:27+00:00","dateModified":"2023-01-11T10:32:28+00:00","mainEntityOfPage":{"@id":"https:\/\/dpress.ma\/fr\/2023\/01\/11\/m-akhannouch-dresse-un-bilan-tres-positif-de-la-mise-en-oeuvre-du-chantier-de-la-couverture-medicale-et-sociale\/"},"wordCount":1095,"commentCount":0,"image":{"@id":"https:\/\/dpress.ma\/fr\/2023\/01\/11\/m-akhannouch-dresse-un-bilan-tres-positif-de-la-mise-en-oeuvre-du-chantier-de-la-couverture-medicale-et-sociale\/#primaryimage"},"thumbnailUrl":"https:\/\/dpress.ma\/fr\/wp-content\/uploads\/sites\/2\/2023\/01\/dimensions2-17.jpg","articleSection":["Politiques"],"inLanguage":"fr-FR","potentialAction":[{"@type":"CommentAction","name":"Comment","target":["https:\/\/dpress.ma\/fr\/2023\/01\/11\/m-akhannouch-dresse-un-bilan-tres-positif-de-la-mise-en-oeuvre-du-chantier-de-la-couverture-medicale-et-sociale\/#respond"]}]},{"@type":"WebPage","@id":"https:\/\/dpress.ma\/fr\/2023\/01\/11\/m-akhannouch-dresse-un-bilan-tres-positif-de-la-mise-en-oeuvre-du-chantier-de-la-couverture-medicale-et-sociale\/","url":"https:\/\/dpress.ma\/fr\/2023\/01\/11\/m-akhannouch-dresse-un-bilan-tres-positif-de-la-mise-en-oeuvre-du-chantier-de-la-couverture-medicale-et-sociale\/","name":"M. Akhannouch dresse un bilan tr\u00e8s positif de la mise en \u0153uvre du chantier de la couverture m\u00e9dicale et sociale - Dpress.ma\/fr","isPartOf":{"@id":"https:\/\/dpress.ma\/fr\/#website"},"primaryImageOfPage":{"@id":"https:\/\/dpress.ma\/fr\/2023\/01\/11\/m-akhannouch-dresse-un-bilan-tres-positif-de-la-mise-en-oeuvre-du-chantier-de-la-couverture-medicale-et-sociale\/#primaryimage"},"image":{"@id":"https:\/\/dpress.ma\/fr\/2023\/01\/11\/m-akhannouch-dresse-un-bilan-tres-positif-de-la-mise-en-oeuvre-du-chantier-de-la-couverture-medicale-et-sociale\/#primaryimage"},"thumbnailUrl":"https:\/\/dpress.ma\/fr\/wp-content\/uploads\/sites\/2\/2023\/01\/dimensions2-17.jpg","datePublished":"2023-01-11T10:32:27+00:00","dateModified":"2023-01-11T10:32:28+00:00","author":{"@id":"https:\/\/dpress.ma\/fr\/#\/schema\/person\/4898febf3ccd59e6578d838656a306a0"},"description":"\u201cLe gouvernement est parvenu, au cours de la premi\u00e8re ann\u00e9e de son mandat, \u00e0 r\u00e9aliser un bilan \u201ctr\u00e8s positif\u201d dans la mise en \u0153uvre du chantier de la couverture m\u00e9dicale et sociale\u201d, s\u2019est f\u00e9licit\u00e9, mardi \u00e0 Rabat, le Chef du gouvernement, Aziz Akhannouch, soulignant que l\u2019Ex\u00e9cutif a r\u00e9ussi l\u2019exploit \u201cin\u00e9dit\u201d d\u2019instaurer les bases d\u2019une solidarit\u00e9 institutionnelle obligatoire qui participera \u00e0 la protection des droits de tous les citoyens.","breadcrumb":{"@id":"https:\/\/dpress.ma\/fr\/2023\/01\/11\/m-akhannouch-dresse-un-bilan-tres-positif-de-la-mise-en-oeuvre-du-chantier-de-la-couverture-medicale-et-sociale\/#breadcrumb"},"inLanguage":"fr-FR","potentialAction":[{"@type":"ReadAction","target":["https:\/\/dpress.ma\/fr\/2023\/01\/11\/m-akhannouch-dresse-un-bilan-tres-positif-de-la-mise-en-oeuvre-du-chantier-de-la-couverture-medicale-et-sociale\/"]}]},{"@type":"ImageObject","inLanguage":"fr-FR","@id":"https:\/\/dpress.ma\/fr\/2023\/01\/11\/m-akhannouch-dresse-un-bilan-tres-positif-de-la-mise-en-oeuvre-du-chantier-de-la-couverture-medicale-et-sociale\/#primaryimage","url":"https:\/\/dpress.ma\/fr\/wp-content\/uploads\/sites\/2\/2023\/01\/dimensions2-17.jpg","contentUrl":"https:\/\/dpress.ma\/fr\/wp-content\/uploads\/sites\/2\/2023\/01\/dimensions2-17.jpg","width":2539,"height":1594},{"@type":"BreadcrumbList","@id":"https:\/\/dpress.ma\/fr\/2023\/01\/11\/m-akhannouch-dresse-un-bilan-tres-positif-de-la-mise-en-oeuvre-du-chantier-de-la-couverture-medicale-et-sociale\/#breadcrumb","itemListElement":[{"@type":"ListItem","position":1,"name":"Home","item":"https:\/\/dpress.ma\/fr\/"},{"@type":"ListItem","position":2,"name":"M. Akhannouch dresse un bilan tr\u00e8s positif de la mise en \u0153uvre du chantier de la couverture m\u00e9dicale et sociale"}]},{"@type":"WebSite","@id":"https:\/\/dpress.ma\/fr\/#website","url":"https:\/\/dpress.ma\/fr\/","name":"Dpress.ma\/fr","description":"","potentialAction":[{"@type":"SearchAction","target":{"@type":"EntryPoint","urlTemplate":"https:\/\/dpress.ma\/fr\/?s={search_term_string}"},"query-input":{"@type":"PropertyValueSpecification","valueRequired":true,"valueName":"search_term_string"}}],"inLanguage":"fr-FR"},{"@type":"Person","@id":"https:\/\/dpress.ma\/fr\/#\/schema\/person\/4898febf3ccd59e6578d838656a306a0","name":"Dpress.ma","image":{"@type":"ImageObject","inLanguage":"fr-FR","@id":"https:\/\/secure.gravatar.com\/avatar\/72ecc30e9db047a2e0e7176561eb9d564ed77c8108376495b19bd8336405198a?s=96&d=mm&r=g","url":"https:\/\/secure.gravatar.com\/avatar\/72ecc30e9db047a2e0e7176561eb9d564ed77c8108376495b19bd8336405198a?s=96&d=mm&r=g","contentUrl":"https:\/\/secure.gravatar.com\/avatar\/72ecc30e9db047a2e0e7176561eb9d564ed77c8108376495b19bd8336405198a?s=96&d=mm&r=g","caption":"Dpress.ma"},"sameAs":["https:\/\/www.dpress.ma"],"url":"https:\/\/dpress.ma\/fr\/author\/dpress-ma\/"}]}},"amp_enabled":true,"_links":{"self":[{"href":"https:\/\/dpress.ma\/fr\/wp-json\/wp\/v2\/posts\/3218","targetHints":{"allow":["GET"]}}],"collection":[{"href":"https:\/\/dpress.ma\/fr\/wp-json\/wp\/v2\/posts"}],"about":[{"href":"https:\/\/dpress.ma\/fr\/wp-json\/wp\/v2\/types\/post"}],"author":[{"embeddable":true,"href":"https:\/\/dpress.ma\/fr\/wp-json\/wp\/v2\/users\/2"}],"replies":[{"embeddable":true,"href":"https:\/\/dpress.ma\/fr\/wp-json\/wp\/v2\/comments?post=3218"}],"version-history":[{"count":1,"href":"https:\/\/dpress.ma\/fr\/wp-json\/wp\/v2\/posts\/3218\/revisions"}],"predecessor-version":[{"id":3220,"href":"https:\/\/dpress.ma\/fr\/wp-json\/wp\/v2\/posts\/3218\/revisions\/3220"}],"wp:featuredmedia":[{"embeddable":true,"href":"https:\/\/dpress.ma\/fr\/wp-json\/wp\/v2\/media\/3219"}],"wp:attachment":[{"href":"https:\/\/dpress.ma\/fr\/wp-json\/wp\/v2\/media?parent=3218"}],"wp:term":[{"taxonomy":"category","embeddable":true,"href":"https:\/\/dpress.ma\/fr\/wp-json\/wp\/v2\/categories?post=3218"},{"taxonomy":"post_tag","embeddable":true,"href":"https:\/\/dpress.ma\/fr\/wp-json\/wp\/v2\/tags?post=3218"}],"curies":[{"name":"wp","href":"https:\/\/api.w.org\/{rel}","templated":true}]}}