{"id":3215,"date":"2023-01-11T09:59:45","date_gmt":"2023-01-11T09:59:45","guid":{"rendered":"https:\/\/dpress.ma\/fr\/?p=3215"},"modified":"2023-01-11T09:59:46","modified_gmt":"2023-01-11T09:59:46","slug":"conversion-des-actions-au-porteur-en-actions-nominatives-des-mesures-pour-les-societes-anonymes-validees-par-les-conseillers","status":"publish","type":"post","link":"https:\/\/dpress.ma\/fr\/2023\/01\/11\/conversion-des-actions-au-porteur-en-actions-nominatives-des-mesures-pour-les-societes-anonymes-validees-par-les-conseillers\/","title":{"rendered":"Conversion des actions au porteur en actions nominatives. Des mesures pour les soci\u00e9t\u00e9s anonymes\u00a0valid\u00e9es par les Conseillers"},"content":{"rendered":"\n<p>Dpress<\/p>\n\n\n\n<p>La Chambre des Conseillers a adopt\u00e9, mardi \u00e0 l\u2019unanimit\u00e9, le projet de loi N\u00b0 96-21 modifiant et compl\u00e9tant la loi N\u00b0 17-95 relative aux soci\u00e9t\u00e9s anonymes (SA) et \u00e9dictant des dispositions transitoires relatives \u00e0 la conversion des actions au porteur en actions nominatives.<\/p>\n\n\n\n<p>Ce texte s\u2019inscrit dans le cadre de l\u2019adh\u00e9sion du Maroc au Forum mondial sur la transparence et l\u2019\u00e9change de renseignements \u00e0 des fins fiscales le 18 octobre 2011, a rappel\u00e9, \u00e0 cette occasion, le ministre de l\u2019Industrie et du Commerce, Ryad Mezzour, soulignant que le Royaume, en sa qualit\u00e9 de membre de ce Forum mondial, s\u2019est engag\u00e9 \u00e0 se conformer aux normes internationales en la mati\u00e8re.<\/p>\n\n\n\n<p>Ce projet de loi, adopt\u00e9 tel qu\u2019il a \u00e9t\u00e9 transmis par la Chambre des repr\u00e9sentants, vise la suppression de l\u2019\u00e9mission des actions au porteur pour les soci\u00e9t\u00e9s anonymes \u00e0 l\u2019exception de celles \u00e9mises ou c\u00e9d\u00e9es dans le cadre d\u2019un appel public \u00e0 l\u2019\u00e9pargne, a pr\u00e9cis\u00e9 le ministre.<\/p>\n\n\n\n<p>Mezzour a, dans ce sens, indiqu\u00e9 que ce texte pr\u00e9voit des dispositions d\u00e9limitant son champ d\u2019application aux actions au porteur \u00e9mises ou c\u00e9d\u00e9es par les soci\u00e9t\u00e9s anonymes, \u00e0 l\u2019exception de celles \u00e9mises ou c\u00e9d\u00e9es dans le cadre d\u2019un appel public \u00e0 l\u2019\u00e9pargne, ajoutant qu\u2019il pr\u00e9voit la suppression des actions au porteur \u00e9mises ou c\u00e9d\u00e9es par les soci\u00e9t\u00e9s anonymes \u00e0 l\u2019exception de celles pr\u00e9vues dans le champ d\u2019application pr\u00e9cit\u00e9 dans le projet de loi.<\/p>\n\n\n\n<p>Le texte fixe \u00e9galement une p\u00e9riode transitoire de 18 mois, durant laquelle les soci\u00e9t\u00e9s anonymes ayant \u00e9mis des actions au porteur avant la date d\u2019entr\u00e9e en vigueur dudit projet de loi doivent accomplir une s\u00e9rie de d\u00e9marches, et d\u00e9finit aussi les proc\u00e9dures relatives aux actions au porteurs non converties en actions nominatives apr\u00e8s la fin de la p\u00e9riode transitoire.<\/p>\n","protected":false},"excerpt":{"rendered":"<p>Dpress La Chambre des Conseillers a adopt\u00e9, mardi \u00e0 l\u2019unanimit\u00e9, le projet de loi N\u00b0 96-21 modifiant et compl\u00e9tant la loi N\u00b0 17-95 relative aux soci\u00e9t\u00e9s anonymes (SA) et \u00e9dictant des dispositions transitoires relatives \u00e0 la conversion des actions au porteur en actions nominatives. Ce texte s\u2019inscrit dans le cadre de l\u2019adh\u00e9sion du Maroc au &hellip;<\/p>\n","protected":false},"author":2,"featured_media":3216,"comment_status":"open","ping_status":"open","sticky":false,"template":"","format":"standard","meta":{"footnotes":""},"categories":[26],"tags":[],"class_list":["post-3215","post","type-post","status-publish","format-standard","has-post-thumbnail","hentry","category-politiques"],"yoast_head":"<!-- This site is optimized with the Yoast SEO plugin v27.5 - https:\/\/yoast.com\/product\/yoast-seo-wordpress\/ -->\n<title>Conversion des actions au porteur en actions nominatives. Des mesures pour les soci\u00e9t\u00e9s anonymes\u00a0valid\u00e9es par les Conseillers - Dpress.ma\/fr<\/title>\n<meta name=\"description\" content=\"La Chambre des Conseillers a adopt\u00e9, mardi \u00e0 l\u2019unanimit\u00e9, le projet de loi N\u00b0 96-21 modifiant et compl\u00e9tant la loi N\u00b0 17-95 relative aux soci\u00e9t\u00e9s anonymes (SA) et \u00e9dictant des dispositions transitoires relatives \u00e0 la conversion des actions au porteur en actions nominatives.\" \/>\n<meta name=\"robots\" content=\"index, follow, max-snippet:-1, max-image-preview:large, max-video-preview:-1\" \/>\n<link rel=\"canonical\" href=\"https:\/\/dpress.ma\/fr\/2023\/01\/11\/conversion-des-actions-au-porteur-en-actions-nominatives-des-mesures-pour-les-societes-anonymes-validees-par-les-conseillers\/\" \/>\n<meta property=\"og:locale\" content=\"fr_FR\" \/>\n<meta property=\"og:type\" content=\"article\" \/>\n<meta property=\"og:title\" content=\"Conversion des actions au porteur en actions nominatives. Des mesures pour les soci\u00e9t\u00e9s anonymes\u00a0valid\u00e9es par les Conseillers - Dpress.ma\/fr\" \/>\n<meta property=\"og:description\" content=\"La Chambre des Conseillers a adopt\u00e9, mardi \u00e0 l\u2019unanimit\u00e9, le projet de loi N\u00b0 96-21 modifiant et compl\u00e9tant la loi N\u00b0 17-95 relative aux soci\u00e9t\u00e9s anonymes (SA) et \u00e9dictant des dispositions transitoires relatives \u00e0 la conversion des actions au porteur en actions nominatives.\" \/>\n<meta property=\"og:url\" content=\"https:\/\/dpress.ma\/fr\/2023\/01\/11\/conversion-des-actions-au-porteur-en-actions-nominatives-des-mesures-pour-les-societes-anonymes-validees-par-les-conseillers\/\" \/>\n<meta property=\"og:site_name\" content=\"Dpress.ma\/fr\" \/>\n<meta property=\"article:published_time\" content=\"2023-01-11T09:59:45+00:00\" \/>\n<meta property=\"article:modified_time\" content=\"2023-01-11T09:59:46+00:00\" \/>\n<meta property=\"og:image\" content=\"https:\/\/dpress.ma\/fr\/wp-content\/uploads\/sites\/2\/2023\/01\/dimensions2-16.jpg\" \/>\n\t<meta property=\"og:image:width\" content=\"2539\" \/>\n\t<meta property=\"og:image:height\" content=\"1594\" \/>\n\t<meta property=\"og:image:type\" content=\"image\/jpeg\" \/>\n<meta name=\"author\" content=\"Dpress.ma\" \/>\n<meta name=\"twitter:card\" content=\"summary_large_image\" \/>\n<meta name=\"twitter:label1\" content=\"\u00c9crit par\" \/>\n\t<meta name=\"twitter:data1\" content=\"Dpress.ma\" \/>\n\t<meta name=\"twitter:label2\" content=\"Dur\u00e9e de lecture estim\u00e9e\" \/>\n\t<meta name=\"twitter:data2\" content=\"2 minutes\" \/>\n<script type=\"application\/ld+json\" class=\"yoast-schema-graph\">{\"@context\":\"https:\\\/\\\/schema.org\",\"@graph\":[{\"@type\":\"Article\",\"@id\":\"https:\\\/\\\/dpress.ma\\\/fr\\\/2023\\\/01\\\/11\\\/conversion-des-actions-au-porteur-en-actions-nominatives-des-mesures-pour-les-societes-anonymes-validees-par-les-conseillers\\\/#article\",\"isPartOf\":{\"@id\":\"https:\\\/\\\/dpress.ma\\\/fr\\\/2023\\\/01\\\/11\\\/conversion-des-actions-au-porteur-en-actions-nominatives-des-mesures-pour-les-societes-anonymes-validees-par-les-conseillers\\\/\"},\"author\":{\"name\":\"Dpress.ma\",\"@id\":\"https:\\\/\\\/dpress.ma\\\/fr\\\/#\\\/schema\\\/person\\\/4898febf3ccd59e6578d838656a306a0\"},\"headline\":\"Conversion des actions au porteur en actions nominatives. Des mesures pour les soci\u00e9t\u00e9s anonymes\u00a0valid\u00e9es par les Conseillers\",\"datePublished\":\"2023-01-11T09:59:45+00:00\",\"dateModified\":\"2023-01-11T09:59:46+00:00\",\"mainEntityOfPage\":{\"@id\":\"https:\\\/\\\/dpress.ma\\\/fr\\\/2023\\\/01\\\/11\\\/conversion-des-actions-au-porteur-en-actions-nominatives-des-mesures-pour-les-societes-anonymes-validees-par-les-conseillers\\\/\"},\"wordCount\":352,\"commentCount\":0,\"image\":{\"@id\":\"https:\\\/\\\/dpress.ma\\\/fr\\\/2023\\\/01\\\/11\\\/conversion-des-actions-au-porteur-en-actions-nominatives-des-mesures-pour-les-societes-anonymes-validees-par-les-conseillers\\\/#primaryimage\"},\"thumbnailUrl\":\"https:\\\/\\\/dpress.ma\\\/fr\\\/wp-content\\\/uploads\\\/sites\\\/2\\\/2023\\\/01\\\/dimensions2-16.jpg\",\"articleSection\":[\"Politiques\"],\"inLanguage\":\"fr-FR\",\"potentialAction\":[{\"@type\":\"CommentAction\",\"name\":\"Comment\",\"target\":[\"https:\\\/\\\/dpress.ma\\\/fr\\\/2023\\\/01\\\/11\\\/conversion-des-actions-au-porteur-en-actions-nominatives-des-mesures-pour-les-societes-anonymes-validees-par-les-conseillers\\\/#respond\"]}]},{\"@type\":\"WebPage\",\"@id\":\"https:\\\/\\\/dpress.ma\\\/fr\\\/2023\\\/01\\\/11\\\/conversion-des-actions-au-porteur-en-actions-nominatives-des-mesures-pour-les-societes-anonymes-validees-par-les-conseillers\\\/\",\"url\":\"https:\\\/\\\/dpress.ma\\\/fr\\\/2023\\\/01\\\/11\\\/conversion-des-actions-au-porteur-en-actions-nominatives-des-mesures-pour-les-societes-anonymes-validees-par-les-conseillers\\\/\",\"name\":\"Conversion des actions au porteur en actions nominatives. Des mesures pour les soci\u00e9t\u00e9s anonymes\u00a0valid\u00e9es par les Conseillers - Dpress.ma\\\/fr\",\"isPartOf\":{\"@id\":\"https:\\\/\\\/dpress.ma\\\/fr\\\/#website\"},\"primaryImageOfPage\":{\"@id\":\"https:\\\/\\\/dpress.ma\\\/fr\\\/2023\\\/01\\\/11\\\/conversion-des-actions-au-porteur-en-actions-nominatives-des-mesures-pour-les-societes-anonymes-validees-par-les-conseillers\\\/#primaryimage\"},\"image\":{\"@id\":\"https:\\\/\\\/dpress.ma\\\/fr\\\/2023\\\/01\\\/11\\\/conversion-des-actions-au-porteur-en-actions-nominatives-des-mesures-pour-les-societes-anonymes-validees-par-les-conseillers\\\/#primaryimage\"},\"thumbnailUrl\":\"https:\\\/\\\/dpress.ma\\\/fr\\\/wp-content\\\/uploads\\\/sites\\\/2\\\/2023\\\/01\\\/dimensions2-16.jpg\",\"datePublished\":\"2023-01-11T09:59:45+00:00\",\"dateModified\":\"2023-01-11T09:59:46+00:00\",\"author\":{\"@id\":\"https:\\\/\\\/dpress.ma\\\/fr\\\/#\\\/schema\\\/person\\\/4898febf3ccd59e6578d838656a306a0\"},\"description\":\"La Chambre des Conseillers a adopt\u00e9, mardi \u00e0 l\u2019unanimit\u00e9, le projet de loi N\u00b0 96-21 modifiant et compl\u00e9tant la loi N\u00b0 17-95 relative aux soci\u00e9t\u00e9s anonymes (SA) et \u00e9dictant des dispositions transitoires relatives \u00e0 la conversion des actions au porteur en actions nominatives.\",\"breadcrumb\":{\"@id\":\"https:\\\/\\\/dpress.ma\\\/fr\\\/2023\\\/01\\\/11\\\/conversion-des-actions-au-porteur-en-actions-nominatives-des-mesures-pour-les-societes-anonymes-validees-par-les-conseillers\\\/#breadcrumb\"},\"inLanguage\":\"fr-FR\",\"potentialAction\":[{\"@type\":\"ReadAction\",\"target\":[\"https:\\\/\\\/dpress.ma\\\/fr\\\/2023\\\/01\\\/11\\\/conversion-des-actions-au-porteur-en-actions-nominatives-des-mesures-pour-les-societes-anonymes-validees-par-les-conseillers\\\/\"]}]},{\"@type\":\"ImageObject\",\"inLanguage\":\"fr-FR\",\"@id\":\"https:\\\/\\\/dpress.ma\\\/fr\\\/2023\\\/01\\\/11\\\/conversion-des-actions-au-porteur-en-actions-nominatives-des-mesures-pour-les-societes-anonymes-validees-par-les-conseillers\\\/#primaryimage\",\"url\":\"https:\\\/\\\/dpress.ma\\\/fr\\\/wp-content\\\/uploads\\\/sites\\\/2\\\/2023\\\/01\\\/dimensions2-16.jpg\",\"contentUrl\":\"https:\\\/\\\/dpress.ma\\\/fr\\\/wp-content\\\/uploads\\\/sites\\\/2\\\/2023\\\/01\\\/dimensions2-16.jpg\",\"width\":2539,\"height\":1594},{\"@type\":\"BreadcrumbList\",\"@id\":\"https:\\\/\\\/dpress.ma\\\/fr\\\/2023\\\/01\\\/11\\\/conversion-des-actions-au-porteur-en-actions-nominatives-des-mesures-pour-les-societes-anonymes-validees-par-les-conseillers\\\/#breadcrumb\",\"itemListElement\":[{\"@type\":\"ListItem\",\"position\":1,\"name\":\"Home\",\"item\":\"https:\\\/\\\/dpress.ma\\\/fr\\\/\"},{\"@type\":\"ListItem\",\"position\":2,\"name\":\"Conversion des actions au porteur en actions nominatives. Des mesures pour les soci\u00e9t\u00e9s anonymes\u00a0valid\u00e9es par les Conseillers\"}]},{\"@type\":\"WebSite\",\"@id\":\"https:\\\/\\\/dpress.ma\\\/fr\\\/#website\",\"url\":\"https:\\\/\\\/dpress.ma\\\/fr\\\/\",\"name\":\"Dpress.ma\\\/fr\",\"description\":\"\",\"potentialAction\":[{\"@type\":\"SearchAction\",\"target\":{\"@type\":\"EntryPoint\",\"urlTemplate\":\"https:\\\/\\\/dpress.ma\\\/fr\\\/?s={search_term_string}\"},\"query-input\":{\"@type\":\"PropertyValueSpecification\",\"valueRequired\":true,\"valueName\":\"search_term_string\"}}],\"inLanguage\":\"fr-FR\"},{\"@type\":\"Person\",\"@id\":\"https:\\\/\\\/dpress.ma\\\/fr\\\/#\\\/schema\\\/person\\\/4898febf3ccd59e6578d838656a306a0\",\"name\":\"Dpress.ma\",\"image\":{\"@type\":\"ImageObject\",\"inLanguage\":\"fr-FR\",\"@id\":\"https:\\\/\\\/secure.gravatar.com\\\/avatar\\\/72ecc30e9db047a2e0e7176561eb9d564ed77c8108376495b19bd8336405198a?s=96&d=mm&r=g\",\"url\":\"https:\\\/\\\/secure.gravatar.com\\\/avatar\\\/72ecc30e9db047a2e0e7176561eb9d564ed77c8108376495b19bd8336405198a?s=96&d=mm&r=g\",\"contentUrl\":\"https:\\\/\\\/secure.gravatar.com\\\/avatar\\\/72ecc30e9db047a2e0e7176561eb9d564ed77c8108376495b19bd8336405198a?s=96&d=mm&r=g\",\"caption\":\"Dpress.ma\"},\"sameAs\":[\"https:\\\/\\\/www.dpress.ma\"],\"url\":\"https:\\\/\\\/dpress.ma\\\/fr\\\/author\\\/dpress-ma\\\/\"}]}<\/script>\n<!-- \/ Yoast SEO plugin. -->","yoast_head_json":{"title":"Conversion des actions au porteur en actions nominatives. Des mesures pour les soci\u00e9t\u00e9s anonymes\u00a0valid\u00e9es par les Conseillers - Dpress.ma\/fr","description":"La Chambre des Conseillers a adopt\u00e9, mardi \u00e0 l\u2019unanimit\u00e9, le projet de loi N\u00b0 96-21 modifiant et compl\u00e9tant la loi N\u00b0 17-95 relative aux soci\u00e9t\u00e9s anonymes (SA) et \u00e9dictant des dispositions transitoires relatives \u00e0 la conversion des actions au porteur en actions nominatives.","robots":{"index":"index","follow":"follow","max-snippet":"max-snippet:-1","max-image-preview":"max-image-preview:large","max-video-preview":"max-video-preview:-1"},"canonical":"https:\/\/dpress.ma\/fr\/2023\/01\/11\/conversion-des-actions-au-porteur-en-actions-nominatives-des-mesures-pour-les-societes-anonymes-validees-par-les-conseillers\/","og_locale":"fr_FR","og_type":"article","og_title":"Conversion des actions au porteur en actions nominatives. Des mesures pour les soci\u00e9t\u00e9s anonymes\u00a0valid\u00e9es par les Conseillers - Dpress.ma\/fr","og_description":"La Chambre des Conseillers a adopt\u00e9, mardi \u00e0 l\u2019unanimit\u00e9, le projet de loi N\u00b0 96-21 modifiant et compl\u00e9tant la loi N\u00b0 17-95 relative aux soci\u00e9t\u00e9s anonymes (SA) et \u00e9dictant des dispositions transitoires relatives \u00e0 la conversion des actions au porteur en actions nominatives.","og_url":"https:\/\/dpress.ma\/fr\/2023\/01\/11\/conversion-des-actions-au-porteur-en-actions-nominatives-des-mesures-pour-les-societes-anonymes-validees-par-les-conseillers\/","og_site_name":"Dpress.ma\/fr","article_published_time":"2023-01-11T09:59:45+00:00","article_modified_time":"2023-01-11T09:59:46+00:00","og_image":[{"width":2539,"height":1594,"url":"https:\/\/dpress.ma\/fr\/wp-content\/uploads\/sites\/2\/2023\/01\/dimensions2-16.jpg","type":"image\/jpeg"}],"author":"Dpress.ma","twitter_card":"summary_large_image","twitter_misc":{"\u00c9crit par":"Dpress.ma","Dur\u00e9e de lecture estim\u00e9e":"2 minutes"},"schema":{"@context":"https:\/\/schema.org","@graph":[{"@type":"Article","@id":"https:\/\/dpress.ma\/fr\/2023\/01\/11\/conversion-des-actions-au-porteur-en-actions-nominatives-des-mesures-pour-les-societes-anonymes-validees-par-les-conseillers\/#article","isPartOf":{"@id":"https:\/\/dpress.ma\/fr\/2023\/01\/11\/conversion-des-actions-au-porteur-en-actions-nominatives-des-mesures-pour-les-societes-anonymes-validees-par-les-conseillers\/"},"author":{"name":"Dpress.ma","@id":"https:\/\/dpress.ma\/fr\/#\/schema\/person\/4898febf3ccd59e6578d838656a306a0"},"headline":"Conversion des actions au porteur en actions nominatives. Des mesures pour les soci\u00e9t\u00e9s anonymes\u00a0valid\u00e9es par les Conseillers","datePublished":"2023-01-11T09:59:45+00:00","dateModified":"2023-01-11T09:59:46+00:00","mainEntityOfPage":{"@id":"https:\/\/dpress.ma\/fr\/2023\/01\/11\/conversion-des-actions-au-porteur-en-actions-nominatives-des-mesures-pour-les-societes-anonymes-validees-par-les-conseillers\/"},"wordCount":352,"commentCount":0,"image":{"@id":"https:\/\/dpress.ma\/fr\/2023\/01\/11\/conversion-des-actions-au-porteur-en-actions-nominatives-des-mesures-pour-les-societes-anonymes-validees-par-les-conseillers\/#primaryimage"},"thumbnailUrl":"https:\/\/dpress.ma\/fr\/wp-content\/uploads\/sites\/2\/2023\/01\/dimensions2-16.jpg","articleSection":["Politiques"],"inLanguage":"fr-FR","potentialAction":[{"@type":"CommentAction","name":"Comment","target":["https:\/\/dpress.ma\/fr\/2023\/01\/11\/conversion-des-actions-au-porteur-en-actions-nominatives-des-mesures-pour-les-societes-anonymes-validees-par-les-conseillers\/#respond"]}]},{"@type":"WebPage","@id":"https:\/\/dpress.ma\/fr\/2023\/01\/11\/conversion-des-actions-au-porteur-en-actions-nominatives-des-mesures-pour-les-societes-anonymes-validees-par-les-conseillers\/","url":"https:\/\/dpress.ma\/fr\/2023\/01\/11\/conversion-des-actions-au-porteur-en-actions-nominatives-des-mesures-pour-les-societes-anonymes-validees-par-les-conseillers\/","name":"Conversion des actions au porteur en actions nominatives. Des mesures pour les soci\u00e9t\u00e9s anonymes\u00a0valid\u00e9es par les Conseillers - Dpress.ma\/fr","isPartOf":{"@id":"https:\/\/dpress.ma\/fr\/#website"},"primaryImageOfPage":{"@id":"https:\/\/dpress.ma\/fr\/2023\/01\/11\/conversion-des-actions-au-porteur-en-actions-nominatives-des-mesures-pour-les-societes-anonymes-validees-par-les-conseillers\/#primaryimage"},"image":{"@id":"https:\/\/dpress.ma\/fr\/2023\/01\/11\/conversion-des-actions-au-porteur-en-actions-nominatives-des-mesures-pour-les-societes-anonymes-validees-par-les-conseillers\/#primaryimage"},"thumbnailUrl":"https:\/\/dpress.ma\/fr\/wp-content\/uploads\/sites\/2\/2023\/01\/dimensions2-16.jpg","datePublished":"2023-01-11T09:59:45+00:00","dateModified":"2023-01-11T09:59:46+00:00","author":{"@id":"https:\/\/dpress.ma\/fr\/#\/schema\/person\/4898febf3ccd59e6578d838656a306a0"},"description":"La Chambre des Conseillers a adopt\u00e9, mardi \u00e0 l\u2019unanimit\u00e9, le projet de loi N\u00b0 96-21 modifiant et compl\u00e9tant la loi N\u00b0 17-95 relative aux soci\u00e9t\u00e9s anonymes (SA) et \u00e9dictant des dispositions transitoires relatives \u00e0 la conversion des actions au porteur en actions nominatives.","breadcrumb":{"@id":"https:\/\/dpress.ma\/fr\/2023\/01\/11\/conversion-des-actions-au-porteur-en-actions-nominatives-des-mesures-pour-les-societes-anonymes-validees-par-les-conseillers\/#breadcrumb"},"inLanguage":"fr-FR","potentialAction":[{"@type":"ReadAction","target":["https:\/\/dpress.ma\/fr\/2023\/01\/11\/conversion-des-actions-au-porteur-en-actions-nominatives-des-mesures-pour-les-societes-anonymes-validees-par-les-conseillers\/"]}]},{"@type":"ImageObject","inLanguage":"fr-FR","@id":"https:\/\/dpress.ma\/fr\/2023\/01\/11\/conversion-des-actions-au-porteur-en-actions-nominatives-des-mesures-pour-les-societes-anonymes-validees-par-les-conseillers\/#primaryimage","url":"https:\/\/dpress.ma\/fr\/wp-content\/uploads\/sites\/2\/2023\/01\/dimensions2-16.jpg","contentUrl":"https:\/\/dpress.ma\/fr\/wp-content\/uploads\/sites\/2\/2023\/01\/dimensions2-16.jpg","width":2539,"height":1594},{"@type":"BreadcrumbList","@id":"https:\/\/dpress.ma\/fr\/2023\/01\/11\/conversion-des-actions-au-porteur-en-actions-nominatives-des-mesures-pour-les-societes-anonymes-validees-par-les-conseillers\/#breadcrumb","itemListElement":[{"@type":"ListItem","position":1,"name":"Home","item":"https:\/\/dpress.ma\/fr\/"},{"@type":"ListItem","position":2,"name":"Conversion des actions au porteur en actions nominatives. Des mesures pour les soci\u00e9t\u00e9s anonymes\u00a0valid\u00e9es par les Conseillers"}]},{"@type":"WebSite","@id":"https:\/\/dpress.ma\/fr\/#website","url":"https:\/\/dpress.ma\/fr\/","name":"Dpress.ma\/fr","description":"","potentialAction":[{"@type":"SearchAction","target":{"@type":"EntryPoint","urlTemplate":"https:\/\/dpress.ma\/fr\/?s={search_term_string}"},"query-input":{"@type":"PropertyValueSpecification","valueRequired":true,"valueName":"search_term_string"}}],"inLanguage":"fr-FR"},{"@type":"Person","@id":"https:\/\/dpress.ma\/fr\/#\/schema\/person\/4898febf3ccd59e6578d838656a306a0","name":"Dpress.ma","image":{"@type":"ImageObject","inLanguage":"fr-FR","@id":"https:\/\/secure.gravatar.com\/avatar\/72ecc30e9db047a2e0e7176561eb9d564ed77c8108376495b19bd8336405198a?s=96&d=mm&r=g","url":"https:\/\/secure.gravatar.com\/avatar\/72ecc30e9db047a2e0e7176561eb9d564ed77c8108376495b19bd8336405198a?s=96&d=mm&r=g","contentUrl":"https:\/\/secure.gravatar.com\/avatar\/72ecc30e9db047a2e0e7176561eb9d564ed77c8108376495b19bd8336405198a?s=96&d=mm&r=g","caption":"Dpress.ma"},"sameAs":["https:\/\/www.dpress.ma"],"url":"https:\/\/dpress.ma\/fr\/author\/dpress-ma\/"}]}},"amp_enabled":true,"_links":{"self":[{"href":"https:\/\/dpress.ma\/fr\/wp-json\/wp\/v2\/posts\/3215","targetHints":{"allow":["GET"]}}],"collection":[{"href":"https:\/\/dpress.ma\/fr\/wp-json\/wp\/v2\/posts"}],"about":[{"href":"https:\/\/dpress.ma\/fr\/wp-json\/wp\/v2\/types\/post"}],"author":[{"embeddable":true,"href":"https:\/\/dpress.ma\/fr\/wp-json\/wp\/v2\/users\/2"}],"replies":[{"embeddable":true,"href":"https:\/\/dpress.ma\/fr\/wp-json\/wp\/v2\/comments?post=3215"}],"version-history":[{"count":1,"href":"https:\/\/dpress.ma\/fr\/wp-json\/wp\/v2\/posts\/3215\/revisions"}],"predecessor-version":[{"id":3217,"href":"https:\/\/dpress.ma\/fr\/wp-json\/wp\/v2\/posts\/3215\/revisions\/3217"}],"wp:featuredmedia":[{"embeddable":true,"href":"https:\/\/dpress.ma\/fr\/wp-json\/wp\/v2\/media\/3216"}],"wp:attachment":[{"href":"https:\/\/dpress.ma\/fr\/wp-json\/wp\/v2\/media?parent=3215"}],"wp:term":[{"taxonomy":"category","embeddable":true,"href":"https:\/\/dpress.ma\/fr\/wp-json\/wp\/v2\/categories?post=3215"},{"taxonomy":"post_tag","embeddable":true,"href":"https:\/\/dpress.ma\/fr\/wp-json\/wp\/v2\/tags?post=3215"}],"curies":[{"name":"wp","href":"https:\/\/api.w.org\/{rel}","templated":true}]}}