{"id":3209,"date":"2023-01-10T17:11:14","date_gmt":"2023-01-10T17:11:14","guid":{"rendered":"https:\/\/dpress.ma\/fr\/?p=3209"},"modified":"2023-01-10T17:11:15","modified_gmt":"2023-01-10T17:11:15","slug":"tournee-nationale-de-la-piece-de-theatre-mon-pays-ma-peau","status":"publish","type":"post","link":"https:\/\/dpress.ma\/fr\/2023\/01\/10\/tournee-nationale-de-la-piece-de-theatre-mon-pays-ma-peau\/","title":{"rendered":"<strong>Tourn\u00e9e nationale de la pi\u00e8ce de th\u00e9\u00e2tre \u00ab\u00a0Mon pays, ma peau\u00a0\u00bb<\/strong>"},"content":{"rendered":"\n<p>Dpress<\/p>\n\n\n\n<p>La pi\u00e8ce de th\u00e9\u00e2tre \u00ab\u00a0Mon pays, ma peau\u00a0\u00bb sera en tourn\u00e9e, du 13 au 24 janvier, dans les villes d&rsquo;Agadir, Marrakech, Casablanca, Rabat, Mekn\u00e8s, F\u00e8s et Oujda.<\/p>\n\n\n\n<p>Les amateurs de l&rsquo;art dramatique seront au rendez-vous avec \u00ab\u00a0une repr\u00e9sentation p\u00e9trie d&rsquo;\u00e9motions, racontant l&rsquo;histoire vraie d&rsquo;une double r\u00e9conciliation, notamment celle de l&rsquo;Afrique du Sud avec son terrible pass\u00e9 et celle d&rsquo;une femme avec elle-m\u00eame\u00a0\u00bb, indique un communiqu\u00e9 de l&rsquo;institut fran\u00e7ais du Maroc.<br><br>Dans cette adaptation th\u00e9\u00e2trale en neuf sc\u00e8nes, \u00e9voquant l&rsquo;apartheid, \u00ab\u00a0l\u2019actrice fran\u00e7aise Romane Bohringer y incarne la c\u00e9l\u00e8bre po\u00e9tesse sud-africaine Antjie Krog dans son parcours de r\u00e9conciliation avec elle-m\u00eame \u00e0 l&rsquo;unisson de son pays, et ce en compagnie de l\u2019acteur et sc\u00e9nariste franco-malien Diouc Koma qui interpr\u00e8te, quant \u00e0 lui, tous les citoyens sud-africains\u00a0\u00bb, explique la m\u00eame source.<br><br>\u00ab\u00a0Mon pays, ma peau\u00a0\u00bb n&rsquo;est pas du th\u00e9\u00e2tre documentaire mais du th\u00e9\u00e2tre de r\u00e9cit, ajoute le communiqu\u00e9, indiquant que ce r\u00e9cit est rythm\u00e9 en neuf sc\u00e8nes, comme autant d&rsquo;\u00e9tapes d&rsquo;un processus, notamment, du choc de l&rsquo;annonce jusqu&rsquo;\u00e0 la r\u00e9conciliation, en passant par le d\u00e9ni, la col\u00e8re, la n\u00e9gociation, la d\u00e9pression, la r\u00e9signation et enfin l&rsquo;acceptation.<br><br>Le texte de cette pi\u00e8ce th\u00e9\u00e2trale est \u00e9crit sur un ton pacificateur, afin de d\u00e9montrer que \u00ab\u00a0ce qui nous rassemble est r\u00e9solument plus fort que ce qui nous divise et que l&rsquo;unit\u00e9 est toujours possible lorsque le politique a le courage d&rsquo;engager un travail de fond, aussi difficile soit-il\u00a0\u00bb, ajoute la m\u00eame source.<br><br>Il s\u2019agit d\u2019un message port\u00e9 vers l&rsquo;espoir du lendemain qui se d\u00e9joue des peurs et o\u00f9 la diversit\u00e9 des t\u00e9moignages compose un r\u00e9cit passionnant, entre suspens psychologique, thriller politique, drame social et aventure humaine.<\/p>\n","protected":false},"excerpt":{"rendered":"<p>Dpress La pi\u00e8ce de th\u00e9\u00e2tre \u00ab\u00a0Mon pays, ma peau\u00a0\u00bb sera en tourn\u00e9e, du 13 au 24 janvier, dans les villes d&rsquo;Agadir, Marrakech, Casablanca, Rabat, Mekn\u00e8s, F\u00e8s et Oujda. Les amateurs de l&rsquo;art dramatique seront au rendez-vous avec \u00ab\u00a0une repr\u00e9sentation p\u00e9trie d&rsquo;\u00e9motions, racontant l&rsquo;histoire vraie d&rsquo;une double r\u00e9conciliation, notamment celle de l&rsquo;Afrique du Sud avec son &hellip;<\/p>\n","protected":false},"author":2,"featured_media":3210,"comment_status":"open","ping_status":"open","sticky":false,"template":"","format":"standard","meta":{"footnotes":""},"categories":[31],"tags":[],"class_list":["post-3209","post","type-post","status-publish","format-standard","has-post-thumbnail","hentry","category-art-et-culture"],"yoast_head":"<!-- This site is optimized with the Yoast SEO plugin v27.5 - https:\/\/yoast.com\/product\/yoast-seo-wordpress\/ -->\n<title>Tourn\u00e9e nationale de la pi\u00e8ce de th\u00e9\u00e2tre &quot;Mon pays, ma peau&quot; - Dpress.ma\/fr<\/title>\n<meta name=\"description\" content=\"La pi\u00e8ce de th\u00e9\u00e2tre &quot;Mon pays, ma peau&quot; sera en tourn\u00e9e, du 13 au 24 janvier, dans les villes d&#039;Agadir, Marrakech, Casablanca, Rabat, Mekn\u00e8s, F\u00e8s et Oujda.\" \/>\n<meta name=\"robots\" content=\"index, follow, max-snippet:-1, max-image-preview:large, max-video-preview:-1\" \/>\n<link rel=\"canonical\" href=\"https:\/\/dpress.ma\/fr\/2023\/01\/10\/tournee-nationale-de-la-piece-de-theatre-mon-pays-ma-peau\/\" \/>\n<meta property=\"og:locale\" content=\"fr_FR\" \/>\n<meta property=\"og:type\" content=\"article\" \/>\n<meta property=\"og:title\" content=\"Tourn\u00e9e nationale de la pi\u00e8ce de th\u00e9\u00e2tre &quot;Mon pays, ma peau&quot; - Dpress.ma\/fr\" \/>\n<meta property=\"og:description\" content=\"La pi\u00e8ce de th\u00e9\u00e2tre &quot;Mon pays, ma peau&quot; sera en tourn\u00e9e, du 13 au 24 janvier, dans les villes d&#039;Agadir, Marrakech, Casablanca, Rabat, Mekn\u00e8s, F\u00e8s et Oujda.\" \/>\n<meta property=\"og:url\" content=\"https:\/\/dpress.ma\/fr\/2023\/01\/10\/tournee-nationale-de-la-piece-de-theatre-mon-pays-ma-peau\/\" \/>\n<meta property=\"og:site_name\" content=\"Dpress.ma\/fr\" \/>\n<meta property=\"article:published_time\" content=\"2023-01-10T17:11:14+00:00\" \/>\n<meta property=\"article:modified_time\" content=\"2023-01-10T17:11:15+00:00\" \/>\n<meta property=\"og:image\" content=\"https:\/\/dpress.ma\/fr\/wp-content\/uploads\/sites\/2\/2023\/01\/dimensions2-15.jpg\" \/>\n\t<meta property=\"og:image:width\" content=\"2539\" \/>\n\t<meta property=\"og:image:height\" content=\"1594\" \/>\n\t<meta property=\"og:image:type\" content=\"image\/jpeg\" \/>\n<meta name=\"author\" content=\"Dpress.ma\" \/>\n<meta name=\"twitter:card\" content=\"summary_large_image\" \/>\n<meta name=\"twitter:label1\" content=\"\u00c9crit par\" \/>\n\t<meta name=\"twitter:data1\" content=\"Dpress.ma\" \/>\n\t<meta name=\"twitter:label2\" content=\"Dur\u00e9e de lecture estim\u00e9e\" \/>\n\t<meta name=\"twitter:data2\" content=\"2 minutes\" \/>\n<script type=\"application\/ld+json\" class=\"yoast-schema-graph\">{\"@context\":\"https:\\\/\\\/schema.org\",\"@graph\":[{\"@type\":\"Article\",\"@id\":\"https:\\\/\\\/dpress.ma\\\/fr\\\/2023\\\/01\\\/10\\\/tournee-nationale-de-la-piece-de-theatre-mon-pays-ma-peau\\\/#article\",\"isPartOf\":{\"@id\":\"https:\\\/\\\/dpress.ma\\\/fr\\\/2023\\\/01\\\/10\\\/tournee-nationale-de-la-piece-de-theatre-mon-pays-ma-peau\\\/\"},\"author\":{\"name\":\"Dpress.ma\",\"@id\":\"https:\\\/\\\/dpress.ma\\\/fr\\\/#\\\/schema\\\/person\\\/4898febf3ccd59e6578d838656a306a0\"},\"headline\":\"Tourn\u00e9e nationale de la pi\u00e8ce de th\u00e9\u00e2tre \u00ab\u00a0Mon pays, ma peau\u00a0\u00bb\",\"datePublished\":\"2023-01-10T17:11:14+00:00\",\"dateModified\":\"2023-01-10T17:11:15+00:00\",\"mainEntityOfPage\":{\"@id\":\"https:\\\/\\\/dpress.ma\\\/fr\\\/2023\\\/01\\\/10\\\/tournee-nationale-de-la-piece-de-theatre-mon-pays-ma-peau\\\/\"},\"wordCount\":326,\"commentCount\":0,\"image\":{\"@id\":\"https:\\\/\\\/dpress.ma\\\/fr\\\/2023\\\/01\\\/10\\\/tournee-nationale-de-la-piece-de-theatre-mon-pays-ma-peau\\\/#primaryimage\"},\"thumbnailUrl\":\"https:\\\/\\\/dpress.ma\\\/fr\\\/wp-content\\\/uploads\\\/sites\\\/2\\\/2023\\\/01\\\/dimensions2-15.jpg\",\"articleSection\":[\"Art et Culture\"],\"inLanguage\":\"fr-FR\",\"potentialAction\":[{\"@type\":\"CommentAction\",\"name\":\"Comment\",\"target\":[\"https:\\\/\\\/dpress.ma\\\/fr\\\/2023\\\/01\\\/10\\\/tournee-nationale-de-la-piece-de-theatre-mon-pays-ma-peau\\\/#respond\"]}]},{\"@type\":\"WebPage\",\"@id\":\"https:\\\/\\\/dpress.ma\\\/fr\\\/2023\\\/01\\\/10\\\/tournee-nationale-de-la-piece-de-theatre-mon-pays-ma-peau\\\/\",\"url\":\"https:\\\/\\\/dpress.ma\\\/fr\\\/2023\\\/01\\\/10\\\/tournee-nationale-de-la-piece-de-theatre-mon-pays-ma-peau\\\/\",\"name\":\"Tourn\u00e9e nationale de la pi\u00e8ce de th\u00e9\u00e2tre \\\"Mon pays, ma peau\\\" - Dpress.ma\\\/fr\",\"isPartOf\":{\"@id\":\"https:\\\/\\\/dpress.ma\\\/fr\\\/#website\"},\"primaryImageOfPage\":{\"@id\":\"https:\\\/\\\/dpress.ma\\\/fr\\\/2023\\\/01\\\/10\\\/tournee-nationale-de-la-piece-de-theatre-mon-pays-ma-peau\\\/#primaryimage\"},\"image\":{\"@id\":\"https:\\\/\\\/dpress.ma\\\/fr\\\/2023\\\/01\\\/10\\\/tournee-nationale-de-la-piece-de-theatre-mon-pays-ma-peau\\\/#primaryimage\"},\"thumbnailUrl\":\"https:\\\/\\\/dpress.ma\\\/fr\\\/wp-content\\\/uploads\\\/sites\\\/2\\\/2023\\\/01\\\/dimensions2-15.jpg\",\"datePublished\":\"2023-01-10T17:11:14+00:00\",\"dateModified\":\"2023-01-10T17:11:15+00:00\",\"author\":{\"@id\":\"https:\\\/\\\/dpress.ma\\\/fr\\\/#\\\/schema\\\/person\\\/4898febf3ccd59e6578d838656a306a0\"},\"description\":\"La pi\u00e8ce de th\u00e9\u00e2tre \\\"Mon pays, ma peau\\\" sera en tourn\u00e9e, du 13 au 24 janvier, dans les villes d'Agadir, Marrakech, Casablanca, Rabat, Mekn\u00e8s, F\u00e8s et Oujda.\",\"breadcrumb\":{\"@id\":\"https:\\\/\\\/dpress.ma\\\/fr\\\/2023\\\/01\\\/10\\\/tournee-nationale-de-la-piece-de-theatre-mon-pays-ma-peau\\\/#breadcrumb\"},\"inLanguage\":\"fr-FR\",\"potentialAction\":[{\"@type\":\"ReadAction\",\"target\":[\"https:\\\/\\\/dpress.ma\\\/fr\\\/2023\\\/01\\\/10\\\/tournee-nationale-de-la-piece-de-theatre-mon-pays-ma-peau\\\/\"]}]},{\"@type\":\"ImageObject\",\"inLanguage\":\"fr-FR\",\"@id\":\"https:\\\/\\\/dpress.ma\\\/fr\\\/2023\\\/01\\\/10\\\/tournee-nationale-de-la-piece-de-theatre-mon-pays-ma-peau\\\/#primaryimage\",\"url\":\"https:\\\/\\\/dpress.ma\\\/fr\\\/wp-content\\\/uploads\\\/sites\\\/2\\\/2023\\\/01\\\/dimensions2-15.jpg\",\"contentUrl\":\"https:\\\/\\\/dpress.ma\\\/fr\\\/wp-content\\\/uploads\\\/sites\\\/2\\\/2023\\\/01\\\/dimensions2-15.jpg\",\"width\":2539,\"height\":1594},{\"@type\":\"BreadcrumbList\",\"@id\":\"https:\\\/\\\/dpress.ma\\\/fr\\\/2023\\\/01\\\/10\\\/tournee-nationale-de-la-piece-de-theatre-mon-pays-ma-peau\\\/#breadcrumb\",\"itemListElement\":[{\"@type\":\"ListItem\",\"position\":1,\"name\":\"Home\",\"item\":\"https:\\\/\\\/dpress.ma\\\/fr\\\/\"},{\"@type\":\"ListItem\",\"position\":2,\"name\":\"Tourn\u00e9e nationale de la pi\u00e8ce de th\u00e9\u00e2tre &#8220;Mon pays, ma peau&#8221;\"}]},{\"@type\":\"WebSite\",\"@id\":\"https:\\\/\\\/dpress.ma\\\/fr\\\/#website\",\"url\":\"https:\\\/\\\/dpress.ma\\\/fr\\\/\",\"name\":\"Dpress.ma\\\/fr\",\"description\":\"\",\"potentialAction\":[{\"@type\":\"SearchAction\",\"target\":{\"@type\":\"EntryPoint\",\"urlTemplate\":\"https:\\\/\\\/dpress.ma\\\/fr\\\/?s={search_term_string}\"},\"query-input\":{\"@type\":\"PropertyValueSpecification\",\"valueRequired\":true,\"valueName\":\"search_term_string\"}}],\"inLanguage\":\"fr-FR\"},{\"@type\":\"Person\",\"@id\":\"https:\\\/\\\/dpress.ma\\\/fr\\\/#\\\/schema\\\/person\\\/4898febf3ccd59e6578d838656a306a0\",\"name\":\"Dpress.ma\",\"image\":{\"@type\":\"ImageObject\",\"inLanguage\":\"fr-FR\",\"@id\":\"https:\\\/\\\/secure.gravatar.com\\\/avatar\\\/72ecc30e9db047a2e0e7176561eb9d564ed77c8108376495b19bd8336405198a?s=96&d=mm&r=g\",\"url\":\"https:\\\/\\\/secure.gravatar.com\\\/avatar\\\/72ecc30e9db047a2e0e7176561eb9d564ed77c8108376495b19bd8336405198a?s=96&d=mm&r=g\",\"contentUrl\":\"https:\\\/\\\/secure.gravatar.com\\\/avatar\\\/72ecc30e9db047a2e0e7176561eb9d564ed77c8108376495b19bd8336405198a?s=96&d=mm&r=g\",\"caption\":\"Dpress.ma\"},\"sameAs\":[\"https:\\\/\\\/www.dpress.ma\"],\"url\":\"https:\\\/\\\/dpress.ma\\\/fr\\\/author\\\/dpress-ma\\\/\"}]}<\/script>\n<!-- \/ Yoast SEO plugin. -->","yoast_head_json":{"title":"Tourn\u00e9e nationale de la pi\u00e8ce de th\u00e9\u00e2tre \"Mon pays, ma peau\" - Dpress.ma\/fr","description":"La pi\u00e8ce de th\u00e9\u00e2tre \"Mon pays, ma peau\" sera en tourn\u00e9e, du 13 au 24 janvier, dans les villes d'Agadir, Marrakech, Casablanca, Rabat, Mekn\u00e8s, F\u00e8s et Oujda.","robots":{"index":"index","follow":"follow","max-snippet":"max-snippet:-1","max-image-preview":"max-image-preview:large","max-video-preview":"max-video-preview:-1"},"canonical":"https:\/\/dpress.ma\/fr\/2023\/01\/10\/tournee-nationale-de-la-piece-de-theatre-mon-pays-ma-peau\/","og_locale":"fr_FR","og_type":"article","og_title":"Tourn\u00e9e nationale de la pi\u00e8ce de th\u00e9\u00e2tre \"Mon pays, ma peau\" - Dpress.ma\/fr","og_description":"La pi\u00e8ce de th\u00e9\u00e2tre \"Mon pays, ma peau\" sera en tourn\u00e9e, du 13 au 24 janvier, dans les villes d'Agadir, Marrakech, Casablanca, Rabat, Mekn\u00e8s, F\u00e8s et Oujda.","og_url":"https:\/\/dpress.ma\/fr\/2023\/01\/10\/tournee-nationale-de-la-piece-de-theatre-mon-pays-ma-peau\/","og_site_name":"Dpress.ma\/fr","article_published_time":"2023-01-10T17:11:14+00:00","article_modified_time":"2023-01-10T17:11:15+00:00","og_image":[{"width":2539,"height":1594,"url":"https:\/\/dpress.ma\/fr\/wp-content\/uploads\/sites\/2\/2023\/01\/dimensions2-15.jpg","type":"image\/jpeg"}],"author":"Dpress.ma","twitter_card":"summary_large_image","twitter_misc":{"\u00c9crit par":"Dpress.ma","Dur\u00e9e de lecture estim\u00e9e":"2 minutes"},"schema":{"@context":"https:\/\/schema.org","@graph":[{"@type":"Article","@id":"https:\/\/dpress.ma\/fr\/2023\/01\/10\/tournee-nationale-de-la-piece-de-theatre-mon-pays-ma-peau\/#article","isPartOf":{"@id":"https:\/\/dpress.ma\/fr\/2023\/01\/10\/tournee-nationale-de-la-piece-de-theatre-mon-pays-ma-peau\/"},"author":{"name":"Dpress.ma","@id":"https:\/\/dpress.ma\/fr\/#\/schema\/person\/4898febf3ccd59e6578d838656a306a0"},"headline":"Tourn\u00e9e nationale de la pi\u00e8ce de th\u00e9\u00e2tre \u00ab\u00a0Mon pays, ma peau\u00a0\u00bb","datePublished":"2023-01-10T17:11:14+00:00","dateModified":"2023-01-10T17:11:15+00:00","mainEntityOfPage":{"@id":"https:\/\/dpress.ma\/fr\/2023\/01\/10\/tournee-nationale-de-la-piece-de-theatre-mon-pays-ma-peau\/"},"wordCount":326,"commentCount":0,"image":{"@id":"https:\/\/dpress.ma\/fr\/2023\/01\/10\/tournee-nationale-de-la-piece-de-theatre-mon-pays-ma-peau\/#primaryimage"},"thumbnailUrl":"https:\/\/dpress.ma\/fr\/wp-content\/uploads\/sites\/2\/2023\/01\/dimensions2-15.jpg","articleSection":["Art et Culture"],"inLanguage":"fr-FR","potentialAction":[{"@type":"CommentAction","name":"Comment","target":["https:\/\/dpress.ma\/fr\/2023\/01\/10\/tournee-nationale-de-la-piece-de-theatre-mon-pays-ma-peau\/#respond"]}]},{"@type":"WebPage","@id":"https:\/\/dpress.ma\/fr\/2023\/01\/10\/tournee-nationale-de-la-piece-de-theatre-mon-pays-ma-peau\/","url":"https:\/\/dpress.ma\/fr\/2023\/01\/10\/tournee-nationale-de-la-piece-de-theatre-mon-pays-ma-peau\/","name":"Tourn\u00e9e nationale de la pi\u00e8ce de th\u00e9\u00e2tre \"Mon pays, ma peau\" - Dpress.ma\/fr","isPartOf":{"@id":"https:\/\/dpress.ma\/fr\/#website"},"primaryImageOfPage":{"@id":"https:\/\/dpress.ma\/fr\/2023\/01\/10\/tournee-nationale-de-la-piece-de-theatre-mon-pays-ma-peau\/#primaryimage"},"image":{"@id":"https:\/\/dpress.ma\/fr\/2023\/01\/10\/tournee-nationale-de-la-piece-de-theatre-mon-pays-ma-peau\/#primaryimage"},"thumbnailUrl":"https:\/\/dpress.ma\/fr\/wp-content\/uploads\/sites\/2\/2023\/01\/dimensions2-15.jpg","datePublished":"2023-01-10T17:11:14+00:00","dateModified":"2023-01-10T17:11:15+00:00","author":{"@id":"https:\/\/dpress.ma\/fr\/#\/schema\/person\/4898febf3ccd59e6578d838656a306a0"},"description":"La pi\u00e8ce de th\u00e9\u00e2tre \"Mon pays, ma peau\" sera en tourn\u00e9e, du 13 au 24 janvier, dans les villes d'Agadir, Marrakech, Casablanca, Rabat, Mekn\u00e8s, F\u00e8s et Oujda.","breadcrumb":{"@id":"https:\/\/dpress.ma\/fr\/2023\/01\/10\/tournee-nationale-de-la-piece-de-theatre-mon-pays-ma-peau\/#breadcrumb"},"inLanguage":"fr-FR","potentialAction":[{"@type":"ReadAction","target":["https:\/\/dpress.ma\/fr\/2023\/01\/10\/tournee-nationale-de-la-piece-de-theatre-mon-pays-ma-peau\/"]}]},{"@type":"ImageObject","inLanguage":"fr-FR","@id":"https:\/\/dpress.ma\/fr\/2023\/01\/10\/tournee-nationale-de-la-piece-de-theatre-mon-pays-ma-peau\/#primaryimage","url":"https:\/\/dpress.ma\/fr\/wp-content\/uploads\/sites\/2\/2023\/01\/dimensions2-15.jpg","contentUrl":"https:\/\/dpress.ma\/fr\/wp-content\/uploads\/sites\/2\/2023\/01\/dimensions2-15.jpg","width":2539,"height":1594},{"@type":"BreadcrumbList","@id":"https:\/\/dpress.ma\/fr\/2023\/01\/10\/tournee-nationale-de-la-piece-de-theatre-mon-pays-ma-peau\/#breadcrumb","itemListElement":[{"@type":"ListItem","position":1,"name":"Home","item":"https:\/\/dpress.ma\/fr\/"},{"@type":"ListItem","position":2,"name":"Tourn\u00e9e nationale de la pi\u00e8ce de th\u00e9\u00e2tre &#8220;Mon pays, ma peau&#8221;"}]},{"@type":"WebSite","@id":"https:\/\/dpress.ma\/fr\/#website","url":"https:\/\/dpress.ma\/fr\/","name":"Dpress.ma\/fr","description":"","potentialAction":[{"@type":"SearchAction","target":{"@type":"EntryPoint","urlTemplate":"https:\/\/dpress.ma\/fr\/?s={search_term_string}"},"query-input":{"@type":"PropertyValueSpecification","valueRequired":true,"valueName":"search_term_string"}}],"inLanguage":"fr-FR"},{"@type":"Person","@id":"https:\/\/dpress.ma\/fr\/#\/schema\/person\/4898febf3ccd59e6578d838656a306a0","name":"Dpress.ma","image":{"@type":"ImageObject","inLanguage":"fr-FR","@id":"https:\/\/secure.gravatar.com\/avatar\/72ecc30e9db047a2e0e7176561eb9d564ed77c8108376495b19bd8336405198a?s=96&d=mm&r=g","url":"https:\/\/secure.gravatar.com\/avatar\/72ecc30e9db047a2e0e7176561eb9d564ed77c8108376495b19bd8336405198a?s=96&d=mm&r=g","contentUrl":"https:\/\/secure.gravatar.com\/avatar\/72ecc30e9db047a2e0e7176561eb9d564ed77c8108376495b19bd8336405198a?s=96&d=mm&r=g","caption":"Dpress.ma"},"sameAs":["https:\/\/www.dpress.ma"],"url":"https:\/\/dpress.ma\/fr\/author\/dpress-ma\/"}]}},"amp_enabled":true,"_links":{"self":[{"href":"https:\/\/dpress.ma\/fr\/wp-json\/wp\/v2\/posts\/3209","targetHints":{"allow":["GET"]}}],"collection":[{"href":"https:\/\/dpress.ma\/fr\/wp-json\/wp\/v2\/posts"}],"about":[{"href":"https:\/\/dpress.ma\/fr\/wp-json\/wp\/v2\/types\/post"}],"author":[{"embeddable":true,"href":"https:\/\/dpress.ma\/fr\/wp-json\/wp\/v2\/users\/2"}],"replies":[{"embeddable":true,"href":"https:\/\/dpress.ma\/fr\/wp-json\/wp\/v2\/comments?post=3209"}],"version-history":[{"count":1,"href":"https:\/\/dpress.ma\/fr\/wp-json\/wp\/v2\/posts\/3209\/revisions"}],"predecessor-version":[{"id":3211,"href":"https:\/\/dpress.ma\/fr\/wp-json\/wp\/v2\/posts\/3209\/revisions\/3211"}],"wp:featuredmedia":[{"embeddable":true,"href":"https:\/\/dpress.ma\/fr\/wp-json\/wp\/v2\/media\/3210"}],"wp:attachment":[{"href":"https:\/\/dpress.ma\/fr\/wp-json\/wp\/v2\/media?parent=3209"}],"wp:term":[{"taxonomy":"category","embeddable":true,"href":"https:\/\/dpress.ma\/fr\/wp-json\/wp\/v2\/categories?post=3209"},{"taxonomy":"post_tag","embeddable":true,"href":"https:\/\/dpress.ma\/fr\/wp-json\/wp\/v2\/tags?post=3209"}],"curies":[{"name":"wp","href":"https:\/\/api.w.org\/{rel}","templated":true}]}}