{"id":3207,"date":"2023-01-09T15:23:03","date_gmt":"2023-01-09T15:23:03","guid":{"rendered":"https:\/\/dpress.ma\/fr\/?p=3207"},"modified":"2023-01-09T15:23:05","modified_gmt":"2023-01-09T15:23:05","slug":"sm-le-roi-adresse-un-message-de-condoleances-au-president-senegalais-suite-au-tragique-accident-de-la-route-dans-la-region-de-kaffrine","status":"publish","type":"post","link":"https:\/\/dpress.ma\/fr\/2023\/01\/09\/sm-le-roi-adresse-un-message-de-condoleances-au-president-senegalais-suite-au-tragique-accident-de-la-route-dans-la-region-de-kaffrine\/","title":{"rendered":"SM le Roi adresse un message de condol\u00e9ances au Pr\u00e9sident s\u00e9n\u00e9galais suite au tragique accident de la route dans la r\u00e9gion de Kaffrine"},"content":{"rendered":"\n<p>Dpress<\/p>\n\n\n\n<p>Sa Majest\u00e9 le Roi Mohammed VI a adress\u00e9 un message de condol\u00e9ances et de sympathie au Pr\u00e9sident de la R\u00e9publique du S\u00e9n\u00e9gal, Macky Sall, suite au tragique accident de la route survenu, dans la nuit de samedi \u00e0 dimanche, dans la r\u00e9gion de Kaffrine.<\/p>\n\n\n\n<p>\u201cEn cette douloureuse circonstance, Je pr\u00e9sente \u00e0 Votre Excellence et \u00e0 l\u2019ensemble du peuple s\u00e9n\u00e9galais, Mes sinc\u00e8res condol\u00e9ances et l\u2019expression de toute Ma sympathie\u201d, lit-on dans le message royal.<\/p>\n\n\n\n<p>Dans ce message, le Souverain souhaite \u00e9galement un prompt r\u00e9tablissement aux bless\u00e9s et exprime toute Sa \u201ccompassion aux familles cruellement \u00e9prouv\u00e9es\u201d.<\/p>\n","protected":false},"excerpt":{"rendered":"<p>Dpress Sa Majest\u00e9 le Roi Mohammed VI a adress\u00e9 un message de condol\u00e9ances et de sympathie au Pr\u00e9sident de la R\u00e9publique du S\u00e9n\u00e9gal, Macky Sall, suite au tragique accident de la route survenu, dans la nuit de samedi \u00e0 dimanche, dans la r\u00e9gion de Kaffrine. \u201cEn cette douloureuse circonstance, Je pr\u00e9sente \u00e0 Votre Excellence et &hellip;<\/p>\n","protected":false},"author":2,"featured_media":2523,"comment_status":"open","ping_status":"open","sticky":false,"template":"","format":"standard","meta":{"footnotes":""},"categories":[29],"tags":[],"class_list":["post-3207","post","type-post","status-publish","format-standard","has-post-thumbnail","hentry","category-activites-royales"],"yoast_head":"<!-- This site is optimized with the Yoast SEO plugin v27.5 - https:\/\/yoast.com\/product\/yoast-seo-wordpress\/ -->\n<title>SM le Roi adresse un message de condol\u00e9ances au Pr\u00e9sident s\u00e9n\u00e9galais suite au tragique accident de la route dans la r\u00e9gion de Kaffrine - Dpress.ma\/fr<\/title>\n<meta name=\"description\" content=\"Sa Majest\u00e9 le Roi Mohammed VI a adress\u00e9 un message de condol\u00e9ances et de sympathie au Pr\u00e9sident de la R\u00e9publique du S\u00e9n\u00e9gal, Macky Sall, suite au tragique accident de la route survenu, dans la nuit de samedi \u00e0 dimanche, dans la r\u00e9gion de Kaffrine.\" \/>\n<meta name=\"robots\" content=\"index, follow, max-snippet:-1, max-image-preview:large, max-video-preview:-1\" \/>\n<link rel=\"canonical\" href=\"https:\/\/dpress.ma\/fr\/2023\/01\/09\/sm-le-roi-adresse-un-message-de-condoleances-au-president-senegalais-suite-au-tragique-accident-de-la-route-dans-la-region-de-kaffrine\/\" \/>\n<meta property=\"og:locale\" content=\"fr_FR\" \/>\n<meta property=\"og:type\" content=\"article\" \/>\n<meta property=\"og:title\" content=\"SM le Roi adresse un message de condol\u00e9ances au Pr\u00e9sident s\u00e9n\u00e9galais suite au tragique accident de la route dans la r\u00e9gion de Kaffrine - Dpress.ma\/fr\" \/>\n<meta property=\"og:description\" content=\"Sa Majest\u00e9 le Roi Mohammed VI a adress\u00e9 un message de condol\u00e9ances et de sympathie au Pr\u00e9sident de la R\u00e9publique du S\u00e9n\u00e9gal, Macky Sall, suite au tragique accident de la route survenu, dans la nuit de samedi \u00e0 dimanche, dans la r\u00e9gion de Kaffrine.\" \/>\n<meta property=\"og:url\" content=\"https:\/\/dpress.ma\/fr\/2023\/01\/09\/sm-le-roi-adresse-un-message-de-condoleances-au-president-senegalais-suite-au-tragique-accident-de-la-route-dans-la-region-de-kaffrine\/\" \/>\n<meta property=\"og:site_name\" content=\"Dpress.ma\/fr\" \/>\n<meta property=\"article:published_time\" content=\"2023-01-09T15:23:03+00:00\" \/>\n<meta property=\"article:modified_time\" content=\"2023-01-09T15:23:05+00:00\" \/>\n<meta property=\"og:image\" content=\"https:\/\/dpress.ma\/fr\/wp-content\/uploads\/sites\/2\/2022\/11\/dimensions2-30.jpg\" \/>\n\t<meta property=\"og:image:width\" content=\"2539\" \/>\n\t<meta property=\"og:image:height\" content=\"1594\" \/>\n\t<meta property=\"og:image:type\" content=\"image\/jpeg\" \/>\n<meta name=\"author\" content=\"Dpress.ma\" \/>\n<meta name=\"twitter:card\" content=\"summary_large_image\" \/>\n<meta name=\"twitter:label1\" content=\"\u00c9crit par\" \/>\n\t<meta name=\"twitter:data1\" content=\"Dpress.ma\" \/>\n\t<meta name=\"twitter:label2\" content=\"Dur\u00e9e de lecture estim\u00e9e\" \/>\n\t<meta name=\"twitter:data2\" content=\"1 minute\" \/>\n<script type=\"application\/ld+json\" class=\"yoast-schema-graph\">{\"@context\":\"https:\\\/\\\/schema.org\",\"@graph\":[{\"@type\":\"Article\",\"@id\":\"https:\\\/\\\/dpress.ma\\\/fr\\\/2023\\\/01\\\/09\\\/sm-le-roi-adresse-un-message-de-condoleances-au-president-senegalais-suite-au-tragique-accident-de-la-route-dans-la-region-de-kaffrine\\\/#article\",\"isPartOf\":{\"@id\":\"https:\\\/\\\/dpress.ma\\\/fr\\\/2023\\\/01\\\/09\\\/sm-le-roi-adresse-un-message-de-condoleances-au-president-senegalais-suite-au-tragique-accident-de-la-route-dans-la-region-de-kaffrine\\\/\"},\"author\":{\"name\":\"Dpress.ma\",\"@id\":\"https:\\\/\\\/dpress.ma\\\/fr\\\/#\\\/schema\\\/person\\\/4898febf3ccd59e6578d838656a306a0\"},\"headline\":\"SM le Roi adresse un message de condol\u00e9ances au Pr\u00e9sident s\u00e9n\u00e9galais suite au tragique accident de la route dans la r\u00e9gion de Kaffrine\",\"datePublished\":\"2023-01-09T15:23:03+00:00\",\"dateModified\":\"2023-01-09T15:23:05+00:00\",\"mainEntityOfPage\":{\"@id\":\"https:\\\/\\\/dpress.ma\\\/fr\\\/2023\\\/01\\\/09\\\/sm-le-roi-adresse-un-message-de-condoleances-au-president-senegalais-suite-au-tragique-accident-de-la-route-dans-la-region-de-kaffrine\\\/\"},\"wordCount\":136,\"commentCount\":0,\"image\":{\"@id\":\"https:\\\/\\\/dpress.ma\\\/fr\\\/2023\\\/01\\\/09\\\/sm-le-roi-adresse-un-message-de-condoleances-au-president-senegalais-suite-au-tragique-accident-de-la-route-dans-la-region-de-kaffrine\\\/#primaryimage\"},\"thumbnailUrl\":\"https:\\\/\\\/dpress.ma\\\/fr\\\/wp-content\\\/uploads\\\/sites\\\/2\\\/2022\\\/11\\\/dimensions2-30.jpg\",\"articleSection\":[\"Activit\u00e9s Royales\"],\"inLanguage\":\"fr-FR\",\"potentialAction\":[{\"@type\":\"CommentAction\",\"name\":\"Comment\",\"target\":[\"https:\\\/\\\/dpress.ma\\\/fr\\\/2023\\\/01\\\/09\\\/sm-le-roi-adresse-un-message-de-condoleances-au-president-senegalais-suite-au-tragique-accident-de-la-route-dans-la-region-de-kaffrine\\\/#respond\"]}]},{\"@type\":\"WebPage\",\"@id\":\"https:\\\/\\\/dpress.ma\\\/fr\\\/2023\\\/01\\\/09\\\/sm-le-roi-adresse-un-message-de-condoleances-au-president-senegalais-suite-au-tragique-accident-de-la-route-dans-la-region-de-kaffrine\\\/\",\"url\":\"https:\\\/\\\/dpress.ma\\\/fr\\\/2023\\\/01\\\/09\\\/sm-le-roi-adresse-un-message-de-condoleances-au-president-senegalais-suite-au-tragique-accident-de-la-route-dans-la-region-de-kaffrine\\\/\",\"name\":\"SM le Roi adresse un message de condol\u00e9ances au Pr\u00e9sident s\u00e9n\u00e9galais suite au tragique accident de la route dans la r\u00e9gion de Kaffrine - Dpress.ma\\\/fr\",\"isPartOf\":{\"@id\":\"https:\\\/\\\/dpress.ma\\\/fr\\\/#website\"},\"primaryImageOfPage\":{\"@id\":\"https:\\\/\\\/dpress.ma\\\/fr\\\/2023\\\/01\\\/09\\\/sm-le-roi-adresse-un-message-de-condoleances-au-president-senegalais-suite-au-tragique-accident-de-la-route-dans-la-region-de-kaffrine\\\/#primaryimage\"},\"image\":{\"@id\":\"https:\\\/\\\/dpress.ma\\\/fr\\\/2023\\\/01\\\/09\\\/sm-le-roi-adresse-un-message-de-condoleances-au-president-senegalais-suite-au-tragique-accident-de-la-route-dans-la-region-de-kaffrine\\\/#primaryimage\"},\"thumbnailUrl\":\"https:\\\/\\\/dpress.ma\\\/fr\\\/wp-content\\\/uploads\\\/sites\\\/2\\\/2022\\\/11\\\/dimensions2-30.jpg\",\"datePublished\":\"2023-01-09T15:23:03+00:00\",\"dateModified\":\"2023-01-09T15:23:05+00:00\",\"author\":{\"@id\":\"https:\\\/\\\/dpress.ma\\\/fr\\\/#\\\/schema\\\/person\\\/4898febf3ccd59e6578d838656a306a0\"},\"description\":\"Sa Majest\u00e9 le Roi Mohammed VI a adress\u00e9 un message de condol\u00e9ances et de sympathie au Pr\u00e9sident de la R\u00e9publique du S\u00e9n\u00e9gal, Macky Sall, suite au tragique accident de la route survenu, dans la nuit de samedi \u00e0 dimanche, dans la r\u00e9gion de Kaffrine.\",\"breadcrumb\":{\"@id\":\"https:\\\/\\\/dpress.ma\\\/fr\\\/2023\\\/01\\\/09\\\/sm-le-roi-adresse-un-message-de-condoleances-au-president-senegalais-suite-au-tragique-accident-de-la-route-dans-la-region-de-kaffrine\\\/#breadcrumb\"},\"inLanguage\":\"fr-FR\",\"potentialAction\":[{\"@type\":\"ReadAction\",\"target\":[\"https:\\\/\\\/dpress.ma\\\/fr\\\/2023\\\/01\\\/09\\\/sm-le-roi-adresse-un-message-de-condoleances-au-president-senegalais-suite-au-tragique-accident-de-la-route-dans-la-region-de-kaffrine\\\/\"]}]},{\"@type\":\"ImageObject\",\"inLanguage\":\"fr-FR\",\"@id\":\"https:\\\/\\\/dpress.ma\\\/fr\\\/2023\\\/01\\\/09\\\/sm-le-roi-adresse-un-message-de-condoleances-au-president-senegalais-suite-au-tragique-accident-de-la-route-dans-la-region-de-kaffrine\\\/#primaryimage\",\"url\":\"https:\\\/\\\/dpress.ma\\\/fr\\\/wp-content\\\/uploads\\\/sites\\\/2\\\/2022\\\/11\\\/dimensions2-30.jpg\",\"contentUrl\":\"https:\\\/\\\/dpress.ma\\\/fr\\\/wp-content\\\/uploads\\\/sites\\\/2\\\/2022\\\/11\\\/dimensions2-30.jpg\",\"width\":2539,\"height\":1594},{\"@type\":\"BreadcrumbList\",\"@id\":\"https:\\\/\\\/dpress.ma\\\/fr\\\/2023\\\/01\\\/09\\\/sm-le-roi-adresse-un-message-de-condoleances-au-president-senegalais-suite-au-tragique-accident-de-la-route-dans-la-region-de-kaffrine\\\/#breadcrumb\",\"itemListElement\":[{\"@type\":\"ListItem\",\"position\":1,\"name\":\"Home\",\"item\":\"https:\\\/\\\/dpress.ma\\\/fr\\\/\"},{\"@type\":\"ListItem\",\"position\":2,\"name\":\"SM le Roi adresse un message de condol\u00e9ances au Pr\u00e9sident s\u00e9n\u00e9galais suite au tragique accident de la route dans la r\u00e9gion de Kaffrine\"}]},{\"@type\":\"WebSite\",\"@id\":\"https:\\\/\\\/dpress.ma\\\/fr\\\/#website\",\"url\":\"https:\\\/\\\/dpress.ma\\\/fr\\\/\",\"name\":\"Dpress.ma\\\/fr\",\"description\":\"\",\"potentialAction\":[{\"@type\":\"SearchAction\",\"target\":{\"@type\":\"EntryPoint\",\"urlTemplate\":\"https:\\\/\\\/dpress.ma\\\/fr\\\/?s={search_term_string}\"},\"query-input\":{\"@type\":\"PropertyValueSpecification\",\"valueRequired\":true,\"valueName\":\"search_term_string\"}}],\"inLanguage\":\"fr-FR\"},{\"@type\":\"Person\",\"@id\":\"https:\\\/\\\/dpress.ma\\\/fr\\\/#\\\/schema\\\/person\\\/4898febf3ccd59e6578d838656a306a0\",\"name\":\"Dpress.ma\",\"image\":{\"@type\":\"ImageObject\",\"inLanguage\":\"fr-FR\",\"@id\":\"https:\\\/\\\/secure.gravatar.com\\\/avatar\\\/72ecc30e9db047a2e0e7176561eb9d564ed77c8108376495b19bd8336405198a?s=96&d=mm&r=g\",\"url\":\"https:\\\/\\\/secure.gravatar.com\\\/avatar\\\/72ecc30e9db047a2e0e7176561eb9d564ed77c8108376495b19bd8336405198a?s=96&d=mm&r=g\",\"contentUrl\":\"https:\\\/\\\/secure.gravatar.com\\\/avatar\\\/72ecc30e9db047a2e0e7176561eb9d564ed77c8108376495b19bd8336405198a?s=96&d=mm&r=g\",\"caption\":\"Dpress.ma\"},\"sameAs\":[\"https:\\\/\\\/www.dpress.ma\"],\"url\":\"https:\\\/\\\/dpress.ma\\\/fr\\\/author\\\/dpress-ma\\\/\"}]}<\/script>\n<!-- \/ Yoast SEO plugin. -->","yoast_head_json":{"title":"SM le Roi adresse un message de condol\u00e9ances au Pr\u00e9sident s\u00e9n\u00e9galais suite au tragique accident de la route dans la r\u00e9gion de Kaffrine - Dpress.ma\/fr","description":"Sa Majest\u00e9 le Roi Mohammed VI a adress\u00e9 un message de condol\u00e9ances et de sympathie au Pr\u00e9sident de la R\u00e9publique du S\u00e9n\u00e9gal, Macky Sall, suite au tragique accident de la route survenu, dans la nuit de samedi \u00e0 dimanche, dans la r\u00e9gion de Kaffrine.","robots":{"index":"index","follow":"follow","max-snippet":"max-snippet:-1","max-image-preview":"max-image-preview:large","max-video-preview":"max-video-preview:-1"},"canonical":"https:\/\/dpress.ma\/fr\/2023\/01\/09\/sm-le-roi-adresse-un-message-de-condoleances-au-president-senegalais-suite-au-tragique-accident-de-la-route-dans-la-region-de-kaffrine\/","og_locale":"fr_FR","og_type":"article","og_title":"SM le Roi adresse un message de condol\u00e9ances au Pr\u00e9sident s\u00e9n\u00e9galais suite au tragique accident de la route dans la r\u00e9gion de Kaffrine - Dpress.ma\/fr","og_description":"Sa Majest\u00e9 le Roi Mohammed VI a adress\u00e9 un message de condol\u00e9ances et de sympathie au Pr\u00e9sident de la R\u00e9publique du S\u00e9n\u00e9gal, Macky Sall, suite au tragique accident de la route survenu, dans la nuit de samedi \u00e0 dimanche, dans la r\u00e9gion de Kaffrine.","og_url":"https:\/\/dpress.ma\/fr\/2023\/01\/09\/sm-le-roi-adresse-un-message-de-condoleances-au-president-senegalais-suite-au-tragique-accident-de-la-route-dans-la-region-de-kaffrine\/","og_site_name":"Dpress.ma\/fr","article_published_time":"2023-01-09T15:23:03+00:00","article_modified_time":"2023-01-09T15:23:05+00:00","og_image":[{"width":2539,"height":1594,"url":"https:\/\/dpress.ma\/fr\/wp-content\/uploads\/sites\/2\/2022\/11\/dimensions2-30.jpg","type":"image\/jpeg"}],"author":"Dpress.ma","twitter_card":"summary_large_image","twitter_misc":{"\u00c9crit par":"Dpress.ma","Dur\u00e9e de lecture estim\u00e9e":"1 minute"},"schema":{"@context":"https:\/\/schema.org","@graph":[{"@type":"Article","@id":"https:\/\/dpress.ma\/fr\/2023\/01\/09\/sm-le-roi-adresse-un-message-de-condoleances-au-president-senegalais-suite-au-tragique-accident-de-la-route-dans-la-region-de-kaffrine\/#article","isPartOf":{"@id":"https:\/\/dpress.ma\/fr\/2023\/01\/09\/sm-le-roi-adresse-un-message-de-condoleances-au-president-senegalais-suite-au-tragique-accident-de-la-route-dans-la-region-de-kaffrine\/"},"author":{"name":"Dpress.ma","@id":"https:\/\/dpress.ma\/fr\/#\/schema\/person\/4898febf3ccd59e6578d838656a306a0"},"headline":"SM le Roi adresse un message de condol\u00e9ances au Pr\u00e9sident s\u00e9n\u00e9galais suite au tragique accident de la route dans la r\u00e9gion de Kaffrine","datePublished":"2023-01-09T15:23:03+00:00","dateModified":"2023-01-09T15:23:05+00:00","mainEntityOfPage":{"@id":"https:\/\/dpress.ma\/fr\/2023\/01\/09\/sm-le-roi-adresse-un-message-de-condoleances-au-president-senegalais-suite-au-tragique-accident-de-la-route-dans-la-region-de-kaffrine\/"},"wordCount":136,"commentCount":0,"image":{"@id":"https:\/\/dpress.ma\/fr\/2023\/01\/09\/sm-le-roi-adresse-un-message-de-condoleances-au-president-senegalais-suite-au-tragique-accident-de-la-route-dans-la-region-de-kaffrine\/#primaryimage"},"thumbnailUrl":"https:\/\/dpress.ma\/fr\/wp-content\/uploads\/sites\/2\/2022\/11\/dimensions2-30.jpg","articleSection":["Activit\u00e9s Royales"],"inLanguage":"fr-FR","potentialAction":[{"@type":"CommentAction","name":"Comment","target":["https:\/\/dpress.ma\/fr\/2023\/01\/09\/sm-le-roi-adresse-un-message-de-condoleances-au-president-senegalais-suite-au-tragique-accident-de-la-route-dans-la-region-de-kaffrine\/#respond"]}]},{"@type":"WebPage","@id":"https:\/\/dpress.ma\/fr\/2023\/01\/09\/sm-le-roi-adresse-un-message-de-condoleances-au-president-senegalais-suite-au-tragique-accident-de-la-route-dans-la-region-de-kaffrine\/","url":"https:\/\/dpress.ma\/fr\/2023\/01\/09\/sm-le-roi-adresse-un-message-de-condoleances-au-president-senegalais-suite-au-tragique-accident-de-la-route-dans-la-region-de-kaffrine\/","name":"SM le Roi adresse un message de condol\u00e9ances au Pr\u00e9sident s\u00e9n\u00e9galais suite au tragique accident de la route dans la r\u00e9gion de Kaffrine - Dpress.ma\/fr","isPartOf":{"@id":"https:\/\/dpress.ma\/fr\/#website"},"primaryImageOfPage":{"@id":"https:\/\/dpress.ma\/fr\/2023\/01\/09\/sm-le-roi-adresse-un-message-de-condoleances-au-president-senegalais-suite-au-tragique-accident-de-la-route-dans-la-region-de-kaffrine\/#primaryimage"},"image":{"@id":"https:\/\/dpress.ma\/fr\/2023\/01\/09\/sm-le-roi-adresse-un-message-de-condoleances-au-president-senegalais-suite-au-tragique-accident-de-la-route-dans-la-region-de-kaffrine\/#primaryimage"},"thumbnailUrl":"https:\/\/dpress.ma\/fr\/wp-content\/uploads\/sites\/2\/2022\/11\/dimensions2-30.jpg","datePublished":"2023-01-09T15:23:03+00:00","dateModified":"2023-01-09T15:23:05+00:00","author":{"@id":"https:\/\/dpress.ma\/fr\/#\/schema\/person\/4898febf3ccd59e6578d838656a306a0"},"description":"Sa Majest\u00e9 le Roi Mohammed VI a adress\u00e9 un message de condol\u00e9ances et de sympathie au Pr\u00e9sident de la R\u00e9publique du S\u00e9n\u00e9gal, Macky Sall, suite au tragique accident de la route survenu, dans la nuit de samedi \u00e0 dimanche, dans la r\u00e9gion de Kaffrine.","breadcrumb":{"@id":"https:\/\/dpress.ma\/fr\/2023\/01\/09\/sm-le-roi-adresse-un-message-de-condoleances-au-president-senegalais-suite-au-tragique-accident-de-la-route-dans-la-region-de-kaffrine\/#breadcrumb"},"inLanguage":"fr-FR","potentialAction":[{"@type":"ReadAction","target":["https:\/\/dpress.ma\/fr\/2023\/01\/09\/sm-le-roi-adresse-un-message-de-condoleances-au-president-senegalais-suite-au-tragique-accident-de-la-route-dans-la-region-de-kaffrine\/"]}]},{"@type":"ImageObject","inLanguage":"fr-FR","@id":"https:\/\/dpress.ma\/fr\/2023\/01\/09\/sm-le-roi-adresse-un-message-de-condoleances-au-president-senegalais-suite-au-tragique-accident-de-la-route-dans-la-region-de-kaffrine\/#primaryimage","url":"https:\/\/dpress.ma\/fr\/wp-content\/uploads\/sites\/2\/2022\/11\/dimensions2-30.jpg","contentUrl":"https:\/\/dpress.ma\/fr\/wp-content\/uploads\/sites\/2\/2022\/11\/dimensions2-30.jpg","width":2539,"height":1594},{"@type":"BreadcrumbList","@id":"https:\/\/dpress.ma\/fr\/2023\/01\/09\/sm-le-roi-adresse-un-message-de-condoleances-au-president-senegalais-suite-au-tragique-accident-de-la-route-dans-la-region-de-kaffrine\/#breadcrumb","itemListElement":[{"@type":"ListItem","position":1,"name":"Home","item":"https:\/\/dpress.ma\/fr\/"},{"@type":"ListItem","position":2,"name":"SM le Roi adresse un message de condol\u00e9ances au Pr\u00e9sident s\u00e9n\u00e9galais suite au tragique accident de la route dans la r\u00e9gion de Kaffrine"}]},{"@type":"WebSite","@id":"https:\/\/dpress.ma\/fr\/#website","url":"https:\/\/dpress.ma\/fr\/","name":"Dpress.ma\/fr","description":"","potentialAction":[{"@type":"SearchAction","target":{"@type":"EntryPoint","urlTemplate":"https:\/\/dpress.ma\/fr\/?s={search_term_string}"},"query-input":{"@type":"PropertyValueSpecification","valueRequired":true,"valueName":"search_term_string"}}],"inLanguage":"fr-FR"},{"@type":"Person","@id":"https:\/\/dpress.ma\/fr\/#\/schema\/person\/4898febf3ccd59e6578d838656a306a0","name":"Dpress.ma","image":{"@type":"ImageObject","inLanguage":"fr-FR","@id":"https:\/\/secure.gravatar.com\/avatar\/72ecc30e9db047a2e0e7176561eb9d564ed77c8108376495b19bd8336405198a?s=96&d=mm&r=g","url":"https:\/\/secure.gravatar.com\/avatar\/72ecc30e9db047a2e0e7176561eb9d564ed77c8108376495b19bd8336405198a?s=96&d=mm&r=g","contentUrl":"https:\/\/secure.gravatar.com\/avatar\/72ecc30e9db047a2e0e7176561eb9d564ed77c8108376495b19bd8336405198a?s=96&d=mm&r=g","caption":"Dpress.ma"},"sameAs":["https:\/\/www.dpress.ma"],"url":"https:\/\/dpress.ma\/fr\/author\/dpress-ma\/"}]}},"amp_enabled":true,"_links":{"self":[{"href":"https:\/\/dpress.ma\/fr\/wp-json\/wp\/v2\/posts\/3207","targetHints":{"allow":["GET"]}}],"collection":[{"href":"https:\/\/dpress.ma\/fr\/wp-json\/wp\/v2\/posts"}],"about":[{"href":"https:\/\/dpress.ma\/fr\/wp-json\/wp\/v2\/types\/post"}],"author":[{"embeddable":true,"href":"https:\/\/dpress.ma\/fr\/wp-json\/wp\/v2\/users\/2"}],"replies":[{"embeddable":true,"href":"https:\/\/dpress.ma\/fr\/wp-json\/wp\/v2\/comments?post=3207"}],"version-history":[{"count":1,"href":"https:\/\/dpress.ma\/fr\/wp-json\/wp\/v2\/posts\/3207\/revisions"}],"predecessor-version":[{"id":3208,"href":"https:\/\/dpress.ma\/fr\/wp-json\/wp\/v2\/posts\/3207\/revisions\/3208"}],"wp:featuredmedia":[{"embeddable":true,"href":"https:\/\/dpress.ma\/fr\/wp-json\/wp\/v2\/media\/2523"}],"wp:attachment":[{"href":"https:\/\/dpress.ma\/fr\/wp-json\/wp\/v2\/media?parent=3207"}],"wp:term":[{"taxonomy":"category","embeddable":true,"href":"https:\/\/dpress.ma\/fr\/wp-json\/wp\/v2\/categories?post=3207"},{"taxonomy":"post_tag","embeddable":true,"href":"https:\/\/dpress.ma\/fr\/wp-json\/wp\/v2\/tags?post=3207"}],"curies":[{"name":"wp","href":"https:\/\/api.w.org\/{rel}","templated":true}]}}