{"id":3187,"date":"2023-01-06T17:10:38","date_gmt":"2023-01-06T17:10:38","guid":{"rendered":"https:\/\/dpress.ma\/fr\/?p=3187"},"modified":"2023-01-06T17:10:39","modified_gmt":"2023-01-06T17:10:39","slug":"m-sadiki-sinforme-a-agadir-de-letat-davancement-des-preparatifs-de-la-6eme-edition-du-salon-halieutis","status":"publish","type":"post","link":"https:\/\/dpress.ma\/fr\/2023\/01\/06\/m-sadiki-sinforme-a-agadir-de-letat-davancement-des-preparatifs-de-la-6eme-edition-du-salon-halieutis\/","title":{"rendered":"M.Sadiki s\u2019informe \u00e0 Agadir de l\u2019\u00e9tat d\u2019avancement des pr\u00e9paratifs de la 6\u00e8me \u00e9dition du Salon Halieutis"},"content":{"rendered":"\n<p>Dpress<\/p>\n\n\n\n<p>Le ministre de l\u2019Agriculture, de la P\u00eache Maritime, du D\u00e9veloppement rural et des Eaux et For\u00eats, Mohammed Sadiki, s\u2019est enquis vendredi \u00e0 Agadir, de l\u2019\u00e9tat d\u2019avancement des pr\u00e9paratifs pour l\u2019organisation de la 6\u00e8me \u00e9dition du Salon Halieutis qui se tiendra du 1er au 05 f\u00e9vrier prochain, sous le th\u00e8me: \u201cP\u00eache et Aquaculture durables : leviers pour une Economie Bleue inclusive et performante\u201d.<\/p>\n\n\n\n<p>A l\u2019issue de sa visite, M. Sadiki a indiqu\u00e9 que la tenue de cet \u00e9v\u00e9nement organis\u00e9 sous le Haut Patronage de SM le Roi Mohammed VI, conforte le positionnement du Salon Halieutis sur le calendrier des grandes manifestations, en tant que plateforme de r\u00e9f\u00e9rence au niveau national et international pour la promotion du secteur halieutique.<\/p>\n\n\n\n<p>L\u2019\u00e9dition 2023 du Salon sera organis\u00e9e autour de 7 p\u00f4les :(Institutionnels, International, Valorisation &amp; Process, Flotte &amp; Engins, Innovation, D\u00e9veloppement Durable et Animation), a-t-il ajout\u00e9.<\/p>\n\n\n\n<p>Au menu de cette manifestation figure un programme riche comprenant un cycle de conf\u00e9rences, des ateliers th\u00e9matiques et des rencontres B to B, a-t-il soulign\u00e9, notant que cette \u00e9dition s\u2019inscrit dans la dynamique et les efforts des acteurs mondiaux du secteur halieutique consacr\u00e9s au d\u00e9veloppement durable de ses fili\u00e8res en tant que composante structurante de l\u2019Economie Bleue.<\/p>\n\n\n\n<p>Pour sa part, la pr\u00e9sidente de l\u2019Association du Salon Halieutis, Amina Figuigui, a soulign\u00e9 que les pr\u00e9paratifs pour l\u2019organisation de cet \u00e9v\u00e9nement , qui ouvrira ses portes au grand public les 4 et 5 f\u00e9vrier 2023, avancent \u00e0 un rythme soutenu, notant que ce Salon qui constitue un \u00e9v\u00e9nement d\u2019une importance majeure sur les plans national et international, sera marqu\u00e9 par la participation de plusieurs pays et devrait accueillir plus de 50.000 visiteurs.<\/p>\n\n\n\n<p>Pour cette sixi\u00e8me \u00e9dition organis\u00e9e au parc des expositions d\u2019Agadir, sur plus de 16.000 m\u00b2, l\u2019int\u00e9r\u00eat des professionnels se confirme, \u00e0 l\u2019instar des \u00e9ditions pr\u00e9c\u00e9dentes, soulignent les organisateurs, faisant savoir qu\u2019\u00e0 la date du 06 janvier 2023, 97% de la superficie totale du site (7801m\u00b2) a \u00e9t\u00e9 commercialis\u00e9e et l\u2019ensemble des p\u00f4les du Salon affichent des taux d\u2019occupation extr\u00eamement satisfaisants.<\/p>\n\n\n\n<p>Partenaire important du Royaume du Maroc, l\u2019Espagne sera l\u2019invit\u00e9e d\u2019honneur de cette \u00e9dition qui verra la participation de plus de 260 exposants parmi les op\u00e9rateurs du secteur de la p\u00eache, de la transformation des produits de la mer et de l\u2019aquaculture.<\/p>\n\n\n\n<p>Ils repr\u00e9sentent 48 pays dont les 22 pays membres de la Conf\u00e9rence Minist\u00e9rielle sur la Coop\u00e9ration Halieutique entre les Etats Africains Riverains de l\u2019Oc\u00e9an Atlantique (COMHAFAT).<\/p>\n\n\n\n<p>En 2021, la production halieutique nationale a totalis\u00e9 un volume de 1 million 418 milles Tonnes, g\u00e9n\u00e9rant un chiffre d\u2019affaires de 15 Milliards de Dirhams, pla\u00e7ant ainsi le Royaume au premier rang des producteurs africains et \u00e0 la 15\u00e8me place \u00e0 l\u2019\u00e9chelle mondiale.<\/p>\n\n\n\n<p>Cette 6\u00e8me \u00e9dition du Salon Halieutis permettra aux acteurs d\u2019engager la r\u00e9flexion autour de l\u2019avenir du secteur halieutique \u00e0 l\u2019\u00e8re de la transition vers l\u2019\u00c9conomie Bleue.<\/p>\n\n\n\n<p>Le secteur de la p\u00eache et l\u2019aquaculture, de par son potentiel de d\u00e9veloppement \u00e9tendu \u00e0 l\u2019ensemble de la fili\u00e8re de production halieutique, constitue un levier de croissance essentiel pour l\u2019ensemble de l\u2019\u00e9cosyst\u00e8me \u00e9conomique maritime.<\/p>\n\n\n\n<p>Cependant, ce potentiel est \u00e9troitement conditionn\u00e9 par la capacit\u00e9 \u00e0 pr\u00e9server, restaurer le capital naturel dont sont dot\u00e9s les oc\u00e9ans et am\u00e9liorer la capacit\u00e9 d\u2019adaptation et de r\u00e9silience face \u00e0 tous les d\u00e9fis li\u00e9s aux changements climatiques, la pollution et la surexploitation.<\/p>\n\n\n\n<p>Il est ainsi imp\u00e9ratif d\u2019accompagner tous les acteurs du secteur halieutique et aquacole : p\u00eacheurs, aquaculteurs, professionnels de la cha\u00eene d\u2019approvisionnement, artisans, industriels, d\u00e9cideurs politiques dans leur transition vers des approches disruptives et innovantes afin de leur permettre d\u2019op\u00e9rer une r\u00e9elle transformation bleue, vers des syst\u00e8mes de production alimentaire halieutique et aquacole durables et r\u00e9silients, estiment les organisateurs.<\/p>\n\n\n\n<p>Cette probl\u00e9matique sera au c\u0153ur d\u2019un cycle de conf\u00e9rence scientifique international organis\u00e9 durant cette 6\u00e8me \u00e9dition sous le th\u00e8me: \u201cBlue Economy : Science Talks to Stakeholder \u201c.<\/p>\n\n\n\n<p>En outre, une s\u00e9rie de conf\u00e9rences sera assur\u00e9e par des personnalit\u00e9s scientifiques de renomm\u00e9e afin de partager leurs visions de l\u2019avenir du secteur halieutique (p\u00eache et aquaculture) et de l\u2019\u00e9conomie bleue ainsi que leurs recommandations dans le cadre de sessions pl\u00e9ni\u00e8res ax\u00e9es notamment sur la contribution de la science, de la technologie et de l\u2019innovation dans la transformation de la p\u00eache en un secteur durable qui contribue pleinement \u00e0 la production alimentaire et au d\u00e9veloppement de l\u2019\u00e9conomie bleue.<\/p>\n\n\n\n<p>Il s\u2019agit aussi de d\u00e9bats autour de la r\u00e9alisation du plein potentiel de l\u2019aquaculture en assurant la durabilit\u00e9 des \u00e9cosyst\u00e8mes marins et en s\u2019appuyant sur la dynamique de l\u2019\u00e9conomie bleue, ainsi que la pr\u00e9paration des prochaines g\u00e9n\u00e9rations aux nouveaux m\u00e9tiers de la mer, des sciences et de leadership pour construire des syst\u00e8mes halieutiques r\u00e9silients et d\u00e9velopper l\u2019\u00e9conomie bleue du futur.<\/p>\n\n\n\n<p>Par ailleurs, une s\u00e9rie de dialogues interactifs entre l\u2019ensemble des parties prenantes sera consacr\u00e9e aux d\u00e9bats sur la mani\u00e8re de propulser le secteur de la p\u00eache et de l\u2019aquaculture dans le cadre de l\u2019\u00e9conomie bleue avec l\u2019appui de la science dans la nouvelle \u00e8re de l\u2019\u00e9conomie circulaire, l\u2019\u00e9conomie du savoir et de la \u201cbig-data\u201d.<\/p>\n","protected":false},"excerpt":{"rendered":"<p>Dpress Le ministre de l\u2019Agriculture, de la P\u00eache Maritime, du D\u00e9veloppement rural et des Eaux et For\u00eats, Mohammed Sadiki, s\u2019est enquis vendredi \u00e0 Agadir, de l\u2019\u00e9tat d\u2019avancement des pr\u00e9paratifs pour l\u2019organisation de la 6\u00e8me \u00e9dition du Salon Halieutis qui se tiendra du 1er au 05 f\u00e9vrier prochain, sous le th\u00e8me: \u201cP\u00eache et Aquaculture durables : &hellip;<\/p>\n","protected":false},"author":2,"featured_media":3188,"comment_status":"open","ping_status":"open","sticky":false,"template":"","format":"standard","meta":{"footnotes":""},"categories":[25],"tags":[],"class_list":["post-3187","post","type-post","status-publish","format-standard","has-post-thumbnail","hentry","category-economie"],"yoast_head":"<!-- This site is optimized with the Yoast SEO plugin v27.5 - https:\/\/yoast.com\/product\/yoast-seo-wordpress\/ -->\n<title>M.Sadiki s\u2019informe \u00e0 Agadir de l\u2019\u00e9tat d\u2019avancement des pr\u00e9paratifs de la 6\u00e8me \u00e9dition du Salon Halieutis - Dpress.ma\/fr<\/title>\n<meta name=\"description\" content=\"Le ministre de l\u2019Agriculture, de la P\u00eache Maritime, du D\u00e9veloppement rural et des Eaux et For\u00eats, Mohammed Sadiki, s\u2019est enquis vendredi \u00e0 Agadir, de l\u2019\u00e9tat d\u2019avancement des pr\u00e9paratifs pour l\u2019organisation de la 6\u00e8me \u00e9dition du Salon Halieutis qui se tiendra du 1er au 05 f\u00e9vrier prochain, sous le th\u00e8me: \u201cP\u00eache et Aquaculture durables : leviers pour une Economie Bleue inclusive et performante\u201d.\" \/>\n<meta name=\"robots\" content=\"index, follow, max-snippet:-1, max-image-preview:large, max-video-preview:-1\" \/>\n<link rel=\"canonical\" href=\"https:\/\/dpress.ma\/fr\/2023\/01\/06\/m-sadiki-sinforme-a-agadir-de-letat-davancement-des-preparatifs-de-la-6eme-edition-du-salon-halieutis\/\" \/>\n<meta property=\"og:locale\" content=\"fr_FR\" \/>\n<meta property=\"og:type\" content=\"article\" \/>\n<meta property=\"og:title\" content=\"M.Sadiki s\u2019informe \u00e0 Agadir de l\u2019\u00e9tat d\u2019avancement des pr\u00e9paratifs de la 6\u00e8me \u00e9dition du Salon Halieutis - Dpress.ma\/fr\" \/>\n<meta property=\"og:description\" content=\"Le ministre de l\u2019Agriculture, de la P\u00eache Maritime, du D\u00e9veloppement rural et des Eaux et For\u00eats, Mohammed Sadiki, s\u2019est enquis vendredi \u00e0 Agadir, de l\u2019\u00e9tat d\u2019avancement des pr\u00e9paratifs pour l\u2019organisation de la 6\u00e8me \u00e9dition du Salon Halieutis qui se tiendra du 1er au 05 f\u00e9vrier prochain, sous le th\u00e8me: \u201cP\u00eache et Aquaculture durables : leviers pour une Economie Bleue inclusive et performante\u201d.\" \/>\n<meta property=\"og:url\" content=\"https:\/\/dpress.ma\/fr\/2023\/01\/06\/m-sadiki-sinforme-a-agadir-de-letat-davancement-des-preparatifs-de-la-6eme-edition-du-salon-halieutis\/\" \/>\n<meta property=\"og:site_name\" content=\"Dpress.ma\/fr\" \/>\n<meta property=\"article:published_time\" content=\"2023-01-06T17:10:38+00:00\" \/>\n<meta property=\"article:modified_time\" content=\"2023-01-06T17:10:39+00:00\" \/>\n<meta property=\"og:image\" content=\"https:\/\/dpress.ma\/fr\/wp-content\/uploads\/sites\/2\/2023\/01\/dimensions2-10.jpg\" \/>\n\t<meta property=\"og:image:width\" content=\"2539\" \/>\n\t<meta property=\"og:image:height\" content=\"1594\" \/>\n\t<meta property=\"og:image:type\" content=\"image\/jpeg\" \/>\n<meta name=\"author\" content=\"Dpress.ma\" \/>\n<meta name=\"twitter:card\" content=\"summary_large_image\" \/>\n<meta name=\"twitter:label1\" content=\"\u00c9crit par\" \/>\n\t<meta name=\"twitter:data1\" content=\"Dpress.ma\" \/>\n\t<meta name=\"twitter:label2\" content=\"Dur\u00e9e de lecture estim\u00e9e\" \/>\n\t<meta name=\"twitter:data2\" content=\"5 minutes\" \/>\n<script type=\"application\/ld+json\" class=\"yoast-schema-graph\">{\"@context\":\"https:\\\/\\\/schema.org\",\"@graph\":[{\"@type\":\"Article\",\"@id\":\"https:\\\/\\\/dpress.ma\\\/fr\\\/2023\\\/01\\\/06\\\/m-sadiki-sinforme-a-agadir-de-letat-davancement-des-preparatifs-de-la-6eme-edition-du-salon-halieutis\\\/#article\",\"isPartOf\":{\"@id\":\"https:\\\/\\\/dpress.ma\\\/fr\\\/2023\\\/01\\\/06\\\/m-sadiki-sinforme-a-agadir-de-letat-davancement-des-preparatifs-de-la-6eme-edition-du-salon-halieutis\\\/\"},\"author\":{\"name\":\"Dpress.ma\",\"@id\":\"https:\\\/\\\/dpress.ma\\\/fr\\\/#\\\/schema\\\/person\\\/4898febf3ccd59e6578d838656a306a0\"},\"headline\":\"M.Sadiki s\u2019informe \u00e0 Agadir de l\u2019\u00e9tat d\u2019avancement des pr\u00e9paratifs de la 6\u00e8me \u00e9dition du Salon Halieutis\",\"datePublished\":\"2023-01-06T17:10:38+00:00\",\"dateModified\":\"2023-01-06T17:10:39+00:00\",\"mainEntityOfPage\":{\"@id\":\"https:\\\/\\\/dpress.ma\\\/fr\\\/2023\\\/01\\\/06\\\/m-sadiki-sinforme-a-agadir-de-letat-davancement-des-preparatifs-de-la-6eme-edition-du-salon-halieutis\\\/\"},\"wordCount\":954,\"commentCount\":0,\"image\":{\"@id\":\"https:\\\/\\\/dpress.ma\\\/fr\\\/2023\\\/01\\\/06\\\/m-sadiki-sinforme-a-agadir-de-letat-davancement-des-preparatifs-de-la-6eme-edition-du-salon-halieutis\\\/#primaryimage\"},\"thumbnailUrl\":\"https:\\\/\\\/dpress.ma\\\/fr\\\/wp-content\\\/uploads\\\/sites\\\/2\\\/2023\\\/01\\\/dimensions2-10.jpg\",\"articleSection\":[\"\u00c9conomie\"],\"inLanguage\":\"fr-FR\",\"potentialAction\":[{\"@type\":\"CommentAction\",\"name\":\"Comment\",\"target\":[\"https:\\\/\\\/dpress.ma\\\/fr\\\/2023\\\/01\\\/06\\\/m-sadiki-sinforme-a-agadir-de-letat-davancement-des-preparatifs-de-la-6eme-edition-du-salon-halieutis\\\/#respond\"]}]},{\"@type\":\"WebPage\",\"@id\":\"https:\\\/\\\/dpress.ma\\\/fr\\\/2023\\\/01\\\/06\\\/m-sadiki-sinforme-a-agadir-de-letat-davancement-des-preparatifs-de-la-6eme-edition-du-salon-halieutis\\\/\",\"url\":\"https:\\\/\\\/dpress.ma\\\/fr\\\/2023\\\/01\\\/06\\\/m-sadiki-sinforme-a-agadir-de-letat-davancement-des-preparatifs-de-la-6eme-edition-du-salon-halieutis\\\/\",\"name\":\"M.Sadiki s\u2019informe \u00e0 Agadir de l\u2019\u00e9tat d\u2019avancement des pr\u00e9paratifs de la 6\u00e8me \u00e9dition du Salon Halieutis - Dpress.ma\\\/fr\",\"isPartOf\":{\"@id\":\"https:\\\/\\\/dpress.ma\\\/fr\\\/#website\"},\"primaryImageOfPage\":{\"@id\":\"https:\\\/\\\/dpress.ma\\\/fr\\\/2023\\\/01\\\/06\\\/m-sadiki-sinforme-a-agadir-de-letat-davancement-des-preparatifs-de-la-6eme-edition-du-salon-halieutis\\\/#primaryimage\"},\"image\":{\"@id\":\"https:\\\/\\\/dpress.ma\\\/fr\\\/2023\\\/01\\\/06\\\/m-sadiki-sinforme-a-agadir-de-letat-davancement-des-preparatifs-de-la-6eme-edition-du-salon-halieutis\\\/#primaryimage\"},\"thumbnailUrl\":\"https:\\\/\\\/dpress.ma\\\/fr\\\/wp-content\\\/uploads\\\/sites\\\/2\\\/2023\\\/01\\\/dimensions2-10.jpg\",\"datePublished\":\"2023-01-06T17:10:38+00:00\",\"dateModified\":\"2023-01-06T17:10:39+00:00\",\"author\":{\"@id\":\"https:\\\/\\\/dpress.ma\\\/fr\\\/#\\\/schema\\\/person\\\/4898febf3ccd59e6578d838656a306a0\"},\"description\":\"Le ministre de l\u2019Agriculture, de la P\u00eache Maritime, du D\u00e9veloppement rural et des Eaux et For\u00eats, Mohammed Sadiki, s\u2019est enquis vendredi \u00e0 Agadir, de l\u2019\u00e9tat d\u2019avancement des pr\u00e9paratifs pour l\u2019organisation de la 6\u00e8me \u00e9dition du Salon Halieutis qui se tiendra du 1er au 05 f\u00e9vrier prochain, sous le th\u00e8me: \u201cP\u00eache et Aquaculture durables : leviers pour une Economie Bleue inclusive et performante\u201d.\",\"breadcrumb\":{\"@id\":\"https:\\\/\\\/dpress.ma\\\/fr\\\/2023\\\/01\\\/06\\\/m-sadiki-sinforme-a-agadir-de-letat-davancement-des-preparatifs-de-la-6eme-edition-du-salon-halieutis\\\/#breadcrumb\"},\"inLanguage\":\"fr-FR\",\"potentialAction\":[{\"@type\":\"ReadAction\",\"target\":[\"https:\\\/\\\/dpress.ma\\\/fr\\\/2023\\\/01\\\/06\\\/m-sadiki-sinforme-a-agadir-de-letat-davancement-des-preparatifs-de-la-6eme-edition-du-salon-halieutis\\\/\"]}]},{\"@type\":\"ImageObject\",\"inLanguage\":\"fr-FR\",\"@id\":\"https:\\\/\\\/dpress.ma\\\/fr\\\/2023\\\/01\\\/06\\\/m-sadiki-sinforme-a-agadir-de-letat-davancement-des-preparatifs-de-la-6eme-edition-du-salon-halieutis\\\/#primaryimage\",\"url\":\"https:\\\/\\\/dpress.ma\\\/fr\\\/wp-content\\\/uploads\\\/sites\\\/2\\\/2023\\\/01\\\/dimensions2-10.jpg\",\"contentUrl\":\"https:\\\/\\\/dpress.ma\\\/fr\\\/wp-content\\\/uploads\\\/sites\\\/2\\\/2023\\\/01\\\/dimensions2-10.jpg\",\"width\":2539,\"height\":1594},{\"@type\":\"BreadcrumbList\",\"@id\":\"https:\\\/\\\/dpress.ma\\\/fr\\\/2023\\\/01\\\/06\\\/m-sadiki-sinforme-a-agadir-de-letat-davancement-des-preparatifs-de-la-6eme-edition-du-salon-halieutis\\\/#breadcrumb\",\"itemListElement\":[{\"@type\":\"ListItem\",\"position\":1,\"name\":\"Home\",\"item\":\"https:\\\/\\\/dpress.ma\\\/fr\\\/\"},{\"@type\":\"ListItem\",\"position\":2,\"name\":\"M.Sadiki s\u2019informe \u00e0 Agadir de l\u2019\u00e9tat d\u2019avancement des pr\u00e9paratifs de la 6\u00e8me \u00e9dition du Salon Halieutis\"}]},{\"@type\":\"WebSite\",\"@id\":\"https:\\\/\\\/dpress.ma\\\/fr\\\/#website\",\"url\":\"https:\\\/\\\/dpress.ma\\\/fr\\\/\",\"name\":\"Dpress.ma\\\/fr\",\"description\":\"\",\"potentialAction\":[{\"@type\":\"SearchAction\",\"target\":{\"@type\":\"EntryPoint\",\"urlTemplate\":\"https:\\\/\\\/dpress.ma\\\/fr\\\/?s={search_term_string}\"},\"query-input\":{\"@type\":\"PropertyValueSpecification\",\"valueRequired\":true,\"valueName\":\"search_term_string\"}}],\"inLanguage\":\"fr-FR\"},{\"@type\":\"Person\",\"@id\":\"https:\\\/\\\/dpress.ma\\\/fr\\\/#\\\/schema\\\/person\\\/4898febf3ccd59e6578d838656a306a0\",\"name\":\"Dpress.ma\",\"image\":{\"@type\":\"ImageObject\",\"inLanguage\":\"fr-FR\",\"@id\":\"https:\\\/\\\/secure.gravatar.com\\\/avatar\\\/72ecc30e9db047a2e0e7176561eb9d564ed77c8108376495b19bd8336405198a?s=96&d=mm&r=g\",\"url\":\"https:\\\/\\\/secure.gravatar.com\\\/avatar\\\/72ecc30e9db047a2e0e7176561eb9d564ed77c8108376495b19bd8336405198a?s=96&d=mm&r=g\",\"contentUrl\":\"https:\\\/\\\/secure.gravatar.com\\\/avatar\\\/72ecc30e9db047a2e0e7176561eb9d564ed77c8108376495b19bd8336405198a?s=96&d=mm&r=g\",\"caption\":\"Dpress.ma\"},\"sameAs\":[\"https:\\\/\\\/www.dpress.ma\"],\"url\":\"https:\\\/\\\/dpress.ma\\\/fr\\\/author\\\/dpress-ma\\\/\"}]}<\/script>\n<!-- \/ Yoast SEO plugin. -->","yoast_head_json":{"title":"M.Sadiki s\u2019informe \u00e0 Agadir de l\u2019\u00e9tat d\u2019avancement des pr\u00e9paratifs de la 6\u00e8me \u00e9dition du Salon Halieutis - Dpress.ma\/fr","description":"Le ministre de l\u2019Agriculture, de la P\u00eache Maritime, du D\u00e9veloppement rural et des Eaux et For\u00eats, Mohammed Sadiki, s\u2019est enquis vendredi \u00e0 Agadir, de l\u2019\u00e9tat d\u2019avancement des pr\u00e9paratifs pour l\u2019organisation de la 6\u00e8me \u00e9dition du Salon Halieutis qui se tiendra du 1er au 05 f\u00e9vrier prochain, sous le th\u00e8me: \u201cP\u00eache et Aquaculture durables : leviers pour une Economie Bleue inclusive et performante\u201d.","robots":{"index":"index","follow":"follow","max-snippet":"max-snippet:-1","max-image-preview":"max-image-preview:large","max-video-preview":"max-video-preview:-1"},"canonical":"https:\/\/dpress.ma\/fr\/2023\/01\/06\/m-sadiki-sinforme-a-agadir-de-letat-davancement-des-preparatifs-de-la-6eme-edition-du-salon-halieutis\/","og_locale":"fr_FR","og_type":"article","og_title":"M.Sadiki s\u2019informe \u00e0 Agadir de l\u2019\u00e9tat d\u2019avancement des pr\u00e9paratifs de la 6\u00e8me \u00e9dition du Salon Halieutis - Dpress.ma\/fr","og_description":"Le ministre de l\u2019Agriculture, de la P\u00eache Maritime, du D\u00e9veloppement rural et des Eaux et For\u00eats, Mohammed Sadiki, s\u2019est enquis vendredi \u00e0 Agadir, de l\u2019\u00e9tat d\u2019avancement des pr\u00e9paratifs pour l\u2019organisation de la 6\u00e8me \u00e9dition du Salon Halieutis qui se tiendra du 1er au 05 f\u00e9vrier prochain, sous le th\u00e8me: \u201cP\u00eache et Aquaculture durables : leviers pour une Economie Bleue inclusive et performante\u201d.","og_url":"https:\/\/dpress.ma\/fr\/2023\/01\/06\/m-sadiki-sinforme-a-agadir-de-letat-davancement-des-preparatifs-de-la-6eme-edition-du-salon-halieutis\/","og_site_name":"Dpress.ma\/fr","article_published_time":"2023-01-06T17:10:38+00:00","article_modified_time":"2023-01-06T17:10:39+00:00","og_image":[{"width":2539,"height":1594,"url":"https:\/\/dpress.ma\/fr\/wp-content\/uploads\/sites\/2\/2023\/01\/dimensions2-10.jpg","type":"image\/jpeg"}],"author":"Dpress.ma","twitter_card":"summary_large_image","twitter_misc":{"\u00c9crit par":"Dpress.ma","Dur\u00e9e de lecture estim\u00e9e":"5 minutes"},"schema":{"@context":"https:\/\/schema.org","@graph":[{"@type":"Article","@id":"https:\/\/dpress.ma\/fr\/2023\/01\/06\/m-sadiki-sinforme-a-agadir-de-letat-davancement-des-preparatifs-de-la-6eme-edition-du-salon-halieutis\/#article","isPartOf":{"@id":"https:\/\/dpress.ma\/fr\/2023\/01\/06\/m-sadiki-sinforme-a-agadir-de-letat-davancement-des-preparatifs-de-la-6eme-edition-du-salon-halieutis\/"},"author":{"name":"Dpress.ma","@id":"https:\/\/dpress.ma\/fr\/#\/schema\/person\/4898febf3ccd59e6578d838656a306a0"},"headline":"M.Sadiki s\u2019informe \u00e0 Agadir de l\u2019\u00e9tat d\u2019avancement des pr\u00e9paratifs de la 6\u00e8me \u00e9dition du Salon Halieutis","datePublished":"2023-01-06T17:10:38+00:00","dateModified":"2023-01-06T17:10:39+00:00","mainEntityOfPage":{"@id":"https:\/\/dpress.ma\/fr\/2023\/01\/06\/m-sadiki-sinforme-a-agadir-de-letat-davancement-des-preparatifs-de-la-6eme-edition-du-salon-halieutis\/"},"wordCount":954,"commentCount":0,"image":{"@id":"https:\/\/dpress.ma\/fr\/2023\/01\/06\/m-sadiki-sinforme-a-agadir-de-letat-davancement-des-preparatifs-de-la-6eme-edition-du-salon-halieutis\/#primaryimage"},"thumbnailUrl":"https:\/\/dpress.ma\/fr\/wp-content\/uploads\/sites\/2\/2023\/01\/dimensions2-10.jpg","articleSection":["\u00c9conomie"],"inLanguage":"fr-FR","potentialAction":[{"@type":"CommentAction","name":"Comment","target":["https:\/\/dpress.ma\/fr\/2023\/01\/06\/m-sadiki-sinforme-a-agadir-de-letat-davancement-des-preparatifs-de-la-6eme-edition-du-salon-halieutis\/#respond"]}]},{"@type":"WebPage","@id":"https:\/\/dpress.ma\/fr\/2023\/01\/06\/m-sadiki-sinforme-a-agadir-de-letat-davancement-des-preparatifs-de-la-6eme-edition-du-salon-halieutis\/","url":"https:\/\/dpress.ma\/fr\/2023\/01\/06\/m-sadiki-sinforme-a-agadir-de-letat-davancement-des-preparatifs-de-la-6eme-edition-du-salon-halieutis\/","name":"M.Sadiki s\u2019informe \u00e0 Agadir de l\u2019\u00e9tat d\u2019avancement des pr\u00e9paratifs de la 6\u00e8me \u00e9dition du Salon Halieutis - Dpress.ma\/fr","isPartOf":{"@id":"https:\/\/dpress.ma\/fr\/#website"},"primaryImageOfPage":{"@id":"https:\/\/dpress.ma\/fr\/2023\/01\/06\/m-sadiki-sinforme-a-agadir-de-letat-davancement-des-preparatifs-de-la-6eme-edition-du-salon-halieutis\/#primaryimage"},"image":{"@id":"https:\/\/dpress.ma\/fr\/2023\/01\/06\/m-sadiki-sinforme-a-agadir-de-letat-davancement-des-preparatifs-de-la-6eme-edition-du-salon-halieutis\/#primaryimage"},"thumbnailUrl":"https:\/\/dpress.ma\/fr\/wp-content\/uploads\/sites\/2\/2023\/01\/dimensions2-10.jpg","datePublished":"2023-01-06T17:10:38+00:00","dateModified":"2023-01-06T17:10:39+00:00","author":{"@id":"https:\/\/dpress.ma\/fr\/#\/schema\/person\/4898febf3ccd59e6578d838656a306a0"},"description":"Le ministre de l\u2019Agriculture, de la P\u00eache Maritime, du D\u00e9veloppement rural et des Eaux et For\u00eats, Mohammed Sadiki, s\u2019est enquis vendredi \u00e0 Agadir, de l\u2019\u00e9tat d\u2019avancement des pr\u00e9paratifs pour l\u2019organisation de la 6\u00e8me \u00e9dition du Salon Halieutis qui se tiendra du 1er au 05 f\u00e9vrier prochain, sous le th\u00e8me: \u201cP\u00eache et Aquaculture durables : leviers pour une Economie Bleue inclusive et performante\u201d.","breadcrumb":{"@id":"https:\/\/dpress.ma\/fr\/2023\/01\/06\/m-sadiki-sinforme-a-agadir-de-letat-davancement-des-preparatifs-de-la-6eme-edition-du-salon-halieutis\/#breadcrumb"},"inLanguage":"fr-FR","potentialAction":[{"@type":"ReadAction","target":["https:\/\/dpress.ma\/fr\/2023\/01\/06\/m-sadiki-sinforme-a-agadir-de-letat-davancement-des-preparatifs-de-la-6eme-edition-du-salon-halieutis\/"]}]},{"@type":"ImageObject","inLanguage":"fr-FR","@id":"https:\/\/dpress.ma\/fr\/2023\/01\/06\/m-sadiki-sinforme-a-agadir-de-letat-davancement-des-preparatifs-de-la-6eme-edition-du-salon-halieutis\/#primaryimage","url":"https:\/\/dpress.ma\/fr\/wp-content\/uploads\/sites\/2\/2023\/01\/dimensions2-10.jpg","contentUrl":"https:\/\/dpress.ma\/fr\/wp-content\/uploads\/sites\/2\/2023\/01\/dimensions2-10.jpg","width":2539,"height":1594},{"@type":"BreadcrumbList","@id":"https:\/\/dpress.ma\/fr\/2023\/01\/06\/m-sadiki-sinforme-a-agadir-de-letat-davancement-des-preparatifs-de-la-6eme-edition-du-salon-halieutis\/#breadcrumb","itemListElement":[{"@type":"ListItem","position":1,"name":"Home","item":"https:\/\/dpress.ma\/fr\/"},{"@type":"ListItem","position":2,"name":"M.Sadiki s\u2019informe \u00e0 Agadir de l\u2019\u00e9tat d\u2019avancement des pr\u00e9paratifs de la 6\u00e8me \u00e9dition du Salon Halieutis"}]},{"@type":"WebSite","@id":"https:\/\/dpress.ma\/fr\/#website","url":"https:\/\/dpress.ma\/fr\/","name":"Dpress.ma\/fr","description":"","potentialAction":[{"@type":"SearchAction","target":{"@type":"EntryPoint","urlTemplate":"https:\/\/dpress.ma\/fr\/?s={search_term_string}"},"query-input":{"@type":"PropertyValueSpecification","valueRequired":true,"valueName":"search_term_string"}}],"inLanguage":"fr-FR"},{"@type":"Person","@id":"https:\/\/dpress.ma\/fr\/#\/schema\/person\/4898febf3ccd59e6578d838656a306a0","name":"Dpress.ma","image":{"@type":"ImageObject","inLanguage":"fr-FR","@id":"https:\/\/secure.gravatar.com\/avatar\/72ecc30e9db047a2e0e7176561eb9d564ed77c8108376495b19bd8336405198a?s=96&d=mm&r=g","url":"https:\/\/secure.gravatar.com\/avatar\/72ecc30e9db047a2e0e7176561eb9d564ed77c8108376495b19bd8336405198a?s=96&d=mm&r=g","contentUrl":"https:\/\/secure.gravatar.com\/avatar\/72ecc30e9db047a2e0e7176561eb9d564ed77c8108376495b19bd8336405198a?s=96&d=mm&r=g","caption":"Dpress.ma"},"sameAs":["https:\/\/www.dpress.ma"],"url":"https:\/\/dpress.ma\/fr\/author\/dpress-ma\/"}]}},"amp_enabled":true,"_links":{"self":[{"href":"https:\/\/dpress.ma\/fr\/wp-json\/wp\/v2\/posts\/3187","targetHints":{"allow":["GET"]}}],"collection":[{"href":"https:\/\/dpress.ma\/fr\/wp-json\/wp\/v2\/posts"}],"about":[{"href":"https:\/\/dpress.ma\/fr\/wp-json\/wp\/v2\/types\/post"}],"author":[{"embeddable":true,"href":"https:\/\/dpress.ma\/fr\/wp-json\/wp\/v2\/users\/2"}],"replies":[{"embeddable":true,"href":"https:\/\/dpress.ma\/fr\/wp-json\/wp\/v2\/comments?post=3187"}],"version-history":[{"count":1,"href":"https:\/\/dpress.ma\/fr\/wp-json\/wp\/v2\/posts\/3187\/revisions"}],"predecessor-version":[{"id":3189,"href":"https:\/\/dpress.ma\/fr\/wp-json\/wp\/v2\/posts\/3187\/revisions\/3189"}],"wp:featuredmedia":[{"embeddable":true,"href":"https:\/\/dpress.ma\/fr\/wp-json\/wp\/v2\/media\/3188"}],"wp:attachment":[{"href":"https:\/\/dpress.ma\/fr\/wp-json\/wp\/v2\/media?parent=3187"}],"wp:term":[{"taxonomy":"category","embeddable":true,"href":"https:\/\/dpress.ma\/fr\/wp-json\/wp\/v2\/categories?post=3187"},{"taxonomy":"post_tag","embeddable":true,"href":"https:\/\/dpress.ma\/fr\/wp-json\/wp\/v2\/tags?post=3187"}],"curies":[{"name":"wp","href":"https:\/\/api.w.org\/{rel}","templated":true}]}}